{"id":12240,"date":"2021-02-17T19:06:30","date_gmt":"2021-02-17T18:06:30","guid":{"rendered":"https:\/\/www.caudete.org\/ayuntamiento\/?p=12240"},"modified":"2021-02-17T19:06:30","modified_gmt":"2021-02-17T18:06:30","slug":"caudete-1a-poblacion-en-la-provincia-en-implantar-al-100-el-contendor-marron","status":"publish","type":"post","link":"https:\/\/www.caudete.org\/ayuntamiento\/caudete-1a-poblacion-en-la-provincia-en-implantar-al-100-el-contendor-marron\/","title":{"rendered":"Caudete, 1\u00aa poblaci\u00f3n en la provincia en implantar al 100% el Contendor MARR\u00d3N"},"content":{"rendered":"<p style=\"text-align: center;\"><img fetchpriority=\"high\" decoding=\"async\" class=\"alignnone size-medium wp-image-12241\" src=\"https:\/\/www.caudete.org\/ayuntamiento\/wp-content\/uploads\/2021\/02\/WhatsApp-Image-2021-02-17-at-18.46.49-300x224.jpeg\" alt=\"\" width=\"300\" height=\"224\" srcset=\"https:\/\/www.caudete.org\/ayuntamiento\/wp-content\/uploads\/2021\/02\/WhatsApp-Image-2021-02-17-at-18.46.49-300x224.jpeg 300w, https:\/\/www.caudete.org\/ayuntamiento\/wp-content\/uploads\/2021\/02\/WhatsApp-Image-2021-02-17-at-18.46.49-1024x766.jpeg 1024w, https:\/\/www.caudete.org\/ayuntamiento\/wp-content\/uploads\/2021\/02\/WhatsApp-Image-2021-02-17-at-18.46.49-768x575.jpeg 768w, https:\/\/www.caudete.org\/ayuntamiento\/wp-content\/uploads\/2021\/02\/WhatsApp-Image-2021-02-17-at-18.46.49-1536x1149.jpeg 1536w, https:\/\/www.caudete.org\/ayuntamiento\/wp-content\/uploads\/2021\/02\/WhatsApp-Image-2021-02-17-at-18.46.49.jpeg 1600w\" sizes=\"(max-width: 300px) 100vw, 300px\" \/><\/p>\n<p><span style=\"font-weight: 400;\">El Concejal de Servicios, Joaqu\u00edn Pag\u00e1n, encargado entre otras funciones de la recogida de RSU ha adelantado que Caudete se ha convertido en la 1\u00aa poblaci\u00f3n de toda la provincia en implantar el contenedor marr\u00f3n, tarea que incluso la capital aun ha desplegado, encontr\u00e1ndose en proyecto &#8220;piloto&#8221;. <\/span><\/p>\n<p style=\"text-align: justify;\">Ello convierte a Caudete en la \u00fanica poblaci\u00f3n albacete\u00f1a que ha logrado en un tiempo record, implantar este nuevo servicio que es obligatorio para en CLM para todas las poblaciones mayores de 5.000 habitantes. Adem\u00e1s, los caudetanos han demostrado sensibilidad en el cuidado del medioambiente, testificado por los resultados obtenidos en las recogidas efectuadas, que son entorno a los 2.500kg\/semana, lo que adem\u00e1s pone de manifiesto la evidente implicaci\u00f3n de los caudetanos con una cuesti\u00f3n que adem\u00e1s de normativa es responsabilidad y conciencia con el mundo en el que vivimos.<\/p>\n<p><span style=\"font-weight: 400;\">Para llegar al\u00a0 momento actual, cabe recordar que se elabor\u00f3 por parte del Departamento de Medio Ambiente un Estudio T\u00e9cnico acorde a nuestra poblaci\u00f3n, donde se defini\u00f3 qu\u00e9 tipo de servicio quer\u00edamos para Caudete: modelo y ubicaci\u00f3n de contenedores, tipo de cami\u00f3n de recogida, periodicidad, costes, etc. Paralelamente, se adapt\u00f3 y aprob\u00f3 por el Equipo de Gobierno la tasa por la prestaci\u00f3n del servicio, acorde al incremento del servicio. En \u00faltima instancia, se adjudic\u00f3 la ampliaci\u00f3n del servicio.<\/span><\/p>\n<p style=\"text-align: justify;\"><span style=\"font-weight: 400;\">La puesta en funcionamiento ha requerido de 2 Fases: <\/span><\/p>\n<p style=\"text-align: justify;\"><span style=\"font-weight: 400;\">1\u00aa. Instalaci\u00f3n de 70 contenedores de 800 litros, iniciando la recogida 3 d\u00edas a la semana mediante un cami\u00f3n carrozado de forma especial para la materia org\u00e1nica. <\/span><\/p>\n<p style=\"text-align: justify;\"><span style=\"font-weight: 400;\">2\u00aa. Instalaci\u00f3n de 20 contenedores de 360 litros, con lo que queda completada la totalidad del municipio y la puesta en funcionamiento del servicio al 100%.<\/span><\/p>\n<p><span style=\"font-weight: 400;\">\u00a0<\/span><\/p>\n<p style=\"text-align: justify;\"><b>\u00bfPor qu\u00e9 hemos decidido que el contenedor &#8220;marr\u00f3n&#8221; sea cerrado, y con llave ?<\/b><\/p>\n<p style=\"text-align: justify;\"><span style=\"font-weight: 400;\">El objetivo es recoger una materia org\u00e1nica de calidad que, una vez tratada y acondicionada en los Centros de Tratamiento de Residuos Urbanos -CTRU-, genere un compost que pueda ser reincorporado de una forma segura como enmienda org\u00e1nica para la agricultura. La forma de conseguir que el contenido del contenedor marr\u00f3n sea el correcto va a depender mucho de la concienciaci\u00f3n del ciudadano, por lo que el acceder a los contenedores con llave responder\u00e1 con total certeza a aquellos ciudadanos que realmente creen en el proyecto.<\/span><\/p>\n<p><span style=\"font-weight: 400;\">\u00a0<\/span><\/p>\n<p><b>\u00bfQu\u00e9\u00a0 va al contenedor marr\u00f3n ?<\/b><\/p>\n<p style=\"text-align: justify;\"><span style=\"font-weight: 400;\">Materia org\u00e1nica: residuos biodegradables de jardines y parques, residuos alimentarios y de cocina <\/span><span style=\"font-weight: 400;\">procedentes de hogares, restaurantes, bares; as\u00ed como restos de origen animal o vegetal.<\/span><\/p>\n<p style=\"text-align: justify;\"><span style=\"font-weight: 400;\">Para que este nuevo servicio resulte eficiente y contin\u00faen increment\u00e1ndose los \u00edndices de reciclado de los residuos municipales (dom\u00e9sticos y comerciales), las recogidas selectivas de residuos de envases\u00a0 en contenedor amarillo, residuos de cart\u00f3n y papel en contenedor azul y residuos vidrio en contenedor verde, deber\u00e1n estar\u00a0 plenamente consolidadas y seguir mejor\u00e1ndose tanto dentro como fuera del hogar, con dotaciones de contenedores suficientes y servicios dimensionados de forma adecuada. Asimismo, la recogida selectiva de <em>biorresiduos<\/em> (MARR\u00d3N) mejorar\u00e1 la recogida del resto, al contener menos impropios.<\/span><\/p>\n<p style=\"text-align: justify;\"><span style=\"font-weight: 400;\">\u00a0<\/span><\/p>\n<p style=\"text-align: justify;\"><span style=\"font-weight: 400;\">Para m\u00e1s informaci\u00f3n de como separar los residuos entra en <\/span><span style=\"font-weight: 400;\">\u00a0\u00a0<\/span><a href=\"http:\/\/www.contenedormarron.com\" target=\"_blank\" rel=\"nofollow\"><span style=\"font-weight: 400;\">www.contenedormarron.com<\/span><\/a><span style=\"font-weight: 400;\"> .<\/span><\/p>\n<p><span style=\"font-weight: 400;\">\u00a0<\/span><\/p>\n","protected":false},"excerpt":{"rendered":"<p>El Concejal de Servicios, Joaqu\u00edn Pag\u00e1n, encargado entre otras funciones de la recogida de RSU ha adelantado que Caudete se ha convertido en la 1\u00aa poblaci\u00f3n de toda la provincia en implantar el contenedor marr\u00f3n, tarea que incluso la capital aun ha desplegado, encontr\u00e1ndose en proyecto &#8220;piloto&#8221;. Ello convierte a Caudete en la \u00fanica poblaci\u00f3n &hellip;<\/p>\n","protected":false},"author":3,"featured_media":12242,"comment_status":"closed","ping_status":"open","sticky":false,"template":"","format":"standard","meta":{"ngg_post_thumbnail":0,"footnotes":""},"categories":[270],"tags":[273,442,272,271],"class_list":["post-12240","post","type-post","status-publish","format-standard","has-post-thumbnail","hentry","category-servicios","tag-5o-contenedor","tag-biorresiduos","tag-contenedor-marron","tag-rsu"],"yoast_head":"<!-- This site is optimized with the Yoast SEO plugin v27.5 - https:\/\/yoast.com\/product\/yoast-seo-wordpress\/ -->\n<title>Caudete, 1\u00aa poblaci\u00f3n en la provincia en implantar al 100% el Contendor MARR\u00d3N - MI Ayuntamiento de Caudete<\/title>\n<meta name=\"description\" content=\"P\u00e1gina Oficial del Ayuntamiento de Caudete (Albacete)\" \/>\n<meta name=\"robots\" content=\"index, follow, max-snippet:-1, max-image-preview:large, max-video-preview:-1\" \/>\n<link rel=\"canonical\" href=\"https:\/\/www.caudete.org\/ayuntamiento\/caudete-1a-poblacion-en-la-provincia-en-implantar-al-100-el-contendor-marron\/\" \/>\n<meta property=\"og:locale\" content=\"es_ES\" \/>\n<meta property=\"og:type\" content=\"article\" \/>\n<meta property=\"og:title\" content=\"Caudete, 1\u00aa poblaci\u00f3n en la provincia en implantar al 100% el Contendor MARR\u00d3N - MI Ayuntamiento de Caudete\" \/>\n<meta property=\"og:description\" content=\"P\u00e1gina Oficial del Ayuntamiento de Caudete (Albacete)\" \/>\n<meta property=\"og:url\" content=\"https:\/\/www.caudete.org\/ayuntamiento\/caudete-1a-poblacion-en-la-provincia-en-implantar-al-100-el-contendor-marron\/\" \/>\n<meta property=\"og:site_name\" content=\"MI Ayuntamiento de Caudete\" \/>\n<meta property=\"article:publisher\" content=\"https:\/\/www.facebook.com\/ayuntamientocaudete\/\" \/>\n<meta property=\"article:published_time\" content=\"2021-02-17T18:06:30+00:00\" \/>\n<meta property=\"og:image\" content=\"https:\/\/www.caudete.org\/ayuntamiento\/wp-content\/uploads\/2021\/02\/WhatsApp-Image-2021-02-17-at-18.46.20.jpeg\" \/>\n\t<meta property=\"og:image:width\" content=\"1600\" \/>\n\t<meta property=\"og:image:height\" content=\"1200\" \/>\n\t<meta property=\"og:image:type\" content=\"image\/jpeg\" \/>\n<meta name=\"author\" content=\"alcalde\" \/>\n<meta name=\"twitter:card\" content=\"summary_large_image\" \/>\n<meta name=\"twitter:label1\" content=\"Escrito por\" \/>\n\t<meta name=\"twitter:data1\" content=\"alcalde\" \/>\n\t<meta name=\"twitter:label2\" content=\"Tiempo de lectura\" \/>\n\t<meta name=\"twitter:data2\" content=\"3 minutos\" \/>\n<script type=\"application\/ld+json\" class=\"yoast-schema-graph\">{\"@context\":\"https:\\\/\\\/schema.org\",\"@graph\":[{\"@type\":\"Article\",\"@id\":\"https:\\\/\\\/www.caudete.org\\\/ayuntamiento\\\/caudete-1a-poblacion-en-la-provincia-en-implantar-al-100-el-contendor-marron\\\/#article\",\"isPartOf\":{\"@id\":\"https:\\\/\\\/www.caudete.org\\\/ayuntamiento\\\/caudete-1a-poblacion-en-la-provincia-en-implantar-al-100-el-contendor-marron\\\/\"},\"author\":{\"name\":\"alcalde\",\"@id\":\"https:\\\/\\\/www.caudete.org\\\/ayuntamiento\\\/#\\\/schema\\\/person\\\/cc646da9133078ee4d8dd47457947253\"},\"headline\":\"Caudete, 1\u00aa poblaci\u00f3n en la provincia en implantar al 100% el Contendor MARR\u00d3N\",\"datePublished\":\"2021-02-17T18:06:30+00:00\",\"mainEntityOfPage\":{\"@id\":\"https:\\\/\\\/www.caudete.org\\\/ayuntamiento\\\/caudete-1a-poblacion-en-la-provincia-en-implantar-al-100-el-contendor-marron\\\/\"},\"wordCount\":548,\"publisher\":{\"@id\":\"https:\\\/\\\/www.caudete.org\\\/ayuntamiento\\\/#organization\"},\"image\":{\"@id\":\"https:\\\/\\\/www.caudete.org\\\/ayuntamiento\\\/caudete-1a-poblacion-en-la-provincia-en-implantar-al-100-el-contendor-marron\\\/#primaryimage\"},\"thumbnailUrl\":\"https:\\\/\\\/www.caudete.org\\\/ayuntamiento\\\/wp-content\\\/uploads\\\/2021\\\/02\\\/WhatsApp-Image-2021-02-17-at-18.46.20.jpeg\",\"keywords\":[\"5\u00ba contenedor\",\"biorresiduos\",\"contenedor marron\",\"RSU\"],\"articleSection\":[\"Servicios\"],\"inLanguage\":\"es\"},{\"@type\":\"WebPage\",\"@id\":\"https:\\\/\\\/www.caudete.org\\\/ayuntamiento\\\/caudete-1a-poblacion-en-la-provincia-en-implantar-al-100-el-contendor-marron\\\/\",\"url\":\"https:\\\/\\\/www.caudete.org\\\/ayuntamiento\\\/caudete-1a-poblacion-en-la-provincia-en-implantar-al-100-el-contendor-marron\\\/\",\"name\":\"Caudete, 1\u00aa poblaci\u00f3n en la provincia en implantar al 100% el Contendor MARR\u00d3N - MI Ayuntamiento de Caudete\",\"isPartOf\":{\"@id\":\"https:\\\/\\\/www.caudete.org\\\/ayuntamiento\\\/#website\"},\"primaryImageOfPage\":{\"@id\":\"https:\\\/\\\/www.caudete.org\\\/ayuntamiento\\\/caudete-1a-poblacion-en-la-provincia-en-implantar-al-100-el-contendor-marron\\\/#primaryimage\"},\"image\":{\"@id\":\"https:\\\/\\\/www.caudete.org\\\/ayuntamiento\\\/caudete-1a-poblacion-en-la-provincia-en-implantar-al-100-el-contendor-marron\\\/#primaryimage\"},\"thumbnailUrl\":\"https:\\\/\\\/www.caudete.org\\\/ayuntamiento\\\/wp-content\\\/uploads\\\/2021\\\/02\\\/WhatsApp-Image-2021-02-17-at-18.46.20.jpeg\",\"datePublished\":\"2021-02-17T18:06:30+00:00\",\"description\":\"P\u00e1gina Oficial del Ayuntamiento de Caudete (Albacete)\",\"breadcrumb\":{\"@id\":\"https:\\\/\\\/www.caudete.org\\\/ayuntamiento\\\/caudete-1a-poblacion-en-la-provincia-en-implantar-al-100-el-contendor-marron\\\/#breadcrumb\"},\"inLanguage\":\"es\",\"potentialAction\":[{\"@type\":\"ReadAction\",\"target\":[\"https:\\\/\\\/www.caudete.org\\\/ayuntamiento\\\/caudete-1a-poblacion-en-la-provincia-en-implantar-al-100-el-contendor-marron\\\/\"]}]},{\"@type\":\"ImageObject\",\"inLanguage\":\"es\",\"@id\":\"https:\\\/\\\/www.caudete.org\\\/ayuntamiento\\\/caudete-1a-poblacion-en-la-provincia-en-implantar-al-100-el-contendor-marron\\\/#primaryimage\",\"url\":\"https:\\\/\\\/www.caudete.org\\\/ayuntamiento\\\/wp-content\\\/uploads\\\/2021\\\/02\\\/WhatsApp-Image-2021-02-17-at-18.46.20.jpeg\",\"contentUrl\":\"https:\\\/\\\/www.caudete.org\\\/ayuntamiento\\\/wp-content\\\/uploads\\\/2021\\\/02\\\/WhatsApp-Image-2021-02-17-at-18.46.20.jpeg\",\"width\":1600,\"height\":1200},{\"@type\":\"BreadcrumbList\",\"@id\":\"https:\\\/\\\/www.caudete.org\\\/ayuntamiento\\\/caudete-1a-poblacion-en-la-provincia-en-implantar-al-100-el-contendor-marron\\\/#breadcrumb\",\"itemListElement\":[{\"@type\":\"ListItem\",\"position\":1,\"name\":\"Inicio\",\"item\":\"https:\\\/\\\/www.caudete.org\\\/ayuntamiento\\\/\"},{\"@type\":\"ListItem\",\"position\":2,\"name\":\"Caudete, 1\u00aa poblaci\u00f3n en la provincia en implantar al 100% el Contendor MARR\u00d3N\"}]},{\"@type\":\"WebSite\",\"@id\":\"https:\\\/\\\/www.caudete.org\\\/ayuntamiento\\\/#website\",\"url\":\"https:\\\/\\\/www.caudete.org\\\/ayuntamiento\\\/\",\"name\":\"MI Ayuntamiento de Caudete\",\"description\":\"P\u00e1gina Oficial del MI Ayuntamiento de Caudete\",\"publisher\":{\"@id\":\"https:\\\/\\\/www.caudete.org\\\/ayuntamiento\\\/#organization\"},\"potentialAction\":[{\"@type\":\"SearchAction\",\"target\":{\"@type\":\"EntryPoint\",\"urlTemplate\":\"https:\\\/\\\/www.caudete.org\\\/ayuntamiento\\\/?s={search_term_string}\"},\"query-input\":{\"@type\":\"PropertyValueSpecification\",\"valueRequired\":true,\"valueName\":\"search_term_string\"}}],\"inLanguage\":\"es\"},{\"@type\":\"Organization\",\"@id\":\"https:\\\/\\\/www.caudete.org\\\/ayuntamiento\\\/#organization\",\"name\":\"Ayuntamiento de Caudete\",\"url\":\"https:\\\/\\\/www.caudete.org\\\/ayuntamiento\\\/\",\"logo\":{\"@type\":\"ImageObject\",\"inLanguage\":\"es\",\"@id\":\"https:\\\/\\\/www.caudete.org\\\/ayuntamiento\\\/#\\\/schema\\\/logo\\\/image\\\/\",\"url\":\"https:\\\/\\\/www.caudete.org\\\/ayuntamiento\\\/wp-content\\\/uploads\\\/2020\\\/11\\\/logo_ayuntamiento_caudete.jpg\",\"contentUrl\":\"https:\\\/\\\/www.caudete.org\\\/ayuntamiento\\\/wp-content\\\/uploads\\\/2020\\\/11\\\/logo_ayuntamiento_caudete.jpg\",\"width\":600,\"height\":150,\"caption\":\"Ayuntamiento de Caudete\"},\"image\":{\"@id\":\"https:\\\/\\\/www.caudete.org\\\/ayuntamiento\\\/#\\\/schema\\\/logo\\\/image\\\/\"},\"sameAs\":[\"https:\\\/\\\/www.facebook.com\\\/ayuntamientocaudete\\\/\",\"https:\\\/\\\/www.youtube.com\\\/channel\\\/UC6VztHaooNsGpw-tNoBEFnQ\"]},{\"@type\":\"Person\",\"@id\":\"https:\\\/\\\/www.caudete.org\\\/ayuntamiento\\\/#\\\/schema\\\/person\\\/cc646da9133078ee4d8dd47457947253\",\"name\":\"alcalde\",\"image\":{\"@type\":\"ImageObject\",\"inLanguage\":\"es\",\"@id\":\"https:\\\/\\\/secure.gravatar.com\\\/avatar\\\/84a817ba065b29ff08d666b215a215f5c79186a645ccb25b14a663d48a130f77?s=96&d=mm&r=g\",\"url\":\"https:\\\/\\\/secure.gravatar.com\\\/avatar\\\/84a817ba065b29ff08d666b215a215f5c79186a645ccb25b14a663d48a130f77?s=96&d=mm&r=g\",\"contentUrl\":\"https:\\\/\\\/secure.gravatar.com\\\/avatar\\\/84a817ba065b29ff08d666b215a215f5c79186a645ccb25b14a663d48a130f77?s=96&d=mm&r=g\",\"caption\":\"alcalde\"},\"url\":\"https:\\\/\\\/www.caudete.org\\\/ayuntamiento\\\/author\\\/alcalde\\\/\"}]}<\/script>\n<!-- \/ Yoast SEO plugin. -->","yoast_head_json":{"title":"Caudete, 1\u00aa poblaci\u00f3n en la provincia en implantar al 100% el Contendor MARR\u00d3N - MI Ayuntamiento de Caudete","description":"P\u00e1gina Oficial del Ayuntamiento de Caudete (Albacete)","robots":{"index":"index","follow":"follow","max-snippet":"max-snippet:-1","max-image-preview":"max-image-preview:large","max-video-preview":"max-video-preview:-1"},"canonical":"https:\/\/www.caudete.org\/ayuntamiento\/caudete-1a-poblacion-en-la-provincia-en-implantar-al-100-el-contendor-marron\/","og_locale":"es_ES","og_type":"article","og_title":"Caudete, 1\u00aa poblaci\u00f3n en la provincia en implantar al 100% el Contendor MARR\u00d3N - MI Ayuntamiento de Caudete","og_description":"P\u00e1gina Oficial del Ayuntamiento de Caudete (Albacete)","og_url":"https:\/\/www.caudete.org\/ayuntamiento\/caudete-1a-poblacion-en-la-provincia-en-implantar-al-100-el-contendor-marron\/","og_site_name":"MI Ayuntamiento de Caudete","article_publisher":"https:\/\/www.facebook.com\/ayuntamientocaudete\/","article_published_time":"2021-02-17T18:06:30+00:00","og_image":[{"width":1600,"height":1200,"url":"https:\/\/www.caudete.org\/ayuntamiento\/wp-content\/uploads\/2021\/02\/WhatsApp-Image-2021-02-17-at-18.46.20.jpeg","type":"image\/jpeg"}],"author":"alcalde","twitter_card":"summary_large_image","twitter_misc":{"Escrito por":"alcalde","Tiempo de lectura":"3 minutos"},"schema":{"@context":"https:\/\/schema.org","@graph":[{"@type":"Article","@id":"https:\/\/www.caudete.org\/ayuntamiento\/caudete-1a-poblacion-en-la-provincia-en-implantar-al-100-el-contendor-marron\/#article","isPartOf":{"@id":"https:\/\/www.caudete.org\/ayuntamiento\/caudete-1a-poblacion-en-la-provincia-en-implantar-al-100-el-contendor-marron\/"},"author":{"name":"alcalde","@id":"https:\/\/www.caudete.org\/ayuntamiento\/#\/schema\/person\/cc646da9133078ee4d8dd47457947253"},"headline":"Caudete, 1\u00aa poblaci\u00f3n en la provincia en implantar al 100% el Contendor MARR\u00d3N","datePublished":"2021-02-17T18:06:30+00:00","mainEntityOfPage":{"@id":"https:\/\/www.caudete.org\/ayuntamiento\/caudete-1a-poblacion-en-la-provincia-en-implantar-al-100-el-contendor-marron\/"},"wordCount":548,"publisher":{"@id":"https:\/\/www.caudete.org\/ayuntamiento\/#organization"},"image":{"@id":"https:\/\/www.caudete.org\/ayuntamiento\/caudete-1a-poblacion-en-la-provincia-en-implantar-al-100-el-contendor-marron\/#primaryimage"},"thumbnailUrl":"https:\/\/www.caudete.org\/ayuntamiento\/wp-content\/uploads\/2021\/02\/WhatsApp-Image-2021-02-17-at-18.46.20.jpeg","keywords":["5\u00ba contenedor","biorresiduos","contenedor marron","RSU"],"articleSection":["Servicios"],"inLanguage":"es"},{"@type":"WebPage","@id":"https:\/\/www.caudete.org\/ayuntamiento\/caudete-1a-poblacion-en-la-provincia-en-implantar-al-100-el-contendor-marron\/","url":"https:\/\/www.caudete.org\/ayuntamiento\/caudete-1a-poblacion-en-la-provincia-en-implantar-al-100-el-contendor-marron\/","name":"Caudete, 1\u00aa poblaci\u00f3n en la provincia en implantar al 100% el Contendor MARR\u00d3N - MI Ayuntamiento de Caudete","isPartOf":{"@id":"https:\/\/www.caudete.org\/ayuntamiento\/#website"},"primaryImageOfPage":{"@id":"https:\/\/www.caudete.org\/ayuntamiento\/caudete-1a-poblacion-en-la-provincia-en-implantar-al-100-el-contendor-marron\/#primaryimage"},"image":{"@id":"https:\/\/www.caudete.org\/ayuntamiento\/caudete-1a-poblacion-en-la-provincia-en-implantar-al-100-el-contendor-marron\/#primaryimage"},"thumbnailUrl":"https:\/\/www.caudete.org\/ayuntamiento\/wp-content\/uploads\/2021\/02\/WhatsApp-Image-2021-02-17-at-18.46.20.jpeg","datePublished":"2021-02-17T18:06:30+00:00","description":"P\u00e1gina Oficial del Ayuntamiento de Caudete (Albacete)","breadcrumb":{"@id":"https:\/\/www.caudete.org\/ayuntamiento\/caudete-1a-poblacion-en-la-provincia-en-implantar-al-100-el-contendor-marron\/#breadcrumb"},"inLanguage":"es","potentialAction":[{"@type":"ReadAction","target":["https:\/\/www.caudete.org\/ayuntamiento\/caudete-1a-poblacion-en-la-provincia-en-implantar-al-100-el-contendor-marron\/"]}]},{"@type":"ImageObject","inLanguage":"es","@id":"https:\/\/www.caudete.org\/ayuntamiento\/caudete-1a-poblacion-en-la-provincia-en-implantar-al-100-el-contendor-marron\/#primaryimage","url":"https:\/\/www.caudete.org\/ayuntamiento\/wp-content\/uploads\/2021\/02\/WhatsApp-Image-2021-02-17-at-18.46.20.jpeg","contentUrl":"https:\/\/www.caudete.org\/ayuntamiento\/wp-content\/uploads\/2021\/02\/WhatsApp-Image-2021-02-17-at-18.46.20.jpeg","width":1600,"height":1200},{"@type":"BreadcrumbList","@id":"https:\/\/www.caudete.org\/ayuntamiento\/caudete-1a-poblacion-en-la-provincia-en-implantar-al-100-el-contendor-marron\/#breadcrumb","itemListElement":[{"@type":"ListItem","position":1,"name":"Inicio","item":"https:\/\/www.caudete.org\/ayuntamiento\/"},{"@type":"ListItem","position":2,"name":"Caudete, 1\u00aa poblaci\u00f3n en la provincia en implantar al 100% el Contendor MARR\u00d3N"}]},{"@type":"WebSite","@id":"https:\/\/www.caudete.org\/ayuntamiento\/#website","url":"https:\/\/www.caudete.org\/ayuntamiento\/","name":"MI Ayuntamiento de Caudete","description":"P\u00e1gina Oficial del MI Ayuntamiento de Caudete","publisher":{"@id":"https:\/\/www.caudete.org\/ayuntamiento\/#organization"},"potentialAction":[{"@type":"SearchAction","target":{"@type":"EntryPoint","urlTemplate":"https:\/\/www.caudete.org\/ayuntamiento\/?s={search_term_string}"},"query-input":{"@type":"PropertyValueSpecification","valueRequired":true,"valueName":"search_term_string"}}],"inLanguage":"es"},{"@type":"Organization","@id":"https:\/\/www.caudete.org\/ayuntamiento\/#organization","name":"Ayuntamiento de Caudete","url":"https:\/\/www.caudete.org\/ayuntamiento\/","logo":{"@type":"ImageObject","inLanguage":"es","@id":"https:\/\/www.caudete.org\/ayuntamiento\/#\/schema\/logo\/image\/","url":"https:\/\/www.caudete.org\/ayuntamiento\/wp-content\/uploads\/2020\/11\/logo_ayuntamiento_caudete.jpg","contentUrl":"https:\/\/www.caudete.org\/ayuntamiento\/wp-content\/uploads\/2020\/11\/logo_ayuntamiento_caudete.jpg","width":600,"height":150,"caption":"Ayuntamiento de Caudete"},"image":{"@id":"https:\/\/www.caudete.org\/ayuntamiento\/#\/schema\/logo\/image\/"},"sameAs":["https:\/\/www.facebook.com\/ayuntamientocaudete\/","https:\/\/www.youtube.com\/channel\/UC6VztHaooNsGpw-tNoBEFnQ"]},{"@type":"Person","@id":"https:\/\/www.caudete.org\/ayuntamiento\/#\/schema\/person\/cc646da9133078ee4d8dd47457947253","name":"alcalde","image":{"@type":"ImageObject","inLanguage":"es","@id":"https:\/\/secure.gravatar.com\/avatar\/84a817ba065b29ff08d666b215a215f5c79186a645ccb25b14a663d48a130f77?s=96&d=mm&r=g","url":"https:\/\/secure.gravatar.com\/avatar\/84a817ba065b29ff08d666b215a215f5c79186a645ccb25b14a663d48a130f77?s=96&d=mm&r=g","contentUrl":"https:\/\/secure.gravatar.com\/avatar\/84a817ba065b29ff08d666b215a215f5c79186a645ccb25b14a663d48a130f77?s=96&d=mm&r=g","caption":"alcalde"},"url":"https:\/\/www.caudete.org\/ayuntamiento\/author\/alcalde\/"}]}},"_links":{"self":[{"href":"https:\/\/www.caudete.org\/ayuntamiento\/wp-json\/wp\/v2\/posts\/12240","targetHints":{"allow":["GET"]}}],"collection":[{"href":"https:\/\/www.caudete.org\/ayuntamiento\/wp-json\/wp\/v2\/posts"}],"about":[{"href":"https:\/\/www.caudete.org\/ayuntamiento\/wp-json\/wp\/v2\/types\/post"}],"author":[{"embeddable":true,"href":"https:\/\/www.caudete.org\/ayuntamiento\/wp-json\/wp\/v2\/users\/3"}],"replies":[{"embeddable":true,"href":"https:\/\/www.caudete.org\/ayuntamiento\/wp-json\/wp\/v2\/comments?post=12240"}],"version-history":[{"count":2,"href":"https:\/\/www.caudete.org\/ayuntamiento\/wp-json\/wp\/v2\/posts\/12240\/revisions"}],"predecessor-version":[{"id":12244,"href":"https:\/\/www.caudete.org\/ayuntamiento\/wp-json\/wp\/v2\/posts\/12240\/revisions\/12244"}],"wp:featuredmedia":[{"embeddable":true,"href":"https:\/\/www.caudete.org\/ayuntamiento\/wp-json\/wp\/v2\/media\/12242"}],"wp:attachment":[{"href":"https:\/\/www.caudete.org\/ayuntamiento\/wp-json\/wp\/v2\/media?parent=12240"}],"wp:term":[{"taxonomy":"category","embeddable":true,"href":"https:\/\/www.caudete.org\/ayuntamiento\/wp-json\/wp\/v2\/categories?post=12240"},{"taxonomy":"post_tag","embeddable":true,"href":"https:\/\/www.caudete.org\/ayuntamiento\/wp-json\/wp\/v2\/tags?post=12240"}],"curies":[{"name":"wp","href":"https:\/\/api.w.org\/{rel}","templated":true}]}}