{"id":12253,"date":"2021-02-18T08:00:42","date_gmt":"2021-02-18T07:00:42","guid":{"rendered":"https:\/\/www.caudete.org\/ayuntamiento\/?p=12253"},"modified":"2021-02-17T21:29:06","modified_gmt":"2021-02-17T20:29:06","slug":"abierta-la-licitacion-de-la-cubierta-del-mercado-de-abastos","status":"publish","type":"post","link":"https:\/\/www.caudete.org\/ayuntamiento\/abierta-la-licitacion-de-la-cubierta-del-mercado-de-abastos\/","title":{"rendered":"Abierta la Licitaci\u00f3n de la Cubierta del Mercado de Abastos"},"content":{"rendered":"<p style=\"text-align: justify;\">El Alcalde ha informado de la apertura de la Licitaci\u00f3n para llevar a cabo la ejecuci\u00f3n de obras concerniente a la reparaci\u00f3n de la Cubierta del Mercado de Abastos. Valorada la intervenci\u00f3n en un total de 79.200\u20ac los trabajos consistir\u00e1n en renovar al completo la cubierta existente para ser sustituida por una nueva, obras que buscar\u00e1n mejorar tanto la estructura, como la estanqueidad y el aislamiento t\u00e9rmico en la totalidad de su superficie, pr\u00f3xima a los 450 m<sup>2<\/sup>.<\/p>\n<p style=\"text-align: justify;\">Se trata, por tanto, de una obra que permitir\u00e1 consolidar y asegurar el edificio, siendo la atensala del Proyecto de Revitalizaci\u00f3n y Rehabilitaci\u00f3n del Mercado de Abastos, ya que \u00e9ste se acometer\u00e1 con el POS-2021 impulsado por la Excma. Diputaci\u00f3n Provincial de Albacete. A este respecto, indicaba que los Servicios T\u00e9cnicos Municipales se encuentran preparando la redacci\u00f3n del mismo, cuya materializaci\u00f3n permitir\u00e1 no solo cumplir con uno de los objetivos y compromisos del Equipo de Gobierno, sino impulsar este centenario edificio, y la actividad que en ella se desarrolla, permitiendo la apertura de nuevos negocios.<\/p>\n<p style=\"text-align: justify;\">Las obras de la Cubierta, objeto de esta intervenci\u00f3n, se efect\u00faan a ra\u00edz de la concesi\u00f3n de una subvenci\u00f3n con motivo de los da\u00f1os ocasionados por la Dana de Septiembre de 2019, siendo sufragado el coste de las obras en un 50% por el Ayuntamiento, y el 50% restantes por el Gobierno de Espa\u00f1a.<\/p>\n<p style=\"text-align: justify;\">La obra se engloba en mayor por parte de la Ley de Contratos del Sector P\u00fablico, motivo que impulsa a la publicidad de la misma en la Plataforma de Contrataci\u00f3n del Sector P\u00fablico, por lo que las empresas interesadas han de cumplir con una serie de requisitos previos establecidos en normativa estatal.<\/p>\n<p style=\"text-align: justify;\">El <strong>plazo para presentar oferta finalizar\u00e1 el pr\u00f3ximo 8 de Marzo<\/strong>, y la tramitaci\u00f3n se ha establecido de car\u00e1cter urgente, donde el plazo de ejecuci\u00f3n de las obras es de 90 d\u00edas.<\/p>\n<p>&nbsp;<\/p>\n<p style=\"text-align: justify;\">Los <span style=\"text-decoration: underline;\"><strong>criterios de adjudicaci\u00f3n<\/strong><\/span> fijados son los siguientes:<\/p>\n<p style=\"text-align: justify;\">a) <strong>Mejor oferta econ\u00f3mica formulada.<\/strong> Se puntuar\u00e1 hasta un m\u00e1ximo de <strong>30 puntos<\/strong> al licitador que oferte una mayor reducci\u00f3n econ\u00f3mica, correspondiendo al resto de licitadores la puntuaci\u00f3n correspondiente.<\/p>\n<p style=\"text-align: justify;\">b) Se puntuar\u00e1 con<strong> 30 puntos<\/strong> la <strong>reducci\u00f3n del plazo de ejecuci\u00f3n de las obras<\/strong>, hasta un m\u00e1ximo de reducci\u00f3n de 30 d\u00edas naturales, a raz\u00f3n de 1 punto por cada d\u00eda reducido sobre el plazo previsto en proyecto de 90 d\u00edas naturales.<\/p>\n<p style=\"text-align: justify;\">c) Se puntuar\u00e1 con un m\u00e1ximo de <strong>40 puntos<\/strong> la oferta que ofrezca <strong>mayor cantidad econ\u00f3mica para realizar indefiniciones<\/strong> del proyecto.<\/p>\n<p>&nbsp;<\/p>\n<p style=\"text-align: justify;\">No obstante, <span style=\"text-decoration: underline;\"><strong>en el caso que resulten empatados a puntos dos o m\u00e1s empresas<\/strong><\/span>, el desempate considerando:<\/p>\n<p style=\"text-align: justify;\">a) Se considerar\u00e1 ganadora la empresa que justifique tener en su <strong>plantilla mayor n\u00famero de trabajadores minusv\u00e1lidos<\/strong>.<\/p>\n<p style=\"text-align: justify;\">b) En caso de seguir el empate, se considerar\u00e1 con m\u00e1s puntuaci\u00f3n la empresa que acredite tener hasta el d\u00eda de presentaci\u00f3n de la oferta, <strong>mayor n\u00famero de trabajadores en su plantilla.<\/strong><\/p>\n<p style=\"text-align: justify;\">Los trabajos se han estructurado principalmente en las fases siguientes:<\/p>\n<p style=\"text-align: justify;\"><span style=\"text-decoration: underline;\"><strong>a) DEMOLICIONES<\/strong><\/span><br \/>\n-Desmontaje de cobertura de teja cer\u00e1mica plana y elementos secundarios, con recuperaci\u00f3n de las piezas para su posterior utilizaci\u00f3n.<br \/>\n-Desmontaje de las correas y elementos auxiliares de sujeci\u00f3n de tejas de madera.<br \/>\n-Levantado de bajantes y canalones.<br \/>\n-Demolici\u00f3n de falso techo desmontable de escayola<\/p>\n<p style=\"text-align: justify;\"><span style=\"text-decoration: underline;\"><strong>b) ESTRUCTURA<\/strong><\/span><br \/>\n-Reposici\u00f3n de estructura de cubierta consistente en correas de madera y tirantilla met\u00e1lica para evitar la flexi\u00f3n esviada.<\/p>\n<p style=\"text-align: justify;\"><span style=\"text-decoration: underline;\"><strong>c) CUBIERTA<\/strong><\/span><br \/>\n-Cobertura con teja cer\u00e1mica plana, recuperada del desmontado de la cubierta, clavada sobre panel compuesto y pegada con espuma de poliuretano.<br \/>\n-Panelado compuesto de espesor 10\/100\/16 mm, acabado friso, compuesto por la cara interior de tablero alistonado, n\u00facleo central de poliestireno extruido de 10 cm. y acabado exterior con tablero hidr\u00f3fgo, colocado sobre correas de madera mediante atornillado, sellado de juntas con cinta adhesiva.<br \/>\n-Canal\u00f3n visto de chapa de acero prelacada con un desarrollo de 800 mm.<br \/>\n-Bajante de chapa de acero prelacada de 125 mm. de di\u00e1metro.<br \/>\n-Frente de alero formado por chapa de aluminio lacado.<\/p>\n<p>&nbsp;<\/p>\n","protected":false},"excerpt":{"rendered":"<p>El Alcalde ha informado de la apertura de la Licitaci\u00f3n para llevar a cabo la ejecuci\u00f3n de obras concerniente a la reparaci\u00f3n de la Cubierta del Mercado de Abastos. Valorada la intervenci\u00f3n en un total de 79.200\u20ac los trabajos consistir\u00e1n en renovar al completo la cubierta existente para ser sustituida por una nueva, obras que &hellip;<\/p>\n","protected":false},"author":3,"featured_media":12252,"comment_status":"closed","ping_status":"open","sticky":false,"template":"","format":"standard","meta":{"ngg_post_thumbnail":0,"footnotes":""},"categories":[447],"tags":[361,359,84],"class_list":["post-12253","post","type-post","status-publish","format-standard","has-post-thumbnail","hentry","category-contratacion","tag-cubierta","tag-dana","tag-mercado-de-abastos"],"yoast_head":"<!-- This site is optimized with the Yoast SEO plugin v27.4 - https:\/\/yoast.com\/product\/yoast-seo-wordpress\/ -->\n<title>Abierta la Licitaci\u00f3n de la Cubierta del Mercado de Abastos - MI Ayuntamiento de Caudete<\/title>\n<meta name=\"description\" content=\"P\u00e1gina Oficial del Ayuntamiento de Caudete (Albacete)\" \/>\n<meta name=\"robots\" content=\"index, follow, max-snippet:-1, max-image-preview:large, max-video-preview:-1\" \/>\n<link rel=\"canonical\" href=\"https:\/\/www.caudete.org\/ayuntamiento\/abierta-la-licitacion-de-la-cubierta-del-mercado-de-abastos\/\" \/>\n<meta property=\"og:locale\" content=\"es_ES\" \/>\n<meta property=\"og:type\" content=\"article\" \/>\n<meta property=\"og:title\" content=\"Abierta la Licitaci\u00f3n de la Cubierta del Mercado de Abastos - MI Ayuntamiento de Caudete\" \/>\n<meta property=\"og:description\" content=\"P\u00e1gina Oficial del Ayuntamiento de Caudete (Albacete)\" \/>\n<meta property=\"og:url\" content=\"https:\/\/www.caudete.org\/ayuntamiento\/abierta-la-licitacion-de-la-cubierta-del-mercado-de-abastos\/\" \/>\n<meta property=\"og:site_name\" content=\"MI Ayuntamiento de Caudete\" \/>\n<meta property=\"article:publisher\" content=\"https:\/\/www.facebook.com\/ayuntamientocaudete\/\" \/>\n<meta property=\"article:published_time\" content=\"2021-02-18T07:00:42+00:00\" \/>\n<meta property=\"og:image\" content=\"https:\/\/www.caudete.org\/ayuntamiento\/wp-content\/uploads\/2021\/02\/IMG_4524-1.jpg\" \/>\n\t<meta property=\"og:image:width\" content=\"1600\" \/>\n\t<meta property=\"og:image:height\" content=\"1066\" \/>\n\t<meta property=\"og:image:type\" content=\"image\/jpeg\" \/>\n<meta name=\"author\" content=\"alcalde\" \/>\n<meta name=\"twitter:card\" content=\"summary_large_image\" \/>\n<meta name=\"twitter:label1\" content=\"Escrito por\" \/>\n\t<meta name=\"twitter:data1\" content=\"alcalde\" \/>\n\t<meta name=\"twitter:label2\" content=\"Tiempo de lectura\" \/>\n\t<meta name=\"twitter:data2\" content=\"3 minutos\" \/>\n<script type=\"application\/ld+json\" class=\"yoast-schema-graph\">{\"@context\":\"https:\\\/\\\/schema.org\",\"@graph\":[{\"@type\":\"Article\",\"@id\":\"https:\\\/\\\/www.caudete.org\\\/ayuntamiento\\\/abierta-la-licitacion-de-la-cubierta-del-mercado-de-abastos\\\/#article\",\"isPartOf\":{\"@id\":\"https:\\\/\\\/www.caudete.org\\\/ayuntamiento\\\/abierta-la-licitacion-de-la-cubierta-del-mercado-de-abastos\\\/\"},\"author\":{\"name\":\"alcalde\",\"@id\":\"https:\\\/\\\/www.caudete.org\\\/ayuntamiento\\\/#\\\/schema\\\/person\\\/cc646da9133078ee4d8dd47457947253\"},\"headline\":\"Abierta la Licitaci\u00f3n de la Cubierta del Mercado de Abastos\",\"datePublished\":\"2021-02-18T07:00:42+00:00\",\"mainEntityOfPage\":{\"@id\":\"https:\\\/\\\/www.caudete.org\\\/ayuntamiento\\\/abierta-la-licitacion-de-la-cubierta-del-mercado-de-abastos\\\/\"},\"wordCount\":716,\"publisher\":{\"@id\":\"https:\\\/\\\/www.caudete.org\\\/ayuntamiento\\\/#organization\"},\"image\":{\"@id\":\"https:\\\/\\\/www.caudete.org\\\/ayuntamiento\\\/abierta-la-licitacion-de-la-cubierta-del-mercado-de-abastos\\\/#primaryimage\"},\"thumbnailUrl\":\"https:\\\/\\\/www.caudete.org\\\/ayuntamiento\\\/wp-content\\\/uploads\\\/2021\\\/02\\\/IMG_4524-1.jpg\",\"keywords\":[\"cubierta\",\"DANA\",\"mercado de abastos\"],\"articleSection\":[\"Contrataci\u00f3n\"],\"inLanguage\":\"es\"},{\"@type\":\"WebPage\",\"@id\":\"https:\\\/\\\/www.caudete.org\\\/ayuntamiento\\\/abierta-la-licitacion-de-la-cubierta-del-mercado-de-abastos\\\/\",\"url\":\"https:\\\/\\\/www.caudete.org\\\/ayuntamiento\\\/abierta-la-licitacion-de-la-cubierta-del-mercado-de-abastos\\\/\",\"name\":\"Abierta la Licitaci\u00f3n de la Cubierta del Mercado de Abastos - MI Ayuntamiento de Caudete\",\"isPartOf\":{\"@id\":\"https:\\\/\\\/www.caudete.org\\\/ayuntamiento\\\/#website\"},\"primaryImageOfPage\":{\"@id\":\"https:\\\/\\\/www.caudete.org\\\/ayuntamiento\\\/abierta-la-licitacion-de-la-cubierta-del-mercado-de-abastos\\\/#primaryimage\"},\"image\":{\"@id\":\"https:\\\/\\\/www.caudete.org\\\/ayuntamiento\\\/abierta-la-licitacion-de-la-cubierta-del-mercado-de-abastos\\\/#primaryimage\"},\"thumbnailUrl\":\"https:\\\/\\\/www.caudete.org\\\/ayuntamiento\\\/wp-content\\\/uploads\\\/2021\\\/02\\\/IMG_4524-1.jpg\",\"datePublished\":\"2021-02-18T07:00:42+00:00\",\"description\":\"P\u00e1gina Oficial del Ayuntamiento de Caudete (Albacete)\",\"breadcrumb\":{\"@id\":\"https:\\\/\\\/www.caudete.org\\\/ayuntamiento\\\/abierta-la-licitacion-de-la-cubierta-del-mercado-de-abastos\\\/#breadcrumb\"},\"inLanguage\":\"es\",\"potentialAction\":[{\"@type\":\"ReadAction\",\"target\":[\"https:\\\/\\\/www.caudete.org\\\/ayuntamiento\\\/abierta-la-licitacion-de-la-cubierta-del-mercado-de-abastos\\\/\"]}]},{\"@type\":\"ImageObject\",\"inLanguage\":\"es\",\"@id\":\"https:\\\/\\\/www.caudete.org\\\/ayuntamiento\\\/abierta-la-licitacion-de-la-cubierta-del-mercado-de-abastos\\\/#primaryimage\",\"url\":\"https:\\\/\\\/www.caudete.org\\\/ayuntamiento\\\/wp-content\\\/uploads\\\/2021\\\/02\\\/IMG_4524-1.jpg\",\"contentUrl\":\"https:\\\/\\\/www.caudete.org\\\/ayuntamiento\\\/wp-content\\\/uploads\\\/2021\\\/02\\\/IMG_4524-1.jpg\",\"width\":1600,\"height\":1066},{\"@type\":\"BreadcrumbList\",\"@id\":\"https:\\\/\\\/www.caudete.org\\\/ayuntamiento\\\/abierta-la-licitacion-de-la-cubierta-del-mercado-de-abastos\\\/#breadcrumb\",\"itemListElement\":[{\"@type\":\"ListItem\",\"position\":1,\"name\":\"Inicio\",\"item\":\"https:\\\/\\\/www.caudete.org\\\/ayuntamiento\\\/\"},{\"@type\":\"ListItem\",\"position\":2,\"name\":\"Abierta la Licitaci\u00f3n de la Cubierta del Mercado de Abastos\"}]},{\"@type\":\"WebSite\",\"@id\":\"https:\\\/\\\/www.caudete.org\\\/ayuntamiento\\\/#website\",\"url\":\"https:\\\/\\\/www.caudete.org\\\/ayuntamiento\\\/\",\"name\":\"MI Ayuntamiento de Caudete\",\"description\":\"P\u00e1gina Oficial del MI Ayuntamiento de Caudete\",\"publisher\":{\"@id\":\"https:\\\/\\\/www.caudete.org\\\/ayuntamiento\\\/#organization\"},\"potentialAction\":[{\"@type\":\"SearchAction\",\"target\":{\"@type\":\"EntryPoint\",\"urlTemplate\":\"https:\\\/\\\/www.caudete.org\\\/ayuntamiento\\\/?s={search_term_string}\"},\"query-input\":{\"@type\":\"PropertyValueSpecification\",\"valueRequired\":true,\"valueName\":\"search_term_string\"}}],\"inLanguage\":\"es\"},{\"@type\":\"Organization\",\"@id\":\"https:\\\/\\\/www.caudete.org\\\/ayuntamiento\\\/#organization\",\"name\":\"Ayuntamiento de Caudete\",\"url\":\"https:\\\/\\\/www.caudete.org\\\/ayuntamiento\\\/\",\"logo\":{\"@type\":\"ImageObject\",\"inLanguage\":\"es\",\"@id\":\"https:\\\/\\\/www.caudete.org\\\/ayuntamiento\\\/#\\\/schema\\\/logo\\\/image\\\/\",\"url\":\"https:\\\/\\\/www.caudete.org\\\/ayuntamiento\\\/wp-content\\\/uploads\\\/2020\\\/11\\\/logo_ayuntamiento_caudete.jpg\",\"contentUrl\":\"https:\\\/\\\/www.caudete.org\\\/ayuntamiento\\\/wp-content\\\/uploads\\\/2020\\\/11\\\/logo_ayuntamiento_caudete.jpg\",\"width\":600,\"height\":150,\"caption\":\"Ayuntamiento de Caudete\"},\"image\":{\"@id\":\"https:\\\/\\\/www.caudete.org\\\/ayuntamiento\\\/#\\\/schema\\\/logo\\\/image\\\/\"},\"sameAs\":[\"https:\\\/\\\/www.facebook.com\\\/ayuntamientocaudete\\\/\",\"https:\\\/\\\/www.youtube.com\\\/channel\\\/UC6VztHaooNsGpw-tNoBEFnQ\"]},{\"@type\":\"Person\",\"@id\":\"https:\\\/\\\/www.caudete.org\\\/ayuntamiento\\\/#\\\/schema\\\/person\\\/cc646da9133078ee4d8dd47457947253\",\"name\":\"alcalde\",\"image\":{\"@type\":\"ImageObject\",\"inLanguage\":\"es\",\"@id\":\"https:\\\/\\\/secure.gravatar.com\\\/avatar\\\/84a817ba065b29ff08d666b215a215f5c79186a645ccb25b14a663d48a130f77?s=96&d=mm&r=g\",\"url\":\"https:\\\/\\\/secure.gravatar.com\\\/avatar\\\/84a817ba065b29ff08d666b215a215f5c79186a645ccb25b14a663d48a130f77?s=96&d=mm&r=g\",\"contentUrl\":\"https:\\\/\\\/secure.gravatar.com\\\/avatar\\\/84a817ba065b29ff08d666b215a215f5c79186a645ccb25b14a663d48a130f77?s=96&d=mm&r=g\",\"caption\":\"alcalde\"},\"url\":\"https:\\\/\\\/www.caudete.org\\\/ayuntamiento\\\/author\\\/alcalde\\\/\"}]}<\/script>\n<!-- \/ Yoast SEO plugin. -->","yoast_head_json":{"title":"Abierta la Licitaci\u00f3n de la Cubierta del Mercado de Abastos - MI Ayuntamiento de Caudete","description":"P\u00e1gina Oficial del Ayuntamiento de Caudete (Albacete)","robots":{"index":"index","follow":"follow","max-snippet":"max-snippet:-1","max-image-preview":"max-image-preview:large","max-video-preview":"max-video-preview:-1"},"canonical":"https:\/\/www.caudete.org\/ayuntamiento\/abierta-la-licitacion-de-la-cubierta-del-mercado-de-abastos\/","og_locale":"es_ES","og_type":"article","og_title":"Abierta la Licitaci\u00f3n de la Cubierta del Mercado de Abastos - MI Ayuntamiento de Caudete","og_description":"P\u00e1gina Oficial del Ayuntamiento de Caudete (Albacete)","og_url":"https:\/\/www.caudete.org\/ayuntamiento\/abierta-la-licitacion-de-la-cubierta-del-mercado-de-abastos\/","og_site_name":"MI Ayuntamiento de Caudete","article_publisher":"https:\/\/www.facebook.com\/ayuntamientocaudete\/","article_published_time":"2021-02-18T07:00:42+00:00","og_image":[{"width":1600,"height":1066,"url":"https:\/\/www.caudete.org\/ayuntamiento\/wp-content\/uploads\/2021\/02\/IMG_4524-1.jpg","type":"image\/jpeg"}],"author":"alcalde","twitter_card":"summary_large_image","twitter_misc":{"Escrito por":"alcalde","Tiempo de lectura":"3 minutos"},"schema":{"@context":"https:\/\/schema.org","@graph":[{"@type":"Article","@id":"https:\/\/www.caudete.org\/ayuntamiento\/abierta-la-licitacion-de-la-cubierta-del-mercado-de-abastos\/#article","isPartOf":{"@id":"https:\/\/www.caudete.org\/ayuntamiento\/abierta-la-licitacion-de-la-cubierta-del-mercado-de-abastos\/"},"author":{"name":"alcalde","@id":"https:\/\/www.caudete.org\/ayuntamiento\/#\/schema\/person\/cc646da9133078ee4d8dd47457947253"},"headline":"Abierta la Licitaci\u00f3n de la Cubierta del Mercado de Abastos","datePublished":"2021-02-18T07:00:42+00:00","mainEntityOfPage":{"@id":"https:\/\/www.caudete.org\/ayuntamiento\/abierta-la-licitacion-de-la-cubierta-del-mercado-de-abastos\/"},"wordCount":716,"publisher":{"@id":"https:\/\/www.caudete.org\/ayuntamiento\/#organization"},"image":{"@id":"https:\/\/www.caudete.org\/ayuntamiento\/abierta-la-licitacion-de-la-cubierta-del-mercado-de-abastos\/#primaryimage"},"thumbnailUrl":"https:\/\/www.caudete.org\/ayuntamiento\/wp-content\/uploads\/2021\/02\/IMG_4524-1.jpg","keywords":["cubierta","DANA","mercado de abastos"],"articleSection":["Contrataci\u00f3n"],"inLanguage":"es"},{"@type":"WebPage","@id":"https:\/\/www.caudete.org\/ayuntamiento\/abierta-la-licitacion-de-la-cubierta-del-mercado-de-abastos\/","url":"https:\/\/www.caudete.org\/ayuntamiento\/abierta-la-licitacion-de-la-cubierta-del-mercado-de-abastos\/","name":"Abierta la Licitaci\u00f3n de la Cubierta del Mercado de Abastos - MI Ayuntamiento de Caudete","isPartOf":{"@id":"https:\/\/www.caudete.org\/ayuntamiento\/#website"},"primaryImageOfPage":{"@id":"https:\/\/www.caudete.org\/ayuntamiento\/abierta-la-licitacion-de-la-cubierta-del-mercado-de-abastos\/#primaryimage"},"image":{"@id":"https:\/\/www.caudete.org\/ayuntamiento\/abierta-la-licitacion-de-la-cubierta-del-mercado-de-abastos\/#primaryimage"},"thumbnailUrl":"https:\/\/www.caudete.org\/ayuntamiento\/wp-content\/uploads\/2021\/02\/IMG_4524-1.jpg","datePublished":"2021-02-18T07:00:42+00:00","description":"P\u00e1gina Oficial del Ayuntamiento de Caudete (Albacete)","breadcrumb":{"@id":"https:\/\/www.caudete.org\/ayuntamiento\/abierta-la-licitacion-de-la-cubierta-del-mercado-de-abastos\/#breadcrumb"},"inLanguage":"es","potentialAction":[{"@type":"ReadAction","target":["https:\/\/www.caudete.org\/ayuntamiento\/abierta-la-licitacion-de-la-cubierta-del-mercado-de-abastos\/"]}]},{"@type":"ImageObject","inLanguage":"es","@id":"https:\/\/www.caudete.org\/ayuntamiento\/abierta-la-licitacion-de-la-cubierta-del-mercado-de-abastos\/#primaryimage","url":"https:\/\/www.caudete.org\/ayuntamiento\/wp-content\/uploads\/2021\/02\/IMG_4524-1.jpg","contentUrl":"https:\/\/www.caudete.org\/ayuntamiento\/wp-content\/uploads\/2021\/02\/IMG_4524-1.jpg","width":1600,"height":1066},{"@type":"BreadcrumbList","@id":"https:\/\/www.caudete.org\/ayuntamiento\/abierta-la-licitacion-de-la-cubierta-del-mercado-de-abastos\/#breadcrumb","itemListElement":[{"@type":"ListItem","position":1,"name":"Inicio","item":"https:\/\/www.caudete.org\/ayuntamiento\/"},{"@type":"ListItem","position":2,"name":"Abierta la Licitaci\u00f3n de la Cubierta del Mercado de Abastos"}]},{"@type":"WebSite","@id":"https:\/\/www.caudete.org\/ayuntamiento\/#website","url":"https:\/\/www.caudete.org\/ayuntamiento\/","name":"MI Ayuntamiento de Caudete","description":"P\u00e1gina Oficial del MI Ayuntamiento de Caudete","publisher":{"@id":"https:\/\/www.caudete.org\/ayuntamiento\/#organization"},"potentialAction":[{"@type":"SearchAction","target":{"@type":"EntryPoint","urlTemplate":"https:\/\/www.caudete.org\/ayuntamiento\/?s={search_term_string}"},"query-input":{"@type":"PropertyValueSpecification","valueRequired":true,"valueName":"search_term_string"}}],"inLanguage":"es"},{"@type":"Organization","@id":"https:\/\/www.caudete.org\/ayuntamiento\/#organization","name":"Ayuntamiento de Caudete","url":"https:\/\/www.caudete.org\/ayuntamiento\/","logo":{"@type":"ImageObject","inLanguage":"es","@id":"https:\/\/www.caudete.org\/ayuntamiento\/#\/schema\/logo\/image\/","url":"https:\/\/www.caudete.org\/ayuntamiento\/wp-content\/uploads\/2020\/11\/logo_ayuntamiento_caudete.jpg","contentUrl":"https:\/\/www.caudete.org\/ayuntamiento\/wp-content\/uploads\/2020\/11\/logo_ayuntamiento_caudete.jpg","width":600,"height":150,"caption":"Ayuntamiento de Caudete"},"image":{"@id":"https:\/\/www.caudete.org\/ayuntamiento\/#\/schema\/logo\/image\/"},"sameAs":["https:\/\/www.facebook.com\/ayuntamientocaudete\/","https:\/\/www.youtube.com\/channel\/UC6VztHaooNsGpw-tNoBEFnQ"]},{"@type":"Person","@id":"https:\/\/www.caudete.org\/ayuntamiento\/#\/schema\/person\/cc646da9133078ee4d8dd47457947253","name":"alcalde","image":{"@type":"ImageObject","inLanguage":"es","@id":"https:\/\/secure.gravatar.com\/avatar\/84a817ba065b29ff08d666b215a215f5c79186a645ccb25b14a663d48a130f77?s=96&d=mm&r=g","url":"https:\/\/secure.gravatar.com\/avatar\/84a817ba065b29ff08d666b215a215f5c79186a645ccb25b14a663d48a130f77?s=96&d=mm&r=g","contentUrl":"https:\/\/secure.gravatar.com\/avatar\/84a817ba065b29ff08d666b215a215f5c79186a645ccb25b14a663d48a130f77?s=96&d=mm&r=g","caption":"alcalde"},"url":"https:\/\/www.caudete.org\/ayuntamiento\/author\/alcalde\/"}]}},"_links":{"self":[{"href":"https:\/\/www.caudete.org\/ayuntamiento\/wp-json\/wp\/v2\/posts\/12253","targetHints":{"allow":["GET"]}}],"collection":[{"href":"https:\/\/www.caudete.org\/ayuntamiento\/wp-json\/wp\/v2\/posts"}],"about":[{"href":"https:\/\/www.caudete.org\/ayuntamiento\/wp-json\/wp\/v2\/types\/post"}],"author":[{"embeddable":true,"href":"https:\/\/www.caudete.org\/ayuntamiento\/wp-json\/wp\/v2\/users\/3"}],"replies":[{"embeddable":true,"href":"https:\/\/www.caudete.org\/ayuntamiento\/wp-json\/wp\/v2\/comments?post=12253"}],"version-history":[{"count":4,"href":"https:\/\/www.caudete.org\/ayuntamiento\/wp-json\/wp\/v2\/posts\/12253\/revisions"}],"predecessor-version":[{"id":12257,"href":"https:\/\/www.caudete.org\/ayuntamiento\/wp-json\/wp\/v2\/posts\/12253\/revisions\/12257"}],"wp:featuredmedia":[{"embeddable":true,"href":"https:\/\/www.caudete.org\/ayuntamiento\/wp-json\/wp\/v2\/media\/12252"}],"wp:attachment":[{"href":"https:\/\/www.caudete.org\/ayuntamiento\/wp-json\/wp\/v2\/media?parent=12253"}],"wp:term":[{"taxonomy":"category","embeddable":true,"href":"https:\/\/www.caudete.org\/ayuntamiento\/wp-json\/wp\/v2\/categories?post=12253"},{"taxonomy":"post_tag","embeddable":true,"href":"https:\/\/www.caudete.org\/ayuntamiento\/wp-json\/wp\/v2\/tags?post=12253"}],"curies":[{"name":"wp","href":"https:\/\/api.w.org\/{rel}","templated":true}]}}