{"id":12288,"date":"2021-02-19T20:13:07","date_gmt":"2021-02-19T19:13:07","guid":{"rendered":"https:\/\/www.caudete.org\/ayuntamiento\/?p=12288"},"modified":"2021-02-19T20:17:50","modified_gmt":"2021-02-19T19:17:50","slug":"desde-la-diputacion-provincial-de-albacete-se-ha-convocado-un-certamen-de-videos-por-la-igualdad-de-genero-a-traves-de-la-plataforma-tiktok","status":"publish","type":"post","link":"https:\/\/www.caudete.org\/ayuntamiento\/desde-la-diputacion-provincial-de-albacete-se-ha-convocado-un-certamen-de-videos-por-la-igualdad-de-genero-a-traves-de-la-plataforma-tiktok\/","title":{"rendered":"Desde la Diputaci\u00f3n de Albacete se ha convocado un Certamen de videos por la Igualdad de G\u00e9nero a trav\u00e9s de &#8220;TikTok&#8221;."},"content":{"rendered":"<p style=\"margin-top: 9.05pt; text-align: justify; line-height: 200%;\"><span style=\"color: #202124;\">El objeto de la convocatoria es el est\u00edmulo entre la ciudadan\u00eda de la reflexi\u00f3n y la capacidad creativa en materia de Igualdad de G\u00e9nero, de cara a la celebraci\u00f3n del 8 de marzo, D\u00eda Internacional de la Mujer.<\/span><\/p>\n<p style=\"margin-top: 9.05pt; text-align: justify; line-height: 200%;\"><span style=\"color: #202124;\">La fecha l\u00edmite para presentar los trabajos ser\u00e1 el 10 de marzo de 2021.\u00a0 Se adjuntan las bases del certamen.<\/span><\/p>\n<p style=\"text-align: center;\"><a href=\"https:\/\/www.caudete.org\/ayuntamiento\/wp-content\/uploads\/2021\/02\/Bases-Certamen-TikTok-Diputacion-de-Albacete.pdf\" class=\"mtli_attachment mtli_pdf\"><strong>BASES CERTAMEN TIK TOK DIPUTACI\u00d3N DE ALBACETE<\/strong><\/a><\/p>\n<p style=\"text-align: center;\"><strong>Cartel Diputaci\u00f3n de Albacete por la Igualdad<\/strong><\/p>\n<p><a href=\"https:\/\/www.caudete.org\/ayuntamiento\/wp-content\/uploads\/2021\/02\/Cartel-Albacete-por-la-igualdad-scaled.jpg\" rel='prettyPhoto'><img fetchpriority=\"high\" decoding=\"async\" class=\"aligncenter wp-image-12287 size-medium\" src=\"https:\/\/www.caudete.org\/ayuntamiento\/wp-content\/uploads\/2021\/02\/Cartel-Albacete-por-la-igualdad-212x300.jpg\" alt=\"\" width=\"212\" height=\"300\" srcset=\"https:\/\/www.caudete.org\/ayuntamiento\/wp-content\/uploads\/2021\/02\/Cartel-Albacete-por-la-igualdad-212x300.jpg 212w, https:\/\/www.caudete.org\/ayuntamiento\/wp-content\/uploads\/2021\/02\/Cartel-Albacete-por-la-igualdad-724x1024.jpg 724w, https:\/\/www.caudete.org\/ayuntamiento\/wp-content\/uploads\/2021\/02\/Cartel-Albacete-por-la-igualdad-768x1086.jpg 768w, https:\/\/www.caudete.org\/ayuntamiento\/wp-content\/uploads\/2021\/02\/Cartel-Albacete-por-la-igualdad-1086x1536.jpg 1086w, https:\/\/www.caudete.org\/ayuntamiento\/wp-content\/uploads\/2021\/02\/Cartel-Albacete-por-la-igualdad-1448x2048.jpg 1448w, https:\/\/www.caudete.org\/ayuntamiento\/wp-content\/uploads\/2021\/02\/Cartel-Albacete-por-la-igualdad-scaled.jpg 1810w\" sizes=\"(max-width: 212px) 100vw, 212px\" \/><\/a><\/p>\n","protected":false},"excerpt":{"rendered":"<p>El objeto de la convocatoria es el est\u00edmulo entre la ciudadan\u00eda de la reflexi\u00f3n y la capacidad creativa en materia de Igualdad de G\u00e9nero, de cara a la celebraci\u00f3n del 8 de marzo, D\u00eda Internacional de la Mujer. La fecha l\u00edmite para presentar los trabajos ser\u00e1 el 10 de marzo de 2021.\u00a0 Se adjuntan las &hellip;<\/p>\n","protected":false},"author":2,"featured_media":12292,"comment_status":"closed","ping_status":"open","sticky":false,"template":"","format":"standard","meta":{"ngg_post_thumbnail":0,"footnotes":""},"categories":[24],"tags":[451,452,450],"class_list":["post-12288","post","type-post","status-publish","format-standard","has-post-thumbnail","hentry","category-mujer","tag-8-de-marzo","tag-dia-internacional-de-la-mujer","tag-diputacion-de-albacete"],"yoast_head":"<!-- This site is optimized with the Yoast SEO plugin v27.5 - https:\/\/yoast.com\/product\/yoast-seo-wordpress\/ -->\n<title>Desde la Diputaci\u00f3n de Albacete se ha convocado un Certamen de videos por la Igualdad de G\u00e9nero a trav\u00e9s de &quot;TikTok&quot;. - MI Ayuntamiento de Caudete<\/title>\n<meta name=\"description\" content=\"P\u00e1gina Oficial del Ayuntamiento de Caudete (Albacete)\" \/>\n<meta name=\"robots\" content=\"index, follow, max-snippet:-1, max-image-preview:large, max-video-preview:-1\" \/>\n<link rel=\"canonical\" href=\"https:\/\/www.caudete.org\/ayuntamiento\/desde-la-diputacion-provincial-de-albacete-se-ha-convocado-un-certamen-de-videos-por-la-igualdad-de-genero-a-traves-de-la-plataforma-tiktok\/\" \/>\n<meta property=\"og:locale\" content=\"es_ES\" \/>\n<meta property=\"og:type\" content=\"article\" \/>\n<meta property=\"og:title\" content=\"Desde la Diputaci\u00f3n de Albacete se ha convocado un Certamen de videos por la Igualdad de G\u00e9nero a trav\u00e9s de &quot;TikTok&quot;. - MI Ayuntamiento de Caudete\" \/>\n<meta property=\"og:description\" content=\"P\u00e1gina Oficial del Ayuntamiento de Caudete (Albacete)\" \/>\n<meta property=\"og:url\" content=\"https:\/\/www.caudete.org\/ayuntamiento\/desde-la-diputacion-provincial-de-albacete-se-ha-convocado-un-certamen-de-videos-por-la-igualdad-de-genero-a-traves-de-la-plataforma-tiktok\/\" \/>\n<meta property=\"og:site_name\" content=\"MI Ayuntamiento de Caudete\" \/>\n<meta property=\"article:publisher\" content=\"https:\/\/www.facebook.com\/ayuntamientocaudete\/\" \/>\n<meta property=\"article:published_time\" content=\"2021-02-19T19:13:07+00:00\" \/>\n<meta property=\"article:modified_time\" content=\"2021-02-19T19:17:50+00:00\" \/>\n<meta property=\"og:image\" content=\"https:\/\/www.caudete.org\/ayuntamiento\/wp-content\/uploads\/2021\/02\/Cartel-horizontal-1.jpg\" \/>\n\t<meta property=\"og:image:width\" content=\"1920\" \/>\n\t<meta property=\"og:image:height\" content=\"958\" \/>\n\t<meta property=\"og:image:type\" content=\"image\/jpeg\" \/>\n<meta name=\"author\" content=\"Juan\" \/>\n<meta name=\"twitter:card\" content=\"summary_large_image\" \/>\n<meta name=\"twitter:label1\" content=\"Escrito por\" \/>\n\t<meta name=\"twitter:data1\" content=\"Juan\" \/>\n\t<meta name=\"twitter:label2\" content=\"Tiempo de lectura\" \/>\n\t<meta name=\"twitter:data2\" content=\"1 minuto\" \/>\n<script type=\"application\/ld+json\" class=\"yoast-schema-graph\">{\"@context\":\"https:\\\/\\\/schema.org\",\"@graph\":[{\"@type\":\"Article\",\"@id\":\"https:\\\/\\\/www.caudete.org\\\/ayuntamiento\\\/desde-la-diputacion-provincial-de-albacete-se-ha-convocado-un-certamen-de-videos-por-la-igualdad-de-genero-a-traves-de-la-plataforma-tiktok\\\/#article\",\"isPartOf\":{\"@id\":\"https:\\\/\\\/www.caudete.org\\\/ayuntamiento\\\/desde-la-diputacion-provincial-de-albacete-se-ha-convocado-un-certamen-de-videos-por-la-igualdad-de-genero-a-traves-de-la-plataforma-tiktok\\\/\"},\"author\":{\"name\":\"Juan\",\"@id\":\"https:\\\/\\\/www.caudete.org\\\/ayuntamiento\\\/#\\\/schema\\\/person\\\/7656a5bb58fca95b9814e940de0fda63\"},\"headline\":\"Desde la Diputaci\u00f3n de Albacete se ha convocado un Certamen de videos por la Igualdad de G\u00e9nero a trav\u00e9s de &#8220;TikTok&#8221;.\",\"datePublished\":\"2021-02-19T19:13:07+00:00\",\"dateModified\":\"2021-02-19T19:17:50+00:00\",\"mainEntityOfPage\":{\"@id\":\"https:\\\/\\\/www.caudete.org\\\/ayuntamiento\\\/desde-la-diputacion-provincial-de-albacete-se-ha-convocado-un-certamen-de-videos-por-la-igualdad-de-genero-a-traves-de-la-plataforma-tiktok\\\/\"},\"wordCount\":102,\"image\":{\"@id\":\"https:\\\/\\\/www.caudete.org\\\/ayuntamiento\\\/desde-la-diputacion-provincial-de-albacete-se-ha-convocado-un-certamen-de-videos-por-la-igualdad-de-genero-a-traves-de-la-plataforma-tiktok\\\/#primaryimage\"},\"thumbnailUrl\":\"https:\\\/\\\/www.caudete.org\\\/ayuntamiento\\\/wp-content\\\/uploads\\\/2021\\\/02\\\/Cartel-horizontal-1.jpg\",\"keywords\":[\"8 de marzo\",\"Dia Internacional de la Mujer\",\"Diputaci\u00f3n de Albacete\"],\"articleSection\":[\"Mujer\"],\"inLanguage\":\"es\"},{\"@type\":\"WebPage\",\"@id\":\"https:\\\/\\\/www.caudete.org\\\/ayuntamiento\\\/desde-la-diputacion-provincial-de-albacete-se-ha-convocado-un-certamen-de-videos-por-la-igualdad-de-genero-a-traves-de-la-plataforma-tiktok\\\/\",\"url\":\"https:\\\/\\\/www.caudete.org\\\/ayuntamiento\\\/desde-la-diputacion-provincial-de-albacete-se-ha-convocado-un-certamen-de-videos-por-la-igualdad-de-genero-a-traves-de-la-plataforma-tiktok\\\/\",\"name\":\"Desde la Diputaci\u00f3n de Albacete se ha convocado un Certamen de videos por la Igualdad de G\u00e9nero a trav\u00e9s de \\\"TikTok\\\". - MI Ayuntamiento de Caudete\",\"isPartOf\":{\"@id\":\"https:\\\/\\\/www.caudete.org\\\/ayuntamiento\\\/#website\"},\"primaryImageOfPage\":{\"@id\":\"https:\\\/\\\/www.caudete.org\\\/ayuntamiento\\\/desde-la-diputacion-provincial-de-albacete-se-ha-convocado-un-certamen-de-videos-por-la-igualdad-de-genero-a-traves-de-la-plataforma-tiktok\\\/#primaryimage\"},\"image\":{\"@id\":\"https:\\\/\\\/www.caudete.org\\\/ayuntamiento\\\/desde-la-diputacion-provincial-de-albacete-se-ha-convocado-un-certamen-de-videos-por-la-igualdad-de-genero-a-traves-de-la-plataforma-tiktok\\\/#primaryimage\"},\"thumbnailUrl\":\"https:\\\/\\\/www.caudete.org\\\/ayuntamiento\\\/wp-content\\\/uploads\\\/2021\\\/02\\\/Cartel-horizontal-1.jpg\",\"datePublished\":\"2021-02-19T19:13:07+00:00\",\"dateModified\":\"2021-02-19T19:17:50+00:00\",\"author\":{\"@id\":\"https:\\\/\\\/www.caudete.org\\\/ayuntamiento\\\/#\\\/schema\\\/person\\\/7656a5bb58fca95b9814e940de0fda63\"},\"description\":\"P\u00e1gina Oficial del Ayuntamiento de Caudete (Albacete)\",\"breadcrumb\":{\"@id\":\"https:\\\/\\\/www.caudete.org\\\/ayuntamiento\\\/desde-la-diputacion-provincial-de-albacete-se-ha-convocado-un-certamen-de-videos-por-la-igualdad-de-genero-a-traves-de-la-plataforma-tiktok\\\/#breadcrumb\"},\"inLanguage\":\"es\",\"potentialAction\":[{\"@type\":\"ReadAction\",\"target\":[\"https:\\\/\\\/www.caudete.org\\\/ayuntamiento\\\/desde-la-diputacion-provincial-de-albacete-se-ha-convocado-un-certamen-de-videos-por-la-igualdad-de-genero-a-traves-de-la-plataforma-tiktok\\\/\"]}]},{\"@type\":\"ImageObject\",\"inLanguage\":\"es\",\"@id\":\"https:\\\/\\\/www.caudete.org\\\/ayuntamiento\\\/desde-la-diputacion-provincial-de-albacete-se-ha-convocado-un-certamen-de-videos-por-la-igualdad-de-genero-a-traves-de-la-plataforma-tiktok\\\/#primaryimage\",\"url\":\"https:\\\/\\\/www.caudete.org\\\/ayuntamiento\\\/wp-content\\\/uploads\\\/2021\\\/02\\\/Cartel-horizontal-1.jpg\",\"contentUrl\":\"https:\\\/\\\/www.caudete.org\\\/ayuntamiento\\\/wp-content\\\/uploads\\\/2021\\\/02\\\/Cartel-horizontal-1.jpg\",\"width\":1920,\"height\":958},{\"@type\":\"BreadcrumbList\",\"@id\":\"https:\\\/\\\/www.caudete.org\\\/ayuntamiento\\\/desde-la-diputacion-provincial-de-albacete-se-ha-convocado-un-certamen-de-videos-por-la-igualdad-de-genero-a-traves-de-la-plataforma-tiktok\\\/#breadcrumb\",\"itemListElement\":[{\"@type\":\"ListItem\",\"position\":1,\"name\":\"Inicio\",\"item\":\"https:\\\/\\\/www.caudete.org\\\/ayuntamiento\\\/\"},{\"@type\":\"ListItem\",\"position\":2,\"name\":\"Desde la Diputaci\u00f3n de Albacete se ha convocado un Certamen de videos por la Igualdad de G\u00e9nero a trav\u00e9s de &#8220;TikTok&#8221;.\"}]},{\"@type\":\"WebSite\",\"@id\":\"https:\\\/\\\/www.caudete.org\\\/ayuntamiento\\\/#website\",\"url\":\"https:\\\/\\\/www.caudete.org\\\/ayuntamiento\\\/\",\"name\":\"MI Ayuntamiento de Caudete\",\"description\":\"P\u00e1gina Oficial del MI Ayuntamiento de Caudete\",\"potentialAction\":[{\"@type\":\"SearchAction\",\"target\":{\"@type\":\"EntryPoint\",\"urlTemplate\":\"https:\\\/\\\/www.caudete.org\\\/ayuntamiento\\\/?s={search_term_string}\"},\"query-input\":{\"@type\":\"PropertyValueSpecification\",\"valueRequired\":true,\"valueName\":\"search_term_string\"}}],\"inLanguage\":\"es\"},{\"@type\":\"Person\",\"@id\":\"https:\\\/\\\/www.caudete.org\\\/ayuntamiento\\\/#\\\/schema\\\/person\\\/7656a5bb58fca95b9814e940de0fda63\",\"name\":\"Juan\",\"image\":{\"@type\":\"ImageObject\",\"inLanguage\":\"es\",\"@id\":\"https:\\\/\\\/secure.gravatar.com\\\/avatar\\\/dd53e51c0cd6ab23f52d4f3e4f1c59730240727763de3dbbf26750b079a2c292?s=96&d=mm&r=g\",\"url\":\"https:\\\/\\\/secure.gravatar.com\\\/avatar\\\/dd53e51c0cd6ab23f52d4f3e4f1c59730240727763de3dbbf26750b079a2c292?s=96&d=mm&r=g\",\"contentUrl\":\"https:\\\/\\\/secure.gravatar.com\\\/avatar\\\/dd53e51c0cd6ab23f52d4f3e4f1c59730240727763de3dbbf26750b079a2c292?s=96&d=mm&r=g\",\"caption\":\"Juan\"},\"url\":\"https:\\\/\\\/www.caudete.org\\\/ayuntamiento\\\/author\\\/centrodeinternet\\\/\"}]}<\/script>\n<!-- \/ Yoast SEO plugin. -->","yoast_head_json":{"title":"Desde la Diputaci\u00f3n de Albacete se ha convocado un Certamen de videos por la Igualdad de G\u00e9nero a trav\u00e9s de \"TikTok\". - MI Ayuntamiento de Caudete","description":"P\u00e1gina Oficial del Ayuntamiento de Caudete (Albacete)","robots":{"index":"index","follow":"follow","max-snippet":"max-snippet:-1","max-image-preview":"max-image-preview:large","max-video-preview":"max-video-preview:-1"},"canonical":"https:\/\/www.caudete.org\/ayuntamiento\/desde-la-diputacion-provincial-de-albacete-se-ha-convocado-un-certamen-de-videos-por-la-igualdad-de-genero-a-traves-de-la-plataforma-tiktok\/","og_locale":"es_ES","og_type":"article","og_title":"Desde la Diputaci\u00f3n de Albacete se ha convocado un Certamen de videos por la Igualdad de G\u00e9nero a trav\u00e9s de \"TikTok\". - MI Ayuntamiento de Caudete","og_description":"P\u00e1gina Oficial del Ayuntamiento de Caudete (Albacete)","og_url":"https:\/\/www.caudete.org\/ayuntamiento\/desde-la-diputacion-provincial-de-albacete-se-ha-convocado-un-certamen-de-videos-por-la-igualdad-de-genero-a-traves-de-la-plataforma-tiktok\/","og_site_name":"MI Ayuntamiento de Caudete","article_publisher":"https:\/\/www.facebook.com\/ayuntamientocaudete\/","article_published_time":"2021-02-19T19:13:07+00:00","article_modified_time":"2021-02-19T19:17:50+00:00","og_image":[{"width":1920,"height":958,"url":"https:\/\/www.caudete.org\/ayuntamiento\/wp-content\/uploads\/2021\/02\/Cartel-horizontal-1.jpg","type":"image\/jpeg"}],"author":"Juan","twitter_card":"summary_large_image","twitter_misc":{"Escrito por":"Juan","Tiempo de lectura":"1 minuto"},"schema":{"@context":"https:\/\/schema.org","@graph":[{"@type":"Article","@id":"https:\/\/www.caudete.org\/ayuntamiento\/desde-la-diputacion-provincial-de-albacete-se-ha-convocado-un-certamen-de-videos-por-la-igualdad-de-genero-a-traves-de-la-plataforma-tiktok\/#article","isPartOf":{"@id":"https:\/\/www.caudete.org\/ayuntamiento\/desde-la-diputacion-provincial-de-albacete-se-ha-convocado-un-certamen-de-videos-por-la-igualdad-de-genero-a-traves-de-la-plataforma-tiktok\/"},"author":{"name":"Juan","@id":"https:\/\/www.caudete.org\/ayuntamiento\/#\/schema\/person\/7656a5bb58fca95b9814e940de0fda63"},"headline":"Desde la Diputaci\u00f3n de Albacete se ha convocado un Certamen de videos por la Igualdad de G\u00e9nero a trav\u00e9s de &#8220;TikTok&#8221;.","datePublished":"2021-02-19T19:13:07+00:00","dateModified":"2021-02-19T19:17:50+00:00","mainEntityOfPage":{"@id":"https:\/\/www.caudete.org\/ayuntamiento\/desde-la-diputacion-provincial-de-albacete-se-ha-convocado-un-certamen-de-videos-por-la-igualdad-de-genero-a-traves-de-la-plataforma-tiktok\/"},"wordCount":102,"image":{"@id":"https:\/\/www.caudete.org\/ayuntamiento\/desde-la-diputacion-provincial-de-albacete-se-ha-convocado-un-certamen-de-videos-por-la-igualdad-de-genero-a-traves-de-la-plataforma-tiktok\/#primaryimage"},"thumbnailUrl":"https:\/\/www.caudete.org\/ayuntamiento\/wp-content\/uploads\/2021\/02\/Cartel-horizontal-1.jpg","keywords":["8 de marzo","Dia Internacional de la Mujer","Diputaci\u00f3n de Albacete"],"articleSection":["Mujer"],"inLanguage":"es"},{"@type":"WebPage","@id":"https:\/\/www.caudete.org\/ayuntamiento\/desde-la-diputacion-provincial-de-albacete-se-ha-convocado-un-certamen-de-videos-por-la-igualdad-de-genero-a-traves-de-la-plataforma-tiktok\/","url":"https:\/\/www.caudete.org\/ayuntamiento\/desde-la-diputacion-provincial-de-albacete-se-ha-convocado-un-certamen-de-videos-por-la-igualdad-de-genero-a-traves-de-la-plataforma-tiktok\/","name":"Desde la Diputaci\u00f3n de Albacete se ha convocado un Certamen de videos por la Igualdad de G\u00e9nero a trav\u00e9s de \"TikTok\". - MI Ayuntamiento de Caudete","isPartOf":{"@id":"https:\/\/www.caudete.org\/ayuntamiento\/#website"},"primaryImageOfPage":{"@id":"https:\/\/www.caudete.org\/ayuntamiento\/desde-la-diputacion-provincial-de-albacete-se-ha-convocado-un-certamen-de-videos-por-la-igualdad-de-genero-a-traves-de-la-plataforma-tiktok\/#primaryimage"},"image":{"@id":"https:\/\/www.caudete.org\/ayuntamiento\/desde-la-diputacion-provincial-de-albacete-se-ha-convocado-un-certamen-de-videos-por-la-igualdad-de-genero-a-traves-de-la-plataforma-tiktok\/#primaryimage"},"thumbnailUrl":"https:\/\/www.caudete.org\/ayuntamiento\/wp-content\/uploads\/2021\/02\/Cartel-horizontal-1.jpg","datePublished":"2021-02-19T19:13:07+00:00","dateModified":"2021-02-19T19:17:50+00:00","author":{"@id":"https:\/\/www.caudete.org\/ayuntamiento\/#\/schema\/person\/7656a5bb58fca95b9814e940de0fda63"},"description":"P\u00e1gina Oficial del Ayuntamiento de Caudete (Albacete)","breadcrumb":{"@id":"https:\/\/www.caudete.org\/ayuntamiento\/desde-la-diputacion-provincial-de-albacete-se-ha-convocado-un-certamen-de-videos-por-la-igualdad-de-genero-a-traves-de-la-plataforma-tiktok\/#breadcrumb"},"inLanguage":"es","potentialAction":[{"@type":"ReadAction","target":["https:\/\/www.caudete.org\/ayuntamiento\/desde-la-diputacion-provincial-de-albacete-se-ha-convocado-un-certamen-de-videos-por-la-igualdad-de-genero-a-traves-de-la-plataforma-tiktok\/"]}]},{"@type":"ImageObject","inLanguage":"es","@id":"https:\/\/www.caudete.org\/ayuntamiento\/desde-la-diputacion-provincial-de-albacete-se-ha-convocado-un-certamen-de-videos-por-la-igualdad-de-genero-a-traves-de-la-plataforma-tiktok\/#primaryimage","url":"https:\/\/www.caudete.org\/ayuntamiento\/wp-content\/uploads\/2021\/02\/Cartel-horizontal-1.jpg","contentUrl":"https:\/\/www.caudete.org\/ayuntamiento\/wp-content\/uploads\/2021\/02\/Cartel-horizontal-1.jpg","width":1920,"height":958},{"@type":"BreadcrumbList","@id":"https:\/\/www.caudete.org\/ayuntamiento\/desde-la-diputacion-provincial-de-albacete-se-ha-convocado-un-certamen-de-videos-por-la-igualdad-de-genero-a-traves-de-la-plataforma-tiktok\/#breadcrumb","itemListElement":[{"@type":"ListItem","position":1,"name":"Inicio","item":"https:\/\/www.caudete.org\/ayuntamiento\/"},{"@type":"ListItem","position":2,"name":"Desde la Diputaci\u00f3n de Albacete se ha convocado un Certamen de videos por la Igualdad de G\u00e9nero a trav\u00e9s de &#8220;TikTok&#8221;."}]},{"@type":"WebSite","@id":"https:\/\/www.caudete.org\/ayuntamiento\/#website","url":"https:\/\/www.caudete.org\/ayuntamiento\/","name":"MI Ayuntamiento de Caudete","description":"P\u00e1gina Oficial del MI Ayuntamiento de Caudete","potentialAction":[{"@type":"SearchAction","target":{"@type":"EntryPoint","urlTemplate":"https:\/\/www.caudete.org\/ayuntamiento\/?s={search_term_string}"},"query-input":{"@type":"PropertyValueSpecification","valueRequired":true,"valueName":"search_term_string"}}],"inLanguage":"es"},{"@type":"Person","@id":"https:\/\/www.caudete.org\/ayuntamiento\/#\/schema\/person\/7656a5bb58fca95b9814e940de0fda63","name":"Juan","image":{"@type":"ImageObject","inLanguage":"es","@id":"https:\/\/secure.gravatar.com\/avatar\/dd53e51c0cd6ab23f52d4f3e4f1c59730240727763de3dbbf26750b079a2c292?s=96&d=mm&r=g","url":"https:\/\/secure.gravatar.com\/avatar\/dd53e51c0cd6ab23f52d4f3e4f1c59730240727763de3dbbf26750b079a2c292?s=96&d=mm&r=g","contentUrl":"https:\/\/secure.gravatar.com\/avatar\/dd53e51c0cd6ab23f52d4f3e4f1c59730240727763de3dbbf26750b079a2c292?s=96&d=mm&r=g","caption":"Juan"},"url":"https:\/\/www.caudete.org\/ayuntamiento\/author\/centrodeinternet\/"}]}},"_links":{"self":[{"href":"https:\/\/www.caudete.org\/ayuntamiento\/wp-json\/wp\/v2\/posts\/12288","targetHints":{"allow":["GET"]}}],"collection":[{"href":"https:\/\/www.caudete.org\/ayuntamiento\/wp-json\/wp\/v2\/posts"}],"about":[{"href":"https:\/\/www.caudete.org\/ayuntamiento\/wp-json\/wp\/v2\/types\/post"}],"author":[{"embeddable":true,"href":"https:\/\/www.caudete.org\/ayuntamiento\/wp-json\/wp\/v2\/users\/2"}],"replies":[{"embeddable":true,"href":"https:\/\/www.caudete.org\/ayuntamiento\/wp-json\/wp\/v2\/comments?post=12288"}],"version-history":[{"count":5,"href":"https:\/\/www.caudete.org\/ayuntamiento\/wp-json\/wp\/v2\/posts\/12288\/revisions"}],"predecessor-version":[{"id":12295,"href":"https:\/\/www.caudete.org\/ayuntamiento\/wp-json\/wp\/v2\/posts\/12288\/revisions\/12295"}],"wp:featuredmedia":[{"embeddable":true,"href":"https:\/\/www.caudete.org\/ayuntamiento\/wp-json\/wp\/v2\/media\/12292"}],"wp:attachment":[{"href":"https:\/\/www.caudete.org\/ayuntamiento\/wp-json\/wp\/v2\/media?parent=12288"}],"wp:term":[{"taxonomy":"category","embeddable":true,"href":"https:\/\/www.caudete.org\/ayuntamiento\/wp-json\/wp\/v2\/categories?post=12288"},{"taxonomy":"post_tag","embeddable":true,"href":"https:\/\/www.caudete.org\/ayuntamiento\/wp-json\/wp\/v2\/tags?post=12288"}],"curies":[{"name":"wp","href":"https:\/\/api.w.org\/{rel}","templated":true}]}}