{"id":12298,"date":"2021-02-20T12:14:55","date_gmt":"2021-02-20T11:14:55","guid":{"rendered":"https:\/\/www.caudete.org\/ayuntamiento\/?p=12298"},"modified":"2021-02-20T12:22:21","modified_gmt":"2021-02-20T11:22:21","slug":"el-gobierno-municipal-interpondra-recurso-judicial-contencioso-administrativo-contra-la-jccm-por-autorizar-permiso-a-una-nueva-cantera-en-sierra-del-cuchillo","status":"publish","type":"post","link":"https:\/\/www.caudete.org\/ayuntamiento\/el-gobierno-municipal-interpondra-recurso-judicial-contencioso-administrativo-contra-la-jccm-por-autorizar-permiso-a-una-nueva-cantera-en-sierra-del-cuchillo\/","title":{"rendered":"El Gobierno Municipal interpondr\u00e1 Recurso Judicial Contencioso-Administrativo contra la JCCM por dar permiso a una nueva Cantera en SIERRA DEL CUCHILLO"},"content":{"rendered":"<p style=\"text-align: justify;\">Hace unos d\u00edas se registraba en el Ayuntamiento la resoluci\u00f3n judicial que rechaza las alegaciones presentadas por el Consistorio caudetano respecto al Permiso de Investigaci\u00f3n a <em>Canteras Tanit Tres, S.L<\/em>. otorgado por la JCCM.<\/p>\n<p style=\"text-align: justify;\">De ello hac\u00eda eco el Alcalde a los miembros de la Junta de Gobierno Local para analizar la situaci\u00f3n y fijar la l\u00ednea de trabajo y estrategia a seguir que pretenda defender los intereses de los caudetanos, y blindar el medio natural que tenemos.<\/p>\n<p style=\"text-align: justify;\">Dicha resoluci\u00f3n &#8220;<em>\u00fanicamente deja abierta la puerta de interponer el preceptivo Recurso Judicial Contencioso-Administrativo, acci\u00f3n en la que desde los Servicios Jur\u00eddicos y T\u00e9cnicos del Ayuntamiento de Caudete, junto al Gobierno Municipal se est\u00e1 trabajando<\/em>&#8221; tal y como anunciaba el Alcalde.<\/p>\n<p style=\"text-align: justify;\">Igualmente comunicaba que &#8220;<em>de forma paralela a las acciones judiciales, la v\u00eda pol\u00edtica y diplom\u00e1tica va a estar sobre la mesa: el Equipo de Gobierno solicitar\u00e1 el respaldo a las acciones emprendidas al Pleno de la Corporaci\u00f3n, al igual que se van a solicitar por escrito audiencia con las autoridades regionales competentes&#8221;\u00a0<\/em>a\u00f1adiendo que &#8220;<em>tampoco se descartan otras acciones que ayuden a frenar este desprop\u00f3sito de una empresa y consentido por la administraci\u00f3n Regional<\/em>&#8221; .<\/p>\n<p style=\"text-align: justify;\">Lamenta el Alcalde que tras varios a\u00f1os de disputa &#8220;e<em>l Gobierno de Castilla La Mancha haya dado la espalda a Caudete en un asunto medioambiental, que se haya\u00a0 deso\u00eddo la voz y el sentir de los caudetanos<\/em>&#8220;, por lo que a\u00f1ad\u00eda &#8220;<em>exijo hacia Caudete el mismo respeto que los caudetanos tienen por la administraci\u00f3n manchega, y que de esta forma se proceda de inmediato a la paralizaci\u00f3n de los tr\u00e1mites, permisos y concesiones de este proyecto, por suponer una incompatibilidad urban\u00edstica y legal, un atentado al medio natural de Caudete e ir en contra de la voluntad, intereses y sentir de un pueblo<\/em>\u201d, seg\u00fan ha enfatizado el Alcalde, Mois\u00e9s L\u00f3pez.<\/p>\n<p style=\"text-align: justify;\">Como apunte, cabe rese\u00f1ar que inicialmente la Direcci\u00f3n Provincial de la Consejer\u00eda de Econom\u00eda, Empresas y Empleo en Albacete deneg\u00f3 el permiso. Sin embargo, tras el recurso presentado por la empresa <em>Tanit Tres<\/em>, en 2019 dictamin\u00f3 que \u201c<em>procede declarar la necesidad de ocupaci\u00f3n de los terrenos en cuesti\u00f3n, por considerarlos estrictamente indispensables para poder llevar a cabo los trabajos del Permiso de Investigaci\u00f3n<\/em>\u201d, lo que supon\u00eda que la empresa pod\u00eda realizar la citada investigaci\u00f3n.<\/p>\n<p style=\"text-align: justify;\">Tras ello, el Ayuntamiento interpuso Recurso de Alzada, que ahora ha sido rechazado, y que supon\u00eda la revisi\u00f3n del expediente por la Direcci\u00f3n Provincial.<\/p>\n","protected":false},"excerpt":{"rendered":"<p>Hace unos d\u00edas se registraba en el Ayuntamiento la resoluci\u00f3n judicial que rechaza las alegaciones presentadas por el Consistorio caudetano respecto al Permiso de Investigaci\u00f3n a Canteras Tanit Tres, S.L. otorgado por la JCCM. De ello hac\u00eda eco el Alcalde a los miembros de la Junta de Gobierno Local para analizar la situaci\u00f3n y fijar &hellip;<\/p>\n","protected":false},"author":3,"featured_media":12299,"comment_status":"closed","ping_status":"open","sticky":false,"template":"","format":"standard","meta":{"ngg_post_thumbnail":0,"footnotes":""},"categories":[29],"tags":[454,228,456,457,320,453,455],"class_list":["post-12298","post","type-post","status-publish","format-standard","has-post-thumbnail","hentry","category-medio-ambiente","tag-cantera","tag-jccm","tag-permiso-investigacion","tag-recurso-alzada","tag-recurso-conntencioso-administrativo","tag-sierra-del-cuchillo","tag-tanit-tres"],"yoast_head":"<!-- This site is optimized with the Yoast SEO plugin v27.4 - https:\/\/yoast.com\/product\/yoast-seo-wordpress\/ -->\n<title>El Gobierno Municipal interpondr\u00e1 Recurso Judicial Contencioso-Administrativo contra la JCCM por dar permiso a una nueva Cantera en SIERRA DEL CUCHILLO - MI Ayuntamiento de Caudete<\/title>\n<meta name=\"description\" content=\"P\u00e1gina Oficial del Ayuntamiento de Caudete (Albacete)\" \/>\n<meta name=\"robots\" content=\"index, follow, max-snippet:-1, max-image-preview:large, max-video-preview:-1\" \/>\n<link rel=\"canonical\" href=\"https:\/\/www.caudete.org\/ayuntamiento\/el-gobierno-municipal-interpondra-recurso-judicial-contencioso-administrativo-contra-la-jccm-por-autorizar-permiso-a-una-nueva-cantera-en-sierra-del-cuchillo\/\" \/>\n<meta property=\"og:locale\" content=\"es_ES\" \/>\n<meta property=\"og:type\" content=\"article\" \/>\n<meta property=\"og:title\" content=\"El Gobierno Municipal interpondr\u00e1 Recurso Judicial Contencioso-Administrativo contra la JCCM por dar permiso a una nueva Cantera en SIERRA DEL CUCHILLO - MI Ayuntamiento de Caudete\" \/>\n<meta property=\"og:description\" content=\"P\u00e1gina Oficial del Ayuntamiento de Caudete (Albacete)\" \/>\n<meta property=\"og:url\" content=\"https:\/\/www.caudete.org\/ayuntamiento\/el-gobierno-municipal-interpondra-recurso-judicial-contencioso-administrativo-contra-la-jccm-por-autorizar-permiso-a-una-nueva-cantera-en-sierra-del-cuchillo\/\" \/>\n<meta property=\"og:site_name\" content=\"MI Ayuntamiento de Caudete\" \/>\n<meta property=\"article:publisher\" content=\"https:\/\/www.facebook.com\/ayuntamientocaudete\/\" \/>\n<meta property=\"article:published_time\" content=\"2021-02-20T11:14:55+00:00\" \/>\n<meta property=\"article:modified_time\" content=\"2021-02-20T11:22:21+00:00\" \/>\n<meta property=\"og:image\" content=\"https:\/\/www.caudete.org\/ayuntamiento\/wp-content\/uploads\/2021\/02\/descarga-4.jpg\" \/>\n\t<meta property=\"og:image:width\" content=\"291\" \/>\n\t<meta property=\"og:image:height\" content=\"173\" \/>\n\t<meta property=\"og:image:type\" content=\"image\/jpeg\" \/>\n<meta name=\"author\" content=\"alcalde\" \/>\n<meta name=\"twitter:card\" content=\"summary_large_image\" \/>\n<meta name=\"twitter:label1\" content=\"Escrito por\" \/>\n\t<meta name=\"twitter:data1\" content=\"alcalde\" \/>\n\t<meta name=\"twitter:label2\" content=\"Tiempo de lectura\" \/>\n\t<meta name=\"twitter:data2\" content=\"2 minutos\" \/>\n<script type=\"application\/ld+json\" class=\"yoast-schema-graph\">{\"@context\":\"https:\\\/\\\/schema.org\",\"@graph\":[{\"@type\":\"Article\",\"@id\":\"https:\\\/\\\/www.caudete.org\\\/ayuntamiento\\\/el-gobierno-municipal-interpondra-recurso-judicial-contencioso-administrativo-contra-la-jccm-por-autorizar-permiso-a-una-nueva-cantera-en-sierra-del-cuchillo\\\/#article\",\"isPartOf\":{\"@id\":\"https:\\\/\\\/www.caudete.org\\\/ayuntamiento\\\/el-gobierno-municipal-interpondra-recurso-judicial-contencioso-administrativo-contra-la-jccm-por-autorizar-permiso-a-una-nueva-cantera-en-sierra-del-cuchillo\\\/\"},\"author\":{\"name\":\"alcalde\",\"@id\":\"https:\\\/\\\/www.caudete.org\\\/ayuntamiento\\\/#\\\/schema\\\/person\\\/cc646da9133078ee4d8dd47457947253\"},\"headline\":\"El Gobierno Municipal interpondr\u00e1 Recurso Judicial Contencioso-Administrativo contra la JCCM por dar permiso a una nueva Cantera en SIERRA DEL CUCHILLO\",\"datePublished\":\"2021-02-20T11:14:55+00:00\",\"dateModified\":\"2021-02-20T11:22:21+00:00\",\"mainEntityOfPage\":{\"@id\":\"https:\\\/\\\/www.caudete.org\\\/ayuntamiento\\\/el-gobierno-municipal-interpondra-recurso-judicial-contencioso-administrativo-contra-la-jccm-por-autorizar-permiso-a-una-nueva-cantera-en-sierra-del-cuchillo\\\/\"},\"wordCount\":463,\"publisher\":{\"@id\":\"https:\\\/\\\/www.caudete.org\\\/ayuntamiento\\\/#organization\"},\"image\":{\"@id\":\"https:\\\/\\\/www.caudete.org\\\/ayuntamiento\\\/el-gobierno-municipal-interpondra-recurso-judicial-contencioso-administrativo-contra-la-jccm-por-autorizar-permiso-a-una-nueva-cantera-en-sierra-del-cuchillo\\\/#primaryimage\"},\"thumbnailUrl\":\"https:\\\/\\\/www.caudete.org\\\/ayuntamiento\\\/wp-content\\\/uploads\\\/2021\\\/02\\\/descarga-4.jpg\",\"keywords\":[\"cantera\",\"jccm\",\"permiso investigacion\",\"recurso alzada\",\"recurso conntencioso administrativo\",\"sierra del cuchillo\",\"tanit tres\"],\"articleSection\":[\"Medio Ambiente\"],\"inLanguage\":\"es\"},{\"@type\":\"WebPage\",\"@id\":\"https:\\\/\\\/www.caudete.org\\\/ayuntamiento\\\/el-gobierno-municipal-interpondra-recurso-judicial-contencioso-administrativo-contra-la-jccm-por-autorizar-permiso-a-una-nueva-cantera-en-sierra-del-cuchillo\\\/\",\"url\":\"https:\\\/\\\/www.caudete.org\\\/ayuntamiento\\\/el-gobierno-municipal-interpondra-recurso-judicial-contencioso-administrativo-contra-la-jccm-por-autorizar-permiso-a-una-nueva-cantera-en-sierra-del-cuchillo\\\/\",\"name\":\"El Gobierno Municipal interpondr\u00e1 Recurso Judicial Contencioso-Administrativo contra la JCCM por dar permiso a una nueva Cantera en SIERRA DEL CUCHILLO - MI Ayuntamiento de Caudete\",\"isPartOf\":{\"@id\":\"https:\\\/\\\/www.caudete.org\\\/ayuntamiento\\\/#website\"},\"primaryImageOfPage\":{\"@id\":\"https:\\\/\\\/www.caudete.org\\\/ayuntamiento\\\/el-gobierno-municipal-interpondra-recurso-judicial-contencioso-administrativo-contra-la-jccm-por-autorizar-permiso-a-una-nueva-cantera-en-sierra-del-cuchillo\\\/#primaryimage\"},\"image\":{\"@id\":\"https:\\\/\\\/www.caudete.org\\\/ayuntamiento\\\/el-gobierno-municipal-interpondra-recurso-judicial-contencioso-administrativo-contra-la-jccm-por-autorizar-permiso-a-una-nueva-cantera-en-sierra-del-cuchillo\\\/#primaryimage\"},\"thumbnailUrl\":\"https:\\\/\\\/www.caudete.org\\\/ayuntamiento\\\/wp-content\\\/uploads\\\/2021\\\/02\\\/descarga-4.jpg\",\"datePublished\":\"2021-02-20T11:14:55+00:00\",\"dateModified\":\"2021-02-20T11:22:21+00:00\",\"description\":\"P\u00e1gina Oficial del Ayuntamiento de Caudete (Albacete)\",\"breadcrumb\":{\"@id\":\"https:\\\/\\\/www.caudete.org\\\/ayuntamiento\\\/el-gobierno-municipal-interpondra-recurso-judicial-contencioso-administrativo-contra-la-jccm-por-autorizar-permiso-a-una-nueva-cantera-en-sierra-del-cuchillo\\\/#breadcrumb\"},\"inLanguage\":\"es\",\"potentialAction\":[{\"@type\":\"ReadAction\",\"target\":[\"https:\\\/\\\/www.caudete.org\\\/ayuntamiento\\\/el-gobierno-municipal-interpondra-recurso-judicial-contencioso-administrativo-contra-la-jccm-por-autorizar-permiso-a-una-nueva-cantera-en-sierra-del-cuchillo\\\/\"]}]},{\"@type\":\"ImageObject\",\"inLanguage\":\"es\",\"@id\":\"https:\\\/\\\/www.caudete.org\\\/ayuntamiento\\\/el-gobierno-municipal-interpondra-recurso-judicial-contencioso-administrativo-contra-la-jccm-por-autorizar-permiso-a-una-nueva-cantera-en-sierra-del-cuchillo\\\/#primaryimage\",\"url\":\"https:\\\/\\\/www.caudete.org\\\/ayuntamiento\\\/wp-content\\\/uploads\\\/2021\\\/02\\\/descarga-4.jpg\",\"contentUrl\":\"https:\\\/\\\/www.caudete.org\\\/ayuntamiento\\\/wp-content\\\/uploads\\\/2021\\\/02\\\/descarga-4.jpg\",\"width\":291,\"height\":173},{\"@type\":\"BreadcrumbList\",\"@id\":\"https:\\\/\\\/www.caudete.org\\\/ayuntamiento\\\/el-gobierno-municipal-interpondra-recurso-judicial-contencioso-administrativo-contra-la-jccm-por-autorizar-permiso-a-una-nueva-cantera-en-sierra-del-cuchillo\\\/#breadcrumb\",\"itemListElement\":[{\"@type\":\"ListItem\",\"position\":1,\"name\":\"Inicio\",\"item\":\"https:\\\/\\\/www.caudete.org\\\/ayuntamiento\\\/\"},{\"@type\":\"ListItem\",\"position\":2,\"name\":\"El Gobierno Municipal interpondr\u00e1 Recurso Judicial Contencioso-Administrativo contra la JCCM por dar permiso a una nueva Cantera en SIERRA DEL CUCHILLO\"}]},{\"@type\":\"WebSite\",\"@id\":\"https:\\\/\\\/www.caudete.org\\\/ayuntamiento\\\/#website\",\"url\":\"https:\\\/\\\/www.caudete.org\\\/ayuntamiento\\\/\",\"name\":\"MI Ayuntamiento de Caudete\",\"description\":\"P\u00e1gina Oficial del MI Ayuntamiento de Caudete\",\"publisher\":{\"@id\":\"https:\\\/\\\/www.caudete.org\\\/ayuntamiento\\\/#organization\"},\"potentialAction\":[{\"@type\":\"SearchAction\",\"target\":{\"@type\":\"EntryPoint\",\"urlTemplate\":\"https:\\\/\\\/www.caudete.org\\\/ayuntamiento\\\/?s={search_term_string}\"},\"query-input\":{\"@type\":\"PropertyValueSpecification\",\"valueRequired\":true,\"valueName\":\"search_term_string\"}}],\"inLanguage\":\"es\"},{\"@type\":\"Organization\",\"@id\":\"https:\\\/\\\/www.caudete.org\\\/ayuntamiento\\\/#organization\",\"name\":\"Ayuntamiento de Caudete\",\"url\":\"https:\\\/\\\/www.caudete.org\\\/ayuntamiento\\\/\",\"logo\":{\"@type\":\"ImageObject\",\"inLanguage\":\"es\",\"@id\":\"https:\\\/\\\/www.caudete.org\\\/ayuntamiento\\\/#\\\/schema\\\/logo\\\/image\\\/\",\"url\":\"https:\\\/\\\/www.caudete.org\\\/ayuntamiento\\\/wp-content\\\/uploads\\\/2020\\\/11\\\/logo_ayuntamiento_caudete.jpg\",\"contentUrl\":\"https:\\\/\\\/www.caudete.org\\\/ayuntamiento\\\/wp-content\\\/uploads\\\/2020\\\/11\\\/logo_ayuntamiento_caudete.jpg\",\"width\":600,\"height\":150,\"caption\":\"Ayuntamiento de Caudete\"},\"image\":{\"@id\":\"https:\\\/\\\/www.caudete.org\\\/ayuntamiento\\\/#\\\/schema\\\/logo\\\/image\\\/\"},\"sameAs\":[\"https:\\\/\\\/www.facebook.com\\\/ayuntamientocaudete\\\/\",\"https:\\\/\\\/www.youtube.com\\\/channel\\\/UC6VztHaooNsGpw-tNoBEFnQ\"]},{\"@type\":\"Person\",\"@id\":\"https:\\\/\\\/www.caudete.org\\\/ayuntamiento\\\/#\\\/schema\\\/person\\\/cc646da9133078ee4d8dd47457947253\",\"name\":\"alcalde\",\"image\":{\"@type\":\"ImageObject\",\"inLanguage\":\"es\",\"@id\":\"https:\\\/\\\/secure.gravatar.com\\\/avatar\\\/84a817ba065b29ff08d666b215a215f5c79186a645ccb25b14a663d48a130f77?s=96&d=mm&r=g\",\"url\":\"https:\\\/\\\/secure.gravatar.com\\\/avatar\\\/84a817ba065b29ff08d666b215a215f5c79186a645ccb25b14a663d48a130f77?s=96&d=mm&r=g\",\"contentUrl\":\"https:\\\/\\\/secure.gravatar.com\\\/avatar\\\/84a817ba065b29ff08d666b215a215f5c79186a645ccb25b14a663d48a130f77?s=96&d=mm&r=g\",\"caption\":\"alcalde\"},\"url\":\"https:\\\/\\\/www.caudete.org\\\/ayuntamiento\\\/author\\\/alcalde\\\/\"}]}<\/script>\n<!-- \/ Yoast SEO plugin. -->","yoast_head_json":{"title":"El Gobierno Municipal interpondr\u00e1 Recurso Judicial Contencioso-Administrativo contra la JCCM por dar permiso a una nueva Cantera en SIERRA DEL CUCHILLO - MI Ayuntamiento de Caudete","description":"P\u00e1gina Oficial del Ayuntamiento de Caudete (Albacete)","robots":{"index":"index","follow":"follow","max-snippet":"max-snippet:-1","max-image-preview":"max-image-preview:large","max-video-preview":"max-video-preview:-1"},"canonical":"https:\/\/www.caudete.org\/ayuntamiento\/el-gobierno-municipal-interpondra-recurso-judicial-contencioso-administrativo-contra-la-jccm-por-autorizar-permiso-a-una-nueva-cantera-en-sierra-del-cuchillo\/","og_locale":"es_ES","og_type":"article","og_title":"El Gobierno Municipal interpondr\u00e1 Recurso Judicial Contencioso-Administrativo contra la JCCM por dar permiso a una nueva Cantera en SIERRA DEL CUCHILLO - MI Ayuntamiento de Caudete","og_description":"P\u00e1gina Oficial del Ayuntamiento de Caudete (Albacete)","og_url":"https:\/\/www.caudete.org\/ayuntamiento\/el-gobierno-municipal-interpondra-recurso-judicial-contencioso-administrativo-contra-la-jccm-por-autorizar-permiso-a-una-nueva-cantera-en-sierra-del-cuchillo\/","og_site_name":"MI Ayuntamiento de Caudete","article_publisher":"https:\/\/www.facebook.com\/ayuntamientocaudete\/","article_published_time":"2021-02-20T11:14:55+00:00","article_modified_time":"2021-02-20T11:22:21+00:00","og_image":[{"width":291,"height":173,"url":"https:\/\/www.caudete.org\/ayuntamiento\/wp-content\/uploads\/2021\/02\/descarga-4.jpg","type":"image\/jpeg"}],"author":"alcalde","twitter_card":"summary_large_image","twitter_misc":{"Escrito por":"alcalde","Tiempo de lectura":"2 minutos"},"schema":{"@context":"https:\/\/schema.org","@graph":[{"@type":"Article","@id":"https:\/\/www.caudete.org\/ayuntamiento\/el-gobierno-municipal-interpondra-recurso-judicial-contencioso-administrativo-contra-la-jccm-por-autorizar-permiso-a-una-nueva-cantera-en-sierra-del-cuchillo\/#article","isPartOf":{"@id":"https:\/\/www.caudete.org\/ayuntamiento\/el-gobierno-municipal-interpondra-recurso-judicial-contencioso-administrativo-contra-la-jccm-por-autorizar-permiso-a-una-nueva-cantera-en-sierra-del-cuchillo\/"},"author":{"name":"alcalde","@id":"https:\/\/www.caudete.org\/ayuntamiento\/#\/schema\/person\/cc646da9133078ee4d8dd47457947253"},"headline":"El Gobierno Municipal interpondr\u00e1 Recurso Judicial Contencioso-Administrativo contra la JCCM por dar permiso a una nueva Cantera en SIERRA DEL CUCHILLO","datePublished":"2021-02-20T11:14:55+00:00","dateModified":"2021-02-20T11:22:21+00:00","mainEntityOfPage":{"@id":"https:\/\/www.caudete.org\/ayuntamiento\/el-gobierno-municipal-interpondra-recurso-judicial-contencioso-administrativo-contra-la-jccm-por-autorizar-permiso-a-una-nueva-cantera-en-sierra-del-cuchillo\/"},"wordCount":463,"publisher":{"@id":"https:\/\/www.caudete.org\/ayuntamiento\/#organization"},"image":{"@id":"https:\/\/www.caudete.org\/ayuntamiento\/el-gobierno-municipal-interpondra-recurso-judicial-contencioso-administrativo-contra-la-jccm-por-autorizar-permiso-a-una-nueva-cantera-en-sierra-del-cuchillo\/#primaryimage"},"thumbnailUrl":"https:\/\/www.caudete.org\/ayuntamiento\/wp-content\/uploads\/2021\/02\/descarga-4.jpg","keywords":["cantera","jccm","permiso investigacion","recurso alzada","recurso conntencioso administrativo","sierra del cuchillo","tanit tres"],"articleSection":["Medio Ambiente"],"inLanguage":"es"},{"@type":"WebPage","@id":"https:\/\/www.caudete.org\/ayuntamiento\/el-gobierno-municipal-interpondra-recurso-judicial-contencioso-administrativo-contra-la-jccm-por-autorizar-permiso-a-una-nueva-cantera-en-sierra-del-cuchillo\/","url":"https:\/\/www.caudete.org\/ayuntamiento\/el-gobierno-municipal-interpondra-recurso-judicial-contencioso-administrativo-contra-la-jccm-por-autorizar-permiso-a-una-nueva-cantera-en-sierra-del-cuchillo\/","name":"El Gobierno Municipal interpondr\u00e1 Recurso Judicial Contencioso-Administrativo contra la JCCM por dar permiso a una nueva Cantera en SIERRA DEL CUCHILLO - MI Ayuntamiento de Caudete","isPartOf":{"@id":"https:\/\/www.caudete.org\/ayuntamiento\/#website"},"primaryImageOfPage":{"@id":"https:\/\/www.caudete.org\/ayuntamiento\/el-gobierno-municipal-interpondra-recurso-judicial-contencioso-administrativo-contra-la-jccm-por-autorizar-permiso-a-una-nueva-cantera-en-sierra-del-cuchillo\/#primaryimage"},"image":{"@id":"https:\/\/www.caudete.org\/ayuntamiento\/el-gobierno-municipal-interpondra-recurso-judicial-contencioso-administrativo-contra-la-jccm-por-autorizar-permiso-a-una-nueva-cantera-en-sierra-del-cuchillo\/#primaryimage"},"thumbnailUrl":"https:\/\/www.caudete.org\/ayuntamiento\/wp-content\/uploads\/2021\/02\/descarga-4.jpg","datePublished":"2021-02-20T11:14:55+00:00","dateModified":"2021-02-20T11:22:21+00:00","description":"P\u00e1gina Oficial del Ayuntamiento de Caudete (Albacete)","breadcrumb":{"@id":"https:\/\/www.caudete.org\/ayuntamiento\/el-gobierno-municipal-interpondra-recurso-judicial-contencioso-administrativo-contra-la-jccm-por-autorizar-permiso-a-una-nueva-cantera-en-sierra-del-cuchillo\/#breadcrumb"},"inLanguage":"es","potentialAction":[{"@type":"ReadAction","target":["https:\/\/www.caudete.org\/ayuntamiento\/el-gobierno-municipal-interpondra-recurso-judicial-contencioso-administrativo-contra-la-jccm-por-autorizar-permiso-a-una-nueva-cantera-en-sierra-del-cuchillo\/"]}]},{"@type":"ImageObject","inLanguage":"es","@id":"https:\/\/www.caudete.org\/ayuntamiento\/el-gobierno-municipal-interpondra-recurso-judicial-contencioso-administrativo-contra-la-jccm-por-autorizar-permiso-a-una-nueva-cantera-en-sierra-del-cuchillo\/#primaryimage","url":"https:\/\/www.caudete.org\/ayuntamiento\/wp-content\/uploads\/2021\/02\/descarga-4.jpg","contentUrl":"https:\/\/www.caudete.org\/ayuntamiento\/wp-content\/uploads\/2021\/02\/descarga-4.jpg","width":291,"height":173},{"@type":"BreadcrumbList","@id":"https:\/\/www.caudete.org\/ayuntamiento\/el-gobierno-municipal-interpondra-recurso-judicial-contencioso-administrativo-contra-la-jccm-por-autorizar-permiso-a-una-nueva-cantera-en-sierra-del-cuchillo\/#breadcrumb","itemListElement":[{"@type":"ListItem","position":1,"name":"Inicio","item":"https:\/\/www.caudete.org\/ayuntamiento\/"},{"@type":"ListItem","position":2,"name":"El Gobierno Municipal interpondr\u00e1 Recurso Judicial Contencioso-Administrativo contra la JCCM por dar permiso a una nueva Cantera en SIERRA DEL CUCHILLO"}]},{"@type":"WebSite","@id":"https:\/\/www.caudete.org\/ayuntamiento\/#website","url":"https:\/\/www.caudete.org\/ayuntamiento\/","name":"MI Ayuntamiento de Caudete","description":"P\u00e1gina Oficial del MI Ayuntamiento de Caudete","publisher":{"@id":"https:\/\/www.caudete.org\/ayuntamiento\/#organization"},"potentialAction":[{"@type":"SearchAction","target":{"@type":"EntryPoint","urlTemplate":"https:\/\/www.caudete.org\/ayuntamiento\/?s={search_term_string}"},"query-input":{"@type":"PropertyValueSpecification","valueRequired":true,"valueName":"search_term_string"}}],"inLanguage":"es"},{"@type":"Organization","@id":"https:\/\/www.caudete.org\/ayuntamiento\/#organization","name":"Ayuntamiento de Caudete","url":"https:\/\/www.caudete.org\/ayuntamiento\/","logo":{"@type":"ImageObject","inLanguage":"es","@id":"https:\/\/www.caudete.org\/ayuntamiento\/#\/schema\/logo\/image\/","url":"https:\/\/www.caudete.org\/ayuntamiento\/wp-content\/uploads\/2020\/11\/logo_ayuntamiento_caudete.jpg","contentUrl":"https:\/\/www.caudete.org\/ayuntamiento\/wp-content\/uploads\/2020\/11\/logo_ayuntamiento_caudete.jpg","width":600,"height":150,"caption":"Ayuntamiento de Caudete"},"image":{"@id":"https:\/\/www.caudete.org\/ayuntamiento\/#\/schema\/logo\/image\/"},"sameAs":["https:\/\/www.facebook.com\/ayuntamientocaudete\/","https:\/\/www.youtube.com\/channel\/UC6VztHaooNsGpw-tNoBEFnQ"]},{"@type":"Person","@id":"https:\/\/www.caudete.org\/ayuntamiento\/#\/schema\/person\/cc646da9133078ee4d8dd47457947253","name":"alcalde","image":{"@type":"ImageObject","inLanguage":"es","@id":"https:\/\/secure.gravatar.com\/avatar\/84a817ba065b29ff08d666b215a215f5c79186a645ccb25b14a663d48a130f77?s=96&d=mm&r=g","url":"https:\/\/secure.gravatar.com\/avatar\/84a817ba065b29ff08d666b215a215f5c79186a645ccb25b14a663d48a130f77?s=96&d=mm&r=g","contentUrl":"https:\/\/secure.gravatar.com\/avatar\/84a817ba065b29ff08d666b215a215f5c79186a645ccb25b14a663d48a130f77?s=96&d=mm&r=g","caption":"alcalde"},"url":"https:\/\/www.caudete.org\/ayuntamiento\/author\/alcalde\/"}]}},"_links":{"self":[{"href":"https:\/\/www.caudete.org\/ayuntamiento\/wp-json\/wp\/v2\/posts\/12298","targetHints":{"allow":["GET"]}}],"collection":[{"href":"https:\/\/www.caudete.org\/ayuntamiento\/wp-json\/wp\/v2\/posts"}],"about":[{"href":"https:\/\/www.caudete.org\/ayuntamiento\/wp-json\/wp\/v2\/types\/post"}],"author":[{"embeddable":true,"href":"https:\/\/www.caudete.org\/ayuntamiento\/wp-json\/wp\/v2\/users\/3"}],"replies":[{"embeddable":true,"href":"https:\/\/www.caudete.org\/ayuntamiento\/wp-json\/wp\/v2\/comments?post=12298"}],"version-history":[{"count":4,"href":"https:\/\/www.caudete.org\/ayuntamiento\/wp-json\/wp\/v2\/posts\/12298\/revisions"}],"predecessor-version":[{"id":12303,"href":"https:\/\/www.caudete.org\/ayuntamiento\/wp-json\/wp\/v2\/posts\/12298\/revisions\/12303"}],"wp:featuredmedia":[{"embeddable":true,"href":"https:\/\/www.caudete.org\/ayuntamiento\/wp-json\/wp\/v2\/media\/12299"}],"wp:attachment":[{"href":"https:\/\/www.caudete.org\/ayuntamiento\/wp-json\/wp\/v2\/media?parent=12298"}],"wp:term":[{"taxonomy":"category","embeddable":true,"href":"https:\/\/www.caudete.org\/ayuntamiento\/wp-json\/wp\/v2\/categories?post=12298"},{"taxonomy":"post_tag","embeddable":true,"href":"https:\/\/www.caudete.org\/ayuntamiento\/wp-json\/wp\/v2\/tags?post=12298"}],"curies":[{"name":"wp","href":"https:\/\/api.w.org\/{rel}","templated":true}]}}