{"id":12304,"date":"2021-02-20T12:58:38","date_gmt":"2021-02-20T11:58:38","guid":{"rendered":"https:\/\/www.caudete.org\/ayuntamiento\/?p=12304"},"modified":"2021-02-20T12:58:38","modified_gmt":"2021-02-20T11:58:38","slug":"clm-anuncia-nivel-2-a-partir-del-domingo-21-febrero","status":"publish","type":"post","link":"https:\/\/www.caudete.org\/ayuntamiento\/clm-anuncia-nivel-2-a-partir-del-domingo-21-febrero\/","title":{"rendered":"CLM anuncia NIVEL 2 a partir del domingo 21 Febrero"},"content":{"rendered":"<p style=\"text-align: justify;\"><span style=\"font-size: 12pt;\">Desde el Ayuntamiento de Caudete hacemos eco de la situaci\u00f3n sanitaria y las medidas de contenci\u00f3n adoptadas por el Gobierno Regional, para una mayor informaci\u00f3n de los caudetanos.<\/span><\/p>\n<p style=\"text-align: justify;\"><span style=\"font-size: 12pt;\">No obstante, hay que esperar a la publicaci\u00f3n de la pertinente Resoluci\u00f3n en el DOCM para que se consideren oficiales las anunciadas por el Gobierno de Castilla-La Mancha mediante la Consejer\u00eda de Sanidad, y publicada en diferentes medios provinciales y regionales.<\/span><\/p>\n<p style=\"text-align: justify;\"><span style=\"font-size: 12pt;\">Castilla-La Mancha pasar\u00e1 desde el domingo, 21 de febrero, a Nivel 2, con lo que se flexibilizan algunas de las medidas que reg\u00edan en regi\u00f3n, y que actualmente se encuentra en Nivel 3. Tan solo 11\u00a0 localidades de la provincia de Cuenca, Toledo y Guadalajara estar\u00e1n en medidas Nivel 3.<\/span><\/p>\n<p style=\"text-align: justify;\"><span style=\"font-size: 12pt;\">As\u00ed, el Consejero de Sanidad de Castilla-La Mancha, Jes\u00fas Fern\u00e1ndez Sanz, ha se\u00f1alado este s\u00e1bado ante los medios de comunicaci\u00f3n que esta decisi\u00f3n se toma tras estudiar los \u00faltimos datos epidemiol\u00f3gicos que muestran un claro descenso en la incidencia, aunque apelaba a la responsabilidad ciudadana para seguir en esta l\u00ednea.<\/span><\/p>\n<p>&nbsp;<\/p>\n<p class=\"p3\" style=\"text-align: justify;\"><strong><span style=\"text-decoration: underline;\">MEDIDAS ESPECIALES NIVEL 2 CASTILLA LA MANCHA<\/span><\/strong><\/p>\n<ul class=\"ul1\" style=\"text-align: justify;\">\n<li class=\"li4\"><b><\/b><span class=\"s1\"><b>Toque de queda desde las 22:00 horas hasta las 07:00 horas del d\u00eda siguiente.<\/b><\/span><\/li>\n<\/ul>\n<ul class=\"ul1\" style=\"text-align: justify;\">\n<li class=\"li4\"><b><\/b><span class=\"s1\"><b>Limitaci\u00f3n de la entrada y salida en la Comunidad Aut\u00f3noma de Castilla-La Mancha.<\/b><\/span><\/li>\n<\/ul>\n<p class=\"p5\" style=\"text-align: justify;\">\n<p class=\"p6\" style=\"text-align: justify;\"><span style=\"text-decoration: underline;\"><b>LOCALES DE OCIO<\/b><\/span><\/p>\n<ul class=\"ul1\">\n<li class=\"li4\" style=\"text-align: justify;\"><span class=\"s1\">Cierre de\u00a0<b>hogares de jubilados y centros colectivos\u00a0<\/b>de sociedades recreativas y culturales.<\/span><\/li>\n<li class=\"li4\" style=\"text-align: justify;\"><b><\/b><span class=\"s1\"><b>Supresi\u00f3n del servicio de barra<\/b>\u00a0en todos los bares y restaurantes de la localidad. El aforo en locales cerrados dedicados a esta actividad se reducir\u00e1 al\u00a0<b>50 por ciento\u00a0<\/b>del m\u00e1ximo que tuvieran establecido previamente.<\/span><\/li>\n<li class=\"li4\" style=\"text-align: justify;\"><span class=\"s1\">Los espacios al aire libre de<b>\u00a0bares y restaurantes<\/b>\u00a0reducir\u00e1n su aforo al\u00a0<b>75 por ciento\u00a0<\/b>del m\u00e1ximo que tuvieran establecido previamente, manteniendo en todo momento el resto de medidas establecidas en la normativa en cuanto a distancias de seguridad y agrupaci\u00f3n.\u00a0\u00a0<\/span><\/li>\n<li class=\"li4\" style=\"text-align: justify;\"><span class=\"s1\">Para garantizar el control de aforo y el mantenimiento de las medidas de seguridad\u00a0en establecimientos de hosteler\u00eda y restauraci\u00f3n\u00a0<b>queda prohibido el servicio a las personas usuarias que no se encuentren sentadas en las mesas dispuestas<\/b> a tal efecto, tanto en espacios cerrados como al aire libre, as\u00ed como el consumo de comidas y bebidas fuera de estas. <\/span>Se entiende por espacio al aire libre todo espacio no cubierto o todo espacio que estando cubierto est\u00e9 rodeado lateralmente por un m\u00e1ximo de dos paredes, muros o paramentos.<\/li>\n<li class=\"li4\" style=\"text-align: justify;\"><span class=\"s1\">En el interior de\u00a0<b>salas de bingo, casinos, salones recreativos y de juegos y locales espec\u00edficos de apuestas<\/b>\u00a0se limitar\u00e1 el aforo m\u00e1ximo al\u00a0<b>50 por ciento\u00a0<\/b>del establecido.<\/span><\/li>\n<li class=\"li4\" style=\"text-align: justify;\"><span class=\"s1\">Las celebraciones posteriores a eventos como\u00a0<b>bodas, comuniones, bautizos y otros de similares caracter\u00edsticas<\/b> en locales de hosteler\u00eda y restauraci\u00f3n tendr\u00e1n limitado su aforo a <b>100 personas en espacio abierto<\/b>\u00a0y\u00a0<b>50 en espacio cerrado<\/b>. Si estas celebraciones posteriores se llevan a cabo\u00a0<b>en otro tipo de instalaciones, no se podr\u00e1 superar el n\u00famero m\u00e1ximo de 6 personas<\/b>. \u00a0Se deber\u00e1 garantizar el resto de las medidas recogidas en la regulaci\u00f3n en vigor.<\/span><\/li>\n<\/ul>\n<p class=\"p5\">\n<p class=\"p6\" style=\"text-align: justify;\"><span style=\"text-decoration: underline;\"><b>CENTROS SOCIOSANITARIOS<\/b><\/span><\/p>\n<ul class=\"ul1\" style=\"text-align: justify;\">\n<li class=\"li4\"><span class=\"s1\">Suspensi\u00f3n cautelar de la actividad en los\u00a0<b>Centros de D\u00eda\u00a0d<\/b>e personas mayores y personas con discapacidad y de<b>\u00a0Servicios de estancias diurnas\u00a0<\/b>de personas mayores.<\/span><\/li>\n<\/ul>\n<ul class=\"ul1\">\n<li style=\"text-align: justify;\">Se permiten visitas a centros de mayores libres de COVID, en el que todos los residentes hayan recibido las dos dosis de las vacunas. Las personas que visiten a sus familiares deber\u00e1n hacerse un test r\u00e1pido de ant\u00edgenos en el propio centro y podr\u00e1n estar 1 hora un m\u00e1ximo de dos veces por semana. M\u00e1ximo 1 persona.<\/li>\n<\/ul>\n<p class=\"p5\" style=\"text-align: justify;\"><b>Condiciones para la salida<\/b><\/p>\n<ul class=\"ul1\" style=\"text-align: justify;\">\n<li class=\"li4\"><span class=\"s1\">La residencia debe estar libre de COVID-19, definida as\u00ed por la no existencia de casos confirmados con infecci\u00f3n activa en los \u00faltimos 14 d\u00edas, ni presentar ning\u00fan residente en aislamiento o cuarentena (por ser contacto estrecho o regreso de un centro hospitalario) en el momento de la salida.<\/span><\/li>\n<li class=\"li4\"><span class=\"s1\">La persona residente no debe presentar cl\u00ednica sospechosa de COVID-19 en el momento de la salida. Debe permanecer en un \u00e1mbito estable (un solo domicilio).<\/span><\/li>\n<li class=\"li4\"><span class=\"s1\">En el entorno en el que vaya a residir no deben existir personas que requieran aislamiento por ser caso confirmado con infecci\u00f3n activa o caso sospechoso o personas que sean contacto estrecho y est\u00e9n en situaci\u00f3n de cuarentena. Dicha condici\u00f3n se justificar\u00e1 mediante declaraci\u00f3n responsable de la persona que se haga cargo de la salida.<\/span><\/li>\n<li class=\"li4\"><span class=\"s1\">En el entorno en el que habite durante su salida se deber\u00e1n extremar las medidas de higiene y seguridad y reducir el contacto social a lo imprescindible.<\/span><\/li>\n<\/ul>\n<p class=\"p5\" style=\"text-align: justify;\"><b>Condiciones para la vuelta a la residencia<\/b><\/p>\n<ul class=\"ul1\">\n<li class=\"li4\" style=\"text-align: justify;\"><span class=\"s1\">No se podr\u00e1 realizar dicha vuelta en tanto est\u00e9n en vigor las medidas especiales para la contenci\u00f3n de la COVID-19.<\/span><\/li>\n<li class=\"li4\" style=\"text-align: justify;\"><span class=\"s1\">La residencia debe estar libre de COVID-19, definida as\u00ed por la no existencia de casos confirmados con infecci\u00f3n activa en los \u00faltimos 14 d\u00edas, ni presentar ning\u00fan residente en aislamiento o cuarentena en el momento del reingreso.<\/span><\/li>\n<li class=\"li4\" style=\"text-align: justify;\"><span class=\"s1\">La persona residente no debe presentar cl\u00ednica sospechosa de COVID-19 en el momento del reingreso.<\/span><\/li>\n<li class=\"li4\" style=\"text-align: justify;\"><span class=\"s1\">Se deber\u00e1 aportar PCR del residente con resultado negativo en las 48 horas previas al reingreso (A calcular desde la fecha de toma de muestra).<\/span><\/li>\n<li class=\"li4\" style=\"text-align: justify;\"><span class=\"s1\">En el entorno en el haya residido no deben existir personas que requieran aislamiento por ser caso confirmado con infecci\u00f3n activa o caso sospechoso o personas que sean contacto estrecho y est\u00e9n en situaci\u00f3n de cuarentena. Dicha condici\u00f3n se justificar\u00e1 mediante declaraci\u00f3n responsable de la persona que se haga cargo del reingreso.<\/span><\/li>\n<li class=\"li4\" style=\"text-align: justify;\"><span class=\"s1\">Mantenimiento de cuarentena del residente durante al menos 10 d\u00edas.<\/span><\/li>\n<li class=\"li4\" style=\"text-align: justify;\"><span class=\"s1\">En otros centros residenciales sociosanitarios de\u00a0<b>personas con discapacidad, menores, personas con TMG<\/b>.., estar\u00e1n permitidas las salidas siempre que la persona no sea sospechosa o presente s\u00edntomas compatibles con Covid-19 y que el centro se encuentre libre de COVID en ese momento. Los responsables del centro deber\u00e1n valorar la necesidad o conveniencia de que estas salidas se realicen acompa\u00f1ados por un profesional del centro.<\/span><\/li>\n<li class=\"li4\" style=\"text-align: justify;\"><span class=\"s1\">Los\u00a0<b>trabajadores<\/b>\u00a0que tras un periodo vacacional o de ausencia de su puesto de trabajo superior a una semana se incorporen a residencias sociosanitarias y viviendas tuteladas\/supervisadas u otros dispositivos residenciales sociosanitarios se les realizar\u00e1 como paso previo a su incorporaci\u00f3n, una PCR para descartar la infecci\u00f3n por COVID-19.<\/span><\/li>\n<\/ul>\n<p class=\"p5\" style=\"text-align: justify;\"><b>\u00a0<\/b><\/p>\n<p class=\"p6\" style=\"text-align: justify;\"><span style=\"text-decoration: underline;\"><b>ACTIVIDADES RELIGIOSAS DE \u00c1MBITO SOCIAL.<\/b><\/span><\/p>\n<ul class=\"ul1\">\n<li class=\"li4\" style=\"text-align: justify;\"><b><\/b><span class=\"s1\"><b>Velatorios y cortejos f\u00fanebres<\/b>:\u00a0restricci\u00f3n del n\u00famero de personas en\u00a0<b>6\u00a0personas\u00a0<\/b>m\u00e1ximo.<\/span><\/li>\n<li class=\"li4\" style=\"text-align: justify;\"><b><\/b><span class=\"s1\"><b>Eventos sociales,\u00a0<\/b>como\u00a0<b>bodas y bautizos:\u00a0<\/b>se limita la permanencia de personas en lugares de culto en\u00a0<b>espacios cerrados<\/b>\u00a0mediante la fijaci\u00f3n del\u00a0<b>40 por ciento<\/b>\u00a0de aforo y\u00a0en\u00a0<b>espacios al aire libre<\/b>\u00a0deber\u00e1 garantizar la distancia de seguridad interpersonal y el resto de la normativa higi\u00e9nico sanitaria sobre prevenci\u00f3n y contenci\u00f3n del COVID-19, no debiendo superar el n\u00famero\u00a0<b>m\u00e1ximo de 100\u00a0personas<\/b>.<\/span><\/li>\n<\/ul>\n<p class=\"p5\">\n<p class=\"p6\" style=\"text-align: justify;\"><span style=\"text-decoration: underline;\"><b>CONSUMO DE ALCOHOL<\/b><\/span><\/p>\n<ul class=\"ul1\" style=\"text-align: justify;\">\n<li class=\"li4\"><b><\/b><span class=\"s1\"><b>Se reforzar\u00e1n los controles<\/b>\u00a0para impedir el consumo de alcohol que no estuviera autorizado y otras actividades no permitidas en la v\u00eda p\u00fablica. En este sentido, la comunidad aut\u00f3noma de Castilla-La Mancha y la autoridad aplicar\u00e1n rigurosamente las sanciones correspondientes.<\/span><\/li>\n<li class=\"li4\"><span class=\"s1\">El Ayuntamiento\u00a0<b>aumentar\u00e1 la vigilancia<\/b>\u00a0para detectar y sancionar estos comportamientos y actividades.<\/span><\/li>\n<\/ul>\n<p class=\"p5\" style=\"text-align: justify;\"><b>\u00a0<\/b><\/p>\n<p class=\"p6\" style=\"text-align: justify;\"><span style=\"text-decoration: underline;\"><b>MEDIDAS COMPLEMENTARIAS<\/b><\/span><\/p>\n<ul class=\"ul1\">\n<li class=\"li4\" style=\"text-align: justify;\"><span class=\"s3\">Espect\u00e1culos u otros eventos:<\/span><span class=\"s1\">\u00a0<b>suspensi\u00f3n<\/b>\u00a0de actividades colectivas de ocio, tales como espect\u00e1culos, eventos culturales, deportivos, taurinos u otros que puedan suponer la concentraci\u00f3n de personas y no est\u00e9n reflejados en los otros supuestos contenidos en estas medidas. Podr\u00e1n celebrarse estas actividades siempre que no se supere el\u00a0<b>grupo m\u00e1ximo de 6 personas<\/b>.<\/span><\/li>\n<li class=\"li4\" style=\"text-align: justify;\"><span class=\"s3\">Eventos deportivos<\/span><span class=\"s1\">: las competiciones de \u00e1mbito federativo podr\u00e1n celebrarse con un aforo m\u00e1ximo de un\u00a0<b>30 por ciento\u00a0para espacios cerrados<\/b>\u00a0hasta un m\u00e1ximo de 300 asistentes, y un\u00a0<b>50 por ciento\u00a0de aforo m\u00e1ximo en espacios abiertos\u00a0<\/b>hasta un m\u00e1ximo de 500 asistentes y conforme a los protocolos en vigencia en cada caso. En ambos casos se deber\u00e1 contar con butaca preasignada, y en caso justificado de que no fuera posible, establecer las medidas pertinentes para asegurar en todo momento el mantenimiento de la distancia de seguridad interpersonal. \u00a0En ning\u00fan caso se podr\u00e1 autorizar el traslado de estos eventos a otras localidades que se encuentren en un nivel inferior de medidas de restricci\u00f3n.<\/span><\/li>\n<li class=\"li4\" style=\"text-align: justify;\"><span class=\"s1\">Se podr\u00e1n celebrar\u00a0<b>competiciones deportivas no federadas<\/b>\u00a0siempre que no se supere el grupo\u00a0<b>m\u00e1ximo de 6 personas.<\/b><\/span><\/li>\n<li class=\"li4\" style=\"text-align: justify;\"><span class=\"s1\">Las\u00a0<\/span><span class=\"s3\">visitas guiadas a monumentos y lugares de inter\u00e9s cultural<\/span><span class=\"s1\">\u00a0ver\u00e1n limitado el tama\u00f1o m\u00e1ximo de los grupos a\u00a0<b>6 personas<\/b>.<\/span><\/li>\n<li class=\"li4\" style=\"text-align: justify;\"><span class=\"s3\">Cines, teatros y auditorios<\/span><span class=\"s1\">: se limita su aforo\u00a0al\u00a0<b>30 por ciento.<\/b><\/span><\/li>\n<li class=\"li4\" style=\"text-align: justify;\"><span class=\"s3\">Bibliotecas, museos y archivos<\/span><span class=\"s1\">:\u00a0se limita su aforo\u00a0al\u00a0<b>50 por ciento.<\/b><\/span><\/li>\n<li class=\"li4\" style=\"text-align: justify;\"><span class=\"s3\">Hoteles<\/span><span class=\"s1\">:\u00a0s\u00f3lo podr\u00e1n contratar el\u00a0<b>75 por ciento<\/b>\u00a0de su capacidad. El uso de sus zonas comunes se ver\u00e1 limitado en su aforo al 50 por ciento.<\/span><\/li>\n<li class=\"li4\" style=\"text-align: justify;\"><span class=\"s3\">Cursos, congresos y seminarios<\/span><span class=\"s1\">\u00a0tendr\u00e1n un aforo m\u00e1ximo de\u00a0<b>30 personas<\/b>, respetando en todo momento la ocupaci\u00f3n m\u00e1xima del recinto a un m\u00e1ximo del\u00a0<b>50 por ciento<\/b>\u00a0del aforo m\u00e1ximo permitido.<\/span><\/li>\n<li class=\"li4\" style=\"text-align: justify;\"><span class=\"s3\">Piscinas\u00a0municipales y otras instalaciones recreativas<\/span><span class=\"s1\">:\u00a0<b>cierre\u00a0<\/b>de este tipo de instalaciones de uso p\u00fablico, independientemente de su titularidad.<\/span><\/li>\n<li class=\"li4\" style=\"text-align: justify;\"><span class=\"s3\">Instalaciones deportivas:\u00a0<\/span><span class=\"s1\">en instalaciones deportivas de cualquier titularidad, el aforo m\u00e1ximo ser\u00e1 del\u00a0<b>30 por ciento<\/b>\u00a0en espacios interiores y del\u00a0<b>60 por ciento<\/b>\u00a0en espacios exteriores.<\/span><\/li>\n<li class=\"li4\" style=\"text-align: justify;\"><span class=\"s3\">Mercadillos y mercados al aire libre<\/span><span class=\"s1\">: disminuci\u00f3n de aforo\u00a0a\u00a0<b>1\/3<\/b>\u00a0del previamente establecido.\u00a0Se deber\u00e1 asegurar una distancia de seguridad entre puestos de al menos 4 metros.<\/span><\/li>\n<li class=\"li4\" style=\"text-align: justify;\"><span class=\"s3\">Parques y jardines<\/span><span class=\"s1\">:\u00a0<b>cierre cautelar<\/b>\u00a0de parques y jardines\u00a0durante el horario comprendido entre las 22:00 y las 08:00 horas.<\/span><\/li>\n<li class=\"li4\" style=\"text-align: justify;\"><span class=\"s1\">En las<b>\u00a0<\/b><\/span><span class=\"s3\">tiendas y dem\u00e1s establecimientos comerciales<\/span><span class=\"s1\">, se extremar\u00e1n las medidas higi\u00e9nico-sanitarias,\u00a0<b>limitando el n\u00famero de personas\u00a0<\/b>en cada momento de acuerdo a la posibilidad de mantener la distancia interpersonal de seguridad de 1,5 metros dentro del establecimiento. Se deber\u00e1 realizar higiene de manos con gel hidro-alcoh\u00f3lico en la entrada del establecimiento.<\/span><\/li>\n<li class=\"li4\" style=\"text-align: justify;\"><span class=\"s1\">Los\u00a0<\/span><span class=\"s3\">supermercados y centros comerciales<\/span><span class=\"s1\">\u00a0limitar\u00e1n su aforo al\u00a0<b>50 por ciento<\/b>, manteniendo las mismas condiciones de higiene previstas para el peque\u00f1o comercio.<\/span><\/li>\n<\/ul>\n<p class=\"p5\" style=\"text-align: justify;\"><b>\u00a0<\/b><\/p>\n<p class=\"p6\" style=\"text-align: justify;\"><span style=\"text-decoration: underline;\"><b>ENCUENTROS SOCIALES\/FAMILIARES<\/b><\/span><\/p>\n<p class=\"p5\" style=\"text-align: justify;\">Quedan prohibidas las reuniones de un n\u00famero mayor de\u00a0<b>6 personas<\/b>, en caso de no pertenecer al mismo grupo de convivencia estable.<\/p>\n<p class=\"p5\" style=\"text-align: justify;\">Se recomienda\u00a0a la ciudadan\u00eda:<\/p>\n<ul class=\"ul1\">\n<li class=\"li4\" style=\"text-align: justify;\"><span class=\"s1\">La\u00a0<b>limitaci\u00f3n de los encuentros sociales<\/b>\u00a0fuera del grupo de convivencia estable.<\/span><\/li>\n<\/ul>\n<p style=\"text-align: right;\"><span style=\"font-size: 8pt;\"><em>Fuente: El Digital de Albacete<\/em><\/span><\/p>\n","protected":false},"excerpt":{"rendered":"<p>Desde el Ayuntamiento de Caudete hacemos eco de la situaci\u00f3n sanitaria y las medidas de contenci\u00f3n adoptadas por el Gobierno Regional, para una mayor informaci\u00f3n de los caudetanos. No obstante, hay que esperar a la publicaci\u00f3n de la pertinente Resoluci\u00f3n en el DOCM para que se consideren oficiales las anunciadas por el Gobierno de Castilla-La &hellip;<\/p>\n","protected":false},"author":3,"featured_media":12305,"comment_status":"closed","ping_status":"open","sticky":false,"template":"","format":"standard","meta":{"ngg_post_thumbnail":0,"footnotes":""},"categories":[16],"tags":[276,17,79,301,217,197],"class_list":["post-12304","post","type-post","status-publish","format-standard","has-post-thumbnail","hentry","category-sanidad","tag-coronavirus","tag-covid","tag-covid-19","tag-medidas-especiales","tag-nivel-2","tag-situacion-sanitaria"],"yoast_head":"<!-- This site is optimized with the Yoast SEO plugin v27.5 - https:\/\/yoast.com\/product\/yoast-seo-wordpress\/ -->\n<title>CLM anuncia NIVEL 2 a partir del domingo 21 Febrero - MI Ayuntamiento de Caudete<\/title>\n<meta name=\"description\" content=\"P\u00e1gina Oficial del Ayuntamiento de Caudete (Albacete)\" \/>\n<meta name=\"robots\" content=\"index, follow, max-snippet:-1, max-image-preview:large, max-video-preview:-1\" \/>\n<link rel=\"canonical\" href=\"https:\/\/www.caudete.org\/ayuntamiento\/clm-anuncia-nivel-2-a-partir-del-domingo-21-febrero\/\" \/>\n<meta property=\"og:locale\" content=\"es_ES\" \/>\n<meta property=\"og:type\" content=\"article\" \/>\n<meta property=\"og:title\" content=\"CLM anuncia NIVEL 2 a partir del domingo 21 Febrero - MI Ayuntamiento de Caudete\" \/>\n<meta property=\"og:description\" content=\"P\u00e1gina Oficial del Ayuntamiento de Caudete (Albacete)\" \/>\n<meta property=\"og:url\" content=\"https:\/\/www.caudete.org\/ayuntamiento\/clm-anuncia-nivel-2-a-partir-del-domingo-21-febrero\/\" \/>\n<meta property=\"og:site_name\" content=\"MI Ayuntamiento de Caudete\" \/>\n<meta property=\"article:publisher\" content=\"https:\/\/www.facebook.com\/ayuntamientocaudete\/\" \/>\n<meta property=\"article:published_time\" content=\"2021-02-20T11:58:38+00:00\" \/>\n<meta property=\"og:image\" content=\"https:\/\/www.caudete.org\/ayuntamiento\/wp-content\/uploads\/2021\/02\/mapa_2_9_.png\" \/>\n\t<meta property=\"og:image:width\" content=\"1914\" \/>\n\t<meta property=\"og:image:height\" content=\"933\" \/>\n\t<meta property=\"og:image:type\" content=\"image\/png\" \/>\n<meta name=\"author\" content=\"alcalde\" \/>\n<meta name=\"twitter:card\" content=\"summary_large_image\" \/>\n<meta name=\"twitter:label1\" content=\"Escrito por\" \/>\n\t<meta name=\"twitter:data1\" content=\"alcalde\" \/>\n\t<meta name=\"twitter:label2\" content=\"Tiempo de lectura\" \/>\n\t<meta name=\"twitter:data2\" content=\"8 minutos\" \/>\n<script type=\"application\/ld+json\" class=\"yoast-schema-graph\">{\"@context\":\"https:\\\/\\\/schema.org\",\"@graph\":[{\"@type\":\"Article\",\"@id\":\"https:\\\/\\\/www.caudete.org\\\/ayuntamiento\\\/clm-anuncia-nivel-2-a-partir-del-domingo-21-febrero\\\/#article\",\"isPartOf\":{\"@id\":\"https:\\\/\\\/www.caudete.org\\\/ayuntamiento\\\/clm-anuncia-nivel-2-a-partir-del-domingo-21-febrero\\\/\"},\"author\":{\"name\":\"alcalde\",\"@id\":\"https:\\\/\\\/www.caudete.org\\\/ayuntamiento\\\/#\\\/schema\\\/person\\\/cc646da9133078ee4d8dd47457947253\"},\"headline\":\"CLM anuncia NIVEL 2 a partir del domingo 21 Febrero\",\"datePublished\":\"2021-02-20T11:58:38+00:00\",\"mainEntityOfPage\":{\"@id\":\"https:\\\/\\\/www.caudete.org\\\/ayuntamiento\\\/clm-anuncia-nivel-2-a-partir-del-domingo-21-febrero\\\/\"},\"wordCount\":1746,\"image\":{\"@id\":\"https:\\\/\\\/www.caudete.org\\\/ayuntamiento\\\/clm-anuncia-nivel-2-a-partir-del-domingo-21-febrero\\\/#primaryimage\"},\"thumbnailUrl\":\"https:\\\/\\\/www.caudete.org\\\/ayuntamiento\\\/wp-content\\\/uploads\\\/2021\\\/02\\\/mapa_2_9_.png\",\"keywords\":[\"coronavirus\",\"covid\",\"covid-19\",\"medidas especiales\",\"nivel 2\",\"Situacion sanitaria\"],\"articleSection\":[\"Sanidad\"],\"inLanguage\":\"es\"},{\"@type\":\"WebPage\",\"@id\":\"https:\\\/\\\/www.caudete.org\\\/ayuntamiento\\\/clm-anuncia-nivel-2-a-partir-del-domingo-21-febrero\\\/\",\"url\":\"https:\\\/\\\/www.caudete.org\\\/ayuntamiento\\\/clm-anuncia-nivel-2-a-partir-del-domingo-21-febrero\\\/\",\"name\":\"CLM anuncia NIVEL 2 a partir del domingo 21 Febrero - MI Ayuntamiento de Caudete\",\"isPartOf\":{\"@id\":\"https:\\\/\\\/www.caudete.org\\\/ayuntamiento\\\/#website\"},\"primaryImageOfPage\":{\"@id\":\"https:\\\/\\\/www.caudete.org\\\/ayuntamiento\\\/clm-anuncia-nivel-2-a-partir-del-domingo-21-febrero\\\/#primaryimage\"},\"image\":{\"@id\":\"https:\\\/\\\/www.caudete.org\\\/ayuntamiento\\\/clm-anuncia-nivel-2-a-partir-del-domingo-21-febrero\\\/#primaryimage\"},\"thumbnailUrl\":\"https:\\\/\\\/www.caudete.org\\\/ayuntamiento\\\/wp-content\\\/uploads\\\/2021\\\/02\\\/mapa_2_9_.png\",\"datePublished\":\"2021-02-20T11:58:38+00:00\",\"author\":{\"@id\":\"https:\\\/\\\/www.caudete.org\\\/ayuntamiento\\\/#\\\/schema\\\/person\\\/cc646da9133078ee4d8dd47457947253\"},\"description\":\"P\u00e1gina Oficial del Ayuntamiento de Caudete (Albacete)\",\"breadcrumb\":{\"@id\":\"https:\\\/\\\/www.caudete.org\\\/ayuntamiento\\\/clm-anuncia-nivel-2-a-partir-del-domingo-21-febrero\\\/#breadcrumb\"},\"inLanguage\":\"es\",\"potentialAction\":[{\"@type\":\"ReadAction\",\"target\":[\"https:\\\/\\\/www.caudete.org\\\/ayuntamiento\\\/clm-anuncia-nivel-2-a-partir-del-domingo-21-febrero\\\/\"]}]},{\"@type\":\"ImageObject\",\"inLanguage\":\"es\",\"@id\":\"https:\\\/\\\/www.caudete.org\\\/ayuntamiento\\\/clm-anuncia-nivel-2-a-partir-del-domingo-21-febrero\\\/#primaryimage\",\"url\":\"https:\\\/\\\/www.caudete.org\\\/ayuntamiento\\\/wp-content\\\/uploads\\\/2021\\\/02\\\/mapa_2_9_.png\",\"contentUrl\":\"https:\\\/\\\/www.caudete.org\\\/ayuntamiento\\\/wp-content\\\/uploads\\\/2021\\\/02\\\/mapa_2_9_.png\",\"width\":1914,\"height\":933},{\"@type\":\"BreadcrumbList\",\"@id\":\"https:\\\/\\\/www.caudete.org\\\/ayuntamiento\\\/clm-anuncia-nivel-2-a-partir-del-domingo-21-febrero\\\/#breadcrumb\",\"itemListElement\":[{\"@type\":\"ListItem\",\"position\":1,\"name\":\"Inicio\",\"item\":\"https:\\\/\\\/www.caudete.org\\\/ayuntamiento\\\/\"},{\"@type\":\"ListItem\",\"position\":2,\"name\":\"CLM anuncia NIVEL 2 a partir del domingo 21 Febrero\"}]},{\"@type\":\"WebSite\",\"@id\":\"https:\\\/\\\/www.caudete.org\\\/ayuntamiento\\\/#website\",\"url\":\"https:\\\/\\\/www.caudete.org\\\/ayuntamiento\\\/\",\"name\":\"MI Ayuntamiento de Caudete\",\"description\":\"P\u00e1gina Oficial del MI Ayuntamiento de Caudete\",\"potentialAction\":[{\"@type\":\"SearchAction\",\"target\":{\"@type\":\"EntryPoint\",\"urlTemplate\":\"https:\\\/\\\/www.caudete.org\\\/ayuntamiento\\\/?s={search_term_string}\"},\"query-input\":{\"@type\":\"PropertyValueSpecification\",\"valueRequired\":true,\"valueName\":\"search_term_string\"}}],\"inLanguage\":\"es\"},{\"@type\":\"Person\",\"@id\":\"https:\\\/\\\/www.caudete.org\\\/ayuntamiento\\\/#\\\/schema\\\/person\\\/cc646da9133078ee4d8dd47457947253\",\"name\":\"alcalde\",\"image\":{\"@type\":\"ImageObject\",\"inLanguage\":\"es\",\"@id\":\"https:\\\/\\\/secure.gravatar.com\\\/avatar\\\/84a817ba065b29ff08d666b215a215f5c79186a645ccb25b14a663d48a130f77?s=96&d=mm&r=g\",\"url\":\"https:\\\/\\\/secure.gravatar.com\\\/avatar\\\/84a817ba065b29ff08d666b215a215f5c79186a645ccb25b14a663d48a130f77?s=96&d=mm&r=g\",\"contentUrl\":\"https:\\\/\\\/secure.gravatar.com\\\/avatar\\\/84a817ba065b29ff08d666b215a215f5c79186a645ccb25b14a663d48a130f77?s=96&d=mm&r=g\",\"caption\":\"alcalde\"},\"url\":\"https:\\\/\\\/www.caudete.org\\\/ayuntamiento\\\/author\\\/alcalde\\\/\"}]}<\/script>\n<!-- \/ Yoast SEO plugin. -->","yoast_head_json":{"title":"CLM anuncia NIVEL 2 a partir del domingo 21 Febrero - MI Ayuntamiento de Caudete","description":"P\u00e1gina Oficial del Ayuntamiento de Caudete (Albacete)","robots":{"index":"index","follow":"follow","max-snippet":"max-snippet:-1","max-image-preview":"max-image-preview:large","max-video-preview":"max-video-preview:-1"},"canonical":"https:\/\/www.caudete.org\/ayuntamiento\/clm-anuncia-nivel-2-a-partir-del-domingo-21-febrero\/","og_locale":"es_ES","og_type":"article","og_title":"CLM anuncia NIVEL 2 a partir del domingo 21 Febrero - MI Ayuntamiento de Caudete","og_description":"P\u00e1gina Oficial del Ayuntamiento de Caudete (Albacete)","og_url":"https:\/\/www.caudete.org\/ayuntamiento\/clm-anuncia-nivel-2-a-partir-del-domingo-21-febrero\/","og_site_name":"MI Ayuntamiento de Caudete","article_publisher":"https:\/\/www.facebook.com\/ayuntamientocaudete\/","article_published_time":"2021-02-20T11:58:38+00:00","og_image":[{"width":1914,"height":933,"url":"https:\/\/www.caudete.org\/ayuntamiento\/wp-content\/uploads\/2021\/02\/mapa_2_9_.png","type":"image\/png"}],"author":"alcalde","twitter_card":"summary_large_image","twitter_misc":{"Escrito por":"alcalde","Tiempo de lectura":"8 minutos"},"schema":{"@context":"https:\/\/schema.org","@graph":[{"@type":"Article","@id":"https:\/\/www.caudete.org\/ayuntamiento\/clm-anuncia-nivel-2-a-partir-del-domingo-21-febrero\/#article","isPartOf":{"@id":"https:\/\/www.caudete.org\/ayuntamiento\/clm-anuncia-nivel-2-a-partir-del-domingo-21-febrero\/"},"author":{"name":"alcalde","@id":"https:\/\/www.caudete.org\/ayuntamiento\/#\/schema\/person\/cc646da9133078ee4d8dd47457947253"},"headline":"CLM anuncia NIVEL 2 a partir del domingo 21 Febrero","datePublished":"2021-02-20T11:58:38+00:00","mainEntityOfPage":{"@id":"https:\/\/www.caudete.org\/ayuntamiento\/clm-anuncia-nivel-2-a-partir-del-domingo-21-febrero\/"},"wordCount":1746,"image":{"@id":"https:\/\/www.caudete.org\/ayuntamiento\/clm-anuncia-nivel-2-a-partir-del-domingo-21-febrero\/#primaryimage"},"thumbnailUrl":"https:\/\/www.caudete.org\/ayuntamiento\/wp-content\/uploads\/2021\/02\/mapa_2_9_.png","keywords":["coronavirus","covid","covid-19","medidas especiales","nivel 2","Situacion sanitaria"],"articleSection":["Sanidad"],"inLanguage":"es"},{"@type":"WebPage","@id":"https:\/\/www.caudete.org\/ayuntamiento\/clm-anuncia-nivel-2-a-partir-del-domingo-21-febrero\/","url":"https:\/\/www.caudete.org\/ayuntamiento\/clm-anuncia-nivel-2-a-partir-del-domingo-21-febrero\/","name":"CLM anuncia NIVEL 2 a partir del domingo 21 Febrero - MI Ayuntamiento de Caudete","isPartOf":{"@id":"https:\/\/www.caudete.org\/ayuntamiento\/#website"},"primaryImageOfPage":{"@id":"https:\/\/www.caudete.org\/ayuntamiento\/clm-anuncia-nivel-2-a-partir-del-domingo-21-febrero\/#primaryimage"},"image":{"@id":"https:\/\/www.caudete.org\/ayuntamiento\/clm-anuncia-nivel-2-a-partir-del-domingo-21-febrero\/#primaryimage"},"thumbnailUrl":"https:\/\/www.caudete.org\/ayuntamiento\/wp-content\/uploads\/2021\/02\/mapa_2_9_.png","datePublished":"2021-02-20T11:58:38+00:00","author":{"@id":"https:\/\/www.caudete.org\/ayuntamiento\/#\/schema\/person\/cc646da9133078ee4d8dd47457947253"},"description":"P\u00e1gina Oficial del Ayuntamiento de Caudete (Albacete)","breadcrumb":{"@id":"https:\/\/www.caudete.org\/ayuntamiento\/clm-anuncia-nivel-2-a-partir-del-domingo-21-febrero\/#breadcrumb"},"inLanguage":"es","potentialAction":[{"@type":"ReadAction","target":["https:\/\/www.caudete.org\/ayuntamiento\/clm-anuncia-nivel-2-a-partir-del-domingo-21-febrero\/"]}]},{"@type":"ImageObject","inLanguage":"es","@id":"https:\/\/www.caudete.org\/ayuntamiento\/clm-anuncia-nivel-2-a-partir-del-domingo-21-febrero\/#primaryimage","url":"https:\/\/www.caudete.org\/ayuntamiento\/wp-content\/uploads\/2021\/02\/mapa_2_9_.png","contentUrl":"https:\/\/www.caudete.org\/ayuntamiento\/wp-content\/uploads\/2021\/02\/mapa_2_9_.png","width":1914,"height":933},{"@type":"BreadcrumbList","@id":"https:\/\/www.caudete.org\/ayuntamiento\/clm-anuncia-nivel-2-a-partir-del-domingo-21-febrero\/#breadcrumb","itemListElement":[{"@type":"ListItem","position":1,"name":"Inicio","item":"https:\/\/www.caudete.org\/ayuntamiento\/"},{"@type":"ListItem","position":2,"name":"CLM anuncia NIVEL 2 a partir del domingo 21 Febrero"}]},{"@type":"WebSite","@id":"https:\/\/www.caudete.org\/ayuntamiento\/#website","url":"https:\/\/www.caudete.org\/ayuntamiento\/","name":"MI Ayuntamiento de Caudete","description":"P\u00e1gina Oficial del MI Ayuntamiento de Caudete","potentialAction":[{"@type":"SearchAction","target":{"@type":"EntryPoint","urlTemplate":"https:\/\/www.caudete.org\/ayuntamiento\/?s={search_term_string}"},"query-input":{"@type":"PropertyValueSpecification","valueRequired":true,"valueName":"search_term_string"}}],"inLanguage":"es"},{"@type":"Person","@id":"https:\/\/www.caudete.org\/ayuntamiento\/#\/schema\/person\/cc646da9133078ee4d8dd47457947253","name":"alcalde","image":{"@type":"ImageObject","inLanguage":"es","@id":"https:\/\/secure.gravatar.com\/avatar\/84a817ba065b29ff08d666b215a215f5c79186a645ccb25b14a663d48a130f77?s=96&d=mm&r=g","url":"https:\/\/secure.gravatar.com\/avatar\/84a817ba065b29ff08d666b215a215f5c79186a645ccb25b14a663d48a130f77?s=96&d=mm&r=g","contentUrl":"https:\/\/secure.gravatar.com\/avatar\/84a817ba065b29ff08d666b215a215f5c79186a645ccb25b14a663d48a130f77?s=96&d=mm&r=g","caption":"alcalde"},"url":"https:\/\/www.caudete.org\/ayuntamiento\/author\/alcalde\/"}]}},"_links":{"self":[{"href":"https:\/\/www.caudete.org\/ayuntamiento\/wp-json\/wp\/v2\/posts\/12304","targetHints":{"allow":["GET"]}}],"collection":[{"href":"https:\/\/www.caudete.org\/ayuntamiento\/wp-json\/wp\/v2\/posts"}],"about":[{"href":"https:\/\/www.caudete.org\/ayuntamiento\/wp-json\/wp\/v2\/types\/post"}],"author":[{"embeddable":true,"href":"https:\/\/www.caudete.org\/ayuntamiento\/wp-json\/wp\/v2\/users\/3"}],"replies":[{"embeddable":true,"href":"https:\/\/www.caudete.org\/ayuntamiento\/wp-json\/wp\/v2\/comments?post=12304"}],"version-history":[{"count":1,"href":"https:\/\/www.caudete.org\/ayuntamiento\/wp-json\/wp\/v2\/posts\/12304\/revisions"}],"predecessor-version":[{"id":12306,"href":"https:\/\/www.caudete.org\/ayuntamiento\/wp-json\/wp\/v2\/posts\/12304\/revisions\/12306"}],"wp:featuredmedia":[{"embeddable":true,"href":"https:\/\/www.caudete.org\/ayuntamiento\/wp-json\/wp\/v2\/media\/12305"}],"wp:attachment":[{"href":"https:\/\/www.caudete.org\/ayuntamiento\/wp-json\/wp\/v2\/media?parent=12304"}],"wp:term":[{"taxonomy":"category","embeddable":true,"href":"https:\/\/www.caudete.org\/ayuntamiento\/wp-json\/wp\/v2\/categories?post=12304"},{"taxonomy":"post_tag","embeddable":true,"href":"https:\/\/www.caudete.org\/ayuntamiento\/wp-json\/wp\/v2\/tags?post=12304"}],"curies":[{"name":"wp","href":"https:\/\/api.w.org\/{rel}","templated":true}]}}