{"id":12357,"date":"2021-02-23T08:00:07","date_gmt":"2021-02-23T07:00:07","guid":{"rendered":"https:\/\/www.caudete.org\/ayuntamiento\/?p=12357"},"modified":"2021-02-22T20:28:01","modified_gmt":"2021-02-22T19:28:01","slug":"poda-extraordinaria-en-la-alineacion-de-c-atleta-antonio-amoros-y-c-poeta-evaristo-banon","status":"publish","type":"post","link":"https:\/\/www.caudete.org\/ayuntamiento\/poda-extraordinaria-en-la-alineacion-de-c-atleta-antonio-amoros-y-c-poeta-evaristo-banon\/","title":{"rendered":"Poda extraordinaria en la alineaci\u00f3n de C\/Atleta Antonio Amor\u00f3s y C\/Poeta Evaristo Ba\u00f1\u00f3n"},"content":{"rendered":"<p style=\"text-align: justify;\"><span style=\"font-weight: 400;\">La Concejal\u00eda de Servicios se encuentra efectuando trabajos de poda, entre los que se han establecido una campa\u00f1a extraordinaria para actuar en los de gran tama\u00f1o localizados en zona del casco urbano.<\/span><\/p>\n<p style=\"text-align: justify;\"><span style=\"font-weight: 400;\">En estos momentos se est\u00e1 trabajando en la alineaci\u00f3n de Calle Atleta Antonio Amor\u00f3s, acci\u00f3n que se ver\u00e1 completada con otras pendientes como la C\/Poeta Evaristo Ba\u00f1\u00f3n, o con las ya realizadas en Avenida de Las Jornetas o Avenida de la Libertad.<\/span><\/p>\n<p style=\"text-align: justify;\"><span style=\"font-weight: 400;\">Este tipo de trabajos extraordinarios est\u00e1n siendo ejecutados por empresas cualificadas de la localidad, y el objetivo es realizar al arbolado urbano una poda complementaria a las que anualmente realizan los servicios de mantenimiento de zonas verdes municipales, consiguiendo controlar el crecimiento de los \u00e1rboles y saneando zonas da\u00f1adas.<\/span><\/p>\n<p style=\"text-align: justify;\"><span style=\"font-weight: 400;\">Este tipo de alineaciones de \u00e1rboles, con el transcurso de los a\u00f1os ocasionan problemas por el gran tama\u00f1o que llegan a alcanzar. Por un lado, proporcionan\u00a0 una deficiente iluminaci\u00f3n nocturna en dichas v\u00edas, al invadir en algunos casos sus ramas, copas o follajes la zona de iluminaci\u00f3n.\u00a0 En segundo lugar, los da\u00f1os y molestias producidos por los ejemplares m\u00e1s desarrollados sobre infraestructuras viarias y propiedades privadas colindantes.<\/span><\/p>\n<p style=\"text-align: justify;\"><span style=\"font-weight: 400;\">El Edil, Joaqu\u00edn Pag\u00e1n a\u00f1ad\u00eda que &#8220;<em>una reducci\u00f3n de copa en la actualidad evitar\u00e1 intervenciones futuras de mayor envergadura, mejorar\u00e1 la iluminaci\u00f3n de las v\u00edas y minimizar\u00e1 su afectaci\u00f3n sobre las infraestructuras<\/em>&#8220;.<\/span><\/p>\n<p>&nbsp;<\/p>\n","protected":false},"excerpt":{"rendered":"<p>La Concejal\u00eda de Servicios se encuentra efectuando trabajos de poda, entre los que se han establecido una campa\u00f1a extraordinaria para actuar en los de gran tama\u00f1o localizados en zona del casco urbano. En estos momentos se est\u00e1 trabajando en la alineaci\u00f3n de Calle Atleta Antonio Amor\u00f3s, acci\u00f3n que se ver\u00e1 completada con otras pendientes como &hellip;<\/p>\n","protected":false},"author":3,"featured_media":12358,"comment_status":"closed","ping_status":"open","sticky":false,"template":"","format":"standard","meta":{"ngg_post_thumbnail":0,"footnotes":""},"categories":[270],"tags":[378,327,468],"class_list":["post-12357","post","type-post","status-publish","format-standard","has-post-thumbnail","hentry","category-servicios","tag-arbolado-urbano","tag-poda","tag-poda-extraordinaria"],"yoast_head":"<!-- This site is optimized with the Yoast SEO plugin v27.4 - https:\/\/yoast.com\/product\/yoast-seo-wordpress\/ -->\n<title>Poda extraordinaria en la alineaci\u00f3n de C\/Atleta Antonio Amor\u00f3s y C\/Poeta Evaristo Ba\u00f1\u00f3n - MI Ayuntamiento de Caudete<\/title>\n<meta name=\"description\" content=\"P\u00e1gina Oficial del Ayuntamiento de Caudete (Albacete)\" \/>\n<meta name=\"robots\" content=\"index, follow, max-snippet:-1, max-image-preview:large, max-video-preview:-1\" \/>\n<link rel=\"canonical\" href=\"https:\/\/www.caudete.org\/ayuntamiento\/poda-extraordinaria-en-la-alineacion-de-c-atleta-antonio-amoros-y-c-poeta-evaristo-banon\/\" \/>\n<meta property=\"og:locale\" content=\"es_ES\" \/>\n<meta property=\"og:type\" content=\"article\" \/>\n<meta property=\"og:title\" content=\"Poda extraordinaria en la alineaci\u00f3n de C\/Atleta Antonio Amor\u00f3s y C\/Poeta Evaristo Ba\u00f1\u00f3n - MI Ayuntamiento de Caudete\" \/>\n<meta property=\"og:description\" content=\"P\u00e1gina Oficial del Ayuntamiento de Caudete (Albacete)\" \/>\n<meta property=\"og:url\" content=\"https:\/\/www.caudete.org\/ayuntamiento\/poda-extraordinaria-en-la-alineacion-de-c-atleta-antonio-amoros-y-c-poeta-evaristo-banon\/\" \/>\n<meta property=\"og:site_name\" content=\"MI Ayuntamiento de Caudete\" \/>\n<meta property=\"article:publisher\" content=\"https:\/\/www.facebook.com\/ayuntamientocaudete\/\" \/>\n<meta property=\"article:published_time\" content=\"2021-02-23T07:00:07+00:00\" \/>\n<meta property=\"og:image\" content=\"https:\/\/www.caudete.org\/ayuntamiento\/wp-content\/uploads\/2021\/02\/WhatsApp-Image-2021-02-22-at-17.54.00.jpeg\" \/>\n\t<meta property=\"og:image:width\" content=\"2048\" \/>\n\t<meta property=\"og:image:height\" content=\"1536\" \/>\n\t<meta property=\"og:image:type\" content=\"image\/jpeg\" \/>\n<meta name=\"author\" content=\"alcalde\" \/>\n<meta name=\"twitter:card\" content=\"summary_large_image\" \/>\n<meta name=\"twitter:label1\" content=\"Escrito por\" \/>\n\t<meta name=\"twitter:data1\" content=\"alcalde\" \/>\n\t<meta name=\"twitter:label2\" content=\"Tiempo de lectura\" \/>\n\t<meta name=\"twitter:data2\" content=\"1 minuto\" \/>\n<script type=\"application\/ld+json\" class=\"yoast-schema-graph\">{\"@context\":\"https:\\\/\\\/schema.org\",\"@graph\":[{\"@type\":\"Article\",\"@id\":\"https:\\\/\\\/www.caudete.org\\\/ayuntamiento\\\/poda-extraordinaria-en-la-alineacion-de-c-atleta-antonio-amoros-y-c-poeta-evaristo-banon\\\/#article\",\"isPartOf\":{\"@id\":\"https:\\\/\\\/www.caudete.org\\\/ayuntamiento\\\/poda-extraordinaria-en-la-alineacion-de-c-atleta-antonio-amoros-y-c-poeta-evaristo-banon\\\/\"},\"author\":{\"name\":\"alcalde\",\"@id\":\"https:\\\/\\\/www.caudete.org\\\/ayuntamiento\\\/#\\\/schema\\\/person\\\/cc646da9133078ee4d8dd47457947253\"},\"headline\":\"Poda extraordinaria en la alineaci\u00f3n de C\\\/Atleta Antonio Amor\u00f3s y C\\\/Poeta Evaristo Ba\u00f1\u00f3n\",\"datePublished\":\"2021-02-23T07:00:07+00:00\",\"mainEntityOfPage\":{\"@id\":\"https:\\\/\\\/www.caudete.org\\\/ayuntamiento\\\/poda-extraordinaria-en-la-alineacion-de-c-atleta-antonio-amoros-y-c-poeta-evaristo-banon\\\/\"},\"wordCount\":266,\"publisher\":{\"@id\":\"https:\\\/\\\/www.caudete.org\\\/ayuntamiento\\\/#organization\"},\"image\":{\"@id\":\"https:\\\/\\\/www.caudete.org\\\/ayuntamiento\\\/poda-extraordinaria-en-la-alineacion-de-c-atleta-antonio-amoros-y-c-poeta-evaristo-banon\\\/#primaryimage\"},\"thumbnailUrl\":\"https:\\\/\\\/www.caudete.org\\\/ayuntamiento\\\/wp-content\\\/uploads\\\/2021\\\/02\\\/WhatsApp-Image-2021-02-22-at-17.54.00.jpeg\",\"keywords\":[\"arbolado urbano\",\"poda\",\"poda extraordinaria\"],\"articleSection\":[\"Servicios\"],\"inLanguage\":\"es\"},{\"@type\":\"WebPage\",\"@id\":\"https:\\\/\\\/www.caudete.org\\\/ayuntamiento\\\/poda-extraordinaria-en-la-alineacion-de-c-atleta-antonio-amoros-y-c-poeta-evaristo-banon\\\/\",\"url\":\"https:\\\/\\\/www.caudete.org\\\/ayuntamiento\\\/poda-extraordinaria-en-la-alineacion-de-c-atleta-antonio-amoros-y-c-poeta-evaristo-banon\\\/\",\"name\":\"Poda extraordinaria en la alineaci\u00f3n de C\\\/Atleta Antonio Amor\u00f3s y C\\\/Poeta Evaristo Ba\u00f1\u00f3n - MI Ayuntamiento de Caudete\",\"isPartOf\":{\"@id\":\"https:\\\/\\\/www.caudete.org\\\/ayuntamiento\\\/#website\"},\"primaryImageOfPage\":{\"@id\":\"https:\\\/\\\/www.caudete.org\\\/ayuntamiento\\\/poda-extraordinaria-en-la-alineacion-de-c-atleta-antonio-amoros-y-c-poeta-evaristo-banon\\\/#primaryimage\"},\"image\":{\"@id\":\"https:\\\/\\\/www.caudete.org\\\/ayuntamiento\\\/poda-extraordinaria-en-la-alineacion-de-c-atleta-antonio-amoros-y-c-poeta-evaristo-banon\\\/#primaryimage\"},\"thumbnailUrl\":\"https:\\\/\\\/www.caudete.org\\\/ayuntamiento\\\/wp-content\\\/uploads\\\/2021\\\/02\\\/WhatsApp-Image-2021-02-22-at-17.54.00.jpeg\",\"datePublished\":\"2021-02-23T07:00:07+00:00\",\"description\":\"P\u00e1gina Oficial del Ayuntamiento de Caudete (Albacete)\",\"breadcrumb\":{\"@id\":\"https:\\\/\\\/www.caudete.org\\\/ayuntamiento\\\/poda-extraordinaria-en-la-alineacion-de-c-atleta-antonio-amoros-y-c-poeta-evaristo-banon\\\/#breadcrumb\"},\"inLanguage\":\"es\",\"potentialAction\":[{\"@type\":\"ReadAction\",\"target\":[\"https:\\\/\\\/www.caudete.org\\\/ayuntamiento\\\/poda-extraordinaria-en-la-alineacion-de-c-atleta-antonio-amoros-y-c-poeta-evaristo-banon\\\/\"]}]},{\"@type\":\"ImageObject\",\"inLanguage\":\"es\",\"@id\":\"https:\\\/\\\/www.caudete.org\\\/ayuntamiento\\\/poda-extraordinaria-en-la-alineacion-de-c-atleta-antonio-amoros-y-c-poeta-evaristo-banon\\\/#primaryimage\",\"url\":\"https:\\\/\\\/www.caudete.org\\\/ayuntamiento\\\/wp-content\\\/uploads\\\/2021\\\/02\\\/WhatsApp-Image-2021-02-22-at-17.54.00.jpeg\",\"contentUrl\":\"https:\\\/\\\/www.caudete.org\\\/ayuntamiento\\\/wp-content\\\/uploads\\\/2021\\\/02\\\/WhatsApp-Image-2021-02-22-at-17.54.00.jpeg\",\"width\":2048,\"height\":1536},{\"@type\":\"BreadcrumbList\",\"@id\":\"https:\\\/\\\/www.caudete.org\\\/ayuntamiento\\\/poda-extraordinaria-en-la-alineacion-de-c-atleta-antonio-amoros-y-c-poeta-evaristo-banon\\\/#breadcrumb\",\"itemListElement\":[{\"@type\":\"ListItem\",\"position\":1,\"name\":\"Inicio\",\"item\":\"https:\\\/\\\/www.caudete.org\\\/ayuntamiento\\\/\"},{\"@type\":\"ListItem\",\"position\":2,\"name\":\"Poda extraordinaria en la alineaci\u00f3n de C\\\/Atleta Antonio Amor\u00f3s y C\\\/Poeta Evaristo Ba\u00f1\u00f3n\"}]},{\"@type\":\"WebSite\",\"@id\":\"https:\\\/\\\/www.caudete.org\\\/ayuntamiento\\\/#website\",\"url\":\"https:\\\/\\\/www.caudete.org\\\/ayuntamiento\\\/\",\"name\":\"MI Ayuntamiento de Caudete\",\"description\":\"P\u00e1gina Oficial del MI Ayuntamiento de Caudete\",\"publisher\":{\"@id\":\"https:\\\/\\\/www.caudete.org\\\/ayuntamiento\\\/#organization\"},\"potentialAction\":[{\"@type\":\"SearchAction\",\"target\":{\"@type\":\"EntryPoint\",\"urlTemplate\":\"https:\\\/\\\/www.caudete.org\\\/ayuntamiento\\\/?s={search_term_string}\"},\"query-input\":{\"@type\":\"PropertyValueSpecification\",\"valueRequired\":true,\"valueName\":\"search_term_string\"}}],\"inLanguage\":\"es\"},{\"@type\":\"Organization\",\"@id\":\"https:\\\/\\\/www.caudete.org\\\/ayuntamiento\\\/#organization\",\"name\":\"Ayuntamiento de Caudete\",\"url\":\"https:\\\/\\\/www.caudete.org\\\/ayuntamiento\\\/\",\"logo\":{\"@type\":\"ImageObject\",\"inLanguage\":\"es\",\"@id\":\"https:\\\/\\\/www.caudete.org\\\/ayuntamiento\\\/#\\\/schema\\\/logo\\\/image\\\/\",\"url\":\"https:\\\/\\\/www.caudete.org\\\/ayuntamiento\\\/wp-content\\\/uploads\\\/2020\\\/11\\\/logo_ayuntamiento_caudete.jpg\",\"contentUrl\":\"https:\\\/\\\/www.caudete.org\\\/ayuntamiento\\\/wp-content\\\/uploads\\\/2020\\\/11\\\/logo_ayuntamiento_caudete.jpg\",\"width\":600,\"height\":150,\"caption\":\"Ayuntamiento de Caudete\"},\"image\":{\"@id\":\"https:\\\/\\\/www.caudete.org\\\/ayuntamiento\\\/#\\\/schema\\\/logo\\\/image\\\/\"},\"sameAs\":[\"https:\\\/\\\/www.facebook.com\\\/ayuntamientocaudete\\\/\",\"https:\\\/\\\/www.youtube.com\\\/channel\\\/UC6VztHaooNsGpw-tNoBEFnQ\"]},{\"@type\":\"Person\",\"@id\":\"https:\\\/\\\/www.caudete.org\\\/ayuntamiento\\\/#\\\/schema\\\/person\\\/cc646da9133078ee4d8dd47457947253\",\"name\":\"alcalde\",\"image\":{\"@type\":\"ImageObject\",\"inLanguage\":\"es\",\"@id\":\"https:\\\/\\\/secure.gravatar.com\\\/avatar\\\/84a817ba065b29ff08d666b215a215f5c79186a645ccb25b14a663d48a130f77?s=96&d=mm&r=g\",\"url\":\"https:\\\/\\\/secure.gravatar.com\\\/avatar\\\/84a817ba065b29ff08d666b215a215f5c79186a645ccb25b14a663d48a130f77?s=96&d=mm&r=g\",\"contentUrl\":\"https:\\\/\\\/secure.gravatar.com\\\/avatar\\\/84a817ba065b29ff08d666b215a215f5c79186a645ccb25b14a663d48a130f77?s=96&d=mm&r=g\",\"caption\":\"alcalde\"},\"url\":\"https:\\\/\\\/www.caudete.org\\\/ayuntamiento\\\/author\\\/alcalde\\\/\"}]}<\/script>\n<!-- \/ Yoast SEO plugin. -->","yoast_head_json":{"title":"Poda extraordinaria en la alineaci\u00f3n de C\/Atleta Antonio Amor\u00f3s y C\/Poeta Evaristo Ba\u00f1\u00f3n - MI Ayuntamiento de Caudete","description":"P\u00e1gina Oficial del Ayuntamiento de Caudete (Albacete)","robots":{"index":"index","follow":"follow","max-snippet":"max-snippet:-1","max-image-preview":"max-image-preview:large","max-video-preview":"max-video-preview:-1"},"canonical":"https:\/\/www.caudete.org\/ayuntamiento\/poda-extraordinaria-en-la-alineacion-de-c-atleta-antonio-amoros-y-c-poeta-evaristo-banon\/","og_locale":"es_ES","og_type":"article","og_title":"Poda extraordinaria en la alineaci\u00f3n de C\/Atleta Antonio Amor\u00f3s y C\/Poeta Evaristo Ba\u00f1\u00f3n - MI Ayuntamiento de Caudete","og_description":"P\u00e1gina Oficial del Ayuntamiento de Caudete (Albacete)","og_url":"https:\/\/www.caudete.org\/ayuntamiento\/poda-extraordinaria-en-la-alineacion-de-c-atleta-antonio-amoros-y-c-poeta-evaristo-banon\/","og_site_name":"MI Ayuntamiento de Caudete","article_publisher":"https:\/\/www.facebook.com\/ayuntamientocaudete\/","article_published_time":"2021-02-23T07:00:07+00:00","og_image":[{"width":2048,"height":1536,"url":"https:\/\/www.caudete.org\/ayuntamiento\/wp-content\/uploads\/2021\/02\/WhatsApp-Image-2021-02-22-at-17.54.00.jpeg","type":"image\/jpeg"}],"author":"alcalde","twitter_card":"summary_large_image","twitter_misc":{"Escrito por":"alcalde","Tiempo de lectura":"1 minuto"},"schema":{"@context":"https:\/\/schema.org","@graph":[{"@type":"Article","@id":"https:\/\/www.caudete.org\/ayuntamiento\/poda-extraordinaria-en-la-alineacion-de-c-atleta-antonio-amoros-y-c-poeta-evaristo-banon\/#article","isPartOf":{"@id":"https:\/\/www.caudete.org\/ayuntamiento\/poda-extraordinaria-en-la-alineacion-de-c-atleta-antonio-amoros-y-c-poeta-evaristo-banon\/"},"author":{"name":"alcalde","@id":"https:\/\/www.caudete.org\/ayuntamiento\/#\/schema\/person\/cc646da9133078ee4d8dd47457947253"},"headline":"Poda extraordinaria en la alineaci\u00f3n de C\/Atleta Antonio Amor\u00f3s y C\/Poeta Evaristo Ba\u00f1\u00f3n","datePublished":"2021-02-23T07:00:07+00:00","mainEntityOfPage":{"@id":"https:\/\/www.caudete.org\/ayuntamiento\/poda-extraordinaria-en-la-alineacion-de-c-atleta-antonio-amoros-y-c-poeta-evaristo-banon\/"},"wordCount":266,"publisher":{"@id":"https:\/\/www.caudete.org\/ayuntamiento\/#organization"},"image":{"@id":"https:\/\/www.caudete.org\/ayuntamiento\/poda-extraordinaria-en-la-alineacion-de-c-atleta-antonio-amoros-y-c-poeta-evaristo-banon\/#primaryimage"},"thumbnailUrl":"https:\/\/www.caudete.org\/ayuntamiento\/wp-content\/uploads\/2021\/02\/WhatsApp-Image-2021-02-22-at-17.54.00.jpeg","keywords":["arbolado urbano","poda","poda extraordinaria"],"articleSection":["Servicios"],"inLanguage":"es"},{"@type":"WebPage","@id":"https:\/\/www.caudete.org\/ayuntamiento\/poda-extraordinaria-en-la-alineacion-de-c-atleta-antonio-amoros-y-c-poeta-evaristo-banon\/","url":"https:\/\/www.caudete.org\/ayuntamiento\/poda-extraordinaria-en-la-alineacion-de-c-atleta-antonio-amoros-y-c-poeta-evaristo-banon\/","name":"Poda extraordinaria en la alineaci\u00f3n de C\/Atleta Antonio Amor\u00f3s y C\/Poeta Evaristo Ba\u00f1\u00f3n - MI Ayuntamiento de Caudete","isPartOf":{"@id":"https:\/\/www.caudete.org\/ayuntamiento\/#website"},"primaryImageOfPage":{"@id":"https:\/\/www.caudete.org\/ayuntamiento\/poda-extraordinaria-en-la-alineacion-de-c-atleta-antonio-amoros-y-c-poeta-evaristo-banon\/#primaryimage"},"image":{"@id":"https:\/\/www.caudete.org\/ayuntamiento\/poda-extraordinaria-en-la-alineacion-de-c-atleta-antonio-amoros-y-c-poeta-evaristo-banon\/#primaryimage"},"thumbnailUrl":"https:\/\/www.caudete.org\/ayuntamiento\/wp-content\/uploads\/2021\/02\/WhatsApp-Image-2021-02-22-at-17.54.00.jpeg","datePublished":"2021-02-23T07:00:07+00:00","description":"P\u00e1gina Oficial del Ayuntamiento de Caudete (Albacete)","breadcrumb":{"@id":"https:\/\/www.caudete.org\/ayuntamiento\/poda-extraordinaria-en-la-alineacion-de-c-atleta-antonio-amoros-y-c-poeta-evaristo-banon\/#breadcrumb"},"inLanguage":"es","potentialAction":[{"@type":"ReadAction","target":["https:\/\/www.caudete.org\/ayuntamiento\/poda-extraordinaria-en-la-alineacion-de-c-atleta-antonio-amoros-y-c-poeta-evaristo-banon\/"]}]},{"@type":"ImageObject","inLanguage":"es","@id":"https:\/\/www.caudete.org\/ayuntamiento\/poda-extraordinaria-en-la-alineacion-de-c-atleta-antonio-amoros-y-c-poeta-evaristo-banon\/#primaryimage","url":"https:\/\/www.caudete.org\/ayuntamiento\/wp-content\/uploads\/2021\/02\/WhatsApp-Image-2021-02-22-at-17.54.00.jpeg","contentUrl":"https:\/\/www.caudete.org\/ayuntamiento\/wp-content\/uploads\/2021\/02\/WhatsApp-Image-2021-02-22-at-17.54.00.jpeg","width":2048,"height":1536},{"@type":"BreadcrumbList","@id":"https:\/\/www.caudete.org\/ayuntamiento\/poda-extraordinaria-en-la-alineacion-de-c-atleta-antonio-amoros-y-c-poeta-evaristo-banon\/#breadcrumb","itemListElement":[{"@type":"ListItem","position":1,"name":"Inicio","item":"https:\/\/www.caudete.org\/ayuntamiento\/"},{"@type":"ListItem","position":2,"name":"Poda extraordinaria en la alineaci\u00f3n de C\/Atleta Antonio Amor\u00f3s y C\/Poeta Evaristo Ba\u00f1\u00f3n"}]},{"@type":"WebSite","@id":"https:\/\/www.caudete.org\/ayuntamiento\/#website","url":"https:\/\/www.caudete.org\/ayuntamiento\/","name":"MI Ayuntamiento de Caudete","description":"P\u00e1gina Oficial del MI Ayuntamiento de Caudete","publisher":{"@id":"https:\/\/www.caudete.org\/ayuntamiento\/#organization"},"potentialAction":[{"@type":"SearchAction","target":{"@type":"EntryPoint","urlTemplate":"https:\/\/www.caudete.org\/ayuntamiento\/?s={search_term_string}"},"query-input":{"@type":"PropertyValueSpecification","valueRequired":true,"valueName":"search_term_string"}}],"inLanguage":"es"},{"@type":"Organization","@id":"https:\/\/www.caudete.org\/ayuntamiento\/#organization","name":"Ayuntamiento de Caudete","url":"https:\/\/www.caudete.org\/ayuntamiento\/","logo":{"@type":"ImageObject","inLanguage":"es","@id":"https:\/\/www.caudete.org\/ayuntamiento\/#\/schema\/logo\/image\/","url":"https:\/\/www.caudete.org\/ayuntamiento\/wp-content\/uploads\/2020\/11\/logo_ayuntamiento_caudete.jpg","contentUrl":"https:\/\/www.caudete.org\/ayuntamiento\/wp-content\/uploads\/2020\/11\/logo_ayuntamiento_caudete.jpg","width":600,"height":150,"caption":"Ayuntamiento de Caudete"},"image":{"@id":"https:\/\/www.caudete.org\/ayuntamiento\/#\/schema\/logo\/image\/"},"sameAs":["https:\/\/www.facebook.com\/ayuntamientocaudete\/","https:\/\/www.youtube.com\/channel\/UC6VztHaooNsGpw-tNoBEFnQ"]},{"@type":"Person","@id":"https:\/\/www.caudete.org\/ayuntamiento\/#\/schema\/person\/cc646da9133078ee4d8dd47457947253","name":"alcalde","image":{"@type":"ImageObject","inLanguage":"es","@id":"https:\/\/secure.gravatar.com\/avatar\/84a817ba065b29ff08d666b215a215f5c79186a645ccb25b14a663d48a130f77?s=96&d=mm&r=g","url":"https:\/\/secure.gravatar.com\/avatar\/84a817ba065b29ff08d666b215a215f5c79186a645ccb25b14a663d48a130f77?s=96&d=mm&r=g","contentUrl":"https:\/\/secure.gravatar.com\/avatar\/84a817ba065b29ff08d666b215a215f5c79186a645ccb25b14a663d48a130f77?s=96&d=mm&r=g","caption":"alcalde"},"url":"https:\/\/www.caudete.org\/ayuntamiento\/author\/alcalde\/"}]}},"_links":{"self":[{"href":"https:\/\/www.caudete.org\/ayuntamiento\/wp-json\/wp\/v2\/posts\/12357","targetHints":{"allow":["GET"]}}],"collection":[{"href":"https:\/\/www.caudete.org\/ayuntamiento\/wp-json\/wp\/v2\/posts"}],"about":[{"href":"https:\/\/www.caudete.org\/ayuntamiento\/wp-json\/wp\/v2\/types\/post"}],"author":[{"embeddable":true,"href":"https:\/\/www.caudete.org\/ayuntamiento\/wp-json\/wp\/v2\/users\/3"}],"replies":[{"embeddable":true,"href":"https:\/\/www.caudete.org\/ayuntamiento\/wp-json\/wp\/v2\/comments?post=12357"}],"version-history":[{"count":1,"href":"https:\/\/www.caudete.org\/ayuntamiento\/wp-json\/wp\/v2\/posts\/12357\/revisions"}],"predecessor-version":[{"id":12359,"href":"https:\/\/www.caudete.org\/ayuntamiento\/wp-json\/wp\/v2\/posts\/12357\/revisions\/12359"}],"wp:featuredmedia":[{"embeddable":true,"href":"https:\/\/www.caudete.org\/ayuntamiento\/wp-json\/wp\/v2\/media\/12358"}],"wp:attachment":[{"href":"https:\/\/www.caudete.org\/ayuntamiento\/wp-json\/wp\/v2\/media?parent=12357"}],"wp:term":[{"taxonomy":"category","embeddable":true,"href":"https:\/\/www.caudete.org\/ayuntamiento\/wp-json\/wp\/v2\/categories?post=12357"},{"taxonomy":"post_tag","embeddable":true,"href":"https:\/\/www.caudete.org\/ayuntamiento\/wp-json\/wp\/v2\/tags?post=12357"}],"curies":[{"name":"wp","href":"https:\/\/api.w.org\/{rel}","templated":true}]}}