{"id":12360,"date":"2021-03-01T08:00:20","date_gmt":"2021-03-01T07:00:20","guid":{"rendered":"https:\/\/www.caudete.org\/ayuntamiento\/?p=12360"},"modified":"2021-02-28T11:49:59","modified_gmt":"2021-02-28T10:49:59","slug":"propuesta-del-equipo-de-gobierno-para-el-plan-anual-normativo-2021","status":"publish","type":"post","link":"https:\/\/www.caudete.org\/ayuntamiento\/propuesta-del-equipo-de-gobierno-para-el-plan-anual-normativo-2021\/","title":{"rendered":"Propuesta del Equipo de Gobierno para el Plan Anual Normativo 2021"},"content":{"rendered":"<p style=\"text-align: justify;\">Mar\u00eda del Mar Requena, Concejal de Interior, ha informado del Dictamen emitido en la sesi\u00f3n de Junta de Gobierno Local referente a la propuesta de aprobaci\u00f3n del <strong>Plan Anual Normativo 2021<\/strong>, propuesta de Alcald\u00eda que recoge las necesidades que en materia normativa han planteado los diferentes Concejales delegados.<\/p>\n<p style=\"text-align: justify;\">Recordaba que el pasado 2020, con la situaci\u00f3n sanitaria sufrida y el impacto recibido en la sociedad, el aprobado Plan Normativo 2020 no pudo llevarse a cabo, motivo por el cual el del presente 2021 recoge parte de las acciones que quedaron pendientes, y que se estiman necesarias a acometer en este a\u00f1o, m\u00e1s otras consideradas prioritarias por el Equipo de Gobierno.<\/p>\n<p style=\"text-align: justify;\">Adem\u00e1s, adelantaba que al inicio de la tramitaci\u00f3n de cada una de los textos normativos, bien sea por modificaci\u00f3n de uno existente o porque sean creadas, se abrir\u00e1 un tiempo en el que los caudetanos podr\u00e1n colaborar y contribuir sobre el documento normativo, proponiendo ideas o sugerencias que puedan suponer un beneficio para la misma.<\/p>\n<p style=\"text-align: justify;\">As\u00ed pues, la Junta de Gobierno Local ha dado luz verde para que el Plan Anual Normativo 2021 est\u00e9 contemplado por:<\/p>\n<p>&nbsp;<\/p>\n<p style=\"text-align: justify;\"><span style=\"text-decoration: underline;\"><strong>1\u00ba. Derogaci\u00f3n de las siguientes ordenanzas y posterior elaboraci\u00f3n \u201c<em>ex novo<\/em>\u201d:<\/strong><\/span><\/p>\n<p style=\"text-align: justify;\">\u2022 Ordenanza fiscal n\u00ba 02. Reguladora del impuesto sobre veh\u00edculos de tracci\u00f3n mec\u00e1nica.<\/p>\n<p style=\"text-align: justify;\">\u2022 Ordenanza n\u00ba 16 Ocupaci\u00f3n de la v\u00eda p\u00fablica construcci\u00f3n.<br \/>\n\u2022 Ordenanza n\u00ba 17 Contribuciones Especiales.\u2022 Ordenanza fiscal n\u00ba 18. Reguladora de la tasa entradas de veh\u00edculos a trav\u00e9s de las aceras y reservas de v\u00eda p\u00fablica para aparcamiento exclusivo, prohibici\u00f3n de estacionamiento, y carga y descarga de mercanc\u00edas de cualquier clase.<br \/>\n\u2022 Ordenanza fiscal n\u00ba 24. Reguladora de la tasa por tendidos, tuber\u00edas y galer\u00edas para las conducciones de energ\u00eda el\u00e9ctrica, agua, gas o cualquier otro fluido incluidos los postes para l\u00edneas, cables, palomillas, cajas de amarre, de distribuci\u00f3n o de registro, transformadores, rieles, b\u00e1sculas, aparatos para venta autom\u00e1tica y otros an\u00e1logos que establezcan sobre v\u00edas p\u00fablicas y otros terrenos de dominio p\u00fablico local o vuelen los mismos.<br \/>\n\u2022 Ordenanza fiscal n\u00ba 26. Reguladora de la tasa por prestaci\u00f3n del servicio de recogida de animales dom\u00e9sticos, transporte al centro de acogida, mantenimiento y cuidados veterinarios de 2007.<\/p>\n<p>&nbsp;<\/p>\n<p style=\"text-align: justify;\"><span style=\"text-decoration: underline;\"><strong>2\u00ba. Modificaci\u00f3n de las siguientes Ordenanzas:<\/strong><\/span><\/p>\n<p style=\"text-align: justify;\">\u2022 Ordenanza municipal sobre prevenci\u00f3n de la contaminaci\u00f3n ac\u00fastica.<br \/>\n\u2022 Ordenanza reguladora del Cementerio Municipal de Caudete.<br \/>\n\u2022 Ordenanza reguladora de Pr\u00e9stamo de Material Municipal.<\/p>\n<p style=\"text-align: justify;\"><span style=\"text-decoration: underline;\"><strong>3\u00ba. Redacci\u00f3n de las siguientes Ordenanzas:<\/strong><\/span><\/p>\n<p style=\"text-align: justify;\">\u2022 Ordenanza Reguladora y Fiscal de Tr\u00e1fico.<br \/>\n\u2022 Ordenanza Reguladora sobre Protocolo, Honores y Distinciones.<br \/>\n\u2022 Ordenanza Reguladora sobre Publicidad, Patrocinio y Mecenazgo.<br \/>\n\u2022 Ordenanza Reguladora sobre funcionamiento y uso de &#8220;La Sala&#8221;.<br \/>\n\u2022 Ordenanza Reguladora sobre limpieza, mantenimiento y vallado de Solares.<br \/>\n\u2022 Ordenanza Reguladora y Fiscal sobre Expedici\u00f3n de Documentos.<\/p>\n<p style=\"text-align: justify;\">\u2022 Ordenanza Reguladora y Fiscal sobre uso Albergues y Refugios Municipales.<\/p>\n<p>\u2022 Ordenanza Reguladora ocupaci\u00f3n de la v\u00eda p\u00fablica.<\/p>\n<p>&nbsp;<\/p>\n<p>&nbsp;<\/p>\n","protected":false},"excerpt":{"rendered":"<p>Mar\u00eda del Mar Requena, Concejal de Interior, ha informado del Dictamen emitido en la sesi\u00f3n de Junta de Gobierno Local referente a la propuesta de aprobaci\u00f3n del Plan Anual Normativo 2021, propuesta de Alcald\u00eda que recoge las necesidades que en materia normativa han planteado los diferentes Concejales delegados. Recordaba que el pasado 2020, con la &hellip;<\/p>\n","protected":false},"author":3,"featured_media":12361,"comment_status":"closed","ping_status":"open","sticky":false,"template":"","format":"standard","meta":{"ngg_post_thumbnail":0,"footnotes":""},"categories":[38],"tags":[470,471,469],"class_list":["post-12360","post","type-post","status-publish","format-standard","has-post-thumbnail","hentry","category-participacion-ciudadana","tag-470","tag-ordenanzas","tag-plan-anual-normativo"],"yoast_head":"<!-- This site is optimized with the Yoast SEO plugin v27.5 - https:\/\/yoast.com\/product\/yoast-seo-wordpress\/ -->\n<title>Propuesta del Equipo de Gobierno para el Plan Anual Normativo 2021 - MI Ayuntamiento de Caudete<\/title>\n<meta name=\"description\" content=\"P\u00e1gina Oficial del Ayuntamiento de Caudete (Albacete)\" \/>\n<meta name=\"robots\" content=\"index, follow, max-snippet:-1, max-image-preview:large, max-video-preview:-1\" \/>\n<link rel=\"canonical\" href=\"https:\/\/www.caudete.org\/ayuntamiento\/propuesta-del-equipo-de-gobierno-para-el-plan-anual-normativo-2021\/\" \/>\n<meta property=\"og:locale\" content=\"es_ES\" \/>\n<meta property=\"og:type\" content=\"article\" \/>\n<meta property=\"og:title\" content=\"Propuesta del Equipo de Gobierno para el Plan Anual Normativo 2021 - MI Ayuntamiento de Caudete\" \/>\n<meta property=\"og:description\" content=\"P\u00e1gina Oficial del Ayuntamiento de Caudete (Albacete)\" \/>\n<meta property=\"og:url\" content=\"https:\/\/www.caudete.org\/ayuntamiento\/propuesta-del-equipo-de-gobierno-para-el-plan-anual-normativo-2021\/\" \/>\n<meta property=\"og:site_name\" content=\"MI Ayuntamiento de Caudete\" \/>\n<meta property=\"article:publisher\" content=\"https:\/\/www.facebook.com\/ayuntamientocaudete\/\" \/>\n<meta property=\"article:published_time\" content=\"2021-03-01T07:00:20+00:00\" \/>\n<meta property=\"og:image\" content=\"https:\/\/www.caudete.org\/ayuntamiento\/wp-content\/uploads\/2021\/02\/ordenanzas_caudete_digital.jpg\" \/>\n\t<meta property=\"og:image:width\" content=\"600\" \/>\n\t<meta property=\"og:image:height\" content=\"280\" \/>\n\t<meta property=\"og:image:type\" content=\"image\/jpeg\" \/>\n<meta name=\"author\" content=\"alcalde\" \/>\n<meta name=\"twitter:card\" content=\"summary_large_image\" \/>\n<meta name=\"twitter:label1\" content=\"Escrito por\" \/>\n\t<meta name=\"twitter:data1\" content=\"alcalde\" \/>\n\t<meta name=\"twitter:label2\" content=\"Tiempo de lectura\" \/>\n\t<meta name=\"twitter:data2\" content=\"3 minutos\" \/>\n<script type=\"application\/ld+json\" class=\"yoast-schema-graph\">{\"@context\":\"https:\\\/\\\/schema.org\",\"@graph\":[{\"@type\":\"Article\",\"@id\":\"https:\\\/\\\/www.caudete.org\\\/ayuntamiento\\\/propuesta-del-equipo-de-gobierno-para-el-plan-anual-normativo-2021\\\/#article\",\"isPartOf\":{\"@id\":\"https:\\\/\\\/www.caudete.org\\\/ayuntamiento\\\/propuesta-del-equipo-de-gobierno-para-el-plan-anual-normativo-2021\\\/\"},\"author\":{\"name\":\"alcalde\",\"@id\":\"https:\\\/\\\/www.caudete.org\\\/ayuntamiento\\\/#\\\/schema\\\/person\\\/cc646da9133078ee4d8dd47457947253\"},\"headline\":\"Propuesta del Equipo de Gobierno para el Plan Anual Normativo 2021\",\"datePublished\":\"2021-03-01T07:00:20+00:00\",\"mainEntityOfPage\":{\"@id\":\"https:\\\/\\\/www.caudete.org\\\/ayuntamiento\\\/propuesta-del-equipo-de-gobierno-para-el-plan-anual-normativo-2021\\\/\"},\"wordCount\":500,\"image\":{\"@id\":\"https:\\\/\\\/www.caudete.org\\\/ayuntamiento\\\/propuesta-del-equipo-de-gobierno-para-el-plan-anual-normativo-2021\\\/#primaryimage\"},\"thumbnailUrl\":\"https:\\\/\\\/www.caudete.org\\\/ayuntamiento\\\/wp-content\\\/uploads\\\/2021\\\/02\\\/ordenanzas_caudete_digital.jpg\",\"keywords\":[\"2021\",\"ordenanzas\",\"Plan Anual Normativo\"],\"articleSection\":[\"Participaci\u00f3n Ciudadana\"],\"inLanguage\":\"es\"},{\"@type\":\"WebPage\",\"@id\":\"https:\\\/\\\/www.caudete.org\\\/ayuntamiento\\\/propuesta-del-equipo-de-gobierno-para-el-plan-anual-normativo-2021\\\/\",\"url\":\"https:\\\/\\\/www.caudete.org\\\/ayuntamiento\\\/propuesta-del-equipo-de-gobierno-para-el-plan-anual-normativo-2021\\\/\",\"name\":\"Propuesta del Equipo de Gobierno para el Plan Anual Normativo 2021 - MI Ayuntamiento de Caudete\",\"isPartOf\":{\"@id\":\"https:\\\/\\\/www.caudete.org\\\/ayuntamiento\\\/#website\"},\"primaryImageOfPage\":{\"@id\":\"https:\\\/\\\/www.caudete.org\\\/ayuntamiento\\\/propuesta-del-equipo-de-gobierno-para-el-plan-anual-normativo-2021\\\/#primaryimage\"},\"image\":{\"@id\":\"https:\\\/\\\/www.caudete.org\\\/ayuntamiento\\\/propuesta-del-equipo-de-gobierno-para-el-plan-anual-normativo-2021\\\/#primaryimage\"},\"thumbnailUrl\":\"https:\\\/\\\/www.caudete.org\\\/ayuntamiento\\\/wp-content\\\/uploads\\\/2021\\\/02\\\/ordenanzas_caudete_digital.jpg\",\"datePublished\":\"2021-03-01T07:00:20+00:00\",\"author\":{\"@id\":\"https:\\\/\\\/www.caudete.org\\\/ayuntamiento\\\/#\\\/schema\\\/person\\\/cc646da9133078ee4d8dd47457947253\"},\"description\":\"P\u00e1gina Oficial del Ayuntamiento de Caudete (Albacete)\",\"breadcrumb\":{\"@id\":\"https:\\\/\\\/www.caudete.org\\\/ayuntamiento\\\/propuesta-del-equipo-de-gobierno-para-el-plan-anual-normativo-2021\\\/#breadcrumb\"},\"inLanguage\":\"es\",\"potentialAction\":[{\"@type\":\"ReadAction\",\"target\":[\"https:\\\/\\\/www.caudete.org\\\/ayuntamiento\\\/propuesta-del-equipo-de-gobierno-para-el-plan-anual-normativo-2021\\\/\"]}]},{\"@type\":\"ImageObject\",\"inLanguage\":\"es\",\"@id\":\"https:\\\/\\\/www.caudete.org\\\/ayuntamiento\\\/propuesta-del-equipo-de-gobierno-para-el-plan-anual-normativo-2021\\\/#primaryimage\",\"url\":\"https:\\\/\\\/www.caudete.org\\\/ayuntamiento\\\/wp-content\\\/uploads\\\/2021\\\/02\\\/ordenanzas_caudete_digital.jpg\",\"contentUrl\":\"https:\\\/\\\/www.caudete.org\\\/ayuntamiento\\\/wp-content\\\/uploads\\\/2021\\\/02\\\/ordenanzas_caudete_digital.jpg\",\"width\":600,\"height\":280},{\"@type\":\"BreadcrumbList\",\"@id\":\"https:\\\/\\\/www.caudete.org\\\/ayuntamiento\\\/propuesta-del-equipo-de-gobierno-para-el-plan-anual-normativo-2021\\\/#breadcrumb\",\"itemListElement\":[{\"@type\":\"ListItem\",\"position\":1,\"name\":\"Inicio\",\"item\":\"https:\\\/\\\/www.caudete.org\\\/ayuntamiento\\\/\"},{\"@type\":\"ListItem\",\"position\":2,\"name\":\"Propuesta del Equipo de Gobierno para el Plan Anual Normativo 2021\"}]},{\"@type\":\"WebSite\",\"@id\":\"https:\\\/\\\/www.caudete.org\\\/ayuntamiento\\\/#website\",\"url\":\"https:\\\/\\\/www.caudete.org\\\/ayuntamiento\\\/\",\"name\":\"MI Ayuntamiento de Caudete\",\"description\":\"P\u00e1gina Oficial del MI Ayuntamiento de Caudete\",\"potentialAction\":[{\"@type\":\"SearchAction\",\"target\":{\"@type\":\"EntryPoint\",\"urlTemplate\":\"https:\\\/\\\/www.caudete.org\\\/ayuntamiento\\\/?s={search_term_string}\"},\"query-input\":{\"@type\":\"PropertyValueSpecification\",\"valueRequired\":true,\"valueName\":\"search_term_string\"}}],\"inLanguage\":\"es\"},{\"@type\":\"Person\",\"@id\":\"https:\\\/\\\/www.caudete.org\\\/ayuntamiento\\\/#\\\/schema\\\/person\\\/cc646da9133078ee4d8dd47457947253\",\"name\":\"alcalde\",\"image\":{\"@type\":\"ImageObject\",\"inLanguage\":\"es\",\"@id\":\"https:\\\/\\\/secure.gravatar.com\\\/avatar\\\/84a817ba065b29ff08d666b215a215f5c79186a645ccb25b14a663d48a130f77?s=96&d=mm&r=g\",\"url\":\"https:\\\/\\\/secure.gravatar.com\\\/avatar\\\/84a817ba065b29ff08d666b215a215f5c79186a645ccb25b14a663d48a130f77?s=96&d=mm&r=g\",\"contentUrl\":\"https:\\\/\\\/secure.gravatar.com\\\/avatar\\\/84a817ba065b29ff08d666b215a215f5c79186a645ccb25b14a663d48a130f77?s=96&d=mm&r=g\",\"caption\":\"alcalde\"},\"url\":\"https:\\\/\\\/www.caudete.org\\\/ayuntamiento\\\/author\\\/alcalde\\\/\"}]}<\/script>\n<!-- \/ Yoast SEO plugin. -->","yoast_head_json":{"title":"Propuesta del Equipo de Gobierno para el Plan Anual Normativo 2021 - MI Ayuntamiento de Caudete","description":"P\u00e1gina Oficial del Ayuntamiento de Caudete (Albacete)","robots":{"index":"index","follow":"follow","max-snippet":"max-snippet:-1","max-image-preview":"max-image-preview:large","max-video-preview":"max-video-preview:-1"},"canonical":"https:\/\/www.caudete.org\/ayuntamiento\/propuesta-del-equipo-de-gobierno-para-el-plan-anual-normativo-2021\/","og_locale":"es_ES","og_type":"article","og_title":"Propuesta del Equipo de Gobierno para el Plan Anual Normativo 2021 - MI Ayuntamiento de Caudete","og_description":"P\u00e1gina Oficial del Ayuntamiento de Caudete (Albacete)","og_url":"https:\/\/www.caudete.org\/ayuntamiento\/propuesta-del-equipo-de-gobierno-para-el-plan-anual-normativo-2021\/","og_site_name":"MI Ayuntamiento de Caudete","article_publisher":"https:\/\/www.facebook.com\/ayuntamientocaudete\/","article_published_time":"2021-03-01T07:00:20+00:00","og_image":[{"width":600,"height":280,"url":"https:\/\/www.caudete.org\/ayuntamiento\/wp-content\/uploads\/2021\/02\/ordenanzas_caudete_digital.jpg","type":"image\/jpeg"}],"author":"alcalde","twitter_card":"summary_large_image","twitter_misc":{"Escrito por":"alcalde","Tiempo de lectura":"3 minutos"},"schema":{"@context":"https:\/\/schema.org","@graph":[{"@type":"Article","@id":"https:\/\/www.caudete.org\/ayuntamiento\/propuesta-del-equipo-de-gobierno-para-el-plan-anual-normativo-2021\/#article","isPartOf":{"@id":"https:\/\/www.caudete.org\/ayuntamiento\/propuesta-del-equipo-de-gobierno-para-el-plan-anual-normativo-2021\/"},"author":{"name":"alcalde","@id":"https:\/\/www.caudete.org\/ayuntamiento\/#\/schema\/person\/cc646da9133078ee4d8dd47457947253"},"headline":"Propuesta del Equipo de Gobierno para el Plan Anual Normativo 2021","datePublished":"2021-03-01T07:00:20+00:00","mainEntityOfPage":{"@id":"https:\/\/www.caudete.org\/ayuntamiento\/propuesta-del-equipo-de-gobierno-para-el-plan-anual-normativo-2021\/"},"wordCount":500,"image":{"@id":"https:\/\/www.caudete.org\/ayuntamiento\/propuesta-del-equipo-de-gobierno-para-el-plan-anual-normativo-2021\/#primaryimage"},"thumbnailUrl":"https:\/\/www.caudete.org\/ayuntamiento\/wp-content\/uploads\/2021\/02\/ordenanzas_caudete_digital.jpg","keywords":["2021","ordenanzas","Plan Anual Normativo"],"articleSection":["Participaci\u00f3n Ciudadana"],"inLanguage":"es"},{"@type":"WebPage","@id":"https:\/\/www.caudete.org\/ayuntamiento\/propuesta-del-equipo-de-gobierno-para-el-plan-anual-normativo-2021\/","url":"https:\/\/www.caudete.org\/ayuntamiento\/propuesta-del-equipo-de-gobierno-para-el-plan-anual-normativo-2021\/","name":"Propuesta del Equipo de Gobierno para el Plan Anual Normativo 2021 - MI Ayuntamiento de Caudete","isPartOf":{"@id":"https:\/\/www.caudete.org\/ayuntamiento\/#website"},"primaryImageOfPage":{"@id":"https:\/\/www.caudete.org\/ayuntamiento\/propuesta-del-equipo-de-gobierno-para-el-plan-anual-normativo-2021\/#primaryimage"},"image":{"@id":"https:\/\/www.caudete.org\/ayuntamiento\/propuesta-del-equipo-de-gobierno-para-el-plan-anual-normativo-2021\/#primaryimage"},"thumbnailUrl":"https:\/\/www.caudete.org\/ayuntamiento\/wp-content\/uploads\/2021\/02\/ordenanzas_caudete_digital.jpg","datePublished":"2021-03-01T07:00:20+00:00","author":{"@id":"https:\/\/www.caudete.org\/ayuntamiento\/#\/schema\/person\/cc646da9133078ee4d8dd47457947253"},"description":"P\u00e1gina Oficial del Ayuntamiento de Caudete (Albacete)","breadcrumb":{"@id":"https:\/\/www.caudete.org\/ayuntamiento\/propuesta-del-equipo-de-gobierno-para-el-plan-anual-normativo-2021\/#breadcrumb"},"inLanguage":"es","potentialAction":[{"@type":"ReadAction","target":["https:\/\/www.caudete.org\/ayuntamiento\/propuesta-del-equipo-de-gobierno-para-el-plan-anual-normativo-2021\/"]}]},{"@type":"ImageObject","inLanguage":"es","@id":"https:\/\/www.caudete.org\/ayuntamiento\/propuesta-del-equipo-de-gobierno-para-el-plan-anual-normativo-2021\/#primaryimage","url":"https:\/\/www.caudete.org\/ayuntamiento\/wp-content\/uploads\/2021\/02\/ordenanzas_caudete_digital.jpg","contentUrl":"https:\/\/www.caudete.org\/ayuntamiento\/wp-content\/uploads\/2021\/02\/ordenanzas_caudete_digital.jpg","width":600,"height":280},{"@type":"BreadcrumbList","@id":"https:\/\/www.caudete.org\/ayuntamiento\/propuesta-del-equipo-de-gobierno-para-el-plan-anual-normativo-2021\/#breadcrumb","itemListElement":[{"@type":"ListItem","position":1,"name":"Inicio","item":"https:\/\/www.caudete.org\/ayuntamiento\/"},{"@type":"ListItem","position":2,"name":"Propuesta del Equipo de Gobierno para el Plan Anual Normativo 2021"}]},{"@type":"WebSite","@id":"https:\/\/www.caudete.org\/ayuntamiento\/#website","url":"https:\/\/www.caudete.org\/ayuntamiento\/","name":"MI Ayuntamiento de Caudete","description":"P\u00e1gina Oficial del MI Ayuntamiento de Caudete","potentialAction":[{"@type":"SearchAction","target":{"@type":"EntryPoint","urlTemplate":"https:\/\/www.caudete.org\/ayuntamiento\/?s={search_term_string}"},"query-input":{"@type":"PropertyValueSpecification","valueRequired":true,"valueName":"search_term_string"}}],"inLanguage":"es"},{"@type":"Person","@id":"https:\/\/www.caudete.org\/ayuntamiento\/#\/schema\/person\/cc646da9133078ee4d8dd47457947253","name":"alcalde","image":{"@type":"ImageObject","inLanguage":"es","@id":"https:\/\/secure.gravatar.com\/avatar\/84a817ba065b29ff08d666b215a215f5c79186a645ccb25b14a663d48a130f77?s=96&d=mm&r=g","url":"https:\/\/secure.gravatar.com\/avatar\/84a817ba065b29ff08d666b215a215f5c79186a645ccb25b14a663d48a130f77?s=96&d=mm&r=g","contentUrl":"https:\/\/secure.gravatar.com\/avatar\/84a817ba065b29ff08d666b215a215f5c79186a645ccb25b14a663d48a130f77?s=96&d=mm&r=g","caption":"alcalde"},"url":"https:\/\/www.caudete.org\/ayuntamiento\/author\/alcalde\/"}]}},"_links":{"self":[{"href":"https:\/\/www.caudete.org\/ayuntamiento\/wp-json\/wp\/v2\/posts\/12360","targetHints":{"allow":["GET"]}}],"collection":[{"href":"https:\/\/www.caudete.org\/ayuntamiento\/wp-json\/wp\/v2\/posts"}],"about":[{"href":"https:\/\/www.caudete.org\/ayuntamiento\/wp-json\/wp\/v2\/types\/post"}],"author":[{"embeddable":true,"href":"https:\/\/www.caudete.org\/ayuntamiento\/wp-json\/wp\/v2\/users\/3"}],"replies":[{"embeddable":true,"href":"https:\/\/www.caudete.org\/ayuntamiento\/wp-json\/wp\/v2\/comments?post=12360"}],"version-history":[{"count":4,"href":"https:\/\/www.caudete.org\/ayuntamiento\/wp-json\/wp\/v2\/posts\/12360\/revisions"}],"predecessor-version":[{"id":12503,"href":"https:\/\/www.caudete.org\/ayuntamiento\/wp-json\/wp\/v2\/posts\/12360\/revisions\/12503"}],"wp:featuredmedia":[{"embeddable":true,"href":"https:\/\/www.caudete.org\/ayuntamiento\/wp-json\/wp\/v2\/media\/12361"}],"wp:attachment":[{"href":"https:\/\/www.caudete.org\/ayuntamiento\/wp-json\/wp\/v2\/media?parent=12360"}],"wp:term":[{"taxonomy":"category","embeddable":true,"href":"https:\/\/www.caudete.org\/ayuntamiento\/wp-json\/wp\/v2\/categories?post=12360"},{"taxonomy":"post_tag","embeddable":true,"href":"https:\/\/www.caudete.org\/ayuntamiento\/wp-json\/wp\/v2\/tags?post=12360"}],"curies":[{"name":"wp","href":"https:\/\/api.w.org\/{rel}","templated":true}]}}