{"id":12446,"date":"2021-02-26T14:59:49","date_gmt":"2021-02-26T13:59:49","guid":{"rendered":"https:\/\/www.caudete.org\/ayuntamiento\/?p=12446"},"modified":"2021-02-26T16:17:28","modified_gmt":"2021-02-26T15:17:28","slug":"los-delegados-de-la-jccm-visitan-las-obras-del-recual-en-c-jose-ruiz-ruiz","status":"publish","type":"post","link":"https:\/\/www.caudete.org\/ayuntamiento\/los-delegados-de-la-jccm-visitan-las-obras-del-recual-en-c-jose-ruiz-ruiz\/","title":{"rendered":"Los Delegados de la JCCM visitan las obras del RECUAL en C\/Jose Ruiz Ruiz"},"content":{"rendered":"<p style=\"text-align: justify;\">En la ma\u00f1ana de ayer jueves, visitaban las obras del RECUAL Pedro Antonio Ruiz Santos y Nicol\u00e1s Merino, Delegado del Gobierno de CLM en Albacete y Delegado Provincial de Econom\u00eda, Empresas y Empleo, respectivamente.<\/p>\n<p><a href=\"https:\/\/www.caudete.org\/ayuntamiento\/wp-content\/uploads\/2021\/02\/WhatsApp-Image-2021-02-25-at-18.48.00.jpeg\" rel='prettyPhoto'><img fetchpriority=\"high\" decoding=\"async\" class=\"wp-image-12447 size-medium aligncenter\" src=\"https:\/\/www.caudete.org\/ayuntamiento\/wp-content\/uploads\/2021\/02\/WhatsApp-Image-2021-02-25-at-18.48.00-300x225.jpeg\" alt=\"\" width=\"300\" height=\"225\" srcset=\"https:\/\/www.caudete.org\/ayuntamiento\/wp-content\/uploads\/2021\/02\/WhatsApp-Image-2021-02-25-at-18.48.00-300x225.jpeg 300w, https:\/\/www.caudete.org\/ayuntamiento\/wp-content\/uploads\/2021\/02\/WhatsApp-Image-2021-02-25-at-18.48.00-1024x768.jpeg 1024w, https:\/\/www.caudete.org\/ayuntamiento\/wp-content\/uploads\/2021\/02\/WhatsApp-Image-2021-02-25-at-18.48.00-768x576.jpeg 768w, https:\/\/www.caudete.org\/ayuntamiento\/wp-content\/uploads\/2021\/02\/WhatsApp-Image-2021-02-25-at-18.48.00-1536x1152.jpeg 1536w, https:\/\/www.caudete.org\/ayuntamiento\/wp-content\/uploads\/2021\/02\/WhatsApp-Image-2021-02-25-at-18.48.00.jpeg 2048w\" sizes=\"(max-width: 300px) 100vw, 300px\" \/><\/a><\/p>\n<p style=\"text-align: justify;\">Lo hac\u00edan invitados por el Alcalde, presente en la visita y acompa\u00f1ado de Concejales de la Corporaci\u00f3n, quienes bajo las explicaciones del Arquitecto Municipal y por tanto autor del Proyecto, pudieron analizar los aspectos m\u00e1s destacables de la soluci\u00f3n que se est\u00e1 ejecutando para una Plaza que con las obras terminadas para inicio de verano supondr\u00e1n un revulsivo para la zona, y un lugar dedicado al peat\u00f3n.<\/p>\n<p style=\"text-align: center;\"><a href=\"https:\/\/www.caudete.org\/ayuntamiento\/wp-content\/uploads\/2021\/02\/WhatsApp-Image-2021-02-25-at-18.47.49-1.jpeg\" rel='prettyPhoto'><img decoding=\"async\" class=\"wp-image-12453 size-medium aligncenter\" src=\"https:\/\/www.caudete.org\/ayuntamiento\/wp-content\/uploads\/2021\/02\/WhatsApp-Image-2021-02-25-at-18.47.49-1-300x225.jpeg\" alt=\"\" width=\"300\" height=\"225\" srcset=\"https:\/\/www.caudete.org\/ayuntamiento\/wp-content\/uploads\/2021\/02\/WhatsApp-Image-2021-02-25-at-18.47.49-1-300x225.jpeg 300w, https:\/\/www.caudete.org\/ayuntamiento\/wp-content\/uploads\/2021\/02\/WhatsApp-Image-2021-02-25-at-18.47.49-1-1024x768.jpeg 1024w, https:\/\/www.caudete.org\/ayuntamiento\/wp-content\/uploads\/2021\/02\/WhatsApp-Image-2021-02-25-at-18.47.49-1-768x576.jpeg 768w, https:\/\/www.caudete.org\/ayuntamiento\/wp-content\/uploads\/2021\/02\/WhatsApp-Image-2021-02-25-at-18.47.49-1-1536x1152.jpeg 1536w, https:\/\/www.caudete.org\/ayuntamiento\/wp-content\/uploads\/2021\/02\/WhatsApp-Image-2021-02-25-at-18.47.49-1.jpeg 2048w\" sizes=\"(max-width: 300px) 100vw, 300px\" \/><\/a><\/p>\n<p style=\"text-align: justify;\">El monitor del programa explic\u00f3 el trabajo que han estado desarrollando los 8 alumnos y el que queda por hacer, que en 4 fases ha sido dividido para no entorpecer el tr\u00e1nsito peatonal y de veh\u00edculos por la zona. Adem\u00e1s destac\u00f3 la profesionalidad, dedicaci\u00f3n y esfuerzo del equipo, que han dado unos muy buenos resultados.<\/p>\n<p style=\"text-align: center;\"><a href=\"https:\/\/www.caudete.org\/ayuntamiento\/wp-content\/uploads\/2021\/02\/WhatsApp-Image-2021-02-25-at-18.47.50-1.jpeg\" rel='prettyPhoto'><img decoding=\"async\" class=\"wp-image-12452 size-medium aligncenter\" src=\"https:\/\/www.caudete.org\/ayuntamiento\/wp-content\/uploads\/2021\/02\/WhatsApp-Image-2021-02-25-at-18.47.50-1-300x225.jpeg\" alt=\"\" width=\"300\" height=\"225\" srcset=\"https:\/\/www.caudete.org\/ayuntamiento\/wp-content\/uploads\/2021\/02\/WhatsApp-Image-2021-02-25-at-18.47.50-1-300x225.jpeg 300w, https:\/\/www.caudete.org\/ayuntamiento\/wp-content\/uploads\/2021\/02\/WhatsApp-Image-2021-02-25-at-18.47.50-1-1024x768.jpeg 1024w, https:\/\/www.caudete.org\/ayuntamiento\/wp-content\/uploads\/2021\/02\/WhatsApp-Image-2021-02-25-at-18.47.50-1-768x576.jpeg 768w, https:\/\/www.caudete.org\/ayuntamiento\/wp-content\/uploads\/2021\/02\/WhatsApp-Image-2021-02-25-at-18.47.50-1-1536x1152.jpeg 1536w, https:\/\/www.caudete.org\/ayuntamiento\/wp-content\/uploads\/2021\/02\/WhatsApp-Image-2021-02-25-at-18.47.50-1.jpeg 2048w\" sizes=\"(max-width: 300px) 100vw, 300px\" \/><\/a><\/p>\n<p style=\"text-align: justify;\">Se resalt\u00f3 tambien los trabajos que se han estado complementando para dejar la zona totalmente renovada: la sustituci\u00f3n de las redes de abastecimiento de agua potable, la instalacion de 2 bocas de incendio, de una fuente para servicio de los peatones, y de la instalaci\u00f3n de canalizaciones para acoger futuras instalaciones.<\/p>\n<p style=\"text-align: center;\"><a href=\"https:\/\/www.caudete.org\/ayuntamiento\/wp-content\/uploads\/2021\/02\/WhatsApp-Image-2021-02-25-at-18.47.49.jpeg\" rel='prettyPhoto'><img loading=\"lazy\" decoding=\"async\" class=\"wp-image-12455 size-medium aligncenter\" src=\"https:\/\/www.caudete.org\/ayuntamiento\/wp-content\/uploads\/2021\/02\/WhatsApp-Image-2021-02-25-at-18.47.49-300x225.jpeg\" alt=\"\" width=\"300\" height=\"225\" srcset=\"https:\/\/www.caudete.org\/ayuntamiento\/wp-content\/uploads\/2021\/02\/WhatsApp-Image-2021-02-25-at-18.47.49-300x225.jpeg 300w, https:\/\/www.caudete.org\/ayuntamiento\/wp-content\/uploads\/2021\/02\/WhatsApp-Image-2021-02-25-at-18.47.49-1024x768.jpeg 1024w, https:\/\/www.caudete.org\/ayuntamiento\/wp-content\/uploads\/2021\/02\/WhatsApp-Image-2021-02-25-at-18.47.49-768x576.jpeg 768w, https:\/\/www.caudete.org\/ayuntamiento\/wp-content\/uploads\/2021\/02\/WhatsApp-Image-2021-02-25-at-18.47.49-1536x1152.jpeg 1536w, https:\/\/www.caudete.org\/ayuntamiento\/wp-content\/uploads\/2021\/02\/WhatsApp-Image-2021-02-25-at-18.47.49.jpeg 2048w\" sizes=\"(max-width: 300px) 100vw, 300px\" \/><\/a><\/p>\n<p style=\"text-align: justify;\">En estos momentos, se encuentra la 1\u00aafase completamente terminada, a falta de la vegetaci\u00f3n y mobiliario urbano. Se est\u00e1 ejecutando la 2\u00aa Fase, con el soterramiento de los contenedores de RSU, y la colocaci\u00f3n del bordillo perimetral, siendo la pr\u00f3xima semana cuando se ejecute la solera de hormig\u00f3n tras ejecutar la zona de jardiner\u00eda con bordillo perimetral; siendo en el mes de Marzo cuando se inicie la 3\u00aa Fase, momento que supondr\u00e1 el ecuador de la obra, y comenzar con el margen opuesto a donde las obras se est\u00e1n desarrollando.<\/p>\n<p style=\"text-align: center;\"><a href=\"https:\/\/www.caudete.org\/ayuntamiento\/wp-content\/uploads\/2021\/02\/WhatsApp-Image-2021-02-25-at-18.47.51.jpeg\" rel='prettyPhoto'><img loading=\"lazy\" decoding=\"async\" class=\"wp-image-12451 size-medium aligncenter\" src=\"https:\/\/www.caudete.org\/ayuntamiento\/wp-content\/uploads\/2021\/02\/WhatsApp-Image-2021-02-25-at-18.47.51-300x225.jpeg\" alt=\"\" width=\"300\" height=\"225\" srcset=\"https:\/\/www.caudete.org\/ayuntamiento\/wp-content\/uploads\/2021\/02\/WhatsApp-Image-2021-02-25-at-18.47.51-300x225.jpeg 300w, https:\/\/www.caudete.org\/ayuntamiento\/wp-content\/uploads\/2021\/02\/WhatsApp-Image-2021-02-25-at-18.47.51-1024x768.jpeg 1024w, https:\/\/www.caudete.org\/ayuntamiento\/wp-content\/uploads\/2021\/02\/WhatsApp-Image-2021-02-25-at-18.47.51-768x576.jpeg 768w, https:\/\/www.caudete.org\/ayuntamiento\/wp-content\/uploads\/2021\/02\/WhatsApp-Image-2021-02-25-at-18.47.51-1536x1152.jpeg 1536w, https:\/\/www.caudete.org\/ayuntamiento\/wp-content\/uploads\/2021\/02\/WhatsApp-Image-2021-02-25-at-18.47.51.jpeg 2048w\" sizes=\"(max-width: 300px) 100vw, 300px\" \/><\/a><\/p>\n<p>&nbsp;<\/p>\n<p>&nbsp;<\/p>\n","protected":false},"excerpt":{"rendered":"<p>En la ma\u00f1ana de ayer jueves, visitaban las obras del RECUAL Pedro Antonio Ruiz Santos y Nicol\u00e1s Merino, Delegado del Gobierno de CLM en Albacete y Delegado Provincial de Econom\u00eda, Empresas y Empleo, respectivamente. Lo hac\u00edan invitados por el Alcalde, presente en la visita y acompa\u00f1ado de Concejales de la Corporaci\u00f3n, quienes bajo las explicaciones &hellip;<\/p>\n","protected":false},"author":3,"featured_media":12449,"comment_status":"closed","ping_status":"open","sticky":false,"template":"","format":"standard","meta":{"ngg_post_thumbnail":0,"footnotes":""},"categories":[37],"tags":[177,174],"class_list":["post-12446","post","type-post","status-publish","format-standard","has-post-thumbnail","hentry","category-empleo-y-formacion","tag-jose-ruiz-ruiz","tag-recual"],"yoast_head":"<!-- This site is optimized with the Yoast SEO plugin v27.4 - https:\/\/yoast.com\/product\/yoast-seo-wordpress\/ -->\n<title>Los Delegados de la JCCM visitan las obras del RECUAL en C\/Jose Ruiz Ruiz - MI Ayuntamiento de Caudete<\/title>\n<meta name=\"description\" content=\"P\u00e1gina Oficial del Ayuntamiento de Caudete (Albacete)\" \/>\n<meta name=\"robots\" content=\"index, follow, max-snippet:-1, max-image-preview:large, max-video-preview:-1\" \/>\n<link rel=\"canonical\" href=\"https:\/\/www.caudete.org\/ayuntamiento\/los-delegados-de-la-jccm-visitan-las-obras-del-recual-en-c-jose-ruiz-ruiz\/\" \/>\n<meta property=\"og:locale\" content=\"es_ES\" \/>\n<meta property=\"og:type\" content=\"article\" \/>\n<meta property=\"og:title\" content=\"Los Delegados de la JCCM visitan las obras del RECUAL en C\/Jose Ruiz Ruiz - MI Ayuntamiento de Caudete\" \/>\n<meta property=\"og:description\" content=\"P\u00e1gina Oficial del Ayuntamiento de Caudete (Albacete)\" \/>\n<meta property=\"og:url\" content=\"https:\/\/www.caudete.org\/ayuntamiento\/los-delegados-de-la-jccm-visitan-las-obras-del-recual-en-c-jose-ruiz-ruiz\/\" \/>\n<meta property=\"og:site_name\" content=\"MI Ayuntamiento de Caudete\" \/>\n<meta property=\"article:publisher\" content=\"https:\/\/www.facebook.com\/ayuntamientocaudete\/\" \/>\n<meta property=\"article:published_time\" content=\"2021-02-26T13:59:49+00:00\" \/>\n<meta property=\"article:modified_time\" content=\"2021-02-26T15:17:28+00:00\" \/>\n<meta property=\"og:image\" content=\"https:\/\/www.caudete.org\/ayuntamiento\/wp-content\/uploads\/2021\/02\/WhatsApp-Image-2021-02-25-at-18.47.53.jpeg\" \/>\n\t<meta property=\"og:image:width\" content=\"2048\" \/>\n\t<meta property=\"og:image:height\" content=\"1536\" \/>\n\t<meta property=\"og:image:type\" content=\"image\/jpeg\" \/>\n<meta name=\"author\" content=\"alcalde\" \/>\n<meta name=\"twitter:card\" content=\"summary_large_image\" \/>\n<meta name=\"twitter:label1\" content=\"Escrito por\" \/>\n\t<meta name=\"twitter:data1\" content=\"alcalde\" \/>\n\t<meta name=\"twitter:label2\" content=\"Tiempo de lectura\" \/>\n\t<meta name=\"twitter:data2\" content=\"3 minutos\" \/>\n<script type=\"application\/ld+json\" class=\"yoast-schema-graph\">{\"@context\":\"https:\\\/\\\/schema.org\",\"@graph\":[{\"@type\":\"Article\",\"@id\":\"https:\\\/\\\/www.caudete.org\\\/ayuntamiento\\\/los-delegados-de-la-jccm-visitan-las-obras-del-recual-en-c-jose-ruiz-ruiz\\\/#article\",\"isPartOf\":{\"@id\":\"https:\\\/\\\/www.caudete.org\\\/ayuntamiento\\\/los-delegados-de-la-jccm-visitan-las-obras-del-recual-en-c-jose-ruiz-ruiz\\\/\"},\"author\":{\"name\":\"alcalde\",\"@id\":\"https:\\\/\\\/www.caudete.org\\\/ayuntamiento\\\/#\\\/schema\\\/person\\\/cc646da9133078ee4d8dd47457947253\"},\"headline\":\"Los Delegados de la JCCM visitan las obras del RECUAL en C\\\/Jose Ruiz Ruiz\",\"datePublished\":\"2021-02-26T13:59:49+00:00\",\"dateModified\":\"2021-02-26T15:17:28+00:00\",\"mainEntityOfPage\":{\"@id\":\"https:\\\/\\\/www.caudete.org\\\/ayuntamiento\\\/los-delegados-de-la-jccm-visitan-las-obras-del-recual-en-c-jose-ruiz-ruiz\\\/\"},\"wordCount\":331,\"publisher\":{\"@id\":\"https:\\\/\\\/www.caudete.org\\\/ayuntamiento\\\/#organization\"},\"image\":{\"@id\":\"https:\\\/\\\/www.caudete.org\\\/ayuntamiento\\\/los-delegados-de-la-jccm-visitan-las-obras-del-recual-en-c-jose-ruiz-ruiz\\\/#primaryimage\"},\"thumbnailUrl\":\"https:\\\/\\\/www.caudete.org\\\/ayuntamiento\\\/wp-content\\\/uploads\\\/2021\\\/02\\\/WhatsApp-Image-2021-02-25-at-18.47.53.jpeg\",\"keywords\":[\"Jose Ruiz Ruiz\",\"RECUAL\"],\"articleSection\":[\"Empleo y Formaci\u00f3n\"],\"inLanguage\":\"es\"},{\"@type\":\"WebPage\",\"@id\":\"https:\\\/\\\/www.caudete.org\\\/ayuntamiento\\\/los-delegados-de-la-jccm-visitan-las-obras-del-recual-en-c-jose-ruiz-ruiz\\\/\",\"url\":\"https:\\\/\\\/www.caudete.org\\\/ayuntamiento\\\/los-delegados-de-la-jccm-visitan-las-obras-del-recual-en-c-jose-ruiz-ruiz\\\/\",\"name\":\"Los Delegados de la JCCM visitan las obras del RECUAL en C\\\/Jose Ruiz Ruiz - MI Ayuntamiento de Caudete\",\"isPartOf\":{\"@id\":\"https:\\\/\\\/www.caudete.org\\\/ayuntamiento\\\/#website\"},\"primaryImageOfPage\":{\"@id\":\"https:\\\/\\\/www.caudete.org\\\/ayuntamiento\\\/los-delegados-de-la-jccm-visitan-las-obras-del-recual-en-c-jose-ruiz-ruiz\\\/#primaryimage\"},\"image\":{\"@id\":\"https:\\\/\\\/www.caudete.org\\\/ayuntamiento\\\/los-delegados-de-la-jccm-visitan-las-obras-del-recual-en-c-jose-ruiz-ruiz\\\/#primaryimage\"},\"thumbnailUrl\":\"https:\\\/\\\/www.caudete.org\\\/ayuntamiento\\\/wp-content\\\/uploads\\\/2021\\\/02\\\/WhatsApp-Image-2021-02-25-at-18.47.53.jpeg\",\"datePublished\":\"2021-02-26T13:59:49+00:00\",\"dateModified\":\"2021-02-26T15:17:28+00:00\",\"description\":\"P\u00e1gina Oficial del Ayuntamiento de Caudete (Albacete)\",\"breadcrumb\":{\"@id\":\"https:\\\/\\\/www.caudete.org\\\/ayuntamiento\\\/los-delegados-de-la-jccm-visitan-las-obras-del-recual-en-c-jose-ruiz-ruiz\\\/#breadcrumb\"},\"inLanguage\":\"es\",\"potentialAction\":[{\"@type\":\"ReadAction\",\"target\":[\"https:\\\/\\\/www.caudete.org\\\/ayuntamiento\\\/los-delegados-de-la-jccm-visitan-las-obras-del-recual-en-c-jose-ruiz-ruiz\\\/\"]}]},{\"@type\":\"ImageObject\",\"inLanguage\":\"es\",\"@id\":\"https:\\\/\\\/www.caudete.org\\\/ayuntamiento\\\/los-delegados-de-la-jccm-visitan-las-obras-del-recual-en-c-jose-ruiz-ruiz\\\/#primaryimage\",\"url\":\"https:\\\/\\\/www.caudete.org\\\/ayuntamiento\\\/wp-content\\\/uploads\\\/2021\\\/02\\\/WhatsApp-Image-2021-02-25-at-18.47.53.jpeg\",\"contentUrl\":\"https:\\\/\\\/www.caudete.org\\\/ayuntamiento\\\/wp-content\\\/uploads\\\/2021\\\/02\\\/WhatsApp-Image-2021-02-25-at-18.47.53.jpeg\",\"width\":2048,\"height\":1536},{\"@type\":\"BreadcrumbList\",\"@id\":\"https:\\\/\\\/www.caudete.org\\\/ayuntamiento\\\/los-delegados-de-la-jccm-visitan-las-obras-del-recual-en-c-jose-ruiz-ruiz\\\/#breadcrumb\",\"itemListElement\":[{\"@type\":\"ListItem\",\"position\":1,\"name\":\"Inicio\",\"item\":\"https:\\\/\\\/www.caudete.org\\\/ayuntamiento\\\/\"},{\"@type\":\"ListItem\",\"position\":2,\"name\":\"Los Delegados de la JCCM visitan las obras del RECUAL en C\\\/Jose Ruiz Ruiz\"}]},{\"@type\":\"WebSite\",\"@id\":\"https:\\\/\\\/www.caudete.org\\\/ayuntamiento\\\/#website\",\"url\":\"https:\\\/\\\/www.caudete.org\\\/ayuntamiento\\\/\",\"name\":\"MI Ayuntamiento de Caudete\",\"description\":\"P\u00e1gina Oficial del MI Ayuntamiento de Caudete\",\"publisher\":{\"@id\":\"https:\\\/\\\/www.caudete.org\\\/ayuntamiento\\\/#organization\"},\"potentialAction\":[{\"@type\":\"SearchAction\",\"target\":{\"@type\":\"EntryPoint\",\"urlTemplate\":\"https:\\\/\\\/www.caudete.org\\\/ayuntamiento\\\/?s={search_term_string}\"},\"query-input\":{\"@type\":\"PropertyValueSpecification\",\"valueRequired\":true,\"valueName\":\"search_term_string\"}}],\"inLanguage\":\"es\"},{\"@type\":\"Organization\",\"@id\":\"https:\\\/\\\/www.caudete.org\\\/ayuntamiento\\\/#organization\",\"name\":\"Ayuntamiento de Caudete\",\"url\":\"https:\\\/\\\/www.caudete.org\\\/ayuntamiento\\\/\",\"logo\":{\"@type\":\"ImageObject\",\"inLanguage\":\"es\",\"@id\":\"https:\\\/\\\/www.caudete.org\\\/ayuntamiento\\\/#\\\/schema\\\/logo\\\/image\\\/\",\"url\":\"https:\\\/\\\/www.caudete.org\\\/ayuntamiento\\\/wp-content\\\/uploads\\\/2020\\\/11\\\/logo_ayuntamiento_caudete.jpg\",\"contentUrl\":\"https:\\\/\\\/www.caudete.org\\\/ayuntamiento\\\/wp-content\\\/uploads\\\/2020\\\/11\\\/logo_ayuntamiento_caudete.jpg\",\"width\":600,\"height\":150,\"caption\":\"Ayuntamiento de Caudete\"},\"image\":{\"@id\":\"https:\\\/\\\/www.caudete.org\\\/ayuntamiento\\\/#\\\/schema\\\/logo\\\/image\\\/\"},\"sameAs\":[\"https:\\\/\\\/www.facebook.com\\\/ayuntamientocaudete\\\/\",\"https:\\\/\\\/www.youtube.com\\\/channel\\\/UC6VztHaooNsGpw-tNoBEFnQ\"]},{\"@type\":\"Person\",\"@id\":\"https:\\\/\\\/www.caudete.org\\\/ayuntamiento\\\/#\\\/schema\\\/person\\\/cc646da9133078ee4d8dd47457947253\",\"name\":\"alcalde\",\"image\":{\"@type\":\"ImageObject\",\"inLanguage\":\"es\",\"@id\":\"https:\\\/\\\/secure.gravatar.com\\\/avatar\\\/84a817ba065b29ff08d666b215a215f5c79186a645ccb25b14a663d48a130f77?s=96&d=mm&r=g\",\"url\":\"https:\\\/\\\/secure.gravatar.com\\\/avatar\\\/84a817ba065b29ff08d666b215a215f5c79186a645ccb25b14a663d48a130f77?s=96&d=mm&r=g\",\"contentUrl\":\"https:\\\/\\\/secure.gravatar.com\\\/avatar\\\/84a817ba065b29ff08d666b215a215f5c79186a645ccb25b14a663d48a130f77?s=96&d=mm&r=g\",\"caption\":\"alcalde\"},\"url\":\"https:\\\/\\\/www.caudete.org\\\/ayuntamiento\\\/author\\\/alcalde\\\/\"}]}<\/script>\n<!-- \/ Yoast SEO plugin. -->","yoast_head_json":{"title":"Los Delegados de la JCCM visitan las obras del RECUAL en C\/Jose Ruiz Ruiz - MI Ayuntamiento de Caudete","description":"P\u00e1gina Oficial del Ayuntamiento de Caudete (Albacete)","robots":{"index":"index","follow":"follow","max-snippet":"max-snippet:-1","max-image-preview":"max-image-preview:large","max-video-preview":"max-video-preview:-1"},"canonical":"https:\/\/www.caudete.org\/ayuntamiento\/los-delegados-de-la-jccm-visitan-las-obras-del-recual-en-c-jose-ruiz-ruiz\/","og_locale":"es_ES","og_type":"article","og_title":"Los Delegados de la JCCM visitan las obras del RECUAL en C\/Jose Ruiz Ruiz - MI Ayuntamiento de Caudete","og_description":"P\u00e1gina Oficial del Ayuntamiento de Caudete (Albacete)","og_url":"https:\/\/www.caudete.org\/ayuntamiento\/los-delegados-de-la-jccm-visitan-las-obras-del-recual-en-c-jose-ruiz-ruiz\/","og_site_name":"MI Ayuntamiento de Caudete","article_publisher":"https:\/\/www.facebook.com\/ayuntamientocaudete\/","article_published_time":"2021-02-26T13:59:49+00:00","article_modified_time":"2021-02-26T15:17:28+00:00","og_image":[{"width":2048,"height":1536,"url":"https:\/\/www.caudete.org\/ayuntamiento\/wp-content\/uploads\/2021\/02\/WhatsApp-Image-2021-02-25-at-18.47.53.jpeg","type":"image\/jpeg"}],"author":"alcalde","twitter_card":"summary_large_image","twitter_misc":{"Escrito por":"alcalde","Tiempo de lectura":"3 minutos"},"schema":{"@context":"https:\/\/schema.org","@graph":[{"@type":"Article","@id":"https:\/\/www.caudete.org\/ayuntamiento\/los-delegados-de-la-jccm-visitan-las-obras-del-recual-en-c-jose-ruiz-ruiz\/#article","isPartOf":{"@id":"https:\/\/www.caudete.org\/ayuntamiento\/los-delegados-de-la-jccm-visitan-las-obras-del-recual-en-c-jose-ruiz-ruiz\/"},"author":{"name":"alcalde","@id":"https:\/\/www.caudete.org\/ayuntamiento\/#\/schema\/person\/cc646da9133078ee4d8dd47457947253"},"headline":"Los Delegados de la JCCM visitan las obras del RECUAL en C\/Jose Ruiz Ruiz","datePublished":"2021-02-26T13:59:49+00:00","dateModified":"2021-02-26T15:17:28+00:00","mainEntityOfPage":{"@id":"https:\/\/www.caudete.org\/ayuntamiento\/los-delegados-de-la-jccm-visitan-las-obras-del-recual-en-c-jose-ruiz-ruiz\/"},"wordCount":331,"publisher":{"@id":"https:\/\/www.caudete.org\/ayuntamiento\/#organization"},"image":{"@id":"https:\/\/www.caudete.org\/ayuntamiento\/los-delegados-de-la-jccm-visitan-las-obras-del-recual-en-c-jose-ruiz-ruiz\/#primaryimage"},"thumbnailUrl":"https:\/\/www.caudete.org\/ayuntamiento\/wp-content\/uploads\/2021\/02\/WhatsApp-Image-2021-02-25-at-18.47.53.jpeg","keywords":["Jose Ruiz Ruiz","RECUAL"],"articleSection":["Empleo y Formaci\u00f3n"],"inLanguage":"es"},{"@type":"WebPage","@id":"https:\/\/www.caudete.org\/ayuntamiento\/los-delegados-de-la-jccm-visitan-las-obras-del-recual-en-c-jose-ruiz-ruiz\/","url":"https:\/\/www.caudete.org\/ayuntamiento\/los-delegados-de-la-jccm-visitan-las-obras-del-recual-en-c-jose-ruiz-ruiz\/","name":"Los Delegados de la JCCM visitan las obras del RECUAL en C\/Jose Ruiz Ruiz - MI Ayuntamiento de Caudete","isPartOf":{"@id":"https:\/\/www.caudete.org\/ayuntamiento\/#website"},"primaryImageOfPage":{"@id":"https:\/\/www.caudete.org\/ayuntamiento\/los-delegados-de-la-jccm-visitan-las-obras-del-recual-en-c-jose-ruiz-ruiz\/#primaryimage"},"image":{"@id":"https:\/\/www.caudete.org\/ayuntamiento\/los-delegados-de-la-jccm-visitan-las-obras-del-recual-en-c-jose-ruiz-ruiz\/#primaryimage"},"thumbnailUrl":"https:\/\/www.caudete.org\/ayuntamiento\/wp-content\/uploads\/2021\/02\/WhatsApp-Image-2021-02-25-at-18.47.53.jpeg","datePublished":"2021-02-26T13:59:49+00:00","dateModified":"2021-02-26T15:17:28+00:00","description":"P\u00e1gina Oficial del Ayuntamiento de Caudete (Albacete)","breadcrumb":{"@id":"https:\/\/www.caudete.org\/ayuntamiento\/los-delegados-de-la-jccm-visitan-las-obras-del-recual-en-c-jose-ruiz-ruiz\/#breadcrumb"},"inLanguage":"es","potentialAction":[{"@type":"ReadAction","target":["https:\/\/www.caudete.org\/ayuntamiento\/los-delegados-de-la-jccm-visitan-las-obras-del-recual-en-c-jose-ruiz-ruiz\/"]}]},{"@type":"ImageObject","inLanguage":"es","@id":"https:\/\/www.caudete.org\/ayuntamiento\/los-delegados-de-la-jccm-visitan-las-obras-del-recual-en-c-jose-ruiz-ruiz\/#primaryimage","url":"https:\/\/www.caudete.org\/ayuntamiento\/wp-content\/uploads\/2021\/02\/WhatsApp-Image-2021-02-25-at-18.47.53.jpeg","contentUrl":"https:\/\/www.caudete.org\/ayuntamiento\/wp-content\/uploads\/2021\/02\/WhatsApp-Image-2021-02-25-at-18.47.53.jpeg","width":2048,"height":1536},{"@type":"BreadcrumbList","@id":"https:\/\/www.caudete.org\/ayuntamiento\/los-delegados-de-la-jccm-visitan-las-obras-del-recual-en-c-jose-ruiz-ruiz\/#breadcrumb","itemListElement":[{"@type":"ListItem","position":1,"name":"Inicio","item":"https:\/\/www.caudete.org\/ayuntamiento\/"},{"@type":"ListItem","position":2,"name":"Los Delegados de la JCCM visitan las obras del RECUAL en C\/Jose Ruiz Ruiz"}]},{"@type":"WebSite","@id":"https:\/\/www.caudete.org\/ayuntamiento\/#website","url":"https:\/\/www.caudete.org\/ayuntamiento\/","name":"MI Ayuntamiento de Caudete","description":"P\u00e1gina Oficial del MI Ayuntamiento de Caudete","publisher":{"@id":"https:\/\/www.caudete.org\/ayuntamiento\/#organization"},"potentialAction":[{"@type":"SearchAction","target":{"@type":"EntryPoint","urlTemplate":"https:\/\/www.caudete.org\/ayuntamiento\/?s={search_term_string}"},"query-input":{"@type":"PropertyValueSpecification","valueRequired":true,"valueName":"search_term_string"}}],"inLanguage":"es"},{"@type":"Organization","@id":"https:\/\/www.caudete.org\/ayuntamiento\/#organization","name":"Ayuntamiento de Caudete","url":"https:\/\/www.caudete.org\/ayuntamiento\/","logo":{"@type":"ImageObject","inLanguage":"es","@id":"https:\/\/www.caudete.org\/ayuntamiento\/#\/schema\/logo\/image\/","url":"https:\/\/www.caudete.org\/ayuntamiento\/wp-content\/uploads\/2020\/11\/logo_ayuntamiento_caudete.jpg","contentUrl":"https:\/\/www.caudete.org\/ayuntamiento\/wp-content\/uploads\/2020\/11\/logo_ayuntamiento_caudete.jpg","width":600,"height":150,"caption":"Ayuntamiento de Caudete"},"image":{"@id":"https:\/\/www.caudete.org\/ayuntamiento\/#\/schema\/logo\/image\/"},"sameAs":["https:\/\/www.facebook.com\/ayuntamientocaudete\/","https:\/\/www.youtube.com\/channel\/UC6VztHaooNsGpw-tNoBEFnQ"]},{"@type":"Person","@id":"https:\/\/www.caudete.org\/ayuntamiento\/#\/schema\/person\/cc646da9133078ee4d8dd47457947253","name":"alcalde","image":{"@type":"ImageObject","inLanguage":"es","@id":"https:\/\/secure.gravatar.com\/avatar\/84a817ba065b29ff08d666b215a215f5c79186a645ccb25b14a663d48a130f77?s=96&d=mm&r=g","url":"https:\/\/secure.gravatar.com\/avatar\/84a817ba065b29ff08d666b215a215f5c79186a645ccb25b14a663d48a130f77?s=96&d=mm&r=g","contentUrl":"https:\/\/secure.gravatar.com\/avatar\/84a817ba065b29ff08d666b215a215f5c79186a645ccb25b14a663d48a130f77?s=96&d=mm&r=g","caption":"alcalde"},"url":"https:\/\/www.caudete.org\/ayuntamiento\/author\/alcalde\/"}]}},"_links":{"self":[{"href":"https:\/\/www.caudete.org\/ayuntamiento\/wp-json\/wp\/v2\/posts\/12446","targetHints":{"allow":["GET"]}}],"collection":[{"href":"https:\/\/www.caudete.org\/ayuntamiento\/wp-json\/wp\/v2\/posts"}],"about":[{"href":"https:\/\/www.caudete.org\/ayuntamiento\/wp-json\/wp\/v2\/types\/post"}],"author":[{"embeddable":true,"href":"https:\/\/www.caudete.org\/ayuntamiento\/wp-json\/wp\/v2\/users\/3"}],"replies":[{"embeddable":true,"href":"https:\/\/www.caudete.org\/ayuntamiento\/wp-json\/wp\/v2\/comments?post=12446"}],"version-history":[{"count":4,"href":"https:\/\/www.caudete.org\/ayuntamiento\/wp-json\/wp\/v2\/posts\/12446\/revisions"}],"predecessor-version":[{"id":12459,"href":"https:\/\/www.caudete.org\/ayuntamiento\/wp-json\/wp\/v2\/posts\/12446\/revisions\/12459"}],"wp:featuredmedia":[{"embeddable":true,"href":"https:\/\/www.caudete.org\/ayuntamiento\/wp-json\/wp\/v2\/media\/12449"}],"wp:attachment":[{"href":"https:\/\/www.caudete.org\/ayuntamiento\/wp-json\/wp\/v2\/media?parent=12446"}],"wp:term":[{"taxonomy":"category","embeddable":true,"href":"https:\/\/www.caudete.org\/ayuntamiento\/wp-json\/wp\/v2\/categories?post=12446"},{"taxonomy":"post_tag","embeddable":true,"href":"https:\/\/www.caudete.org\/ayuntamiento\/wp-json\/wp\/v2\/tags?post=12446"}],"curies":[{"name":"wp","href":"https:\/\/api.w.org\/{rel}","templated":true}]}}