{"id":12504,"date":"2021-02-28T11:50:07","date_gmt":"2021-02-28T10:50:07","guid":{"rendered":"https:\/\/www.caudete.org\/ayuntamiento\/?p=12504"},"modified":"2022-08-20T08:56:04","modified_gmt":"2022-08-20T06:56:04","slug":"12504-2","status":"publish","type":"post","link":"https:\/\/www.caudete.org\/ayuntamiento\/12504-2\/","title":{"rendered":"Abierta la participaci\u00f3n ciudadana para nombrar las Calles del Pol\u00edgono LOS VILLARES"},"content":{"rendered":"<p style=\"text-align: justify;\">Pilar Egea, Concejal de Participaci\u00f3n Ciudadana ha dado a conocer la propuesta de Alcald\u00eda que en la pasada Junta de Gobierno Local se trat\u00f3, concerniente a dotar de nombre a las Calles del Pol\u00edgono Industrial &#8220;Los Villares&#8221;.<\/p>\n<p style=\"text-align: justify;\">Esta acci\u00f3n cont\u00f3 con el visto bueno para que sean los caudetanos quienes participen en la misma, ya que seg\u00fan palabras de la propia Concejal &#8220;<em>es importante que el ciudadano tome parte en aquellas decisiones municipales que sean t\u00e9cnicamente posibles<\/em>&#8221; a la misma vez que &#8220;<em>es vital dar voz a los caudetanos, escuchar sus propuestas, resolver sus solicitudes y saber su opini\u00f3n en diferentes materias<\/em>&#8220;. De echo, destacaba la gran acogida y respuesta que las diferentes consultas y procesos participativos han tenido entre los caudetanos siendo el pico de participaci\u00f3n superior al 11% sobre el total de la poblaci\u00f3n.<\/p>\n<p style=\"text-align: justify;\">El asunto parte teniendo en consideraci\u00f3n la petici\u00f3n de empresarios, propietarios, proveedores y clientes de las actividades econ\u00f3micas e infraestructuras y obras presentes en el Pol\u00edgono Industrial \u201cLos Villares\u201d, de otorgar nombre a las v\u00edas all\u00ed ubicadas, facilitando as\u00ed la localizaci\u00f3n y ubicaci\u00f3n de las mismas a todos los efectos.<\/p>\n<p style=\"text-align: justify;\">Si bien es cierto que las calles a nombrar figuran catastralmente con las denominaciones &#8220;<em>Calle Villares V\u00eda<\/em>&#8221; o &#8220;<em>Calle en Proyecto<\/em>&#8221; y un n\u00famero correlativo en ambos casos, tambi\u00e9n existe alguna otra sin nombre como tal. No obstante &#8220;<em>se trata de una petici\u00f3n extendida en el tiempo, y efectuada a diferentes Corporaciones Municipales, a la que nunca le ha llegado el momento de dar respuesta, hasta ahora<\/em>&#8220;, remarcaba la Edil Egea.<\/p>\n<p style=\"text-align: justify;\">Destacaba Pilar Egea que &#8220;<em>la facultad de otorgar nombres a Calles, V\u00edas, Plazas y Edificios P\u00fablicos es competencia de la Junta de Gobierno Local, tras delegaci\u00f3n de la misma por parte de la Alcald\u00eda, pero en este caso, el propio Alcalde y con el apoyo de los miembros de la JGL, consideramos que para esta acci\u00f3n ser\u00eda interesante actuar en base a la participaci\u00f3n ciudadana<\/em>&#8221; en cuanto a qu\u00e9 tipo de nomenclatura puede adoptarse para las mismas.<\/p>\n<p style=\"text-align: justify;\">As\u00ed pues, ha querido remarcar algunas cuestiones importantes al respecto sobre la consulta y participaci\u00f3n ciudadana que Pilar Egea abre una vez m\u00e1s desde la Concejal\u00eda que le fue delegada:<\/p>\n<p>&nbsp;<\/p>\n<p style=\"text-align: justify;\"><strong>1\u00ba.<\/strong> Se abre un <strong>proceso participativo mediante una encuesta online<\/strong>. La misma, estar\u00e1 operativa <strong>desde el domingo 28 de Febrero al domingo 7 de Marzo<\/strong>.<\/p>\n<p style=\"text-align: justify;\"><strong>2\u00ba.<\/strong> <strong>Se reflejan visualmente las 2 zonas sobre las que se act\u00faa<\/strong> para establecer nombre a las Calles, las cuales quedar\u00e1n remarcadas con una l\u00ednea de trazo grueso.<\/p>\n<p style=\"text-align: justify;\"><strong>3\u00ba.<\/strong>\u00a0Entre las opciones, <strong>se prev\u00e9 como posibles, la adopci\u00f3n de aquellos nombres que tengan relaci\u00f3n con Caudete<\/strong> (poblaciones vecinas, actividades industriales o econ\u00f3micas propias de la localidad, etc).<\/p>\n<p style=\"text-align: justify;\"><strong>4\u00ba. Los caudetanos, tambi\u00e9n podr\u00e1n establecer otras opciones <\/strong>que consideren de inter\u00e9s\u00a0para nombrar el conjunto de Calles en esta zona industrial.<\/p>\n<p style=\"text-align: justify;\"><strong>5\u00ba<\/strong>. Posibilitar que <strong>la v\u00eda principal del Pol\u00edgono<\/strong>, que tradicionalmente es <strong>conocida como &#8220;Carretera de la Estaci\u00f3n&#8221;, pase a llamarse como &#8220;Avenida de la Estaci\u00f3n&#8221;.<\/strong><\/p>\n<p style=\"text-align: justify;\">\n<p>&nbsp;<\/p>\n<p style=\"text-align: center;\"><strong>PARTICIPA EN LA ENCUESTA PINCHANDO AQU\u00cd:\u00a0<a href=\"https:\/\/forms.gle\/bW3ntv2sL7pLU4eW9\" target=\"_blank\" rel=\"nofollow\">https:\/\/forms.gle\/bW3ntv2sL7pLU4eW9<\/a><\/strong><\/p>\n<p><img fetchpriority=\"high\" decoding=\"async\" class=\"size-medium wp-image-12505 aligncenter\" src=\"https:\/\/www.caudete.org\/ayuntamiento\/wp-content\/uploads\/2021\/02\/Calles-sin-nombre-276x300.jpg\" alt=\"\" width=\"276\" height=\"300\" srcset=\"https:\/\/www.caudete.org\/ayuntamiento\/wp-content\/uploads\/2021\/02\/Calles-sin-nombre-276x300.jpg 276w, https:\/\/www.caudete.org\/ayuntamiento\/wp-content\/uploads\/2021\/02\/Calles-sin-nombre.jpg 744w\" sizes=\"(max-width: 276px) 100vw, 276px\" \/><\/p>\n","protected":false},"excerpt":{"rendered":"<p>Pilar Egea, Concejal de Participaci\u00f3n Ciudadana ha dado a conocer la propuesta de Alcald\u00eda que en la pasada Junta de Gobierno Local se trat\u00f3, concerniente a dotar de nombre a las Calles del Pol\u00edgono Industrial &#8220;Los Villares&#8221;. Esta acci\u00f3n cont\u00f3 con el visto bueno para que sean los caudetanos quienes participen en la misma, ya &hellip;<\/p>\n","protected":false},"author":3,"featured_media":12505,"comment_status":"closed","ping_status":"open","sticky":false,"template":"","format":"standard","meta":{"ngg_post_thumbnail":0,"footnotes":""},"categories":[38],"tags":[500,498,501,497,499],"class_list":["post-12504","post","type-post","status-publish","format-standard","has-post-thumbnail","hentry","category-participacion-ciudadana","tag-calles","tag-los-villares","tag-nombre-de-calles","tag-nomenclator","tag-poligono-industrial"],"yoast_head":"<!-- This site is optimized with the Yoast SEO plugin v27.5 - https:\/\/yoast.com\/product\/yoast-seo-wordpress\/ -->\n<title>Abierta la participaci\u00f3n ciudadana para nombrar las Calles del Pol\u00edgono LOS VILLARES - MI Ayuntamiento de Caudete<\/title>\n<meta name=\"description\" content=\"P\u00e1gina Oficial del Ayuntamiento de Caudete (Albacete)\" \/>\n<meta name=\"robots\" content=\"index, follow, max-snippet:-1, max-image-preview:large, max-video-preview:-1\" \/>\n<link rel=\"canonical\" href=\"https:\/\/www.caudete.org\/ayuntamiento\/12504-2\/\" \/>\n<meta property=\"og:locale\" content=\"es_ES\" \/>\n<meta property=\"og:type\" content=\"article\" \/>\n<meta property=\"og:title\" content=\"Abierta la participaci\u00f3n ciudadana para nombrar las Calles del Pol\u00edgono LOS VILLARES - MI Ayuntamiento de Caudete\" \/>\n<meta property=\"og:description\" content=\"P\u00e1gina Oficial del Ayuntamiento de Caudete (Albacete)\" \/>\n<meta property=\"og:url\" content=\"https:\/\/www.caudete.org\/ayuntamiento\/12504-2\/\" \/>\n<meta property=\"og:site_name\" content=\"MI Ayuntamiento de Caudete\" \/>\n<meta property=\"article:publisher\" content=\"https:\/\/www.facebook.com\/ayuntamientocaudete\/\" \/>\n<meta property=\"article:published_time\" content=\"2021-02-28T10:50:07+00:00\" \/>\n<meta property=\"article:modified_time\" content=\"2022-08-20T06:56:04+00:00\" \/>\n<meta property=\"og:image\" content=\"https:\/\/www.caudete.org\/ayuntamiento\/wp-content\/uploads\/2021\/02\/Calles-sin-nombre.jpg\" \/>\n\t<meta property=\"og:image:width\" content=\"744\" \/>\n\t<meta property=\"og:image:height\" content=\"808\" \/>\n\t<meta property=\"og:image:type\" content=\"image\/jpeg\" \/>\n<meta name=\"author\" content=\"alcalde\" \/>\n<meta name=\"twitter:card\" content=\"summary_large_image\" \/>\n<meta name=\"twitter:label1\" content=\"Escrito por\" \/>\n\t<meta name=\"twitter:data1\" content=\"alcalde\" \/>\n\t<meta name=\"twitter:label2\" content=\"Tiempo de lectura\" \/>\n\t<meta name=\"twitter:data2\" content=\"3 minutos\" \/>\n<script type=\"application\/ld+json\" class=\"yoast-schema-graph\">{\"@context\":\"https:\\\/\\\/schema.org\",\"@graph\":[{\"@type\":\"Article\",\"@id\":\"https:\\\/\\\/www.caudete.org\\\/ayuntamiento\\\/12504-2\\\/#article\",\"isPartOf\":{\"@id\":\"https:\\\/\\\/www.caudete.org\\\/ayuntamiento\\\/12504-2\\\/\"},\"author\":{\"name\":\"alcalde\",\"@id\":\"https:\\\/\\\/www.caudete.org\\\/ayuntamiento\\\/#\\\/schema\\\/person\\\/cc646da9133078ee4d8dd47457947253\"},\"headline\":\"Abierta la participaci\u00f3n ciudadana para nombrar las Calles del Pol\u00edgono LOS VILLARES\",\"datePublished\":\"2021-02-28T10:50:07+00:00\",\"dateModified\":\"2022-08-20T06:56:04+00:00\",\"mainEntityOfPage\":{\"@id\":\"https:\\\/\\\/www.caudete.org\\\/ayuntamiento\\\/12504-2\\\/\"},\"wordCount\":557,\"publisher\":{\"@id\":\"https:\\\/\\\/www.caudete.org\\\/ayuntamiento\\\/#organization\"},\"image\":{\"@id\":\"https:\\\/\\\/www.caudete.org\\\/ayuntamiento\\\/12504-2\\\/#primaryimage\"},\"thumbnailUrl\":\"https:\\\/\\\/www.caudete.org\\\/ayuntamiento\\\/wp-content\\\/uploads\\\/2021\\\/02\\\/Calles-sin-nombre.jpg\",\"keywords\":[\"calles\",\"Los Villares\",\"nombre de calles\",\"nomenclator\",\"Poligono Industrial\"],\"articleSection\":[\"Participaci\u00f3n Ciudadana\"],\"inLanguage\":\"es\"},{\"@type\":\"WebPage\",\"@id\":\"https:\\\/\\\/www.caudete.org\\\/ayuntamiento\\\/12504-2\\\/\",\"url\":\"https:\\\/\\\/www.caudete.org\\\/ayuntamiento\\\/12504-2\\\/\",\"name\":\"Abierta la participaci\u00f3n ciudadana para nombrar las Calles del Pol\u00edgono LOS VILLARES - MI Ayuntamiento de Caudete\",\"isPartOf\":{\"@id\":\"https:\\\/\\\/www.caudete.org\\\/ayuntamiento\\\/#website\"},\"primaryImageOfPage\":{\"@id\":\"https:\\\/\\\/www.caudete.org\\\/ayuntamiento\\\/12504-2\\\/#primaryimage\"},\"image\":{\"@id\":\"https:\\\/\\\/www.caudete.org\\\/ayuntamiento\\\/12504-2\\\/#primaryimage\"},\"thumbnailUrl\":\"https:\\\/\\\/www.caudete.org\\\/ayuntamiento\\\/wp-content\\\/uploads\\\/2021\\\/02\\\/Calles-sin-nombre.jpg\",\"datePublished\":\"2021-02-28T10:50:07+00:00\",\"dateModified\":\"2022-08-20T06:56:04+00:00\",\"description\":\"P\u00e1gina Oficial del Ayuntamiento de Caudete (Albacete)\",\"breadcrumb\":{\"@id\":\"https:\\\/\\\/www.caudete.org\\\/ayuntamiento\\\/12504-2\\\/#breadcrumb\"},\"inLanguage\":\"es\",\"potentialAction\":[{\"@type\":\"ReadAction\",\"target\":[\"https:\\\/\\\/www.caudete.org\\\/ayuntamiento\\\/12504-2\\\/\"]}]},{\"@type\":\"ImageObject\",\"inLanguage\":\"es\",\"@id\":\"https:\\\/\\\/www.caudete.org\\\/ayuntamiento\\\/12504-2\\\/#primaryimage\",\"url\":\"https:\\\/\\\/www.caudete.org\\\/ayuntamiento\\\/wp-content\\\/uploads\\\/2021\\\/02\\\/Calles-sin-nombre.jpg\",\"contentUrl\":\"https:\\\/\\\/www.caudete.org\\\/ayuntamiento\\\/wp-content\\\/uploads\\\/2021\\\/02\\\/Calles-sin-nombre.jpg\",\"width\":744,\"height\":808},{\"@type\":\"BreadcrumbList\",\"@id\":\"https:\\\/\\\/www.caudete.org\\\/ayuntamiento\\\/12504-2\\\/#breadcrumb\",\"itemListElement\":[{\"@type\":\"ListItem\",\"position\":1,\"name\":\"Inicio\",\"item\":\"https:\\\/\\\/www.caudete.org\\\/ayuntamiento\\\/\"},{\"@type\":\"ListItem\",\"position\":2,\"name\":\"Abierta la participaci\u00f3n ciudadana para nombrar las Calles del Pol\u00edgono LOS VILLARES\"}]},{\"@type\":\"WebSite\",\"@id\":\"https:\\\/\\\/www.caudete.org\\\/ayuntamiento\\\/#website\",\"url\":\"https:\\\/\\\/www.caudete.org\\\/ayuntamiento\\\/\",\"name\":\"MI Ayuntamiento de Caudete\",\"description\":\"P\u00e1gina Oficial del MI Ayuntamiento de Caudete\",\"publisher\":{\"@id\":\"https:\\\/\\\/www.caudete.org\\\/ayuntamiento\\\/#organization\"},\"potentialAction\":[{\"@type\":\"SearchAction\",\"target\":{\"@type\":\"EntryPoint\",\"urlTemplate\":\"https:\\\/\\\/www.caudete.org\\\/ayuntamiento\\\/?s={search_term_string}\"},\"query-input\":{\"@type\":\"PropertyValueSpecification\",\"valueRequired\":true,\"valueName\":\"search_term_string\"}}],\"inLanguage\":\"es\"},{\"@type\":\"Organization\",\"@id\":\"https:\\\/\\\/www.caudete.org\\\/ayuntamiento\\\/#organization\",\"name\":\"Ayuntamiento de Caudete\",\"url\":\"https:\\\/\\\/www.caudete.org\\\/ayuntamiento\\\/\",\"logo\":{\"@type\":\"ImageObject\",\"inLanguage\":\"es\",\"@id\":\"https:\\\/\\\/www.caudete.org\\\/ayuntamiento\\\/#\\\/schema\\\/logo\\\/image\\\/\",\"url\":\"https:\\\/\\\/www.caudete.org\\\/ayuntamiento\\\/wp-content\\\/uploads\\\/2020\\\/11\\\/logo_ayuntamiento_caudete.jpg\",\"contentUrl\":\"https:\\\/\\\/www.caudete.org\\\/ayuntamiento\\\/wp-content\\\/uploads\\\/2020\\\/11\\\/logo_ayuntamiento_caudete.jpg\",\"width\":600,\"height\":150,\"caption\":\"Ayuntamiento de Caudete\"},\"image\":{\"@id\":\"https:\\\/\\\/www.caudete.org\\\/ayuntamiento\\\/#\\\/schema\\\/logo\\\/image\\\/\"},\"sameAs\":[\"https:\\\/\\\/www.facebook.com\\\/ayuntamientocaudete\\\/\",\"https:\\\/\\\/www.youtube.com\\\/channel\\\/UC6VztHaooNsGpw-tNoBEFnQ\"]},{\"@type\":\"Person\",\"@id\":\"https:\\\/\\\/www.caudete.org\\\/ayuntamiento\\\/#\\\/schema\\\/person\\\/cc646da9133078ee4d8dd47457947253\",\"name\":\"alcalde\",\"image\":{\"@type\":\"ImageObject\",\"inLanguage\":\"es\",\"@id\":\"https:\\\/\\\/secure.gravatar.com\\\/avatar\\\/84a817ba065b29ff08d666b215a215f5c79186a645ccb25b14a663d48a130f77?s=96&d=mm&r=g\",\"url\":\"https:\\\/\\\/secure.gravatar.com\\\/avatar\\\/84a817ba065b29ff08d666b215a215f5c79186a645ccb25b14a663d48a130f77?s=96&d=mm&r=g\",\"contentUrl\":\"https:\\\/\\\/secure.gravatar.com\\\/avatar\\\/84a817ba065b29ff08d666b215a215f5c79186a645ccb25b14a663d48a130f77?s=96&d=mm&r=g\",\"caption\":\"alcalde\"},\"url\":\"https:\\\/\\\/www.caudete.org\\\/ayuntamiento\\\/author\\\/alcalde\\\/\"}]}<\/script>\n<!-- \/ Yoast SEO plugin. -->","yoast_head_json":{"title":"Abierta la participaci\u00f3n ciudadana para nombrar las Calles del Pol\u00edgono LOS VILLARES - MI Ayuntamiento de Caudete","description":"P\u00e1gina Oficial del Ayuntamiento de Caudete (Albacete)","robots":{"index":"index","follow":"follow","max-snippet":"max-snippet:-1","max-image-preview":"max-image-preview:large","max-video-preview":"max-video-preview:-1"},"canonical":"https:\/\/www.caudete.org\/ayuntamiento\/12504-2\/","og_locale":"es_ES","og_type":"article","og_title":"Abierta la participaci\u00f3n ciudadana para nombrar las Calles del Pol\u00edgono LOS VILLARES - MI Ayuntamiento de Caudete","og_description":"P\u00e1gina Oficial del Ayuntamiento de Caudete (Albacete)","og_url":"https:\/\/www.caudete.org\/ayuntamiento\/12504-2\/","og_site_name":"MI Ayuntamiento de Caudete","article_publisher":"https:\/\/www.facebook.com\/ayuntamientocaudete\/","article_published_time":"2021-02-28T10:50:07+00:00","article_modified_time":"2022-08-20T06:56:04+00:00","og_image":[{"width":744,"height":808,"url":"https:\/\/www.caudete.org\/ayuntamiento\/wp-content\/uploads\/2021\/02\/Calles-sin-nombre.jpg","type":"image\/jpeg"}],"author":"alcalde","twitter_card":"summary_large_image","twitter_misc":{"Escrito por":"alcalde","Tiempo de lectura":"3 minutos"},"schema":{"@context":"https:\/\/schema.org","@graph":[{"@type":"Article","@id":"https:\/\/www.caudete.org\/ayuntamiento\/12504-2\/#article","isPartOf":{"@id":"https:\/\/www.caudete.org\/ayuntamiento\/12504-2\/"},"author":{"name":"alcalde","@id":"https:\/\/www.caudete.org\/ayuntamiento\/#\/schema\/person\/cc646da9133078ee4d8dd47457947253"},"headline":"Abierta la participaci\u00f3n ciudadana para nombrar las Calles del Pol\u00edgono LOS VILLARES","datePublished":"2021-02-28T10:50:07+00:00","dateModified":"2022-08-20T06:56:04+00:00","mainEntityOfPage":{"@id":"https:\/\/www.caudete.org\/ayuntamiento\/12504-2\/"},"wordCount":557,"publisher":{"@id":"https:\/\/www.caudete.org\/ayuntamiento\/#organization"},"image":{"@id":"https:\/\/www.caudete.org\/ayuntamiento\/12504-2\/#primaryimage"},"thumbnailUrl":"https:\/\/www.caudete.org\/ayuntamiento\/wp-content\/uploads\/2021\/02\/Calles-sin-nombre.jpg","keywords":["calles","Los Villares","nombre de calles","nomenclator","Poligono Industrial"],"articleSection":["Participaci\u00f3n Ciudadana"],"inLanguage":"es"},{"@type":"WebPage","@id":"https:\/\/www.caudete.org\/ayuntamiento\/12504-2\/","url":"https:\/\/www.caudete.org\/ayuntamiento\/12504-2\/","name":"Abierta la participaci\u00f3n ciudadana para nombrar las Calles del Pol\u00edgono LOS VILLARES - MI Ayuntamiento de Caudete","isPartOf":{"@id":"https:\/\/www.caudete.org\/ayuntamiento\/#website"},"primaryImageOfPage":{"@id":"https:\/\/www.caudete.org\/ayuntamiento\/12504-2\/#primaryimage"},"image":{"@id":"https:\/\/www.caudete.org\/ayuntamiento\/12504-2\/#primaryimage"},"thumbnailUrl":"https:\/\/www.caudete.org\/ayuntamiento\/wp-content\/uploads\/2021\/02\/Calles-sin-nombre.jpg","datePublished":"2021-02-28T10:50:07+00:00","dateModified":"2022-08-20T06:56:04+00:00","description":"P\u00e1gina Oficial del Ayuntamiento de Caudete (Albacete)","breadcrumb":{"@id":"https:\/\/www.caudete.org\/ayuntamiento\/12504-2\/#breadcrumb"},"inLanguage":"es","potentialAction":[{"@type":"ReadAction","target":["https:\/\/www.caudete.org\/ayuntamiento\/12504-2\/"]}]},{"@type":"ImageObject","inLanguage":"es","@id":"https:\/\/www.caudete.org\/ayuntamiento\/12504-2\/#primaryimage","url":"https:\/\/www.caudete.org\/ayuntamiento\/wp-content\/uploads\/2021\/02\/Calles-sin-nombre.jpg","contentUrl":"https:\/\/www.caudete.org\/ayuntamiento\/wp-content\/uploads\/2021\/02\/Calles-sin-nombre.jpg","width":744,"height":808},{"@type":"BreadcrumbList","@id":"https:\/\/www.caudete.org\/ayuntamiento\/12504-2\/#breadcrumb","itemListElement":[{"@type":"ListItem","position":1,"name":"Inicio","item":"https:\/\/www.caudete.org\/ayuntamiento\/"},{"@type":"ListItem","position":2,"name":"Abierta la participaci\u00f3n ciudadana para nombrar las Calles del Pol\u00edgono LOS VILLARES"}]},{"@type":"WebSite","@id":"https:\/\/www.caudete.org\/ayuntamiento\/#website","url":"https:\/\/www.caudete.org\/ayuntamiento\/","name":"MI Ayuntamiento de Caudete","description":"P\u00e1gina Oficial del MI Ayuntamiento de Caudete","publisher":{"@id":"https:\/\/www.caudete.org\/ayuntamiento\/#organization"},"potentialAction":[{"@type":"SearchAction","target":{"@type":"EntryPoint","urlTemplate":"https:\/\/www.caudete.org\/ayuntamiento\/?s={search_term_string}"},"query-input":{"@type":"PropertyValueSpecification","valueRequired":true,"valueName":"search_term_string"}}],"inLanguage":"es"},{"@type":"Organization","@id":"https:\/\/www.caudete.org\/ayuntamiento\/#organization","name":"Ayuntamiento de Caudete","url":"https:\/\/www.caudete.org\/ayuntamiento\/","logo":{"@type":"ImageObject","inLanguage":"es","@id":"https:\/\/www.caudete.org\/ayuntamiento\/#\/schema\/logo\/image\/","url":"https:\/\/www.caudete.org\/ayuntamiento\/wp-content\/uploads\/2020\/11\/logo_ayuntamiento_caudete.jpg","contentUrl":"https:\/\/www.caudete.org\/ayuntamiento\/wp-content\/uploads\/2020\/11\/logo_ayuntamiento_caudete.jpg","width":600,"height":150,"caption":"Ayuntamiento de Caudete"},"image":{"@id":"https:\/\/www.caudete.org\/ayuntamiento\/#\/schema\/logo\/image\/"},"sameAs":["https:\/\/www.facebook.com\/ayuntamientocaudete\/","https:\/\/www.youtube.com\/channel\/UC6VztHaooNsGpw-tNoBEFnQ"]},{"@type":"Person","@id":"https:\/\/www.caudete.org\/ayuntamiento\/#\/schema\/person\/cc646da9133078ee4d8dd47457947253","name":"alcalde","image":{"@type":"ImageObject","inLanguage":"es","@id":"https:\/\/secure.gravatar.com\/avatar\/84a817ba065b29ff08d666b215a215f5c79186a645ccb25b14a663d48a130f77?s=96&d=mm&r=g","url":"https:\/\/secure.gravatar.com\/avatar\/84a817ba065b29ff08d666b215a215f5c79186a645ccb25b14a663d48a130f77?s=96&d=mm&r=g","contentUrl":"https:\/\/secure.gravatar.com\/avatar\/84a817ba065b29ff08d666b215a215f5c79186a645ccb25b14a663d48a130f77?s=96&d=mm&r=g","caption":"alcalde"},"url":"https:\/\/www.caudete.org\/ayuntamiento\/author\/alcalde\/"}]}},"_links":{"self":[{"href":"https:\/\/www.caudete.org\/ayuntamiento\/wp-json\/wp\/v2\/posts\/12504","targetHints":{"allow":["GET"]}}],"collection":[{"href":"https:\/\/www.caudete.org\/ayuntamiento\/wp-json\/wp\/v2\/posts"}],"about":[{"href":"https:\/\/www.caudete.org\/ayuntamiento\/wp-json\/wp\/v2\/types\/post"}],"author":[{"embeddable":true,"href":"https:\/\/www.caudete.org\/ayuntamiento\/wp-json\/wp\/v2\/users\/3"}],"replies":[{"embeddable":true,"href":"https:\/\/www.caudete.org\/ayuntamiento\/wp-json\/wp\/v2\/comments?post=12504"}],"version-history":[{"count":7,"href":"https:\/\/www.caudete.org\/ayuntamiento\/wp-json\/wp\/v2\/posts\/12504\/revisions"}],"predecessor-version":[{"id":19905,"href":"https:\/\/www.caudete.org\/ayuntamiento\/wp-json\/wp\/v2\/posts\/12504\/revisions\/19905"}],"wp:featuredmedia":[{"embeddable":true,"href":"https:\/\/www.caudete.org\/ayuntamiento\/wp-json\/wp\/v2\/media\/12505"}],"wp:attachment":[{"href":"https:\/\/www.caudete.org\/ayuntamiento\/wp-json\/wp\/v2\/media?parent=12504"}],"wp:term":[{"taxonomy":"category","embeddable":true,"href":"https:\/\/www.caudete.org\/ayuntamiento\/wp-json\/wp\/v2\/categories?post=12504"},{"taxonomy":"post_tag","embeddable":true,"href":"https:\/\/www.caudete.org\/ayuntamiento\/wp-json\/wp\/v2\/tags?post=12504"}],"curies":[{"name":"wp","href":"https:\/\/api.w.org\/{rel}","templated":true}]}}