{"id":12664,"date":"2021-03-02T18:30:11","date_gmt":"2021-03-02T17:30:11","guid":{"rendered":"https:\/\/www.caudete.org\/ayuntamiento\/?p=12664"},"modified":"2021-03-02T18:37:50","modified_gmt":"2021-03-02T17:37:50","slug":"curso-sobre-estrategias-para-el-desarrollo-psicomotor-de-las-ninos-as","status":"publish","type":"post","link":"https:\/\/www.caudete.org\/ayuntamiento\/curso-sobre-estrategias-para-el-desarrollo-psicomotor-de-las-ninos-as\/","title":{"rendered":"Curso sobre estrategias para el desarrollo psicomotor de las ni\u00f1os\/as"},"content":{"rendered":"<p>La Concejal\u00eda de Deportes del Ayuntamiento de Caudete celebrar\u00e1 pr\u00f3ximamente un curso sobre estrategias\u00a0 para\u00a0 potenciar el desarrollo psico-motor de los\/as ni\u00f1os\/as.<\/p>\n<p>Durante los lunes 8, 15 y 22 de marzo en el Espacio Municipal La Sala tendr\u00e1 lugar el curso sobre estrategias para conseguir un adecuado desarrollo psico- motor durante el crecimiento de los escolares. Y es que al igual que ocurre con los aprendizajes cognitivos, el desarrollo motor tiene su propias etapas o estadios de aprendizaje asociados a la maduraci\u00f3n del cerebro. Un trabajo f\u00edsico adecuado y acorde a las capacidades motrices del educando garantiza un correcto desarrollo motor que propiciar\u00e1 personas con una amplia base motriz capaces de adaptarse a las necesidades y exigencias de\u00a0 diferentes modalidades deportivas.<\/p>\n<p>Para muchos autores el espacio de tiempo comprendido entre los \u00a08 y los 12 a\u00f1os es considerada como la \u201c<strong>Edad de oro del Aprendizaje Motor<\/strong>\u201d por darse aqu\u00ed \u00a0las \u00a0condiciones \u00a0ideales \u00a0para \u00a0el \u00a0m\u00e1s \u00a0r\u00e1pido \u00a0y \u00a0f\u00e1cil <strong>aprendizaje <\/strong>de diferentes habilidades motrices.<\/p>\n<p>Conscientes de la importancia de un correcto aprendizaje motor la Concejal\u00eda de Deportes ha organizado el citado curso dirigido a todo sus monitores deportivos con el fin de contribuir a su formaci\u00f3n continua y reciclaje como profesionales del deporte.<\/p>\n<p>Los principales objetivos del curso ser\u00e1n comprender el concepto del aprendizaje no lineal del desarrollo motor en los\/as ni\u00f1os\/as de 4 a 14 a\u00f1os, definir los elementos adheridos al movimiento humano, concienciar sobre la importancia del proceso de percepci\u00f3n-acci\u00f3n en el juego para el desarrollo de las\u00a0 \u00a0capacidades\u00a0\u00a0 perceptivo-motoras\u00a0 \u00a0de\u00a0 \u00a0base\u00a0 \u00a0y\u00a0\u00a0 desarrollar\u00a0 \u00a0diferentes estrategias para la optimizaci\u00f3n de los patrones motores a largo plazo.<\/p>\n<p>Para la docencia del curso tenemos el honor de contar con la Doctora en Ciencias del Deporte, Do\u00f1a Raquel Hern\u00e1ndez Garc\u00eda, profesora asociada en las \u00a0Universidades \u00a0de Murcia \u00a0y Castilla-La \u00a0Mancha, \u00a0adem\u00e1s \u00a0de\u00a0 haber\u00a0 sido entrenadora Ol\u00edmpica en 2012.<\/p>\n","protected":false},"excerpt":{"rendered":"<p>La Concejal\u00eda de Deportes del Ayuntamiento de Caudete celebrar\u00e1 pr\u00f3ximamente un curso sobre estrategias\u00a0 para\u00a0 potenciar el desarrollo psico-motor de los\/as ni\u00f1os\/as. Durante los lunes 8, 15 y 22 de marzo en el Espacio Municipal La Sala tendr\u00e1 lugar el curso sobre estrategias para conseguir un adecuado desarrollo psico- motor durante el crecimiento de los &hellip;<\/p>\n","protected":false},"author":2,"featured_media":12671,"comment_status":"closed","ping_status":"open","sticky":false,"template":"","format":"standard","meta":{"ngg_post_thumbnail":0,"footnotes":""},"categories":[23],"tags":[505,506,507],"class_list":["post-12664","post","type-post","status-publish","format-standard","has-post-thumbnail","hentry","category-deportes","tag-aprendizaje-motor","tag-deportes","tag-espacio-la-sala"],"yoast_head":"<!-- This site is optimized with the Yoast SEO plugin v27.4 - https:\/\/yoast.com\/product\/yoast-seo-wordpress\/ -->\n<title>Curso sobre estrategias para el desarrollo psicomotor de las ni\u00f1os\/as - MI Ayuntamiento de Caudete<\/title>\n<meta name=\"description\" content=\"P\u00e1gina Oficial del Ayuntamiento de Caudete (Albacete)\" \/>\n<meta name=\"robots\" content=\"index, follow, max-snippet:-1, max-image-preview:large, max-video-preview:-1\" \/>\n<link rel=\"canonical\" href=\"https:\/\/www.caudete.org\/ayuntamiento\/curso-sobre-estrategias-para-el-desarrollo-psicomotor-de-las-ninos-as\/\" \/>\n<meta property=\"og:locale\" content=\"es_ES\" \/>\n<meta property=\"og:type\" content=\"article\" \/>\n<meta property=\"og:title\" content=\"Curso sobre estrategias para el desarrollo psicomotor de las ni\u00f1os\/as - MI Ayuntamiento de Caudete\" \/>\n<meta property=\"og:description\" content=\"P\u00e1gina Oficial del Ayuntamiento de Caudete (Albacete)\" \/>\n<meta property=\"og:url\" content=\"https:\/\/www.caudete.org\/ayuntamiento\/curso-sobre-estrategias-para-el-desarrollo-psicomotor-de-las-ninos-as\/\" \/>\n<meta property=\"og:site_name\" content=\"MI Ayuntamiento de Caudete\" \/>\n<meta property=\"article:publisher\" content=\"https:\/\/www.facebook.com\/ayuntamientocaudete\/\" \/>\n<meta property=\"article:published_time\" content=\"2021-03-02T17:30:11+00:00\" \/>\n<meta property=\"article:modified_time\" content=\"2021-03-02T17:37:50+00:00\" \/>\n<meta property=\"og:image\" content=\"https:\/\/www.caudete.org\/ayuntamiento\/wp-content\/uploads\/2021\/03\/Cartel-Curso-Desarrollo-Psicomotor-de-los-ninos2.jpg\" \/>\n\t<meta property=\"og:image:width\" content=\"1148\" \/>\n\t<meta property=\"og:image:height\" content=\"516\" \/>\n\t<meta property=\"og:image:type\" content=\"image\/jpeg\" \/>\n<meta name=\"author\" content=\"Juan\" \/>\n<meta name=\"twitter:card\" content=\"summary_large_image\" \/>\n<meta name=\"twitter:label1\" content=\"Escrito por\" \/>\n\t<meta name=\"twitter:data1\" content=\"Juan\" \/>\n\t<meta name=\"twitter:label2\" content=\"Tiempo de lectura\" \/>\n\t<meta name=\"twitter:data2\" content=\"2 minutos\" \/>\n<script type=\"application\/ld+json\" class=\"yoast-schema-graph\">{\"@context\":\"https:\\\/\\\/schema.org\",\"@graph\":[{\"@type\":\"Article\",\"@id\":\"https:\\\/\\\/www.caudete.org\\\/ayuntamiento\\\/curso-sobre-estrategias-para-el-desarrollo-psicomotor-de-las-ninos-as\\\/#article\",\"isPartOf\":{\"@id\":\"https:\\\/\\\/www.caudete.org\\\/ayuntamiento\\\/curso-sobre-estrategias-para-el-desarrollo-psicomotor-de-las-ninos-as\\\/\"},\"author\":{\"name\":\"Juan\",\"@id\":\"https:\\\/\\\/www.caudete.org\\\/ayuntamiento\\\/#\\\/schema\\\/person\\\/7656a5bb58fca95b9814e940de0fda63\"},\"headline\":\"Curso sobre estrategias para el desarrollo psicomotor de las ni\u00f1os\\\/as\",\"datePublished\":\"2021-03-02T17:30:11+00:00\",\"dateModified\":\"2021-03-02T17:37:50+00:00\",\"mainEntityOfPage\":{\"@id\":\"https:\\\/\\\/www.caudete.org\\\/ayuntamiento\\\/curso-sobre-estrategias-para-el-desarrollo-psicomotor-de-las-ninos-as\\\/\"},\"wordCount\":336,\"publisher\":{\"@id\":\"https:\\\/\\\/www.caudete.org\\\/ayuntamiento\\\/#organization\"},\"image\":{\"@id\":\"https:\\\/\\\/www.caudete.org\\\/ayuntamiento\\\/curso-sobre-estrategias-para-el-desarrollo-psicomotor-de-las-ninos-as\\\/#primaryimage\"},\"thumbnailUrl\":\"https:\\\/\\\/www.caudete.org\\\/ayuntamiento\\\/wp-content\\\/uploads\\\/2021\\\/03\\\/Cartel-Curso-Desarrollo-Psicomotor-de-los-ninos2.jpg\",\"keywords\":[\"Aprendizaje motor\",\"Deportes\",\"Espacio La Sala\"],\"articleSection\":[\"Deportes\"],\"inLanguage\":\"es\"},{\"@type\":\"WebPage\",\"@id\":\"https:\\\/\\\/www.caudete.org\\\/ayuntamiento\\\/curso-sobre-estrategias-para-el-desarrollo-psicomotor-de-las-ninos-as\\\/\",\"url\":\"https:\\\/\\\/www.caudete.org\\\/ayuntamiento\\\/curso-sobre-estrategias-para-el-desarrollo-psicomotor-de-las-ninos-as\\\/\",\"name\":\"Curso sobre estrategias para el desarrollo psicomotor de las ni\u00f1os\\\/as - MI Ayuntamiento de Caudete\",\"isPartOf\":{\"@id\":\"https:\\\/\\\/www.caudete.org\\\/ayuntamiento\\\/#website\"},\"primaryImageOfPage\":{\"@id\":\"https:\\\/\\\/www.caudete.org\\\/ayuntamiento\\\/curso-sobre-estrategias-para-el-desarrollo-psicomotor-de-las-ninos-as\\\/#primaryimage\"},\"image\":{\"@id\":\"https:\\\/\\\/www.caudete.org\\\/ayuntamiento\\\/curso-sobre-estrategias-para-el-desarrollo-psicomotor-de-las-ninos-as\\\/#primaryimage\"},\"thumbnailUrl\":\"https:\\\/\\\/www.caudete.org\\\/ayuntamiento\\\/wp-content\\\/uploads\\\/2021\\\/03\\\/Cartel-Curso-Desarrollo-Psicomotor-de-los-ninos2.jpg\",\"datePublished\":\"2021-03-02T17:30:11+00:00\",\"dateModified\":\"2021-03-02T17:37:50+00:00\",\"description\":\"P\u00e1gina Oficial del Ayuntamiento de Caudete (Albacete)\",\"breadcrumb\":{\"@id\":\"https:\\\/\\\/www.caudete.org\\\/ayuntamiento\\\/curso-sobre-estrategias-para-el-desarrollo-psicomotor-de-las-ninos-as\\\/#breadcrumb\"},\"inLanguage\":\"es\",\"potentialAction\":[{\"@type\":\"ReadAction\",\"target\":[\"https:\\\/\\\/www.caudete.org\\\/ayuntamiento\\\/curso-sobre-estrategias-para-el-desarrollo-psicomotor-de-las-ninos-as\\\/\"]}]},{\"@type\":\"ImageObject\",\"inLanguage\":\"es\",\"@id\":\"https:\\\/\\\/www.caudete.org\\\/ayuntamiento\\\/curso-sobre-estrategias-para-el-desarrollo-psicomotor-de-las-ninos-as\\\/#primaryimage\",\"url\":\"https:\\\/\\\/www.caudete.org\\\/ayuntamiento\\\/wp-content\\\/uploads\\\/2021\\\/03\\\/Cartel-Curso-Desarrollo-Psicomotor-de-los-ninos2.jpg\",\"contentUrl\":\"https:\\\/\\\/www.caudete.org\\\/ayuntamiento\\\/wp-content\\\/uploads\\\/2021\\\/03\\\/Cartel-Curso-Desarrollo-Psicomotor-de-los-ninos2.jpg\",\"width\":1148,\"height\":516},{\"@type\":\"BreadcrumbList\",\"@id\":\"https:\\\/\\\/www.caudete.org\\\/ayuntamiento\\\/curso-sobre-estrategias-para-el-desarrollo-psicomotor-de-las-ninos-as\\\/#breadcrumb\",\"itemListElement\":[{\"@type\":\"ListItem\",\"position\":1,\"name\":\"Inicio\",\"item\":\"https:\\\/\\\/www.caudete.org\\\/ayuntamiento\\\/\"},{\"@type\":\"ListItem\",\"position\":2,\"name\":\"Curso sobre estrategias para el desarrollo psicomotor de las ni\u00f1os\\\/as\"}]},{\"@type\":\"WebSite\",\"@id\":\"https:\\\/\\\/www.caudete.org\\\/ayuntamiento\\\/#website\",\"url\":\"https:\\\/\\\/www.caudete.org\\\/ayuntamiento\\\/\",\"name\":\"MI Ayuntamiento de Caudete\",\"description\":\"P\u00e1gina Oficial del MI Ayuntamiento de Caudete\",\"publisher\":{\"@id\":\"https:\\\/\\\/www.caudete.org\\\/ayuntamiento\\\/#organization\"},\"potentialAction\":[{\"@type\":\"SearchAction\",\"target\":{\"@type\":\"EntryPoint\",\"urlTemplate\":\"https:\\\/\\\/www.caudete.org\\\/ayuntamiento\\\/?s={search_term_string}\"},\"query-input\":{\"@type\":\"PropertyValueSpecification\",\"valueRequired\":true,\"valueName\":\"search_term_string\"}}],\"inLanguage\":\"es\"},{\"@type\":\"Organization\",\"@id\":\"https:\\\/\\\/www.caudete.org\\\/ayuntamiento\\\/#organization\",\"name\":\"Ayuntamiento de Caudete\",\"url\":\"https:\\\/\\\/www.caudete.org\\\/ayuntamiento\\\/\",\"logo\":{\"@type\":\"ImageObject\",\"inLanguage\":\"es\",\"@id\":\"https:\\\/\\\/www.caudete.org\\\/ayuntamiento\\\/#\\\/schema\\\/logo\\\/image\\\/\",\"url\":\"https:\\\/\\\/www.caudete.org\\\/ayuntamiento\\\/wp-content\\\/uploads\\\/2020\\\/11\\\/logo_ayuntamiento_caudete.jpg\",\"contentUrl\":\"https:\\\/\\\/www.caudete.org\\\/ayuntamiento\\\/wp-content\\\/uploads\\\/2020\\\/11\\\/logo_ayuntamiento_caudete.jpg\",\"width\":600,\"height\":150,\"caption\":\"Ayuntamiento de Caudete\"},\"image\":{\"@id\":\"https:\\\/\\\/www.caudete.org\\\/ayuntamiento\\\/#\\\/schema\\\/logo\\\/image\\\/\"},\"sameAs\":[\"https:\\\/\\\/www.facebook.com\\\/ayuntamientocaudete\\\/\",\"https:\\\/\\\/www.youtube.com\\\/channel\\\/UC6VztHaooNsGpw-tNoBEFnQ\"]},{\"@type\":\"Person\",\"@id\":\"https:\\\/\\\/www.caudete.org\\\/ayuntamiento\\\/#\\\/schema\\\/person\\\/7656a5bb58fca95b9814e940de0fda63\",\"name\":\"Juan\",\"image\":{\"@type\":\"ImageObject\",\"inLanguage\":\"es\",\"@id\":\"https:\\\/\\\/secure.gravatar.com\\\/avatar\\\/dd53e51c0cd6ab23f52d4f3e4f1c59730240727763de3dbbf26750b079a2c292?s=96&d=mm&r=g\",\"url\":\"https:\\\/\\\/secure.gravatar.com\\\/avatar\\\/dd53e51c0cd6ab23f52d4f3e4f1c59730240727763de3dbbf26750b079a2c292?s=96&d=mm&r=g\",\"contentUrl\":\"https:\\\/\\\/secure.gravatar.com\\\/avatar\\\/dd53e51c0cd6ab23f52d4f3e4f1c59730240727763de3dbbf26750b079a2c292?s=96&d=mm&r=g\",\"caption\":\"Juan\"},\"url\":\"https:\\\/\\\/www.caudete.org\\\/ayuntamiento\\\/author\\\/centrodeinternet\\\/\"}]}<\/script>\n<!-- \/ Yoast SEO plugin. -->","yoast_head_json":{"title":"Curso sobre estrategias para el desarrollo psicomotor de las ni\u00f1os\/as - MI Ayuntamiento de Caudete","description":"P\u00e1gina Oficial del Ayuntamiento de Caudete (Albacete)","robots":{"index":"index","follow":"follow","max-snippet":"max-snippet:-1","max-image-preview":"max-image-preview:large","max-video-preview":"max-video-preview:-1"},"canonical":"https:\/\/www.caudete.org\/ayuntamiento\/curso-sobre-estrategias-para-el-desarrollo-psicomotor-de-las-ninos-as\/","og_locale":"es_ES","og_type":"article","og_title":"Curso sobre estrategias para el desarrollo psicomotor de las ni\u00f1os\/as - MI Ayuntamiento de Caudete","og_description":"P\u00e1gina Oficial del Ayuntamiento de Caudete (Albacete)","og_url":"https:\/\/www.caudete.org\/ayuntamiento\/curso-sobre-estrategias-para-el-desarrollo-psicomotor-de-las-ninos-as\/","og_site_name":"MI Ayuntamiento de Caudete","article_publisher":"https:\/\/www.facebook.com\/ayuntamientocaudete\/","article_published_time":"2021-03-02T17:30:11+00:00","article_modified_time":"2021-03-02T17:37:50+00:00","og_image":[{"width":1148,"height":516,"url":"https:\/\/www.caudete.org\/ayuntamiento\/wp-content\/uploads\/2021\/03\/Cartel-Curso-Desarrollo-Psicomotor-de-los-ninos2.jpg","type":"image\/jpeg"}],"author":"Juan","twitter_card":"summary_large_image","twitter_misc":{"Escrito por":"Juan","Tiempo de lectura":"2 minutos"},"schema":{"@context":"https:\/\/schema.org","@graph":[{"@type":"Article","@id":"https:\/\/www.caudete.org\/ayuntamiento\/curso-sobre-estrategias-para-el-desarrollo-psicomotor-de-las-ninos-as\/#article","isPartOf":{"@id":"https:\/\/www.caudete.org\/ayuntamiento\/curso-sobre-estrategias-para-el-desarrollo-psicomotor-de-las-ninos-as\/"},"author":{"name":"Juan","@id":"https:\/\/www.caudete.org\/ayuntamiento\/#\/schema\/person\/7656a5bb58fca95b9814e940de0fda63"},"headline":"Curso sobre estrategias para el desarrollo psicomotor de las ni\u00f1os\/as","datePublished":"2021-03-02T17:30:11+00:00","dateModified":"2021-03-02T17:37:50+00:00","mainEntityOfPage":{"@id":"https:\/\/www.caudete.org\/ayuntamiento\/curso-sobre-estrategias-para-el-desarrollo-psicomotor-de-las-ninos-as\/"},"wordCount":336,"publisher":{"@id":"https:\/\/www.caudete.org\/ayuntamiento\/#organization"},"image":{"@id":"https:\/\/www.caudete.org\/ayuntamiento\/curso-sobre-estrategias-para-el-desarrollo-psicomotor-de-las-ninos-as\/#primaryimage"},"thumbnailUrl":"https:\/\/www.caudete.org\/ayuntamiento\/wp-content\/uploads\/2021\/03\/Cartel-Curso-Desarrollo-Psicomotor-de-los-ninos2.jpg","keywords":["Aprendizaje motor","Deportes","Espacio La Sala"],"articleSection":["Deportes"],"inLanguage":"es"},{"@type":"WebPage","@id":"https:\/\/www.caudete.org\/ayuntamiento\/curso-sobre-estrategias-para-el-desarrollo-psicomotor-de-las-ninos-as\/","url":"https:\/\/www.caudete.org\/ayuntamiento\/curso-sobre-estrategias-para-el-desarrollo-psicomotor-de-las-ninos-as\/","name":"Curso sobre estrategias para el desarrollo psicomotor de las ni\u00f1os\/as - MI Ayuntamiento de Caudete","isPartOf":{"@id":"https:\/\/www.caudete.org\/ayuntamiento\/#website"},"primaryImageOfPage":{"@id":"https:\/\/www.caudete.org\/ayuntamiento\/curso-sobre-estrategias-para-el-desarrollo-psicomotor-de-las-ninos-as\/#primaryimage"},"image":{"@id":"https:\/\/www.caudete.org\/ayuntamiento\/curso-sobre-estrategias-para-el-desarrollo-psicomotor-de-las-ninos-as\/#primaryimage"},"thumbnailUrl":"https:\/\/www.caudete.org\/ayuntamiento\/wp-content\/uploads\/2021\/03\/Cartel-Curso-Desarrollo-Psicomotor-de-los-ninos2.jpg","datePublished":"2021-03-02T17:30:11+00:00","dateModified":"2021-03-02T17:37:50+00:00","description":"P\u00e1gina Oficial del Ayuntamiento de Caudete (Albacete)","breadcrumb":{"@id":"https:\/\/www.caudete.org\/ayuntamiento\/curso-sobre-estrategias-para-el-desarrollo-psicomotor-de-las-ninos-as\/#breadcrumb"},"inLanguage":"es","potentialAction":[{"@type":"ReadAction","target":["https:\/\/www.caudete.org\/ayuntamiento\/curso-sobre-estrategias-para-el-desarrollo-psicomotor-de-las-ninos-as\/"]}]},{"@type":"ImageObject","inLanguage":"es","@id":"https:\/\/www.caudete.org\/ayuntamiento\/curso-sobre-estrategias-para-el-desarrollo-psicomotor-de-las-ninos-as\/#primaryimage","url":"https:\/\/www.caudete.org\/ayuntamiento\/wp-content\/uploads\/2021\/03\/Cartel-Curso-Desarrollo-Psicomotor-de-los-ninos2.jpg","contentUrl":"https:\/\/www.caudete.org\/ayuntamiento\/wp-content\/uploads\/2021\/03\/Cartel-Curso-Desarrollo-Psicomotor-de-los-ninos2.jpg","width":1148,"height":516},{"@type":"BreadcrumbList","@id":"https:\/\/www.caudete.org\/ayuntamiento\/curso-sobre-estrategias-para-el-desarrollo-psicomotor-de-las-ninos-as\/#breadcrumb","itemListElement":[{"@type":"ListItem","position":1,"name":"Inicio","item":"https:\/\/www.caudete.org\/ayuntamiento\/"},{"@type":"ListItem","position":2,"name":"Curso sobre estrategias para el desarrollo psicomotor de las ni\u00f1os\/as"}]},{"@type":"WebSite","@id":"https:\/\/www.caudete.org\/ayuntamiento\/#website","url":"https:\/\/www.caudete.org\/ayuntamiento\/","name":"MI Ayuntamiento de Caudete","description":"P\u00e1gina Oficial del MI Ayuntamiento de Caudete","publisher":{"@id":"https:\/\/www.caudete.org\/ayuntamiento\/#organization"},"potentialAction":[{"@type":"SearchAction","target":{"@type":"EntryPoint","urlTemplate":"https:\/\/www.caudete.org\/ayuntamiento\/?s={search_term_string}"},"query-input":{"@type":"PropertyValueSpecification","valueRequired":true,"valueName":"search_term_string"}}],"inLanguage":"es"},{"@type":"Organization","@id":"https:\/\/www.caudete.org\/ayuntamiento\/#organization","name":"Ayuntamiento de Caudete","url":"https:\/\/www.caudete.org\/ayuntamiento\/","logo":{"@type":"ImageObject","inLanguage":"es","@id":"https:\/\/www.caudete.org\/ayuntamiento\/#\/schema\/logo\/image\/","url":"https:\/\/www.caudete.org\/ayuntamiento\/wp-content\/uploads\/2020\/11\/logo_ayuntamiento_caudete.jpg","contentUrl":"https:\/\/www.caudete.org\/ayuntamiento\/wp-content\/uploads\/2020\/11\/logo_ayuntamiento_caudete.jpg","width":600,"height":150,"caption":"Ayuntamiento de Caudete"},"image":{"@id":"https:\/\/www.caudete.org\/ayuntamiento\/#\/schema\/logo\/image\/"},"sameAs":["https:\/\/www.facebook.com\/ayuntamientocaudete\/","https:\/\/www.youtube.com\/channel\/UC6VztHaooNsGpw-tNoBEFnQ"]},{"@type":"Person","@id":"https:\/\/www.caudete.org\/ayuntamiento\/#\/schema\/person\/7656a5bb58fca95b9814e940de0fda63","name":"Juan","image":{"@type":"ImageObject","inLanguage":"es","@id":"https:\/\/secure.gravatar.com\/avatar\/dd53e51c0cd6ab23f52d4f3e4f1c59730240727763de3dbbf26750b079a2c292?s=96&d=mm&r=g","url":"https:\/\/secure.gravatar.com\/avatar\/dd53e51c0cd6ab23f52d4f3e4f1c59730240727763de3dbbf26750b079a2c292?s=96&d=mm&r=g","contentUrl":"https:\/\/secure.gravatar.com\/avatar\/dd53e51c0cd6ab23f52d4f3e4f1c59730240727763de3dbbf26750b079a2c292?s=96&d=mm&r=g","caption":"Juan"},"url":"https:\/\/www.caudete.org\/ayuntamiento\/author\/centrodeinternet\/"}]}},"_links":{"self":[{"href":"https:\/\/www.caudete.org\/ayuntamiento\/wp-json\/wp\/v2\/posts\/12664","targetHints":{"allow":["GET"]}}],"collection":[{"href":"https:\/\/www.caudete.org\/ayuntamiento\/wp-json\/wp\/v2\/posts"}],"about":[{"href":"https:\/\/www.caudete.org\/ayuntamiento\/wp-json\/wp\/v2\/types\/post"}],"author":[{"embeddable":true,"href":"https:\/\/www.caudete.org\/ayuntamiento\/wp-json\/wp\/v2\/users\/2"}],"replies":[{"embeddable":true,"href":"https:\/\/www.caudete.org\/ayuntamiento\/wp-json\/wp\/v2\/comments?post=12664"}],"version-history":[{"count":2,"href":"https:\/\/www.caudete.org\/ayuntamiento\/wp-json\/wp\/v2\/posts\/12664\/revisions"}],"predecessor-version":[{"id":12672,"href":"https:\/\/www.caudete.org\/ayuntamiento\/wp-json\/wp\/v2\/posts\/12664\/revisions\/12672"}],"wp:featuredmedia":[{"embeddable":true,"href":"https:\/\/www.caudete.org\/ayuntamiento\/wp-json\/wp\/v2\/media\/12671"}],"wp:attachment":[{"href":"https:\/\/www.caudete.org\/ayuntamiento\/wp-json\/wp\/v2\/media?parent=12664"}],"wp:term":[{"taxonomy":"category","embeddable":true,"href":"https:\/\/www.caudete.org\/ayuntamiento\/wp-json\/wp\/v2\/categories?post=12664"},{"taxonomy":"post_tag","embeddable":true,"href":"https:\/\/www.caudete.org\/ayuntamiento\/wp-json\/wp\/v2\/tags?post=12664"}],"curies":[{"name":"wp","href":"https:\/\/api.w.org\/{rel}","templated":true}]}}