{"id":12676,"date":"2021-03-03T09:00:11","date_gmt":"2021-03-03T08:00:11","guid":{"rendered":"https:\/\/www.caudete.org\/ayuntamiento\/?p=12676"},"modified":"2021-03-02T22:12:30","modified_gmt":"2021-03-02T21:12:30","slug":"desvio-del-trafico-de-la-n-344-por-avda-valencia-hasta-el-mes-de-junio","status":"publish","type":"post","link":"https:\/\/www.caudete.org\/ayuntamiento\/desvio-del-trafico-de-la-n-344-por-avda-valencia-hasta-el-mes-de-junio\/","title":{"rendered":"Desv\u00edo del tr\u00e1fico de la N-344 por Avda. Valencia hasta el mes de Junio"},"content":{"rendered":"<p style=\"text-align: justify;\">El Concejal de Movilidad, Joaqu\u00edn Pag\u00e1n, <span style=\"font-weight: 400;\">informa de la nueva situaci\u00f3n del tr\u00e1fico que va a absorber el casco urbano de Caudete debido a la ejecuci\u00f3n de las obras de Autov\u00eda A-33 (Valencia-Murcia), sobre la actual variante N-344.<\/span><\/p>\n<p style=\"text-align: justify;\">El pr\u00f3ximo lunes 8 de Marzo quedar\u00e1 desviado la totalidad del tr\u00e1fico de la N-344 por la Avenida de Valencia, circunstancia que se dar\u00e1 hasta pr\u00e1cticamente el final de las obras, previsiblemente fijadas para este verano. As\u00ed lo transmit\u00eda la empresa constructora al Equipo de Gobierno en una reuni\u00f3n mantenida la pasada semana, en la que se encontraban presentes el Alcalde, Concejales de Movilidad y Urbanismo junto al Aparejador Municipal.<\/p>\n<p style=\"text-align: justify;\">Ser\u00e1 hasta el mes de Junio, seg\u00fan la empresa, cuando se concentre el tr\u00e1fico de la N-344 por nuestro casco urbano. A partir de ese momento, se emplear\u00e1 uno de los carriles de la proyectada A-33 para trasladar el tr\u00e1fico en ambas direcciones.<\/p>\n<p style=\"text-align: justify;\">Ante esta nueva situaci\u00f3n, que no ser\u00e1 puntual sino permanente hasta el mes de Junio, desde el Consistorio hemos solicitado a la empresa la adopci\u00f3n de medidas que permitan establecer cotas de seguridad para los veh\u00edculos que transiten por las v\u00edas adyacentes a la Avenida de Valencia, y precisen de atravesarla para dirigirse a diferentes puntos de la poblaci\u00f3n, al igual que la reposici\u00f3n del firme da\u00f1ado por incremento del tr\u00e1fico rodado sobre nuestras v\u00edas.<\/p>\n<p style=\"text-align: justify;\">En una posterior comunicaci\u00f3n mantenida con el Concejal de Movilidad, la empresa constructora va a instalar al menos <span style=\"font-weight: 400;\">dos cruces semaforizados: <\/span><\/p>\n<ul style=\"text-align: justify;\">\n<li><span style=\"font-weight: 400;\">Vereda de Santa Ana, a ambos lados de la Avenida de Valencia.<\/span><\/li>\n<li><span style=\"font-weight: 400;\">Calle San Jaime &#8211; Calle Las Eras.<\/span><\/li>\n<\/ul>\n<p style=\"text-align: justify;\">Con la implantaci\u00f3n de sendos sem\u00e1foros, va a permitir que los vecinos puedan efectuar el cruce de la Avenida de Valencia por estos dos puntos concretos, los m\u00e1s frecuentados, interrumpiendo el tr\u00e1fico de largo recorrido y facilitando el cruce con total seguridad.<\/p>\n<p style=\"text-align: justify;\">No obstante, los T\u00e9cnicos del Ayuntamiento de Caudete van a estudiar la viabilidad de esta medida y su eficacia, para en caso necesario, requerir medidas complementarias encaminadas a proteger a los ciudadanos.<\/p>\n<p style=\"text-align: justify;\">Adem\u00e1s, adelantaba el Edil Pag\u00e1n, que la empresa constructora, una vez vuelto el tr\u00e1fico a su v\u00eda natural (futura A-33), ejecutar\u00e1 las labores de asfaltado en la Avenida de Valencia y aquellos puntos que hayan sufrido el incremento extraordinario del tr\u00e1fico, y haya supuesto una merma en el firme.<\/p>\n","protected":false},"excerpt":{"rendered":"<p>El Concejal de Movilidad, Joaqu\u00edn Pag\u00e1n, informa de la nueva situaci\u00f3n del tr\u00e1fico que va a absorber el casco urbano de Caudete debido a la ejecuci\u00f3n de las obras de Autov\u00eda A-33 (Valencia-Murcia), sobre la actual variante N-344. El pr\u00f3ximo lunes 8 de Marzo quedar\u00e1 desviado la totalidad del tr\u00e1fico de la N-344 por la &hellip;<\/p>\n","protected":false},"author":3,"featured_media":12677,"comment_status":"closed","ping_status":"open","sticky":false,"template":"","format":"standard","meta":{"ngg_post_thumbnail":0,"footnotes":""},"categories":[46],"tags":[424,509,510,511,254,420,508,406],"class_list":["post-12676","post","type-post","status-publish","format-standard","has-post-thumbnail","hentry","category-movilidad-urbana","tag-a-33","tag-avenida-valencia","tag-cruces","tag-cruces-semaforizados","tag-desvio","tag-desvio-trafico","tag-n-344","tag-valencia-murcia"],"yoast_head":"<!-- This site is optimized with the Yoast SEO plugin v27.5 - https:\/\/yoast.com\/product\/yoast-seo-wordpress\/ -->\n<title>Desv\u00edo del tr\u00e1fico de la N-344 por Avda. Valencia hasta el mes de Junio - MI Ayuntamiento de Caudete<\/title>\n<meta name=\"description\" content=\"P\u00e1gina Oficial del Ayuntamiento de Caudete (Albacete)\" \/>\n<meta name=\"robots\" content=\"index, follow, max-snippet:-1, max-image-preview:large, max-video-preview:-1\" \/>\n<link rel=\"canonical\" href=\"https:\/\/www.caudete.org\/ayuntamiento\/desvio-del-trafico-de-la-n-344-por-avda-valencia-hasta-el-mes-de-junio\/\" \/>\n<meta property=\"og:locale\" content=\"es_ES\" \/>\n<meta property=\"og:type\" content=\"article\" \/>\n<meta property=\"og:title\" content=\"Desv\u00edo del tr\u00e1fico de la N-344 por Avda. Valencia hasta el mes de Junio - MI Ayuntamiento de Caudete\" \/>\n<meta property=\"og:description\" content=\"P\u00e1gina Oficial del Ayuntamiento de Caudete (Albacete)\" \/>\n<meta property=\"og:url\" content=\"https:\/\/www.caudete.org\/ayuntamiento\/desvio-del-trafico-de-la-n-344-por-avda-valencia-hasta-el-mes-de-junio\/\" \/>\n<meta property=\"og:site_name\" content=\"MI Ayuntamiento de Caudete\" \/>\n<meta property=\"article:publisher\" content=\"https:\/\/www.facebook.com\/ayuntamientocaudete\/\" \/>\n<meta property=\"article:published_time\" content=\"2021-03-03T08:00:11+00:00\" \/>\n<meta property=\"og:image\" content=\"https:\/\/www.caudete.org\/ayuntamiento\/wp-content\/uploads\/2021\/03\/WhatsApp-Image-2021-03-02-at-10.12.34.jpeg\" \/>\n\t<meta property=\"og:image:width\" content=\"1161\" \/>\n\t<meta property=\"og:image:height\" content=\"757\" \/>\n\t<meta property=\"og:image:type\" content=\"image\/jpeg\" \/>\n<meta name=\"author\" content=\"alcalde\" \/>\n<meta name=\"twitter:card\" content=\"summary_large_image\" \/>\n<meta name=\"twitter:label1\" content=\"Escrito por\" \/>\n\t<meta name=\"twitter:data1\" content=\"alcalde\" \/>\n\t<meta name=\"twitter:label2\" content=\"Tiempo de lectura\" \/>\n\t<meta name=\"twitter:data2\" content=\"2 minutos\" \/>\n<script type=\"application\/ld+json\" class=\"yoast-schema-graph\">{\"@context\":\"https:\\\/\\\/schema.org\",\"@graph\":[{\"@type\":\"Article\",\"@id\":\"https:\\\/\\\/www.caudete.org\\\/ayuntamiento\\\/desvio-del-trafico-de-la-n-344-por-avda-valencia-hasta-el-mes-de-junio\\\/#article\",\"isPartOf\":{\"@id\":\"https:\\\/\\\/www.caudete.org\\\/ayuntamiento\\\/desvio-del-trafico-de-la-n-344-por-avda-valencia-hasta-el-mes-de-junio\\\/\"},\"author\":{\"name\":\"alcalde\",\"@id\":\"https:\\\/\\\/www.caudete.org\\\/ayuntamiento\\\/#\\\/schema\\\/person\\\/cc646da9133078ee4d8dd47457947253\"},\"headline\":\"Desv\u00edo del tr\u00e1fico de la N-344 por Avda. Valencia hasta el mes de Junio\",\"datePublished\":\"2021-03-03T08:00:11+00:00\",\"mainEntityOfPage\":{\"@id\":\"https:\\\/\\\/www.caudete.org\\\/ayuntamiento\\\/desvio-del-trafico-de-la-n-344-por-avda-valencia-hasta-el-mes-de-junio\\\/\"},\"wordCount\":438,\"image\":{\"@id\":\"https:\\\/\\\/www.caudete.org\\\/ayuntamiento\\\/desvio-del-trafico-de-la-n-344-por-avda-valencia-hasta-el-mes-de-junio\\\/#primaryimage\"},\"thumbnailUrl\":\"https:\\\/\\\/www.caudete.org\\\/ayuntamiento\\\/wp-content\\\/uploads\\\/2021\\\/03\\\/WhatsApp-Image-2021-03-02-at-10.12.34.jpeg\",\"keywords\":[\"a-33\",\"avenida valencia\",\"cruces\",\"cruces semaforizados\",\"desvio\",\"desvio trafico\",\"n-344\",\"valencia-murcia\"],\"articleSection\":[\"Movilidad Urbana\"],\"inLanguage\":\"es\"},{\"@type\":\"WebPage\",\"@id\":\"https:\\\/\\\/www.caudete.org\\\/ayuntamiento\\\/desvio-del-trafico-de-la-n-344-por-avda-valencia-hasta-el-mes-de-junio\\\/\",\"url\":\"https:\\\/\\\/www.caudete.org\\\/ayuntamiento\\\/desvio-del-trafico-de-la-n-344-por-avda-valencia-hasta-el-mes-de-junio\\\/\",\"name\":\"Desv\u00edo del tr\u00e1fico de la N-344 por Avda. Valencia hasta el mes de Junio - MI Ayuntamiento de Caudete\",\"isPartOf\":{\"@id\":\"https:\\\/\\\/www.caudete.org\\\/ayuntamiento\\\/#website\"},\"primaryImageOfPage\":{\"@id\":\"https:\\\/\\\/www.caudete.org\\\/ayuntamiento\\\/desvio-del-trafico-de-la-n-344-por-avda-valencia-hasta-el-mes-de-junio\\\/#primaryimage\"},\"image\":{\"@id\":\"https:\\\/\\\/www.caudete.org\\\/ayuntamiento\\\/desvio-del-trafico-de-la-n-344-por-avda-valencia-hasta-el-mes-de-junio\\\/#primaryimage\"},\"thumbnailUrl\":\"https:\\\/\\\/www.caudete.org\\\/ayuntamiento\\\/wp-content\\\/uploads\\\/2021\\\/03\\\/WhatsApp-Image-2021-03-02-at-10.12.34.jpeg\",\"datePublished\":\"2021-03-03T08:00:11+00:00\",\"author\":{\"@id\":\"https:\\\/\\\/www.caudete.org\\\/ayuntamiento\\\/#\\\/schema\\\/person\\\/cc646da9133078ee4d8dd47457947253\"},\"description\":\"P\u00e1gina Oficial del Ayuntamiento de Caudete (Albacete)\",\"breadcrumb\":{\"@id\":\"https:\\\/\\\/www.caudete.org\\\/ayuntamiento\\\/desvio-del-trafico-de-la-n-344-por-avda-valencia-hasta-el-mes-de-junio\\\/#breadcrumb\"},\"inLanguage\":\"es\",\"potentialAction\":[{\"@type\":\"ReadAction\",\"target\":[\"https:\\\/\\\/www.caudete.org\\\/ayuntamiento\\\/desvio-del-trafico-de-la-n-344-por-avda-valencia-hasta-el-mes-de-junio\\\/\"]}]},{\"@type\":\"ImageObject\",\"inLanguage\":\"es\",\"@id\":\"https:\\\/\\\/www.caudete.org\\\/ayuntamiento\\\/desvio-del-trafico-de-la-n-344-por-avda-valencia-hasta-el-mes-de-junio\\\/#primaryimage\",\"url\":\"https:\\\/\\\/www.caudete.org\\\/ayuntamiento\\\/wp-content\\\/uploads\\\/2021\\\/03\\\/WhatsApp-Image-2021-03-02-at-10.12.34.jpeg\",\"contentUrl\":\"https:\\\/\\\/www.caudete.org\\\/ayuntamiento\\\/wp-content\\\/uploads\\\/2021\\\/03\\\/WhatsApp-Image-2021-03-02-at-10.12.34.jpeg\",\"width\":1161,\"height\":757},{\"@type\":\"BreadcrumbList\",\"@id\":\"https:\\\/\\\/www.caudete.org\\\/ayuntamiento\\\/desvio-del-trafico-de-la-n-344-por-avda-valencia-hasta-el-mes-de-junio\\\/#breadcrumb\",\"itemListElement\":[{\"@type\":\"ListItem\",\"position\":1,\"name\":\"Inicio\",\"item\":\"https:\\\/\\\/www.caudete.org\\\/ayuntamiento\\\/\"},{\"@type\":\"ListItem\",\"position\":2,\"name\":\"Desv\u00edo del tr\u00e1fico de la N-344 por Avda. Valencia hasta el mes de Junio\"}]},{\"@type\":\"WebSite\",\"@id\":\"https:\\\/\\\/www.caudete.org\\\/ayuntamiento\\\/#website\",\"url\":\"https:\\\/\\\/www.caudete.org\\\/ayuntamiento\\\/\",\"name\":\"MI Ayuntamiento de Caudete\",\"description\":\"P\u00e1gina Oficial del MI Ayuntamiento de Caudete\",\"potentialAction\":[{\"@type\":\"SearchAction\",\"target\":{\"@type\":\"EntryPoint\",\"urlTemplate\":\"https:\\\/\\\/www.caudete.org\\\/ayuntamiento\\\/?s={search_term_string}\"},\"query-input\":{\"@type\":\"PropertyValueSpecification\",\"valueRequired\":true,\"valueName\":\"search_term_string\"}}],\"inLanguage\":\"es\"},{\"@type\":\"Person\",\"@id\":\"https:\\\/\\\/www.caudete.org\\\/ayuntamiento\\\/#\\\/schema\\\/person\\\/cc646da9133078ee4d8dd47457947253\",\"name\":\"alcalde\",\"image\":{\"@type\":\"ImageObject\",\"inLanguage\":\"es\",\"@id\":\"https:\\\/\\\/secure.gravatar.com\\\/avatar\\\/84a817ba065b29ff08d666b215a215f5c79186a645ccb25b14a663d48a130f77?s=96&d=mm&r=g\",\"url\":\"https:\\\/\\\/secure.gravatar.com\\\/avatar\\\/84a817ba065b29ff08d666b215a215f5c79186a645ccb25b14a663d48a130f77?s=96&d=mm&r=g\",\"contentUrl\":\"https:\\\/\\\/secure.gravatar.com\\\/avatar\\\/84a817ba065b29ff08d666b215a215f5c79186a645ccb25b14a663d48a130f77?s=96&d=mm&r=g\",\"caption\":\"alcalde\"},\"url\":\"https:\\\/\\\/www.caudete.org\\\/ayuntamiento\\\/author\\\/alcalde\\\/\"}]}<\/script>\n<!-- \/ Yoast SEO plugin. -->","yoast_head_json":{"title":"Desv\u00edo del tr\u00e1fico de la N-344 por Avda. Valencia hasta el mes de Junio - MI Ayuntamiento de Caudete","description":"P\u00e1gina Oficial del Ayuntamiento de Caudete (Albacete)","robots":{"index":"index","follow":"follow","max-snippet":"max-snippet:-1","max-image-preview":"max-image-preview:large","max-video-preview":"max-video-preview:-1"},"canonical":"https:\/\/www.caudete.org\/ayuntamiento\/desvio-del-trafico-de-la-n-344-por-avda-valencia-hasta-el-mes-de-junio\/","og_locale":"es_ES","og_type":"article","og_title":"Desv\u00edo del tr\u00e1fico de la N-344 por Avda. Valencia hasta el mes de Junio - MI Ayuntamiento de Caudete","og_description":"P\u00e1gina Oficial del Ayuntamiento de Caudete (Albacete)","og_url":"https:\/\/www.caudete.org\/ayuntamiento\/desvio-del-trafico-de-la-n-344-por-avda-valencia-hasta-el-mes-de-junio\/","og_site_name":"MI Ayuntamiento de Caudete","article_publisher":"https:\/\/www.facebook.com\/ayuntamientocaudete\/","article_published_time":"2021-03-03T08:00:11+00:00","og_image":[{"width":1161,"height":757,"url":"https:\/\/www.caudete.org\/ayuntamiento\/wp-content\/uploads\/2021\/03\/WhatsApp-Image-2021-03-02-at-10.12.34.jpeg","type":"image\/jpeg"}],"author":"alcalde","twitter_card":"summary_large_image","twitter_misc":{"Escrito por":"alcalde","Tiempo de lectura":"2 minutos"},"schema":{"@context":"https:\/\/schema.org","@graph":[{"@type":"Article","@id":"https:\/\/www.caudete.org\/ayuntamiento\/desvio-del-trafico-de-la-n-344-por-avda-valencia-hasta-el-mes-de-junio\/#article","isPartOf":{"@id":"https:\/\/www.caudete.org\/ayuntamiento\/desvio-del-trafico-de-la-n-344-por-avda-valencia-hasta-el-mes-de-junio\/"},"author":{"name":"alcalde","@id":"https:\/\/www.caudete.org\/ayuntamiento\/#\/schema\/person\/cc646da9133078ee4d8dd47457947253"},"headline":"Desv\u00edo del tr\u00e1fico de la N-344 por Avda. Valencia hasta el mes de Junio","datePublished":"2021-03-03T08:00:11+00:00","mainEntityOfPage":{"@id":"https:\/\/www.caudete.org\/ayuntamiento\/desvio-del-trafico-de-la-n-344-por-avda-valencia-hasta-el-mes-de-junio\/"},"wordCount":438,"image":{"@id":"https:\/\/www.caudete.org\/ayuntamiento\/desvio-del-trafico-de-la-n-344-por-avda-valencia-hasta-el-mes-de-junio\/#primaryimage"},"thumbnailUrl":"https:\/\/www.caudete.org\/ayuntamiento\/wp-content\/uploads\/2021\/03\/WhatsApp-Image-2021-03-02-at-10.12.34.jpeg","keywords":["a-33","avenida valencia","cruces","cruces semaforizados","desvio","desvio trafico","n-344","valencia-murcia"],"articleSection":["Movilidad Urbana"],"inLanguage":"es"},{"@type":"WebPage","@id":"https:\/\/www.caudete.org\/ayuntamiento\/desvio-del-trafico-de-la-n-344-por-avda-valencia-hasta-el-mes-de-junio\/","url":"https:\/\/www.caudete.org\/ayuntamiento\/desvio-del-trafico-de-la-n-344-por-avda-valencia-hasta-el-mes-de-junio\/","name":"Desv\u00edo del tr\u00e1fico de la N-344 por Avda. Valencia hasta el mes de Junio - MI Ayuntamiento de Caudete","isPartOf":{"@id":"https:\/\/www.caudete.org\/ayuntamiento\/#website"},"primaryImageOfPage":{"@id":"https:\/\/www.caudete.org\/ayuntamiento\/desvio-del-trafico-de-la-n-344-por-avda-valencia-hasta-el-mes-de-junio\/#primaryimage"},"image":{"@id":"https:\/\/www.caudete.org\/ayuntamiento\/desvio-del-trafico-de-la-n-344-por-avda-valencia-hasta-el-mes-de-junio\/#primaryimage"},"thumbnailUrl":"https:\/\/www.caudete.org\/ayuntamiento\/wp-content\/uploads\/2021\/03\/WhatsApp-Image-2021-03-02-at-10.12.34.jpeg","datePublished":"2021-03-03T08:00:11+00:00","author":{"@id":"https:\/\/www.caudete.org\/ayuntamiento\/#\/schema\/person\/cc646da9133078ee4d8dd47457947253"},"description":"P\u00e1gina Oficial del Ayuntamiento de Caudete (Albacete)","breadcrumb":{"@id":"https:\/\/www.caudete.org\/ayuntamiento\/desvio-del-trafico-de-la-n-344-por-avda-valencia-hasta-el-mes-de-junio\/#breadcrumb"},"inLanguage":"es","potentialAction":[{"@type":"ReadAction","target":["https:\/\/www.caudete.org\/ayuntamiento\/desvio-del-trafico-de-la-n-344-por-avda-valencia-hasta-el-mes-de-junio\/"]}]},{"@type":"ImageObject","inLanguage":"es","@id":"https:\/\/www.caudete.org\/ayuntamiento\/desvio-del-trafico-de-la-n-344-por-avda-valencia-hasta-el-mes-de-junio\/#primaryimage","url":"https:\/\/www.caudete.org\/ayuntamiento\/wp-content\/uploads\/2021\/03\/WhatsApp-Image-2021-03-02-at-10.12.34.jpeg","contentUrl":"https:\/\/www.caudete.org\/ayuntamiento\/wp-content\/uploads\/2021\/03\/WhatsApp-Image-2021-03-02-at-10.12.34.jpeg","width":1161,"height":757},{"@type":"BreadcrumbList","@id":"https:\/\/www.caudete.org\/ayuntamiento\/desvio-del-trafico-de-la-n-344-por-avda-valencia-hasta-el-mes-de-junio\/#breadcrumb","itemListElement":[{"@type":"ListItem","position":1,"name":"Inicio","item":"https:\/\/www.caudete.org\/ayuntamiento\/"},{"@type":"ListItem","position":2,"name":"Desv\u00edo del tr\u00e1fico de la N-344 por Avda. Valencia hasta el mes de Junio"}]},{"@type":"WebSite","@id":"https:\/\/www.caudete.org\/ayuntamiento\/#website","url":"https:\/\/www.caudete.org\/ayuntamiento\/","name":"MI Ayuntamiento de Caudete","description":"P\u00e1gina Oficial del MI Ayuntamiento de Caudete","potentialAction":[{"@type":"SearchAction","target":{"@type":"EntryPoint","urlTemplate":"https:\/\/www.caudete.org\/ayuntamiento\/?s={search_term_string}"},"query-input":{"@type":"PropertyValueSpecification","valueRequired":true,"valueName":"search_term_string"}}],"inLanguage":"es"},{"@type":"Person","@id":"https:\/\/www.caudete.org\/ayuntamiento\/#\/schema\/person\/cc646da9133078ee4d8dd47457947253","name":"alcalde","image":{"@type":"ImageObject","inLanguage":"es","@id":"https:\/\/secure.gravatar.com\/avatar\/84a817ba065b29ff08d666b215a215f5c79186a645ccb25b14a663d48a130f77?s=96&d=mm&r=g","url":"https:\/\/secure.gravatar.com\/avatar\/84a817ba065b29ff08d666b215a215f5c79186a645ccb25b14a663d48a130f77?s=96&d=mm&r=g","contentUrl":"https:\/\/secure.gravatar.com\/avatar\/84a817ba065b29ff08d666b215a215f5c79186a645ccb25b14a663d48a130f77?s=96&d=mm&r=g","caption":"alcalde"},"url":"https:\/\/www.caudete.org\/ayuntamiento\/author\/alcalde\/"}]}},"_links":{"self":[{"href":"https:\/\/www.caudete.org\/ayuntamiento\/wp-json\/wp\/v2\/posts\/12676","targetHints":{"allow":["GET"]}}],"collection":[{"href":"https:\/\/www.caudete.org\/ayuntamiento\/wp-json\/wp\/v2\/posts"}],"about":[{"href":"https:\/\/www.caudete.org\/ayuntamiento\/wp-json\/wp\/v2\/types\/post"}],"author":[{"embeddable":true,"href":"https:\/\/www.caudete.org\/ayuntamiento\/wp-json\/wp\/v2\/users\/3"}],"replies":[{"embeddable":true,"href":"https:\/\/www.caudete.org\/ayuntamiento\/wp-json\/wp\/v2\/comments?post=12676"}],"version-history":[{"count":1,"href":"https:\/\/www.caudete.org\/ayuntamiento\/wp-json\/wp\/v2\/posts\/12676\/revisions"}],"predecessor-version":[{"id":12678,"href":"https:\/\/www.caudete.org\/ayuntamiento\/wp-json\/wp\/v2\/posts\/12676\/revisions\/12678"}],"wp:featuredmedia":[{"embeddable":true,"href":"https:\/\/www.caudete.org\/ayuntamiento\/wp-json\/wp\/v2\/media\/12677"}],"wp:attachment":[{"href":"https:\/\/www.caudete.org\/ayuntamiento\/wp-json\/wp\/v2\/media?parent=12676"}],"wp:term":[{"taxonomy":"category","embeddable":true,"href":"https:\/\/www.caudete.org\/ayuntamiento\/wp-json\/wp\/v2\/categories?post=12676"},{"taxonomy":"post_tag","embeddable":true,"href":"https:\/\/www.caudete.org\/ayuntamiento\/wp-json\/wp\/v2\/tags?post=12676"}],"curies":[{"name":"wp","href":"https:\/\/api.w.org\/{rel}","templated":true}]}}