{"id":12679,"date":"2021-03-03T14:33:55","date_gmt":"2021-03-03T13:33:55","guid":{"rendered":"https:\/\/www.caudete.org\/ayuntamiento\/?p=12679"},"modified":"2021-03-03T14:32:10","modified_gmt":"2021-03-03T13:32:10","slug":"el-ministerio-da-luz-verde-a-los-presupuestos-municipales","status":"publish","type":"post","link":"https:\/\/www.caudete.org\/ayuntamiento\/el-ministerio-da-luz-verde-a-los-presupuestos-municipales\/","title":{"rendered":"El Ministerio de Hacienda da luz verde a los Presupuestos Municipales"},"content":{"rendered":"<p style=\"text-align: justify;\">Ma\u00f1ana jueves la Comisi\u00f3n Informativa de Econom\u00eda y Hacienda est\u00e1 llamada a celebrar a las 11.30h la sesi\u00f3n que abordar\u00e1 el estudio del Proyecto de Presupuesto General 2021 para el Ayuntamiento de Caudete, toda vez que el Ministerio de Hacienda ha dado luz verde al mismo.<\/p>\n<p style=\"text-align: justify;\">Luis Felipe Ba\u00f1\u00f3n, Concejal Delegado del \u00e1rea econ\u00f3mica manifestaba que &#8220;<em>no hay tiempo que perder en abordar la aprobaci\u00f3n de los mismos, puesto que desde primeros de Diciembre, el Equipo de Gobierno ten\u00eda los deberes hechos, y cumplido con la obligaci\u00f3n de remitir la documentaci\u00f3n al Ministerio para su estudio previo y preceptivo<\/em>&#8221; y que &#8220;<em>no se entiende el retraso producido por el Estado con Caudete, cuando el a\u00f1o pasado este mismo tr\u00e1mite dur\u00f3 10 d\u00edas<\/em>&#8220;.<\/p>\n<p style=\"text-align: justify;\">Tras la recepci\u00f3n del Informe en fecha 24 de Febrero por parte de la Secretar\u00eda General de Financiaci\u00f3n Auton\u00f3mica y Local del Ministerio de Hacienda, el Departamento de Intervenci\u00f3n complet\u00f3 el expediente con la ejecuci\u00f3n de los ajustes necesarios. Dicho tr\u00e1mite se hace en cumplimiento de la Orden PRE\/966\/2014, de 10 de junio, en lo que se refiere a los municipios que tengan pr\u00e9stamos formalizados con el Fondo para la Financiaci\u00f3n de los Pagos a Proveedores, y que en el caso de Caudete nos afecta hasta el a\u00f1o 2032<\/p>\n<p style=\"text-align: justify;\">Dejando a un lado la an\u00e9cdota del retraso, ma\u00f1ana jueves la Corporaci\u00f3n Municipal podr\u00e1 abordar cuantas cuestiones considere oportunas relativas al Presupuesto, ya que la convocatoria a la Comisi\u00f3n Informativa, y por tanto, la remisi\u00f3n completa del expediente y la totalidad de la documentaci\u00f3n fue entregada el martes al mediod\u00eda para su estudio, y esa es la naturaleza o el fin de dicho \u00f3rgano colegiado del Consistorio caudetano. Con dos puntos en el orden del d\u00eda, el primero copar\u00e1 la mayor parte del tiempo, puesto que abordar\u00e1 el expresado asunto, mientras que el segundo punto estar\u00e1 dedicado a ruegos y preguntas, en materia econ\u00f3mica.<\/p>\n<p style=\"text-align: justify;\">Seg\u00fan ha informado el Edil Ba\u00f1\u00f3n, los Presupuestos ser\u00e1n elevados a Pleno de forma inminente, en cuanto el Alcalde determine la fecha de celebraci\u00f3n de la Sesi\u00f3n Plenaria en la que se tratar\u00e1n, y que previsiblemente, ser\u00e1 para la pr\u00f3xima semana.<\/p>\n<p>&nbsp;<\/p>\n<p>&nbsp;<\/p>\n<p>&nbsp;<\/p>\n<p>&nbsp;<\/p>\n","protected":false},"excerpt":{"rendered":"<p>Ma\u00f1ana jueves la Comisi\u00f3n Informativa de Econom\u00eda y Hacienda est\u00e1 llamada a celebrar a las 11.30h la sesi\u00f3n que abordar\u00e1 el estudio del Proyecto de Presupuesto General 2021 para el Ayuntamiento de Caudete, toda vez que el Ministerio de Hacienda ha dado luz verde al mismo. Luis Felipe Ba\u00f1\u00f3n, Concejal Delegado del \u00e1rea econ\u00f3mica manifestaba &hellip;<\/p>\n","protected":false},"author":3,"featured_media":12680,"comment_status":"closed","ping_status":"open","sticky":false,"template":"","format":"standard","meta":{"ngg_post_thumbnail":0,"footnotes":""},"categories":[28],"tags":[396],"class_list":["post-12679","post","type-post","status-publish","format-standard","has-post-thumbnail","hentry","category-economia","tag-presupuesto-2021"],"yoast_head":"<!-- This site is optimized with the Yoast SEO plugin v27.5 - https:\/\/yoast.com\/product\/yoast-seo-wordpress\/ -->\n<title>El Ministerio de Hacienda da luz verde a los Presupuestos Municipales - MI Ayuntamiento de Caudete<\/title>\n<meta name=\"description\" content=\"P\u00e1gina Oficial del Ayuntamiento de Caudete (Albacete)\" \/>\n<meta name=\"robots\" content=\"index, follow, max-snippet:-1, max-image-preview:large, max-video-preview:-1\" \/>\n<link rel=\"canonical\" href=\"https:\/\/www.caudete.org\/ayuntamiento\/el-ministerio-da-luz-verde-a-los-presupuestos-municipales\/\" \/>\n<meta property=\"og:locale\" content=\"es_ES\" \/>\n<meta property=\"og:type\" content=\"article\" \/>\n<meta property=\"og:title\" content=\"El Ministerio de Hacienda da luz verde a los Presupuestos Municipales - MI Ayuntamiento de Caudete\" \/>\n<meta property=\"og:description\" content=\"P\u00e1gina Oficial del Ayuntamiento de Caudete (Albacete)\" \/>\n<meta property=\"og:url\" content=\"https:\/\/www.caudete.org\/ayuntamiento\/el-ministerio-da-luz-verde-a-los-presupuestos-municipales\/\" \/>\n<meta property=\"og:site_name\" content=\"MI Ayuntamiento de Caudete\" \/>\n<meta property=\"article:publisher\" content=\"https:\/\/www.facebook.com\/ayuntamientocaudete\/\" \/>\n<meta property=\"article:published_time\" content=\"2021-03-03T13:33:55+00:00\" \/>\n<meta property=\"og:image\" content=\"https:\/\/www.caudete.org\/ayuntamiento\/wp-content\/uploads\/2021\/03\/WhatsApp-Image-2021-03-03-at-00.02.58__.jpeg\" \/>\n\t<meta property=\"og:image:width\" content=\"666\" \/>\n\t<meta property=\"og:image:height\" content=\"318\" \/>\n\t<meta property=\"og:image:type\" content=\"image\/jpeg\" \/>\n<meta name=\"author\" content=\"alcalde\" \/>\n<meta name=\"twitter:card\" content=\"summary_large_image\" \/>\n<meta name=\"twitter:label1\" content=\"Escrito por\" \/>\n\t<meta name=\"twitter:data1\" content=\"alcalde\" \/>\n\t<meta name=\"twitter:label2\" content=\"Tiempo de lectura\" \/>\n\t<meta name=\"twitter:data2\" content=\"2 minutos\" \/>\n<script type=\"application\/ld+json\" class=\"yoast-schema-graph\">{\"@context\":\"https:\\\/\\\/schema.org\",\"@graph\":[{\"@type\":\"Article\",\"@id\":\"https:\\\/\\\/www.caudete.org\\\/ayuntamiento\\\/el-ministerio-da-luz-verde-a-los-presupuestos-municipales\\\/#article\",\"isPartOf\":{\"@id\":\"https:\\\/\\\/www.caudete.org\\\/ayuntamiento\\\/el-ministerio-da-luz-verde-a-los-presupuestos-municipales\\\/\"},\"author\":{\"name\":\"alcalde\",\"@id\":\"https:\\\/\\\/www.caudete.org\\\/ayuntamiento\\\/#\\\/schema\\\/person\\\/cc646da9133078ee4d8dd47457947253\"},\"headline\":\"El Ministerio de Hacienda da luz verde a los Presupuestos Municipales\",\"datePublished\":\"2021-03-03T13:33:55+00:00\",\"mainEntityOfPage\":{\"@id\":\"https:\\\/\\\/www.caudete.org\\\/ayuntamiento\\\/el-ministerio-da-luz-verde-a-los-presupuestos-municipales\\\/\"},\"wordCount\":405,\"publisher\":{\"@id\":\"https:\\\/\\\/www.caudete.org\\\/ayuntamiento\\\/#organization\"},\"image\":{\"@id\":\"https:\\\/\\\/www.caudete.org\\\/ayuntamiento\\\/el-ministerio-da-luz-verde-a-los-presupuestos-municipales\\\/#primaryimage\"},\"thumbnailUrl\":\"https:\\\/\\\/www.caudete.org\\\/ayuntamiento\\\/wp-content\\\/uploads\\\/2021\\\/03\\\/WhatsApp-Image-2021-03-03-at-00.02.58__.jpeg\",\"keywords\":[\"presupuesto 2021\"],\"articleSection\":[\"Econom\u00eda\"],\"inLanguage\":\"es\"},{\"@type\":\"WebPage\",\"@id\":\"https:\\\/\\\/www.caudete.org\\\/ayuntamiento\\\/el-ministerio-da-luz-verde-a-los-presupuestos-municipales\\\/\",\"url\":\"https:\\\/\\\/www.caudete.org\\\/ayuntamiento\\\/el-ministerio-da-luz-verde-a-los-presupuestos-municipales\\\/\",\"name\":\"El Ministerio de Hacienda da luz verde a los Presupuestos Municipales - MI Ayuntamiento de Caudete\",\"isPartOf\":{\"@id\":\"https:\\\/\\\/www.caudete.org\\\/ayuntamiento\\\/#website\"},\"primaryImageOfPage\":{\"@id\":\"https:\\\/\\\/www.caudete.org\\\/ayuntamiento\\\/el-ministerio-da-luz-verde-a-los-presupuestos-municipales\\\/#primaryimage\"},\"image\":{\"@id\":\"https:\\\/\\\/www.caudete.org\\\/ayuntamiento\\\/el-ministerio-da-luz-verde-a-los-presupuestos-municipales\\\/#primaryimage\"},\"thumbnailUrl\":\"https:\\\/\\\/www.caudete.org\\\/ayuntamiento\\\/wp-content\\\/uploads\\\/2021\\\/03\\\/WhatsApp-Image-2021-03-03-at-00.02.58__.jpeg\",\"datePublished\":\"2021-03-03T13:33:55+00:00\",\"description\":\"P\u00e1gina Oficial del Ayuntamiento de Caudete (Albacete)\",\"breadcrumb\":{\"@id\":\"https:\\\/\\\/www.caudete.org\\\/ayuntamiento\\\/el-ministerio-da-luz-verde-a-los-presupuestos-municipales\\\/#breadcrumb\"},\"inLanguage\":\"es\",\"potentialAction\":[{\"@type\":\"ReadAction\",\"target\":[\"https:\\\/\\\/www.caudete.org\\\/ayuntamiento\\\/el-ministerio-da-luz-verde-a-los-presupuestos-municipales\\\/\"]}]},{\"@type\":\"ImageObject\",\"inLanguage\":\"es\",\"@id\":\"https:\\\/\\\/www.caudete.org\\\/ayuntamiento\\\/el-ministerio-da-luz-verde-a-los-presupuestos-municipales\\\/#primaryimage\",\"url\":\"https:\\\/\\\/www.caudete.org\\\/ayuntamiento\\\/wp-content\\\/uploads\\\/2021\\\/03\\\/WhatsApp-Image-2021-03-03-at-00.02.58__.jpeg\",\"contentUrl\":\"https:\\\/\\\/www.caudete.org\\\/ayuntamiento\\\/wp-content\\\/uploads\\\/2021\\\/03\\\/WhatsApp-Image-2021-03-03-at-00.02.58__.jpeg\",\"width\":666,\"height\":318},{\"@type\":\"BreadcrumbList\",\"@id\":\"https:\\\/\\\/www.caudete.org\\\/ayuntamiento\\\/el-ministerio-da-luz-verde-a-los-presupuestos-municipales\\\/#breadcrumb\",\"itemListElement\":[{\"@type\":\"ListItem\",\"position\":1,\"name\":\"Inicio\",\"item\":\"https:\\\/\\\/www.caudete.org\\\/ayuntamiento\\\/\"},{\"@type\":\"ListItem\",\"position\":2,\"name\":\"El Ministerio de Hacienda da luz verde a los Presupuestos Municipales\"}]},{\"@type\":\"WebSite\",\"@id\":\"https:\\\/\\\/www.caudete.org\\\/ayuntamiento\\\/#website\",\"url\":\"https:\\\/\\\/www.caudete.org\\\/ayuntamiento\\\/\",\"name\":\"MI Ayuntamiento de Caudete\",\"description\":\"P\u00e1gina Oficial del MI Ayuntamiento de Caudete\",\"publisher\":{\"@id\":\"https:\\\/\\\/www.caudete.org\\\/ayuntamiento\\\/#organization\"},\"potentialAction\":[{\"@type\":\"SearchAction\",\"target\":{\"@type\":\"EntryPoint\",\"urlTemplate\":\"https:\\\/\\\/www.caudete.org\\\/ayuntamiento\\\/?s={search_term_string}\"},\"query-input\":{\"@type\":\"PropertyValueSpecification\",\"valueRequired\":true,\"valueName\":\"search_term_string\"}}],\"inLanguage\":\"es\"},{\"@type\":\"Organization\",\"@id\":\"https:\\\/\\\/www.caudete.org\\\/ayuntamiento\\\/#organization\",\"name\":\"Ayuntamiento de Caudete\",\"url\":\"https:\\\/\\\/www.caudete.org\\\/ayuntamiento\\\/\",\"logo\":{\"@type\":\"ImageObject\",\"inLanguage\":\"es\",\"@id\":\"https:\\\/\\\/www.caudete.org\\\/ayuntamiento\\\/#\\\/schema\\\/logo\\\/image\\\/\",\"url\":\"https:\\\/\\\/www.caudete.org\\\/ayuntamiento\\\/wp-content\\\/uploads\\\/2020\\\/11\\\/logo_ayuntamiento_caudete.jpg\",\"contentUrl\":\"https:\\\/\\\/www.caudete.org\\\/ayuntamiento\\\/wp-content\\\/uploads\\\/2020\\\/11\\\/logo_ayuntamiento_caudete.jpg\",\"width\":600,\"height\":150,\"caption\":\"Ayuntamiento de Caudete\"},\"image\":{\"@id\":\"https:\\\/\\\/www.caudete.org\\\/ayuntamiento\\\/#\\\/schema\\\/logo\\\/image\\\/\"},\"sameAs\":[\"https:\\\/\\\/www.facebook.com\\\/ayuntamientocaudete\\\/\",\"https:\\\/\\\/www.youtube.com\\\/channel\\\/UC6VztHaooNsGpw-tNoBEFnQ\"]},{\"@type\":\"Person\",\"@id\":\"https:\\\/\\\/www.caudete.org\\\/ayuntamiento\\\/#\\\/schema\\\/person\\\/cc646da9133078ee4d8dd47457947253\",\"name\":\"alcalde\",\"image\":{\"@type\":\"ImageObject\",\"inLanguage\":\"es\",\"@id\":\"https:\\\/\\\/secure.gravatar.com\\\/avatar\\\/84a817ba065b29ff08d666b215a215f5c79186a645ccb25b14a663d48a130f77?s=96&d=mm&r=g\",\"url\":\"https:\\\/\\\/secure.gravatar.com\\\/avatar\\\/84a817ba065b29ff08d666b215a215f5c79186a645ccb25b14a663d48a130f77?s=96&d=mm&r=g\",\"contentUrl\":\"https:\\\/\\\/secure.gravatar.com\\\/avatar\\\/84a817ba065b29ff08d666b215a215f5c79186a645ccb25b14a663d48a130f77?s=96&d=mm&r=g\",\"caption\":\"alcalde\"},\"url\":\"https:\\\/\\\/www.caudete.org\\\/ayuntamiento\\\/author\\\/alcalde\\\/\"}]}<\/script>\n<!-- \/ Yoast SEO plugin. -->","yoast_head_json":{"title":"El Ministerio de Hacienda da luz verde a los Presupuestos Municipales - MI Ayuntamiento de Caudete","description":"P\u00e1gina Oficial del Ayuntamiento de Caudete (Albacete)","robots":{"index":"index","follow":"follow","max-snippet":"max-snippet:-1","max-image-preview":"max-image-preview:large","max-video-preview":"max-video-preview:-1"},"canonical":"https:\/\/www.caudete.org\/ayuntamiento\/el-ministerio-da-luz-verde-a-los-presupuestos-municipales\/","og_locale":"es_ES","og_type":"article","og_title":"El Ministerio de Hacienda da luz verde a los Presupuestos Municipales - MI Ayuntamiento de Caudete","og_description":"P\u00e1gina Oficial del Ayuntamiento de Caudete (Albacete)","og_url":"https:\/\/www.caudete.org\/ayuntamiento\/el-ministerio-da-luz-verde-a-los-presupuestos-municipales\/","og_site_name":"MI Ayuntamiento de Caudete","article_publisher":"https:\/\/www.facebook.com\/ayuntamientocaudete\/","article_published_time":"2021-03-03T13:33:55+00:00","og_image":[{"width":666,"height":318,"url":"https:\/\/www.caudete.org\/ayuntamiento\/wp-content\/uploads\/2021\/03\/WhatsApp-Image-2021-03-03-at-00.02.58__.jpeg","type":"image\/jpeg"}],"author":"alcalde","twitter_card":"summary_large_image","twitter_misc":{"Escrito por":"alcalde","Tiempo de lectura":"2 minutos"},"schema":{"@context":"https:\/\/schema.org","@graph":[{"@type":"Article","@id":"https:\/\/www.caudete.org\/ayuntamiento\/el-ministerio-da-luz-verde-a-los-presupuestos-municipales\/#article","isPartOf":{"@id":"https:\/\/www.caudete.org\/ayuntamiento\/el-ministerio-da-luz-verde-a-los-presupuestos-municipales\/"},"author":{"name":"alcalde","@id":"https:\/\/www.caudete.org\/ayuntamiento\/#\/schema\/person\/cc646da9133078ee4d8dd47457947253"},"headline":"El Ministerio de Hacienda da luz verde a los Presupuestos Municipales","datePublished":"2021-03-03T13:33:55+00:00","mainEntityOfPage":{"@id":"https:\/\/www.caudete.org\/ayuntamiento\/el-ministerio-da-luz-verde-a-los-presupuestos-municipales\/"},"wordCount":405,"publisher":{"@id":"https:\/\/www.caudete.org\/ayuntamiento\/#organization"},"image":{"@id":"https:\/\/www.caudete.org\/ayuntamiento\/el-ministerio-da-luz-verde-a-los-presupuestos-municipales\/#primaryimage"},"thumbnailUrl":"https:\/\/www.caudete.org\/ayuntamiento\/wp-content\/uploads\/2021\/03\/WhatsApp-Image-2021-03-03-at-00.02.58__.jpeg","keywords":["presupuesto 2021"],"articleSection":["Econom\u00eda"],"inLanguage":"es"},{"@type":"WebPage","@id":"https:\/\/www.caudete.org\/ayuntamiento\/el-ministerio-da-luz-verde-a-los-presupuestos-municipales\/","url":"https:\/\/www.caudete.org\/ayuntamiento\/el-ministerio-da-luz-verde-a-los-presupuestos-municipales\/","name":"El Ministerio de Hacienda da luz verde a los Presupuestos Municipales - MI Ayuntamiento de Caudete","isPartOf":{"@id":"https:\/\/www.caudete.org\/ayuntamiento\/#website"},"primaryImageOfPage":{"@id":"https:\/\/www.caudete.org\/ayuntamiento\/el-ministerio-da-luz-verde-a-los-presupuestos-municipales\/#primaryimage"},"image":{"@id":"https:\/\/www.caudete.org\/ayuntamiento\/el-ministerio-da-luz-verde-a-los-presupuestos-municipales\/#primaryimage"},"thumbnailUrl":"https:\/\/www.caudete.org\/ayuntamiento\/wp-content\/uploads\/2021\/03\/WhatsApp-Image-2021-03-03-at-00.02.58__.jpeg","datePublished":"2021-03-03T13:33:55+00:00","description":"P\u00e1gina Oficial del Ayuntamiento de Caudete (Albacete)","breadcrumb":{"@id":"https:\/\/www.caudete.org\/ayuntamiento\/el-ministerio-da-luz-verde-a-los-presupuestos-municipales\/#breadcrumb"},"inLanguage":"es","potentialAction":[{"@type":"ReadAction","target":["https:\/\/www.caudete.org\/ayuntamiento\/el-ministerio-da-luz-verde-a-los-presupuestos-municipales\/"]}]},{"@type":"ImageObject","inLanguage":"es","@id":"https:\/\/www.caudete.org\/ayuntamiento\/el-ministerio-da-luz-verde-a-los-presupuestos-municipales\/#primaryimage","url":"https:\/\/www.caudete.org\/ayuntamiento\/wp-content\/uploads\/2021\/03\/WhatsApp-Image-2021-03-03-at-00.02.58__.jpeg","contentUrl":"https:\/\/www.caudete.org\/ayuntamiento\/wp-content\/uploads\/2021\/03\/WhatsApp-Image-2021-03-03-at-00.02.58__.jpeg","width":666,"height":318},{"@type":"BreadcrumbList","@id":"https:\/\/www.caudete.org\/ayuntamiento\/el-ministerio-da-luz-verde-a-los-presupuestos-municipales\/#breadcrumb","itemListElement":[{"@type":"ListItem","position":1,"name":"Inicio","item":"https:\/\/www.caudete.org\/ayuntamiento\/"},{"@type":"ListItem","position":2,"name":"El Ministerio de Hacienda da luz verde a los Presupuestos Municipales"}]},{"@type":"WebSite","@id":"https:\/\/www.caudete.org\/ayuntamiento\/#website","url":"https:\/\/www.caudete.org\/ayuntamiento\/","name":"MI Ayuntamiento de Caudete","description":"P\u00e1gina Oficial del MI Ayuntamiento de Caudete","publisher":{"@id":"https:\/\/www.caudete.org\/ayuntamiento\/#organization"},"potentialAction":[{"@type":"SearchAction","target":{"@type":"EntryPoint","urlTemplate":"https:\/\/www.caudete.org\/ayuntamiento\/?s={search_term_string}"},"query-input":{"@type":"PropertyValueSpecification","valueRequired":true,"valueName":"search_term_string"}}],"inLanguage":"es"},{"@type":"Organization","@id":"https:\/\/www.caudete.org\/ayuntamiento\/#organization","name":"Ayuntamiento de Caudete","url":"https:\/\/www.caudete.org\/ayuntamiento\/","logo":{"@type":"ImageObject","inLanguage":"es","@id":"https:\/\/www.caudete.org\/ayuntamiento\/#\/schema\/logo\/image\/","url":"https:\/\/www.caudete.org\/ayuntamiento\/wp-content\/uploads\/2020\/11\/logo_ayuntamiento_caudete.jpg","contentUrl":"https:\/\/www.caudete.org\/ayuntamiento\/wp-content\/uploads\/2020\/11\/logo_ayuntamiento_caudete.jpg","width":600,"height":150,"caption":"Ayuntamiento de Caudete"},"image":{"@id":"https:\/\/www.caudete.org\/ayuntamiento\/#\/schema\/logo\/image\/"},"sameAs":["https:\/\/www.facebook.com\/ayuntamientocaudete\/","https:\/\/www.youtube.com\/channel\/UC6VztHaooNsGpw-tNoBEFnQ"]},{"@type":"Person","@id":"https:\/\/www.caudete.org\/ayuntamiento\/#\/schema\/person\/cc646da9133078ee4d8dd47457947253","name":"alcalde","image":{"@type":"ImageObject","inLanguage":"es","@id":"https:\/\/secure.gravatar.com\/avatar\/84a817ba065b29ff08d666b215a215f5c79186a645ccb25b14a663d48a130f77?s=96&d=mm&r=g","url":"https:\/\/secure.gravatar.com\/avatar\/84a817ba065b29ff08d666b215a215f5c79186a645ccb25b14a663d48a130f77?s=96&d=mm&r=g","contentUrl":"https:\/\/secure.gravatar.com\/avatar\/84a817ba065b29ff08d666b215a215f5c79186a645ccb25b14a663d48a130f77?s=96&d=mm&r=g","caption":"alcalde"},"url":"https:\/\/www.caudete.org\/ayuntamiento\/author\/alcalde\/"}]}},"_links":{"self":[{"href":"https:\/\/www.caudete.org\/ayuntamiento\/wp-json\/wp\/v2\/posts\/12679","targetHints":{"allow":["GET"]}}],"collection":[{"href":"https:\/\/www.caudete.org\/ayuntamiento\/wp-json\/wp\/v2\/posts"}],"about":[{"href":"https:\/\/www.caudete.org\/ayuntamiento\/wp-json\/wp\/v2\/types\/post"}],"author":[{"embeddable":true,"href":"https:\/\/www.caudete.org\/ayuntamiento\/wp-json\/wp\/v2\/users\/3"}],"replies":[{"embeddable":true,"href":"https:\/\/www.caudete.org\/ayuntamiento\/wp-json\/wp\/v2\/comments?post=12679"}],"version-history":[{"count":4,"href":"https:\/\/www.caudete.org\/ayuntamiento\/wp-json\/wp\/v2\/posts\/12679\/revisions"}],"predecessor-version":[{"id":12691,"href":"https:\/\/www.caudete.org\/ayuntamiento\/wp-json\/wp\/v2\/posts\/12679\/revisions\/12691"}],"wp:featuredmedia":[{"embeddable":true,"href":"https:\/\/www.caudete.org\/ayuntamiento\/wp-json\/wp\/v2\/media\/12680"}],"wp:attachment":[{"href":"https:\/\/www.caudete.org\/ayuntamiento\/wp-json\/wp\/v2\/media?parent=12679"}],"wp:term":[{"taxonomy":"category","embeddable":true,"href":"https:\/\/www.caudete.org\/ayuntamiento\/wp-json\/wp\/v2\/categories?post=12679"},{"taxonomy":"post_tag","embeddable":true,"href":"https:\/\/www.caudete.org\/ayuntamiento\/wp-json\/wp\/v2\/tags?post=12679"}],"curies":[{"name":"wp","href":"https:\/\/api.w.org\/{rel}","templated":true}]}}