{"id":12694,"date":"2021-03-03T14:43:39","date_gmt":"2021-03-03T13:43:39","guid":{"rendered":"https:\/\/www.caudete.org\/ayuntamiento\/?p=12694"},"modified":"2021-03-03T14:46:16","modified_gmt":"2021-03-03T13:46:16","slug":"exposicion-mirando-hacia-otro-lado-de-ma-jose-martinez-martinez","status":"publish","type":"post","link":"https:\/\/www.caudete.org\/ayuntamiento\/exposicion-mirando-hacia-otro-lado-de-ma-jose-martinez-martinez\/","title":{"rendered":"Exposici\u00f3n \u201cMirando hacia otro lado\u201d de M\u00aa Jos\u00e9 Mart\u00ednez Mart\u00ednez"},"content":{"rendered":"<p>La Concejal\u00eda de Cultura del M. I. Ayuntamiento de Caudete, sum\u00e1ndose a la conmemoraci\u00f3n del D\u00eda Internacional de la Mujer,\u00a0 inaugura el pr\u00f3ximo viernes 5 de marzo la exposici\u00f3n \u201cMirando hacia otro lado\u201d de M\u00aa Jos\u00e9 \u00a0Mart\u00ednez Mart\u00ednez, artista pl\u00e1stica caudetana.<\/p>\n<p>Durante todo el mes de marzo m\u00e1s de cuarenta obras, acuarelas y acr\u00edlicos, estar\u00e1n colgadas en la Sala de exposiciones Jos\u00e9 P\u00e9rezgil de la Casa de Cultura de Caudete.<\/p>\n<p>M\u00aa Jos\u00e9, acuarelista local se inici\u00f3 en el mundo del arte en los cursos de acuarela de la Universidad Popular de Caudete y continu\u00f3 form\u00e1ndose y experimentando con los pinceles llegando a ser profesora de pintura\u00a0 para ni\u00f1os en las AMPAS de Caudete y tambi\u00e9n en el CEAM de Villena del 2010 al 2013. Adem\u00e1s, fue la primera presidenta del Taller de Arte Villa de Caudete y en la actualidad contin\u00faa impartiendo clases de dibujo y pintura para todas las edades.<\/p>\n<p>Ha realizado una gran cantidad de exposiciones individuales\u00a0 y colectivas\u00a0 colgando en numerosas salas: Villena, Hell\u00edn, Albacete, Cuenca, Madrid, etc. Tambi\u00e9n ha formado parte de exposiciones itinerantes que han recorrido toda Castilla la Mancha (Mujeres Artistas de Castilla La Mancha) y en su curr\u00edculum destacan premios como Mejor artista local II Certamen Nacional de Acuarela Villa de Caudete 2001, 2\u00ba Premio en el VII certamen Mujeres Artistas de Castilla la Mancha 2002, 5\u00ba premio en el 50 Certamen Nacional Acuarelas Temas de Madrid de la Agrupaci\u00f3n Espa\u00f1ola de Acuarelistas en 2005, 1\u00ba premio Certamen de Pintura Comarcal \u201cMonte ib\u00e9rico- Corredor de Almansa 2007.<\/p>\n<p>La muestra se podr\u00e1 visitar hasta el viernes 26 de marzo en el horario habitual de la Sala de lunes a viernes de 18:00 a 21:00 horas.<\/p>\n<p style=\"text-align: center;\"><strong>Cartel de la Exposici\u00f3n<\/strong><\/p>\n<p><a href=\"https:\/\/www.caudete.org\/ayuntamiento\/wp-content\/uploads\/2021\/03\/CARTEL_001.jpg\" rel='prettyPhoto'><img fetchpriority=\"high\" decoding=\"async\" class=\"aligncenter wp-image-12692 size-medium\" src=\"https:\/\/www.caudete.org\/ayuntamiento\/wp-content\/uploads\/2021\/03\/CARTEL_001-212x300.jpg\" alt=\"\" width=\"212\" height=\"300\" srcset=\"https:\/\/www.caudete.org\/ayuntamiento\/wp-content\/uploads\/2021\/03\/CARTEL_001-212x300.jpg 212w, https:\/\/www.caudete.org\/ayuntamiento\/wp-content\/uploads\/2021\/03\/CARTEL_001-724x1024.jpg 724w, https:\/\/www.caudete.org\/ayuntamiento\/wp-content\/uploads\/2021\/03\/CARTEL_001-768x1087.jpg 768w, https:\/\/www.caudete.org\/ayuntamiento\/wp-content\/uploads\/2021\/03\/CARTEL_001-1085x1536.jpg 1085w, https:\/\/www.caudete.org\/ayuntamiento\/wp-content\/uploads\/2021\/03\/CARTEL_001.jpg 1190w\" sizes=\"(max-width: 212px) 100vw, 212px\" \/><\/a><\/p>\n","protected":false},"excerpt":{"rendered":"<p>La Concejal\u00eda de Cultura del M. I. Ayuntamiento de Caudete, sum\u00e1ndose a la conmemoraci\u00f3n del D\u00eda Internacional de la Mujer,\u00a0 inaugura el pr\u00f3ximo viernes 5 de marzo la exposici\u00f3n \u201cMirando hacia otro lado\u201d de M\u00aa Jos\u00e9 \u00a0Mart\u00ednez Mart\u00ednez, artista pl\u00e1stica caudetana. Durante todo el mes de marzo m\u00e1s de cuarenta obras, acuarelas y acr\u00edlicos, estar\u00e1n &hellip;<\/p>\n","protected":false},"author":2,"featured_media":12698,"comment_status":"closed","ping_status":"open","sticky":false,"template":"","format":"standard","meta":{"ngg_post_thumbnail":0,"footnotes":""},"categories":[14],"tags":[515,516,517],"class_list":["post-12694","post","type-post","status-publish","format-standard","has-post-thumbnail","hentry","category-cultura","tag-exposicion-acuarela","tag-ma-jose-martinez-martinez","tag-sala-exposiciones-jose-perezgil"],"yoast_head":"<!-- This site is optimized with the Yoast SEO plugin v27.5 - https:\/\/yoast.com\/product\/yoast-seo-wordpress\/ -->\n<title>Exposici\u00f3n \u201cMirando hacia otro lado\u201d de M\u00aa Jos\u00e9 Mart\u00ednez Mart\u00ednez - MI Ayuntamiento de Caudete<\/title>\n<meta name=\"description\" content=\"P\u00e1gina Oficial del Ayuntamiento de Caudete (Albacete)\" \/>\n<meta name=\"robots\" content=\"index, follow, max-snippet:-1, max-image-preview:large, max-video-preview:-1\" \/>\n<link rel=\"canonical\" href=\"https:\/\/www.caudete.org\/ayuntamiento\/exposicion-mirando-hacia-otro-lado-de-ma-jose-martinez-martinez\/\" \/>\n<meta property=\"og:locale\" content=\"es_ES\" \/>\n<meta property=\"og:type\" content=\"article\" \/>\n<meta property=\"og:title\" content=\"Exposici\u00f3n \u201cMirando hacia otro lado\u201d de M\u00aa Jos\u00e9 Mart\u00ednez Mart\u00ednez - MI Ayuntamiento de Caudete\" \/>\n<meta property=\"og:description\" content=\"P\u00e1gina Oficial del Ayuntamiento de Caudete (Albacete)\" \/>\n<meta property=\"og:url\" content=\"https:\/\/www.caudete.org\/ayuntamiento\/exposicion-mirando-hacia-otro-lado-de-ma-jose-martinez-martinez\/\" \/>\n<meta property=\"og:site_name\" content=\"MI Ayuntamiento de Caudete\" \/>\n<meta property=\"article:publisher\" content=\"https:\/\/www.facebook.com\/ayuntamientocaudete\/\" \/>\n<meta property=\"article:published_time\" content=\"2021-03-03T13:43:39+00:00\" \/>\n<meta property=\"article:modified_time\" content=\"2021-03-03T13:46:16+00:00\" \/>\n<meta property=\"og:image\" content=\"https:\/\/www.caudete.org\/ayuntamiento\/wp-content\/uploads\/2021\/03\/CARTEL-HORIZONTAL1.jpg\" \/>\n\t<meta property=\"og:image:width\" content=\"1920\" \/>\n\t<meta property=\"og:image:height\" content=\"958\" \/>\n\t<meta property=\"og:image:type\" content=\"image\/jpeg\" \/>\n<meta name=\"author\" content=\"Juan\" \/>\n<meta name=\"twitter:card\" content=\"summary_large_image\" \/>\n<meta name=\"twitter:label1\" content=\"Escrito por\" \/>\n\t<meta name=\"twitter:data1\" content=\"Juan\" \/>\n\t<meta name=\"twitter:label2\" content=\"Tiempo de lectura\" \/>\n\t<meta name=\"twitter:data2\" content=\"2 minutos\" \/>\n<script type=\"application\/ld+json\" class=\"yoast-schema-graph\">{\"@context\":\"https:\\\/\\\/schema.org\",\"@graph\":[{\"@type\":\"Article\",\"@id\":\"https:\\\/\\\/www.caudete.org\\\/ayuntamiento\\\/exposicion-mirando-hacia-otro-lado-de-ma-jose-martinez-martinez\\\/#article\",\"isPartOf\":{\"@id\":\"https:\\\/\\\/www.caudete.org\\\/ayuntamiento\\\/exposicion-mirando-hacia-otro-lado-de-ma-jose-martinez-martinez\\\/\"},\"author\":{\"name\":\"Juan\",\"@id\":\"https:\\\/\\\/www.caudete.org\\\/ayuntamiento\\\/#\\\/schema\\\/person\\\/7656a5bb58fca95b9814e940de0fda63\"},\"headline\":\"Exposici\u00f3n \u201cMirando hacia otro lado\u201d de M\u00aa Jos\u00e9 Mart\u00ednez Mart\u00ednez\",\"datePublished\":\"2021-03-03T13:43:39+00:00\",\"dateModified\":\"2021-03-03T13:46:16+00:00\",\"mainEntityOfPage\":{\"@id\":\"https:\\\/\\\/www.caudete.org\\\/ayuntamiento\\\/exposicion-mirando-hacia-otro-lado-de-ma-jose-martinez-martinez\\\/\"},\"wordCount\":309,\"publisher\":{\"@id\":\"https:\\\/\\\/www.caudete.org\\\/ayuntamiento\\\/#organization\"},\"image\":{\"@id\":\"https:\\\/\\\/www.caudete.org\\\/ayuntamiento\\\/exposicion-mirando-hacia-otro-lado-de-ma-jose-martinez-martinez\\\/#primaryimage\"},\"thumbnailUrl\":\"https:\\\/\\\/www.caudete.org\\\/ayuntamiento\\\/wp-content\\\/uploads\\\/2021\\\/03\\\/CARTEL-HORIZONTAL1.jpg\",\"keywords\":[\"Exposici\u00f3n Acuarela\",\"M\u00aa Jos\u00e9 Mart\u00ednez Mart\u00ednez\",\"Sala Exposiciones \\\"Jos\u00e9 Perezgil\\\"\"],\"articleSection\":[\"Cultura\"],\"inLanguage\":\"es\"},{\"@type\":\"WebPage\",\"@id\":\"https:\\\/\\\/www.caudete.org\\\/ayuntamiento\\\/exposicion-mirando-hacia-otro-lado-de-ma-jose-martinez-martinez\\\/\",\"url\":\"https:\\\/\\\/www.caudete.org\\\/ayuntamiento\\\/exposicion-mirando-hacia-otro-lado-de-ma-jose-martinez-martinez\\\/\",\"name\":\"Exposici\u00f3n \u201cMirando hacia otro lado\u201d de M\u00aa Jos\u00e9 Mart\u00ednez Mart\u00ednez - MI Ayuntamiento de Caudete\",\"isPartOf\":{\"@id\":\"https:\\\/\\\/www.caudete.org\\\/ayuntamiento\\\/#website\"},\"primaryImageOfPage\":{\"@id\":\"https:\\\/\\\/www.caudete.org\\\/ayuntamiento\\\/exposicion-mirando-hacia-otro-lado-de-ma-jose-martinez-martinez\\\/#primaryimage\"},\"image\":{\"@id\":\"https:\\\/\\\/www.caudete.org\\\/ayuntamiento\\\/exposicion-mirando-hacia-otro-lado-de-ma-jose-martinez-martinez\\\/#primaryimage\"},\"thumbnailUrl\":\"https:\\\/\\\/www.caudete.org\\\/ayuntamiento\\\/wp-content\\\/uploads\\\/2021\\\/03\\\/CARTEL-HORIZONTAL1.jpg\",\"datePublished\":\"2021-03-03T13:43:39+00:00\",\"dateModified\":\"2021-03-03T13:46:16+00:00\",\"description\":\"P\u00e1gina Oficial del Ayuntamiento de Caudete (Albacete)\",\"breadcrumb\":{\"@id\":\"https:\\\/\\\/www.caudete.org\\\/ayuntamiento\\\/exposicion-mirando-hacia-otro-lado-de-ma-jose-martinez-martinez\\\/#breadcrumb\"},\"inLanguage\":\"es\",\"potentialAction\":[{\"@type\":\"ReadAction\",\"target\":[\"https:\\\/\\\/www.caudete.org\\\/ayuntamiento\\\/exposicion-mirando-hacia-otro-lado-de-ma-jose-martinez-martinez\\\/\"]}]},{\"@type\":\"ImageObject\",\"inLanguage\":\"es\",\"@id\":\"https:\\\/\\\/www.caudete.org\\\/ayuntamiento\\\/exposicion-mirando-hacia-otro-lado-de-ma-jose-martinez-martinez\\\/#primaryimage\",\"url\":\"https:\\\/\\\/www.caudete.org\\\/ayuntamiento\\\/wp-content\\\/uploads\\\/2021\\\/03\\\/CARTEL-HORIZONTAL1.jpg\",\"contentUrl\":\"https:\\\/\\\/www.caudete.org\\\/ayuntamiento\\\/wp-content\\\/uploads\\\/2021\\\/03\\\/CARTEL-HORIZONTAL1.jpg\",\"width\":1920,\"height\":958},{\"@type\":\"BreadcrumbList\",\"@id\":\"https:\\\/\\\/www.caudete.org\\\/ayuntamiento\\\/exposicion-mirando-hacia-otro-lado-de-ma-jose-martinez-martinez\\\/#breadcrumb\",\"itemListElement\":[{\"@type\":\"ListItem\",\"position\":1,\"name\":\"Inicio\",\"item\":\"https:\\\/\\\/www.caudete.org\\\/ayuntamiento\\\/\"},{\"@type\":\"ListItem\",\"position\":2,\"name\":\"Exposici\u00f3n \u201cMirando hacia otro lado\u201d de M\u00aa Jos\u00e9 Mart\u00ednez Mart\u00ednez\"}]},{\"@type\":\"WebSite\",\"@id\":\"https:\\\/\\\/www.caudete.org\\\/ayuntamiento\\\/#website\",\"url\":\"https:\\\/\\\/www.caudete.org\\\/ayuntamiento\\\/\",\"name\":\"MI Ayuntamiento de Caudete\",\"description\":\"P\u00e1gina Oficial del MI Ayuntamiento de Caudete\",\"publisher\":{\"@id\":\"https:\\\/\\\/www.caudete.org\\\/ayuntamiento\\\/#organization\"},\"potentialAction\":[{\"@type\":\"SearchAction\",\"target\":{\"@type\":\"EntryPoint\",\"urlTemplate\":\"https:\\\/\\\/www.caudete.org\\\/ayuntamiento\\\/?s={search_term_string}\"},\"query-input\":{\"@type\":\"PropertyValueSpecification\",\"valueRequired\":true,\"valueName\":\"search_term_string\"}}],\"inLanguage\":\"es\"},{\"@type\":\"Organization\",\"@id\":\"https:\\\/\\\/www.caudete.org\\\/ayuntamiento\\\/#organization\",\"name\":\"Ayuntamiento de Caudete\",\"url\":\"https:\\\/\\\/www.caudete.org\\\/ayuntamiento\\\/\",\"logo\":{\"@type\":\"ImageObject\",\"inLanguage\":\"es\",\"@id\":\"https:\\\/\\\/www.caudete.org\\\/ayuntamiento\\\/#\\\/schema\\\/logo\\\/image\\\/\",\"url\":\"https:\\\/\\\/www.caudete.org\\\/ayuntamiento\\\/wp-content\\\/uploads\\\/2020\\\/11\\\/logo_ayuntamiento_caudete.jpg\",\"contentUrl\":\"https:\\\/\\\/www.caudete.org\\\/ayuntamiento\\\/wp-content\\\/uploads\\\/2020\\\/11\\\/logo_ayuntamiento_caudete.jpg\",\"width\":600,\"height\":150,\"caption\":\"Ayuntamiento de Caudete\"},\"image\":{\"@id\":\"https:\\\/\\\/www.caudete.org\\\/ayuntamiento\\\/#\\\/schema\\\/logo\\\/image\\\/\"},\"sameAs\":[\"https:\\\/\\\/www.facebook.com\\\/ayuntamientocaudete\\\/\",\"https:\\\/\\\/www.youtube.com\\\/channel\\\/UC6VztHaooNsGpw-tNoBEFnQ\"]},{\"@type\":\"Person\",\"@id\":\"https:\\\/\\\/www.caudete.org\\\/ayuntamiento\\\/#\\\/schema\\\/person\\\/7656a5bb58fca95b9814e940de0fda63\",\"name\":\"Juan\",\"image\":{\"@type\":\"ImageObject\",\"inLanguage\":\"es\",\"@id\":\"https:\\\/\\\/secure.gravatar.com\\\/avatar\\\/dd53e51c0cd6ab23f52d4f3e4f1c59730240727763de3dbbf26750b079a2c292?s=96&d=mm&r=g\",\"url\":\"https:\\\/\\\/secure.gravatar.com\\\/avatar\\\/dd53e51c0cd6ab23f52d4f3e4f1c59730240727763de3dbbf26750b079a2c292?s=96&d=mm&r=g\",\"contentUrl\":\"https:\\\/\\\/secure.gravatar.com\\\/avatar\\\/dd53e51c0cd6ab23f52d4f3e4f1c59730240727763de3dbbf26750b079a2c292?s=96&d=mm&r=g\",\"caption\":\"Juan\"},\"url\":\"https:\\\/\\\/www.caudete.org\\\/ayuntamiento\\\/author\\\/centrodeinternet\\\/\"}]}<\/script>\n<!-- \/ Yoast SEO plugin. -->","yoast_head_json":{"title":"Exposici\u00f3n \u201cMirando hacia otro lado\u201d de M\u00aa Jos\u00e9 Mart\u00ednez Mart\u00ednez - MI Ayuntamiento de Caudete","description":"P\u00e1gina Oficial del Ayuntamiento de Caudete (Albacete)","robots":{"index":"index","follow":"follow","max-snippet":"max-snippet:-1","max-image-preview":"max-image-preview:large","max-video-preview":"max-video-preview:-1"},"canonical":"https:\/\/www.caudete.org\/ayuntamiento\/exposicion-mirando-hacia-otro-lado-de-ma-jose-martinez-martinez\/","og_locale":"es_ES","og_type":"article","og_title":"Exposici\u00f3n \u201cMirando hacia otro lado\u201d de M\u00aa Jos\u00e9 Mart\u00ednez Mart\u00ednez - MI Ayuntamiento de Caudete","og_description":"P\u00e1gina Oficial del Ayuntamiento de Caudete (Albacete)","og_url":"https:\/\/www.caudete.org\/ayuntamiento\/exposicion-mirando-hacia-otro-lado-de-ma-jose-martinez-martinez\/","og_site_name":"MI Ayuntamiento de Caudete","article_publisher":"https:\/\/www.facebook.com\/ayuntamientocaudete\/","article_published_time":"2021-03-03T13:43:39+00:00","article_modified_time":"2021-03-03T13:46:16+00:00","og_image":[{"width":1920,"height":958,"url":"https:\/\/www.caudete.org\/ayuntamiento\/wp-content\/uploads\/2021\/03\/CARTEL-HORIZONTAL1.jpg","type":"image\/jpeg"}],"author":"Juan","twitter_card":"summary_large_image","twitter_misc":{"Escrito por":"Juan","Tiempo de lectura":"2 minutos"},"schema":{"@context":"https:\/\/schema.org","@graph":[{"@type":"Article","@id":"https:\/\/www.caudete.org\/ayuntamiento\/exposicion-mirando-hacia-otro-lado-de-ma-jose-martinez-martinez\/#article","isPartOf":{"@id":"https:\/\/www.caudete.org\/ayuntamiento\/exposicion-mirando-hacia-otro-lado-de-ma-jose-martinez-martinez\/"},"author":{"name":"Juan","@id":"https:\/\/www.caudete.org\/ayuntamiento\/#\/schema\/person\/7656a5bb58fca95b9814e940de0fda63"},"headline":"Exposici\u00f3n \u201cMirando hacia otro lado\u201d de M\u00aa Jos\u00e9 Mart\u00ednez Mart\u00ednez","datePublished":"2021-03-03T13:43:39+00:00","dateModified":"2021-03-03T13:46:16+00:00","mainEntityOfPage":{"@id":"https:\/\/www.caudete.org\/ayuntamiento\/exposicion-mirando-hacia-otro-lado-de-ma-jose-martinez-martinez\/"},"wordCount":309,"publisher":{"@id":"https:\/\/www.caudete.org\/ayuntamiento\/#organization"},"image":{"@id":"https:\/\/www.caudete.org\/ayuntamiento\/exposicion-mirando-hacia-otro-lado-de-ma-jose-martinez-martinez\/#primaryimage"},"thumbnailUrl":"https:\/\/www.caudete.org\/ayuntamiento\/wp-content\/uploads\/2021\/03\/CARTEL-HORIZONTAL1.jpg","keywords":["Exposici\u00f3n Acuarela","M\u00aa Jos\u00e9 Mart\u00ednez Mart\u00ednez","Sala Exposiciones \"Jos\u00e9 Perezgil\""],"articleSection":["Cultura"],"inLanguage":"es"},{"@type":"WebPage","@id":"https:\/\/www.caudete.org\/ayuntamiento\/exposicion-mirando-hacia-otro-lado-de-ma-jose-martinez-martinez\/","url":"https:\/\/www.caudete.org\/ayuntamiento\/exposicion-mirando-hacia-otro-lado-de-ma-jose-martinez-martinez\/","name":"Exposici\u00f3n \u201cMirando hacia otro lado\u201d de M\u00aa Jos\u00e9 Mart\u00ednez Mart\u00ednez - MI Ayuntamiento de Caudete","isPartOf":{"@id":"https:\/\/www.caudete.org\/ayuntamiento\/#website"},"primaryImageOfPage":{"@id":"https:\/\/www.caudete.org\/ayuntamiento\/exposicion-mirando-hacia-otro-lado-de-ma-jose-martinez-martinez\/#primaryimage"},"image":{"@id":"https:\/\/www.caudete.org\/ayuntamiento\/exposicion-mirando-hacia-otro-lado-de-ma-jose-martinez-martinez\/#primaryimage"},"thumbnailUrl":"https:\/\/www.caudete.org\/ayuntamiento\/wp-content\/uploads\/2021\/03\/CARTEL-HORIZONTAL1.jpg","datePublished":"2021-03-03T13:43:39+00:00","dateModified":"2021-03-03T13:46:16+00:00","description":"P\u00e1gina Oficial del Ayuntamiento de Caudete (Albacete)","breadcrumb":{"@id":"https:\/\/www.caudete.org\/ayuntamiento\/exposicion-mirando-hacia-otro-lado-de-ma-jose-martinez-martinez\/#breadcrumb"},"inLanguage":"es","potentialAction":[{"@type":"ReadAction","target":["https:\/\/www.caudete.org\/ayuntamiento\/exposicion-mirando-hacia-otro-lado-de-ma-jose-martinez-martinez\/"]}]},{"@type":"ImageObject","inLanguage":"es","@id":"https:\/\/www.caudete.org\/ayuntamiento\/exposicion-mirando-hacia-otro-lado-de-ma-jose-martinez-martinez\/#primaryimage","url":"https:\/\/www.caudete.org\/ayuntamiento\/wp-content\/uploads\/2021\/03\/CARTEL-HORIZONTAL1.jpg","contentUrl":"https:\/\/www.caudete.org\/ayuntamiento\/wp-content\/uploads\/2021\/03\/CARTEL-HORIZONTAL1.jpg","width":1920,"height":958},{"@type":"BreadcrumbList","@id":"https:\/\/www.caudete.org\/ayuntamiento\/exposicion-mirando-hacia-otro-lado-de-ma-jose-martinez-martinez\/#breadcrumb","itemListElement":[{"@type":"ListItem","position":1,"name":"Inicio","item":"https:\/\/www.caudete.org\/ayuntamiento\/"},{"@type":"ListItem","position":2,"name":"Exposici\u00f3n \u201cMirando hacia otro lado\u201d de M\u00aa Jos\u00e9 Mart\u00ednez Mart\u00ednez"}]},{"@type":"WebSite","@id":"https:\/\/www.caudete.org\/ayuntamiento\/#website","url":"https:\/\/www.caudete.org\/ayuntamiento\/","name":"MI Ayuntamiento de Caudete","description":"P\u00e1gina Oficial del MI Ayuntamiento de Caudete","publisher":{"@id":"https:\/\/www.caudete.org\/ayuntamiento\/#organization"},"potentialAction":[{"@type":"SearchAction","target":{"@type":"EntryPoint","urlTemplate":"https:\/\/www.caudete.org\/ayuntamiento\/?s={search_term_string}"},"query-input":{"@type":"PropertyValueSpecification","valueRequired":true,"valueName":"search_term_string"}}],"inLanguage":"es"},{"@type":"Organization","@id":"https:\/\/www.caudete.org\/ayuntamiento\/#organization","name":"Ayuntamiento de Caudete","url":"https:\/\/www.caudete.org\/ayuntamiento\/","logo":{"@type":"ImageObject","inLanguage":"es","@id":"https:\/\/www.caudete.org\/ayuntamiento\/#\/schema\/logo\/image\/","url":"https:\/\/www.caudete.org\/ayuntamiento\/wp-content\/uploads\/2020\/11\/logo_ayuntamiento_caudete.jpg","contentUrl":"https:\/\/www.caudete.org\/ayuntamiento\/wp-content\/uploads\/2020\/11\/logo_ayuntamiento_caudete.jpg","width":600,"height":150,"caption":"Ayuntamiento de Caudete"},"image":{"@id":"https:\/\/www.caudete.org\/ayuntamiento\/#\/schema\/logo\/image\/"},"sameAs":["https:\/\/www.facebook.com\/ayuntamientocaudete\/","https:\/\/www.youtube.com\/channel\/UC6VztHaooNsGpw-tNoBEFnQ"]},{"@type":"Person","@id":"https:\/\/www.caudete.org\/ayuntamiento\/#\/schema\/person\/7656a5bb58fca95b9814e940de0fda63","name":"Juan","image":{"@type":"ImageObject","inLanguage":"es","@id":"https:\/\/secure.gravatar.com\/avatar\/dd53e51c0cd6ab23f52d4f3e4f1c59730240727763de3dbbf26750b079a2c292?s=96&d=mm&r=g","url":"https:\/\/secure.gravatar.com\/avatar\/dd53e51c0cd6ab23f52d4f3e4f1c59730240727763de3dbbf26750b079a2c292?s=96&d=mm&r=g","contentUrl":"https:\/\/secure.gravatar.com\/avatar\/dd53e51c0cd6ab23f52d4f3e4f1c59730240727763de3dbbf26750b079a2c292?s=96&d=mm&r=g","caption":"Juan"},"url":"https:\/\/www.caudete.org\/ayuntamiento\/author\/centrodeinternet\/"}]}},"_links":{"self":[{"href":"https:\/\/www.caudete.org\/ayuntamiento\/wp-json\/wp\/v2\/posts\/12694","targetHints":{"allow":["GET"]}}],"collection":[{"href":"https:\/\/www.caudete.org\/ayuntamiento\/wp-json\/wp\/v2\/posts"}],"about":[{"href":"https:\/\/www.caudete.org\/ayuntamiento\/wp-json\/wp\/v2\/types\/post"}],"author":[{"embeddable":true,"href":"https:\/\/www.caudete.org\/ayuntamiento\/wp-json\/wp\/v2\/users\/2"}],"replies":[{"embeddable":true,"href":"https:\/\/www.caudete.org\/ayuntamiento\/wp-json\/wp\/v2\/comments?post=12694"}],"version-history":[{"count":3,"href":"https:\/\/www.caudete.org\/ayuntamiento\/wp-json\/wp\/v2\/posts\/12694\/revisions"}],"predecessor-version":[{"id":12700,"href":"https:\/\/www.caudete.org\/ayuntamiento\/wp-json\/wp\/v2\/posts\/12694\/revisions\/12700"}],"wp:featuredmedia":[{"embeddable":true,"href":"https:\/\/www.caudete.org\/ayuntamiento\/wp-json\/wp\/v2\/media\/12698"}],"wp:attachment":[{"href":"https:\/\/www.caudete.org\/ayuntamiento\/wp-json\/wp\/v2\/media?parent=12694"}],"wp:term":[{"taxonomy":"category","embeddable":true,"href":"https:\/\/www.caudete.org\/ayuntamiento\/wp-json\/wp\/v2\/categories?post=12694"},{"taxonomy":"post_tag","embeddable":true,"href":"https:\/\/www.caudete.org\/ayuntamiento\/wp-json\/wp\/v2\/tags?post=12694"}],"curies":[{"name":"wp","href":"https:\/\/api.w.org\/{rel}","templated":true}]}}