{"id":12804,"date":"2021-03-05T12:54:18","date_gmt":"2021-03-05T11:54:18","guid":{"rendered":"https:\/\/www.caudete.org\/ayuntamiento\/?p=12804"},"modified":"2021-03-05T12:55:49","modified_gmt":"2021-03-05T11:55:49","slug":"la-biblioteca-de-caudete-celebra-el-dia-de-la-mujer-bajo-el-lema-capaces-de-todo","status":"publish","type":"post","link":"https:\/\/www.caudete.org\/ayuntamiento\/la-biblioteca-de-caudete-celebra-el-dia-de-la-mujer-bajo-el-lema-capaces-de-todo\/","title":{"rendered":"La Biblioteca de Caudete celebra el D\u00eda de la Mujer bajo el lema &#8220;Capaces de todo&#8221;."},"content":{"rendered":"<p>Desde la Biblioteca\u00a0 P\u00fablica Municipal Ana Mar\u00eda Matute hemos preparado\u00a0 una serie de actividades para conmemorar el D\u00eda de la Mujer, bajo el lema &#8220;Capaces de todo&#8221;<\/p>\n<p>Este domingo 7 de marzo,\u00a0 emitiremos por nuestra redes sociales una sesi\u00f3n especial de La Hora del cuento desde casa, con un\u00a0 cuento y canciones para celebrar el D\u00eda de la Mujer. Contaremos con la participaci\u00f3n de Tere S\u00e1nchez\u00a0 (miembro del club de lectura Olvidado Rey Gud\u00fa de la Biblioteca) y Del amor y otros demonios. Ser\u00e1 el domingo 7 de marzo a las 19:30 horas por nuestras redes sociales<strong> (<a href=\"https:\/\/www.facebook.com\/caudetebiblio\" target=\"_blank\" rel=\"nofollow\">Facebook<\/a>\u00a0 y <a href=\"https:\/\/www.youtube.com\/channel\/UC6VztHaooNsGpw-tNoBEFnQ\" target=\"_blank\" rel=\"nofollow\">Youtube<\/a>)<\/strong><\/p>\n<p>En colaboraci\u00f3n con la Asociaci\u00f3n de Bibliotecarias y Bibliotecarios de la provincia de Albacete (ABIBA), hemo realizado la actividad CAPACES DE TODO, con\u00a0 la que dar visibilidad a mujeres de ayer y de hoy, con distintos tipos de discapacidad, y que han encontrado en la literatura, la pintura, la m\u00fasica, las ciencias, su espacio de crecimiento personal.\u00a0 Para ello, hemos realizado una serie de v\u00eddeos, donde el personal de la Biblioteca, y miembros del Club de lectura de teatro \u201c27 de marzo\u201d visibilizan a mujeres con discapacidad, que forman parte de la historia y de la actualidad para sensibilizar sobre la igualdad de g\u00e9nero y la plena inclusi\u00f3n. Estos videos se podr\u00e1n visualizar por nuestras redes sociales (Instagram, Facebook y Youtube de la Biblioteca)\u00a0 con el hastag #capaces de todo.\u00a0 Los v\u00eddeos se pueden visualizar en la siguiente lista <a href=\"https:\/\/youtube.com\/playlist?list=PL7he1e8gt5Qek9sIsgNf2jwOx9bm8BM7e\" target=\"_blank\" rel=\"nofollow\"><strong>YOUTUBE CAPACES DE TODO .<\/strong><br \/>\n<\/a><\/p>\n<p>Acompa\u00f1ando a esta actividad, hemos realizado una GU\u00cdA DE LECTURA con libros donde aparecen estas mujeres capaces de todo, para dar a conocer sus historias a nuestros lectores de la Biblioteca, que se puede consultar en nuestra p\u00e1gina de Issu <strong>(<a href=\"https:\/\/issuu.com\/caudetebiblioteca\" target=\"_blank\" rel=\"nofollow\">https:\/\/issuu.com\/caudetebiblioteca<\/a>)<\/strong><\/p>\n<p>Hemos realizado desde la Biblioteca, dos videos en Tik Tok, para participar\u00a0 en el Concurso de V\u00eddeos\u00a0 de la\u00a0 Diputaci\u00f3n de Albacete, un concurso de cortos\u00a0 &#8220;Rodando por la igualdad&#8221;,\u00a0 y que se pueden visualizar por nuestro canal de <strong><a href=\"https:\/\/vm.tiktok.com\/ZMeM8bP92\/\" target=\"_blank\" rel=\"nofollow\">Tik Tok de la Biblioteca<\/a><\/strong><\/p>\n<p>Siguiendo con la iniciativa, la estanter\u00eda violeta de la Consejer\u00eda de Educaci\u00f3n, Cultura y Deportes, en\u00a0 esta semana recib\u00edamos 11 t\u00edtulos nuevos para la\u00a0 &#8220;Estanter\u00eda Violeta Juvenil&#8221;. Se trata de\u00a0 proyecto para concienciar a los j\u00f3venes en material de igualdad de g\u00e9nero y que est\u00e1 disponible en la Biblioteca para su consulta y pr\u00e9stamo.<\/p>\n<p>A estos t\u00edtulos se sumar\u00e1 1 ejemplar de sobre la autora Concepci\u00f3n Arenal, para nuestro fondo de la <strong>ESTANTERIA VIOLETA<\/strong>, que por parte dela Asociaci\u00f3n\u00a0 Feminista Miradas Violetas de Caudete, nos\u00a0 entregar\u00e1n.<\/p>\n<p>Por \u00faltimo este martes\u00a0 9\u00a0 de marzo, dentro de la actividad que organizamos junto con Casa de Cultura, Pinceladas de Poes\u00eda,\u00a0 emitiremos\u00a0 un poema\u00a0 de Carmen Conde, primera mujer en ingresar en la Real Academia Espa\u00f1ola<\/p>\n<p>Todas estas actividades se ir\u00e1n difundiendo a trav\u00e9s de todas nuestras redes sociales\u00a0 (Instagram, Facebook y Youtube de la Biblioteca)\u00a0 a lo largo de estos d\u00edas y durante la semana del 8 de marzo\u00a0 con el hastag #capacesdetodo\u00a0 y #diadelamujer y algunas de estas actividades se podr\u00e1n seguir por Caudete Televisi\u00f3n.<\/p>\n<p>&nbsp;<\/p>\n","protected":false},"excerpt":{"rendered":"<p>Desde la Biblioteca\u00a0 P\u00fablica Municipal Ana Mar\u00eda Matute hemos preparado\u00a0 una serie de actividades para conmemorar el D\u00eda de la Mujer, bajo el lema &#8220;Capaces de todo&#8221; Este domingo 7 de marzo,\u00a0 emitiremos por nuestra redes sociales una sesi\u00f3n especial de La Hora del cuento desde casa, con un\u00a0 cuento y canciones para celebrar el &hellip;<\/p>\n","protected":false},"author":2,"featured_media":12811,"comment_status":"closed","ping_status":"open","sticky":false,"template":"","format":"standard","meta":{"ngg_post_thumbnail":0,"footnotes":""},"categories":[14],"tags":[351,353,519,518],"class_list":["post-12804","post","type-post","status-publish","format-standard","has-post-thumbnail","hentry","category-cultura","tag-biblioteca","tag-biblioteca-ana-maria-matute","tag-capaces-de-todo","tag-dia-de-la-mujer"],"yoast_head":"<!-- This site is optimized with the Yoast SEO plugin v27.5 - https:\/\/yoast.com\/product\/yoast-seo-wordpress\/ -->\n<title>La Biblioteca de Caudete celebra el D\u00eda de la Mujer bajo el lema &quot;Capaces de todo&quot;. - MI Ayuntamiento de Caudete<\/title>\n<meta name=\"description\" content=\"P\u00e1gina Oficial del Ayuntamiento de Caudete (Albacete)\" \/>\n<meta name=\"robots\" content=\"index, follow, max-snippet:-1, max-image-preview:large, max-video-preview:-1\" \/>\n<link rel=\"canonical\" href=\"https:\/\/www.caudete.org\/ayuntamiento\/la-biblioteca-de-caudete-celebra-el-dia-de-la-mujer-bajo-el-lema-capaces-de-todo\/\" \/>\n<meta property=\"og:locale\" content=\"es_ES\" \/>\n<meta property=\"og:type\" content=\"article\" \/>\n<meta property=\"og:title\" content=\"La Biblioteca de Caudete celebra el D\u00eda de la Mujer bajo el lema &quot;Capaces de todo&quot;. - MI Ayuntamiento de Caudete\" \/>\n<meta property=\"og:description\" content=\"P\u00e1gina Oficial del Ayuntamiento de Caudete (Albacete)\" \/>\n<meta property=\"og:url\" content=\"https:\/\/www.caudete.org\/ayuntamiento\/la-biblioteca-de-caudete-celebra-el-dia-de-la-mujer-bajo-el-lema-capaces-de-todo\/\" \/>\n<meta property=\"og:site_name\" content=\"MI Ayuntamiento de Caudete\" \/>\n<meta property=\"article:publisher\" content=\"https:\/\/www.facebook.com\/ayuntamientocaudete\/\" \/>\n<meta property=\"article:published_time\" content=\"2021-03-05T11:54:18+00:00\" \/>\n<meta property=\"article:modified_time\" content=\"2021-03-05T11:55:49+00:00\" \/>\n<meta property=\"og:image\" content=\"https:\/\/www.caudete.org\/ayuntamiento\/wp-content\/uploads\/2021\/03\/Cartel-Hora-Cuento-Marzo-2021-para-Prensa-2.png\" \/>\n\t<meta property=\"og:image:width\" content=\"1920\" \/>\n\t<meta property=\"og:image:height\" content=\"1080\" \/>\n\t<meta property=\"og:image:type\" content=\"image\/png\" \/>\n<meta name=\"author\" content=\"Juan\" \/>\n<meta name=\"twitter:card\" content=\"summary_large_image\" \/>\n<meta name=\"twitter:label1\" content=\"Escrito por\" \/>\n\t<meta name=\"twitter:data1\" content=\"Juan\" \/>\n\t<meta name=\"twitter:label2\" content=\"Tiempo de lectura\" \/>\n\t<meta name=\"twitter:data2\" content=\"3 minutos\" \/>\n<script type=\"application\/ld+json\" class=\"yoast-schema-graph\">{\"@context\":\"https:\\\/\\\/schema.org\",\"@graph\":[{\"@type\":\"Article\",\"@id\":\"https:\\\/\\\/www.caudete.org\\\/ayuntamiento\\\/la-biblioteca-de-caudete-celebra-el-dia-de-la-mujer-bajo-el-lema-capaces-de-todo\\\/#article\",\"isPartOf\":{\"@id\":\"https:\\\/\\\/www.caudete.org\\\/ayuntamiento\\\/la-biblioteca-de-caudete-celebra-el-dia-de-la-mujer-bajo-el-lema-capaces-de-todo\\\/\"},\"author\":{\"name\":\"Juan\",\"@id\":\"https:\\\/\\\/www.caudete.org\\\/ayuntamiento\\\/#\\\/schema\\\/person\\\/7656a5bb58fca95b9814e940de0fda63\"},\"headline\":\"La Biblioteca de Caudete celebra el D\u00eda de la Mujer bajo el lema &#8220;Capaces de todo&#8221;.\",\"datePublished\":\"2021-03-05T11:54:18+00:00\",\"dateModified\":\"2021-03-05T11:55:49+00:00\",\"mainEntityOfPage\":{\"@id\":\"https:\\\/\\\/www.caudete.org\\\/ayuntamiento\\\/la-biblioteca-de-caudete-celebra-el-dia-de-la-mujer-bajo-el-lema-capaces-de-todo\\\/\"},\"wordCount\":554,\"publisher\":{\"@id\":\"https:\\\/\\\/www.caudete.org\\\/ayuntamiento\\\/#organization\"},\"image\":{\"@id\":\"https:\\\/\\\/www.caudete.org\\\/ayuntamiento\\\/la-biblioteca-de-caudete-celebra-el-dia-de-la-mujer-bajo-el-lema-capaces-de-todo\\\/#primaryimage\"},\"thumbnailUrl\":\"https:\\\/\\\/www.caudete.org\\\/ayuntamiento\\\/wp-content\\\/uploads\\\/2021\\\/03\\\/Cartel-Hora-Cuento-Marzo-2021-para-Prensa-2.png\",\"keywords\":[\"Biblioteca\",\"Biblioteca \\\"Ana Mar\u00eda Matute\\\"\",\"Capaces de todo\",\"Dia de la Mujer\"],\"articleSection\":[\"Cultura\"],\"inLanguage\":\"es\"},{\"@type\":\"WebPage\",\"@id\":\"https:\\\/\\\/www.caudete.org\\\/ayuntamiento\\\/la-biblioteca-de-caudete-celebra-el-dia-de-la-mujer-bajo-el-lema-capaces-de-todo\\\/\",\"url\":\"https:\\\/\\\/www.caudete.org\\\/ayuntamiento\\\/la-biblioteca-de-caudete-celebra-el-dia-de-la-mujer-bajo-el-lema-capaces-de-todo\\\/\",\"name\":\"La Biblioteca de Caudete celebra el D\u00eda de la Mujer bajo el lema \\\"Capaces de todo\\\". - MI Ayuntamiento de Caudete\",\"isPartOf\":{\"@id\":\"https:\\\/\\\/www.caudete.org\\\/ayuntamiento\\\/#website\"},\"primaryImageOfPage\":{\"@id\":\"https:\\\/\\\/www.caudete.org\\\/ayuntamiento\\\/la-biblioteca-de-caudete-celebra-el-dia-de-la-mujer-bajo-el-lema-capaces-de-todo\\\/#primaryimage\"},\"image\":{\"@id\":\"https:\\\/\\\/www.caudete.org\\\/ayuntamiento\\\/la-biblioteca-de-caudete-celebra-el-dia-de-la-mujer-bajo-el-lema-capaces-de-todo\\\/#primaryimage\"},\"thumbnailUrl\":\"https:\\\/\\\/www.caudete.org\\\/ayuntamiento\\\/wp-content\\\/uploads\\\/2021\\\/03\\\/Cartel-Hora-Cuento-Marzo-2021-para-Prensa-2.png\",\"datePublished\":\"2021-03-05T11:54:18+00:00\",\"dateModified\":\"2021-03-05T11:55:49+00:00\",\"description\":\"P\u00e1gina Oficial del Ayuntamiento de Caudete (Albacete)\",\"breadcrumb\":{\"@id\":\"https:\\\/\\\/www.caudete.org\\\/ayuntamiento\\\/la-biblioteca-de-caudete-celebra-el-dia-de-la-mujer-bajo-el-lema-capaces-de-todo\\\/#breadcrumb\"},\"inLanguage\":\"es\",\"potentialAction\":[{\"@type\":\"ReadAction\",\"target\":[\"https:\\\/\\\/www.caudete.org\\\/ayuntamiento\\\/la-biblioteca-de-caudete-celebra-el-dia-de-la-mujer-bajo-el-lema-capaces-de-todo\\\/\"]}]},{\"@type\":\"ImageObject\",\"inLanguage\":\"es\",\"@id\":\"https:\\\/\\\/www.caudete.org\\\/ayuntamiento\\\/la-biblioteca-de-caudete-celebra-el-dia-de-la-mujer-bajo-el-lema-capaces-de-todo\\\/#primaryimage\",\"url\":\"https:\\\/\\\/www.caudete.org\\\/ayuntamiento\\\/wp-content\\\/uploads\\\/2021\\\/03\\\/Cartel-Hora-Cuento-Marzo-2021-para-Prensa-2.png\",\"contentUrl\":\"https:\\\/\\\/www.caudete.org\\\/ayuntamiento\\\/wp-content\\\/uploads\\\/2021\\\/03\\\/Cartel-Hora-Cuento-Marzo-2021-para-Prensa-2.png\",\"width\":1920,\"height\":1080},{\"@type\":\"BreadcrumbList\",\"@id\":\"https:\\\/\\\/www.caudete.org\\\/ayuntamiento\\\/la-biblioteca-de-caudete-celebra-el-dia-de-la-mujer-bajo-el-lema-capaces-de-todo\\\/#breadcrumb\",\"itemListElement\":[{\"@type\":\"ListItem\",\"position\":1,\"name\":\"Inicio\",\"item\":\"https:\\\/\\\/www.caudete.org\\\/ayuntamiento\\\/\"},{\"@type\":\"ListItem\",\"position\":2,\"name\":\"La Biblioteca de Caudete celebra el D\u00eda de la Mujer bajo el lema &#8220;Capaces de todo&#8221;.\"}]},{\"@type\":\"WebSite\",\"@id\":\"https:\\\/\\\/www.caudete.org\\\/ayuntamiento\\\/#website\",\"url\":\"https:\\\/\\\/www.caudete.org\\\/ayuntamiento\\\/\",\"name\":\"MI Ayuntamiento de Caudete\",\"description\":\"P\u00e1gina Oficial del MI Ayuntamiento de Caudete\",\"publisher\":{\"@id\":\"https:\\\/\\\/www.caudete.org\\\/ayuntamiento\\\/#organization\"},\"potentialAction\":[{\"@type\":\"SearchAction\",\"target\":{\"@type\":\"EntryPoint\",\"urlTemplate\":\"https:\\\/\\\/www.caudete.org\\\/ayuntamiento\\\/?s={search_term_string}\"},\"query-input\":{\"@type\":\"PropertyValueSpecification\",\"valueRequired\":true,\"valueName\":\"search_term_string\"}}],\"inLanguage\":\"es\"},{\"@type\":\"Organization\",\"@id\":\"https:\\\/\\\/www.caudete.org\\\/ayuntamiento\\\/#organization\",\"name\":\"Ayuntamiento de Caudete\",\"url\":\"https:\\\/\\\/www.caudete.org\\\/ayuntamiento\\\/\",\"logo\":{\"@type\":\"ImageObject\",\"inLanguage\":\"es\",\"@id\":\"https:\\\/\\\/www.caudete.org\\\/ayuntamiento\\\/#\\\/schema\\\/logo\\\/image\\\/\",\"url\":\"https:\\\/\\\/www.caudete.org\\\/ayuntamiento\\\/wp-content\\\/uploads\\\/2020\\\/11\\\/logo_ayuntamiento_caudete.jpg\",\"contentUrl\":\"https:\\\/\\\/www.caudete.org\\\/ayuntamiento\\\/wp-content\\\/uploads\\\/2020\\\/11\\\/logo_ayuntamiento_caudete.jpg\",\"width\":600,\"height\":150,\"caption\":\"Ayuntamiento de Caudete\"},\"image\":{\"@id\":\"https:\\\/\\\/www.caudete.org\\\/ayuntamiento\\\/#\\\/schema\\\/logo\\\/image\\\/\"},\"sameAs\":[\"https:\\\/\\\/www.facebook.com\\\/ayuntamientocaudete\\\/\",\"https:\\\/\\\/www.youtube.com\\\/channel\\\/UC6VztHaooNsGpw-tNoBEFnQ\"]},{\"@type\":\"Person\",\"@id\":\"https:\\\/\\\/www.caudete.org\\\/ayuntamiento\\\/#\\\/schema\\\/person\\\/7656a5bb58fca95b9814e940de0fda63\",\"name\":\"Juan\",\"image\":{\"@type\":\"ImageObject\",\"inLanguage\":\"es\",\"@id\":\"https:\\\/\\\/secure.gravatar.com\\\/avatar\\\/dd53e51c0cd6ab23f52d4f3e4f1c59730240727763de3dbbf26750b079a2c292?s=96&d=mm&r=g\",\"url\":\"https:\\\/\\\/secure.gravatar.com\\\/avatar\\\/dd53e51c0cd6ab23f52d4f3e4f1c59730240727763de3dbbf26750b079a2c292?s=96&d=mm&r=g\",\"contentUrl\":\"https:\\\/\\\/secure.gravatar.com\\\/avatar\\\/dd53e51c0cd6ab23f52d4f3e4f1c59730240727763de3dbbf26750b079a2c292?s=96&d=mm&r=g\",\"caption\":\"Juan\"},\"url\":\"https:\\\/\\\/www.caudete.org\\\/ayuntamiento\\\/author\\\/centrodeinternet\\\/\"}]}<\/script>\n<!-- \/ Yoast SEO plugin. -->","yoast_head_json":{"title":"La Biblioteca de Caudete celebra el D\u00eda de la Mujer bajo el lema \"Capaces de todo\". - MI Ayuntamiento de Caudete","description":"P\u00e1gina Oficial del Ayuntamiento de Caudete (Albacete)","robots":{"index":"index","follow":"follow","max-snippet":"max-snippet:-1","max-image-preview":"max-image-preview:large","max-video-preview":"max-video-preview:-1"},"canonical":"https:\/\/www.caudete.org\/ayuntamiento\/la-biblioteca-de-caudete-celebra-el-dia-de-la-mujer-bajo-el-lema-capaces-de-todo\/","og_locale":"es_ES","og_type":"article","og_title":"La Biblioteca de Caudete celebra el D\u00eda de la Mujer bajo el lema \"Capaces de todo\". - MI Ayuntamiento de Caudete","og_description":"P\u00e1gina Oficial del Ayuntamiento de Caudete (Albacete)","og_url":"https:\/\/www.caudete.org\/ayuntamiento\/la-biblioteca-de-caudete-celebra-el-dia-de-la-mujer-bajo-el-lema-capaces-de-todo\/","og_site_name":"MI Ayuntamiento de Caudete","article_publisher":"https:\/\/www.facebook.com\/ayuntamientocaudete\/","article_published_time":"2021-03-05T11:54:18+00:00","article_modified_time":"2021-03-05T11:55:49+00:00","og_image":[{"width":1920,"height":1080,"url":"https:\/\/www.caudete.org\/ayuntamiento\/wp-content\/uploads\/2021\/03\/Cartel-Hora-Cuento-Marzo-2021-para-Prensa-2.png","type":"image\/png"}],"author":"Juan","twitter_card":"summary_large_image","twitter_misc":{"Escrito por":"Juan","Tiempo de lectura":"3 minutos"},"schema":{"@context":"https:\/\/schema.org","@graph":[{"@type":"Article","@id":"https:\/\/www.caudete.org\/ayuntamiento\/la-biblioteca-de-caudete-celebra-el-dia-de-la-mujer-bajo-el-lema-capaces-de-todo\/#article","isPartOf":{"@id":"https:\/\/www.caudete.org\/ayuntamiento\/la-biblioteca-de-caudete-celebra-el-dia-de-la-mujer-bajo-el-lema-capaces-de-todo\/"},"author":{"name":"Juan","@id":"https:\/\/www.caudete.org\/ayuntamiento\/#\/schema\/person\/7656a5bb58fca95b9814e940de0fda63"},"headline":"La Biblioteca de Caudete celebra el D\u00eda de la Mujer bajo el lema &#8220;Capaces de todo&#8221;.","datePublished":"2021-03-05T11:54:18+00:00","dateModified":"2021-03-05T11:55:49+00:00","mainEntityOfPage":{"@id":"https:\/\/www.caudete.org\/ayuntamiento\/la-biblioteca-de-caudete-celebra-el-dia-de-la-mujer-bajo-el-lema-capaces-de-todo\/"},"wordCount":554,"publisher":{"@id":"https:\/\/www.caudete.org\/ayuntamiento\/#organization"},"image":{"@id":"https:\/\/www.caudete.org\/ayuntamiento\/la-biblioteca-de-caudete-celebra-el-dia-de-la-mujer-bajo-el-lema-capaces-de-todo\/#primaryimage"},"thumbnailUrl":"https:\/\/www.caudete.org\/ayuntamiento\/wp-content\/uploads\/2021\/03\/Cartel-Hora-Cuento-Marzo-2021-para-Prensa-2.png","keywords":["Biblioteca","Biblioteca \"Ana Mar\u00eda Matute\"","Capaces de todo","Dia de la Mujer"],"articleSection":["Cultura"],"inLanguage":"es"},{"@type":"WebPage","@id":"https:\/\/www.caudete.org\/ayuntamiento\/la-biblioteca-de-caudete-celebra-el-dia-de-la-mujer-bajo-el-lema-capaces-de-todo\/","url":"https:\/\/www.caudete.org\/ayuntamiento\/la-biblioteca-de-caudete-celebra-el-dia-de-la-mujer-bajo-el-lema-capaces-de-todo\/","name":"La Biblioteca de Caudete celebra el D\u00eda de la Mujer bajo el lema \"Capaces de todo\". - MI Ayuntamiento de Caudete","isPartOf":{"@id":"https:\/\/www.caudete.org\/ayuntamiento\/#website"},"primaryImageOfPage":{"@id":"https:\/\/www.caudete.org\/ayuntamiento\/la-biblioteca-de-caudete-celebra-el-dia-de-la-mujer-bajo-el-lema-capaces-de-todo\/#primaryimage"},"image":{"@id":"https:\/\/www.caudete.org\/ayuntamiento\/la-biblioteca-de-caudete-celebra-el-dia-de-la-mujer-bajo-el-lema-capaces-de-todo\/#primaryimage"},"thumbnailUrl":"https:\/\/www.caudete.org\/ayuntamiento\/wp-content\/uploads\/2021\/03\/Cartel-Hora-Cuento-Marzo-2021-para-Prensa-2.png","datePublished":"2021-03-05T11:54:18+00:00","dateModified":"2021-03-05T11:55:49+00:00","description":"P\u00e1gina Oficial del Ayuntamiento de Caudete (Albacete)","breadcrumb":{"@id":"https:\/\/www.caudete.org\/ayuntamiento\/la-biblioteca-de-caudete-celebra-el-dia-de-la-mujer-bajo-el-lema-capaces-de-todo\/#breadcrumb"},"inLanguage":"es","potentialAction":[{"@type":"ReadAction","target":["https:\/\/www.caudete.org\/ayuntamiento\/la-biblioteca-de-caudete-celebra-el-dia-de-la-mujer-bajo-el-lema-capaces-de-todo\/"]}]},{"@type":"ImageObject","inLanguage":"es","@id":"https:\/\/www.caudete.org\/ayuntamiento\/la-biblioteca-de-caudete-celebra-el-dia-de-la-mujer-bajo-el-lema-capaces-de-todo\/#primaryimage","url":"https:\/\/www.caudete.org\/ayuntamiento\/wp-content\/uploads\/2021\/03\/Cartel-Hora-Cuento-Marzo-2021-para-Prensa-2.png","contentUrl":"https:\/\/www.caudete.org\/ayuntamiento\/wp-content\/uploads\/2021\/03\/Cartel-Hora-Cuento-Marzo-2021-para-Prensa-2.png","width":1920,"height":1080},{"@type":"BreadcrumbList","@id":"https:\/\/www.caudete.org\/ayuntamiento\/la-biblioteca-de-caudete-celebra-el-dia-de-la-mujer-bajo-el-lema-capaces-de-todo\/#breadcrumb","itemListElement":[{"@type":"ListItem","position":1,"name":"Inicio","item":"https:\/\/www.caudete.org\/ayuntamiento\/"},{"@type":"ListItem","position":2,"name":"La Biblioteca de Caudete celebra el D\u00eda de la Mujer bajo el lema &#8220;Capaces de todo&#8221;."}]},{"@type":"WebSite","@id":"https:\/\/www.caudete.org\/ayuntamiento\/#website","url":"https:\/\/www.caudete.org\/ayuntamiento\/","name":"MI Ayuntamiento de Caudete","description":"P\u00e1gina Oficial del MI Ayuntamiento de Caudete","publisher":{"@id":"https:\/\/www.caudete.org\/ayuntamiento\/#organization"},"potentialAction":[{"@type":"SearchAction","target":{"@type":"EntryPoint","urlTemplate":"https:\/\/www.caudete.org\/ayuntamiento\/?s={search_term_string}"},"query-input":{"@type":"PropertyValueSpecification","valueRequired":true,"valueName":"search_term_string"}}],"inLanguage":"es"},{"@type":"Organization","@id":"https:\/\/www.caudete.org\/ayuntamiento\/#organization","name":"Ayuntamiento de Caudete","url":"https:\/\/www.caudete.org\/ayuntamiento\/","logo":{"@type":"ImageObject","inLanguage":"es","@id":"https:\/\/www.caudete.org\/ayuntamiento\/#\/schema\/logo\/image\/","url":"https:\/\/www.caudete.org\/ayuntamiento\/wp-content\/uploads\/2020\/11\/logo_ayuntamiento_caudete.jpg","contentUrl":"https:\/\/www.caudete.org\/ayuntamiento\/wp-content\/uploads\/2020\/11\/logo_ayuntamiento_caudete.jpg","width":600,"height":150,"caption":"Ayuntamiento de Caudete"},"image":{"@id":"https:\/\/www.caudete.org\/ayuntamiento\/#\/schema\/logo\/image\/"},"sameAs":["https:\/\/www.facebook.com\/ayuntamientocaudete\/","https:\/\/www.youtube.com\/channel\/UC6VztHaooNsGpw-tNoBEFnQ"]},{"@type":"Person","@id":"https:\/\/www.caudete.org\/ayuntamiento\/#\/schema\/person\/7656a5bb58fca95b9814e940de0fda63","name":"Juan","image":{"@type":"ImageObject","inLanguage":"es","@id":"https:\/\/secure.gravatar.com\/avatar\/dd53e51c0cd6ab23f52d4f3e4f1c59730240727763de3dbbf26750b079a2c292?s=96&d=mm&r=g","url":"https:\/\/secure.gravatar.com\/avatar\/dd53e51c0cd6ab23f52d4f3e4f1c59730240727763de3dbbf26750b079a2c292?s=96&d=mm&r=g","contentUrl":"https:\/\/secure.gravatar.com\/avatar\/dd53e51c0cd6ab23f52d4f3e4f1c59730240727763de3dbbf26750b079a2c292?s=96&d=mm&r=g","caption":"Juan"},"url":"https:\/\/www.caudete.org\/ayuntamiento\/author\/centrodeinternet\/"}]}},"_links":{"self":[{"href":"https:\/\/www.caudete.org\/ayuntamiento\/wp-json\/wp\/v2\/posts\/12804","targetHints":{"allow":["GET"]}}],"collection":[{"href":"https:\/\/www.caudete.org\/ayuntamiento\/wp-json\/wp\/v2\/posts"}],"about":[{"href":"https:\/\/www.caudete.org\/ayuntamiento\/wp-json\/wp\/v2\/types\/post"}],"author":[{"embeddable":true,"href":"https:\/\/www.caudete.org\/ayuntamiento\/wp-json\/wp\/v2\/users\/2"}],"replies":[{"embeddable":true,"href":"https:\/\/www.caudete.org\/ayuntamiento\/wp-json\/wp\/v2\/comments?post=12804"}],"version-history":[{"count":2,"href":"https:\/\/www.caudete.org\/ayuntamiento\/wp-json\/wp\/v2\/posts\/12804\/revisions"}],"predecessor-version":[{"id":12812,"href":"https:\/\/www.caudete.org\/ayuntamiento\/wp-json\/wp\/v2\/posts\/12804\/revisions\/12812"}],"wp:featuredmedia":[{"embeddable":true,"href":"https:\/\/www.caudete.org\/ayuntamiento\/wp-json\/wp\/v2\/media\/12811"}],"wp:attachment":[{"href":"https:\/\/www.caudete.org\/ayuntamiento\/wp-json\/wp\/v2\/media?parent=12804"}],"wp:term":[{"taxonomy":"category","embeddable":true,"href":"https:\/\/www.caudete.org\/ayuntamiento\/wp-json\/wp\/v2\/categories?post=12804"},{"taxonomy":"post_tag","embeddable":true,"href":"https:\/\/www.caudete.org\/ayuntamiento\/wp-json\/wp\/v2\/tags?post=12804"}],"curies":[{"name":"wp","href":"https:\/\/api.w.org\/{rel}","templated":true}]}}