{"id":12835,"date":"2021-03-06T08:08:16","date_gmt":"2021-03-06T07:08:16","guid":{"rendered":"https:\/\/www.caudete.org\/ayuntamiento\/?p=12835"},"modified":"2021-03-06T08:11:10","modified_gmt":"2021-03-06T07:11:10","slug":"convocado-pleno-extraordinario-el-9-de-marzo-de-2021-a-las-1200-horas","status":"publish","type":"post","link":"https:\/\/www.caudete.org\/ayuntamiento\/convocado-pleno-extraordinario-el-9-de-marzo-de-2021-a-las-1200-horas\/","title":{"rendered":"Convocado Pleno Extraordinario el 9 de marzo de 2021 a las 12:00 horas"},"content":{"rendered":"<p>D. MOIS\u00c9S L\u00d3PEZ MART\u00cdNEZ, Alcalde-Presidente del M.I. Ayuntamiento de Caudete (provincia de Albacete)<\/p>\n<p>Dado\u00a0 el\u00a0 inter\u00e9s\u00a0 general\u00a0 para\u00a0 el\u00a0 municipio\u00a0 de\u00a0 Caudete\u00a0 de\u00a0 tramitar\u00a0 a\u00a0 la\u00a0 mayor\u00a0 brevedad\u00a0 el Presupuesto General Municipal 2021, se considera prioritario no dilatar la tramitaci\u00f3n del\u00a0 mismo al tratarse de una herramienta de gesti\u00f3n b\u00e1sica para dar\u00a0 continuidad a los servicios y acometer necesidades e inversiones. Igualmente, se considera conveniente el\u00a0 incluir en el orden del\u00a0 d\u00eda de este Pleno la daci\u00f3n de cuentas de la Liquidaci\u00f3n del Presupuesto 2020, recientemente aprobada, dada la interrelaci\u00f3n existente entre ambos expedientes.<\/p>\n<p>En tercer lugar, se motiva la inclusi\u00f3n en el orden del d\u00eda del tratamiento del Proyecto de Actuaci\u00f3n Urban\u00edstica a iniciativa particular mediante la presentaci\u00f3n de alternativa t\u00e9cnica\u00a0 por la mercantil Caudete Parking, S.L.\u00a0 a efectos de la aprobaci\u00f3n si procede,\u00a0 de la continuaci\u00f3n del procedimiento mediante la elaboraci\u00f3n,\u00a0 por los servicios t\u00e9cnicos municipales de las Bases que han de regir la licitaci\u00f3n. La tramitaci\u00f3n es muy extensa y es muy conveniente para el municipio el tratar de agilizar los tr\u00e1mites en lo posible por los beneficios que aportar\u00e1 a Caudete.<\/p>\n<p>Por lo expuesto se estima necesario el tratamiento de dichos expedientes en una sesi\u00f3n plenaria de car\u00e1cter extraordinario, sin esperar a la pr\u00f3xima sesi\u00f3n ordinaria de este \u00f3rgano colegiado.<\/p>\n<p>En\u00a0 virtud\u00a0 de\u00a0 lo\u00a0 dispuesto\u00a0 en\u00a0 los\u00a0 art\u00edculos\u00a0 80\u00a0 y\u00a0 siguientes\u00a0 del\u00a0 Reglamento\u00a0 de\u00a0 Organizaci\u00f3n, Funcionamiento\u00a0 y\u00a0 R\u00e9gimen\u00a0 Jur\u00eddico\u00a0 de\u00a0 las\u00a0 Entidades\u00a0 Locales,\u00a0 aprobado\u00a0 por\u00a0 Real\u00a0 Decreto 2568\/1986,\u00a0 de 28 de noviembre,\u00a0 y en el\u00a0 art\u00edculo 47.2 del\u00a0 Texto Refundido de las disposiciones legales vigentes en materia de r\u00e9gimen local aprobado por Real Decreto Legislativo 781\/1986, de 18 de abril, esta Alcald\u00eda-Presidencia,<\/p>\n<p><strong>HA RESUELTO<\/strong><\/p>\n<p><strong>PRIMERO.<\/strong> Convocar al Pleno en Sesi\u00f3n extraordinaria, <strong>el\u00a0\u00a0 martes,\u00a0\u00a0 9\u00a0\u00a0 de marzo\u00a0\u00a0 de 2021,\u00a0\u00a0 a las \u00a012:00\u00a0\u00a0 horas \u00a0,<\/strong> en el Sal\u00f3n de Sesiones, sito en la Primera Planta del edificio de la Casa de la Cultura de Caudete, actuando como Secretaria, la Secretaria del Ayuntamiento, y con el siguiente<\/p>\n<p><strong>ORDEN DEL D\u00cdA<\/strong><\/p>\n<p>1\u00ba.- DACI\u00d3N DE CUENTA LIQUIDACI\u00d3N DEL PRESUPUESTO GENERAL DE 2020.<\/p>\n<p>2\u00ba.-\u00a0 APROBACI\u00d3N\u00a0 INICIAL\u00a0 DEL\u00a0 PRESUPUESTO\u00a0 MUNICIPAL\u00a0 Y\u00a0 DE\u00a0 LA\u00a0 PLANTILLA\u00a0 DE<\/p>\n<p>PERSONAL PARA EL EJERCICIO 2021.<\/p>\n<p>3\u00ba.-\u00a0 ESTIMACI\u00d3N\/\u00a0 DESESTIMACI\u00d3N DE LA PROPUESTA\u00a0 DE PROGRAMA DE ACTUACI\u00d3N URBANIZADORA\u00a0 (P.A.U.)\u00a0 SEG\u00daN\u00a0 ALTERNATIVA\u00a0 T\u00c9CNICA\u00a0 FORMULADA\u00a0 POR\u00a0 CAUDETE PARKING, SL Y, EN SU CASO, ESTABLECIMIENTO DE LAS BASES PARA LA FORMULACI\u00d3N DEL P.A.U.<\/p>\n<p><strong>SEGUNDO.<\/strong> Notificar esta Resoluci\u00f3n a los miembros del Ayuntamiento Pleno, as\u00ed como publicarlo en el Tabl\u00f3n de Anuncios municipal.<\/p>\n<p>A tenor de lo dispuesto en el Art\u00edculo 90.2 del vigente Reglamento de Organizaci\u00f3n, Funcionamiento y R\u00e9gimen Jur\u00eddico de las Corporaciones Locales, en caso de inasistencia del n\u00famero suficiente de miembros para celebrar\u00a0 la presente sesi\u00f3n,\u00a0 la misma se entender\u00e1 autom\u00e1ticamente convocada para la misma hora dos d\u00edas despu\u00e9s.<\/p>\n<p><a href=\"https:\/\/www.caudete.org\/ayuntamiento\/wp-content\/uploads\/2021\/03\/Resolucion_N_436_de_04032021_CONVOCATORIA_PLENO_EXTRAORDINARIO_09-03-2021_a_las_1200_h_-_SEGRA_44529.pdf\" class=\"mtli_attachment mtli_pdf\"><strong>Resoluci\u00f3n Convocatoria Pleno Extraordinario 09-03-2021<\/strong><\/a><\/p>\n","protected":false},"excerpt":{"rendered":"<p>D. MOIS\u00c9S L\u00d3PEZ MART\u00cdNEZ, Alcalde-Presidente del M.I. Ayuntamiento de Caudete (provincia de Albacete) Dado\u00a0 el\u00a0 inter\u00e9s\u00a0 general\u00a0 para\u00a0 el\u00a0 municipio\u00a0 de\u00a0 Caudete\u00a0 de\u00a0 tramitar\u00a0 a\u00a0 la\u00a0 mayor\u00a0 brevedad\u00a0 el Presupuesto General Municipal 2021, se considera prioritario no dilatar la tramitaci\u00f3n del\u00a0 mismo al tratarse de una herramienta de gesti\u00f3n b\u00e1sica para dar\u00a0 continuidad a los &hellip;<\/p>\n","protected":false},"author":2,"featured_media":12833,"comment_status":"closed","ping_status":"open","sticky":false,"template":"","format":"standard","meta":{"ngg_post_thumbnail":0,"footnotes":""},"categories":[20],"tags":[521,520],"class_list":["post-12835","post","type-post","status-publish","format-standard","has-post-thumbnail","hentry","category-ayuntamiento","tag-pleno","tag-pleno-extraordinario"],"yoast_head":"<!-- This site is optimized with the Yoast SEO plugin v27.5 - https:\/\/yoast.com\/product\/yoast-seo-wordpress\/ -->\n<title>Convocado Pleno Extraordinario el 9 de marzo de 2021 a las 12:00 horas - MI Ayuntamiento de Caudete<\/title>\n<meta name=\"description\" content=\"P\u00e1gina Oficial del Ayuntamiento de Caudete (Albacete)\" \/>\n<meta name=\"robots\" content=\"index, follow, max-snippet:-1, max-image-preview:large, max-video-preview:-1\" \/>\n<link rel=\"canonical\" href=\"https:\/\/www.caudete.org\/ayuntamiento\/convocado-pleno-extraordinario-el-9-de-marzo-de-2021-a-las-1200-horas\/\" \/>\n<meta property=\"og:locale\" content=\"es_ES\" \/>\n<meta property=\"og:type\" content=\"article\" \/>\n<meta property=\"og:title\" content=\"Convocado Pleno Extraordinario el 9 de marzo de 2021 a las 12:00 horas - MI Ayuntamiento de Caudete\" \/>\n<meta property=\"og:description\" content=\"P\u00e1gina Oficial del Ayuntamiento de Caudete (Albacete)\" \/>\n<meta property=\"og:url\" content=\"https:\/\/www.caudete.org\/ayuntamiento\/convocado-pleno-extraordinario-el-9-de-marzo-de-2021-a-las-1200-horas\/\" \/>\n<meta property=\"og:site_name\" content=\"MI Ayuntamiento de Caudete\" \/>\n<meta property=\"article:publisher\" content=\"https:\/\/www.facebook.com\/ayuntamientocaudete\/\" \/>\n<meta property=\"article:published_time\" content=\"2021-03-06T07:08:16+00:00\" \/>\n<meta property=\"article:modified_time\" content=\"2021-03-06T07:11:10+00:00\" \/>\n<meta property=\"og:image\" content=\"https:\/\/www.caudete.org\/ayuntamiento\/wp-content\/uploads\/2021\/03\/PLENO-EXTRAORDINARIO.jpg\" \/>\n\t<meta property=\"og:image:width\" content=\"1800\" \/>\n\t<meta property=\"og:image:height\" content=\"1012\" \/>\n\t<meta property=\"og:image:type\" content=\"image\/jpeg\" \/>\n<meta name=\"author\" content=\"Juan\" \/>\n<meta name=\"twitter:card\" content=\"summary_large_image\" \/>\n<meta name=\"twitter:label1\" content=\"Escrito por\" \/>\n\t<meta name=\"twitter:data1\" content=\"Juan\" \/>\n\t<meta name=\"twitter:label2\" content=\"Tiempo de lectura\" \/>\n\t<meta name=\"twitter:data2\" content=\"3 minutos\" \/>\n<script type=\"application\/ld+json\" class=\"yoast-schema-graph\">{\"@context\":\"https:\\\/\\\/schema.org\",\"@graph\":[{\"@type\":\"Article\",\"@id\":\"https:\\\/\\\/www.caudete.org\\\/ayuntamiento\\\/convocado-pleno-extraordinario-el-9-de-marzo-de-2021-a-las-1200-horas\\\/#article\",\"isPartOf\":{\"@id\":\"https:\\\/\\\/www.caudete.org\\\/ayuntamiento\\\/convocado-pleno-extraordinario-el-9-de-marzo-de-2021-a-las-1200-horas\\\/\"},\"author\":{\"name\":\"Juan\",\"@id\":\"https:\\\/\\\/www.caudete.org\\\/ayuntamiento\\\/#\\\/schema\\\/person\\\/7656a5bb58fca95b9814e940de0fda63\"},\"headline\":\"Convocado Pleno Extraordinario el 9 de marzo de 2021 a las 12:00 horas\",\"datePublished\":\"2021-03-06T07:08:16+00:00\",\"dateModified\":\"2021-03-06T07:11:10+00:00\",\"mainEntityOfPage\":{\"@id\":\"https:\\\/\\\/www.caudete.org\\\/ayuntamiento\\\/convocado-pleno-extraordinario-el-9-de-marzo-de-2021-a-las-1200-horas\\\/\"},\"wordCount\":524,\"image\":{\"@id\":\"https:\\\/\\\/www.caudete.org\\\/ayuntamiento\\\/convocado-pleno-extraordinario-el-9-de-marzo-de-2021-a-las-1200-horas\\\/#primaryimage\"},\"thumbnailUrl\":\"https:\\\/\\\/www.caudete.org\\\/ayuntamiento\\\/wp-content\\\/uploads\\\/2021\\\/03\\\/PLENO-EXTRAORDINARIO.jpg\",\"keywords\":[\"Pleno\",\"Pleno extraordinario\"],\"articleSection\":[\"Ayuntamiento\"],\"inLanguage\":\"es\"},{\"@type\":\"WebPage\",\"@id\":\"https:\\\/\\\/www.caudete.org\\\/ayuntamiento\\\/convocado-pleno-extraordinario-el-9-de-marzo-de-2021-a-las-1200-horas\\\/\",\"url\":\"https:\\\/\\\/www.caudete.org\\\/ayuntamiento\\\/convocado-pleno-extraordinario-el-9-de-marzo-de-2021-a-las-1200-horas\\\/\",\"name\":\"Convocado Pleno Extraordinario el 9 de marzo de 2021 a las 12:00 horas - MI Ayuntamiento de Caudete\",\"isPartOf\":{\"@id\":\"https:\\\/\\\/www.caudete.org\\\/ayuntamiento\\\/#website\"},\"primaryImageOfPage\":{\"@id\":\"https:\\\/\\\/www.caudete.org\\\/ayuntamiento\\\/convocado-pleno-extraordinario-el-9-de-marzo-de-2021-a-las-1200-horas\\\/#primaryimage\"},\"image\":{\"@id\":\"https:\\\/\\\/www.caudete.org\\\/ayuntamiento\\\/convocado-pleno-extraordinario-el-9-de-marzo-de-2021-a-las-1200-horas\\\/#primaryimage\"},\"thumbnailUrl\":\"https:\\\/\\\/www.caudete.org\\\/ayuntamiento\\\/wp-content\\\/uploads\\\/2021\\\/03\\\/PLENO-EXTRAORDINARIO.jpg\",\"datePublished\":\"2021-03-06T07:08:16+00:00\",\"dateModified\":\"2021-03-06T07:11:10+00:00\",\"author\":{\"@id\":\"https:\\\/\\\/www.caudete.org\\\/ayuntamiento\\\/#\\\/schema\\\/person\\\/7656a5bb58fca95b9814e940de0fda63\"},\"description\":\"P\u00e1gina Oficial del Ayuntamiento de Caudete (Albacete)\",\"breadcrumb\":{\"@id\":\"https:\\\/\\\/www.caudete.org\\\/ayuntamiento\\\/convocado-pleno-extraordinario-el-9-de-marzo-de-2021-a-las-1200-horas\\\/#breadcrumb\"},\"inLanguage\":\"es\",\"potentialAction\":[{\"@type\":\"ReadAction\",\"target\":[\"https:\\\/\\\/www.caudete.org\\\/ayuntamiento\\\/convocado-pleno-extraordinario-el-9-de-marzo-de-2021-a-las-1200-horas\\\/\"]}]},{\"@type\":\"ImageObject\",\"inLanguage\":\"es\",\"@id\":\"https:\\\/\\\/www.caudete.org\\\/ayuntamiento\\\/convocado-pleno-extraordinario-el-9-de-marzo-de-2021-a-las-1200-horas\\\/#primaryimage\",\"url\":\"https:\\\/\\\/www.caudete.org\\\/ayuntamiento\\\/wp-content\\\/uploads\\\/2021\\\/03\\\/PLENO-EXTRAORDINARIO.jpg\",\"contentUrl\":\"https:\\\/\\\/www.caudete.org\\\/ayuntamiento\\\/wp-content\\\/uploads\\\/2021\\\/03\\\/PLENO-EXTRAORDINARIO.jpg\",\"width\":1800,\"height\":1012},{\"@type\":\"BreadcrumbList\",\"@id\":\"https:\\\/\\\/www.caudete.org\\\/ayuntamiento\\\/convocado-pleno-extraordinario-el-9-de-marzo-de-2021-a-las-1200-horas\\\/#breadcrumb\",\"itemListElement\":[{\"@type\":\"ListItem\",\"position\":1,\"name\":\"Inicio\",\"item\":\"https:\\\/\\\/www.caudete.org\\\/ayuntamiento\\\/\"},{\"@type\":\"ListItem\",\"position\":2,\"name\":\"Convocado Pleno Extraordinario el 9 de marzo de 2021 a las 12:00 horas\"}]},{\"@type\":\"WebSite\",\"@id\":\"https:\\\/\\\/www.caudete.org\\\/ayuntamiento\\\/#website\",\"url\":\"https:\\\/\\\/www.caudete.org\\\/ayuntamiento\\\/\",\"name\":\"MI Ayuntamiento de Caudete\",\"description\":\"P\u00e1gina Oficial del MI Ayuntamiento de Caudete\",\"potentialAction\":[{\"@type\":\"SearchAction\",\"target\":{\"@type\":\"EntryPoint\",\"urlTemplate\":\"https:\\\/\\\/www.caudete.org\\\/ayuntamiento\\\/?s={search_term_string}\"},\"query-input\":{\"@type\":\"PropertyValueSpecification\",\"valueRequired\":true,\"valueName\":\"search_term_string\"}}],\"inLanguage\":\"es\"},{\"@type\":\"Person\",\"@id\":\"https:\\\/\\\/www.caudete.org\\\/ayuntamiento\\\/#\\\/schema\\\/person\\\/7656a5bb58fca95b9814e940de0fda63\",\"name\":\"Juan\",\"image\":{\"@type\":\"ImageObject\",\"inLanguage\":\"es\",\"@id\":\"https:\\\/\\\/secure.gravatar.com\\\/avatar\\\/dd53e51c0cd6ab23f52d4f3e4f1c59730240727763de3dbbf26750b079a2c292?s=96&d=mm&r=g\",\"url\":\"https:\\\/\\\/secure.gravatar.com\\\/avatar\\\/dd53e51c0cd6ab23f52d4f3e4f1c59730240727763de3dbbf26750b079a2c292?s=96&d=mm&r=g\",\"contentUrl\":\"https:\\\/\\\/secure.gravatar.com\\\/avatar\\\/dd53e51c0cd6ab23f52d4f3e4f1c59730240727763de3dbbf26750b079a2c292?s=96&d=mm&r=g\",\"caption\":\"Juan\"},\"url\":\"https:\\\/\\\/www.caudete.org\\\/ayuntamiento\\\/author\\\/centrodeinternet\\\/\"}]}<\/script>\n<!-- \/ Yoast SEO plugin. -->","yoast_head_json":{"title":"Convocado Pleno Extraordinario el 9 de marzo de 2021 a las 12:00 horas - MI Ayuntamiento de Caudete","description":"P\u00e1gina Oficial del Ayuntamiento de Caudete (Albacete)","robots":{"index":"index","follow":"follow","max-snippet":"max-snippet:-1","max-image-preview":"max-image-preview:large","max-video-preview":"max-video-preview:-1"},"canonical":"https:\/\/www.caudete.org\/ayuntamiento\/convocado-pleno-extraordinario-el-9-de-marzo-de-2021-a-las-1200-horas\/","og_locale":"es_ES","og_type":"article","og_title":"Convocado Pleno Extraordinario el 9 de marzo de 2021 a las 12:00 horas - MI Ayuntamiento de Caudete","og_description":"P\u00e1gina Oficial del Ayuntamiento de Caudete (Albacete)","og_url":"https:\/\/www.caudete.org\/ayuntamiento\/convocado-pleno-extraordinario-el-9-de-marzo-de-2021-a-las-1200-horas\/","og_site_name":"MI Ayuntamiento de Caudete","article_publisher":"https:\/\/www.facebook.com\/ayuntamientocaudete\/","article_published_time":"2021-03-06T07:08:16+00:00","article_modified_time":"2021-03-06T07:11:10+00:00","og_image":[{"width":1800,"height":1012,"url":"https:\/\/www.caudete.org\/ayuntamiento\/wp-content\/uploads\/2021\/03\/PLENO-EXTRAORDINARIO.jpg","type":"image\/jpeg"}],"author":"Juan","twitter_card":"summary_large_image","twitter_misc":{"Escrito por":"Juan","Tiempo de lectura":"3 minutos"},"schema":{"@context":"https:\/\/schema.org","@graph":[{"@type":"Article","@id":"https:\/\/www.caudete.org\/ayuntamiento\/convocado-pleno-extraordinario-el-9-de-marzo-de-2021-a-las-1200-horas\/#article","isPartOf":{"@id":"https:\/\/www.caudete.org\/ayuntamiento\/convocado-pleno-extraordinario-el-9-de-marzo-de-2021-a-las-1200-horas\/"},"author":{"name":"Juan","@id":"https:\/\/www.caudete.org\/ayuntamiento\/#\/schema\/person\/7656a5bb58fca95b9814e940de0fda63"},"headline":"Convocado Pleno Extraordinario el 9 de marzo de 2021 a las 12:00 horas","datePublished":"2021-03-06T07:08:16+00:00","dateModified":"2021-03-06T07:11:10+00:00","mainEntityOfPage":{"@id":"https:\/\/www.caudete.org\/ayuntamiento\/convocado-pleno-extraordinario-el-9-de-marzo-de-2021-a-las-1200-horas\/"},"wordCount":524,"image":{"@id":"https:\/\/www.caudete.org\/ayuntamiento\/convocado-pleno-extraordinario-el-9-de-marzo-de-2021-a-las-1200-horas\/#primaryimage"},"thumbnailUrl":"https:\/\/www.caudete.org\/ayuntamiento\/wp-content\/uploads\/2021\/03\/PLENO-EXTRAORDINARIO.jpg","keywords":["Pleno","Pleno extraordinario"],"articleSection":["Ayuntamiento"],"inLanguage":"es"},{"@type":"WebPage","@id":"https:\/\/www.caudete.org\/ayuntamiento\/convocado-pleno-extraordinario-el-9-de-marzo-de-2021-a-las-1200-horas\/","url":"https:\/\/www.caudete.org\/ayuntamiento\/convocado-pleno-extraordinario-el-9-de-marzo-de-2021-a-las-1200-horas\/","name":"Convocado Pleno Extraordinario el 9 de marzo de 2021 a las 12:00 horas - MI Ayuntamiento de Caudete","isPartOf":{"@id":"https:\/\/www.caudete.org\/ayuntamiento\/#website"},"primaryImageOfPage":{"@id":"https:\/\/www.caudete.org\/ayuntamiento\/convocado-pleno-extraordinario-el-9-de-marzo-de-2021-a-las-1200-horas\/#primaryimage"},"image":{"@id":"https:\/\/www.caudete.org\/ayuntamiento\/convocado-pleno-extraordinario-el-9-de-marzo-de-2021-a-las-1200-horas\/#primaryimage"},"thumbnailUrl":"https:\/\/www.caudete.org\/ayuntamiento\/wp-content\/uploads\/2021\/03\/PLENO-EXTRAORDINARIO.jpg","datePublished":"2021-03-06T07:08:16+00:00","dateModified":"2021-03-06T07:11:10+00:00","author":{"@id":"https:\/\/www.caudete.org\/ayuntamiento\/#\/schema\/person\/7656a5bb58fca95b9814e940de0fda63"},"description":"P\u00e1gina Oficial del Ayuntamiento de Caudete (Albacete)","breadcrumb":{"@id":"https:\/\/www.caudete.org\/ayuntamiento\/convocado-pleno-extraordinario-el-9-de-marzo-de-2021-a-las-1200-horas\/#breadcrumb"},"inLanguage":"es","potentialAction":[{"@type":"ReadAction","target":["https:\/\/www.caudete.org\/ayuntamiento\/convocado-pleno-extraordinario-el-9-de-marzo-de-2021-a-las-1200-horas\/"]}]},{"@type":"ImageObject","inLanguage":"es","@id":"https:\/\/www.caudete.org\/ayuntamiento\/convocado-pleno-extraordinario-el-9-de-marzo-de-2021-a-las-1200-horas\/#primaryimage","url":"https:\/\/www.caudete.org\/ayuntamiento\/wp-content\/uploads\/2021\/03\/PLENO-EXTRAORDINARIO.jpg","contentUrl":"https:\/\/www.caudete.org\/ayuntamiento\/wp-content\/uploads\/2021\/03\/PLENO-EXTRAORDINARIO.jpg","width":1800,"height":1012},{"@type":"BreadcrumbList","@id":"https:\/\/www.caudete.org\/ayuntamiento\/convocado-pleno-extraordinario-el-9-de-marzo-de-2021-a-las-1200-horas\/#breadcrumb","itemListElement":[{"@type":"ListItem","position":1,"name":"Inicio","item":"https:\/\/www.caudete.org\/ayuntamiento\/"},{"@type":"ListItem","position":2,"name":"Convocado Pleno Extraordinario el 9 de marzo de 2021 a las 12:00 horas"}]},{"@type":"WebSite","@id":"https:\/\/www.caudete.org\/ayuntamiento\/#website","url":"https:\/\/www.caudete.org\/ayuntamiento\/","name":"MI Ayuntamiento de Caudete","description":"P\u00e1gina Oficial del MI Ayuntamiento de Caudete","potentialAction":[{"@type":"SearchAction","target":{"@type":"EntryPoint","urlTemplate":"https:\/\/www.caudete.org\/ayuntamiento\/?s={search_term_string}"},"query-input":{"@type":"PropertyValueSpecification","valueRequired":true,"valueName":"search_term_string"}}],"inLanguage":"es"},{"@type":"Person","@id":"https:\/\/www.caudete.org\/ayuntamiento\/#\/schema\/person\/7656a5bb58fca95b9814e940de0fda63","name":"Juan","image":{"@type":"ImageObject","inLanguage":"es","@id":"https:\/\/secure.gravatar.com\/avatar\/dd53e51c0cd6ab23f52d4f3e4f1c59730240727763de3dbbf26750b079a2c292?s=96&d=mm&r=g","url":"https:\/\/secure.gravatar.com\/avatar\/dd53e51c0cd6ab23f52d4f3e4f1c59730240727763de3dbbf26750b079a2c292?s=96&d=mm&r=g","contentUrl":"https:\/\/secure.gravatar.com\/avatar\/dd53e51c0cd6ab23f52d4f3e4f1c59730240727763de3dbbf26750b079a2c292?s=96&d=mm&r=g","caption":"Juan"},"url":"https:\/\/www.caudete.org\/ayuntamiento\/author\/centrodeinternet\/"}]}},"_links":{"self":[{"href":"https:\/\/www.caudete.org\/ayuntamiento\/wp-json\/wp\/v2\/posts\/12835","targetHints":{"allow":["GET"]}}],"collection":[{"href":"https:\/\/www.caudete.org\/ayuntamiento\/wp-json\/wp\/v2\/posts"}],"about":[{"href":"https:\/\/www.caudete.org\/ayuntamiento\/wp-json\/wp\/v2\/types\/post"}],"author":[{"embeddable":true,"href":"https:\/\/www.caudete.org\/ayuntamiento\/wp-json\/wp\/v2\/users\/2"}],"replies":[{"embeddable":true,"href":"https:\/\/www.caudete.org\/ayuntamiento\/wp-json\/wp\/v2\/comments?post=12835"}],"version-history":[{"count":8,"href":"https:\/\/www.caudete.org\/ayuntamiento\/wp-json\/wp\/v2\/posts\/12835\/revisions"}],"predecessor-version":[{"id":12843,"href":"https:\/\/www.caudete.org\/ayuntamiento\/wp-json\/wp\/v2\/posts\/12835\/revisions\/12843"}],"wp:featuredmedia":[{"embeddable":true,"href":"https:\/\/www.caudete.org\/ayuntamiento\/wp-json\/wp\/v2\/media\/12833"}],"wp:attachment":[{"href":"https:\/\/www.caudete.org\/ayuntamiento\/wp-json\/wp\/v2\/media?parent=12835"}],"wp:term":[{"taxonomy":"category","embeddable":true,"href":"https:\/\/www.caudete.org\/ayuntamiento\/wp-json\/wp\/v2\/categories?post=12835"},{"taxonomy":"post_tag","embeddable":true,"href":"https:\/\/www.caudete.org\/ayuntamiento\/wp-json\/wp\/v2\/tags?post=12835"}],"curies":[{"name":"wp","href":"https:\/\/api.w.org\/{rel}","templated":true}]}}