{"id":12854,"date":"2021-03-08T20:18:01","date_gmt":"2021-03-08T19:18:01","guid":{"rendered":"https:\/\/www.caudete.org\/ayuntamiento\/?p=12854"},"modified":"2021-03-08T20:36:29","modified_gmt":"2021-03-08T19:36:29","slug":"puesta-en-valor-del-lavadero-de-san-anton","status":"publish","type":"post","link":"https:\/\/www.caudete.org\/ayuntamiento\/puesta-en-valor-del-lavadero-de-san-anton\/","title":{"rendered":"Puesta en valor del Lavadero de San Ant\u00f3n"},"content":{"rendered":"<p style=\"text-align: justify;\">El <em>Lavadero de San Ant\u00f3n<\/em>, recuperado hace unos a\u00f1os, es objeto en estos momentos de un Proyecto de Puesta en Valor impulsado por la Concejal\u00eda de Patrimonio Hist\u00f3rico. Su Concejal, Diego Cuenca, nos cuenta en qu\u00e9 va a consistir esta actuaci\u00f3n.<\/p>\n<p style=\"text-align: justify;\">Se trata pues de una actuaci\u00f3n integral que va a actuar sobre el conjunto del edificio, donde varios oficios interactuar\u00e1n para mostrar un elemento caracter\u00edstico del pasado de nuestro pueblo. Con ello, no solo va a hacerse hueco en una zona con historia, como es el entorno de San Ant\u00f3n, sino que tambi\u00e9n permitir\u00e1 entender el edificio y la funci\u00f3n que ocup\u00f3, adem\u00e1s de embellecer la zona y recuperar al 100% un edificio que marc\u00f3 el d\u00eda a d\u00eda de muchas generaciones.<\/p>\n<p style=\"text-align: justify;\">El Proyecto &#8220;Manos de Tierra&#8221; del <em>Grupo de Acci\u00f3n Local Monteib\u00e9rico-Corredor de Almansa<\/em>, al que pertenece Caudete, ha puesto en marcha un recurso tur\u00edstico-art\u00edstico que supone plasmar con tierras de la localidad, una estampa de la historia del pasado siglo relacionado con la forma de vida de nuestros pueblos. Cada Ayuntamiento de los\u00a0 integrantes ha escogido el lugar y la tem\u00e1tica, y &#8220;<em>en Caudete pensamos que plasmar una fotograf\u00eda existente del funcionamiento de un lavadero, era una forma no solo de mostrar nuestra historia, y dar visibilidad a la mujer (quien ocupa el protagonismo de la fotograf\u00eda), sino tambi\u00e9n de permitir hacer una lectura de c\u00f3mo funcionaba un Lavadero y el lugar social de encuentro que supon\u00eda para las gentes de la \u00e9poca<\/em>&#8221; afirmaba Diego Cuenca.<\/p>\n<p style=\"text-align: justify;\">Financiado en su totalidad con Fondos Europeos mediante el programa Leader, con 14.900\u20ac, el artista mejicano Yoshimar Tello es el encargado de realizar esta obra de arte conjunta que, a su finalizaci\u00f3n, contar\u00e1 cada uno de ellos con c\u00f3digo QR con el fin de difundir a\u00fan m\u00e1s la riqueza tur\u00edstica mediante el uso de las nuevas tecnolog\u00edas donde el visitante podr\u00e1 consultar m\u00e1s informaci\u00f3n sobre el panel.<\/p>\n<p style=\"text-align: justify;\">Para poder realizar esta actuaci\u00f3n, la Brigada de Obras Municipal, dependiente de la Concejal\u00eda de Obras, ha estado adecentando el edificio, preparando el soporte sobre el cual se est\u00e1 desarrollando el mural, y efectuando trabajos de pintura que en unas semanas continuar\u00e1n con el exterior del edificio para reparar zonas da\u00f1adas.<\/p>\n<p style=\"text-align: justify;\">A ello, se sumar\u00e1 una bomba de recirculaci\u00f3n del agua de la pila de lavado, que permitir\u00e1 recrear los tiempos en que el Lavadero se nutr\u00eda del agua procedente de Bogarra, alimentado por las acequias que rodean el entorno. Una iluminaci\u00f3n indirecta y otra decorativa, aportar\u00e1 al edificio luz y claridad para hacer visible este <em>Proyecto de Puesta en Valor<\/em> adem\u00e1s de permitir su uso como lugar de exposici\u00f3n. Para ello, se dotar\u00e1n a los huecos de ventanas y a la puerta de entrada con cristal, para su contribuci\u00f3n con la salvaguarda del edificio en las mejores condiciones.<\/p>\n","protected":false},"excerpt":{"rendered":"<p>El Lavadero de San Ant\u00f3n, recuperado hace unos a\u00f1os, es objeto en estos momentos de un Proyecto de Puesta en Valor impulsado por la Concejal\u00eda de Patrimonio Hist\u00f3rico. Su Concejal, Diego Cuenca, nos cuenta en qu\u00e9 va a consistir esta actuaci\u00f3n. Se trata pues de una actuaci\u00f3n integral que va a actuar sobre el conjunto &hellip;<\/p>\n","protected":false},"author":3,"featured_media":12855,"comment_status":"closed","ping_status":"open","sticky":false,"template":"","format":"standard","meta":{"ngg_post_thumbnail":0,"footnotes":""},"categories":[45],"tags":[],"class_list":["post-12854","post","type-post","status-publish","format-standard","has-post-thumbnail","hentry","category-patrimonio"],"yoast_head":"<!-- This site is optimized with the Yoast SEO plugin v27.5 - https:\/\/yoast.com\/product\/yoast-seo-wordpress\/ -->\n<title>Puesta en valor del Lavadero de San Ant\u00f3n - MI Ayuntamiento de Caudete<\/title>\n<meta name=\"description\" content=\"P\u00e1gina Oficial del Ayuntamiento de Caudete (Albacete)\" \/>\n<meta name=\"robots\" content=\"index, follow, max-snippet:-1, max-image-preview:large, max-video-preview:-1\" \/>\n<link rel=\"canonical\" href=\"https:\/\/www.caudete.org\/ayuntamiento\/puesta-en-valor-del-lavadero-de-san-anton\/\" \/>\n<meta property=\"og:locale\" content=\"es_ES\" \/>\n<meta property=\"og:type\" content=\"article\" \/>\n<meta property=\"og:title\" content=\"Puesta en valor del Lavadero de San Ant\u00f3n - MI Ayuntamiento de Caudete\" \/>\n<meta property=\"og:description\" content=\"P\u00e1gina Oficial del Ayuntamiento de Caudete (Albacete)\" \/>\n<meta property=\"og:url\" content=\"https:\/\/www.caudete.org\/ayuntamiento\/puesta-en-valor-del-lavadero-de-san-anton\/\" \/>\n<meta property=\"og:site_name\" content=\"MI Ayuntamiento de Caudete\" \/>\n<meta property=\"article:publisher\" content=\"https:\/\/www.facebook.com\/ayuntamientocaudete\/\" \/>\n<meta property=\"article:published_time\" content=\"2021-03-08T19:18:01+00:00\" \/>\n<meta property=\"article:modified_time\" content=\"2021-03-08T19:36:29+00:00\" \/>\n<meta property=\"og:image\" content=\"https:\/\/www.caudete.org\/ayuntamiento\/wp-content\/uploads\/2021\/03\/WhatsApp-Image-2021-03-08-at-18.33.11-1.jpeg\" \/>\n\t<meta property=\"og:image:width\" content=\"1600\" \/>\n\t<meta property=\"og:image:height\" content=\"1200\" \/>\n\t<meta property=\"og:image:type\" content=\"image\/jpeg\" \/>\n<meta name=\"author\" content=\"alcalde\" \/>\n<meta name=\"twitter:card\" content=\"summary_large_image\" \/>\n<meta name=\"twitter:label1\" content=\"Escrito por\" \/>\n\t<meta name=\"twitter:data1\" content=\"alcalde\" \/>\n\t<meta name=\"twitter:label2\" content=\"Tiempo de lectura\" \/>\n\t<meta name=\"twitter:data2\" content=\"3 minutos\" \/>\n<script type=\"application\/ld+json\" class=\"yoast-schema-graph\">{\"@context\":\"https:\\\/\\\/schema.org\",\"@graph\":[{\"@type\":\"Article\",\"@id\":\"https:\\\/\\\/www.caudete.org\\\/ayuntamiento\\\/puesta-en-valor-del-lavadero-de-san-anton\\\/#article\",\"isPartOf\":{\"@id\":\"https:\\\/\\\/www.caudete.org\\\/ayuntamiento\\\/puesta-en-valor-del-lavadero-de-san-anton\\\/\"},\"author\":{\"name\":\"alcalde\",\"@id\":\"https:\\\/\\\/www.caudete.org\\\/ayuntamiento\\\/#\\\/schema\\\/person\\\/cc646da9133078ee4d8dd47457947253\"},\"headline\":\"Puesta en valor del Lavadero de San Ant\u00f3n\",\"datePublished\":\"2021-03-08T19:18:01+00:00\",\"dateModified\":\"2021-03-08T19:36:29+00:00\",\"mainEntityOfPage\":{\"@id\":\"https:\\\/\\\/www.caudete.org\\\/ayuntamiento\\\/puesta-en-valor-del-lavadero-de-san-anton\\\/\"},\"wordCount\":515,\"image\":{\"@id\":\"https:\\\/\\\/www.caudete.org\\\/ayuntamiento\\\/puesta-en-valor-del-lavadero-de-san-anton\\\/#primaryimage\"},\"thumbnailUrl\":\"https:\\\/\\\/www.caudete.org\\\/ayuntamiento\\\/wp-content\\\/uploads\\\/2021\\\/03\\\/WhatsApp-Image-2021-03-08-at-18.33.11-1.jpeg\",\"articleSection\":[\"Patrimonio\"],\"inLanguage\":\"es\"},{\"@type\":\"WebPage\",\"@id\":\"https:\\\/\\\/www.caudete.org\\\/ayuntamiento\\\/puesta-en-valor-del-lavadero-de-san-anton\\\/\",\"url\":\"https:\\\/\\\/www.caudete.org\\\/ayuntamiento\\\/puesta-en-valor-del-lavadero-de-san-anton\\\/\",\"name\":\"Puesta en valor del Lavadero de San Ant\u00f3n - MI Ayuntamiento de Caudete\",\"isPartOf\":{\"@id\":\"https:\\\/\\\/www.caudete.org\\\/ayuntamiento\\\/#website\"},\"primaryImageOfPage\":{\"@id\":\"https:\\\/\\\/www.caudete.org\\\/ayuntamiento\\\/puesta-en-valor-del-lavadero-de-san-anton\\\/#primaryimage\"},\"image\":{\"@id\":\"https:\\\/\\\/www.caudete.org\\\/ayuntamiento\\\/puesta-en-valor-del-lavadero-de-san-anton\\\/#primaryimage\"},\"thumbnailUrl\":\"https:\\\/\\\/www.caudete.org\\\/ayuntamiento\\\/wp-content\\\/uploads\\\/2021\\\/03\\\/WhatsApp-Image-2021-03-08-at-18.33.11-1.jpeg\",\"datePublished\":\"2021-03-08T19:18:01+00:00\",\"dateModified\":\"2021-03-08T19:36:29+00:00\",\"author\":{\"@id\":\"https:\\\/\\\/www.caudete.org\\\/ayuntamiento\\\/#\\\/schema\\\/person\\\/cc646da9133078ee4d8dd47457947253\"},\"description\":\"P\u00e1gina Oficial del Ayuntamiento de Caudete (Albacete)\",\"breadcrumb\":{\"@id\":\"https:\\\/\\\/www.caudete.org\\\/ayuntamiento\\\/puesta-en-valor-del-lavadero-de-san-anton\\\/#breadcrumb\"},\"inLanguage\":\"es\",\"potentialAction\":[{\"@type\":\"ReadAction\",\"target\":[\"https:\\\/\\\/www.caudete.org\\\/ayuntamiento\\\/puesta-en-valor-del-lavadero-de-san-anton\\\/\"]}]},{\"@type\":\"ImageObject\",\"inLanguage\":\"es\",\"@id\":\"https:\\\/\\\/www.caudete.org\\\/ayuntamiento\\\/puesta-en-valor-del-lavadero-de-san-anton\\\/#primaryimage\",\"url\":\"https:\\\/\\\/www.caudete.org\\\/ayuntamiento\\\/wp-content\\\/uploads\\\/2021\\\/03\\\/WhatsApp-Image-2021-03-08-at-18.33.11-1.jpeg\",\"contentUrl\":\"https:\\\/\\\/www.caudete.org\\\/ayuntamiento\\\/wp-content\\\/uploads\\\/2021\\\/03\\\/WhatsApp-Image-2021-03-08-at-18.33.11-1.jpeg\",\"width\":1600,\"height\":1200},{\"@type\":\"BreadcrumbList\",\"@id\":\"https:\\\/\\\/www.caudete.org\\\/ayuntamiento\\\/puesta-en-valor-del-lavadero-de-san-anton\\\/#breadcrumb\",\"itemListElement\":[{\"@type\":\"ListItem\",\"position\":1,\"name\":\"Inicio\",\"item\":\"https:\\\/\\\/www.caudete.org\\\/ayuntamiento\\\/\"},{\"@type\":\"ListItem\",\"position\":2,\"name\":\"Puesta en valor del Lavadero de San Ant\u00f3n\"}]},{\"@type\":\"WebSite\",\"@id\":\"https:\\\/\\\/www.caudete.org\\\/ayuntamiento\\\/#website\",\"url\":\"https:\\\/\\\/www.caudete.org\\\/ayuntamiento\\\/\",\"name\":\"MI Ayuntamiento de Caudete\",\"description\":\"P\u00e1gina Oficial del MI Ayuntamiento de Caudete\",\"potentialAction\":[{\"@type\":\"SearchAction\",\"target\":{\"@type\":\"EntryPoint\",\"urlTemplate\":\"https:\\\/\\\/www.caudete.org\\\/ayuntamiento\\\/?s={search_term_string}\"},\"query-input\":{\"@type\":\"PropertyValueSpecification\",\"valueRequired\":true,\"valueName\":\"search_term_string\"}}],\"inLanguage\":\"es\"},{\"@type\":\"Person\",\"@id\":\"https:\\\/\\\/www.caudete.org\\\/ayuntamiento\\\/#\\\/schema\\\/person\\\/cc646da9133078ee4d8dd47457947253\",\"name\":\"alcalde\",\"image\":{\"@type\":\"ImageObject\",\"inLanguage\":\"es\",\"@id\":\"https:\\\/\\\/secure.gravatar.com\\\/avatar\\\/84a817ba065b29ff08d666b215a215f5c79186a645ccb25b14a663d48a130f77?s=96&d=mm&r=g\",\"url\":\"https:\\\/\\\/secure.gravatar.com\\\/avatar\\\/84a817ba065b29ff08d666b215a215f5c79186a645ccb25b14a663d48a130f77?s=96&d=mm&r=g\",\"contentUrl\":\"https:\\\/\\\/secure.gravatar.com\\\/avatar\\\/84a817ba065b29ff08d666b215a215f5c79186a645ccb25b14a663d48a130f77?s=96&d=mm&r=g\",\"caption\":\"alcalde\"},\"url\":\"https:\\\/\\\/www.caudete.org\\\/ayuntamiento\\\/author\\\/alcalde\\\/\"}]}<\/script>\n<!-- \/ Yoast SEO plugin. -->","yoast_head_json":{"title":"Puesta en valor del Lavadero de San Ant\u00f3n - MI Ayuntamiento de Caudete","description":"P\u00e1gina Oficial del Ayuntamiento de Caudete (Albacete)","robots":{"index":"index","follow":"follow","max-snippet":"max-snippet:-1","max-image-preview":"max-image-preview:large","max-video-preview":"max-video-preview:-1"},"canonical":"https:\/\/www.caudete.org\/ayuntamiento\/puesta-en-valor-del-lavadero-de-san-anton\/","og_locale":"es_ES","og_type":"article","og_title":"Puesta en valor del Lavadero de San Ant\u00f3n - MI Ayuntamiento de Caudete","og_description":"P\u00e1gina Oficial del Ayuntamiento de Caudete (Albacete)","og_url":"https:\/\/www.caudete.org\/ayuntamiento\/puesta-en-valor-del-lavadero-de-san-anton\/","og_site_name":"MI Ayuntamiento de Caudete","article_publisher":"https:\/\/www.facebook.com\/ayuntamientocaudete\/","article_published_time":"2021-03-08T19:18:01+00:00","article_modified_time":"2021-03-08T19:36:29+00:00","og_image":[{"width":1600,"height":1200,"url":"https:\/\/www.caudete.org\/ayuntamiento\/wp-content\/uploads\/2021\/03\/WhatsApp-Image-2021-03-08-at-18.33.11-1.jpeg","type":"image\/jpeg"}],"author":"alcalde","twitter_card":"summary_large_image","twitter_misc":{"Escrito por":"alcalde","Tiempo de lectura":"3 minutos"},"schema":{"@context":"https:\/\/schema.org","@graph":[{"@type":"Article","@id":"https:\/\/www.caudete.org\/ayuntamiento\/puesta-en-valor-del-lavadero-de-san-anton\/#article","isPartOf":{"@id":"https:\/\/www.caudete.org\/ayuntamiento\/puesta-en-valor-del-lavadero-de-san-anton\/"},"author":{"name":"alcalde","@id":"https:\/\/www.caudete.org\/ayuntamiento\/#\/schema\/person\/cc646da9133078ee4d8dd47457947253"},"headline":"Puesta en valor del Lavadero de San Ant\u00f3n","datePublished":"2021-03-08T19:18:01+00:00","dateModified":"2021-03-08T19:36:29+00:00","mainEntityOfPage":{"@id":"https:\/\/www.caudete.org\/ayuntamiento\/puesta-en-valor-del-lavadero-de-san-anton\/"},"wordCount":515,"image":{"@id":"https:\/\/www.caudete.org\/ayuntamiento\/puesta-en-valor-del-lavadero-de-san-anton\/#primaryimage"},"thumbnailUrl":"https:\/\/www.caudete.org\/ayuntamiento\/wp-content\/uploads\/2021\/03\/WhatsApp-Image-2021-03-08-at-18.33.11-1.jpeg","articleSection":["Patrimonio"],"inLanguage":"es"},{"@type":"WebPage","@id":"https:\/\/www.caudete.org\/ayuntamiento\/puesta-en-valor-del-lavadero-de-san-anton\/","url":"https:\/\/www.caudete.org\/ayuntamiento\/puesta-en-valor-del-lavadero-de-san-anton\/","name":"Puesta en valor del Lavadero de San Ant\u00f3n - MI Ayuntamiento de Caudete","isPartOf":{"@id":"https:\/\/www.caudete.org\/ayuntamiento\/#website"},"primaryImageOfPage":{"@id":"https:\/\/www.caudete.org\/ayuntamiento\/puesta-en-valor-del-lavadero-de-san-anton\/#primaryimage"},"image":{"@id":"https:\/\/www.caudete.org\/ayuntamiento\/puesta-en-valor-del-lavadero-de-san-anton\/#primaryimage"},"thumbnailUrl":"https:\/\/www.caudete.org\/ayuntamiento\/wp-content\/uploads\/2021\/03\/WhatsApp-Image-2021-03-08-at-18.33.11-1.jpeg","datePublished":"2021-03-08T19:18:01+00:00","dateModified":"2021-03-08T19:36:29+00:00","author":{"@id":"https:\/\/www.caudete.org\/ayuntamiento\/#\/schema\/person\/cc646da9133078ee4d8dd47457947253"},"description":"P\u00e1gina Oficial del Ayuntamiento de Caudete (Albacete)","breadcrumb":{"@id":"https:\/\/www.caudete.org\/ayuntamiento\/puesta-en-valor-del-lavadero-de-san-anton\/#breadcrumb"},"inLanguage":"es","potentialAction":[{"@type":"ReadAction","target":["https:\/\/www.caudete.org\/ayuntamiento\/puesta-en-valor-del-lavadero-de-san-anton\/"]}]},{"@type":"ImageObject","inLanguage":"es","@id":"https:\/\/www.caudete.org\/ayuntamiento\/puesta-en-valor-del-lavadero-de-san-anton\/#primaryimage","url":"https:\/\/www.caudete.org\/ayuntamiento\/wp-content\/uploads\/2021\/03\/WhatsApp-Image-2021-03-08-at-18.33.11-1.jpeg","contentUrl":"https:\/\/www.caudete.org\/ayuntamiento\/wp-content\/uploads\/2021\/03\/WhatsApp-Image-2021-03-08-at-18.33.11-1.jpeg","width":1600,"height":1200},{"@type":"BreadcrumbList","@id":"https:\/\/www.caudete.org\/ayuntamiento\/puesta-en-valor-del-lavadero-de-san-anton\/#breadcrumb","itemListElement":[{"@type":"ListItem","position":1,"name":"Inicio","item":"https:\/\/www.caudete.org\/ayuntamiento\/"},{"@type":"ListItem","position":2,"name":"Puesta en valor del Lavadero de San Ant\u00f3n"}]},{"@type":"WebSite","@id":"https:\/\/www.caudete.org\/ayuntamiento\/#website","url":"https:\/\/www.caudete.org\/ayuntamiento\/","name":"MI Ayuntamiento de Caudete","description":"P\u00e1gina Oficial del MI Ayuntamiento de Caudete","potentialAction":[{"@type":"SearchAction","target":{"@type":"EntryPoint","urlTemplate":"https:\/\/www.caudete.org\/ayuntamiento\/?s={search_term_string}"},"query-input":{"@type":"PropertyValueSpecification","valueRequired":true,"valueName":"search_term_string"}}],"inLanguage":"es"},{"@type":"Person","@id":"https:\/\/www.caudete.org\/ayuntamiento\/#\/schema\/person\/cc646da9133078ee4d8dd47457947253","name":"alcalde","image":{"@type":"ImageObject","inLanguage":"es","@id":"https:\/\/secure.gravatar.com\/avatar\/84a817ba065b29ff08d666b215a215f5c79186a645ccb25b14a663d48a130f77?s=96&d=mm&r=g","url":"https:\/\/secure.gravatar.com\/avatar\/84a817ba065b29ff08d666b215a215f5c79186a645ccb25b14a663d48a130f77?s=96&d=mm&r=g","contentUrl":"https:\/\/secure.gravatar.com\/avatar\/84a817ba065b29ff08d666b215a215f5c79186a645ccb25b14a663d48a130f77?s=96&d=mm&r=g","caption":"alcalde"},"url":"https:\/\/www.caudete.org\/ayuntamiento\/author\/alcalde\/"}]}},"_links":{"self":[{"href":"https:\/\/www.caudete.org\/ayuntamiento\/wp-json\/wp\/v2\/posts\/12854","targetHints":{"allow":["GET"]}}],"collection":[{"href":"https:\/\/www.caudete.org\/ayuntamiento\/wp-json\/wp\/v2\/posts"}],"about":[{"href":"https:\/\/www.caudete.org\/ayuntamiento\/wp-json\/wp\/v2\/types\/post"}],"author":[{"embeddable":true,"href":"https:\/\/www.caudete.org\/ayuntamiento\/wp-json\/wp\/v2\/users\/3"}],"replies":[{"embeddable":true,"href":"https:\/\/www.caudete.org\/ayuntamiento\/wp-json\/wp\/v2\/comments?post=12854"}],"version-history":[{"count":4,"href":"https:\/\/www.caudete.org\/ayuntamiento\/wp-json\/wp\/v2\/posts\/12854\/revisions"}],"predecessor-version":[{"id":12903,"href":"https:\/\/www.caudete.org\/ayuntamiento\/wp-json\/wp\/v2\/posts\/12854\/revisions\/12903"}],"wp:featuredmedia":[{"embeddable":true,"href":"https:\/\/www.caudete.org\/ayuntamiento\/wp-json\/wp\/v2\/media\/12855"}],"wp:attachment":[{"href":"https:\/\/www.caudete.org\/ayuntamiento\/wp-json\/wp\/v2\/media?parent=12854"}],"wp:term":[{"taxonomy":"category","embeddable":true,"href":"https:\/\/www.caudete.org\/ayuntamiento\/wp-json\/wp\/v2\/categories?post=12854"},{"taxonomy":"post_tag","embeddable":true,"href":"https:\/\/www.caudete.org\/ayuntamiento\/wp-json\/wp\/v2\/tags?post=12854"}],"curies":[{"name":"wp","href":"https:\/\/api.w.org\/{rel}","templated":true}]}}