{"id":12858,"date":"2021-03-08T20:25:22","date_gmt":"2021-03-08T19:25:22","guid":{"rendered":"https:\/\/www.caudete.org\/ayuntamiento\/?p=12858"},"modified":"2021-03-08T20:26:19","modified_gmt":"2021-03-08T19:26:19","slug":"fina-cantos-martinez-homenajeada-en-el-8m-dia-de-la-mujer","status":"publish","type":"post","link":"https:\/\/www.caudete.org\/ayuntamiento\/fina-cantos-martinez-homenajeada-en-el-8m-dia-de-la-mujer\/","title":{"rendered":"Fina Cantos Mart\u00ednez, Homenajeada en el 8M, d\u00eda de la Mujer"},"content":{"rendered":"<p style=\"text-align: justify;\">Un a\u00f1o m\u00e1s, la Concejal\u00eda de Pol\u00edticas de Igualdad del Ayuntamiento de Caudete, ha celebrado el 8 de Marzo reivindicando el trabajo de una mujer caudetana en alg\u00fan \u00e1mbito tradicionalmente masculino, materializado en un <strong>Homenaje<\/strong> realizado conjuntamente al Centro de la Mujer y Asociaci\u00f3n de Mujeres Santa B\u00e1rbara.<\/p>\n<p style=\"text-align: justify;\"><strong>Fina Cantos Mart\u00ednez<\/strong>, desde bien peque\u00f1a acompa\u00f1aba a su padre y sent\u00eda mucho inter\u00e9s por el trabajo que se realizaba en la empresa familiar de refrigeraci\u00f3n y aires acondicionados. Movida por este inter\u00e9s, cuando tuvo que elegir qu\u00e9 estudiar, se decant\u00f3 por la rama de la electricidad y posteriormente estudios superiores de Refrigeraci\u00f3n y aires acondicionados. En las aulas siempre estaba rodeada de varones, siendo la \u00fanica mujer de la clase.<\/p>\n<p style=\"text-align: justify;\">Cada vez m\u00e1s entusiasmada con su futura profesi\u00f3n, realiz\u00f3 sus pr\u00e1cticas en una empresa del sector en la ciudad de Alicante, donde fue contratada una vez que finaliz\u00f3 su formaci\u00f3n.<\/p>\n<p style=\"text-align: justify;\">Pero en 2003, su vida da un giro y regresa a su pueblo, Caudete, incorpor\u00e1ndose a la empresa familiar y regresando a sus or\u00edgenes, con su padre, con el que formaba un gran equipo.<\/p>\n<p style=\"text-align: justify;\">Con la jubilaci\u00f3n de su padre en 2016, surge un nuevo cambio y queda ella al frente de la empresa. Ejerce su profesi\u00f3n en nuestra localidad, donde da servicio a importantes empresas y ciudadanos en general.<\/p>\n","protected":false},"excerpt":{"rendered":"<p>Un a\u00f1o m\u00e1s, la Concejal\u00eda de Pol\u00edticas de Igualdad del Ayuntamiento de Caudete, ha celebrado el 8 de Marzo reivindicando el trabajo de una mujer caudetana en alg\u00fan \u00e1mbito tradicionalmente masculino, materializado en un Homenaje realizado conjuntamente al Centro de la Mujer y Asociaci\u00f3n de Mujeres Santa B\u00e1rbara. Fina Cantos Mart\u00ednez, desde bien peque\u00f1a acompa\u00f1aba &hellip;<\/p>\n","protected":false},"author":3,"featured_media":12863,"comment_status":"closed","ping_status":"open","sticky":false,"template":"","format":"standard","meta":{"ngg_post_thumbnail":0,"footnotes":""},"categories":[522,52,523],"tags":[],"class_list":["post-12858","post","type-post","status-publish","format-standard","has-post-thumbnail","hentry","category-igualdad","category-politicas-de-igualdad","category-politicas-de-igualdad-2"],"yoast_head":"<!-- This site is optimized with the Yoast SEO plugin v27.5 - https:\/\/yoast.com\/product\/yoast-seo-wordpress\/ -->\n<title>Fina Cantos Mart\u00ednez, Homenajeada en el 8M, d\u00eda de la Mujer - MI Ayuntamiento de Caudete<\/title>\n<meta name=\"description\" content=\"P\u00e1gina Oficial del Ayuntamiento de Caudete (Albacete)\" \/>\n<meta name=\"robots\" content=\"index, follow, max-snippet:-1, max-image-preview:large, max-video-preview:-1\" \/>\n<link rel=\"canonical\" href=\"https:\/\/www.caudete.org\/ayuntamiento\/fina-cantos-martinez-homenajeada-en-el-8m-dia-de-la-mujer\/\" \/>\n<meta property=\"og:locale\" content=\"es_ES\" \/>\n<meta property=\"og:type\" content=\"article\" \/>\n<meta property=\"og:title\" content=\"Fina Cantos Mart\u00ednez, Homenajeada en el 8M, d\u00eda de la Mujer - MI Ayuntamiento de Caudete\" \/>\n<meta property=\"og:description\" content=\"P\u00e1gina Oficial del Ayuntamiento de Caudete (Albacete)\" \/>\n<meta property=\"og:url\" content=\"https:\/\/www.caudete.org\/ayuntamiento\/fina-cantos-martinez-homenajeada-en-el-8m-dia-de-la-mujer\/\" \/>\n<meta property=\"og:site_name\" content=\"MI Ayuntamiento de Caudete\" \/>\n<meta property=\"article:publisher\" content=\"https:\/\/www.facebook.com\/ayuntamientocaudete\/\" \/>\n<meta property=\"article:published_time\" content=\"2021-03-08T19:25:22+00:00\" \/>\n<meta property=\"article:modified_time\" content=\"2021-03-08T19:26:19+00:00\" \/>\n<meta property=\"og:image\" content=\"https:\/\/www.caudete.org\/ayuntamiento\/wp-content\/uploads\/2021\/03\/WhatsApp-Image-2021-03-05-at-16.28.06.jpeg\" \/>\n\t<meta property=\"og:image:width\" content=\"1600\" \/>\n\t<meta property=\"og:image:height\" content=\"1200\" \/>\n\t<meta property=\"og:image:type\" content=\"image\/jpeg\" \/>\n<meta name=\"author\" content=\"alcalde\" \/>\n<meta name=\"twitter:card\" content=\"summary_large_image\" \/>\n<meta name=\"twitter:label1\" content=\"Escrito por\" \/>\n\t<meta name=\"twitter:data1\" content=\"alcalde\" \/>\n\t<meta name=\"twitter:label2\" content=\"Tiempo de lectura\" \/>\n\t<meta name=\"twitter:data2\" content=\"1 minuto\" \/>\n<script type=\"application\/ld+json\" class=\"yoast-schema-graph\">{\"@context\":\"https:\\\/\\\/schema.org\",\"@graph\":[{\"@type\":\"Article\",\"@id\":\"https:\\\/\\\/www.caudete.org\\\/ayuntamiento\\\/fina-cantos-martinez-homenajeada-en-el-8m-dia-de-la-mujer\\\/#article\",\"isPartOf\":{\"@id\":\"https:\\\/\\\/www.caudete.org\\\/ayuntamiento\\\/fina-cantos-martinez-homenajeada-en-el-8m-dia-de-la-mujer\\\/\"},\"author\":{\"name\":\"alcalde\",\"@id\":\"https:\\\/\\\/www.caudete.org\\\/ayuntamiento\\\/#\\\/schema\\\/person\\\/cc646da9133078ee4d8dd47457947253\"},\"headline\":\"Fina Cantos Mart\u00ednez, Homenajeada en el 8M, d\u00eda de la Mujer\",\"datePublished\":\"2021-03-08T19:25:22+00:00\",\"dateModified\":\"2021-03-08T19:26:19+00:00\",\"mainEntityOfPage\":{\"@id\":\"https:\\\/\\\/www.caudete.org\\\/ayuntamiento\\\/fina-cantos-martinez-homenajeada-en-el-8m-dia-de-la-mujer\\\/\"},\"wordCount\":252,\"publisher\":{\"@id\":\"https:\\\/\\\/www.caudete.org\\\/ayuntamiento\\\/#organization\"},\"image\":{\"@id\":\"https:\\\/\\\/www.caudete.org\\\/ayuntamiento\\\/fina-cantos-martinez-homenajeada-en-el-8m-dia-de-la-mujer\\\/#primaryimage\"},\"thumbnailUrl\":\"https:\\\/\\\/www.caudete.org\\\/ayuntamiento\\\/wp-content\\\/uploads\\\/2021\\\/03\\\/WhatsApp-Image-2021-03-05-at-16.28.06.jpeg\",\"articleSection\":[\"Igualdad\",\"Pol\u00edticas de Igualdad\",\"Politicas de Igualdad\"],\"inLanguage\":\"es\"},{\"@type\":\"WebPage\",\"@id\":\"https:\\\/\\\/www.caudete.org\\\/ayuntamiento\\\/fina-cantos-martinez-homenajeada-en-el-8m-dia-de-la-mujer\\\/\",\"url\":\"https:\\\/\\\/www.caudete.org\\\/ayuntamiento\\\/fina-cantos-martinez-homenajeada-en-el-8m-dia-de-la-mujer\\\/\",\"name\":\"Fina Cantos Mart\u00ednez, Homenajeada en el 8M, d\u00eda de la Mujer - MI Ayuntamiento de Caudete\",\"isPartOf\":{\"@id\":\"https:\\\/\\\/www.caudete.org\\\/ayuntamiento\\\/#website\"},\"primaryImageOfPage\":{\"@id\":\"https:\\\/\\\/www.caudete.org\\\/ayuntamiento\\\/fina-cantos-martinez-homenajeada-en-el-8m-dia-de-la-mujer\\\/#primaryimage\"},\"image\":{\"@id\":\"https:\\\/\\\/www.caudete.org\\\/ayuntamiento\\\/fina-cantos-martinez-homenajeada-en-el-8m-dia-de-la-mujer\\\/#primaryimage\"},\"thumbnailUrl\":\"https:\\\/\\\/www.caudete.org\\\/ayuntamiento\\\/wp-content\\\/uploads\\\/2021\\\/03\\\/WhatsApp-Image-2021-03-05-at-16.28.06.jpeg\",\"datePublished\":\"2021-03-08T19:25:22+00:00\",\"dateModified\":\"2021-03-08T19:26:19+00:00\",\"description\":\"P\u00e1gina Oficial del Ayuntamiento de Caudete (Albacete)\",\"breadcrumb\":{\"@id\":\"https:\\\/\\\/www.caudete.org\\\/ayuntamiento\\\/fina-cantos-martinez-homenajeada-en-el-8m-dia-de-la-mujer\\\/#breadcrumb\"},\"inLanguage\":\"es\",\"potentialAction\":[{\"@type\":\"ReadAction\",\"target\":[\"https:\\\/\\\/www.caudete.org\\\/ayuntamiento\\\/fina-cantos-martinez-homenajeada-en-el-8m-dia-de-la-mujer\\\/\"]}]},{\"@type\":\"ImageObject\",\"inLanguage\":\"es\",\"@id\":\"https:\\\/\\\/www.caudete.org\\\/ayuntamiento\\\/fina-cantos-martinez-homenajeada-en-el-8m-dia-de-la-mujer\\\/#primaryimage\",\"url\":\"https:\\\/\\\/www.caudete.org\\\/ayuntamiento\\\/wp-content\\\/uploads\\\/2021\\\/03\\\/WhatsApp-Image-2021-03-05-at-16.28.06.jpeg\",\"contentUrl\":\"https:\\\/\\\/www.caudete.org\\\/ayuntamiento\\\/wp-content\\\/uploads\\\/2021\\\/03\\\/WhatsApp-Image-2021-03-05-at-16.28.06.jpeg\",\"width\":1600,\"height\":1200},{\"@type\":\"BreadcrumbList\",\"@id\":\"https:\\\/\\\/www.caudete.org\\\/ayuntamiento\\\/fina-cantos-martinez-homenajeada-en-el-8m-dia-de-la-mujer\\\/#breadcrumb\",\"itemListElement\":[{\"@type\":\"ListItem\",\"position\":1,\"name\":\"Inicio\",\"item\":\"https:\\\/\\\/www.caudete.org\\\/ayuntamiento\\\/\"},{\"@type\":\"ListItem\",\"position\":2,\"name\":\"Fina Cantos Mart\u00ednez, Homenajeada en el 8M, d\u00eda de la Mujer\"}]},{\"@type\":\"WebSite\",\"@id\":\"https:\\\/\\\/www.caudete.org\\\/ayuntamiento\\\/#website\",\"url\":\"https:\\\/\\\/www.caudete.org\\\/ayuntamiento\\\/\",\"name\":\"MI Ayuntamiento de Caudete\",\"description\":\"P\u00e1gina Oficial del MI Ayuntamiento de Caudete\",\"publisher\":{\"@id\":\"https:\\\/\\\/www.caudete.org\\\/ayuntamiento\\\/#organization\"},\"potentialAction\":[{\"@type\":\"SearchAction\",\"target\":{\"@type\":\"EntryPoint\",\"urlTemplate\":\"https:\\\/\\\/www.caudete.org\\\/ayuntamiento\\\/?s={search_term_string}\"},\"query-input\":{\"@type\":\"PropertyValueSpecification\",\"valueRequired\":true,\"valueName\":\"search_term_string\"}}],\"inLanguage\":\"es\"},{\"@type\":\"Organization\",\"@id\":\"https:\\\/\\\/www.caudete.org\\\/ayuntamiento\\\/#organization\",\"name\":\"Ayuntamiento de Caudete\",\"url\":\"https:\\\/\\\/www.caudete.org\\\/ayuntamiento\\\/\",\"logo\":{\"@type\":\"ImageObject\",\"inLanguage\":\"es\",\"@id\":\"https:\\\/\\\/www.caudete.org\\\/ayuntamiento\\\/#\\\/schema\\\/logo\\\/image\\\/\",\"url\":\"https:\\\/\\\/www.caudete.org\\\/ayuntamiento\\\/wp-content\\\/uploads\\\/2020\\\/11\\\/logo_ayuntamiento_caudete.jpg\",\"contentUrl\":\"https:\\\/\\\/www.caudete.org\\\/ayuntamiento\\\/wp-content\\\/uploads\\\/2020\\\/11\\\/logo_ayuntamiento_caudete.jpg\",\"width\":600,\"height\":150,\"caption\":\"Ayuntamiento de Caudete\"},\"image\":{\"@id\":\"https:\\\/\\\/www.caudete.org\\\/ayuntamiento\\\/#\\\/schema\\\/logo\\\/image\\\/\"},\"sameAs\":[\"https:\\\/\\\/www.facebook.com\\\/ayuntamientocaudete\\\/\",\"https:\\\/\\\/www.youtube.com\\\/channel\\\/UC6VztHaooNsGpw-tNoBEFnQ\"]},{\"@type\":\"Person\",\"@id\":\"https:\\\/\\\/www.caudete.org\\\/ayuntamiento\\\/#\\\/schema\\\/person\\\/cc646da9133078ee4d8dd47457947253\",\"name\":\"alcalde\",\"image\":{\"@type\":\"ImageObject\",\"inLanguage\":\"es\",\"@id\":\"https:\\\/\\\/secure.gravatar.com\\\/avatar\\\/84a817ba065b29ff08d666b215a215f5c79186a645ccb25b14a663d48a130f77?s=96&d=mm&r=g\",\"url\":\"https:\\\/\\\/secure.gravatar.com\\\/avatar\\\/84a817ba065b29ff08d666b215a215f5c79186a645ccb25b14a663d48a130f77?s=96&d=mm&r=g\",\"contentUrl\":\"https:\\\/\\\/secure.gravatar.com\\\/avatar\\\/84a817ba065b29ff08d666b215a215f5c79186a645ccb25b14a663d48a130f77?s=96&d=mm&r=g\",\"caption\":\"alcalde\"},\"url\":\"https:\\\/\\\/www.caudete.org\\\/ayuntamiento\\\/author\\\/alcalde\\\/\"}]}<\/script>\n<!-- \/ Yoast SEO plugin. -->","yoast_head_json":{"title":"Fina Cantos Mart\u00ednez, Homenajeada en el 8M, d\u00eda de la Mujer - MI Ayuntamiento de Caudete","description":"P\u00e1gina Oficial del Ayuntamiento de Caudete (Albacete)","robots":{"index":"index","follow":"follow","max-snippet":"max-snippet:-1","max-image-preview":"max-image-preview:large","max-video-preview":"max-video-preview:-1"},"canonical":"https:\/\/www.caudete.org\/ayuntamiento\/fina-cantos-martinez-homenajeada-en-el-8m-dia-de-la-mujer\/","og_locale":"es_ES","og_type":"article","og_title":"Fina Cantos Mart\u00ednez, Homenajeada en el 8M, d\u00eda de la Mujer - MI Ayuntamiento de Caudete","og_description":"P\u00e1gina Oficial del Ayuntamiento de Caudete (Albacete)","og_url":"https:\/\/www.caudete.org\/ayuntamiento\/fina-cantos-martinez-homenajeada-en-el-8m-dia-de-la-mujer\/","og_site_name":"MI Ayuntamiento de Caudete","article_publisher":"https:\/\/www.facebook.com\/ayuntamientocaudete\/","article_published_time":"2021-03-08T19:25:22+00:00","article_modified_time":"2021-03-08T19:26:19+00:00","og_image":[{"width":1600,"height":1200,"url":"https:\/\/www.caudete.org\/ayuntamiento\/wp-content\/uploads\/2021\/03\/WhatsApp-Image-2021-03-05-at-16.28.06.jpeg","type":"image\/jpeg"}],"author":"alcalde","twitter_card":"summary_large_image","twitter_misc":{"Escrito por":"alcalde","Tiempo de lectura":"1 minuto"},"schema":{"@context":"https:\/\/schema.org","@graph":[{"@type":"Article","@id":"https:\/\/www.caudete.org\/ayuntamiento\/fina-cantos-martinez-homenajeada-en-el-8m-dia-de-la-mujer\/#article","isPartOf":{"@id":"https:\/\/www.caudete.org\/ayuntamiento\/fina-cantos-martinez-homenajeada-en-el-8m-dia-de-la-mujer\/"},"author":{"name":"alcalde","@id":"https:\/\/www.caudete.org\/ayuntamiento\/#\/schema\/person\/cc646da9133078ee4d8dd47457947253"},"headline":"Fina Cantos Mart\u00ednez, Homenajeada en el 8M, d\u00eda de la Mujer","datePublished":"2021-03-08T19:25:22+00:00","dateModified":"2021-03-08T19:26:19+00:00","mainEntityOfPage":{"@id":"https:\/\/www.caudete.org\/ayuntamiento\/fina-cantos-martinez-homenajeada-en-el-8m-dia-de-la-mujer\/"},"wordCount":252,"publisher":{"@id":"https:\/\/www.caudete.org\/ayuntamiento\/#organization"},"image":{"@id":"https:\/\/www.caudete.org\/ayuntamiento\/fina-cantos-martinez-homenajeada-en-el-8m-dia-de-la-mujer\/#primaryimage"},"thumbnailUrl":"https:\/\/www.caudete.org\/ayuntamiento\/wp-content\/uploads\/2021\/03\/WhatsApp-Image-2021-03-05-at-16.28.06.jpeg","articleSection":["Igualdad","Pol\u00edticas de Igualdad","Politicas de Igualdad"],"inLanguage":"es"},{"@type":"WebPage","@id":"https:\/\/www.caudete.org\/ayuntamiento\/fina-cantos-martinez-homenajeada-en-el-8m-dia-de-la-mujer\/","url":"https:\/\/www.caudete.org\/ayuntamiento\/fina-cantos-martinez-homenajeada-en-el-8m-dia-de-la-mujer\/","name":"Fina Cantos Mart\u00ednez, Homenajeada en el 8M, d\u00eda de la Mujer - MI Ayuntamiento de Caudete","isPartOf":{"@id":"https:\/\/www.caudete.org\/ayuntamiento\/#website"},"primaryImageOfPage":{"@id":"https:\/\/www.caudete.org\/ayuntamiento\/fina-cantos-martinez-homenajeada-en-el-8m-dia-de-la-mujer\/#primaryimage"},"image":{"@id":"https:\/\/www.caudete.org\/ayuntamiento\/fina-cantos-martinez-homenajeada-en-el-8m-dia-de-la-mujer\/#primaryimage"},"thumbnailUrl":"https:\/\/www.caudete.org\/ayuntamiento\/wp-content\/uploads\/2021\/03\/WhatsApp-Image-2021-03-05-at-16.28.06.jpeg","datePublished":"2021-03-08T19:25:22+00:00","dateModified":"2021-03-08T19:26:19+00:00","description":"P\u00e1gina Oficial del Ayuntamiento de Caudete (Albacete)","breadcrumb":{"@id":"https:\/\/www.caudete.org\/ayuntamiento\/fina-cantos-martinez-homenajeada-en-el-8m-dia-de-la-mujer\/#breadcrumb"},"inLanguage":"es","potentialAction":[{"@type":"ReadAction","target":["https:\/\/www.caudete.org\/ayuntamiento\/fina-cantos-martinez-homenajeada-en-el-8m-dia-de-la-mujer\/"]}]},{"@type":"ImageObject","inLanguage":"es","@id":"https:\/\/www.caudete.org\/ayuntamiento\/fina-cantos-martinez-homenajeada-en-el-8m-dia-de-la-mujer\/#primaryimage","url":"https:\/\/www.caudete.org\/ayuntamiento\/wp-content\/uploads\/2021\/03\/WhatsApp-Image-2021-03-05-at-16.28.06.jpeg","contentUrl":"https:\/\/www.caudete.org\/ayuntamiento\/wp-content\/uploads\/2021\/03\/WhatsApp-Image-2021-03-05-at-16.28.06.jpeg","width":1600,"height":1200},{"@type":"BreadcrumbList","@id":"https:\/\/www.caudete.org\/ayuntamiento\/fina-cantos-martinez-homenajeada-en-el-8m-dia-de-la-mujer\/#breadcrumb","itemListElement":[{"@type":"ListItem","position":1,"name":"Inicio","item":"https:\/\/www.caudete.org\/ayuntamiento\/"},{"@type":"ListItem","position":2,"name":"Fina Cantos Mart\u00ednez, Homenajeada en el 8M, d\u00eda de la Mujer"}]},{"@type":"WebSite","@id":"https:\/\/www.caudete.org\/ayuntamiento\/#website","url":"https:\/\/www.caudete.org\/ayuntamiento\/","name":"MI Ayuntamiento de Caudete","description":"P\u00e1gina Oficial del MI Ayuntamiento de Caudete","publisher":{"@id":"https:\/\/www.caudete.org\/ayuntamiento\/#organization"},"potentialAction":[{"@type":"SearchAction","target":{"@type":"EntryPoint","urlTemplate":"https:\/\/www.caudete.org\/ayuntamiento\/?s={search_term_string}"},"query-input":{"@type":"PropertyValueSpecification","valueRequired":true,"valueName":"search_term_string"}}],"inLanguage":"es"},{"@type":"Organization","@id":"https:\/\/www.caudete.org\/ayuntamiento\/#organization","name":"Ayuntamiento de Caudete","url":"https:\/\/www.caudete.org\/ayuntamiento\/","logo":{"@type":"ImageObject","inLanguage":"es","@id":"https:\/\/www.caudete.org\/ayuntamiento\/#\/schema\/logo\/image\/","url":"https:\/\/www.caudete.org\/ayuntamiento\/wp-content\/uploads\/2020\/11\/logo_ayuntamiento_caudete.jpg","contentUrl":"https:\/\/www.caudete.org\/ayuntamiento\/wp-content\/uploads\/2020\/11\/logo_ayuntamiento_caudete.jpg","width":600,"height":150,"caption":"Ayuntamiento de Caudete"},"image":{"@id":"https:\/\/www.caudete.org\/ayuntamiento\/#\/schema\/logo\/image\/"},"sameAs":["https:\/\/www.facebook.com\/ayuntamientocaudete\/","https:\/\/www.youtube.com\/channel\/UC6VztHaooNsGpw-tNoBEFnQ"]},{"@type":"Person","@id":"https:\/\/www.caudete.org\/ayuntamiento\/#\/schema\/person\/cc646da9133078ee4d8dd47457947253","name":"alcalde","image":{"@type":"ImageObject","inLanguage":"es","@id":"https:\/\/secure.gravatar.com\/avatar\/84a817ba065b29ff08d666b215a215f5c79186a645ccb25b14a663d48a130f77?s=96&d=mm&r=g","url":"https:\/\/secure.gravatar.com\/avatar\/84a817ba065b29ff08d666b215a215f5c79186a645ccb25b14a663d48a130f77?s=96&d=mm&r=g","contentUrl":"https:\/\/secure.gravatar.com\/avatar\/84a817ba065b29ff08d666b215a215f5c79186a645ccb25b14a663d48a130f77?s=96&d=mm&r=g","caption":"alcalde"},"url":"https:\/\/www.caudete.org\/ayuntamiento\/author\/alcalde\/"}]}},"_links":{"self":[{"href":"https:\/\/www.caudete.org\/ayuntamiento\/wp-json\/wp\/v2\/posts\/12858","targetHints":{"allow":["GET"]}}],"collection":[{"href":"https:\/\/www.caudete.org\/ayuntamiento\/wp-json\/wp\/v2\/posts"}],"about":[{"href":"https:\/\/www.caudete.org\/ayuntamiento\/wp-json\/wp\/v2\/types\/post"}],"author":[{"embeddable":true,"href":"https:\/\/www.caudete.org\/ayuntamiento\/wp-json\/wp\/v2\/users\/3"}],"replies":[{"embeddable":true,"href":"https:\/\/www.caudete.org\/ayuntamiento\/wp-json\/wp\/v2\/comments?post=12858"}],"version-history":[{"count":2,"href":"https:\/\/www.caudete.org\/ayuntamiento\/wp-json\/wp\/v2\/posts\/12858\/revisions"}],"predecessor-version":[{"id":12885,"href":"https:\/\/www.caudete.org\/ayuntamiento\/wp-json\/wp\/v2\/posts\/12858\/revisions\/12885"}],"wp:featuredmedia":[{"embeddable":true,"href":"https:\/\/www.caudete.org\/ayuntamiento\/wp-json\/wp\/v2\/media\/12863"}],"wp:attachment":[{"href":"https:\/\/www.caudete.org\/ayuntamiento\/wp-json\/wp\/v2\/media?parent=12858"}],"wp:term":[{"taxonomy":"category","embeddable":true,"href":"https:\/\/www.caudete.org\/ayuntamiento\/wp-json\/wp\/v2\/categories?post=12858"},{"taxonomy":"post_tag","embeddable":true,"href":"https:\/\/www.caudete.org\/ayuntamiento\/wp-json\/wp\/v2\/tags?post=12858"}],"curies":[{"name":"wp","href":"https:\/\/api.w.org\/{rel}","templated":true}]}}