{"id":12966,"date":"2021-03-09T07:44:01","date_gmt":"2021-03-09T06:44:01","guid":{"rendered":"https:\/\/www.caudete.org\/ayuntamiento\/?p=12966"},"modified":"2021-03-09T07:44:01","modified_gmt":"2021-03-09T06:44:01","slug":"el-plan-empleo-52-anos-publica-sus-bases-reguladoras","status":"publish","type":"post","link":"https:\/\/www.caudete.org\/ayuntamiento\/el-plan-empleo-52-anos-publica-sus-bases-reguladoras\/","title":{"rendered":"El PLAN EMPLEO +52 a\u00f1os publica sus Bases Reguladoras"},"content":{"rendered":"<p style=\"text-align: justify;\">M\u00aa del Mar Requena, Concejal de Empleo y Formaci\u00f3n, daba a conocer la publicaci\u00f3n de las Bases Reguladoras de 2 Proyectos, mediante las cuales se proceder\u00e1 a la selecci\u00f3n del personal que se adscribir\u00e1 al Plan de Empleo de mayores de 52 a\u00f1os.<\/p>\n<p style=\"text-align: justify;\">Cabe destacar que el Plan, destinado a mayores de 52 a\u00f1os, est\u00e1 condicionado a la situaci\u00f3n de estar cobrando el subsidio por desempleo y ser demandante de empleo de las familias de oficios a las que se ajustan los Proyectos dise\u00f1ados por el Ayuntamiento de Caudete. Un total de 6 meses ser\u00e1 la duraci\u00f3n de los contratos a jornada completa.<\/p>\n<p style=\"text-align: justify;\">La gesti\u00f3n de las candidaturas corresponde a la Oficina del SEPE, mientras que la selecci\u00f3n de las mismas, se ajusta a los criterios establecidos en las diferentes Bases publicadas por el Ayuntamiento en el Tabl\u00f3n de Anuncios.<\/p>\n<p>Del total de 9 puestos de empleo repartidos en los 4 Proyectos aprobados para el Ayuntamiento de Caudete, en estos momentos se encuentran en fase de oferta los que figuran a continuaci\u00f3n, estando iniciado el <em>Proyecto de Mejoras de Accesibilidad en V\u00edas y Espacios P\u00fablicos <\/em>(con 2 puestos de trabajo), y pendiente de tramitar el <em>Proyecto Puesta en Valor del Patrimonio Hist\u00f3rico-Art\u00edstico <\/em>(con 2 puestos de trabajo)<em>.<\/em><\/p>\n<p>El proyecto <strong><em>Actuaciones de Conservaci\u00f3n y Mantenimiento de Zonas Verdes Urbanas y Medio<\/em> <em>Natural<\/em><\/strong>, en el que se sumar\u00e1n un total de 4 personas, se priorizar\u00e1n las candidaturas en funci\u00f3n de los siguientes criterios:<\/p>\n<p>1. Con car\u00e1cter absoluto se dar\u00e1 prioridad a las mujeres victimas de violencia de g\u00e9nero.<\/p>\n<p>2. Se priorizar\u00e1 a las personas con Discapacidad reconocida de un m\u00ednimo de 33%, con 1 punto.<\/p>\n<p>3. Se tendr\u00e1 en cuenta la mayor adecuaci\u00f3n al puesto seg\u00fan CV recibido de la Oficina de Empleo, seg\u00fan lo siguiente:<\/p>\n<p>a) Titulaci\u00f3n ESO o equivalente (graduado escolar es equivalente a efectos laborales):1 punto<\/p>\n<p>b) Experiencia en trabajos de jardiner\u00eda:<br \/>\n&#8211; 1 punto = hasta 2 a\u00f1os de experiencia<br \/>\n&#8211; 2 puntos = de 2 a 5 a\u00f1os de experiencia<br \/>\n&#8211; 3 puntos = m\u00e1s de 5 a\u00f1os de experiencia<\/p>\n<p>La experiencia laboral se acreditar\u00e1 a trav\u00e9s de Informe de Vida Laboral acompa\u00f1ado de contratos, n\u00f3minas o certificados de empresa. En todo caso, no se computar\u00e1 la experiencia si no queda debidamente acreditada la relaci\u00f3n con el perfil demandado.<\/p>\n<p>c) Carnet de fitosanitarios: 2 puntos<\/p>\n<p>d) Carnet de conducir: 1 punto<\/p>\n<p>4. En caso de empate, se priorizar\u00e1 al candidato de mayor edad.<\/p>\n<p>&nbsp;<\/p>\n<p>El Proyecto <em><strong>Apoyo en Actividades del \u00c1rea de Desarrollo Local del municipio vinculadas a la Estrategia de Internacionalizaci\u00f3n Erasmus del Ayuntamiento de Caudete y Agenda ODS 2030, <\/strong><\/em>en el que se sumar\u00e1 1 persona, se priorizar\u00e1n las candidaturas en funci\u00f3n de los siguientes criterios:<\/p>\n<p>1. Prioridad Absoluta Victimas Violencia G\u00e9nero (obligado por orden reguladora del programa)<\/p>\n<p>2. Discapacidad 1 punto<\/p>\n<p>3. Mayor adecuaci\u00f3n al puesto seg\u00fan CV recibido de la Oficina de Empleo, seg\u00fan lo siguiente:<\/p>\n<p>a) Titulaci\u00f3n Bachillerato: 1 punto<\/p>\n<p>b) Experiencia en trabajos de administraci\u00f3n (auxiliar, administrativo, apoyo administraci\u00f3n, puesto con tareas propias gesti\u00f3n administraci\u00f3n): 3 puntos<br \/>\n&#8211; 1 punto = hasta 2 a\u00f1os de experiencia<br \/>\n&#8211; 2 puntos = de 2 a 5 a\u00f1os de experiencia<br \/>\n&#8211; 3 puntos = m\u00e1s de 5 a\u00f1os de experiencia<\/p>\n<p>La experiencia laboral se acreditar\u00e1 a trav\u00e9s de Informe de Vida Laboral acompa\u00f1ado de contratos, n\u00f3minas o certificados de empresa. En todo caso, no se computar\u00e1 la experiencia si no queda debidamente acreditada la relaci\u00f3n con el perfil demandado.<\/p>\n<p>c) Nivel B1 Ingl\u00e9s acreditado: 4 puntos (Consultar documento CRUE Universidades Espa\u00f1olas: Tablas certificados para la acreditacion de niveles de ingl\u00e9s, que se facilita como anexo a estas bases reguladoras).<\/p>\n<p>4. En caso de empate, se priorizar\u00e1 al candidato de mayor edad.<\/p>\n","protected":false},"excerpt":{"rendered":"<p>M\u00aa del Mar Requena, Concejal de Empleo y Formaci\u00f3n, daba a conocer la publicaci\u00f3n de las Bases Reguladoras de 2 Proyectos, mediante las cuales se proceder\u00e1 a la selecci\u00f3n del personal que se adscribir\u00e1 al Plan de Empleo de mayores de 52 a\u00f1os. Cabe destacar que el Plan, destinado a mayores de 52 a\u00f1os, est\u00e1 &hellip;<\/p>\n","protected":false},"author":3,"featured_media":11875,"comment_status":"closed","ping_status":"open","sticky":false,"template":"","format":"standard","meta":{"ngg_post_thumbnail":0,"footnotes":""},"categories":[37],"tags":[],"class_list":["post-12966","post","type-post","status-publish","format-standard","has-post-thumbnail","hentry","category-empleo-y-formacion"],"yoast_head":"<!-- This site is optimized with the Yoast SEO plugin v27.4 - https:\/\/yoast.com\/product\/yoast-seo-wordpress\/ -->\n<title>El PLAN EMPLEO +52 a\u00f1os publica sus Bases Reguladoras - MI Ayuntamiento de Caudete<\/title>\n<meta name=\"description\" content=\"P\u00e1gina Oficial del Ayuntamiento de Caudete (Albacete)\" \/>\n<meta name=\"robots\" content=\"index, follow, max-snippet:-1, max-image-preview:large, max-video-preview:-1\" \/>\n<link rel=\"canonical\" href=\"https:\/\/www.caudete.org\/ayuntamiento\/el-plan-empleo-52-anos-publica-sus-bases-reguladoras\/\" \/>\n<meta property=\"og:locale\" content=\"es_ES\" \/>\n<meta property=\"og:type\" content=\"article\" \/>\n<meta property=\"og:title\" content=\"El PLAN EMPLEO +52 a\u00f1os publica sus Bases Reguladoras - MI Ayuntamiento de Caudete\" \/>\n<meta property=\"og:description\" content=\"P\u00e1gina Oficial del Ayuntamiento de Caudete (Albacete)\" \/>\n<meta property=\"og:url\" content=\"https:\/\/www.caudete.org\/ayuntamiento\/el-plan-empleo-52-anos-publica-sus-bases-reguladoras\/\" \/>\n<meta property=\"og:site_name\" content=\"MI Ayuntamiento de Caudete\" \/>\n<meta property=\"article:publisher\" content=\"https:\/\/www.facebook.com\/ayuntamientocaudete\/\" \/>\n<meta property=\"article:published_time\" content=\"2021-03-09T06:44:01+00:00\" \/>\n<meta property=\"og:image\" content=\"https:\/\/www.caudete.org\/ayuntamiento\/wp-content\/uploads\/2021\/01\/IMG_20210129_132245-scaled.jpg\" \/>\n\t<meta property=\"og:image:width\" content=\"2560\" \/>\n\t<meta property=\"og:image:height\" content=\"1920\" \/>\n\t<meta property=\"og:image:type\" content=\"image\/jpeg\" \/>\n<meta name=\"author\" content=\"alcalde\" \/>\n<meta name=\"twitter:card\" content=\"summary_large_image\" \/>\n<meta name=\"twitter:label1\" content=\"Escrito por\" \/>\n\t<meta name=\"twitter:data1\" content=\"alcalde\" \/>\n\t<meta name=\"twitter:label2\" content=\"Tiempo de lectura\" \/>\n\t<meta name=\"twitter:data2\" content=\"3 minutos\" \/>\n<script type=\"application\/ld+json\" class=\"yoast-schema-graph\">{\"@context\":\"https:\\\/\\\/schema.org\",\"@graph\":[{\"@type\":\"Article\",\"@id\":\"https:\\\/\\\/www.caudete.org\\\/ayuntamiento\\\/el-plan-empleo-52-anos-publica-sus-bases-reguladoras\\\/#article\",\"isPartOf\":{\"@id\":\"https:\\\/\\\/www.caudete.org\\\/ayuntamiento\\\/el-plan-empleo-52-anos-publica-sus-bases-reguladoras\\\/\"},\"author\":{\"name\":\"alcalde\",\"@id\":\"https:\\\/\\\/www.caudete.org\\\/ayuntamiento\\\/#\\\/schema\\\/person\\\/cc646da9133078ee4d8dd47457947253\"},\"headline\":\"El PLAN EMPLEO +52 a\u00f1os publica sus Bases Reguladoras\",\"datePublished\":\"2021-03-09T06:44:01+00:00\",\"mainEntityOfPage\":{\"@id\":\"https:\\\/\\\/www.caudete.org\\\/ayuntamiento\\\/el-plan-empleo-52-anos-publica-sus-bases-reguladoras\\\/\"},\"wordCount\":638,\"publisher\":{\"@id\":\"https:\\\/\\\/www.caudete.org\\\/ayuntamiento\\\/#organization\"},\"image\":{\"@id\":\"https:\\\/\\\/www.caudete.org\\\/ayuntamiento\\\/el-plan-empleo-52-anos-publica-sus-bases-reguladoras\\\/#primaryimage\"},\"thumbnailUrl\":\"https:\\\/\\\/www.caudete.org\\\/ayuntamiento\\\/wp-content\\\/uploads\\\/2021\\\/01\\\/IMG_20210129_132245-scaled.jpg\",\"articleSection\":[\"Empleo y Formaci\u00f3n\"],\"inLanguage\":\"es\"},{\"@type\":\"WebPage\",\"@id\":\"https:\\\/\\\/www.caudete.org\\\/ayuntamiento\\\/el-plan-empleo-52-anos-publica-sus-bases-reguladoras\\\/\",\"url\":\"https:\\\/\\\/www.caudete.org\\\/ayuntamiento\\\/el-plan-empleo-52-anos-publica-sus-bases-reguladoras\\\/\",\"name\":\"El PLAN EMPLEO +52 a\u00f1os publica sus Bases Reguladoras - MI Ayuntamiento de Caudete\",\"isPartOf\":{\"@id\":\"https:\\\/\\\/www.caudete.org\\\/ayuntamiento\\\/#website\"},\"primaryImageOfPage\":{\"@id\":\"https:\\\/\\\/www.caudete.org\\\/ayuntamiento\\\/el-plan-empleo-52-anos-publica-sus-bases-reguladoras\\\/#primaryimage\"},\"image\":{\"@id\":\"https:\\\/\\\/www.caudete.org\\\/ayuntamiento\\\/el-plan-empleo-52-anos-publica-sus-bases-reguladoras\\\/#primaryimage\"},\"thumbnailUrl\":\"https:\\\/\\\/www.caudete.org\\\/ayuntamiento\\\/wp-content\\\/uploads\\\/2021\\\/01\\\/IMG_20210129_132245-scaled.jpg\",\"datePublished\":\"2021-03-09T06:44:01+00:00\",\"description\":\"P\u00e1gina Oficial del Ayuntamiento de Caudete (Albacete)\",\"breadcrumb\":{\"@id\":\"https:\\\/\\\/www.caudete.org\\\/ayuntamiento\\\/el-plan-empleo-52-anos-publica-sus-bases-reguladoras\\\/#breadcrumb\"},\"inLanguage\":\"es\",\"potentialAction\":[{\"@type\":\"ReadAction\",\"target\":[\"https:\\\/\\\/www.caudete.org\\\/ayuntamiento\\\/el-plan-empleo-52-anos-publica-sus-bases-reguladoras\\\/\"]}]},{\"@type\":\"ImageObject\",\"inLanguage\":\"es\",\"@id\":\"https:\\\/\\\/www.caudete.org\\\/ayuntamiento\\\/el-plan-empleo-52-anos-publica-sus-bases-reguladoras\\\/#primaryimage\",\"url\":\"https:\\\/\\\/www.caudete.org\\\/ayuntamiento\\\/wp-content\\\/uploads\\\/2021\\\/01\\\/IMG_20210129_132245-scaled.jpg\",\"contentUrl\":\"https:\\\/\\\/www.caudete.org\\\/ayuntamiento\\\/wp-content\\\/uploads\\\/2021\\\/01\\\/IMG_20210129_132245-scaled.jpg\",\"width\":2560,\"height\":1920},{\"@type\":\"BreadcrumbList\",\"@id\":\"https:\\\/\\\/www.caudete.org\\\/ayuntamiento\\\/el-plan-empleo-52-anos-publica-sus-bases-reguladoras\\\/#breadcrumb\",\"itemListElement\":[{\"@type\":\"ListItem\",\"position\":1,\"name\":\"Inicio\",\"item\":\"https:\\\/\\\/www.caudete.org\\\/ayuntamiento\\\/\"},{\"@type\":\"ListItem\",\"position\":2,\"name\":\"El PLAN EMPLEO +52 a\u00f1os publica sus Bases Reguladoras\"}]},{\"@type\":\"WebSite\",\"@id\":\"https:\\\/\\\/www.caudete.org\\\/ayuntamiento\\\/#website\",\"url\":\"https:\\\/\\\/www.caudete.org\\\/ayuntamiento\\\/\",\"name\":\"MI Ayuntamiento de Caudete\",\"description\":\"P\u00e1gina Oficial del MI Ayuntamiento de Caudete\",\"publisher\":{\"@id\":\"https:\\\/\\\/www.caudete.org\\\/ayuntamiento\\\/#organization\"},\"potentialAction\":[{\"@type\":\"SearchAction\",\"target\":{\"@type\":\"EntryPoint\",\"urlTemplate\":\"https:\\\/\\\/www.caudete.org\\\/ayuntamiento\\\/?s={search_term_string}\"},\"query-input\":{\"@type\":\"PropertyValueSpecification\",\"valueRequired\":true,\"valueName\":\"search_term_string\"}}],\"inLanguage\":\"es\"},{\"@type\":\"Organization\",\"@id\":\"https:\\\/\\\/www.caudete.org\\\/ayuntamiento\\\/#organization\",\"name\":\"Ayuntamiento de Caudete\",\"url\":\"https:\\\/\\\/www.caudete.org\\\/ayuntamiento\\\/\",\"logo\":{\"@type\":\"ImageObject\",\"inLanguage\":\"es\",\"@id\":\"https:\\\/\\\/www.caudete.org\\\/ayuntamiento\\\/#\\\/schema\\\/logo\\\/image\\\/\",\"url\":\"https:\\\/\\\/www.caudete.org\\\/ayuntamiento\\\/wp-content\\\/uploads\\\/2020\\\/11\\\/logo_ayuntamiento_caudete.jpg\",\"contentUrl\":\"https:\\\/\\\/www.caudete.org\\\/ayuntamiento\\\/wp-content\\\/uploads\\\/2020\\\/11\\\/logo_ayuntamiento_caudete.jpg\",\"width\":600,\"height\":150,\"caption\":\"Ayuntamiento de Caudete\"},\"image\":{\"@id\":\"https:\\\/\\\/www.caudete.org\\\/ayuntamiento\\\/#\\\/schema\\\/logo\\\/image\\\/\"},\"sameAs\":[\"https:\\\/\\\/www.facebook.com\\\/ayuntamientocaudete\\\/\",\"https:\\\/\\\/www.youtube.com\\\/channel\\\/UC6VztHaooNsGpw-tNoBEFnQ\"]},{\"@type\":\"Person\",\"@id\":\"https:\\\/\\\/www.caudete.org\\\/ayuntamiento\\\/#\\\/schema\\\/person\\\/cc646da9133078ee4d8dd47457947253\",\"name\":\"alcalde\",\"image\":{\"@type\":\"ImageObject\",\"inLanguage\":\"es\",\"@id\":\"https:\\\/\\\/secure.gravatar.com\\\/avatar\\\/84a817ba065b29ff08d666b215a215f5c79186a645ccb25b14a663d48a130f77?s=96&d=mm&r=g\",\"url\":\"https:\\\/\\\/secure.gravatar.com\\\/avatar\\\/84a817ba065b29ff08d666b215a215f5c79186a645ccb25b14a663d48a130f77?s=96&d=mm&r=g\",\"contentUrl\":\"https:\\\/\\\/secure.gravatar.com\\\/avatar\\\/84a817ba065b29ff08d666b215a215f5c79186a645ccb25b14a663d48a130f77?s=96&d=mm&r=g\",\"caption\":\"alcalde\"},\"url\":\"https:\\\/\\\/www.caudete.org\\\/ayuntamiento\\\/author\\\/alcalde\\\/\"}]}<\/script>\n<!-- \/ Yoast SEO plugin. -->","yoast_head_json":{"title":"El PLAN EMPLEO +52 a\u00f1os publica sus Bases Reguladoras - MI Ayuntamiento de Caudete","description":"P\u00e1gina Oficial del Ayuntamiento de Caudete (Albacete)","robots":{"index":"index","follow":"follow","max-snippet":"max-snippet:-1","max-image-preview":"max-image-preview:large","max-video-preview":"max-video-preview:-1"},"canonical":"https:\/\/www.caudete.org\/ayuntamiento\/el-plan-empleo-52-anos-publica-sus-bases-reguladoras\/","og_locale":"es_ES","og_type":"article","og_title":"El PLAN EMPLEO +52 a\u00f1os publica sus Bases Reguladoras - MI Ayuntamiento de Caudete","og_description":"P\u00e1gina Oficial del Ayuntamiento de Caudete (Albacete)","og_url":"https:\/\/www.caudete.org\/ayuntamiento\/el-plan-empleo-52-anos-publica-sus-bases-reguladoras\/","og_site_name":"MI Ayuntamiento de Caudete","article_publisher":"https:\/\/www.facebook.com\/ayuntamientocaudete\/","article_published_time":"2021-03-09T06:44:01+00:00","og_image":[{"width":2560,"height":1920,"url":"https:\/\/www.caudete.org\/ayuntamiento\/wp-content\/uploads\/2021\/01\/IMG_20210129_132245-scaled.jpg","type":"image\/jpeg"}],"author":"alcalde","twitter_card":"summary_large_image","twitter_misc":{"Escrito por":"alcalde","Tiempo de lectura":"3 minutos"},"schema":{"@context":"https:\/\/schema.org","@graph":[{"@type":"Article","@id":"https:\/\/www.caudete.org\/ayuntamiento\/el-plan-empleo-52-anos-publica-sus-bases-reguladoras\/#article","isPartOf":{"@id":"https:\/\/www.caudete.org\/ayuntamiento\/el-plan-empleo-52-anos-publica-sus-bases-reguladoras\/"},"author":{"name":"alcalde","@id":"https:\/\/www.caudete.org\/ayuntamiento\/#\/schema\/person\/cc646da9133078ee4d8dd47457947253"},"headline":"El PLAN EMPLEO +52 a\u00f1os publica sus Bases Reguladoras","datePublished":"2021-03-09T06:44:01+00:00","mainEntityOfPage":{"@id":"https:\/\/www.caudete.org\/ayuntamiento\/el-plan-empleo-52-anos-publica-sus-bases-reguladoras\/"},"wordCount":638,"publisher":{"@id":"https:\/\/www.caudete.org\/ayuntamiento\/#organization"},"image":{"@id":"https:\/\/www.caudete.org\/ayuntamiento\/el-plan-empleo-52-anos-publica-sus-bases-reguladoras\/#primaryimage"},"thumbnailUrl":"https:\/\/www.caudete.org\/ayuntamiento\/wp-content\/uploads\/2021\/01\/IMG_20210129_132245-scaled.jpg","articleSection":["Empleo y Formaci\u00f3n"],"inLanguage":"es"},{"@type":"WebPage","@id":"https:\/\/www.caudete.org\/ayuntamiento\/el-plan-empleo-52-anos-publica-sus-bases-reguladoras\/","url":"https:\/\/www.caudete.org\/ayuntamiento\/el-plan-empleo-52-anos-publica-sus-bases-reguladoras\/","name":"El PLAN EMPLEO +52 a\u00f1os publica sus Bases Reguladoras - MI Ayuntamiento de Caudete","isPartOf":{"@id":"https:\/\/www.caudete.org\/ayuntamiento\/#website"},"primaryImageOfPage":{"@id":"https:\/\/www.caudete.org\/ayuntamiento\/el-plan-empleo-52-anos-publica-sus-bases-reguladoras\/#primaryimage"},"image":{"@id":"https:\/\/www.caudete.org\/ayuntamiento\/el-plan-empleo-52-anos-publica-sus-bases-reguladoras\/#primaryimage"},"thumbnailUrl":"https:\/\/www.caudete.org\/ayuntamiento\/wp-content\/uploads\/2021\/01\/IMG_20210129_132245-scaled.jpg","datePublished":"2021-03-09T06:44:01+00:00","description":"P\u00e1gina Oficial del Ayuntamiento de Caudete (Albacete)","breadcrumb":{"@id":"https:\/\/www.caudete.org\/ayuntamiento\/el-plan-empleo-52-anos-publica-sus-bases-reguladoras\/#breadcrumb"},"inLanguage":"es","potentialAction":[{"@type":"ReadAction","target":["https:\/\/www.caudete.org\/ayuntamiento\/el-plan-empleo-52-anos-publica-sus-bases-reguladoras\/"]}]},{"@type":"ImageObject","inLanguage":"es","@id":"https:\/\/www.caudete.org\/ayuntamiento\/el-plan-empleo-52-anos-publica-sus-bases-reguladoras\/#primaryimage","url":"https:\/\/www.caudete.org\/ayuntamiento\/wp-content\/uploads\/2021\/01\/IMG_20210129_132245-scaled.jpg","contentUrl":"https:\/\/www.caudete.org\/ayuntamiento\/wp-content\/uploads\/2021\/01\/IMG_20210129_132245-scaled.jpg","width":2560,"height":1920},{"@type":"BreadcrumbList","@id":"https:\/\/www.caudete.org\/ayuntamiento\/el-plan-empleo-52-anos-publica-sus-bases-reguladoras\/#breadcrumb","itemListElement":[{"@type":"ListItem","position":1,"name":"Inicio","item":"https:\/\/www.caudete.org\/ayuntamiento\/"},{"@type":"ListItem","position":2,"name":"El PLAN EMPLEO +52 a\u00f1os publica sus Bases Reguladoras"}]},{"@type":"WebSite","@id":"https:\/\/www.caudete.org\/ayuntamiento\/#website","url":"https:\/\/www.caudete.org\/ayuntamiento\/","name":"MI Ayuntamiento de Caudete","description":"P\u00e1gina Oficial del MI Ayuntamiento de Caudete","publisher":{"@id":"https:\/\/www.caudete.org\/ayuntamiento\/#organization"},"potentialAction":[{"@type":"SearchAction","target":{"@type":"EntryPoint","urlTemplate":"https:\/\/www.caudete.org\/ayuntamiento\/?s={search_term_string}"},"query-input":{"@type":"PropertyValueSpecification","valueRequired":true,"valueName":"search_term_string"}}],"inLanguage":"es"},{"@type":"Organization","@id":"https:\/\/www.caudete.org\/ayuntamiento\/#organization","name":"Ayuntamiento de Caudete","url":"https:\/\/www.caudete.org\/ayuntamiento\/","logo":{"@type":"ImageObject","inLanguage":"es","@id":"https:\/\/www.caudete.org\/ayuntamiento\/#\/schema\/logo\/image\/","url":"https:\/\/www.caudete.org\/ayuntamiento\/wp-content\/uploads\/2020\/11\/logo_ayuntamiento_caudete.jpg","contentUrl":"https:\/\/www.caudete.org\/ayuntamiento\/wp-content\/uploads\/2020\/11\/logo_ayuntamiento_caudete.jpg","width":600,"height":150,"caption":"Ayuntamiento de Caudete"},"image":{"@id":"https:\/\/www.caudete.org\/ayuntamiento\/#\/schema\/logo\/image\/"},"sameAs":["https:\/\/www.facebook.com\/ayuntamientocaudete\/","https:\/\/www.youtube.com\/channel\/UC6VztHaooNsGpw-tNoBEFnQ"]},{"@type":"Person","@id":"https:\/\/www.caudete.org\/ayuntamiento\/#\/schema\/person\/cc646da9133078ee4d8dd47457947253","name":"alcalde","image":{"@type":"ImageObject","inLanguage":"es","@id":"https:\/\/secure.gravatar.com\/avatar\/84a817ba065b29ff08d666b215a215f5c79186a645ccb25b14a663d48a130f77?s=96&d=mm&r=g","url":"https:\/\/secure.gravatar.com\/avatar\/84a817ba065b29ff08d666b215a215f5c79186a645ccb25b14a663d48a130f77?s=96&d=mm&r=g","contentUrl":"https:\/\/secure.gravatar.com\/avatar\/84a817ba065b29ff08d666b215a215f5c79186a645ccb25b14a663d48a130f77?s=96&d=mm&r=g","caption":"alcalde"},"url":"https:\/\/www.caudete.org\/ayuntamiento\/author\/alcalde\/"}]}},"_links":{"self":[{"href":"https:\/\/www.caudete.org\/ayuntamiento\/wp-json\/wp\/v2\/posts\/12966","targetHints":{"allow":["GET"]}}],"collection":[{"href":"https:\/\/www.caudete.org\/ayuntamiento\/wp-json\/wp\/v2\/posts"}],"about":[{"href":"https:\/\/www.caudete.org\/ayuntamiento\/wp-json\/wp\/v2\/types\/post"}],"author":[{"embeddable":true,"href":"https:\/\/www.caudete.org\/ayuntamiento\/wp-json\/wp\/v2\/users\/3"}],"replies":[{"embeddable":true,"href":"https:\/\/www.caudete.org\/ayuntamiento\/wp-json\/wp\/v2\/comments?post=12966"}],"version-history":[{"count":2,"href":"https:\/\/www.caudete.org\/ayuntamiento\/wp-json\/wp\/v2\/posts\/12966\/revisions"}],"predecessor-version":[{"id":12968,"href":"https:\/\/www.caudete.org\/ayuntamiento\/wp-json\/wp\/v2\/posts\/12966\/revisions\/12968"}],"wp:featuredmedia":[{"embeddable":true,"href":"https:\/\/www.caudete.org\/ayuntamiento\/wp-json\/wp\/v2\/media\/11875"}],"wp:attachment":[{"href":"https:\/\/www.caudete.org\/ayuntamiento\/wp-json\/wp\/v2\/media?parent=12966"}],"wp:term":[{"taxonomy":"category","embeddable":true,"href":"https:\/\/www.caudete.org\/ayuntamiento\/wp-json\/wp\/v2\/categories?post=12966"},{"taxonomy":"post_tag","embeddable":true,"href":"https:\/\/www.caudete.org\/ayuntamiento\/wp-json\/wp\/v2\/tags?post=12966"}],"curies":[{"name":"wp","href":"https:\/\/api.w.org\/{rel}","templated":true}]}}