{"id":13120,"date":"2021-03-12T12:18:24","date_gmt":"2021-03-12T11:18:24","guid":{"rendered":"https:\/\/www.caudete.org\/ayuntamiento\/?p=13120"},"modified":"2021-03-12T12:58:34","modified_gmt":"2021-03-12T11:58:34","slug":"corte-del-trafico-por-vereda-de-santa-ana-durante-3-meses","status":"publish","type":"post","link":"https:\/\/www.caudete.org\/ayuntamiento\/corte-del-trafico-por-vereda-de-santa-ana-durante-3-meses\/","title":{"rendered":"Corte del Tr\u00e1fico por VEREDA DE SANTA ANA durante 3 semanas"},"content":{"rendered":"<p style=\"text-align: justify;\"><span style=\"font-weight: 400;\">La construcci\u00f3n de la Autov\u00eda A-33 a su paso por Caudete aumenta el ritmo de su ejecuci\u00f3n y supone cambios en el tr\u00e1fico de los pasos que la atraviesan. Ante ello, el Concejal de Movilidad Urbana, Joaqu\u00edn Pag\u00e1n, ha trasladado los cambios que en la pr\u00f3xima semana se sumar\u00e1n a los actuales.<\/span><\/p>\n<p style=\"text-align: justify;\"><span style=\"font-weight: 400;\">En estos momentos el tr\u00e1fico de la N-344 est\u00e1 circulando por el interior de la poblaci\u00f3n, por la Avenida de Valencia, y esta situaci\u00f3n permanecer\u00e1 durante 3 semanas.<\/span><\/p>\n<p style=\"text-align: justify;\"><span style=\"font-weight: 400;\">Pero, ser\u00e1 a partir del <strong>pr\u00f3ximo martes 16 de marzo <\/strong>(aproximadamente)\u00a0se inician los trabajos de demolici\u00f3n del puente a su paso por la <strong>Vereda de Santa Ana<\/strong> y permanecer\u00e1 <strong>cerrado<\/strong> este paso durante <strong>tres semanas<\/strong>.<\/span><\/p>\n<p style=\"text-align: justify;\"><span style=\"font-weight: 400;\">El posible recorrido alternativo para\u00a0 ir hacia la parte superior de la Vereda de Santa Ana se aconseja ir por las rotondas de entrada\/salida a Caudete desde Yecla, pero t<\/span><span style=\"font-weight: 400;\">ambi\u00e9n es posible el paso a trav\u00e9s del camino del Cabezo.<\/span><span style=\"font-weight: 400;\">\u00a0<\/span><\/p>\n<p style=\"text-align: justify;\"><span style=\"font-weight: 400;\">En el gr\u00e1fico se muestra los posibles recorridos.<\/span><\/p>\n","protected":false},"excerpt":{"rendered":"<p>La construcci\u00f3n de la Autov\u00eda A-33 a su paso por Caudete aumenta el ritmo de su ejecuci\u00f3n y supone cambios en el tr\u00e1fico de los pasos que la atraviesan. Ante ello, el Concejal de Movilidad Urbana, Joaqu\u00edn Pag\u00e1n, ha trasladado los cambios que en la pr\u00f3xima semana se sumar\u00e1n a los actuales. En estos momentos &hellip;<\/p>\n","protected":false},"author":3,"featured_media":13121,"comment_status":"closed","ping_status":"open","sticky":false,"template":"","format":"standard","meta":{"ngg_post_thumbnail":0,"footnotes":""},"categories":[46],"tags":[424,405,253,406],"class_list":["post-13120","post","type-post","status-publish","format-standard","has-post-thumbnail","hentry","category-movilidad-urbana","tag-a-33","tag-autovia","tag-obras-autovia","tag-valencia-murcia"],"yoast_head":"<!-- This site is optimized with the Yoast SEO plugin v27.5 - https:\/\/yoast.com\/product\/yoast-seo-wordpress\/ -->\n<title>Corte del Tr\u00e1fico por VEREDA DE SANTA ANA durante 3 semanas - MI Ayuntamiento de Caudete<\/title>\n<meta name=\"description\" content=\"P\u00e1gina Oficial del Ayuntamiento de Caudete (Albacete)\" \/>\n<meta name=\"robots\" content=\"index, follow, max-snippet:-1, max-image-preview:large, max-video-preview:-1\" \/>\n<link rel=\"canonical\" href=\"https:\/\/www.caudete.org\/ayuntamiento\/corte-del-trafico-por-vereda-de-santa-ana-durante-3-meses\/\" \/>\n<meta property=\"og:locale\" content=\"es_ES\" \/>\n<meta property=\"og:type\" content=\"article\" \/>\n<meta property=\"og:title\" content=\"Corte del Tr\u00e1fico por VEREDA DE SANTA ANA durante 3 semanas - MI Ayuntamiento de Caudete\" \/>\n<meta property=\"og:description\" content=\"P\u00e1gina Oficial del Ayuntamiento de Caudete (Albacete)\" \/>\n<meta property=\"og:url\" content=\"https:\/\/www.caudete.org\/ayuntamiento\/corte-del-trafico-por-vereda-de-santa-ana-durante-3-meses\/\" \/>\n<meta property=\"og:site_name\" content=\"MI Ayuntamiento de Caudete\" \/>\n<meta property=\"article:publisher\" content=\"https:\/\/www.facebook.com\/ayuntamientocaudete\/\" \/>\n<meta property=\"article:published_time\" content=\"2021-03-12T11:18:24+00:00\" \/>\n<meta property=\"article:modified_time\" content=\"2021-03-12T11:58:34+00:00\" \/>\n<meta property=\"og:image\" content=\"https:\/\/www.caudete.org\/ayuntamiento\/wp-content\/uploads\/2021\/03\/WhatsApp-Image-2021-03-12-at-12.11.12.jpeg\" \/>\n\t<meta property=\"og:image:width\" content=\"1132\" \/>\n\t<meta property=\"og:image:height\" content=\"780\" \/>\n\t<meta property=\"og:image:type\" content=\"image\/jpeg\" \/>\n<meta name=\"author\" content=\"alcalde\" \/>\n<meta name=\"twitter:card\" content=\"summary_large_image\" \/>\n<meta name=\"twitter:label1\" content=\"Escrito por\" \/>\n\t<meta name=\"twitter:data1\" content=\"alcalde\" \/>\n\t<meta name=\"twitter:label2\" content=\"Tiempo de lectura\" \/>\n\t<meta name=\"twitter:data2\" content=\"1 minuto\" \/>\n<script type=\"application\/ld+json\" class=\"yoast-schema-graph\">{\"@context\":\"https:\\\/\\\/schema.org\",\"@graph\":[{\"@type\":\"Article\",\"@id\":\"https:\\\/\\\/www.caudete.org\\\/ayuntamiento\\\/corte-del-trafico-por-vereda-de-santa-ana-durante-3-meses\\\/#article\",\"isPartOf\":{\"@id\":\"https:\\\/\\\/www.caudete.org\\\/ayuntamiento\\\/corte-del-trafico-por-vereda-de-santa-ana-durante-3-meses\\\/\"},\"author\":{\"name\":\"alcalde\",\"@id\":\"https:\\\/\\\/www.caudete.org\\\/ayuntamiento\\\/#\\\/schema\\\/person\\\/cc646da9133078ee4d8dd47457947253\"},\"headline\":\"Corte del Tr\u00e1fico por VEREDA DE SANTA ANA durante 3 semanas\",\"datePublished\":\"2021-03-12T11:18:24+00:00\",\"dateModified\":\"2021-03-12T11:58:34+00:00\",\"mainEntityOfPage\":{\"@id\":\"https:\\\/\\\/www.caudete.org\\\/ayuntamiento\\\/corte-del-trafico-por-vereda-de-santa-ana-durante-3-meses\\\/\"},\"wordCount\":191,\"image\":{\"@id\":\"https:\\\/\\\/www.caudete.org\\\/ayuntamiento\\\/corte-del-trafico-por-vereda-de-santa-ana-durante-3-meses\\\/#primaryimage\"},\"thumbnailUrl\":\"https:\\\/\\\/www.caudete.org\\\/ayuntamiento\\\/wp-content\\\/uploads\\\/2021\\\/03\\\/WhatsApp-Image-2021-03-12-at-12.11.12.jpeg\",\"keywords\":[\"a-33\",\"autovia\",\"obras autovia\",\"valencia-murcia\"],\"articleSection\":[\"Movilidad Urbana\"],\"inLanguage\":\"es\"},{\"@type\":\"WebPage\",\"@id\":\"https:\\\/\\\/www.caudete.org\\\/ayuntamiento\\\/corte-del-trafico-por-vereda-de-santa-ana-durante-3-meses\\\/\",\"url\":\"https:\\\/\\\/www.caudete.org\\\/ayuntamiento\\\/corte-del-trafico-por-vereda-de-santa-ana-durante-3-meses\\\/\",\"name\":\"Corte del Tr\u00e1fico por VEREDA DE SANTA ANA durante 3 semanas - MI Ayuntamiento de Caudete\",\"isPartOf\":{\"@id\":\"https:\\\/\\\/www.caudete.org\\\/ayuntamiento\\\/#website\"},\"primaryImageOfPage\":{\"@id\":\"https:\\\/\\\/www.caudete.org\\\/ayuntamiento\\\/corte-del-trafico-por-vereda-de-santa-ana-durante-3-meses\\\/#primaryimage\"},\"image\":{\"@id\":\"https:\\\/\\\/www.caudete.org\\\/ayuntamiento\\\/corte-del-trafico-por-vereda-de-santa-ana-durante-3-meses\\\/#primaryimage\"},\"thumbnailUrl\":\"https:\\\/\\\/www.caudete.org\\\/ayuntamiento\\\/wp-content\\\/uploads\\\/2021\\\/03\\\/WhatsApp-Image-2021-03-12-at-12.11.12.jpeg\",\"datePublished\":\"2021-03-12T11:18:24+00:00\",\"dateModified\":\"2021-03-12T11:58:34+00:00\",\"author\":{\"@id\":\"https:\\\/\\\/www.caudete.org\\\/ayuntamiento\\\/#\\\/schema\\\/person\\\/cc646da9133078ee4d8dd47457947253\"},\"description\":\"P\u00e1gina Oficial del Ayuntamiento de Caudete (Albacete)\",\"breadcrumb\":{\"@id\":\"https:\\\/\\\/www.caudete.org\\\/ayuntamiento\\\/corte-del-trafico-por-vereda-de-santa-ana-durante-3-meses\\\/#breadcrumb\"},\"inLanguage\":\"es\",\"potentialAction\":[{\"@type\":\"ReadAction\",\"target\":[\"https:\\\/\\\/www.caudete.org\\\/ayuntamiento\\\/corte-del-trafico-por-vereda-de-santa-ana-durante-3-meses\\\/\"]}]},{\"@type\":\"ImageObject\",\"inLanguage\":\"es\",\"@id\":\"https:\\\/\\\/www.caudete.org\\\/ayuntamiento\\\/corte-del-trafico-por-vereda-de-santa-ana-durante-3-meses\\\/#primaryimage\",\"url\":\"https:\\\/\\\/www.caudete.org\\\/ayuntamiento\\\/wp-content\\\/uploads\\\/2021\\\/03\\\/WhatsApp-Image-2021-03-12-at-12.11.12.jpeg\",\"contentUrl\":\"https:\\\/\\\/www.caudete.org\\\/ayuntamiento\\\/wp-content\\\/uploads\\\/2021\\\/03\\\/WhatsApp-Image-2021-03-12-at-12.11.12.jpeg\",\"width\":1132,\"height\":780},{\"@type\":\"BreadcrumbList\",\"@id\":\"https:\\\/\\\/www.caudete.org\\\/ayuntamiento\\\/corte-del-trafico-por-vereda-de-santa-ana-durante-3-meses\\\/#breadcrumb\",\"itemListElement\":[{\"@type\":\"ListItem\",\"position\":1,\"name\":\"Inicio\",\"item\":\"https:\\\/\\\/www.caudete.org\\\/ayuntamiento\\\/\"},{\"@type\":\"ListItem\",\"position\":2,\"name\":\"Corte del Tr\u00e1fico por VEREDA DE SANTA ANA durante 3 semanas\"}]},{\"@type\":\"WebSite\",\"@id\":\"https:\\\/\\\/www.caudete.org\\\/ayuntamiento\\\/#website\",\"url\":\"https:\\\/\\\/www.caudete.org\\\/ayuntamiento\\\/\",\"name\":\"MI Ayuntamiento de Caudete\",\"description\":\"P\u00e1gina Oficial del MI Ayuntamiento de Caudete\",\"potentialAction\":[{\"@type\":\"SearchAction\",\"target\":{\"@type\":\"EntryPoint\",\"urlTemplate\":\"https:\\\/\\\/www.caudete.org\\\/ayuntamiento\\\/?s={search_term_string}\"},\"query-input\":{\"@type\":\"PropertyValueSpecification\",\"valueRequired\":true,\"valueName\":\"search_term_string\"}}],\"inLanguage\":\"es\"},{\"@type\":\"Person\",\"@id\":\"https:\\\/\\\/www.caudete.org\\\/ayuntamiento\\\/#\\\/schema\\\/person\\\/cc646da9133078ee4d8dd47457947253\",\"name\":\"alcalde\",\"image\":{\"@type\":\"ImageObject\",\"inLanguage\":\"es\",\"@id\":\"https:\\\/\\\/secure.gravatar.com\\\/avatar\\\/84a817ba065b29ff08d666b215a215f5c79186a645ccb25b14a663d48a130f77?s=96&d=mm&r=g\",\"url\":\"https:\\\/\\\/secure.gravatar.com\\\/avatar\\\/84a817ba065b29ff08d666b215a215f5c79186a645ccb25b14a663d48a130f77?s=96&d=mm&r=g\",\"contentUrl\":\"https:\\\/\\\/secure.gravatar.com\\\/avatar\\\/84a817ba065b29ff08d666b215a215f5c79186a645ccb25b14a663d48a130f77?s=96&d=mm&r=g\",\"caption\":\"alcalde\"},\"url\":\"https:\\\/\\\/www.caudete.org\\\/ayuntamiento\\\/author\\\/alcalde\\\/\"}]}<\/script>\n<!-- \/ Yoast SEO plugin. -->","yoast_head_json":{"title":"Corte del Tr\u00e1fico por VEREDA DE SANTA ANA durante 3 semanas - MI Ayuntamiento de Caudete","description":"P\u00e1gina Oficial del Ayuntamiento de Caudete (Albacete)","robots":{"index":"index","follow":"follow","max-snippet":"max-snippet:-1","max-image-preview":"max-image-preview:large","max-video-preview":"max-video-preview:-1"},"canonical":"https:\/\/www.caudete.org\/ayuntamiento\/corte-del-trafico-por-vereda-de-santa-ana-durante-3-meses\/","og_locale":"es_ES","og_type":"article","og_title":"Corte del Tr\u00e1fico por VEREDA DE SANTA ANA durante 3 semanas - MI Ayuntamiento de Caudete","og_description":"P\u00e1gina Oficial del Ayuntamiento de Caudete (Albacete)","og_url":"https:\/\/www.caudete.org\/ayuntamiento\/corte-del-trafico-por-vereda-de-santa-ana-durante-3-meses\/","og_site_name":"MI Ayuntamiento de Caudete","article_publisher":"https:\/\/www.facebook.com\/ayuntamientocaudete\/","article_published_time":"2021-03-12T11:18:24+00:00","article_modified_time":"2021-03-12T11:58:34+00:00","og_image":[{"width":1132,"height":780,"url":"https:\/\/www.caudete.org\/ayuntamiento\/wp-content\/uploads\/2021\/03\/WhatsApp-Image-2021-03-12-at-12.11.12.jpeg","type":"image\/jpeg"}],"author":"alcalde","twitter_card":"summary_large_image","twitter_misc":{"Escrito por":"alcalde","Tiempo de lectura":"1 minuto"},"schema":{"@context":"https:\/\/schema.org","@graph":[{"@type":"Article","@id":"https:\/\/www.caudete.org\/ayuntamiento\/corte-del-trafico-por-vereda-de-santa-ana-durante-3-meses\/#article","isPartOf":{"@id":"https:\/\/www.caudete.org\/ayuntamiento\/corte-del-trafico-por-vereda-de-santa-ana-durante-3-meses\/"},"author":{"name":"alcalde","@id":"https:\/\/www.caudete.org\/ayuntamiento\/#\/schema\/person\/cc646da9133078ee4d8dd47457947253"},"headline":"Corte del Tr\u00e1fico por VEREDA DE SANTA ANA durante 3 semanas","datePublished":"2021-03-12T11:18:24+00:00","dateModified":"2021-03-12T11:58:34+00:00","mainEntityOfPage":{"@id":"https:\/\/www.caudete.org\/ayuntamiento\/corte-del-trafico-por-vereda-de-santa-ana-durante-3-meses\/"},"wordCount":191,"image":{"@id":"https:\/\/www.caudete.org\/ayuntamiento\/corte-del-trafico-por-vereda-de-santa-ana-durante-3-meses\/#primaryimage"},"thumbnailUrl":"https:\/\/www.caudete.org\/ayuntamiento\/wp-content\/uploads\/2021\/03\/WhatsApp-Image-2021-03-12-at-12.11.12.jpeg","keywords":["a-33","autovia","obras autovia","valencia-murcia"],"articleSection":["Movilidad Urbana"],"inLanguage":"es"},{"@type":"WebPage","@id":"https:\/\/www.caudete.org\/ayuntamiento\/corte-del-trafico-por-vereda-de-santa-ana-durante-3-meses\/","url":"https:\/\/www.caudete.org\/ayuntamiento\/corte-del-trafico-por-vereda-de-santa-ana-durante-3-meses\/","name":"Corte del Tr\u00e1fico por VEREDA DE SANTA ANA durante 3 semanas - MI Ayuntamiento de Caudete","isPartOf":{"@id":"https:\/\/www.caudete.org\/ayuntamiento\/#website"},"primaryImageOfPage":{"@id":"https:\/\/www.caudete.org\/ayuntamiento\/corte-del-trafico-por-vereda-de-santa-ana-durante-3-meses\/#primaryimage"},"image":{"@id":"https:\/\/www.caudete.org\/ayuntamiento\/corte-del-trafico-por-vereda-de-santa-ana-durante-3-meses\/#primaryimage"},"thumbnailUrl":"https:\/\/www.caudete.org\/ayuntamiento\/wp-content\/uploads\/2021\/03\/WhatsApp-Image-2021-03-12-at-12.11.12.jpeg","datePublished":"2021-03-12T11:18:24+00:00","dateModified":"2021-03-12T11:58:34+00:00","author":{"@id":"https:\/\/www.caudete.org\/ayuntamiento\/#\/schema\/person\/cc646da9133078ee4d8dd47457947253"},"description":"P\u00e1gina Oficial del Ayuntamiento de Caudete (Albacete)","breadcrumb":{"@id":"https:\/\/www.caudete.org\/ayuntamiento\/corte-del-trafico-por-vereda-de-santa-ana-durante-3-meses\/#breadcrumb"},"inLanguage":"es","potentialAction":[{"@type":"ReadAction","target":["https:\/\/www.caudete.org\/ayuntamiento\/corte-del-trafico-por-vereda-de-santa-ana-durante-3-meses\/"]}]},{"@type":"ImageObject","inLanguage":"es","@id":"https:\/\/www.caudete.org\/ayuntamiento\/corte-del-trafico-por-vereda-de-santa-ana-durante-3-meses\/#primaryimage","url":"https:\/\/www.caudete.org\/ayuntamiento\/wp-content\/uploads\/2021\/03\/WhatsApp-Image-2021-03-12-at-12.11.12.jpeg","contentUrl":"https:\/\/www.caudete.org\/ayuntamiento\/wp-content\/uploads\/2021\/03\/WhatsApp-Image-2021-03-12-at-12.11.12.jpeg","width":1132,"height":780},{"@type":"BreadcrumbList","@id":"https:\/\/www.caudete.org\/ayuntamiento\/corte-del-trafico-por-vereda-de-santa-ana-durante-3-meses\/#breadcrumb","itemListElement":[{"@type":"ListItem","position":1,"name":"Inicio","item":"https:\/\/www.caudete.org\/ayuntamiento\/"},{"@type":"ListItem","position":2,"name":"Corte del Tr\u00e1fico por VEREDA DE SANTA ANA durante 3 semanas"}]},{"@type":"WebSite","@id":"https:\/\/www.caudete.org\/ayuntamiento\/#website","url":"https:\/\/www.caudete.org\/ayuntamiento\/","name":"MI Ayuntamiento de Caudete","description":"P\u00e1gina Oficial del MI Ayuntamiento de Caudete","potentialAction":[{"@type":"SearchAction","target":{"@type":"EntryPoint","urlTemplate":"https:\/\/www.caudete.org\/ayuntamiento\/?s={search_term_string}"},"query-input":{"@type":"PropertyValueSpecification","valueRequired":true,"valueName":"search_term_string"}}],"inLanguage":"es"},{"@type":"Person","@id":"https:\/\/www.caudete.org\/ayuntamiento\/#\/schema\/person\/cc646da9133078ee4d8dd47457947253","name":"alcalde","image":{"@type":"ImageObject","inLanguage":"es","@id":"https:\/\/secure.gravatar.com\/avatar\/84a817ba065b29ff08d666b215a215f5c79186a645ccb25b14a663d48a130f77?s=96&d=mm&r=g","url":"https:\/\/secure.gravatar.com\/avatar\/84a817ba065b29ff08d666b215a215f5c79186a645ccb25b14a663d48a130f77?s=96&d=mm&r=g","contentUrl":"https:\/\/secure.gravatar.com\/avatar\/84a817ba065b29ff08d666b215a215f5c79186a645ccb25b14a663d48a130f77?s=96&d=mm&r=g","caption":"alcalde"},"url":"https:\/\/www.caudete.org\/ayuntamiento\/author\/alcalde\/"}]}},"_links":{"self":[{"href":"https:\/\/www.caudete.org\/ayuntamiento\/wp-json\/wp\/v2\/posts\/13120","targetHints":{"allow":["GET"]}}],"collection":[{"href":"https:\/\/www.caudete.org\/ayuntamiento\/wp-json\/wp\/v2\/posts"}],"about":[{"href":"https:\/\/www.caudete.org\/ayuntamiento\/wp-json\/wp\/v2\/types\/post"}],"author":[{"embeddable":true,"href":"https:\/\/www.caudete.org\/ayuntamiento\/wp-json\/wp\/v2\/users\/3"}],"replies":[{"embeddable":true,"href":"https:\/\/www.caudete.org\/ayuntamiento\/wp-json\/wp\/v2\/comments?post=13120"}],"version-history":[{"count":2,"href":"https:\/\/www.caudete.org\/ayuntamiento\/wp-json\/wp\/v2\/posts\/13120\/revisions"}],"predecessor-version":[{"id":13124,"href":"https:\/\/www.caudete.org\/ayuntamiento\/wp-json\/wp\/v2\/posts\/13120\/revisions\/13124"}],"wp:featuredmedia":[{"embeddable":true,"href":"https:\/\/www.caudete.org\/ayuntamiento\/wp-json\/wp\/v2\/media\/13121"}],"wp:attachment":[{"href":"https:\/\/www.caudete.org\/ayuntamiento\/wp-json\/wp\/v2\/media?parent=13120"}],"wp:term":[{"taxonomy":"category","embeddable":true,"href":"https:\/\/www.caudete.org\/ayuntamiento\/wp-json\/wp\/v2\/categories?post=13120"},{"taxonomy":"post_tag","embeddable":true,"href":"https:\/\/www.caudete.org\/ayuntamiento\/wp-json\/wp\/v2\/tags?post=13120"}],"curies":[{"name":"wp","href":"https:\/\/api.w.org\/{rel}","templated":true}]}}