{"id":13123,"date":"2021-03-12T13:20:36","date_gmt":"2021-03-12T12:20:36","guid":{"rendered":"https:\/\/www.caudete.org\/ayuntamiento\/?p=13123"},"modified":"2021-03-12T13:20:36","modified_gmt":"2021-03-12T12:20:36","slug":"0-contagios-al-fin-una-buena-noticia-en-pandemia","status":"publish","type":"post","link":"https:\/\/www.caudete.org\/ayuntamiento\/0-contagios-al-fin-una-buena-noticia-en-pandemia\/","title":{"rendered":"0 contagios, al fin una buena noticia en Pandemia"},"content":{"rendered":"<p style=\"text-align: justify;\">Desde el Ayuntamiento de Caudete y como viene siendo habitual cada viernes, ofrecemos datos actualizados de Covid19 en la localidad, informaci\u00f3n facilitada por la Consejer\u00eda de Sanidad y por la Gerencia del Hospital de Almansa.<\/p>\n<p style=\"text-align: justify;\">Al fin llega una noticia ansiada por todos los caudetanos: cero contagios por Covid-19 en la \u00faltima semana. La tendencia decreciente de los casos en las \u00faltimas semanas nos conduce a &#8220;<em>un momento que sanitariamente para Caudete puede considerarse el mejor dentro de las consecuencias negativas de la pandemia, pero a la vez un dato con el que no podemos confiarnos<\/em>&#8221; como expone el Alcalde Mois\u00e9s L\u00f3pez.<\/p>\n<p style=\"text-align: justify;\">Adem\u00e1s, hoy nos ha llegado informaci\u00f3n al respecto de la Gerencia del Hospital de Almansa, que complementa a la dada oficialmente por la Consejer\u00eda de Sanidad, la cual nos permite conocer la situaci\u00f3n de las \u00e1reas de Almansa y Bonete, y por tanto, de la situaci\u00f3n propia del Hospital de Almansa en cuanto a Covid-19.<\/p>\n<p style=\"text-align: justify;\">En estos momentos, la localidad presenta un dato acumulado de 1.029 caudetanos que han sido seguidos por el Covid-19 desde el principio de la pandemia, donde figuran tanto los positivos como los aislados (sin ser positivos); y el dato bueno que nos ofrece la Gerencia de Almansa es que no hay ning\u00fan caudetano en seguimiento por Covid, ni tampoco ning\u00fan caudetano aislado por contacto estrecho.<\/p>\n<p style=\"text-align: justify;\">El Hospital General de Almansa tiene en su conjunto (zona de Almansa, Caudete y Bonete) a 1 paciente ingresado en planta afectados por covid-19 y en la Unidad de Cuidados Intensivos (UCI) un total de 2 (datos a fecha 12 Marzo 2021).<\/p>\n<p style=\"text-align: justify;\">En cuanto a las zonas de Almansa y Bonete, la primera presenta 30 positivos en seguimiento y 147 aislados, con un dato acumulado de 2.569 afectados; mientras que el \u00e1rea de Bonete disfruta de la misma situaci\u00f3n que nuestra localidad, pero con un dato acumulado de 1.516 afectados.<\/p>\n<p style=\"text-align: justify;\">Rogamos de forma encarecida a toda la poblaci\u00f3n conciencia absoluta con la situaci\u00f3n, extremando al m\u00e1ximo el cumplimiento \u00edntegro de las medidas sanitarias y recomendaciones que permitan frenar y reducir la situaci\u00f3n de epidemia y sus consecuencias, sin caer en el relajamiento de todas estas medidas.<\/p>\n<p style=\"text-align: justify;\">Igualmente, pedimos a toda la poblaci\u00f3n, sin excepci\u00f3n, responsabilidad absoluta con el momento cr\u00edtico que estamos viviendo, y que ante la m\u00ednima sospecha de presentar s\u00edntomas propios del Covid-19 tomen las medidas necesarias para evitar la propagaci\u00f3n del virus a la vez que comuniquen inmediatamente con el Centro de Salud su situaci\u00f3n.<\/p>\n","protected":false},"excerpt":{"rendered":"<p>Desde el Ayuntamiento de Caudete y como viene siendo habitual cada viernes, ofrecemos datos actualizados de Covid19 en la localidad, informaci\u00f3n facilitada por la Consejer\u00eda de Sanidad y por la Gerencia del Hospital de Almansa. Al fin llega una noticia ansiada por todos los caudetanos: cero contagios por Covid-19 en la \u00faltima semana. La tendencia &hellip;<\/p>\n","protected":false},"author":3,"featured_media":10549,"comment_status":"closed","ping_status":"open","sticky":false,"template":"","format":"standard","meta":{"ngg_post_thumbnail":0,"footnotes":""},"categories":[16],"tags":[276,17,79,197],"class_list":["post-13123","post","type-post","status-publish","format-standard","has-post-thumbnail","hentry","category-sanidad","tag-coronavirus","tag-covid","tag-covid-19","tag-situacion-sanitaria"],"yoast_head":"<!-- This site is optimized with the Yoast SEO plugin v27.5 - https:\/\/yoast.com\/product\/yoast-seo-wordpress\/ -->\n<title>0 contagios, al fin una buena noticia en Pandemia - MI Ayuntamiento de Caudete<\/title>\n<meta name=\"description\" content=\"P\u00e1gina Oficial del Ayuntamiento de Caudete (Albacete)\" \/>\n<meta name=\"robots\" content=\"index, follow, max-snippet:-1, max-image-preview:large, max-video-preview:-1\" \/>\n<link rel=\"canonical\" href=\"https:\/\/www.caudete.org\/ayuntamiento\/0-contagios-al-fin-una-buena-noticia-en-pandemia\/\" \/>\n<meta property=\"og:locale\" content=\"es_ES\" \/>\n<meta property=\"og:type\" content=\"article\" \/>\n<meta property=\"og:title\" content=\"0 contagios, al fin una buena noticia en Pandemia - MI Ayuntamiento de Caudete\" \/>\n<meta property=\"og:description\" content=\"P\u00e1gina Oficial del Ayuntamiento de Caudete (Albacete)\" \/>\n<meta property=\"og:url\" content=\"https:\/\/www.caudete.org\/ayuntamiento\/0-contagios-al-fin-una-buena-noticia-en-pandemia\/\" \/>\n<meta property=\"og:site_name\" content=\"MI Ayuntamiento de Caudete\" \/>\n<meta property=\"article:publisher\" content=\"https:\/\/www.facebook.com\/ayuntamientocaudete\/\" \/>\n<meta property=\"article:published_time\" content=\"2021-03-12T12:20:36+00:00\" \/>\n<meta property=\"og:image\" content=\"https:\/\/www.caudete.org\/ayuntamiento\/wp-content\/uploads\/2020\/12\/FOTO-CORONAVIRUS-Caudete.jpg\" \/>\n\t<meta property=\"og:image:width\" content=\"2048\" \/>\n\t<meta property=\"og:image:height\" content=\"1092\" \/>\n\t<meta property=\"og:image:type\" content=\"image\/jpeg\" \/>\n<meta name=\"author\" content=\"alcalde\" \/>\n<meta name=\"twitter:card\" content=\"summary_large_image\" \/>\n<meta name=\"twitter:label1\" content=\"Escrito por\" \/>\n\t<meta name=\"twitter:data1\" content=\"alcalde\" \/>\n\t<meta name=\"twitter:label2\" content=\"Tiempo de lectura\" \/>\n\t<meta name=\"twitter:data2\" content=\"2 minutos\" \/>\n<script type=\"application\/ld+json\" class=\"yoast-schema-graph\">{\"@context\":\"https:\\\/\\\/schema.org\",\"@graph\":[{\"@type\":\"Article\",\"@id\":\"https:\\\/\\\/www.caudete.org\\\/ayuntamiento\\\/0-contagios-al-fin-una-buena-noticia-en-pandemia\\\/#article\",\"isPartOf\":{\"@id\":\"https:\\\/\\\/www.caudete.org\\\/ayuntamiento\\\/0-contagios-al-fin-una-buena-noticia-en-pandemia\\\/\"},\"author\":{\"name\":\"alcalde\",\"@id\":\"https:\\\/\\\/www.caudete.org\\\/ayuntamiento\\\/#\\\/schema\\\/person\\\/cc646da9133078ee4d8dd47457947253\"},\"headline\":\"0 contagios, al fin una buena noticia en Pandemia\",\"datePublished\":\"2021-03-12T12:20:36+00:00\",\"mainEntityOfPage\":{\"@id\":\"https:\\\/\\\/www.caudete.org\\\/ayuntamiento\\\/0-contagios-al-fin-una-buena-noticia-en-pandemia\\\/\"},\"wordCount\":432,\"publisher\":{\"@id\":\"https:\\\/\\\/www.caudete.org\\\/ayuntamiento\\\/#organization\"},\"image\":{\"@id\":\"https:\\\/\\\/www.caudete.org\\\/ayuntamiento\\\/0-contagios-al-fin-una-buena-noticia-en-pandemia\\\/#primaryimage\"},\"thumbnailUrl\":\"https:\\\/\\\/www.caudete.org\\\/ayuntamiento\\\/wp-content\\\/uploads\\\/2020\\\/12\\\/FOTO-CORONAVIRUS-Caudete.jpg\",\"keywords\":[\"coronavirus\",\"covid\",\"covid-19\",\"Situacion sanitaria\"],\"articleSection\":[\"Sanidad\"],\"inLanguage\":\"es\"},{\"@type\":\"WebPage\",\"@id\":\"https:\\\/\\\/www.caudete.org\\\/ayuntamiento\\\/0-contagios-al-fin-una-buena-noticia-en-pandemia\\\/\",\"url\":\"https:\\\/\\\/www.caudete.org\\\/ayuntamiento\\\/0-contagios-al-fin-una-buena-noticia-en-pandemia\\\/\",\"name\":\"0 contagios, al fin una buena noticia en Pandemia - MI Ayuntamiento de Caudete\",\"isPartOf\":{\"@id\":\"https:\\\/\\\/www.caudete.org\\\/ayuntamiento\\\/#website\"},\"primaryImageOfPage\":{\"@id\":\"https:\\\/\\\/www.caudete.org\\\/ayuntamiento\\\/0-contagios-al-fin-una-buena-noticia-en-pandemia\\\/#primaryimage\"},\"image\":{\"@id\":\"https:\\\/\\\/www.caudete.org\\\/ayuntamiento\\\/0-contagios-al-fin-una-buena-noticia-en-pandemia\\\/#primaryimage\"},\"thumbnailUrl\":\"https:\\\/\\\/www.caudete.org\\\/ayuntamiento\\\/wp-content\\\/uploads\\\/2020\\\/12\\\/FOTO-CORONAVIRUS-Caudete.jpg\",\"datePublished\":\"2021-03-12T12:20:36+00:00\",\"description\":\"P\u00e1gina Oficial del Ayuntamiento de Caudete (Albacete)\",\"breadcrumb\":{\"@id\":\"https:\\\/\\\/www.caudete.org\\\/ayuntamiento\\\/0-contagios-al-fin-una-buena-noticia-en-pandemia\\\/#breadcrumb\"},\"inLanguage\":\"es\",\"potentialAction\":[{\"@type\":\"ReadAction\",\"target\":[\"https:\\\/\\\/www.caudete.org\\\/ayuntamiento\\\/0-contagios-al-fin-una-buena-noticia-en-pandemia\\\/\"]}]},{\"@type\":\"ImageObject\",\"inLanguage\":\"es\",\"@id\":\"https:\\\/\\\/www.caudete.org\\\/ayuntamiento\\\/0-contagios-al-fin-una-buena-noticia-en-pandemia\\\/#primaryimage\",\"url\":\"https:\\\/\\\/www.caudete.org\\\/ayuntamiento\\\/wp-content\\\/uploads\\\/2020\\\/12\\\/FOTO-CORONAVIRUS-Caudete.jpg\",\"contentUrl\":\"https:\\\/\\\/www.caudete.org\\\/ayuntamiento\\\/wp-content\\\/uploads\\\/2020\\\/12\\\/FOTO-CORONAVIRUS-Caudete.jpg\",\"width\":2048,\"height\":1092},{\"@type\":\"BreadcrumbList\",\"@id\":\"https:\\\/\\\/www.caudete.org\\\/ayuntamiento\\\/0-contagios-al-fin-una-buena-noticia-en-pandemia\\\/#breadcrumb\",\"itemListElement\":[{\"@type\":\"ListItem\",\"position\":1,\"name\":\"Inicio\",\"item\":\"https:\\\/\\\/www.caudete.org\\\/ayuntamiento\\\/\"},{\"@type\":\"ListItem\",\"position\":2,\"name\":\"0 contagios, al fin una buena noticia en Pandemia\"}]},{\"@type\":\"WebSite\",\"@id\":\"https:\\\/\\\/www.caudete.org\\\/ayuntamiento\\\/#website\",\"url\":\"https:\\\/\\\/www.caudete.org\\\/ayuntamiento\\\/\",\"name\":\"MI Ayuntamiento de Caudete\",\"description\":\"P\u00e1gina Oficial del MI Ayuntamiento de Caudete\",\"publisher\":{\"@id\":\"https:\\\/\\\/www.caudete.org\\\/ayuntamiento\\\/#organization\"},\"potentialAction\":[{\"@type\":\"SearchAction\",\"target\":{\"@type\":\"EntryPoint\",\"urlTemplate\":\"https:\\\/\\\/www.caudete.org\\\/ayuntamiento\\\/?s={search_term_string}\"},\"query-input\":{\"@type\":\"PropertyValueSpecification\",\"valueRequired\":true,\"valueName\":\"search_term_string\"}}],\"inLanguage\":\"es\"},{\"@type\":\"Organization\",\"@id\":\"https:\\\/\\\/www.caudete.org\\\/ayuntamiento\\\/#organization\",\"name\":\"Ayuntamiento de Caudete\",\"url\":\"https:\\\/\\\/www.caudete.org\\\/ayuntamiento\\\/\",\"logo\":{\"@type\":\"ImageObject\",\"inLanguage\":\"es\",\"@id\":\"https:\\\/\\\/www.caudete.org\\\/ayuntamiento\\\/#\\\/schema\\\/logo\\\/image\\\/\",\"url\":\"https:\\\/\\\/www.caudete.org\\\/ayuntamiento\\\/wp-content\\\/uploads\\\/2020\\\/11\\\/logo_ayuntamiento_caudete.jpg\",\"contentUrl\":\"https:\\\/\\\/www.caudete.org\\\/ayuntamiento\\\/wp-content\\\/uploads\\\/2020\\\/11\\\/logo_ayuntamiento_caudete.jpg\",\"width\":600,\"height\":150,\"caption\":\"Ayuntamiento de Caudete\"},\"image\":{\"@id\":\"https:\\\/\\\/www.caudete.org\\\/ayuntamiento\\\/#\\\/schema\\\/logo\\\/image\\\/\"},\"sameAs\":[\"https:\\\/\\\/www.facebook.com\\\/ayuntamientocaudete\\\/\",\"https:\\\/\\\/www.youtube.com\\\/channel\\\/UC6VztHaooNsGpw-tNoBEFnQ\"]},{\"@type\":\"Person\",\"@id\":\"https:\\\/\\\/www.caudete.org\\\/ayuntamiento\\\/#\\\/schema\\\/person\\\/cc646da9133078ee4d8dd47457947253\",\"name\":\"alcalde\",\"image\":{\"@type\":\"ImageObject\",\"inLanguage\":\"es\",\"@id\":\"https:\\\/\\\/secure.gravatar.com\\\/avatar\\\/84a817ba065b29ff08d666b215a215f5c79186a645ccb25b14a663d48a130f77?s=96&d=mm&r=g\",\"url\":\"https:\\\/\\\/secure.gravatar.com\\\/avatar\\\/84a817ba065b29ff08d666b215a215f5c79186a645ccb25b14a663d48a130f77?s=96&d=mm&r=g\",\"contentUrl\":\"https:\\\/\\\/secure.gravatar.com\\\/avatar\\\/84a817ba065b29ff08d666b215a215f5c79186a645ccb25b14a663d48a130f77?s=96&d=mm&r=g\",\"caption\":\"alcalde\"},\"url\":\"https:\\\/\\\/www.caudete.org\\\/ayuntamiento\\\/author\\\/alcalde\\\/\"}]}<\/script>\n<!-- \/ Yoast SEO plugin. -->","yoast_head_json":{"title":"0 contagios, al fin una buena noticia en Pandemia - MI Ayuntamiento de Caudete","description":"P\u00e1gina Oficial del Ayuntamiento de Caudete (Albacete)","robots":{"index":"index","follow":"follow","max-snippet":"max-snippet:-1","max-image-preview":"max-image-preview:large","max-video-preview":"max-video-preview:-1"},"canonical":"https:\/\/www.caudete.org\/ayuntamiento\/0-contagios-al-fin-una-buena-noticia-en-pandemia\/","og_locale":"es_ES","og_type":"article","og_title":"0 contagios, al fin una buena noticia en Pandemia - MI Ayuntamiento de Caudete","og_description":"P\u00e1gina Oficial del Ayuntamiento de Caudete (Albacete)","og_url":"https:\/\/www.caudete.org\/ayuntamiento\/0-contagios-al-fin-una-buena-noticia-en-pandemia\/","og_site_name":"MI Ayuntamiento de Caudete","article_publisher":"https:\/\/www.facebook.com\/ayuntamientocaudete\/","article_published_time":"2021-03-12T12:20:36+00:00","og_image":[{"width":2048,"height":1092,"url":"https:\/\/www.caudete.org\/ayuntamiento\/wp-content\/uploads\/2020\/12\/FOTO-CORONAVIRUS-Caudete.jpg","type":"image\/jpeg"}],"author":"alcalde","twitter_card":"summary_large_image","twitter_misc":{"Escrito por":"alcalde","Tiempo de lectura":"2 minutos"},"schema":{"@context":"https:\/\/schema.org","@graph":[{"@type":"Article","@id":"https:\/\/www.caudete.org\/ayuntamiento\/0-contagios-al-fin-una-buena-noticia-en-pandemia\/#article","isPartOf":{"@id":"https:\/\/www.caudete.org\/ayuntamiento\/0-contagios-al-fin-una-buena-noticia-en-pandemia\/"},"author":{"name":"alcalde","@id":"https:\/\/www.caudete.org\/ayuntamiento\/#\/schema\/person\/cc646da9133078ee4d8dd47457947253"},"headline":"0 contagios, al fin una buena noticia en Pandemia","datePublished":"2021-03-12T12:20:36+00:00","mainEntityOfPage":{"@id":"https:\/\/www.caudete.org\/ayuntamiento\/0-contagios-al-fin-una-buena-noticia-en-pandemia\/"},"wordCount":432,"publisher":{"@id":"https:\/\/www.caudete.org\/ayuntamiento\/#organization"},"image":{"@id":"https:\/\/www.caudete.org\/ayuntamiento\/0-contagios-al-fin-una-buena-noticia-en-pandemia\/#primaryimage"},"thumbnailUrl":"https:\/\/www.caudete.org\/ayuntamiento\/wp-content\/uploads\/2020\/12\/FOTO-CORONAVIRUS-Caudete.jpg","keywords":["coronavirus","covid","covid-19","Situacion sanitaria"],"articleSection":["Sanidad"],"inLanguage":"es"},{"@type":"WebPage","@id":"https:\/\/www.caudete.org\/ayuntamiento\/0-contagios-al-fin-una-buena-noticia-en-pandemia\/","url":"https:\/\/www.caudete.org\/ayuntamiento\/0-contagios-al-fin-una-buena-noticia-en-pandemia\/","name":"0 contagios, al fin una buena noticia en Pandemia - MI Ayuntamiento de Caudete","isPartOf":{"@id":"https:\/\/www.caudete.org\/ayuntamiento\/#website"},"primaryImageOfPage":{"@id":"https:\/\/www.caudete.org\/ayuntamiento\/0-contagios-al-fin-una-buena-noticia-en-pandemia\/#primaryimage"},"image":{"@id":"https:\/\/www.caudete.org\/ayuntamiento\/0-contagios-al-fin-una-buena-noticia-en-pandemia\/#primaryimage"},"thumbnailUrl":"https:\/\/www.caudete.org\/ayuntamiento\/wp-content\/uploads\/2020\/12\/FOTO-CORONAVIRUS-Caudete.jpg","datePublished":"2021-03-12T12:20:36+00:00","description":"P\u00e1gina Oficial del Ayuntamiento de Caudete (Albacete)","breadcrumb":{"@id":"https:\/\/www.caudete.org\/ayuntamiento\/0-contagios-al-fin-una-buena-noticia-en-pandemia\/#breadcrumb"},"inLanguage":"es","potentialAction":[{"@type":"ReadAction","target":["https:\/\/www.caudete.org\/ayuntamiento\/0-contagios-al-fin-una-buena-noticia-en-pandemia\/"]}]},{"@type":"ImageObject","inLanguage":"es","@id":"https:\/\/www.caudete.org\/ayuntamiento\/0-contagios-al-fin-una-buena-noticia-en-pandemia\/#primaryimage","url":"https:\/\/www.caudete.org\/ayuntamiento\/wp-content\/uploads\/2020\/12\/FOTO-CORONAVIRUS-Caudete.jpg","contentUrl":"https:\/\/www.caudete.org\/ayuntamiento\/wp-content\/uploads\/2020\/12\/FOTO-CORONAVIRUS-Caudete.jpg","width":2048,"height":1092},{"@type":"BreadcrumbList","@id":"https:\/\/www.caudete.org\/ayuntamiento\/0-contagios-al-fin-una-buena-noticia-en-pandemia\/#breadcrumb","itemListElement":[{"@type":"ListItem","position":1,"name":"Inicio","item":"https:\/\/www.caudete.org\/ayuntamiento\/"},{"@type":"ListItem","position":2,"name":"0 contagios, al fin una buena noticia en Pandemia"}]},{"@type":"WebSite","@id":"https:\/\/www.caudete.org\/ayuntamiento\/#website","url":"https:\/\/www.caudete.org\/ayuntamiento\/","name":"MI Ayuntamiento de Caudete","description":"P\u00e1gina Oficial del MI Ayuntamiento de Caudete","publisher":{"@id":"https:\/\/www.caudete.org\/ayuntamiento\/#organization"},"potentialAction":[{"@type":"SearchAction","target":{"@type":"EntryPoint","urlTemplate":"https:\/\/www.caudete.org\/ayuntamiento\/?s={search_term_string}"},"query-input":{"@type":"PropertyValueSpecification","valueRequired":true,"valueName":"search_term_string"}}],"inLanguage":"es"},{"@type":"Organization","@id":"https:\/\/www.caudete.org\/ayuntamiento\/#organization","name":"Ayuntamiento de Caudete","url":"https:\/\/www.caudete.org\/ayuntamiento\/","logo":{"@type":"ImageObject","inLanguage":"es","@id":"https:\/\/www.caudete.org\/ayuntamiento\/#\/schema\/logo\/image\/","url":"https:\/\/www.caudete.org\/ayuntamiento\/wp-content\/uploads\/2020\/11\/logo_ayuntamiento_caudete.jpg","contentUrl":"https:\/\/www.caudete.org\/ayuntamiento\/wp-content\/uploads\/2020\/11\/logo_ayuntamiento_caudete.jpg","width":600,"height":150,"caption":"Ayuntamiento de Caudete"},"image":{"@id":"https:\/\/www.caudete.org\/ayuntamiento\/#\/schema\/logo\/image\/"},"sameAs":["https:\/\/www.facebook.com\/ayuntamientocaudete\/","https:\/\/www.youtube.com\/channel\/UC6VztHaooNsGpw-tNoBEFnQ"]},{"@type":"Person","@id":"https:\/\/www.caudete.org\/ayuntamiento\/#\/schema\/person\/cc646da9133078ee4d8dd47457947253","name":"alcalde","image":{"@type":"ImageObject","inLanguage":"es","@id":"https:\/\/secure.gravatar.com\/avatar\/84a817ba065b29ff08d666b215a215f5c79186a645ccb25b14a663d48a130f77?s=96&d=mm&r=g","url":"https:\/\/secure.gravatar.com\/avatar\/84a817ba065b29ff08d666b215a215f5c79186a645ccb25b14a663d48a130f77?s=96&d=mm&r=g","contentUrl":"https:\/\/secure.gravatar.com\/avatar\/84a817ba065b29ff08d666b215a215f5c79186a645ccb25b14a663d48a130f77?s=96&d=mm&r=g","caption":"alcalde"},"url":"https:\/\/www.caudete.org\/ayuntamiento\/author\/alcalde\/"}]}},"_links":{"self":[{"href":"https:\/\/www.caudete.org\/ayuntamiento\/wp-json\/wp\/v2\/posts\/13123","targetHints":{"allow":["GET"]}}],"collection":[{"href":"https:\/\/www.caudete.org\/ayuntamiento\/wp-json\/wp\/v2\/posts"}],"about":[{"href":"https:\/\/www.caudete.org\/ayuntamiento\/wp-json\/wp\/v2\/types\/post"}],"author":[{"embeddable":true,"href":"https:\/\/www.caudete.org\/ayuntamiento\/wp-json\/wp\/v2\/users\/3"}],"replies":[{"embeddable":true,"href":"https:\/\/www.caudete.org\/ayuntamiento\/wp-json\/wp\/v2\/comments?post=13123"}],"version-history":[{"count":1,"href":"https:\/\/www.caudete.org\/ayuntamiento\/wp-json\/wp\/v2\/posts\/13123\/revisions"}],"predecessor-version":[{"id":13134,"href":"https:\/\/www.caudete.org\/ayuntamiento\/wp-json\/wp\/v2\/posts\/13123\/revisions\/13134"}],"wp:featuredmedia":[{"embeddable":true,"href":"https:\/\/www.caudete.org\/ayuntamiento\/wp-json\/wp\/v2\/media\/10549"}],"wp:attachment":[{"href":"https:\/\/www.caudete.org\/ayuntamiento\/wp-json\/wp\/v2\/media?parent=13123"}],"wp:term":[{"taxonomy":"category","embeddable":true,"href":"https:\/\/www.caudete.org\/ayuntamiento\/wp-json\/wp\/v2\/categories?post=13123"},{"taxonomy":"post_tag","embeddable":true,"href":"https:\/\/www.caudete.org\/ayuntamiento\/wp-json\/wp\/v2\/tags?post=13123"}],"curies":[{"name":"wp","href":"https:\/\/api.w.org\/{rel}","templated":true}]}}