{"id":13165,"date":"2021-03-15T15:41:07","date_gmt":"2021-03-15T14:41:07","guid":{"rendered":"https:\/\/www.caudete.org\/ayuntamiento\/?p=13165"},"modified":"2021-03-16T08:52:22","modified_gmt":"2021-03-16T07:52:22","slug":"veinticuatro-anos-de-creacion-literario-en-caudete-con-el-certamen-evaristo-banon","status":"publish","type":"post","link":"https:\/\/www.caudete.org\/ayuntamiento\/veinticuatro-anos-de-creacion-literario-en-caudete-con-el-certamen-evaristo-banon\/","title":{"rendered":"24 a\u00f1os de Creaci\u00f3n Literaria con el \u201cCertamen EVARISTO BA\u00d1\u00d3N\u201d"},"content":{"rendered":"<p style=\"text-align: justify;\">Se abre una nueva convocatoria del <strong>XXIV Certamen \u00a0\u00a0Literario \u201cEvaristo Ba\u00f1\u00f3n\u201d 2021.<\/strong>\u00a0 Desde la Concejal\u00eda de Cultura del M. I. Ayuntamiento de Caudete se organiza este certamen literario con el objetivo de fomentar el \u00a0h\u00e1bito de la escritura y la lectura, que se desarrolla desde la Biblioteca P\u00fablica Municipal Ana Mar\u00eda Matute de Caudete.<\/p>\n<p style=\"text-align: justify;\">En el certamen tienen cabida todos los g\u00e9neros, poes\u00eda, narrativa, ensayo, teatro, apostando as\u00ed por la\u00a0 creatividad en sus distintas manifestaciones, lo que nos sirve para apoyar g\u00e9neros como la\u00a0 poes\u00eda, injustamente minoritaria.<\/p>\n<p style=\"text-align: justify;\">El pasado a\u00f1o, motivado por el COVID-19 se suspendi\u00f3 el certamen, y este a\u00f1o se retoma superando las dificultades y a\u00f1adiendo como tema del mismo:\u00a0 \u201c<strong><em>Mi pr\u00f3ximo <\/em><\/strong><strong><em>viaje ser\u00e1&#8230;\u201d<\/em><\/strong>\u00a0 con el objetivo de\u00a0 imaginar y crear una historia\u00a0 positiva y optimista\u00a0 que motive la escritura. El plazo esta abierto hasta el jueves 8 de abril \u00a0para la los trabajos,\u00a0 y los trabajos de la CATEGOR\u00cdA ESCOLAR, \u00a0desde 1\u00ba de Primaria\u00a0 hasta 4\u00ba de la E.S.O. se realizar\u00e1n en los centros educativos, siendo el tutor responsable en que los entregue en plazo en la Biblioteca.<\/p>\n<p style=\"text-align: justify;\">Puede presentarse toda la poblaci\u00f3n a partir de 16 a\u00f1os, la Categor\u00eda Especial de Poes\u00eda, es de car\u00e1cter local y la Categor\u00eda Especial (para el resto de g\u00e9neros distintos a la poes\u00eda) est\u00e1 abierta a toda la provincia de Albacete. Este a\u00f1o se ha incluido el punto que indica que no podr\u00e1n presentarse a concurso en la misma categor\u00eda, aquellos autores que hayan sigo premiados en la anterior edici\u00f3n de la CATEGORIA ESPECIAL<\/p>\n<p style=\"text-align: justify;\">El jurado lo formaran personas vinculadas a la educaci\u00f3n y la cultura.<\/p>\n<p style=\"text-align: justify;\">Se establecen 2 premios en cada categor\u00eda y 1 de poes\u00eda, as\u00ed como dos premios para la categor\u00eda especial uno de poes\u00eda y otro general. En esta ocasi\u00f3n\u00a0 los segundos premios se conceden,\u00a0 gracias\u00a0 a la colaboraci\u00f3n de las Concejal\u00edas de Juventud, Educaci\u00f3n \u00a0y a las A.M.P.A.S. de Caudete. Como novedad este a\u00f1o se ha creado el Premio Dibujo , para que participen en \u00e9l los escolares de 1\u00ba de primaria\u00a0 realizando un dibujo, adem\u00e1s de la redacci\u00f3n, si as\u00ed lo desean.<\/p>\n<p style=\"text-align: justify;\">Este \u00a0certamen est\u00e1 muy consolidado gracias al apoyo de los centros escolares de la localidad, con la implicaci\u00f3n directa de docentes y padres, los cuales con su colaboraci\u00f3n ha permitido estas\u00a0 ediciones.<\/p>\n<p style=\"text-align: justify;\">Las bases est\u00e1n disponibles en los centros educativos, Biblioteca, adem\u00e1s de la web <a href=\"http:\/\/www.caudete.es\/\" target=\"_blank\" rel=\"nofollow\">www.caudete.es<\/a>, redes sociales de la biblioteca,\u00a0 p\u00e1gina web de la misma <a href=\"http:\/\/www.biblioteca.caudete.org\/\" target=\"_blank\" rel=\"nofollow\">www.biblioteca.caudete.org<\/a> \u00a0\u00a0y tabl\u00f3n de anuncios de la biblioteca.<\/p>\n<p style=\"text-align: justify;\">Cualquier duda al respecto pueden consultarla personalmente en la propia Biblioteca.<\/p>\n<p style=\"text-align: justify;\"><a href=\"https:\/\/www.caudete.org\/ayuntamiento\/wp-content\/uploads\/2021\/03\/XXIV-Certamen-Literario-Evaristo-Banon-2021.pdf\" class=\"mtli_attachment mtli_pdf\"><strong>BASES\u00a0 XXIV Certamen Literario \u201cEvaristo Ba\u00f1\u00f3n\u201d 2021<\/strong><\/a><\/p>\n","protected":false},"excerpt":{"rendered":"<p>Se abre una nueva convocatoria del XXIV Certamen \u00a0\u00a0Literario \u201cEvaristo Ba\u00f1\u00f3n\u201d 2021.\u00a0 Desde la Concejal\u00eda de Cultura del M. I. Ayuntamiento de Caudete se organiza este certamen literario con el objetivo de fomentar el \u00a0h\u00e1bito de la escritura y la lectura, que se desarrolla desde la Biblioteca P\u00fablica Municipal Ana Mar\u00eda Matute de Caudete. En &hellip;<\/p>\n","protected":false},"author":2,"featured_media":13168,"comment_status":"closed","ping_status":"open","sticky":false,"template":"","format":"standard","meta":{"ngg_post_thumbnail":0,"footnotes":""},"categories":[14],"tags":[540,539,538],"class_list":["post-13165","post","type-post","status-publish","format-standard","has-post-thumbnail","hentry","category-cultura","tag-bases-certamen-literario-evaristo-banon","tag-biblioteca-ana-maria-matute-de-caudete","tag-certamen-literario-evaristo-banon"],"yoast_head":"<!-- This site is optimized with the Yoast SEO plugin v27.5 - https:\/\/yoast.com\/product\/yoast-seo-wordpress\/ -->\n<title>24 a\u00f1os de Creaci\u00f3n Literaria con el \u201cCertamen EVARISTO BA\u00d1\u00d3N\u201d - MI Ayuntamiento de Caudete<\/title>\n<meta name=\"description\" content=\"P\u00e1gina Oficial del Ayuntamiento de Caudete (Albacete)\" \/>\n<meta name=\"robots\" content=\"index, follow, max-snippet:-1, max-image-preview:large, max-video-preview:-1\" \/>\n<link rel=\"canonical\" href=\"https:\/\/www.caudete.org\/ayuntamiento\/veinticuatro-anos-de-creacion-literario-en-caudete-con-el-certamen-evaristo-banon\/\" \/>\n<meta property=\"og:locale\" content=\"es_ES\" \/>\n<meta property=\"og:type\" content=\"article\" \/>\n<meta property=\"og:title\" content=\"24 a\u00f1os de Creaci\u00f3n Literaria con el \u201cCertamen EVARISTO BA\u00d1\u00d3N\u201d - MI Ayuntamiento de Caudete\" \/>\n<meta property=\"og:description\" content=\"P\u00e1gina Oficial del Ayuntamiento de Caudete (Albacete)\" \/>\n<meta property=\"og:url\" content=\"https:\/\/www.caudete.org\/ayuntamiento\/veinticuatro-anos-de-creacion-literario-en-caudete-con-el-certamen-evaristo-banon\/\" \/>\n<meta property=\"og:site_name\" content=\"MI Ayuntamiento de Caudete\" \/>\n<meta property=\"article:publisher\" content=\"https:\/\/www.facebook.com\/ayuntamientocaudete\/\" \/>\n<meta property=\"article:published_time\" content=\"2021-03-15T14:41:07+00:00\" \/>\n<meta property=\"article:modified_time\" content=\"2021-03-16T07:52:22+00:00\" \/>\n<meta property=\"og:image\" content=\"https:\/\/www.caudete.org\/ayuntamiento\/wp-content\/uploads\/2021\/03\/evaristo2019-scaled.jpg\" \/>\n\t<meta property=\"og:image:width\" content=\"2560\" \/>\n\t<meta property=\"og:image:height\" content=\"1440\" \/>\n\t<meta property=\"og:image:type\" content=\"image\/jpeg\" \/>\n<meta name=\"author\" content=\"Juan\" \/>\n<meta name=\"twitter:card\" content=\"summary_large_image\" \/>\n<meta name=\"twitter:label1\" content=\"Escrito por\" \/>\n\t<meta name=\"twitter:data1\" content=\"Juan\" \/>\n\t<meta name=\"twitter:label2\" content=\"Tiempo de lectura\" \/>\n\t<meta name=\"twitter:data2\" content=\"2 minutos\" \/>\n<script type=\"application\/ld+json\" class=\"yoast-schema-graph\">{\"@context\":\"https:\\\/\\\/schema.org\",\"@graph\":[{\"@type\":\"Article\",\"@id\":\"https:\\\/\\\/www.caudete.org\\\/ayuntamiento\\\/veinticuatro-anos-de-creacion-literario-en-caudete-con-el-certamen-evaristo-banon\\\/#article\",\"isPartOf\":{\"@id\":\"https:\\\/\\\/www.caudete.org\\\/ayuntamiento\\\/veinticuatro-anos-de-creacion-literario-en-caudete-con-el-certamen-evaristo-banon\\\/\"},\"author\":{\"name\":\"Juan\",\"@id\":\"https:\\\/\\\/www.caudete.org\\\/ayuntamiento\\\/#\\\/schema\\\/person\\\/7656a5bb58fca95b9814e940de0fda63\"},\"headline\":\"24 a\u00f1os de Creaci\u00f3n Literaria con el \u201cCertamen EVARISTO BA\u00d1\u00d3N\u201d\",\"datePublished\":\"2021-03-15T14:41:07+00:00\",\"dateModified\":\"2021-03-16T07:52:22+00:00\",\"mainEntityOfPage\":{\"@id\":\"https:\\\/\\\/www.caudete.org\\\/ayuntamiento\\\/veinticuatro-anos-de-creacion-literario-en-caudete-con-el-certamen-evaristo-banon\\\/\"},\"wordCount\":489,\"image\":{\"@id\":\"https:\\\/\\\/www.caudete.org\\\/ayuntamiento\\\/veinticuatro-anos-de-creacion-literario-en-caudete-con-el-certamen-evaristo-banon\\\/#primaryimage\"},\"thumbnailUrl\":\"https:\\\/\\\/www.caudete.org\\\/ayuntamiento\\\/wp-content\\\/uploads\\\/2021\\\/03\\\/evaristo2019-scaled.jpg\",\"keywords\":[\"Bases Certamen Literario Evaristo Ba\u00f1on\",\"Biblioteca Ana Mar\u00eda Matute de Caudete\",\"Certamen Literario \\\"Evaristo Ba\u00f1\u00f3n\\\"\"],\"articleSection\":[\"Cultura\"],\"inLanguage\":\"es\"},{\"@type\":\"WebPage\",\"@id\":\"https:\\\/\\\/www.caudete.org\\\/ayuntamiento\\\/veinticuatro-anos-de-creacion-literario-en-caudete-con-el-certamen-evaristo-banon\\\/\",\"url\":\"https:\\\/\\\/www.caudete.org\\\/ayuntamiento\\\/veinticuatro-anos-de-creacion-literario-en-caudete-con-el-certamen-evaristo-banon\\\/\",\"name\":\"24 a\u00f1os de Creaci\u00f3n Literaria con el \u201cCertamen EVARISTO BA\u00d1\u00d3N\u201d - MI Ayuntamiento de Caudete\",\"isPartOf\":{\"@id\":\"https:\\\/\\\/www.caudete.org\\\/ayuntamiento\\\/#website\"},\"primaryImageOfPage\":{\"@id\":\"https:\\\/\\\/www.caudete.org\\\/ayuntamiento\\\/veinticuatro-anos-de-creacion-literario-en-caudete-con-el-certamen-evaristo-banon\\\/#primaryimage\"},\"image\":{\"@id\":\"https:\\\/\\\/www.caudete.org\\\/ayuntamiento\\\/veinticuatro-anos-de-creacion-literario-en-caudete-con-el-certamen-evaristo-banon\\\/#primaryimage\"},\"thumbnailUrl\":\"https:\\\/\\\/www.caudete.org\\\/ayuntamiento\\\/wp-content\\\/uploads\\\/2021\\\/03\\\/evaristo2019-scaled.jpg\",\"datePublished\":\"2021-03-15T14:41:07+00:00\",\"dateModified\":\"2021-03-16T07:52:22+00:00\",\"author\":{\"@id\":\"https:\\\/\\\/www.caudete.org\\\/ayuntamiento\\\/#\\\/schema\\\/person\\\/7656a5bb58fca95b9814e940de0fda63\"},\"description\":\"P\u00e1gina Oficial del Ayuntamiento de Caudete (Albacete)\",\"breadcrumb\":{\"@id\":\"https:\\\/\\\/www.caudete.org\\\/ayuntamiento\\\/veinticuatro-anos-de-creacion-literario-en-caudete-con-el-certamen-evaristo-banon\\\/#breadcrumb\"},\"inLanguage\":\"es\",\"potentialAction\":[{\"@type\":\"ReadAction\",\"target\":[\"https:\\\/\\\/www.caudete.org\\\/ayuntamiento\\\/veinticuatro-anos-de-creacion-literario-en-caudete-con-el-certamen-evaristo-banon\\\/\"]}]},{\"@type\":\"ImageObject\",\"inLanguage\":\"es\",\"@id\":\"https:\\\/\\\/www.caudete.org\\\/ayuntamiento\\\/veinticuatro-anos-de-creacion-literario-en-caudete-con-el-certamen-evaristo-banon\\\/#primaryimage\",\"url\":\"https:\\\/\\\/www.caudete.org\\\/ayuntamiento\\\/wp-content\\\/uploads\\\/2021\\\/03\\\/evaristo2019-scaled.jpg\",\"contentUrl\":\"https:\\\/\\\/www.caudete.org\\\/ayuntamiento\\\/wp-content\\\/uploads\\\/2021\\\/03\\\/evaristo2019-scaled.jpg\",\"width\":2560,\"height\":1440},{\"@type\":\"BreadcrumbList\",\"@id\":\"https:\\\/\\\/www.caudete.org\\\/ayuntamiento\\\/veinticuatro-anos-de-creacion-literario-en-caudete-con-el-certamen-evaristo-banon\\\/#breadcrumb\",\"itemListElement\":[{\"@type\":\"ListItem\",\"position\":1,\"name\":\"Inicio\",\"item\":\"https:\\\/\\\/www.caudete.org\\\/ayuntamiento\\\/\"},{\"@type\":\"ListItem\",\"position\":2,\"name\":\"24 a\u00f1os de Creaci\u00f3n Literaria con el \u201cCertamen EVARISTO BA\u00d1\u00d3N\u201d\"}]},{\"@type\":\"WebSite\",\"@id\":\"https:\\\/\\\/www.caudete.org\\\/ayuntamiento\\\/#website\",\"url\":\"https:\\\/\\\/www.caudete.org\\\/ayuntamiento\\\/\",\"name\":\"MI Ayuntamiento de Caudete\",\"description\":\"P\u00e1gina Oficial del MI Ayuntamiento de Caudete\",\"potentialAction\":[{\"@type\":\"SearchAction\",\"target\":{\"@type\":\"EntryPoint\",\"urlTemplate\":\"https:\\\/\\\/www.caudete.org\\\/ayuntamiento\\\/?s={search_term_string}\"},\"query-input\":{\"@type\":\"PropertyValueSpecification\",\"valueRequired\":true,\"valueName\":\"search_term_string\"}}],\"inLanguage\":\"es\"},{\"@type\":\"Person\",\"@id\":\"https:\\\/\\\/www.caudete.org\\\/ayuntamiento\\\/#\\\/schema\\\/person\\\/7656a5bb58fca95b9814e940de0fda63\",\"name\":\"Juan\",\"image\":{\"@type\":\"ImageObject\",\"inLanguage\":\"es\",\"@id\":\"https:\\\/\\\/secure.gravatar.com\\\/avatar\\\/dd53e51c0cd6ab23f52d4f3e4f1c59730240727763de3dbbf26750b079a2c292?s=96&d=mm&r=g\",\"url\":\"https:\\\/\\\/secure.gravatar.com\\\/avatar\\\/dd53e51c0cd6ab23f52d4f3e4f1c59730240727763de3dbbf26750b079a2c292?s=96&d=mm&r=g\",\"contentUrl\":\"https:\\\/\\\/secure.gravatar.com\\\/avatar\\\/dd53e51c0cd6ab23f52d4f3e4f1c59730240727763de3dbbf26750b079a2c292?s=96&d=mm&r=g\",\"caption\":\"Juan\"},\"url\":\"https:\\\/\\\/www.caudete.org\\\/ayuntamiento\\\/author\\\/centrodeinternet\\\/\"}]}<\/script>\n<!-- \/ Yoast SEO plugin. -->","yoast_head_json":{"title":"24 a\u00f1os de Creaci\u00f3n Literaria con el \u201cCertamen EVARISTO BA\u00d1\u00d3N\u201d - MI Ayuntamiento de Caudete","description":"P\u00e1gina Oficial del Ayuntamiento de Caudete (Albacete)","robots":{"index":"index","follow":"follow","max-snippet":"max-snippet:-1","max-image-preview":"max-image-preview:large","max-video-preview":"max-video-preview:-1"},"canonical":"https:\/\/www.caudete.org\/ayuntamiento\/veinticuatro-anos-de-creacion-literario-en-caudete-con-el-certamen-evaristo-banon\/","og_locale":"es_ES","og_type":"article","og_title":"24 a\u00f1os de Creaci\u00f3n Literaria con el \u201cCertamen EVARISTO BA\u00d1\u00d3N\u201d - MI Ayuntamiento de Caudete","og_description":"P\u00e1gina Oficial del Ayuntamiento de Caudete (Albacete)","og_url":"https:\/\/www.caudete.org\/ayuntamiento\/veinticuatro-anos-de-creacion-literario-en-caudete-con-el-certamen-evaristo-banon\/","og_site_name":"MI Ayuntamiento de Caudete","article_publisher":"https:\/\/www.facebook.com\/ayuntamientocaudete\/","article_published_time":"2021-03-15T14:41:07+00:00","article_modified_time":"2021-03-16T07:52:22+00:00","og_image":[{"width":2560,"height":1440,"url":"https:\/\/www.caudete.org\/ayuntamiento\/wp-content\/uploads\/2021\/03\/evaristo2019-scaled.jpg","type":"image\/jpeg"}],"author":"Juan","twitter_card":"summary_large_image","twitter_misc":{"Escrito por":"Juan","Tiempo de lectura":"2 minutos"},"schema":{"@context":"https:\/\/schema.org","@graph":[{"@type":"Article","@id":"https:\/\/www.caudete.org\/ayuntamiento\/veinticuatro-anos-de-creacion-literario-en-caudete-con-el-certamen-evaristo-banon\/#article","isPartOf":{"@id":"https:\/\/www.caudete.org\/ayuntamiento\/veinticuatro-anos-de-creacion-literario-en-caudete-con-el-certamen-evaristo-banon\/"},"author":{"name":"Juan","@id":"https:\/\/www.caudete.org\/ayuntamiento\/#\/schema\/person\/7656a5bb58fca95b9814e940de0fda63"},"headline":"24 a\u00f1os de Creaci\u00f3n Literaria con el \u201cCertamen EVARISTO BA\u00d1\u00d3N\u201d","datePublished":"2021-03-15T14:41:07+00:00","dateModified":"2021-03-16T07:52:22+00:00","mainEntityOfPage":{"@id":"https:\/\/www.caudete.org\/ayuntamiento\/veinticuatro-anos-de-creacion-literario-en-caudete-con-el-certamen-evaristo-banon\/"},"wordCount":489,"image":{"@id":"https:\/\/www.caudete.org\/ayuntamiento\/veinticuatro-anos-de-creacion-literario-en-caudete-con-el-certamen-evaristo-banon\/#primaryimage"},"thumbnailUrl":"https:\/\/www.caudete.org\/ayuntamiento\/wp-content\/uploads\/2021\/03\/evaristo2019-scaled.jpg","keywords":["Bases Certamen Literario Evaristo Ba\u00f1on","Biblioteca Ana Mar\u00eda Matute de Caudete","Certamen Literario \"Evaristo Ba\u00f1\u00f3n\""],"articleSection":["Cultura"],"inLanguage":"es"},{"@type":"WebPage","@id":"https:\/\/www.caudete.org\/ayuntamiento\/veinticuatro-anos-de-creacion-literario-en-caudete-con-el-certamen-evaristo-banon\/","url":"https:\/\/www.caudete.org\/ayuntamiento\/veinticuatro-anos-de-creacion-literario-en-caudete-con-el-certamen-evaristo-banon\/","name":"24 a\u00f1os de Creaci\u00f3n Literaria con el \u201cCertamen EVARISTO BA\u00d1\u00d3N\u201d - MI Ayuntamiento de Caudete","isPartOf":{"@id":"https:\/\/www.caudete.org\/ayuntamiento\/#website"},"primaryImageOfPage":{"@id":"https:\/\/www.caudete.org\/ayuntamiento\/veinticuatro-anos-de-creacion-literario-en-caudete-con-el-certamen-evaristo-banon\/#primaryimage"},"image":{"@id":"https:\/\/www.caudete.org\/ayuntamiento\/veinticuatro-anos-de-creacion-literario-en-caudete-con-el-certamen-evaristo-banon\/#primaryimage"},"thumbnailUrl":"https:\/\/www.caudete.org\/ayuntamiento\/wp-content\/uploads\/2021\/03\/evaristo2019-scaled.jpg","datePublished":"2021-03-15T14:41:07+00:00","dateModified":"2021-03-16T07:52:22+00:00","author":{"@id":"https:\/\/www.caudete.org\/ayuntamiento\/#\/schema\/person\/7656a5bb58fca95b9814e940de0fda63"},"description":"P\u00e1gina Oficial del Ayuntamiento de Caudete (Albacete)","breadcrumb":{"@id":"https:\/\/www.caudete.org\/ayuntamiento\/veinticuatro-anos-de-creacion-literario-en-caudete-con-el-certamen-evaristo-banon\/#breadcrumb"},"inLanguage":"es","potentialAction":[{"@type":"ReadAction","target":["https:\/\/www.caudete.org\/ayuntamiento\/veinticuatro-anos-de-creacion-literario-en-caudete-con-el-certamen-evaristo-banon\/"]}]},{"@type":"ImageObject","inLanguage":"es","@id":"https:\/\/www.caudete.org\/ayuntamiento\/veinticuatro-anos-de-creacion-literario-en-caudete-con-el-certamen-evaristo-banon\/#primaryimage","url":"https:\/\/www.caudete.org\/ayuntamiento\/wp-content\/uploads\/2021\/03\/evaristo2019-scaled.jpg","contentUrl":"https:\/\/www.caudete.org\/ayuntamiento\/wp-content\/uploads\/2021\/03\/evaristo2019-scaled.jpg","width":2560,"height":1440},{"@type":"BreadcrumbList","@id":"https:\/\/www.caudete.org\/ayuntamiento\/veinticuatro-anos-de-creacion-literario-en-caudete-con-el-certamen-evaristo-banon\/#breadcrumb","itemListElement":[{"@type":"ListItem","position":1,"name":"Inicio","item":"https:\/\/www.caudete.org\/ayuntamiento\/"},{"@type":"ListItem","position":2,"name":"24 a\u00f1os de Creaci\u00f3n Literaria con el \u201cCertamen EVARISTO BA\u00d1\u00d3N\u201d"}]},{"@type":"WebSite","@id":"https:\/\/www.caudete.org\/ayuntamiento\/#website","url":"https:\/\/www.caudete.org\/ayuntamiento\/","name":"MI Ayuntamiento de Caudete","description":"P\u00e1gina Oficial del MI Ayuntamiento de Caudete","potentialAction":[{"@type":"SearchAction","target":{"@type":"EntryPoint","urlTemplate":"https:\/\/www.caudete.org\/ayuntamiento\/?s={search_term_string}"},"query-input":{"@type":"PropertyValueSpecification","valueRequired":true,"valueName":"search_term_string"}}],"inLanguage":"es"},{"@type":"Person","@id":"https:\/\/www.caudete.org\/ayuntamiento\/#\/schema\/person\/7656a5bb58fca95b9814e940de0fda63","name":"Juan","image":{"@type":"ImageObject","inLanguage":"es","@id":"https:\/\/secure.gravatar.com\/avatar\/dd53e51c0cd6ab23f52d4f3e4f1c59730240727763de3dbbf26750b079a2c292?s=96&d=mm&r=g","url":"https:\/\/secure.gravatar.com\/avatar\/dd53e51c0cd6ab23f52d4f3e4f1c59730240727763de3dbbf26750b079a2c292?s=96&d=mm&r=g","contentUrl":"https:\/\/secure.gravatar.com\/avatar\/dd53e51c0cd6ab23f52d4f3e4f1c59730240727763de3dbbf26750b079a2c292?s=96&d=mm&r=g","caption":"Juan"},"url":"https:\/\/www.caudete.org\/ayuntamiento\/author\/centrodeinternet\/"}]}},"_links":{"self":[{"href":"https:\/\/www.caudete.org\/ayuntamiento\/wp-json\/wp\/v2\/posts\/13165","targetHints":{"allow":["GET"]}}],"collection":[{"href":"https:\/\/www.caudete.org\/ayuntamiento\/wp-json\/wp\/v2\/posts"}],"about":[{"href":"https:\/\/www.caudete.org\/ayuntamiento\/wp-json\/wp\/v2\/types\/post"}],"author":[{"embeddable":true,"href":"https:\/\/www.caudete.org\/ayuntamiento\/wp-json\/wp\/v2\/users\/2"}],"replies":[{"embeddable":true,"href":"https:\/\/www.caudete.org\/ayuntamiento\/wp-json\/wp\/v2\/comments?post=13165"}],"version-history":[{"count":8,"href":"https:\/\/www.caudete.org\/ayuntamiento\/wp-json\/wp\/v2\/posts\/13165\/revisions"}],"predecessor-version":[{"id":13178,"href":"https:\/\/www.caudete.org\/ayuntamiento\/wp-json\/wp\/v2\/posts\/13165\/revisions\/13178"}],"wp:featuredmedia":[{"embeddable":true,"href":"https:\/\/www.caudete.org\/ayuntamiento\/wp-json\/wp\/v2\/media\/13168"}],"wp:attachment":[{"href":"https:\/\/www.caudete.org\/ayuntamiento\/wp-json\/wp\/v2\/media?parent=13165"}],"wp:term":[{"taxonomy":"category","embeddable":true,"href":"https:\/\/www.caudete.org\/ayuntamiento\/wp-json\/wp\/v2\/categories?post=13165"},{"taxonomy":"post_tag","embeddable":true,"href":"https:\/\/www.caudete.org\/ayuntamiento\/wp-json\/wp\/v2\/tags?post=13165"}],"curies":[{"name":"wp","href":"https:\/\/api.w.org\/{rel}","templated":true}]}}