{"id":13245,"date":"2021-03-17T19:38:16","date_gmt":"2021-03-17T18:38:16","guid":{"rendered":"https:\/\/www.caudete.org\/ayuntamiento\/?p=13245"},"modified":"2021-03-17T20:00:38","modified_gmt":"2021-03-17T19:00:38","slug":"taller-de-botanica-y-selvicultura-en-la-toconera-por-la-concejalia-de-juventud","status":"publish","type":"post","link":"https:\/\/www.caudete.org\/ayuntamiento\/taller-de-botanica-y-selvicultura-en-la-toconera-por-la-concejalia-de-juventud\/","title":{"rendered":"Taller de Bot\u00e1nica y Selvicultura en LA TOCONERA por la Concejal\u00eda de Juventud"},"content":{"rendered":"<p style=\"text-align: justify;\">La Concejal\u00eda de Juventud, con su responsable al frente, Mois\u00e9s L\u00f3pez, ha presentado 2 nuevos Talleres ofertados para los j\u00f3venes mayores de 16 a\u00f1os de Caudete, en los d\u00edas no lectivos por vacaciones de Semana Santa (lunes y martes).<\/p>\n<p style=\"text-align: justify;\">Con la Naturaleza como eje la actividad, tratar\u00e1 de acercar las especies en monte bajo propias de nuestros parajes, y la selvicultura y los aprovechamientos forestales, donde el escenario de las actividades ser\u00e1 <em>La Toconera<\/em>.<\/p>\n<p style=\"text-align: justify;\">La primera Jornada, establecida para el Lunes 29 de Marzo, de 9.30 a 13.30h, <strong>\u201cINTRODUCCI\u00d3N A LA BOT\u00c1NICA E IDENTIFICACI\u00d3N DE ESPECIES\u201d<\/strong>, fija su objetivo en dar a conocer unos conceptos b\u00e1sicos de bot\u00e1nica, as\u00ed como algunas de las especies vegetales presentes en Caudete y su identificaci\u00f3n en campo.<\/p>\n<p><a href=\"https:\/\/www.caudete.org\/ayuntamiento\/wp-content\/uploads\/2021\/03\/WhatsApp-Image-2021-03-16-at-12.22.25.jpeg\" rel='prettyPhoto'><img fetchpriority=\"high\" decoding=\"async\" class=\"aligncenter wp-image-13246 size-medium\" src=\"https:\/\/www.caudete.org\/ayuntamiento\/wp-content\/uploads\/2021\/03\/WhatsApp-Image-2021-03-16-at-12.22.25-239x300.jpeg\" alt=\"\" width=\"239\" height=\"300\" srcset=\"https:\/\/www.caudete.org\/ayuntamiento\/wp-content\/uploads\/2021\/03\/WhatsApp-Image-2021-03-16-at-12.22.25-239x300.jpeg 239w, https:\/\/www.caudete.org\/ayuntamiento\/wp-content\/uploads\/2021\/03\/WhatsApp-Image-2021-03-16-at-12.22.25-814x1024.jpeg 814w, https:\/\/www.caudete.org\/ayuntamiento\/wp-content\/uploads\/2021\/03\/WhatsApp-Image-2021-03-16-at-12.22.25-768x966.jpeg 768w, https:\/\/www.caudete.org\/ayuntamiento\/wp-content\/uploads\/2021\/03\/WhatsApp-Image-2021-03-16-at-12.22.25-1221x1536.jpeg 1221w, https:\/\/www.caudete.org\/ayuntamiento\/wp-content\/uploads\/2021\/03\/WhatsApp-Image-2021-03-16-at-12.22.25.jpeg 1272w\" sizes=\"(max-width: 239px) 100vw, 239px\" \/><\/a><\/p>\n<p style=\"text-align: justify;\">La segunda Jornada, establecida para el Martes 30 de Marzo, de 9.30 a 13.30h, <strong>\u201dSELVICULTURA Y APROVECHAMIENTOS FORESTALES\u201d<\/strong>, pretende dar a conocer en que consiste la selvicultura y su uso en los aprovechamientos forestales. Posteriormente se realizar\u00e1 una poda de \u00e1rboles en el paraje de <em>La Toconera<\/em>, donde se pondr\u00e1 en pr\u00e1ctica lo visto anteriormente.<\/p>\n<p style=\"text-align: justify;\"><a href=\"https:\/\/www.caudete.org\/ayuntamiento\/wp-content\/uploads\/2021\/03\/WhatsApp-Image-2021-03-16-at-12.23.03.jpeg\" rel='prettyPhoto'><img decoding=\"async\" class=\"aligncenter wp-image-13247 size-medium\" src=\"https:\/\/www.caudete.org\/ayuntamiento\/wp-content\/uploads\/2021\/03\/WhatsApp-Image-2021-03-16-at-12.23.03-247x300.jpeg\" alt=\"\" width=\"247\" height=\"300\" srcset=\"https:\/\/www.caudete.org\/ayuntamiento\/wp-content\/uploads\/2021\/03\/WhatsApp-Image-2021-03-16-at-12.23.03-247x300.jpeg 247w, https:\/\/www.caudete.org\/ayuntamiento\/wp-content\/uploads\/2021\/03\/WhatsApp-Image-2021-03-16-at-12.23.03-844x1024.jpeg 844w, https:\/\/www.caudete.org\/ayuntamiento\/wp-content\/uploads\/2021\/03\/WhatsApp-Image-2021-03-16-at-12.23.03-768x932.jpeg 768w, https:\/\/www.caudete.org\/ayuntamiento\/wp-content\/uploads\/2021\/03\/WhatsApp-Image-2021-03-16-at-12.23.03-1265x1536.jpeg 1265w, https:\/\/www.caudete.org\/ayuntamiento\/wp-content\/uploads\/2021\/03\/WhatsApp-Image-2021-03-16-at-12.23.03.jpeg 1318w\" sizes=\"(max-width: 247px) 100vw, 247px\" \/><\/a><\/p>\n<p>El ponente y monitor de la actividad ser\u00e1 el caudetano Roque Bordallo Tom\u00e1s, Ingeniero T\u00e9cnico Forestal.<\/p>\n<p style=\"text-align: justify;\">Es imprescindible que los asistentes traigan calzado y ropa adecuada para senderismo y poda, siendo el resto de materiales puestos para la ocasi\u00f3n por el Ayuntamiento.<\/p>\n<p>Las plazas son limitadas, y el plazo para realizar las inscripciones finaliza el pr\u00f3ximo 25 de Marzo, y ambos talleres son gratuitos.<\/p>\n","protected":false},"excerpt":{"rendered":"<p>La Concejal\u00eda de Juventud, con su responsable al frente, Mois\u00e9s L\u00f3pez, ha presentado 2 nuevos Talleres ofertados para los j\u00f3venes mayores de 16 a\u00f1os de Caudete, en los d\u00edas no lectivos por vacaciones de Semana Santa (lunes y martes). Con la Naturaleza como eje la actividad, tratar\u00e1 de acercar las especies en monte bajo propias &hellip;<\/p>\n","protected":false},"author":3,"featured_media":13252,"comment_status":"closed","ping_status":"open","sticky":false,"template":"","format":"standard","meta":{"ngg_post_thumbnail":0,"footnotes":""},"categories":[121],"tags":[],"class_list":["post-13245","post","type-post","status-publish","format-standard","has-post-thumbnail","hentry","category-juventud-2"],"yoast_head":"<!-- This site is optimized with the Yoast SEO plugin v27.5 - https:\/\/yoast.com\/product\/yoast-seo-wordpress\/ -->\n<title>Taller de Bot\u00e1nica y Selvicultura en LA TOCONERA por la Concejal\u00eda de Juventud - MI Ayuntamiento de Caudete<\/title>\n<meta name=\"description\" content=\"P\u00e1gina Oficial del Ayuntamiento de Caudete (Albacete)\" \/>\n<meta name=\"robots\" content=\"index, follow, max-snippet:-1, max-image-preview:large, max-video-preview:-1\" \/>\n<link rel=\"canonical\" href=\"https:\/\/www.caudete.org\/ayuntamiento\/taller-de-botanica-y-selvicultura-en-la-toconera-por-la-concejalia-de-juventud\/\" \/>\n<meta property=\"og:locale\" content=\"es_ES\" \/>\n<meta property=\"og:type\" content=\"article\" \/>\n<meta property=\"og:title\" content=\"Taller de Bot\u00e1nica y Selvicultura en LA TOCONERA por la Concejal\u00eda de Juventud - MI Ayuntamiento de Caudete\" \/>\n<meta property=\"og:description\" content=\"P\u00e1gina Oficial del Ayuntamiento de Caudete (Albacete)\" \/>\n<meta property=\"og:url\" content=\"https:\/\/www.caudete.org\/ayuntamiento\/taller-de-botanica-y-selvicultura-en-la-toconera-por-la-concejalia-de-juventud\/\" \/>\n<meta property=\"og:site_name\" content=\"MI Ayuntamiento de Caudete\" \/>\n<meta property=\"article:publisher\" content=\"https:\/\/www.facebook.com\/ayuntamientocaudete\/\" \/>\n<meta property=\"article:published_time\" content=\"2021-03-17T18:38:16+00:00\" \/>\n<meta property=\"article:modified_time\" content=\"2021-03-17T19:00:38+00:00\" \/>\n<meta property=\"og:image\" content=\"https:\/\/www.caudete.org\/ayuntamiento\/wp-content\/uploads\/2021\/03\/CARTELES-EN-HORIZONTAL.jpg\" \/>\n\t<meta property=\"og:image:width\" content=\"1920\" \/>\n\t<meta property=\"og:image:height\" content=\"958\" \/>\n\t<meta property=\"og:image:type\" content=\"image\/jpeg\" \/>\n<meta name=\"author\" content=\"alcalde\" \/>\n<meta name=\"twitter:card\" content=\"summary_large_image\" \/>\n<meta name=\"twitter:label1\" content=\"Escrito por\" \/>\n\t<meta name=\"twitter:data1\" content=\"alcalde\" \/>\n\t<meta name=\"twitter:label2\" content=\"Tiempo de lectura\" \/>\n\t<meta name=\"twitter:data2\" content=\"2 minutos\" \/>\n<script type=\"application\/ld+json\" class=\"yoast-schema-graph\">{\"@context\":\"https:\\\/\\\/schema.org\",\"@graph\":[{\"@type\":\"Article\",\"@id\":\"https:\\\/\\\/www.caudete.org\\\/ayuntamiento\\\/taller-de-botanica-y-selvicultura-en-la-toconera-por-la-concejalia-de-juventud\\\/#article\",\"isPartOf\":{\"@id\":\"https:\\\/\\\/www.caudete.org\\\/ayuntamiento\\\/taller-de-botanica-y-selvicultura-en-la-toconera-por-la-concejalia-de-juventud\\\/\"},\"author\":{\"name\":\"alcalde\",\"@id\":\"https:\\\/\\\/www.caudete.org\\\/ayuntamiento\\\/#\\\/schema\\\/person\\\/cc646da9133078ee4d8dd47457947253\"},\"headline\":\"Taller de Bot\u00e1nica y Selvicultura en LA TOCONERA por la Concejal\u00eda de Juventud\",\"datePublished\":\"2021-03-17T18:38:16+00:00\",\"dateModified\":\"2021-03-17T19:00:38+00:00\",\"mainEntityOfPage\":{\"@id\":\"https:\\\/\\\/www.caudete.org\\\/ayuntamiento\\\/taller-de-botanica-y-selvicultura-en-la-toconera-por-la-concejalia-de-juventud\\\/\"},\"wordCount\":267,\"image\":{\"@id\":\"https:\\\/\\\/www.caudete.org\\\/ayuntamiento\\\/taller-de-botanica-y-selvicultura-en-la-toconera-por-la-concejalia-de-juventud\\\/#primaryimage\"},\"thumbnailUrl\":\"https:\\\/\\\/www.caudete.org\\\/ayuntamiento\\\/wp-content\\\/uploads\\\/2021\\\/03\\\/CARTELES-EN-HORIZONTAL.jpg\",\"articleSection\":[\"Juventud\"],\"inLanguage\":\"es\"},{\"@type\":\"WebPage\",\"@id\":\"https:\\\/\\\/www.caudete.org\\\/ayuntamiento\\\/taller-de-botanica-y-selvicultura-en-la-toconera-por-la-concejalia-de-juventud\\\/\",\"url\":\"https:\\\/\\\/www.caudete.org\\\/ayuntamiento\\\/taller-de-botanica-y-selvicultura-en-la-toconera-por-la-concejalia-de-juventud\\\/\",\"name\":\"Taller de Bot\u00e1nica y Selvicultura en LA TOCONERA por la Concejal\u00eda de Juventud - MI Ayuntamiento de Caudete\",\"isPartOf\":{\"@id\":\"https:\\\/\\\/www.caudete.org\\\/ayuntamiento\\\/#website\"},\"primaryImageOfPage\":{\"@id\":\"https:\\\/\\\/www.caudete.org\\\/ayuntamiento\\\/taller-de-botanica-y-selvicultura-en-la-toconera-por-la-concejalia-de-juventud\\\/#primaryimage\"},\"image\":{\"@id\":\"https:\\\/\\\/www.caudete.org\\\/ayuntamiento\\\/taller-de-botanica-y-selvicultura-en-la-toconera-por-la-concejalia-de-juventud\\\/#primaryimage\"},\"thumbnailUrl\":\"https:\\\/\\\/www.caudete.org\\\/ayuntamiento\\\/wp-content\\\/uploads\\\/2021\\\/03\\\/CARTELES-EN-HORIZONTAL.jpg\",\"datePublished\":\"2021-03-17T18:38:16+00:00\",\"dateModified\":\"2021-03-17T19:00:38+00:00\",\"author\":{\"@id\":\"https:\\\/\\\/www.caudete.org\\\/ayuntamiento\\\/#\\\/schema\\\/person\\\/cc646da9133078ee4d8dd47457947253\"},\"description\":\"P\u00e1gina Oficial del Ayuntamiento de Caudete (Albacete)\",\"breadcrumb\":{\"@id\":\"https:\\\/\\\/www.caudete.org\\\/ayuntamiento\\\/taller-de-botanica-y-selvicultura-en-la-toconera-por-la-concejalia-de-juventud\\\/#breadcrumb\"},\"inLanguage\":\"es\",\"potentialAction\":[{\"@type\":\"ReadAction\",\"target\":[\"https:\\\/\\\/www.caudete.org\\\/ayuntamiento\\\/taller-de-botanica-y-selvicultura-en-la-toconera-por-la-concejalia-de-juventud\\\/\"]}]},{\"@type\":\"ImageObject\",\"inLanguage\":\"es\",\"@id\":\"https:\\\/\\\/www.caudete.org\\\/ayuntamiento\\\/taller-de-botanica-y-selvicultura-en-la-toconera-por-la-concejalia-de-juventud\\\/#primaryimage\",\"url\":\"https:\\\/\\\/www.caudete.org\\\/ayuntamiento\\\/wp-content\\\/uploads\\\/2021\\\/03\\\/CARTELES-EN-HORIZONTAL.jpg\",\"contentUrl\":\"https:\\\/\\\/www.caudete.org\\\/ayuntamiento\\\/wp-content\\\/uploads\\\/2021\\\/03\\\/CARTELES-EN-HORIZONTAL.jpg\",\"width\":1920,\"height\":958},{\"@type\":\"BreadcrumbList\",\"@id\":\"https:\\\/\\\/www.caudete.org\\\/ayuntamiento\\\/taller-de-botanica-y-selvicultura-en-la-toconera-por-la-concejalia-de-juventud\\\/#breadcrumb\",\"itemListElement\":[{\"@type\":\"ListItem\",\"position\":1,\"name\":\"Inicio\",\"item\":\"https:\\\/\\\/www.caudete.org\\\/ayuntamiento\\\/\"},{\"@type\":\"ListItem\",\"position\":2,\"name\":\"Taller de Bot\u00e1nica y Selvicultura en LA TOCONERA por la Concejal\u00eda de Juventud\"}]},{\"@type\":\"WebSite\",\"@id\":\"https:\\\/\\\/www.caudete.org\\\/ayuntamiento\\\/#website\",\"url\":\"https:\\\/\\\/www.caudete.org\\\/ayuntamiento\\\/\",\"name\":\"MI Ayuntamiento de Caudete\",\"description\":\"P\u00e1gina Oficial del MI Ayuntamiento de Caudete\",\"potentialAction\":[{\"@type\":\"SearchAction\",\"target\":{\"@type\":\"EntryPoint\",\"urlTemplate\":\"https:\\\/\\\/www.caudete.org\\\/ayuntamiento\\\/?s={search_term_string}\"},\"query-input\":{\"@type\":\"PropertyValueSpecification\",\"valueRequired\":true,\"valueName\":\"search_term_string\"}}],\"inLanguage\":\"es\"},{\"@type\":\"Person\",\"@id\":\"https:\\\/\\\/www.caudete.org\\\/ayuntamiento\\\/#\\\/schema\\\/person\\\/cc646da9133078ee4d8dd47457947253\",\"name\":\"alcalde\",\"image\":{\"@type\":\"ImageObject\",\"inLanguage\":\"es\",\"@id\":\"https:\\\/\\\/secure.gravatar.com\\\/avatar\\\/84a817ba065b29ff08d666b215a215f5c79186a645ccb25b14a663d48a130f77?s=96&d=mm&r=g\",\"url\":\"https:\\\/\\\/secure.gravatar.com\\\/avatar\\\/84a817ba065b29ff08d666b215a215f5c79186a645ccb25b14a663d48a130f77?s=96&d=mm&r=g\",\"contentUrl\":\"https:\\\/\\\/secure.gravatar.com\\\/avatar\\\/84a817ba065b29ff08d666b215a215f5c79186a645ccb25b14a663d48a130f77?s=96&d=mm&r=g\",\"caption\":\"alcalde\"},\"url\":\"https:\\\/\\\/www.caudete.org\\\/ayuntamiento\\\/author\\\/alcalde\\\/\"}]}<\/script>\n<!-- \/ Yoast SEO plugin. -->","yoast_head_json":{"title":"Taller de Bot\u00e1nica y Selvicultura en LA TOCONERA por la Concejal\u00eda de Juventud - MI Ayuntamiento de Caudete","description":"P\u00e1gina Oficial del Ayuntamiento de Caudete (Albacete)","robots":{"index":"index","follow":"follow","max-snippet":"max-snippet:-1","max-image-preview":"max-image-preview:large","max-video-preview":"max-video-preview:-1"},"canonical":"https:\/\/www.caudete.org\/ayuntamiento\/taller-de-botanica-y-selvicultura-en-la-toconera-por-la-concejalia-de-juventud\/","og_locale":"es_ES","og_type":"article","og_title":"Taller de Bot\u00e1nica y Selvicultura en LA TOCONERA por la Concejal\u00eda de Juventud - MI Ayuntamiento de Caudete","og_description":"P\u00e1gina Oficial del Ayuntamiento de Caudete (Albacete)","og_url":"https:\/\/www.caudete.org\/ayuntamiento\/taller-de-botanica-y-selvicultura-en-la-toconera-por-la-concejalia-de-juventud\/","og_site_name":"MI Ayuntamiento de Caudete","article_publisher":"https:\/\/www.facebook.com\/ayuntamientocaudete\/","article_published_time":"2021-03-17T18:38:16+00:00","article_modified_time":"2021-03-17T19:00:38+00:00","og_image":[{"width":1920,"height":958,"url":"https:\/\/www.caudete.org\/ayuntamiento\/wp-content\/uploads\/2021\/03\/CARTELES-EN-HORIZONTAL.jpg","type":"image\/jpeg"}],"author":"alcalde","twitter_card":"summary_large_image","twitter_misc":{"Escrito por":"alcalde","Tiempo de lectura":"2 minutos"},"schema":{"@context":"https:\/\/schema.org","@graph":[{"@type":"Article","@id":"https:\/\/www.caudete.org\/ayuntamiento\/taller-de-botanica-y-selvicultura-en-la-toconera-por-la-concejalia-de-juventud\/#article","isPartOf":{"@id":"https:\/\/www.caudete.org\/ayuntamiento\/taller-de-botanica-y-selvicultura-en-la-toconera-por-la-concejalia-de-juventud\/"},"author":{"name":"alcalde","@id":"https:\/\/www.caudete.org\/ayuntamiento\/#\/schema\/person\/cc646da9133078ee4d8dd47457947253"},"headline":"Taller de Bot\u00e1nica y Selvicultura en LA TOCONERA por la Concejal\u00eda de Juventud","datePublished":"2021-03-17T18:38:16+00:00","dateModified":"2021-03-17T19:00:38+00:00","mainEntityOfPage":{"@id":"https:\/\/www.caudete.org\/ayuntamiento\/taller-de-botanica-y-selvicultura-en-la-toconera-por-la-concejalia-de-juventud\/"},"wordCount":267,"image":{"@id":"https:\/\/www.caudete.org\/ayuntamiento\/taller-de-botanica-y-selvicultura-en-la-toconera-por-la-concejalia-de-juventud\/#primaryimage"},"thumbnailUrl":"https:\/\/www.caudete.org\/ayuntamiento\/wp-content\/uploads\/2021\/03\/CARTELES-EN-HORIZONTAL.jpg","articleSection":["Juventud"],"inLanguage":"es"},{"@type":"WebPage","@id":"https:\/\/www.caudete.org\/ayuntamiento\/taller-de-botanica-y-selvicultura-en-la-toconera-por-la-concejalia-de-juventud\/","url":"https:\/\/www.caudete.org\/ayuntamiento\/taller-de-botanica-y-selvicultura-en-la-toconera-por-la-concejalia-de-juventud\/","name":"Taller de Bot\u00e1nica y Selvicultura en LA TOCONERA por la Concejal\u00eda de Juventud - MI Ayuntamiento de Caudete","isPartOf":{"@id":"https:\/\/www.caudete.org\/ayuntamiento\/#website"},"primaryImageOfPage":{"@id":"https:\/\/www.caudete.org\/ayuntamiento\/taller-de-botanica-y-selvicultura-en-la-toconera-por-la-concejalia-de-juventud\/#primaryimage"},"image":{"@id":"https:\/\/www.caudete.org\/ayuntamiento\/taller-de-botanica-y-selvicultura-en-la-toconera-por-la-concejalia-de-juventud\/#primaryimage"},"thumbnailUrl":"https:\/\/www.caudete.org\/ayuntamiento\/wp-content\/uploads\/2021\/03\/CARTELES-EN-HORIZONTAL.jpg","datePublished":"2021-03-17T18:38:16+00:00","dateModified":"2021-03-17T19:00:38+00:00","author":{"@id":"https:\/\/www.caudete.org\/ayuntamiento\/#\/schema\/person\/cc646da9133078ee4d8dd47457947253"},"description":"P\u00e1gina Oficial del Ayuntamiento de Caudete (Albacete)","breadcrumb":{"@id":"https:\/\/www.caudete.org\/ayuntamiento\/taller-de-botanica-y-selvicultura-en-la-toconera-por-la-concejalia-de-juventud\/#breadcrumb"},"inLanguage":"es","potentialAction":[{"@type":"ReadAction","target":["https:\/\/www.caudete.org\/ayuntamiento\/taller-de-botanica-y-selvicultura-en-la-toconera-por-la-concejalia-de-juventud\/"]}]},{"@type":"ImageObject","inLanguage":"es","@id":"https:\/\/www.caudete.org\/ayuntamiento\/taller-de-botanica-y-selvicultura-en-la-toconera-por-la-concejalia-de-juventud\/#primaryimage","url":"https:\/\/www.caudete.org\/ayuntamiento\/wp-content\/uploads\/2021\/03\/CARTELES-EN-HORIZONTAL.jpg","contentUrl":"https:\/\/www.caudete.org\/ayuntamiento\/wp-content\/uploads\/2021\/03\/CARTELES-EN-HORIZONTAL.jpg","width":1920,"height":958},{"@type":"BreadcrumbList","@id":"https:\/\/www.caudete.org\/ayuntamiento\/taller-de-botanica-y-selvicultura-en-la-toconera-por-la-concejalia-de-juventud\/#breadcrumb","itemListElement":[{"@type":"ListItem","position":1,"name":"Inicio","item":"https:\/\/www.caudete.org\/ayuntamiento\/"},{"@type":"ListItem","position":2,"name":"Taller de Bot\u00e1nica y Selvicultura en LA TOCONERA por la Concejal\u00eda de Juventud"}]},{"@type":"WebSite","@id":"https:\/\/www.caudete.org\/ayuntamiento\/#website","url":"https:\/\/www.caudete.org\/ayuntamiento\/","name":"MI Ayuntamiento de Caudete","description":"P\u00e1gina Oficial del MI Ayuntamiento de Caudete","potentialAction":[{"@type":"SearchAction","target":{"@type":"EntryPoint","urlTemplate":"https:\/\/www.caudete.org\/ayuntamiento\/?s={search_term_string}"},"query-input":{"@type":"PropertyValueSpecification","valueRequired":true,"valueName":"search_term_string"}}],"inLanguage":"es"},{"@type":"Person","@id":"https:\/\/www.caudete.org\/ayuntamiento\/#\/schema\/person\/cc646da9133078ee4d8dd47457947253","name":"alcalde","image":{"@type":"ImageObject","inLanguage":"es","@id":"https:\/\/secure.gravatar.com\/avatar\/84a817ba065b29ff08d666b215a215f5c79186a645ccb25b14a663d48a130f77?s=96&d=mm&r=g","url":"https:\/\/secure.gravatar.com\/avatar\/84a817ba065b29ff08d666b215a215f5c79186a645ccb25b14a663d48a130f77?s=96&d=mm&r=g","contentUrl":"https:\/\/secure.gravatar.com\/avatar\/84a817ba065b29ff08d666b215a215f5c79186a645ccb25b14a663d48a130f77?s=96&d=mm&r=g","caption":"alcalde"},"url":"https:\/\/www.caudete.org\/ayuntamiento\/author\/alcalde\/"}]}},"_links":{"self":[{"href":"https:\/\/www.caudete.org\/ayuntamiento\/wp-json\/wp\/v2\/posts\/13245","targetHints":{"allow":["GET"]}}],"collection":[{"href":"https:\/\/www.caudete.org\/ayuntamiento\/wp-json\/wp\/v2\/posts"}],"about":[{"href":"https:\/\/www.caudete.org\/ayuntamiento\/wp-json\/wp\/v2\/types\/post"}],"author":[{"embeddable":true,"href":"https:\/\/www.caudete.org\/ayuntamiento\/wp-json\/wp\/v2\/users\/3"}],"replies":[{"embeddable":true,"href":"https:\/\/www.caudete.org\/ayuntamiento\/wp-json\/wp\/v2\/comments?post=13245"}],"version-history":[{"count":4,"href":"https:\/\/www.caudete.org\/ayuntamiento\/wp-json\/wp\/v2\/posts\/13245\/revisions"}],"predecessor-version":[{"id":13255,"href":"https:\/\/www.caudete.org\/ayuntamiento\/wp-json\/wp\/v2\/posts\/13245\/revisions\/13255"}],"wp:featuredmedia":[{"embeddable":true,"href":"https:\/\/www.caudete.org\/ayuntamiento\/wp-json\/wp\/v2\/media\/13252"}],"wp:attachment":[{"href":"https:\/\/www.caudete.org\/ayuntamiento\/wp-json\/wp\/v2\/media?parent=13245"}],"wp:term":[{"taxonomy":"category","embeddable":true,"href":"https:\/\/www.caudete.org\/ayuntamiento\/wp-json\/wp\/v2\/categories?post=13245"},{"taxonomy":"post_tag","embeddable":true,"href":"https:\/\/www.caudete.org\/ayuntamiento\/wp-json\/wp\/v2\/tags?post=13245"}],"curies":[{"name":"wp","href":"https:\/\/api.w.org\/{rel}","templated":true}]}}