{"id":13291,"date":"2021-03-20T08:51:00","date_gmt":"2021-03-20T07:51:00","guid":{"rendered":"https:\/\/www.caudete.org\/ayuntamiento\/?p=13291"},"modified":"2021-03-20T08:51:00","modified_gmt":"2021-03-20T07:51:00","slug":"trabajadores-en-situacion-de-erte-especial-autonoms","status":"publish","type":"post","link":"https:\/\/www.caudete.org\/ayuntamiento\/trabajadores-en-situacion-de-erte-especial-autonoms\/","title":{"rendered":"TRABAJADORES EN SITUACI\u00d3N DE ERTE.\u00a0 Especial Aut\u00f3nom@s"},"content":{"rendered":"<p><strong>\u00a1MATR\u00cdCULA ABIERTA!<\/strong><\/p>\n<p>Ahora m\u00e1s que nunca, los aut\u00f3nom@s necesitan apoyo y formaci\u00f3n para seguir adelante en la adquisici\u00f3n y mejora de distintas competencias profesionales.<\/p>\n<p>Desde la gesti\u00f3n comercial, pasando por c\u00f3mo mejorar tus finanzas, crear un ecommerce o mejorar tu productividad. Todos estos\u00a0<strong>cursos gratuitos<\/strong>\u00a0te ayudar\u00e1n a dar un impulso a tu proyecci\u00f3n profesional y darte las claves para expandir o mejorar tu negocio con el apoyo de nuevas tecnolog\u00edas y tutores especializados. Adem\u00e1s, podr\u00e1s formarte desde casa y a tu ritmo, y al finalizar la formaci\u00f3n, obtendr\u00e1s un diploma expedido por el Servicio P\u00fablico de Empleo Estatal (SEPE).<\/p>\n<p>Esta formaci\u00f3n de oferta est\u00e1 100% subvencionada por el\u00a0<strong>Ministerio de Trabajo y Econom\u00eda Social<\/strong>, por lo que no consume cr\u00e9ditos de formaci\u00f3n y no supone coste alguno para los participantes.<\/p>\n<p><strong>Si eres aut\u00f3nomo o aut\u00f3noma, \u00a1estos cursos son para ti!.<\/strong><\/p>\n<p>\u00a1Elige tu curso y solicita tu plaza!<\/p>\n<p>&nbsp;<\/p>\n<p><strong>Cursos en modalidad Aula Virtual:<\/strong><\/p>\n<p><a href=\"https:\/\/www.cursosfemxa.es\/extincion-contrato-trabajo-gratuito-virtual-estatal-erte-autonomos-curso\" target=\"_blank\" rel=\"nofollow\">Extinci\u00f3n del contrato de trabajo<\/a><br \/>\nDuraci\u00f3n: 8 h.<\/p>\n<p><a href=\"https:\/\/www.cursosfemxa.es\/ingles-empresarial-gratuito-online-estatal-elisa-autonomos-erte-curso\" target=\"_blank\" rel=\"nofollow\">Ingl\u00e9s empresarial<\/a><br \/>\nDuraci\u00f3n: 60 h.<\/p>\n<p><a href=\"https:\/\/www.cursosfemxa.es\/actividades-musculacion-gratuito-estatal-konectia-autonomos-erte-curso\" target=\"_blank\" rel=\"nofollow\">Actividades de musculaci\u00f3n<\/a><br \/>\nDuraci\u00f3n: 120 h.<\/p>\n<p><a href=\"https:\/\/www.cursosfemxa.es\/ciclo-indoor-avanzado-gratuito-estatal-konectia-autonomos-erte-curso\" target=\"_blank\" rel=\"nofollow\">Ciclo Indoor avanzado<\/a><br \/>\nDuraci\u00f3n: 60 h.<\/p>\n<p><a href=\"https:\/\/www.cursosfemxa.es\/ciclo-indoor-gratuito-estatal-konectia-autonomos-erte-curso\" target=\"_blank\" rel=\"nofollow\">Ciclo Indoor<\/a><br \/>\nDuraci\u00f3n: 60 h.<\/p>\n<p><a href=\"https:\/\/www.cursosfemxa.es\/manipulador-alimentos-virtual-santosmartires-autonomos-erte-curso\" target=\"_blank\" rel=\"nofollow\">Manipulador de alimentos<\/a><br \/>\nDuraci\u00f3n: 10h.<\/p>\n<p><a href=\"https:\/\/www.cursosfemxa.es\/diseno-menus-infantiles-gratuito-erte-autonomos-elisa-curso\" target=\"_blank\" rel=\"nofollow\">Dise\u00f1o de men\u00fas infantiles<\/a><br \/>\nDuraci\u00f3n: 20h.<\/p>\n<p>&nbsp;<\/p>\n<p><strong>Cursos en modalidad Online:<\/strong><\/p>\n<p><a href=\"https:\/\/www.cursosfemxa.es\/fundamentos-web-redes-sociales-gratuito-estatal-curso\" target=\"_blank\" rel=\"nofollow\">Fundamentos de Web 2.0 y Redes Sociales<\/a><br \/>\nDuraci\u00f3n: 10h.<\/p>\n<p><a href=\"https:\/\/www.cursosfemxa.es\/tramites-online-administracion-gratuito-estatal-curso\" target=\"_blank\" rel=\"nofollow\">Tr\u00e1mites Online con la Administraci\u00f3n<\/a><br \/>\nDuraci\u00f3n: 25h.<\/p>\n<p><a href=\"https:\/\/www.cursosfemxa.es\/seguridad-informacion-gratuito-online-erte-estatal-cec-curso\" target=\"_blank\" rel=\"nofollow\">Seguridad de la informaci\u00f3n<\/a><br \/>\nDuraci\u00f3n: 20h.<\/p>\n<p><a href=\"https:\/\/www.cursosfemxa.es\/factura-digital-gratuito-online-erte-estatal-cec-curso\" target=\"_blank\" rel=\"nofollow\">Factura digital<\/a><br \/>\nDuraci\u00f3n: 30h.<\/p>\n<p><a href=\"https:\/\/www.cursosfemxa.es\/formacion-basica-limpiezas-gratuito-online-estatal-erte-cec-curso\" target=\"_blank\" rel=\"nofollow\">Formaci\u00f3n b\u00e1sica para limpiezas generales<\/a><br \/>\nDuraci\u00f3n: 40h.<\/p>\n<p><a href=\"https:\/\/www.cursosfemxa.es\/nominas-gratuito-online-estatal-femxa-curso\" target=\"_blank\" rel=\"nofollow\">N\u00f3minas<\/a><br \/>\nDuraci\u00f3n: 50h.<\/p>\n<p><a href=\"https:\/\/www.cursosfemxa.es\/gestion-proyectos-online-estatal-femxa-curso\" target=\"_blank\" rel=\"nofollow\">Gesti\u00f3n de proyectos<\/a><br \/>\nDuraci\u00f3n: 40h.<\/p>\n<p><a href=\"https:\/\/www.cursosfemxa.es\/gestion-residuos-gratuito-online-estatal-cec-autonomos-erte-curso\" target=\"_blank\" rel=\"nofollow\">Gesti\u00f3n de Residuos<\/a><br \/>\nDuraci\u00f3n: 75h.<\/p>\n<p><a href=\"https:\/\/www.cursosfemxa.es\/gestion-residuos-industriales-gratuito-online-estatal-femxa-curso\" target=\"_blank\" rel=\"nofollow\">Gesti\u00f3n de Residuos Industriales<\/a><br \/>\nDuraci\u00f3n: 50h.<\/p>\n<p><a href=\"https:\/\/www.cursosfemxa.es\/facturacion-electronica-gratuito-online-estatal-femxa-curso\" target=\"_blank\" rel=\"nofollow\">Facturaci\u00f3n Electr\u00f3nica<\/a><br \/>\nDuraci\u00f3n: 80h.<\/p>\n<p><a href=\"https:\/\/www.cursosfemxa.es\/lean-manufacturing-gratuito-online-estatal-femxa-curso\" target=\"_blank\" rel=\"nofollow\">Lean Manufacturing<\/a><br \/>\nDuraci\u00f3n: 50h.<\/p>\n<p><a href=\"https:\/\/www.cursosfemxa.es\/autocad-3d-gratuito-online-metal-femxa-autonomos-erte-curso\" target=\"_blank\" rel=\"nofollow\">Autocad 3D<\/a><br \/>\nDuraci\u00f3n: 70h.<\/p>\n<p><a href=\"https:\/\/www.cursosfemxa.es\/apoyo-psicologico-online-erte-autonomos-cec-curso\" target=\"_blank\" rel=\"nofollow\">Apoyo psicol\u00f3gico en situaciones de crisis<\/a><br \/>\nDuraci\u00f3n: 70 h.<\/p>\n<p><a href=\"https:\/\/www.cursosfemxa.es\/direccion-empresas-cooperativas-online-gratuito-economia-social-cece-curso\" target=\"_blank\" rel=\"nofollow\">Direcci\u00f3n de empresas cooperativas<\/a><br \/>\nDuraci\u00f3n: 40h.<\/p>\n<p><a href=\"https:\/\/www.cursosfemxa.es\/organos-sociales-cooperativismo-online-gratuito-economia-social-femxa-curso\" target=\"_blank\" rel=\"nofollow\">Organos sociales en el cooperativismo<\/a><br \/>\nDuraci\u00f3n: 32h.<\/p>\n<p><a href=\"https:\/\/www.cursosfemxa.es\/gestion-cooperativas-trabajo-online-gratuito-economia-social-femxa-curso\" target=\"_blank\" rel=\"nofollow\">Gesti\u00f3n de cooperativas de trabajo<\/a><br \/>\nDuraci\u00f3n: 64 h.<\/p>\n<p><a href=\"https:\/\/www.cursosfemxa.es\/contabilidad-cooperativas-online-gratuito-economia-social-femxa-curso\" target=\"_blank\" rel=\"nofollow\">Contabilidad para cooperativas<\/a><br \/>\nDuraci\u00f3n: 75 h.<\/p>\n<p><a href=\"https:\/\/www.cursosfemxa.es\/iniciacion-cooperativa-trabajo-online-gratuito-economia-social-cece-curso\" target=\"_blank\" rel=\"nofollow\">Iniciaci\u00f3n a la cooperativa de trabajo<\/a><br \/>\nDuraci\u00f3n: 34 h.<\/p>\n<p><a href=\"https:\/\/www.cursosfemxa.es\/nuevas-herramientas-bajo-coste-online-gratuito-economia-social-femxa-curso\" target=\"_blank\" rel=\"nofollow\">Introducci\u00f3n a nuevas herramientas de comunicaci\u00f3n 2.0 de bajo coste para cooperativas<\/a><br \/>\nDuraci\u00f3n: 30 h.<\/p>\n<p><a href=\"https:\/\/www.cursosfemxa.es\/emprendimiento-social-online-gratuito-economia-social-femxa-curso\" target=\"_blank\" rel=\"nofollow\">Emprendimiento social<\/a><br \/>\nDuraci\u00f3n: 30 h.<\/p>\n<p><a href=\"https:\/\/www.cursosfemxa.es\/incendios-forestales-online-gratuito-estatal-femxa-autonomos-erte-curso\" target=\"_blank\" rel=\"nofollow\">Incendios forestales: Efectos medioambientales<\/a><br \/>\nDuraci\u00f3n: 120 h.<\/p>\n<p><a href=\"https:\/\/www.cursosfemxa.es\/carretillas-elevadoras-estatal-siccenter-autonomos-erte-curso\" target=\"_blank\" rel=\"nofollow\">Conducci\u00f3n de carretillas elevadoras<\/a><br \/>\nDuraci\u00f3n: 20 h.<\/p>\n<p><a href=\"https:\/\/www.cursosfemxa.es\/tienda-virtual-prestashop-gratuito-online-estatal-fgc-autonomos-erte-curso\" target=\"_blank\" rel=\"nofollow\">Tienda virtual: Prestashop<\/a><br \/>\nDuraci\u00f3n: 60 h.<\/p>\n<p><a href=\"https:\/\/www.cursosfemxa.es\/gestion-marketing-gratuito-online-estatal-fgc-autonomos-erte-curso\" target=\"_blank\" rel=\"nofollow\">Gesti\u00f3n del marketing 2.0<\/a><br \/>\nDuraci\u00f3n: 90 h.<\/p>\n<p><a href=\"https:\/\/www.cursosfemxa.es\/promociones-comerciales-online-fgc-estatal-erte-autonomos-curso\" target=\"_blank\" rel=\"nofollow\">Promociones comerciales en el punto de venta<\/a><br \/>\nDuraci\u00f3n: 40 h.<\/p>\n<p><a href=\"https:\/\/www.cursosfemxa.es\/mejora-gestion-stocks-gratuito-online-estatal-fgc-autonomos-erte-curso\" target=\"_blank\" rel=\"nofollow\">Mejora de gesti\u00f3n de stocks y beneficios en el comercio<\/a><br \/>\nDuraci\u00f3n: 50 h.<\/p>\n<p><a href=\"https:\/\/www.cursosfemxa.es\/internet-redes-sociales-psmiranda-autonomos-erte-curso\" target=\"_blank\" rel=\"nofollow\">Internet, redes sociales y dispositivos digitales<\/a><br \/>\nDuraci\u00f3n: 30 h.<\/p>\n<p><a href=\"https:\/\/www.cursosfemxa.es\/blogs-redes-sociales-gratuito-online-estatal-femxa-curso\" target=\"_blank\" rel=\"nofollow\">Creaci\u00f3n de blogs y redes sociales<\/a><br \/>\nDuraci\u00f3n: 60 h.<\/p>\n<p><a href=\"https:\/\/www.cursosfemxa.es\/tecnicas-negociacion-estatal-lyceum-autonomos-erte-curso\" target=\"_blank\" rel=\"nofollow\">T\u00e9cnicas de negociaci\u00f3n<\/a><br \/>\nDuraci\u00f3n: 60 h.<\/p>\n<p><a href=\"https:\/\/www.cursosfemxa.es\/programa-avanzado-online-estatal-konectia-autonomos-erte-curso\" target=\"_blank\" rel=\"nofollow\">Programa avanzado en transformaci\u00f3n digital<\/a><br \/>\nDuraci\u00f3n: 90 h.<\/p>\n<p><a href=\"https:\/\/www.cursosfemxa.es\/herramientas-tecnologicas-online-estatal-erte-autonomos-konectia-curso\" target=\"_blank\" rel=\"nofollow\">Herramientas tecnol\u00f3gicas al servicio de la gesti\u00f3n comercial de clientes<\/a><br \/>\nDuraci\u00f3n: 60 h.<\/p>\n<p><a href=\"https:\/\/www.cursosfemxa.es\/analisis-costes-estatal-konectia-autonomos-erte-curso\" target=\"_blank\" rel=\"nofollow\">An\u00e1lisis de costes para la toma de decisiones<\/a><br \/>\nDuraci\u00f3n: 56 h.<\/p>\n<p><a href=\"https:\/\/www.cursosfemxa.es\/business-intelligence-gratuito-online-estatal-nanfor-autonomos-erte-curso\" target=\"_blank\" rel=\"nofollow\">Business Intelligence<\/a><br \/>\nDuraci\u00f3n: 30 h.<\/p>\n<p><a href=\"https:\/\/www.cursosfemxa.es\/control-sistema-electrico-online-gratuito-estatal-erte-autonomos-curso\" target=\"_blank\" rel=\"nofollow\">Operaci\u00f3n y control del sistema el\u00e9ctrico<\/a><br \/>\nDuraci\u00f3n: 20 h.<\/p>\n<p><a href=\"https:\/\/www.cursosfemxa.es\/introduccion-empresas-estatal-erte-autonomos-konectia-curso\" target=\"_blank\" rel=\"nofollow\">Introducci\u00f3n a las empresas 4.0<\/a><br \/>\nDuraci\u00f3n: 60 h.<\/p>\n<p><a href=\"https:\/\/www.cursosfemxa.es\/gestion-contenidos-digitales-online-santosmartires-autonomos-erte-curso\" target=\"_blank\" rel=\"nofollow\">Gesti\u00f3n de contenidos digitales<\/a><br \/>\nDuraci\u00f3n: 60 h.<\/p>\n<p><a href=\"https:\/\/www.cursosfemxa.es\/negocios-online-gratuito-estatal-centec-autonomos-erte-curso\" target=\"_blank\" rel=\"nofollow\">Negocios online y comercio electr\u00f3nico<\/a><br \/>\nDuraci\u00f3n: 80 h.<\/p>\n<p><a href=\"https:\/\/www.cursosfemxa.es\/evaluacion-impacto-ambiental-gratuito-online-estatal-konectia-autonomos-erte-curso\" target=\"_blank\" rel=\"nofollow\">Evaluaci\u00f3n del impacto ambiental<\/a><br \/>\nDuraci\u00f3n: 120 h.<\/p>\n<p><a href=\"https:\/\/www.cursosfemxa.es\/actividades-acuaticas-bebes-gratuito-online-estatal-konectia-autonomos-erte-curso\" target=\"_blank\" rel=\"nofollow\">Actividades acu\u00e1ticas para beb\u00e9s<\/a><br \/>\nDuraci\u00f3n: 40 h.<\/p>\n<p><a href=\"https:\/\/www.cursosfemxa.es\/gestion-instalaciones-deportivas-gratuito-online-estatal-konectia-autonomos-erte-curso\" target=\"_blank\" rel=\"nofollow\">Gesti\u00f3n de instalaciones deportivas<\/a><br \/>\nDuraci\u00f3n: 45 h.<\/p>\n<p><a href=\"https:\/\/www.cursosfemxa.es\/gestion-recobros-seguros-gratuito-online-estatal-konectia-autonomos-erte-curso\" target=\"_blank\" rel=\"nofollow\">Gesti\u00f3n de recobros en seguros<\/a><br \/>\nDuraci\u00f3n: 8h.<\/p>\n<p><a href=\"https:\/\/www.cursosfemxa.es\/asesor-productos-inversion-gratuito-online-estatal-konectia-autonomos-erte-curso\" target=\"_blank\" rel=\"nofollow\">Asesor productos de inversi\u00f3n<\/a><br \/>\nDuraci\u00f3n: 210h.<\/p>\n<p><a href=\"https:\/\/www.cursosfemxa.es\/tramites-online-seguridad-social-gratuito-online-estatal-konectia-autonomos-erte-curso\" target=\"_blank\" rel=\"nofollow\">Tr\u00e1mites online con la seguridad social<\/a><br \/>\nDuraci\u00f3n: 35h.<\/p>\n<p><a href=\"https:\/\/www.cursosfemxa.es\/perito-judicial-prl-gratuito-online-estatal-konectia-autonomos-erte-curso\" target=\"_blank\" rel=\"nofollow\">Perito judicial en PRL<\/a><br \/>\nDuraci\u00f3n: 60h.<\/p>\n<p><a href=\"https:\/\/www.cursosfemxa.es\/gestion-ventas-gestion-comercial-gratuito-online-estatal-konectia-autonomos-erte-curso\" target=\"_blank\" rel=\"nofollow\">Gesti\u00f3n de ventas, marketing directo y utilizaci\u00f3n de redes sociales en la gesti\u00f3n comercial<\/a><br \/>\nDuraci\u00f3n: 100h.<\/p>\n<p><a href=\"https:\/\/www.cursosfemxa.es\/energias-biomasa-gratuito-online-estatal-konectia-erte-autonomos-curso\" target=\"_blank\" rel=\"nofollow\">Energ\u00edas renovables: Especialidad biomasa<\/a><br \/>\nDuraci\u00f3n: 70h.<\/p>\n<p><a href=\"https:\/\/www.cursosfemxa.es\/gestion-animacion-lineal-punto-venta-gratuito-online-konectia-autonomos-erte-curso\" target=\"_blank\" rel=\"nofollow\">Gesti\u00f3n y animaci\u00f3n del lineal del punto de venta<\/a><br \/>\nDuraci\u00f3n: 20h.<\/p>\n<p><a href=\"https:\/\/www.cursosfemxa.es\/neuromarketing-online-estatal-konectia-autonomos-erte-curso\" target=\"_blank\" rel=\"nofollow\">Neuromarketing<\/a><br \/>\nDuraci\u00f3n: 60h.<\/p>\n<p><a href=\"https:\/\/www.cursosfemxa.es\/animacion-punto-venta-gratuito-online-estatal-konectia-autonomos-erte-curso\" target=\"_blank\" rel=\"nofollow\">Animaci\u00f3n en el punto de venta y el consumidor<\/a><br \/>\nDuraci\u00f3n: 80h.<\/p>\n<p><a href=\"https:\/\/www.cursosfemxa.es\/blanqueo-capitales-gratuito-online-estatal-eurocampus-erte-autonomos-curso\" target=\"_blank\" rel=\"nofollow\">Blanqueo de capitales<\/a><br \/>\nDuraci\u00f3n: 30h.<\/p>\n<p><a href=\"https:\/\/www.cursosfemxa.es\/banca-electronica-gratuito-online-estatal-eurocampus-erte-autonomos-curso\" target=\"_blank\" rel=\"nofollow\">Banca electr\u00f3nica y pagos electr\u00f3nicos: Estrategia, operaciones y seguridad<\/a><br \/>\nDuraci\u00f3n: 120h.<\/p>\n<p><a href=\"https:\/\/www.cursosfemxa.es\/appcc-higiene-gratuito-online-estatal-autonomos-erte-femxa-curso\" target=\"_blank\" rel=\"nofollow\">Sistema APPCC y pr\u00e1cticas correctas de higiene<\/a><br \/>\nDuraci\u00f3n: 60h.<\/p>\n<p><a href=\"https:\/\/www.cursosfemxa.es\/finanzas-no-financieros-estatal-eurocampus-autonomos-erte-curso\" target=\"_blank\" rel=\"nofollow\">Finanzas para no financieros<\/a><br \/>\nDuraci\u00f3n: 40h.<\/p>\n<p><a href=\"https:\/\/www.cursosfemxa.es\/estrategias-servicios-calidad-orientacion-cliente-gratuito-online-estatal-sangabriel-autonomos-erte-curso\" target=\"_blank\" rel=\"nofollow\">Estrategias de servicios: calidad y orientaci\u00f3n al cliente<\/a><br \/>\nDuraci\u00f3n: 100h.<\/p>\n<p><a href=\"https:\/\/www.cursosfemxa.es\/ms-project-gratuito-online-estatal-nanfor-autonomos-erte-curso\" target=\"_blank\" rel=\"nofollow\">MS Project<\/a><br \/>\nDuraci\u00f3n: 50h.<\/p>\n<p><a href=\"https:\/\/www.cursosfemxa.es\/cloud-computing-gratuito-online-estatal-nanfor-autonomos-erte-curso\" target=\"_blank\" rel=\"nofollow\">Cloud computing (Azure, Linux)<\/a><br \/>\nDuraci\u00f3n: 30h.<\/p>\n<p><a href=\"https:\/\/www.cursosfemxa.es\/teleasistencia-online-estatal-aliad-autonomos-erte-curso\" target=\"_blank\" rel=\"nofollow\">Fundamentos gesti\u00f3n servicios ITIL<\/a><br \/>\nDuraci\u00f3n: 25h.<\/p>\n<p><a href=\"https:\/\/www.cursosfemxa.es\/atencion-cliente-online-estatal-konectia-autonomos-erte-curso\" target=\"_blank\" rel=\"nofollow\">Atenci\u00f3n al cliente y calidad del servicio<\/a><br \/>\nDuraci\u00f3n: 25h.<\/p>\n<p><a href=\"https:\/\/www.cursosfemxa.es\/tacografo-digital-online-estatal-elisa-autonomos-erte-curso\" target=\"_blank\" rel=\"nofollow\">Tac\u00f3grafo digital<\/a><br \/>\nDuraci\u00f3n: 30h.<\/p>\n<p><a href=\"https:\/\/www.cursosfemxa.es\/satisfaccion-clientes-online-gratuito-estatal-dicampus-autonomos-erte-curso\" target=\"_blank\" rel=\"nofollow\">Satisfacci\u00f3n de clientes, calidad y atenci\u00f3n telef\u00f3nica de quejas<\/a><br \/>\nDuraci\u00f3n: 45h.<\/p>\n<p><a href=\"https:\/\/www.cursosfemxa.es\/prevencion-accidentes-conduccion-gratuito-online-estatal-dicampus-autonomos-erte-curso\" target=\"_blank\" rel=\"nofollow\">Prevenci\u00f3n de accidentes en la conducci\u00f3n<\/a><br \/>\nDuraci\u00f3n: 40h.<\/p>\n<p><a href=\"https:\/\/www.cursosfemxa.es\/procedimientos-seguridad-vial-online-gratuito-estatal-autonomos-erte-curso\" target=\"_blank\" rel=\"nofollow\">Procedimientos generales sobre seguridad vial<\/a><br \/>\nDuraci\u00f3n: 40h.<\/p>\n<p><a href=\"https:\/\/www.cursosfemxa.es\/habilidades-comerciales-gratuito-online-estatal-sangabriel-autonomos-erte-curso\" target=\"_blank\" rel=\"nofollow\">Habilidades comerciales<\/a><br \/>\nDuraci\u00f3n: 60h.<\/p>\n<p><a href=\"https:\/\/www.cursosfemxa.es\/comercio-internet-optimizacion-recursos-estatal-erte-autonomos-san-gabriel-curso\" target=\"_blank\" rel=\"nofollow\">Comercio en internet. Optimizaci\u00f3n de recursos<\/a><br \/>\nDuraci\u00f3n: 90h.<\/p>\n<p><a href=\"https:\/\/www.cursosfemxa.es\/desarrollo-web-comercio-electronico-online-estatal-san-gabriel-autonomos-erte-curso\" target=\"_blank\" rel=\"nofollow\">Desarrollo web para comercio electr\u00f3nico<\/a><br \/>\nDuraci\u00f3n: 150h.<\/p>\n<p><a href=\"https:\/\/www.cursosfemxa.es\/certificacion-calidad-alimentacion-gratuito-online-estatal-sangabriel-autonomos-erte-curso\" target=\"_blank\" rel=\"nofollow\">Certificaci\u00f3n de calidad en alimentaci\u00f3n<\/a><br \/>\nDuraci\u00f3n: 50h.<\/p>\n<p><a href=\"https:\/\/www.cursosfemxa.es\/instalacion-mantenimiento-industrial-gratuito-online-estatal-sangabriel-autonomos-erte-curso\" target=\"_blank\" rel=\"nofollow\">Instalaci\u00f3n y mantenimiento industrial<\/a><br \/>\nDuraci\u00f3n: 21 0h.<\/p>\n<p>&nbsp;<\/p>\n<p>Si no eres aut\u00f3nom@ y<strong>\u00a0trabajas por cuenta ajena,\u00a0<\/strong>consulta la oferta de cursos para tu sector profesional\u00a0<a href=\"https:\/\/www.cursosfemxa.es\/cursos-online-gratuitos-convocatoria-estatal\" target=\"_blank\" rel=\"nofollow\">aqu\u00ed<\/a>.<\/p>\n<p><strong>IMPORTANTE:<\/strong><\/p>\n<ul>\n<li>Recuerda que esta formaci\u00f3n\u00a0<strong>NO es bonificada<\/strong>, est\u00e1 subvencionada y es\u00a0<strong>completamente gratuita<\/strong>.<\/li>\n<li>Cursos con\u00a0<strong>plazas limitadas.<\/strong><\/li>\n<li><strong>NO hay plazas disponibles<\/strong>\u00a0para trabajadores de la\u00a0<strong>Administraci\u00f3n P\u00fablica<\/strong>.<\/li>\n<li>Los cursos disponibles pertenecen a\u00a0<strong>distintas convocatorias<\/strong>, y por lo tanto\u00a0<strong>el m\u00e1ximo de<\/strong>\u00a0<strong>horas formativas<\/strong>\u00a0que puede realizar el alumno, y los\u00a0<strong>colectivos prioritarios<\/strong>, pueden diferir entre cada convocatoria.\u00a0Esta informaci\u00f3n est\u00e1 disponible en cada curso.<\/li>\n<\/ul>\n","protected":false},"excerpt":{"rendered":"<p>\u00a1MATR\u00cdCULA ABIERTA! Ahora m\u00e1s que nunca, los aut\u00f3nom@s necesitan apoyo y formaci\u00f3n para seguir adelante en la adquisici\u00f3n y mejora de distintas competencias profesionales. Desde la gesti\u00f3n comercial, pasando por c\u00f3mo mejorar tus finanzas, crear un ecommerce o mejorar tu productividad. Todos estos\u00a0cursos gratuitos\u00a0te ayudar\u00e1n a dar un impulso a tu proyecci\u00f3n profesional y darte &hellip;<\/p>\n","protected":false},"author":2,"featured_media":13290,"comment_status":"closed","ping_status":"open","sticky":false,"template":"","format":"standard","meta":{"ngg_post_thumbnail":0,"footnotes":""},"categories":[90],"tags":[552,283,549],"class_list":["post-13291","post","type-post","status-publish","format-standard","has-post-thumbnail","hentry","category-tablon-informativo-desarrollo-local","tag-autonomo","tag-cursos","tag-erte"],"yoast_head":"<!-- This site is optimized with the Yoast SEO plugin v27.4 - https:\/\/yoast.com\/product\/yoast-seo-wordpress\/ -->\n<title>TRABAJADORES EN SITUACI\u00d3N DE ERTE.\u00a0 Especial Aut\u00f3nom@s - MI Ayuntamiento de Caudete<\/title>\n<meta name=\"description\" content=\"P\u00e1gina Oficial del Ayuntamiento de Caudete (Albacete)\" \/>\n<meta name=\"robots\" content=\"index, follow, max-snippet:-1, max-image-preview:large, max-video-preview:-1\" \/>\n<link rel=\"canonical\" href=\"https:\/\/www.caudete.org\/ayuntamiento\/trabajadores-en-situacion-de-erte-especial-autonoms\/\" \/>\n<meta property=\"og:locale\" content=\"es_ES\" \/>\n<meta property=\"og:type\" content=\"article\" \/>\n<meta property=\"og:title\" content=\"TRABAJADORES EN SITUACI\u00d3N DE ERTE.\u00a0 Especial Aut\u00f3nom@s - MI Ayuntamiento de Caudete\" \/>\n<meta property=\"og:description\" content=\"P\u00e1gina Oficial del Ayuntamiento de Caudete (Albacete)\" \/>\n<meta property=\"og:url\" content=\"https:\/\/www.caudete.org\/ayuntamiento\/trabajadores-en-situacion-de-erte-especial-autonoms\/\" \/>\n<meta property=\"og:site_name\" content=\"MI Ayuntamiento de Caudete\" \/>\n<meta property=\"article:publisher\" content=\"https:\/\/www.facebook.com\/ayuntamientocaudete\/\" \/>\n<meta property=\"article:published_time\" content=\"2021-03-20T07:51:00+00:00\" \/>\n<meta property=\"og:image\" content=\"https:\/\/www.caudete.org\/ayuntamiento\/wp-content\/uploads\/2021\/03\/AUTONOMOS-horizontal.jpg\" \/>\n\t<meta property=\"og:image:width\" content=\"1920\" \/>\n\t<meta property=\"og:image:height\" content=\"958\" \/>\n\t<meta property=\"og:image:type\" content=\"image\/jpeg\" \/>\n<meta name=\"author\" content=\"Juan\" \/>\n<meta name=\"twitter:card\" content=\"summary_large_image\" \/>\n<meta name=\"twitter:label1\" content=\"Escrito por\" \/>\n\t<meta name=\"twitter:data1\" content=\"Juan\" \/>\n\t<meta name=\"twitter:label2\" content=\"Tiempo de lectura\" \/>\n\t<meta name=\"twitter:data2\" content=\"4 minutos\" \/>\n<script type=\"application\/ld+json\" class=\"yoast-schema-graph\">{\"@context\":\"https:\\\/\\\/schema.org\",\"@graph\":[{\"@type\":\"Article\",\"@id\":\"https:\\\/\\\/www.caudete.org\\\/ayuntamiento\\\/trabajadores-en-situacion-de-erte-especial-autonoms\\\/#article\",\"isPartOf\":{\"@id\":\"https:\\\/\\\/www.caudete.org\\\/ayuntamiento\\\/trabajadores-en-situacion-de-erte-especial-autonoms\\\/\"},\"author\":{\"name\":\"Juan\",\"@id\":\"https:\\\/\\\/www.caudete.org\\\/ayuntamiento\\\/#\\\/schema\\\/person\\\/7656a5bb58fca95b9814e940de0fda63\"},\"headline\":\"TRABAJADORES EN SITUACI\u00d3N DE ERTE.\u00a0 Especial Aut\u00f3nom@s\",\"datePublished\":\"2021-03-20T07:51:00+00:00\",\"mainEntityOfPage\":{\"@id\":\"https:\\\/\\\/www.caudete.org\\\/ayuntamiento\\\/trabajadores-en-situacion-de-erte-especial-autonoms\\\/\"},\"wordCount\":924,\"publisher\":{\"@id\":\"https:\\\/\\\/www.caudete.org\\\/ayuntamiento\\\/#organization\"},\"image\":{\"@id\":\"https:\\\/\\\/www.caudete.org\\\/ayuntamiento\\\/trabajadores-en-situacion-de-erte-especial-autonoms\\\/#primaryimage\"},\"thumbnailUrl\":\"https:\\\/\\\/www.caudete.org\\\/ayuntamiento\\\/wp-content\\\/uploads\\\/2021\\\/03\\\/AUTONOMOS-horizontal.jpg\",\"keywords\":[\"Autonomo\",\"Cursos\",\"ERTE\"],\"articleSection\":[\"Tabl\u00f3n informativo (Desarrollo local)\"],\"inLanguage\":\"es\"},{\"@type\":\"WebPage\",\"@id\":\"https:\\\/\\\/www.caudete.org\\\/ayuntamiento\\\/trabajadores-en-situacion-de-erte-especial-autonoms\\\/\",\"url\":\"https:\\\/\\\/www.caudete.org\\\/ayuntamiento\\\/trabajadores-en-situacion-de-erte-especial-autonoms\\\/\",\"name\":\"TRABAJADORES EN SITUACI\u00d3N DE ERTE.\u00a0 Especial Aut\u00f3nom@s - MI Ayuntamiento de Caudete\",\"isPartOf\":{\"@id\":\"https:\\\/\\\/www.caudete.org\\\/ayuntamiento\\\/#website\"},\"primaryImageOfPage\":{\"@id\":\"https:\\\/\\\/www.caudete.org\\\/ayuntamiento\\\/trabajadores-en-situacion-de-erte-especial-autonoms\\\/#primaryimage\"},\"image\":{\"@id\":\"https:\\\/\\\/www.caudete.org\\\/ayuntamiento\\\/trabajadores-en-situacion-de-erte-especial-autonoms\\\/#primaryimage\"},\"thumbnailUrl\":\"https:\\\/\\\/www.caudete.org\\\/ayuntamiento\\\/wp-content\\\/uploads\\\/2021\\\/03\\\/AUTONOMOS-horizontal.jpg\",\"datePublished\":\"2021-03-20T07:51:00+00:00\",\"description\":\"P\u00e1gina Oficial del Ayuntamiento de Caudete (Albacete)\",\"breadcrumb\":{\"@id\":\"https:\\\/\\\/www.caudete.org\\\/ayuntamiento\\\/trabajadores-en-situacion-de-erte-especial-autonoms\\\/#breadcrumb\"},\"inLanguage\":\"es\",\"potentialAction\":[{\"@type\":\"ReadAction\",\"target\":[\"https:\\\/\\\/www.caudete.org\\\/ayuntamiento\\\/trabajadores-en-situacion-de-erte-especial-autonoms\\\/\"]}]},{\"@type\":\"ImageObject\",\"inLanguage\":\"es\",\"@id\":\"https:\\\/\\\/www.caudete.org\\\/ayuntamiento\\\/trabajadores-en-situacion-de-erte-especial-autonoms\\\/#primaryimage\",\"url\":\"https:\\\/\\\/www.caudete.org\\\/ayuntamiento\\\/wp-content\\\/uploads\\\/2021\\\/03\\\/AUTONOMOS-horizontal.jpg\",\"contentUrl\":\"https:\\\/\\\/www.caudete.org\\\/ayuntamiento\\\/wp-content\\\/uploads\\\/2021\\\/03\\\/AUTONOMOS-horizontal.jpg\",\"width\":1920,\"height\":958},{\"@type\":\"BreadcrumbList\",\"@id\":\"https:\\\/\\\/www.caudete.org\\\/ayuntamiento\\\/trabajadores-en-situacion-de-erte-especial-autonoms\\\/#breadcrumb\",\"itemListElement\":[{\"@type\":\"ListItem\",\"position\":1,\"name\":\"Inicio\",\"item\":\"https:\\\/\\\/www.caudete.org\\\/ayuntamiento\\\/\"},{\"@type\":\"ListItem\",\"position\":2,\"name\":\"TRABAJADORES EN SITUACI\u00d3N DE ERTE.\u00a0 Especial Aut\u00f3nom@s\"}]},{\"@type\":\"WebSite\",\"@id\":\"https:\\\/\\\/www.caudete.org\\\/ayuntamiento\\\/#website\",\"url\":\"https:\\\/\\\/www.caudete.org\\\/ayuntamiento\\\/\",\"name\":\"MI Ayuntamiento de Caudete\",\"description\":\"P\u00e1gina Oficial del MI Ayuntamiento de Caudete\",\"publisher\":{\"@id\":\"https:\\\/\\\/www.caudete.org\\\/ayuntamiento\\\/#organization\"},\"potentialAction\":[{\"@type\":\"SearchAction\",\"target\":{\"@type\":\"EntryPoint\",\"urlTemplate\":\"https:\\\/\\\/www.caudete.org\\\/ayuntamiento\\\/?s={search_term_string}\"},\"query-input\":{\"@type\":\"PropertyValueSpecification\",\"valueRequired\":true,\"valueName\":\"search_term_string\"}}],\"inLanguage\":\"es\"},{\"@type\":\"Organization\",\"@id\":\"https:\\\/\\\/www.caudete.org\\\/ayuntamiento\\\/#organization\",\"name\":\"Ayuntamiento de Caudete\",\"url\":\"https:\\\/\\\/www.caudete.org\\\/ayuntamiento\\\/\",\"logo\":{\"@type\":\"ImageObject\",\"inLanguage\":\"es\",\"@id\":\"https:\\\/\\\/www.caudete.org\\\/ayuntamiento\\\/#\\\/schema\\\/logo\\\/image\\\/\",\"url\":\"https:\\\/\\\/www.caudete.org\\\/ayuntamiento\\\/wp-content\\\/uploads\\\/2020\\\/11\\\/logo_ayuntamiento_caudete.jpg\",\"contentUrl\":\"https:\\\/\\\/www.caudete.org\\\/ayuntamiento\\\/wp-content\\\/uploads\\\/2020\\\/11\\\/logo_ayuntamiento_caudete.jpg\",\"width\":600,\"height\":150,\"caption\":\"Ayuntamiento de Caudete\"},\"image\":{\"@id\":\"https:\\\/\\\/www.caudete.org\\\/ayuntamiento\\\/#\\\/schema\\\/logo\\\/image\\\/\"},\"sameAs\":[\"https:\\\/\\\/www.facebook.com\\\/ayuntamientocaudete\\\/\",\"https:\\\/\\\/www.youtube.com\\\/channel\\\/UC6VztHaooNsGpw-tNoBEFnQ\"]},{\"@type\":\"Person\",\"@id\":\"https:\\\/\\\/www.caudete.org\\\/ayuntamiento\\\/#\\\/schema\\\/person\\\/7656a5bb58fca95b9814e940de0fda63\",\"name\":\"Juan\",\"image\":{\"@type\":\"ImageObject\",\"inLanguage\":\"es\",\"@id\":\"https:\\\/\\\/secure.gravatar.com\\\/avatar\\\/dd53e51c0cd6ab23f52d4f3e4f1c59730240727763de3dbbf26750b079a2c292?s=96&d=mm&r=g\",\"url\":\"https:\\\/\\\/secure.gravatar.com\\\/avatar\\\/dd53e51c0cd6ab23f52d4f3e4f1c59730240727763de3dbbf26750b079a2c292?s=96&d=mm&r=g\",\"contentUrl\":\"https:\\\/\\\/secure.gravatar.com\\\/avatar\\\/dd53e51c0cd6ab23f52d4f3e4f1c59730240727763de3dbbf26750b079a2c292?s=96&d=mm&r=g\",\"caption\":\"Juan\"},\"url\":\"https:\\\/\\\/www.caudete.org\\\/ayuntamiento\\\/author\\\/centrodeinternet\\\/\"}]}<\/script>\n<!-- \/ Yoast SEO plugin. -->","yoast_head_json":{"title":"TRABAJADORES EN SITUACI\u00d3N DE ERTE.\u00a0 Especial Aut\u00f3nom@s - MI Ayuntamiento de Caudete","description":"P\u00e1gina Oficial del Ayuntamiento de Caudete (Albacete)","robots":{"index":"index","follow":"follow","max-snippet":"max-snippet:-1","max-image-preview":"max-image-preview:large","max-video-preview":"max-video-preview:-1"},"canonical":"https:\/\/www.caudete.org\/ayuntamiento\/trabajadores-en-situacion-de-erte-especial-autonoms\/","og_locale":"es_ES","og_type":"article","og_title":"TRABAJADORES EN SITUACI\u00d3N DE ERTE.\u00a0 Especial Aut\u00f3nom@s - MI Ayuntamiento de Caudete","og_description":"P\u00e1gina Oficial del Ayuntamiento de Caudete (Albacete)","og_url":"https:\/\/www.caudete.org\/ayuntamiento\/trabajadores-en-situacion-de-erte-especial-autonoms\/","og_site_name":"MI Ayuntamiento de Caudete","article_publisher":"https:\/\/www.facebook.com\/ayuntamientocaudete\/","article_published_time":"2021-03-20T07:51:00+00:00","og_image":[{"width":1920,"height":958,"url":"https:\/\/www.caudete.org\/ayuntamiento\/wp-content\/uploads\/2021\/03\/AUTONOMOS-horizontal.jpg","type":"image\/jpeg"}],"author":"Juan","twitter_card":"summary_large_image","twitter_misc":{"Escrito por":"Juan","Tiempo de lectura":"4 minutos"},"schema":{"@context":"https:\/\/schema.org","@graph":[{"@type":"Article","@id":"https:\/\/www.caudete.org\/ayuntamiento\/trabajadores-en-situacion-de-erte-especial-autonoms\/#article","isPartOf":{"@id":"https:\/\/www.caudete.org\/ayuntamiento\/trabajadores-en-situacion-de-erte-especial-autonoms\/"},"author":{"name":"Juan","@id":"https:\/\/www.caudete.org\/ayuntamiento\/#\/schema\/person\/7656a5bb58fca95b9814e940de0fda63"},"headline":"TRABAJADORES EN SITUACI\u00d3N DE ERTE.\u00a0 Especial Aut\u00f3nom@s","datePublished":"2021-03-20T07:51:00+00:00","mainEntityOfPage":{"@id":"https:\/\/www.caudete.org\/ayuntamiento\/trabajadores-en-situacion-de-erte-especial-autonoms\/"},"wordCount":924,"publisher":{"@id":"https:\/\/www.caudete.org\/ayuntamiento\/#organization"},"image":{"@id":"https:\/\/www.caudete.org\/ayuntamiento\/trabajadores-en-situacion-de-erte-especial-autonoms\/#primaryimage"},"thumbnailUrl":"https:\/\/www.caudete.org\/ayuntamiento\/wp-content\/uploads\/2021\/03\/AUTONOMOS-horizontal.jpg","keywords":["Autonomo","Cursos","ERTE"],"articleSection":["Tabl\u00f3n informativo (Desarrollo local)"],"inLanguage":"es"},{"@type":"WebPage","@id":"https:\/\/www.caudete.org\/ayuntamiento\/trabajadores-en-situacion-de-erte-especial-autonoms\/","url":"https:\/\/www.caudete.org\/ayuntamiento\/trabajadores-en-situacion-de-erte-especial-autonoms\/","name":"TRABAJADORES EN SITUACI\u00d3N DE ERTE.\u00a0 Especial Aut\u00f3nom@s - MI Ayuntamiento de Caudete","isPartOf":{"@id":"https:\/\/www.caudete.org\/ayuntamiento\/#website"},"primaryImageOfPage":{"@id":"https:\/\/www.caudete.org\/ayuntamiento\/trabajadores-en-situacion-de-erte-especial-autonoms\/#primaryimage"},"image":{"@id":"https:\/\/www.caudete.org\/ayuntamiento\/trabajadores-en-situacion-de-erte-especial-autonoms\/#primaryimage"},"thumbnailUrl":"https:\/\/www.caudete.org\/ayuntamiento\/wp-content\/uploads\/2021\/03\/AUTONOMOS-horizontal.jpg","datePublished":"2021-03-20T07:51:00+00:00","description":"P\u00e1gina Oficial del Ayuntamiento de Caudete (Albacete)","breadcrumb":{"@id":"https:\/\/www.caudete.org\/ayuntamiento\/trabajadores-en-situacion-de-erte-especial-autonoms\/#breadcrumb"},"inLanguage":"es","potentialAction":[{"@type":"ReadAction","target":["https:\/\/www.caudete.org\/ayuntamiento\/trabajadores-en-situacion-de-erte-especial-autonoms\/"]}]},{"@type":"ImageObject","inLanguage":"es","@id":"https:\/\/www.caudete.org\/ayuntamiento\/trabajadores-en-situacion-de-erte-especial-autonoms\/#primaryimage","url":"https:\/\/www.caudete.org\/ayuntamiento\/wp-content\/uploads\/2021\/03\/AUTONOMOS-horizontal.jpg","contentUrl":"https:\/\/www.caudete.org\/ayuntamiento\/wp-content\/uploads\/2021\/03\/AUTONOMOS-horizontal.jpg","width":1920,"height":958},{"@type":"BreadcrumbList","@id":"https:\/\/www.caudete.org\/ayuntamiento\/trabajadores-en-situacion-de-erte-especial-autonoms\/#breadcrumb","itemListElement":[{"@type":"ListItem","position":1,"name":"Inicio","item":"https:\/\/www.caudete.org\/ayuntamiento\/"},{"@type":"ListItem","position":2,"name":"TRABAJADORES EN SITUACI\u00d3N DE ERTE.\u00a0 Especial Aut\u00f3nom@s"}]},{"@type":"WebSite","@id":"https:\/\/www.caudete.org\/ayuntamiento\/#website","url":"https:\/\/www.caudete.org\/ayuntamiento\/","name":"MI Ayuntamiento de Caudete","description":"P\u00e1gina Oficial del MI Ayuntamiento de Caudete","publisher":{"@id":"https:\/\/www.caudete.org\/ayuntamiento\/#organization"},"potentialAction":[{"@type":"SearchAction","target":{"@type":"EntryPoint","urlTemplate":"https:\/\/www.caudete.org\/ayuntamiento\/?s={search_term_string}"},"query-input":{"@type":"PropertyValueSpecification","valueRequired":true,"valueName":"search_term_string"}}],"inLanguage":"es"},{"@type":"Organization","@id":"https:\/\/www.caudete.org\/ayuntamiento\/#organization","name":"Ayuntamiento de Caudete","url":"https:\/\/www.caudete.org\/ayuntamiento\/","logo":{"@type":"ImageObject","inLanguage":"es","@id":"https:\/\/www.caudete.org\/ayuntamiento\/#\/schema\/logo\/image\/","url":"https:\/\/www.caudete.org\/ayuntamiento\/wp-content\/uploads\/2020\/11\/logo_ayuntamiento_caudete.jpg","contentUrl":"https:\/\/www.caudete.org\/ayuntamiento\/wp-content\/uploads\/2020\/11\/logo_ayuntamiento_caudete.jpg","width":600,"height":150,"caption":"Ayuntamiento de Caudete"},"image":{"@id":"https:\/\/www.caudete.org\/ayuntamiento\/#\/schema\/logo\/image\/"},"sameAs":["https:\/\/www.facebook.com\/ayuntamientocaudete\/","https:\/\/www.youtube.com\/channel\/UC6VztHaooNsGpw-tNoBEFnQ"]},{"@type":"Person","@id":"https:\/\/www.caudete.org\/ayuntamiento\/#\/schema\/person\/7656a5bb58fca95b9814e940de0fda63","name":"Juan","image":{"@type":"ImageObject","inLanguage":"es","@id":"https:\/\/secure.gravatar.com\/avatar\/dd53e51c0cd6ab23f52d4f3e4f1c59730240727763de3dbbf26750b079a2c292?s=96&d=mm&r=g","url":"https:\/\/secure.gravatar.com\/avatar\/dd53e51c0cd6ab23f52d4f3e4f1c59730240727763de3dbbf26750b079a2c292?s=96&d=mm&r=g","contentUrl":"https:\/\/secure.gravatar.com\/avatar\/dd53e51c0cd6ab23f52d4f3e4f1c59730240727763de3dbbf26750b079a2c292?s=96&d=mm&r=g","caption":"Juan"},"url":"https:\/\/www.caudete.org\/ayuntamiento\/author\/centrodeinternet\/"}]}},"_links":{"self":[{"href":"https:\/\/www.caudete.org\/ayuntamiento\/wp-json\/wp\/v2\/posts\/13291","targetHints":{"allow":["GET"]}}],"collection":[{"href":"https:\/\/www.caudete.org\/ayuntamiento\/wp-json\/wp\/v2\/posts"}],"about":[{"href":"https:\/\/www.caudete.org\/ayuntamiento\/wp-json\/wp\/v2\/types\/post"}],"author":[{"embeddable":true,"href":"https:\/\/www.caudete.org\/ayuntamiento\/wp-json\/wp\/v2\/users\/2"}],"replies":[{"embeddable":true,"href":"https:\/\/www.caudete.org\/ayuntamiento\/wp-json\/wp\/v2\/comments?post=13291"}],"version-history":[{"count":2,"href":"https:\/\/www.caudete.org\/ayuntamiento\/wp-json\/wp\/v2\/posts\/13291\/revisions"}],"predecessor-version":[{"id":13293,"href":"https:\/\/www.caudete.org\/ayuntamiento\/wp-json\/wp\/v2\/posts\/13291\/revisions\/13293"}],"wp:featuredmedia":[{"embeddable":true,"href":"https:\/\/www.caudete.org\/ayuntamiento\/wp-json\/wp\/v2\/media\/13290"}],"wp:attachment":[{"href":"https:\/\/www.caudete.org\/ayuntamiento\/wp-json\/wp\/v2\/media?parent=13291"}],"wp:term":[{"taxonomy":"category","embeddable":true,"href":"https:\/\/www.caudete.org\/ayuntamiento\/wp-json\/wp\/v2\/categories?post=13291"},{"taxonomy":"post_tag","embeddable":true,"href":"https:\/\/www.caudete.org\/ayuntamiento\/wp-json\/wp\/v2\/tags?post=13291"}],"curies":[{"name":"wp","href":"https:\/\/api.w.org\/{rel}","templated":true}]}}