{"id":13294,"date":"2021-03-23T08:00:32","date_gmt":"2021-03-23T07:00:32","guid":{"rendered":"https:\/\/www.caudete.org\/ayuntamiento\/?p=13294"},"modified":"2021-03-22T21:46:07","modified_gmt":"2021-03-22T20:46:07","slug":"abiertas-a-consulta-publica-las-ordenanzas-de-trafico-y-ocupacion-de-via-publica","status":"publish","type":"post","link":"https:\/\/www.caudete.org\/ayuntamiento\/abiertas-a-consulta-publica-las-ordenanzas-de-trafico-y-ocupacion-de-via-publica\/","title":{"rendered":"Abiertas a consulta p\u00fablica las Ordenanzas de Tr\u00e1fico y Ocupaci\u00f3n de V\u00eda P\u00fablica"},"content":{"rendered":"<p style=\"text-align: justify;\">Pilar Egea, Concejal de Participaci\u00f3n Ciudadana, traslada a los caudetanos la apertura del proceso de consulta p\u00fablica para varias Ordenanzas Municipales.<\/p>\n<p style=\"text-align: justify;\">En concreto, se trata de la <em>Ordenanza Reguladora de Tr\u00e1fico<\/em> y de las Reguladora y Fiscal de <em>Ocupaci\u00f3n de V\u00eda P\u00fablica<\/em> las que el Equipo de Gobierno lanza para su tramitaci\u00f3n, tras su inclusi\u00f3n en el Plan Anual Normativo 2021.<\/p>\n<p style=\"text-align: justify;\">La Ordenanza de Tr\u00e1fico busca la regulaci\u00f3n de los usos de las v\u00edas urbanas y traves\u00edas de acuerdo con las f\u00f3rmulas de cooperaci\u00f3n o delegaci\u00f3n con otras Administraciones, haciendo compatible la equitativa distribuci\u00f3n de los aparcamientos entre todos los usuarios, con la necesaria fluidez del tr\u00e1fico rodado y con el uso peatonal de las calles, prestando especial atenci\u00f3n a las necesidades de las personas con diversidad funcional que tienen reducida su movilidad y que utilizan veh\u00edculos, todo ello con el fin de favorecer su integraci\u00f3n social.<\/p>\n<p style=\"text-align: justify;\">Las Ordenanzas Reguladora y Fiscal de Ocupaci\u00f3n de V\u00eda P\u00fablica, vendr\u00e1 a renovar la normativa local vigente hasta este momento, actualizando y simplificando casos y procedimientos, y ante todo, transformarla en un instrumento mucho m\u00e1s operativo y clarificador tanto para el Ayuntamiento, como para quienes precisan, por diferentes causas, hacer uso de la v\u00eda p\u00fablica, con o sin corte de la misma.<\/p>\n<p style=\"text-align: justify;\">La Concejal remarcaba que &#8220;<em>se abre as\u00ed un proceso que pretende mejorar la participaci\u00f3n de los ciudadanos en el procedimiento de elaboraci\u00f3n de las normas municipales, donde su opini\u00f3n es importante para conseguir una norma que aporte diferentes puntos de vista, que sea dise\u00f1ada por todos, y que sea por tanto participativa<\/em>&#8220;.\u00a0<a href=\"https:\/\/www.caudete.org\/ayuntamiento\/consulta-publica-preaprobacion\/\">https:\/\/www.caudete.org\/ayuntamiento\/consulta-publica-preaprobacion\/<\/a><\/p>\n<p style=\"text-align: justify;\">Todo ello, atendiendo a la Ley 39\/2015, de 1 de octubre, del Procedimiento Administrativo Com\u00fan de las Administraciones P\u00fablicas, en base a la cual &#8220;<em>todos los ciudadanos, organizaciones y asociaciones que as\u00ed lo consideren pueden hacer llegar sus opiniones&#8221;, <\/em>present\u00e1ndolas por escrito en el Registro General de Entrada del M.I. Ayuntamiento de Caudete, tal y como manifestaba Pilar Egea, siendo el plazo habilitado hasta el 14 de Abril.<\/p>\n<p style=\"text-align: justify;\">Tras ello, se analizar\u00e1n por los T\u00e9cnicos Municipales, incluy\u00e9ndose, en caso que as\u00ed se considere, en la propuesta de Ordenanza respectiva, que se elevar\u00e1 a Comisi\u00f3n Informativa para su Dictamen, y a Pleno para la adopci\u00f3n del acuerdo oportuno, dando posteriormente tr\u00e1mite al resto del procedimiento de aprobaci\u00f3n.<\/p>\n","protected":false},"excerpt":{"rendered":"<p>Pilar Egea, Concejal de Participaci\u00f3n Ciudadana, traslada a los caudetanos la apertura del proceso de consulta p\u00fablica para varias Ordenanzas Municipales. En concreto, se trata de la Ordenanza Reguladora de Tr\u00e1fico y de las Reguladora y Fiscal de Ocupaci\u00f3n de V\u00eda P\u00fablica las que el Equipo de Gobierno lanza para su tramitaci\u00f3n, tras su inclusi\u00f3n &hellip;<\/p>\n","protected":false},"author":3,"featured_media":13295,"comment_status":"closed","ping_status":"open","sticky":false,"template":"","format":"standard","meta":{"ngg_post_thumbnail":0,"footnotes":""},"categories":[38],"tags":[],"class_list":["post-13294","post","type-post","status-publish","format-standard","has-post-thumbnail","hentry","category-participacion-ciudadana"],"yoast_head":"<!-- This site is optimized with the Yoast SEO plugin v27.5 - https:\/\/yoast.com\/product\/yoast-seo-wordpress\/ -->\n<title>Abiertas a consulta p\u00fablica las Ordenanzas de Tr\u00e1fico y Ocupaci\u00f3n de V\u00eda P\u00fablica - MI Ayuntamiento de Caudete<\/title>\n<meta name=\"description\" content=\"P\u00e1gina Oficial del Ayuntamiento de Caudete (Albacete)\" \/>\n<meta name=\"robots\" content=\"index, follow, max-snippet:-1, max-image-preview:large, max-video-preview:-1\" \/>\n<link rel=\"canonical\" href=\"https:\/\/www.caudete.org\/ayuntamiento\/abiertas-a-consulta-publica-las-ordenanzas-de-trafico-y-ocupacion-de-via-publica\/\" \/>\n<meta property=\"og:locale\" content=\"es_ES\" \/>\n<meta property=\"og:type\" content=\"article\" \/>\n<meta property=\"og:title\" content=\"Abiertas a consulta p\u00fablica las Ordenanzas de Tr\u00e1fico y Ocupaci\u00f3n de V\u00eda P\u00fablica - MI Ayuntamiento de Caudete\" \/>\n<meta property=\"og:description\" content=\"P\u00e1gina Oficial del Ayuntamiento de Caudete (Albacete)\" \/>\n<meta property=\"og:url\" content=\"https:\/\/www.caudete.org\/ayuntamiento\/abiertas-a-consulta-publica-las-ordenanzas-de-trafico-y-ocupacion-de-via-publica\/\" \/>\n<meta property=\"og:site_name\" content=\"MI Ayuntamiento de Caudete\" \/>\n<meta property=\"article:publisher\" content=\"https:\/\/www.facebook.com\/ayuntamientocaudete\/\" \/>\n<meta property=\"article:published_time\" content=\"2021-03-23T07:00:32+00:00\" \/>\n<meta property=\"og:image\" content=\"https:\/\/www.caudete.org\/ayuntamiento\/wp-content\/uploads\/2021\/03\/pilar_egea_2_caudete_digital.jpg\" \/>\n\t<meta property=\"og:image:width\" content=\"620\" \/>\n\t<meta property=\"og:image:height\" content=\"335\" \/>\n\t<meta property=\"og:image:type\" content=\"image\/jpeg\" \/>\n<meta name=\"author\" content=\"alcalde\" \/>\n<meta name=\"twitter:card\" content=\"summary_large_image\" \/>\n<meta name=\"twitter:label1\" content=\"Escrito por\" \/>\n\t<meta name=\"twitter:data1\" content=\"alcalde\" \/>\n\t<meta name=\"twitter:label2\" content=\"Tiempo de lectura\" \/>\n\t<meta name=\"twitter:data2\" content=\"2 minutos\" \/>\n<script type=\"application\/ld+json\" class=\"yoast-schema-graph\">{\"@context\":\"https:\\\/\\\/schema.org\",\"@graph\":[{\"@type\":\"Article\",\"@id\":\"https:\\\/\\\/www.caudete.org\\\/ayuntamiento\\\/abiertas-a-consulta-publica-las-ordenanzas-de-trafico-y-ocupacion-de-via-publica\\\/#article\",\"isPartOf\":{\"@id\":\"https:\\\/\\\/www.caudete.org\\\/ayuntamiento\\\/abiertas-a-consulta-publica-las-ordenanzas-de-trafico-y-ocupacion-de-via-publica\\\/\"},\"author\":{\"name\":\"alcalde\",\"@id\":\"https:\\\/\\\/www.caudete.org\\\/ayuntamiento\\\/#\\\/schema\\\/person\\\/cc646da9133078ee4d8dd47457947253\"},\"headline\":\"Abiertas a consulta p\u00fablica las Ordenanzas de Tr\u00e1fico y Ocupaci\u00f3n de V\u00eda P\u00fablica\",\"datePublished\":\"2021-03-23T07:00:32+00:00\",\"mainEntityOfPage\":{\"@id\":\"https:\\\/\\\/www.caudete.org\\\/ayuntamiento\\\/abiertas-a-consulta-publica-las-ordenanzas-de-trafico-y-ocupacion-de-via-publica\\\/\"},\"wordCount\":438,\"publisher\":{\"@id\":\"https:\\\/\\\/www.caudete.org\\\/ayuntamiento\\\/#organization\"},\"image\":{\"@id\":\"https:\\\/\\\/www.caudete.org\\\/ayuntamiento\\\/abiertas-a-consulta-publica-las-ordenanzas-de-trafico-y-ocupacion-de-via-publica\\\/#primaryimage\"},\"thumbnailUrl\":\"https:\\\/\\\/www.caudete.org\\\/ayuntamiento\\\/wp-content\\\/uploads\\\/2021\\\/03\\\/pilar_egea_2_caudete_digital.jpg\",\"articleSection\":[\"Participaci\u00f3n Ciudadana\"],\"inLanguage\":\"es\"},{\"@type\":\"WebPage\",\"@id\":\"https:\\\/\\\/www.caudete.org\\\/ayuntamiento\\\/abiertas-a-consulta-publica-las-ordenanzas-de-trafico-y-ocupacion-de-via-publica\\\/\",\"url\":\"https:\\\/\\\/www.caudete.org\\\/ayuntamiento\\\/abiertas-a-consulta-publica-las-ordenanzas-de-trafico-y-ocupacion-de-via-publica\\\/\",\"name\":\"Abiertas a consulta p\u00fablica las Ordenanzas de Tr\u00e1fico y Ocupaci\u00f3n de V\u00eda P\u00fablica - MI Ayuntamiento de Caudete\",\"isPartOf\":{\"@id\":\"https:\\\/\\\/www.caudete.org\\\/ayuntamiento\\\/#website\"},\"primaryImageOfPage\":{\"@id\":\"https:\\\/\\\/www.caudete.org\\\/ayuntamiento\\\/abiertas-a-consulta-publica-las-ordenanzas-de-trafico-y-ocupacion-de-via-publica\\\/#primaryimage\"},\"image\":{\"@id\":\"https:\\\/\\\/www.caudete.org\\\/ayuntamiento\\\/abiertas-a-consulta-publica-las-ordenanzas-de-trafico-y-ocupacion-de-via-publica\\\/#primaryimage\"},\"thumbnailUrl\":\"https:\\\/\\\/www.caudete.org\\\/ayuntamiento\\\/wp-content\\\/uploads\\\/2021\\\/03\\\/pilar_egea_2_caudete_digital.jpg\",\"datePublished\":\"2021-03-23T07:00:32+00:00\",\"description\":\"P\u00e1gina Oficial del Ayuntamiento de Caudete (Albacete)\",\"breadcrumb\":{\"@id\":\"https:\\\/\\\/www.caudete.org\\\/ayuntamiento\\\/abiertas-a-consulta-publica-las-ordenanzas-de-trafico-y-ocupacion-de-via-publica\\\/#breadcrumb\"},\"inLanguage\":\"es\",\"potentialAction\":[{\"@type\":\"ReadAction\",\"target\":[\"https:\\\/\\\/www.caudete.org\\\/ayuntamiento\\\/abiertas-a-consulta-publica-las-ordenanzas-de-trafico-y-ocupacion-de-via-publica\\\/\"]}]},{\"@type\":\"ImageObject\",\"inLanguage\":\"es\",\"@id\":\"https:\\\/\\\/www.caudete.org\\\/ayuntamiento\\\/abiertas-a-consulta-publica-las-ordenanzas-de-trafico-y-ocupacion-de-via-publica\\\/#primaryimage\",\"url\":\"https:\\\/\\\/www.caudete.org\\\/ayuntamiento\\\/wp-content\\\/uploads\\\/2021\\\/03\\\/pilar_egea_2_caudete_digital.jpg\",\"contentUrl\":\"https:\\\/\\\/www.caudete.org\\\/ayuntamiento\\\/wp-content\\\/uploads\\\/2021\\\/03\\\/pilar_egea_2_caudete_digital.jpg\",\"width\":620,\"height\":335},{\"@type\":\"BreadcrumbList\",\"@id\":\"https:\\\/\\\/www.caudete.org\\\/ayuntamiento\\\/abiertas-a-consulta-publica-las-ordenanzas-de-trafico-y-ocupacion-de-via-publica\\\/#breadcrumb\",\"itemListElement\":[{\"@type\":\"ListItem\",\"position\":1,\"name\":\"Inicio\",\"item\":\"https:\\\/\\\/www.caudete.org\\\/ayuntamiento\\\/\"},{\"@type\":\"ListItem\",\"position\":2,\"name\":\"Abiertas a consulta p\u00fablica las Ordenanzas de Tr\u00e1fico y Ocupaci\u00f3n de V\u00eda P\u00fablica\"}]},{\"@type\":\"WebSite\",\"@id\":\"https:\\\/\\\/www.caudete.org\\\/ayuntamiento\\\/#website\",\"url\":\"https:\\\/\\\/www.caudete.org\\\/ayuntamiento\\\/\",\"name\":\"MI Ayuntamiento de Caudete\",\"description\":\"P\u00e1gina Oficial del MI Ayuntamiento de Caudete\",\"publisher\":{\"@id\":\"https:\\\/\\\/www.caudete.org\\\/ayuntamiento\\\/#organization\"},\"potentialAction\":[{\"@type\":\"SearchAction\",\"target\":{\"@type\":\"EntryPoint\",\"urlTemplate\":\"https:\\\/\\\/www.caudete.org\\\/ayuntamiento\\\/?s={search_term_string}\"},\"query-input\":{\"@type\":\"PropertyValueSpecification\",\"valueRequired\":true,\"valueName\":\"search_term_string\"}}],\"inLanguage\":\"es\"},{\"@type\":\"Organization\",\"@id\":\"https:\\\/\\\/www.caudete.org\\\/ayuntamiento\\\/#organization\",\"name\":\"Ayuntamiento de Caudete\",\"url\":\"https:\\\/\\\/www.caudete.org\\\/ayuntamiento\\\/\",\"logo\":{\"@type\":\"ImageObject\",\"inLanguage\":\"es\",\"@id\":\"https:\\\/\\\/www.caudete.org\\\/ayuntamiento\\\/#\\\/schema\\\/logo\\\/image\\\/\",\"url\":\"https:\\\/\\\/www.caudete.org\\\/ayuntamiento\\\/wp-content\\\/uploads\\\/2020\\\/11\\\/logo_ayuntamiento_caudete.jpg\",\"contentUrl\":\"https:\\\/\\\/www.caudete.org\\\/ayuntamiento\\\/wp-content\\\/uploads\\\/2020\\\/11\\\/logo_ayuntamiento_caudete.jpg\",\"width\":600,\"height\":150,\"caption\":\"Ayuntamiento de Caudete\"},\"image\":{\"@id\":\"https:\\\/\\\/www.caudete.org\\\/ayuntamiento\\\/#\\\/schema\\\/logo\\\/image\\\/\"},\"sameAs\":[\"https:\\\/\\\/www.facebook.com\\\/ayuntamientocaudete\\\/\",\"https:\\\/\\\/www.youtube.com\\\/channel\\\/UC6VztHaooNsGpw-tNoBEFnQ\"]},{\"@type\":\"Person\",\"@id\":\"https:\\\/\\\/www.caudete.org\\\/ayuntamiento\\\/#\\\/schema\\\/person\\\/cc646da9133078ee4d8dd47457947253\",\"name\":\"alcalde\",\"image\":{\"@type\":\"ImageObject\",\"inLanguage\":\"es\",\"@id\":\"https:\\\/\\\/secure.gravatar.com\\\/avatar\\\/84a817ba065b29ff08d666b215a215f5c79186a645ccb25b14a663d48a130f77?s=96&d=mm&r=g\",\"url\":\"https:\\\/\\\/secure.gravatar.com\\\/avatar\\\/84a817ba065b29ff08d666b215a215f5c79186a645ccb25b14a663d48a130f77?s=96&d=mm&r=g\",\"contentUrl\":\"https:\\\/\\\/secure.gravatar.com\\\/avatar\\\/84a817ba065b29ff08d666b215a215f5c79186a645ccb25b14a663d48a130f77?s=96&d=mm&r=g\",\"caption\":\"alcalde\"},\"url\":\"https:\\\/\\\/www.caudete.org\\\/ayuntamiento\\\/author\\\/alcalde\\\/\"}]}<\/script>\n<!-- \/ Yoast SEO plugin. -->","yoast_head_json":{"title":"Abiertas a consulta p\u00fablica las Ordenanzas de Tr\u00e1fico y Ocupaci\u00f3n de V\u00eda P\u00fablica - MI Ayuntamiento de Caudete","description":"P\u00e1gina Oficial del Ayuntamiento de Caudete (Albacete)","robots":{"index":"index","follow":"follow","max-snippet":"max-snippet:-1","max-image-preview":"max-image-preview:large","max-video-preview":"max-video-preview:-1"},"canonical":"https:\/\/www.caudete.org\/ayuntamiento\/abiertas-a-consulta-publica-las-ordenanzas-de-trafico-y-ocupacion-de-via-publica\/","og_locale":"es_ES","og_type":"article","og_title":"Abiertas a consulta p\u00fablica las Ordenanzas de Tr\u00e1fico y Ocupaci\u00f3n de V\u00eda P\u00fablica - MI Ayuntamiento de Caudete","og_description":"P\u00e1gina Oficial del Ayuntamiento de Caudete (Albacete)","og_url":"https:\/\/www.caudete.org\/ayuntamiento\/abiertas-a-consulta-publica-las-ordenanzas-de-trafico-y-ocupacion-de-via-publica\/","og_site_name":"MI Ayuntamiento de Caudete","article_publisher":"https:\/\/www.facebook.com\/ayuntamientocaudete\/","article_published_time":"2021-03-23T07:00:32+00:00","og_image":[{"width":620,"height":335,"url":"https:\/\/www.caudete.org\/ayuntamiento\/wp-content\/uploads\/2021\/03\/pilar_egea_2_caudete_digital.jpg","type":"image\/jpeg"}],"author":"alcalde","twitter_card":"summary_large_image","twitter_misc":{"Escrito por":"alcalde","Tiempo de lectura":"2 minutos"},"schema":{"@context":"https:\/\/schema.org","@graph":[{"@type":"Article","@id":"https:\/\/www.caudete.org\/ayuntamiento\/abiertas-a-consulta-publica-las-ordenanzas-de-trafico-y-ocupacion-de-via-publica\/#article","isPartOf":{"@id":"https:\/\/www.caudete.org\/ayuntamiento\/abiertas-a-consulta-publica-las-ordenanzas-de-trafico-y-ocupacion-de-via-publica\/"},"author":{"name":"alcalde","@id":"https:\/\/www.caudete.org\/ayuntamiento\/#\/schema\/person\/cc646da9133078ee4d8dd47457947253"},"headline":"Abiertas a consulta p\u00fablica las Ordenanzas de Tr\u00e1fico y Ocupaci\u00f3n de V\u00eda P\u00fablica","datePublished":"2021-03-23T07:00:32+00:00","mainEntityOfPage":{"@id":"https:\/\/www.caudete.org\/ayuntamiento\/abiertas-a-consulta-publica-las-ordenanzas-de-trafico-y-ocupacion-de-via-publica\/"},"wordCount":438,"publisher":{"@id":"https:\/\/www.caudete.org\/ayuntamiento\/#organization"},"image":{"@id":"https:\/\/www.caudete.org\/ayuntamiento\/abiertas-a-consulta-publica-las-ordenanzas-de-trafico-y-ocupacion-de-via-publica\/#primaryimage"},"thumbnailUrl":"https:\/\/www.caudete.org\/ayuntamiento\/wp-content\/uploads\/2021\/03\/pilar_egea_2_caudete_digital.jpg","articleSection":["Participaci\u00f3n Ciudadana"],"inLanguage":"es"},{"@type":"WebPage","@id":"https:\/\/www.caudete.org\/ayuntamiento\/abiertas-a-consulta-publica-las-ordenanzas-de-trafico-y-ocupacion-de-via-publica\/","url":"https:\/\/www.caudete.org\/ayuntamiento\/abiertas-a-consulta-publica-las-ordenanzas-de-trafico-y-ocupacion-de-via-publica\/","name":"Abiertas a consulta p\u00fablica las Ordenanzas de Tr\u00e1fico y Ocupaci\u00f3n de V\u00eda P\u00fablica - MI Ayuntamiento de Caudete","isPartOf":{"@id":"https:\/\/www.caudete.org\/ayuntamiento\/#website"},"primaryImageOfPage":{"@id":"https:\/\/www.caudete.org\/ayuntamiento\/abiertas-a-consulta-publica-las-ordenanzas-de-trafico-y-ocupacion-de-via-publica\/#primaryimage"},"image":{"@id":"https:\/\/www.caudete.org\/ayuntamiento\/abiertas-a-consulta-publica-las-ordenanzas-de-trafico-y-ocupacion-de-via-publica\/#primaryimage"},"thumbnailUrl":"https:\/\/www.caudete.org\/ayuntamiento\/wp-content\/uploads\/2021\/03\/pilar_egea_2_caudete_digital.jpg","datePublished":"2021-03-23T07:00:32+00:00","description":"P\u00e1gina Oficial del Ayuntamiento de Caudete (Albacete)","breadcrumb":{"@id":"https:\/\/www.caudete.org\/ayuntamiento\/abiertas-a-consulta-publica-las-ordenanzas-de-trafico-y-ocupacion-de-via-publica\/#breadcrumb"},"inLanguage":"es","potentialAction":[{"@type":"ReadAction","target":["https:\/\/www.caudete.org\/ayuntamiento\/abiertas-a-consulta-publica-las-ordenanzas-de-trafico-y-ocupacion-de-via-publica\/"]}]},{"@type":"ImageObject","inLanguage":"es","@id":"https:\/\/www.caudete.org\/ayuntamiento\/abiertas-a-consulta-publica-las-ordenanzas-de-trafico-y-ocupacion-de-via-publica\/#primaryimage","url":"https:\/\/www.caudete.org\/ayuntamiento\/wp-content\/uploads\/2021\/03\/pilar_egea_2_caudete_digital.jpg","contentUrl":"https:\/\/www.caudete.org\/ayuntamiento\/wp-content\/uploads\/2021\/03\/pilar_egea_2_caudete_digital.jpg","width":620,"height":335},{"@type":"BreadcrumbList","@id":"https:\/\/www.caudete.org\/ayuntamiento\/abiertas-a-consulta-publica-las-ordenanzas-de-trafico-y-ocupacion-de-via-publica\/#breadcrumb","itemListElement":[{"@type":"ListItem","position":1,"name":"Inicio","item":"https:\/\/www.caudete.org\/ayuntamiento\/"},{"@type":"ListItem","position":2,"name":"Abiertas a consulta p\u00fablica las Ordenanzas de Tr\u00e1fico y Ocupaci\u00f3n de V\u00eda P\u00fablica"}]},{"@type":"WebSite","@id":"https:\/\/www.caudete.org\/ayuntamiento\/#website","url":"https:\/\/www.caudete.org\/ayuntamiento\/","name":"MI Ayuntamiento de Caudete","description":"P\u00e1gina Oficial del MI Ayuntamiento de Caudete","publisher":{"@id":"https:\/\/www.caudete.org\/ayuntamiento\/#organization"},"potentialAction":[{"@type":"SearchAction","target":{"@type":"EntryPoint","urlTemplate":"https:\/\/www.caudete.org\/ayuntamiento\/?s={search_term_string}"},"query-input":{"@type":"PropertyValueSpecification","valueRequired":true,"valueName":"search_term_string"}}],"inLanguage":"es"},{"@type":"Organization","@id":"https:\/\/www.caudete.org\/ayuntamiento\/#organization","name":"Ayuntamiento de Caudete","url":"https:\/\/www.caudete.org\/ayuntamiento\/","logo":{"@type":"ImageObject","inLanguage":"es","@id":"https:\/\/www.caudete.org\/ayuntamiento\/#\/schema\/logo\/image\/","url":"https:\/\/www.caudete.org\/ayuntamiento\/wp-content\/uploads\/2020\/11\/logo_ayuntamiento_caudete.jpg","contentUrl":"https:\/\/www.caudete.org\/ayuntamiento\/wp-content\/uploads\/2020\/11\/logo_ayuntamiento_caudete.jpg","width":600,"height":150,"caption":"Ayuntamiento de Caudete"},"image":{"@id":"https:\/\/www.caudete.org\/ayuntamiento\/#\/schema\/logo\/image\/"},"sameAs":["https:\/\/www.facebook.com\/ayuntamientocaudete\/","https:\/\/www.youtube.com\/channel\/UC6VztHaooNsGpw-tNoBEFnQ"]},{"@type":"Person","@id":"https:\/\/www.caudete.org\/ayuntamiento\/#\/schema\/person\/cc646da9133078ee4d8dd47457947253","name":"alcalde","image":{"@type":"ImageObject","inLanguage":"es","@id":"https:\/\/secure.gravatar.com\/avatar\/84a817ba065b29ff08d666b215a215f5c79186a645ccb25b14a663d48a130f77?s=96&d=mm&r=g","url":"https:\/\/secure.gravatar.com\/avatar\/84a817ba065b29ff08d666b215a215f5c79186a645ccb25b14a663d48a130f77?s=96&d=mm&r=g","contentUrl":"https:\/\/secure.gravatar.com\/avatar\/84a817ba065b29ff08d666b215a215f5c79186a645ccb25b14a663d48a130f77?s=96&d=mm&r=g","caption":"alcalde"},"url":"https:\/\/www.caudete.org\/ayuntamiento\/author\/alcalde\/"}]}},"_links":{"self":[{"href":"https:\/\/www.caudete.org\/ayuntamiento\/wp-json\/wp\/v2\/posts\/13294","targetHints":{"allow":["GET"]}}],"collection":[{"href":"https:\/\/www.caudete.org\/ayuntamiento\/wp-json\/wp\/v2\/posts"}],"about":[{"href":"https:\/\/www.caudete.org\/ayuntamiento\/wp-json\/wp\/v2\/types\/post"}],"author":[{"embeddable":true,"href":"https:\/\/www.caudete.org\/ayuntamiento\/wp-json\/wp\/v2\/users\/3"}],"replies":[{"embeddable":true,"href":"https:\/\/www.caudete.org\/ayuntamiento\/wp-json\/wp\/v2\/comments?post=13294"}],"version-history":[{"count":4,"href":"https:\/\/www.caudete.org\/ayuntamiento\/wp-json\/wp\/v2\/posts\/13294\/revisions"}],"predecessor-version":[{"id":13348,"href":"https:\/\/www.caudete.org\/ayuntamiento\/wp-json\/wp\/v2\/posts\/13294\/revisions\/13348"}],"wp:featuredmedia":[{"embeddable":true,"href":"https:\/\/www.caudete.org\/ayuntamiento\/wp-json\/wp\/v2\/media\/13295"}],"wp:attachment":[{"href":"https:\/\/www.caudete.org\/ayuntamiento\/wp-json\/wp\/v2\/media?parent=13294"}],"wp:term":[{"taxonomy":"category","embeddable":true,"href":"https:\/\/www.caudete.org\/ayuntamiento\/wp-json\/wp\/v2\/categories?post=13294"},{"taxonomy":"post_tag","embeddable":true,"href":"https:\/\/www.caudete.org\/ayuntamiento\/wp-json\/wp\/v2\/tags?post=13294"}],"curies":[{"name":"wp","href":"https:\/\/api.w.org\/{rel}","templated":true}]}}