{"id":13297,"date":"2021-03-22T08:00:41","date_gmt":"2021-03-22T07:00:41","guid":{"rendered":"https:\/\/www.caudete.org\/ayuntamiento\/?p=13297"},"modified":"2021-03-22T10:23:20","modified_gmt":"2021-03-22T09:23:20","slug":"urbanismo-agiliza-el-pau-de-caudete-parking-con-las-bases-en-el-proximo-pleno","status":"publish","type":"post","link":"https:\/\/www.caudete.org\/ayuntamiento\/urbanismo-agiliza-el-pau-de-caudete-parking-con-las-bases-en-el-proximo-pleno\/","title":{"rendered":"El Ayuntamiento agiliza el PAU de Caudete-Parking, con las Bases en el pr\u00f3ximo Pleno"},"content":{"rendered":"<p style=\"text-align: justify;\">El Pleno abordar\u00e1 el pr\u00f3ximo jueves, entre otros, un asunto que urban\u00edsticamente figura prioritario en la agenda del Equipo de Gobierno: el desarrollo de suelo industrial en Caudete.\u00a0 <em>Caudete Parking, S.L<\/em>. es en este momento quien se encuentra abordando un gran proyecto, mediante el PAU (programa de actuaci\u00f3n urban\u00edstica) en zona del Pol\u00edgono Industrial &#8220;Los Villares&#8221;.<\/p>\n<p style=\"text-align: justify;\">Si hace dos semanas el Pleno daba luz verde a este expediente, sobre el que empresa y Servicios T\u00e9cnicos Municipales llevan meses trabajando, ahora es momento de que el Pleno apruebe las Bases que regir\u00e1n la Formulaci\u00f3n y Selecci\u00f3n del Agente Urbanizador del sector de 169.000m<sup>2<\/sup> que ha planteado <em>Caudete Parking, S.L<\/em>. desarrollar en suelo caudetano.<\/p>\n<p style=\"text-align: justify;\">Dictaminado favorablemente por unanimidad en la\u00a0<em>Comisi\u00f3n de Obras y Urbanismo<\/em> celebrada el pasado Viernes 19, la Corporaci\u00f3n Municipal dar\u00e1 luz verde a esta nueva fase de tramitaci\u00f3n\u00a0 del PAU, tras lo cual se abrir\u00e1 un proceso de informaci\u00f3n p\u00fablica y audiencia de los interesados, con publicaci\u00f3n en el Bolet\u00edn Oficial de la Provincia de Albacete y tabl\u00f3n de anuncios del Ayuntamiento, por el plazo de 30 d\u00edas para que puedan presentar reclamaciones o sugerencias, que ser\u00e1n resueltas por la Corporaci\u00f3n. De no presentarse reclamaciones o sugerencias en el mencionado plazo, se considerar\u00e1 aprobada definitivamente sin necesidad de Acuerdo expreso por el Pleno.<\/p>\n<p style=\"text-align: justify;\">El Alcalde, Mois\u00e9s L\u00f3pez agradec\u00eda &#8220;<em>el compromiso y apuesta que Transportes Caudete, dentro del proyecto de Caudete Parking, muestra una vez m\u00e1s con nuestra localidad, y que en esta ocasi\u00f3n materializan con una apuesta de futuro en may\u00fasculas, puesto que el desarrollo urban\u00edstico que proyectan, y su posterior inversi\u00f3n con la actividad del transporte, supondr\u00e1 sin duda empleo y riqueza<\/em>&#8221; remarcando adem\u00e1s que &#8220;<em>este proyecto, es el primero de muchos otros que vendr\u00e1n, como efecto palanca, y gracias a la encrucijada en la que geogr\u00e1ficamente se encuentra nuestro pueblo<\/em>&#8220;.<\/p>\n<p style=\"text-align: justify;\">Marian Ballester, Concejal de Urbanismo, fue quien expuso en la Comisi\u00f3n el punto, y quien lo defender\u00e1 ante la Corporaci\u00f3n durante la Sesi\u00f3n Ordinaria del Pleno Municipal del mes de Marzo, confiando \u201c<em>en el voto favorable y un\u00e1nime, muestra de responsabilidad de todos los grupos pol\u00edticos con Caudete&#8221;. <\/em>Tras este tratamiento en Pleno, ser\u00e1n numerosas las ocasiones en las que el Proyecto necesite recabar el apoyo de la Corporaci\u00f3n, para cumplir con la tramitaci\u00f3n legal exigida y poder hacer realidad este proyecto.<\/p>\n<p><a href=\"https:\/\/www.caudete.org\/ayuntamiento\/wp-content\/uploads\/2021\/03\/WhatsApp-Image-2021-03-09-at-08.21.14.jpeg\" rel='prettyPhoto'><img fetchpriority=\"high\" decoding=\"async\" class=\"aligncenter wp-image-12970 size-medium\" src=\"https:\/\/www.caudete.org\/ayuntamiento\/wp-content\/uploads\/2021\/03\/WhatsApp-Image-2021-03-09-at-08.21.14-300x191.jpeg\" alt=\"\" width=\"300\" height=\"191\" srcset=\"https:\/\/www.caudete.org\/ayuntamiento\/wp-content\/uploads\/2021\/03\/WhatsApp-Image-2021-03-09-at-08.21.14-300x191.jpeg 300w, https:\/\/www.caudete.org\/ayuntamiento\/wp-content\/uploads\/2021\/03\/WhatsApp-Image-2021-03-09-at-08.21.14.jpeg 769w\" sizes=\"(max-width: 300px) 100vw, 300px\" \/><\/a><\/p>\n<p>&nbsp;<\/p>\n","protected":false},"excerpt":{"rendered":"<p>El Pleno abordar\u00e1 el pr\u00f3ximo jueves, entre otros, un asunto que urban\u00edsticamente figura prioritario en la agenda del Equipo de Gobierno: el desarrollo de suelo industrial en Caudete.\u00a0 Caudete Parking, S.L. es en este momento quien se encuentra abordando un gran proyecto, mediante el PAU (programa de actuaci\u00f3n urban\u00edstica) en zona del Pol\u00edgono Industrial &#8220;Los &hellip;<\/p>\n","protected":false},"author":3,"featured_media":12970,"comment_status":"closed","ping_status":"open","sticky":false,"template":"","format":"standard","meta":{"ngg_post_thumbnail":0,"footnotes":""},"categories":[48],"tags":[525,498,524,499],"class_list":["post-13297","post","type-post","status-publish","format-standard","has-post-thumbnail","hentry","category-urbanismo","tag-caudete-parking","tag-los-villares","tag-pau","tag-poligono-industrial"],"yoast_head":"<!-- This site is optimized with the Yoast SEO plugin v27.5 - https:\/\/yoast.com\/product\/yoast-seo-wordpress\/ -->\n<title>El Ayuntamiento agiliza el PAU de Caudete-Parking, con las Bases en el pr\u00f3ximo Pleno - MI Ayuntamiento de Caudete<\/title>\n<meta name=\"description\" content=\"P\u00e1gina Oficial del Ayuntamiento de Caudete (Albacete)\" \/>\n<meta name=\"robots\" content=\"index, follow, max-snippet:-1, max-image-preview:large, max-video-preview:-1\" \/>\n<link rel=\"canonical\" href=\"https:\/\/www.caudete.org\/ayuntamiento\/urbanismo-agiliza-el-pau-de-caudete-parking-con-las-bases-en-el-proximo-pleno\/\" \/>\n<meta property=\"og:locale\" content=\"es_ES\" \/>\n<meta property=\"og:type\" content=\"article\" \/>\n<meta property=\"og:title\" content=\"El Ayuntamiento agiliza el PAU de Caudete-Parking, con las Bases en el pr\u00f3ximo Pleno - MI Ayuntamiento de Caudete\" \/>\n<meta property=\"og:description\" content=\"P\u00e1gina Oficial del Ayuntamiento de Caudete (Albacete)\" \/>\n<meta property=\"og:url\" content=\"https:\/\/www.caudete.org\/ayuntamiento\/urbanismo-agiliza-el-pau-de-caudete-parking-con-las-bases-en-el-proximo-pleno\/\" \/>\n<meta property=\"og:site_name\" content=\"MI Ayuntamiento de Caudete\" \/>\n<meta property=\"article:publisher\" content=\"https:\/\/www.facebook.com\/ayuntamientocaudete\/\" \/>\n<meta property=\"article:published_time\" content=\"2021-03-22T07:00:41+00:00\" \/>\n<meta property=\"article:modified_time\" content=\"2021-03-22T09:23:20+00:00\" \/>\n<meta property=\"og:image\" content=\"https:\/\/www.caudete.org\/ayuntamiento\/wp-content\/uploads\/2021\/03\/WhatsApp-Image-2021-03-09-at-08.21.14.jpeg\" \/>\n\t<meta property=\"og:image:width\" content=\"769\" \/>\n\t<meta property=\"og:image:height\" content=\"489\" \/>\n\t<meta property=\"og:image:type\" content=\"image\/jpeg\" \/>\n<meta name=\"author\" content=\"alcalde\" \/>\n<meta name=\"twitter:card\" content=\"summary_large_image\" \/>\n<meta name=\"twitter:label1\" content=\"Escrito por\" \/>\n\t<meta name=\"twitter:data1\" content=\"alcalde\" \/>\n\t<meta name=\"twitter:label2\" content=\"Tiempo de lectura\" \/>\n\t<meta name=\"twitter:data2\" content=\"2 minutos\" \/>\n<script type=\"application\/ld+json\" class=\"yoast-schema-graph\">{\"@context\":\"https:\\\/\\\/schema.org\",\"@graph\":[{\"@type\":\"Article\",\"@id\":\"https:\\\/\\\/www.caudete.org\\\/ayuntamiento\\\/urbanismo-agiliza-el-pau-de-caudete-parking-con-las-bases-en-el-proximo-pleno\\\/#article\",\"isPartOf\":{\"@id\":\"https:\\\/\\\/www.caudete.org\\\/ayuntamiento\\\/urbanismo-agiliza-el-pau-de-caudete-parking-con-las-bases-en-el-proximo-pleno\\\/\"},\"author\":{\"name\":\"alcalde\",\"@id\":\"https:\\\/\\\/www.caudete.org\\\/ayuntamiento\\\/#\\\/schema\\\/person\\\/cc646da9133078ee4d8dd47457947253\"},\"headline\":\"El Ayuntamiento agiliza el PAU de Caudete-Parking, con las Bases en el pr\u00f3ximo Pleno\",\"datePublished\":\"2021-03-22T07:00:41+00:00\",\"dateModified\":\"2021-03-22T09:23:20+00:00\",\"mainEntityOfPage\":{\"@id\":\"https:\\\/\\\/www.caudete.org\\\/ayuntamiento\\\/urbanismo-agiliza-el-pau-de-caudete-parking-con-las-bases-en-el-proximo-pleno\\\/\"},\"wordCount\":441,\"image\":{\"@id\":\"https:\\\/\\\/www.caudete.org\\\/ayuntamiento\\\/urbanismo-agiliza-el-pau-de-caudete-parking-con-las-bases-en-el-proximo-pleno\\\/#primaryimage\"},\"thumbnailUrl\":\"https:\\\/\\\/www.caudete.org\\\/ayuntamiento\\\/wp-content\\\/uploads\\\/2021\\\/03\\\/WhatsApp-Image-2021-03-09-at-08.21.14.jpeg\",\"keywords\":[\"Caudete Parking\",\"Los Villares\",\"PAU\",\"Poligono Industrial\"],\"articleSection\":[\"Urbanismo\"],\"inLanguage\":\"es\"},{\"@type\":\"WebPage\",\"@id\":\"https:\\\/\\\/www.caudete.org\\\/ayuntamiento\\\/urbanismo-agiliza-el-pau-de-caudete-parking-con-las-bases-en-el-proximo-pleno\\\/\",\"url\":\"https:\\\/\\\/www.caudete.org\\\/ayuntamiento\\\/urbanismo-agiliza-el-pau-de-caudete-parking-con-las-bases-en-el-proximo-pleno\\\/\",\"name\":\"El Ayuntamiento agiliza el PAU de Caudete-Parking, con las Bases en el pr\u00f3ximo Pleno - MI Ayuntamiento de Caudete\",\"isPartOf\":{\"@id\":\"https:\\\/\\\/www.caudete.org\\\/ayuntamiento\\\/#website\"},\"primaryImageOfPage\":{\"@id\":\"https:\\\/\\\/www.caudete.org\\\/ayuntamiento\\\/urbanismo-agiliza-el-pau-de-caudete-parking-con-las-bases-en-el-proximo-pleno\\\/#primaryimage\"},\"image\":{\"@id\":\"https:\\\/\\\/www.caudete.org\\\/ayuntamiento\\\/urbanismo-agiliza-el-pau-de-caudete-parking-con-las-bases-en-el-proximo-pleno\\\/#primaryimage\"},\"thumbnailUrl\":\"https:\\\/\\\/www.caudete.org\\\/ayuntamiento\\\/wp-content\\\/uploads\\\/2021\\\/03\\\/WhatsApp-Image-2021-03-09-at-08.21.14.jpeg\",\"datePublished\":\"2021-03-22T07:00:41+00:00\",\"dateModified\":\"2021-03-22T09:23:20+00:00\",\"author\":{\"@id\":\"https:\\\/\\\/www.caudete.org\\\/ayuntamiento\\\/#\\\/schema\\\/person\\\/cc646da9133078ee4d8dd47457947253\"},\"description\":\"P\u00e1gina Oficial del Ayuntamiento de Caudete (Albacete)\",\"breadcrumb\":{\"@id\":\"https:\\\/\\\/www.caudete.org\\\/ayuntamiento\\\/urbanismo-agiliza-el-pau-de-caudete-parking-con-las-bases-en-el-proximo-pleno\\\/#breadcrumb\"},\"inLanguage\":\"es\",\"potentialAction\":[{\"@type\":\"ReadAction\",\"target\":[\"https:\\\/\\\/www.caudete.org\\\/ayuntamiento\\\/urbanismo-agiliza-el-pau-de-caudete-parking-con-las-bases-en-el-proximo-pleno\\\/\"]}]},{\"@type\":\"ImageObject\",\"inLanguage\":\"es\",\"@id\":\"https:\\\/\\\/www.caudete.org\\\/ayuntamiento\\\/urbanismo-agiliza-el-pau-de-caudete-parking-con-las-bases-en-el-proximo-pleno\\\/#primaryimage\",\"url\":\"https:\\\/\\\/www.caudete.org\\\/ayuntamiento\\\/wp-content\\\/uploads\\\/2021\\\/03\\\/WhatsApp-Image-2021-03-09-at-08.21.14.jpeg\",\"contentUrl\":\"https:\\\/\\\/www.caudete.org\\\/ayuntamiento\\\/wp-content\\\/uploads\\\/2021\\\/03\\\/WhatsApp-Image-2021-03-09-at-08.21.14.jpeg\",\"width\":769,\"height\":489},{\"@type\":\"BreadcrumbList\",\"@id\":\"https:\\\/\\\/www.caudete.org\\\/ayuntamiento\\\/urbanismo-agiliza-el-pau-de-caudete-parking-con-las-bases-en-el-proximo-pleno\\\/#breadcrumb\",\"itemListElement\":[{\"@type\":\"ListItem\",\"position\":1,\"name\":\"Inicio\",\"item\":\"https:\\\/\\\/www.caudete.org\\\/ayuntamiento\\\/\"},{\"@type\":\"ListItem\",\"position\":2,\"name\":\"El Ayuntamiento agiliza el PAU de Caudete-Parking, con las Bases en el pr\u00f3ximo Pleno\"}]},{\"@type\":\"WebSite\",\"@id\":\"https:\\\/\\\/www.caudete.org\\\/ayuntamiento\\\/#website\",\"url\":\"https:\\\/\\\/www.caudete.org\\\/ayuntamiento\\\/\",\"name\":\"MI Ayuntamiento de Caudete\",\"description\":\"P\u00e1gina Oficial del MI Ayuntamiento de Caudete\",\"potentialAction\":[{\"@type\":\"SearchAction\",\"target\":{\"@type\":\"EntryPoint\",\"urlTemplate\":\"https:\\\/\\\/www.caudete.org\\\/ayuntamiento\\\/?s={search_term_string}\"},\"query-input\":{\"@type\":\"PropertyValueSpecification\",\"valueRequired\":true,\"valueName\":\"search_term_string\"}}],\"inLanguage\":\"es\"},{\"@type\":\"Person\",\"@id\":\"https:\\\/\\\/www.caudete.org\\\/ayuntamiento\\\/#\\\/schema\\\/person\\\/cc646da9133078ee4d8dd47457947253\",\"name\":\"alcalde\",\"image\":{\"@type\":\"ImageObject\",\"inLanguage\":\"es\",\"@id\":\"https:\\\/\\\/secure.gravatar.com\\\/avatar\\\/84a817ba065b29ff08d666b215a215f5c79186a645ccb25b14a663d48a130f77?s=96&d=mm&r=g\",\"url\":\"https:\\\/\\\/secure.gravatar.com\\\/avatar\\\/84a817ba065b29ff08d666b215a215f5c79186a645ccb25b14a663d48a130f77?s=96&d=mm&r=g\",\"contentUrl\":\"https:\\\/\\\/secure.gravatar.com\\\/avatar\\\/84a817ba065b29ff08d666b215a215f5c79186a645ccb25b14a663d48a130f77?s=96&d=mm&r=g\",\"caption\":\"alcalde\"},\"url\":\"https:\\\/\\\/www.caudete.org\\\/ayuntamiento\\\/author\\\/alcalde\\\/\"}]}<\/script>\n<!-- \/ Yoast SEO plugin. -->","yoast_head_json":{"title":"El Ayuntamiento agiliza el PAU de Caudete-Parking, con las Bases en el pr\u00f3ximo Pleno - MI Ayuntamiento de Caudete","description":"P\u00e1gina Oficial del Ayuntamiento de Caudete (Albacete)","robots":{"index":"index","follow":"follow","max-snippet":"max-snippet:-1","max-image-preview":"max-image-preview:large","max-video-preview":"max-video-preview:-1"},"canonical":"https:\/\/www.caudete.org\/ayuntamiento\/urbanismo-agiliza-el-pau-de-caudete-parking-con-las-bases-en-el-proximo-pleno\/","og_locale":"es_ES","og_type":"article","og_title":"El Ayuntamiento agiliza el PAU de Caudete-Parking, con las Bases en el pr\u00f3ximo Pleno - MI Ayuntamiento de Caudete","og_description":"P\u00e1gina Oficial del Ayuntamiento de Caudete (Albacete)","og_url":"https:\/\/www.caudete.org\/ayuntamiento\/urbanismo-agiliza-el-pau-de-caudete-parking-con-las-bases-en-el-proximo-pleno\/","og_site_name":"MI Ayuntamiento de Caudete","article_publisher":"https:\/\/www.facebook.com\/ayuntamientocaudete\/","article_published_time":"2021-03-22T07:00:41+00:00","article_modified_time":"2021-03-22T09:23:20+00:00","og_image":[{"width":769,"height":489,"url":"https:\/\/www.caudete.org\/ayuntamiento\/wp-content\/uploads\/2021\/03\/WhatsApp-Image-2021-03-09-at-08.21.14.jpeg","type":"image\/jpeg"}],"author":"alcalde","twitter_card":"summary_large_image","twitter_misc":{"Escrito por":"alcalde","Tiempo de lectura":"2 minutos"},"schema":{"@context":"https:\/\/schema.org","@graph":[{"@type":"Article","@id":"https:\/\/www.caudete.org\/ayuntamiento\/urbanismo-agiliza-el-pau-de-caudete-parking-con-las-bases-en-el-proximo-pleno\/#article","isPartOf":{"@id":"https:\/\/www.caudete.org\/ayuntamiento\/urbanismo-agiliza-el-pau-de-caudete-parking-con-las-bases-en-el-proximo-pleno\/"},"author":{"name":"alcalde","@id":"https:\/\/www.caudete.org\/ayuntamiento\/#\/schema\/person\/cc646da9133078ee4d8dd47457947253"},"headline":"El Ayuntamiento agiliza el PAU de Caudete-Parking, con las Bases en el pr\u00f3ximo Pleno","datePublished":"2021-03-22T07:00:41+00:00","dateModified":"2021-03-22T09:23:20+00:00","mainEntityOfPage":{"@id":"https:\/\/www.caudete.org\/ayuntamiento\/urbanismo-agiliza-el-pau-de-caudete-parking-con-las-bases-en-el-proximo-pleno\/"},"wordCount":441,"image":{"@id":"https:\/\/www.caudete.org\/ayuntamiento\/urbanismo-agiliza-el-pau-de-caudete-parking-con-las-bases-en-el-proximo-pleno\/#primaryimage"},"thumbnailUrl":"https:\/\/www.caudete.org\/ayuntamiento\/wp-content\/uploads\/2021\/03\/WhatsApp-Image-2021-03-09-at-08.21.14.jpeg","keywords":["Caudete Parking","Los Villares","PAU","Poligono Industrial"],"articleSection":["Urbanismo"],"inLanguage":"es"},{"@type":"WebPage","@id":"https:\/\/www.caudete.org\/ayuntamiento\/urbanismo-agiliza-el-pau-de-caudete-parking-con-las-bases-en-el-proximo-pleno\/","url":"https:\/\/www.caudete.org\/ayuntamiento\/urbanismo-agiliza-el-pau-de-caudete-parking-con-las-bases-en-el-proximo-pleno\/","name":"El Ayuntamiento agiliza el PAU de Caudete-Parking, con las Bases en el pr\u00f3ximo Pleno - MI Ayuntamiento de Caudete","isPartOf":{"@id":"https:\/\/www.caudete.org\/ayuntamiento\/#website"},"primaryImageOfPage":{"@id":"https:\/\/www.caudete.org\/ayuntamiento\/urbanismo-agiliza-el-pau-de-caudete-parking-con-las-bases-en-el-proximo-pleno\/#primaryimage"},"image":{"@id":"https:\/\/www.caudete.org\/ayuntamiento\/urbanismo-agiliza-el-pau-de-caudete-parking-con-las-bases-en-el-proximo-pleno\/#primaryimage"},"thumbnailUrl":"https:\/\/www.caudete.org\/ayuntamiento\/wp-content\/uploads\/2021\/03\/WhatsApp-Image-2021-03-09-at-08.21.14.jpeg","datePublished":"2021-03-22T07:00:41+00:00","dateModified":"2021-03-22T09:23:20+00:00","author":{"@id":"https:\/\/www.caudete.org\/ayuntamiento\/#\/schema\/person\/cc646da9133078ee4d8dd47457947253"},"description":"P\u00e1gina Oficial del Ayuntamiento de Caudete (Albacete)","breadcrumb":{"@id":"https:\/\/www.caudete.org\/ayuntamiento\/urbanismo-agiliza-el-pau-de-caudete-parking-con-las-bases-en-el-proximo-pleno\/#breadcrumb"},"inLanguage":"es","potentialAction":[{"@type":"ReadAction","target":["https:\/\/www.caudete.org\/ayuntamiento\/urbanismo-agiliza-el-pau-de-caudete-parking-con-las-bases-en-el-proximo-pleno\/"]}]},{"@type":"ImageObject","inLanguage":"es","@id":"https:\/\/www.caudete.org\/ayuntamiento\/urbanismo-agiliza-el-pau-de-caudete-parking-con-las-bases-en-el-proximo-pleno\/#primaryimage","url":"https:\/\/www.caudete.org\/ayuntamiento\/wp-content\/uploads\/2021\/03\/WhatsApp-Image-2021-03-09-at-08.21.14.jpeg","contentUrl":"https:\/\/www.caudete.org\/ayuntamiento\/wp-content\/uploads\/2021\/03\/WhatsApp-Image-2021-03-09-at-08.21.14.jpeg","width":769,"height":489},{"@type":"BreadcrumbList","@id":"https:\/\/www.caudete.org\/ayuntamiento\/urbanismo-agiliza-el-pau-de-caudete-parking-con-las-bases-en-el-proximo-pleno\/#breadcrumb","itemListElement":[{"@type":"ListItem","position":1,"name":"Inicio","item":"https:\/\/www.caudete.org\/ayuntamiento\/"},{"@type":"ListItem","position":2,"name":"El Ayuntamiento agiliza el PAU de Caudete-Parking, con las Bases en el pr\u00f3ximo Pleno"}]},{"@type":"WebSite","@id":"https:\/\/www.caudete.org\/ayuntamiento\/#website","url":"https:\/\/www.caudete.org\/ayuntamiento\/","name":"MI Ayuntamiento de Caudete","description":"P\u00e1gina Oficial del MI Ayuntamiento de Caudete","potentialAction":[{"@type":"SearchAction","target":{"@type":"EntryPoint","urlTemplate":"https:\/\/www.caudete.org\/ayuntamiento\/?s={search_term_string}"},"query-input":{"@type":"PropertyValueSpecification","valueRequired":true,"valueName":"search_term_string"}}],"inLanguage":"es"},{"@type":"Person","@id":"https:\/\/www.caudete.org\/ayuntamiento\/#\/schema\/person\/cc646da9133078ee4d8dd47457947253","name":"alcalde","image":{"@type":"ImageObject","inLanguage":"es","@id":"https:\/\/secure.gravatar.com\/avatar\/84a817ba065b29ff08d666b215a215f5c79186a645ccb25b14a663d48a130f77?s=96&d=mm&r=g","url":"https:\/\/secure.gravatar.com\/avatar\/84a817ba065b29ff08d666b215a215f5c79186a645ccb25b14a663d48a130f77?s=96&d=mm&r=g","contentUrl":"https:\/\/secure.gravatar.com\/avatar\/84a817ba065b29ff08d666b215a215f5c79186a645ccb25b14a663d48a130f77?s=96&d=mm&r=g","caption":"alcalde"},"url":"https:\/\/www.caudete.org\/ayuntamiento\/author\/alcalde\/"}]}},"_links":{"self":[{"href":"https:\/\/www.caudete.org\/ayuntamiento\/wp-json\/wp\/v2\/posts\/13297","targetHints":{"allow":["GET"]}}],"collection":[{"href":"https:\/\/www.caudete.org\/ayuntamiento\/wp-json\/wp\/v2\/posts"}],"about":[{"href":"https:\/\/www.caudete.org\/ayuntamiento\/wp-json\/wp\/v2\/types\/post"}],"author":[{"embeddable":true,"href":"https:\/\/www.caudete.org\/ayuntamiento\/wp-json\/wp\/v2\/users\/3"}],"replies":[{"embeddable":true,"href":"https:\/\/www.caudete.org\/ayuntamiento\/wp-json\/wp\/v2\/comments?post=13297"}],"version-history":[{"count":5,"href":"https:\/\/www.caudete.org\/ayuntamiento\/wp-json\/wp\/v2\/posts\/13297\/revisions"}],"predecessor-version":[{"id":13310,"href":"https:\/\/www.caudete.org\/ayuntamiento\/wp-json\/wp\/v2\/posts\/13297\/revisions\/13310"}],"wp:featuredmedia":[{"embeddable":true,"href":"https:\/\/www.caudete.org\/ayuntamiento\/wp-json\/wp\/v2\/media\/12970"}],"wp:attachment":[{"href":"https:\/\/www.caudete.org\/ayuntamiento\/wp-json\/wp\/v2\/media?parent=13297"}],"wp:term":[{"taxonomy":"category","embeddable":true,"href":"https:\/\/www.caudete.org\/ayuntamiento\/wp-json\/wp\/v2\/categories?post=13297"},{"taxonomy":"post_tag","embeddable":true,"href":"https:\/\/www.caudete.org\/ayuntamiento\/wp-json\/wp\/v2\/tags?post=13297"}],"curies":[{"name":"wp","href":"https:\/\/api.w.org\/{rel}","templated":true}]}}