{"id":13305,"date":"2021-03-22T09:23:42","date_gmt":"2021-03-22T08:23:42","guid":{"rendered":"https:\/\/www.caudete.org\/ayuntamiento\/?p=13305"},"modified":"2021-03-22T09:23:42","modified_gmt":"2021-03-22T08:23:42","slug":"reunion-con-la-acvc-para-abordar-nuevos-proyectos-culturales","status":"publish","type":"post","link":"https:\/\/www.caudete.org\/ayuntamiento\/reunion-con-la-acvc-para-abordar-nuevos-proyectos-culturales\/","title":{"rendered":"Reuni\u00f3n con la ACVC para abordar nuevos proyectos culturales"},"content":{"rendered":"<p style=\"text-align: justify;\">La pasada semana la Asociaci\u00f3n Cultural Valencianista de Caudete (ACVC), que preside Emilio J.Catal\u00e1n era recibida en el Ayuntamiento, junto a miembros de su directiva por el Alcalde Mois\u00e9s L\u00f3pez, y el Concejal de Turismo y Patrimonio, Diego Cuenca, para mantener una reuni\u00f3n de trabajo.<\/p>\n<p style=\"text-align: justify;\">En la misma, la ACVC (a\u00f1o 2016) hizo un resumen de sus cinco a\u00f1os de vida y la consecuci\u00f3n de diferentes proyectos culturales de diversa \u00edndole realizados tanto en Caudete como fuera de \u00e9l, y que ponen de manifiesto la capacidad de trabajo y compromiso que esta asociaci\u00f3n tiene con la cultura e historia caudetana.<\/p>\n<p style=\"text-align: justify;\">Exposiciones, Conferencias, Premios &#8220;Claus del Regne&#8221;, Desfile de Moros y Cristianos en Valencia, Visita de la Fallera Mayor de Valencia a las Fiestas de Caudete, Visita de la Virgen de los Desamparados a nuestra Villa, etc. han sido los principales y m\u00e1s sonados eventos en los que la asociaci\u00f3n ha trabajado con ah\u00ednco.<\/p>\n<p style=\"text-align: justify;\">La ACVC mostr\u00f3 a los Ediles el programa de acci\u00f3n que la asociaci\u00f3n tiene marcado a corto plazo, donde posicionar el nombre de Caudete y contribuir a su desarrollo tur\u00edstico y cultural son la ense\u00f1a principal. As\u00ed pues, en la reuni\u00f3n mantenida solicitaban al Consistorio caudetano la colaboraci\u00f3n conjunta en los mismos, a la vez que la asociaci\u00f3n se ofrec\u00eda para trabajar de forma en aquellos otros proyectos que impulsados desde el Ayuntamiento pudieran ser parte activa.<\/p>\n<p style=\"text-align: justify;\">De hecho, la ACVC fue una de las participantes en las diferentes Mesas Sectoriales del Plan Tur\u00edstico de Caudete convocadas, donde se realizaron propuestas muy interesantes, y que en este caso, la reuni\u00f3n de la pasada semana comenzaba a dar forma a una de las que fueron lanzadas por la ACVC de mano de su Presidente.<\/p>\n<p style=\"text-align: justify;\">El Alcalde Mois\u00e9s L\u00f3pez resaltaba &#8220;<em>la ilusi\u00f3n y esfuerzo que toda la Directiva y Socios de la AVCV han demostrado en estos 5 a\u00f1os, consiguiendo no solo posicionar Caudete, sino tambi\u00e9n\u00a0recibir el apoyo y la participaci\u00f3n de un gran n\u00famero de caudetanos<\/em>&#8220;. De esta manera adelantaba que &#8220;<em>quedan muchos proyectos por ver la luz, donde el Ayuntamiento estar\u00e1 siempre colaborando<\/em>&#8221; y aprovechaba para animarles &#8220;<em>en esta bonita tarea, de luchar por Caudete, de rescatar la historia y cultura, ponerla en valor y difundirla, de hacer que Caudete sea conocido fuera de nuestro entorno y que Caudete gane en esencia<\/em>&#8220;.<\/p>\n<p style=\"text-align: justify;\">Diego Cuenca, Concejal de Turismo y Patrimonio manifestaba su &#8220;<em>satisfacci\u00f3n con las asociaciones locales, como es el caso de la ACVC, volcadas con el pueblo y sus gentes, con ganas de hacerlo grande<\/em>&#8221; donde &#8220;<em>trabajar con ellos es tarea f\u00e1cil, porque compartimos un mismo proyecto en que cada parte aporta lo mejor de si<\/em>&#8220;. A ese respecto, les abr\u00eda las puertas para que la colaboraci\u00f3n sea mutua en las materias que gestiona, Turismo y Patrimonio &#8220;<em>donde queda mucho trabajo por recorrer, pero donde es necesario el apoyo y colaboraci\u00f3n del tejido asociativo para hacer ese camino mas llano, amplio y de \u00e9xito asegurado<\/em>&#8220;.<\/p>\n","protected":false},"excerpt":{"rendered":"<p>La pasada semana la Asociaci\u00f3n Cultural Valencianista de Caudete (ACVC), que preside Emilio J.Catal\u00e1n era recibida en el Ayuntamiento, junto a miembros de su directiva por el Alcalde Mois\u00e9s L\u00f3pez, y el Concejal de Turismo y Patrimonio, Diego Cuenca, para mantener una reuni\u00f3n de trabajo. En la misma, la ACVC (a\u00f1o 2016) hizo un resumen &hellip;<\/p>\n","protected":false},"author":3,"featured_media":13306,"comment_status":"closed","ping_status":"open","sticky":false,"template":"","format":"standard","meta":{"ngg_post_thumbnail":0,"footnotes":""},"categories":[43],"tags":[553,299],"class_list":["post-13305","post","type-post","status-publish","format-standard","has-post-thumbnail","hentry","category-turismo","tag-acvc","tag-reunion"],"yoast_head":"<!-- This site is optimized with the Yoast SEO plugin v27.5 - https:\/\/yoast.com\/product\/yoast-seo-wordpress\/ -->\n<title>Reuni\u00f3n con la ACVC para abordar nuevos proyectos culturales - MI Ayuntamiento de Caudete<\/title>\n<meta name=\"description\" content=\"P\u00e1gina Oficial del Ayuntamiento de Caudete (Albacete)\" \/>\n<meta name=\"robots\" content=\"index, follow, max-snippet:-1, max-image-preview:large, max-video-preview:-1\" \/>\n<link rel=\"canonical\" href=\"https:\/\/www.caudete.org\/ayuntamiento\/reunion-con-la-acvc-para-abordar-nuevos-proyectos-culturales\/\" \/>\n<meta property=\"og:locale\" content=\"es_ES\" \/>\n<meta property=\"og:type\" content=\"article\" \/>\n<meta property=\"og:title\" content=\"Reuni\u00f3n con la ACVC para abordar nuevos proyectos culturales - MI Ayuntamiento de Caudete\" \/>\n<meta property=\"og:description\" content=\"P\u00e1gina Oficial del Ayuntamiento de Caudete (Albacete)\" \/>\n<meta property=\"og:url\" content=\"https:\/\/www.caudete.org\/ayuntamiento\/reunion-con-la-acvc-para-abordar-nuevos-proyectos-culturales\/\" \/>\n<meta property=\"og:site_name\" content=\"MI Ayuntamiento de Caudete\" \/>\n<meta property=\"article:publisher\" content=\"https:\/\/www.facebook.com\/ayuntamientocaudete\/\" \/>\n<meta property=\"article:published_time\" content=\"2021-03-22T08:23:42+00:00\" \/>\n<meta property=\"og:image\" content=\"https:\/\/www.caudete.org\/ayuntamiento\/wp-content\/uploads\/2021\/03\/WhatsApp-Image-2021-03-22-at-08.56.02-1.jpeg\" \/>\n\t<meta property=\"og:image:width\" content=\"1285\" \/>\n\t<meta property=\"og:image:height\" content=\"761\" \/>\n\t<meta property=\"og:image:type\" content=\"image\/jpeg\" \/>\n<meta name=\"author\" content=\"alcalde\" \/>\n<meta name=\"twitter:card\" content=\"summary_large_image\" \/>\n<meta name=\"twitter:label1\" content=\"Escrito por\" \/>\n\t<meta name=\"twitter:data1\" content=\"alcalde\" \/>\n\t<meta name=\"twitter:label2\" content=\"Tiempo de lectura\" \/>\n\t<meta name=\"twitter:data2\" content=\"3 minutos\" \/>\n<script type=\"application\/ld+json\" class=\"yoast-schema-graph\">{\"@context\":\"https:\\\/\\\/schema.org\",\"@graph\":[{\"@type\":\"Article\",\"@id\":\"https:\\\/\\\/www.caudete.org\\\/ayuntamiento\\\/reunion-con-la-acvc-para-abordar-nuevos-proyectos-culturales\\\/#article\",\"isPartOf\":{\"@id\":\"https:\\\/\\\/www.caudete.org\\\/ayuntamiento\\\/reunion-con-la-acvc-para-abordar-nuevos-proyectos-culturales\\\/\"},\"author\":{\"name\":\"alcalde\",\"@id\":\"https:\\\/\\\/www.caudete.org\\\/ayuntamiento\\\/#\\\/schema\\\/person\\\/cc646da9133078ee4d8dd47457947253\"},\"headline\":\"Reuni\u00f3n con la ACVC para abordar nuevos proyectos culturales\",\"datePublished\":\"2021-03-22T08:23:42+00:00\",\"mainEntityOfPage\":{\"@id\":\"https:\\\/\\\/www.caudete.org\\\/ayuntamiento\\\/reunion-con-la-acvc-para-abordar-nuevos-proyectos-culturales\\\/\"},\"wordCount\":532,\"image\":{\"@id\":\"https:\\\/\\\/www.caudete.org\\\/ayuntamiento\\\/reunion-con-la-acvc-para-abordar-nuevos-proyectos-culturales\\\/#primaryimage\"},\"thumbnailUrl\":\"https:\\\/\\\/www.caudete.org\\\/ayuntamiento\\\/wp-content\\\/uploads\\\/2021\\\/03\\\/WhatsApp-Image-2021-03-22-at-08.56.02-1.jpeg\",\"keywords\":[\"acvc\",\"reunion\"],\"articleSection\":[\"Turismo\"],\"inLanguage\":\"es\"},{\"@type\":\"WebPage\",\"@id\":\"https:\\\/\\\/www.caudete.org\\\/ayuntamiento\\\/reunion-con-la-acvc-para-abordar-nuevos-proyectos-culturales\\\/\",\"url\":\"https:\\\/\\\/www.caudete.org\\\/ayuntamiento\\\/reunion-con-la-acvc-para-abordar-nuevos-proyectos-culturales\\\/\",\"name\":\"Reuni\u00f3n con la ACVC para abordar nuevos proyectos culturales - MI Ayuntamiento de Caudete\",\"isPartOf\":{\"@id\":\"https:\\\/\\\/www.caudete.org\\\/ayuntamiento\\\/#website\"},\"primaryImageOfPage\":{\"@id\":\"https:\\\/\\\/www.caudete.org\\\/ayuntamiento\\\/reunion-con-la-acvc-para-abordar-nuevos-proyectos-culturales\\\/#primaryimage\"},\"image\":{\"@id\":\"https:\\\/\\\/www.caudete.org\\\/ayuntamiento\\\/reunion-con-la-acvc-para-abordar-nuevos-proyectos-culturales\\\/#primaryimage\"},\"thumbnailUrl\":\"https:\\\/\\\/www.caudete.org\\\/ayuntamiento\\\/wp-content\\\/uploads\\\/2021\\\/03\\\/WhatsApp-Image-2021-03-22-at-08.56.02-1.jpeg\",\"datePublished\":\"2021-03-22T08:23:42+00:00\",\"author\":{\"@id\":\"https:\\\/\\\/www.caudete.org\\\/ayuntamiento\\\/#\\\/schema\\\/person\\\/cc646da9133078ee4d8dd47457947253\"},\"description\":\"P\u00e1gina Oficial del Ayuntamiento de Caudete (Albacete)\",\"breadcrumb\":{\"@id\":\"https:\\\/\\\/www.caudete.org\\\/ayuntamiento\\\/reunion-con-la-acvc-para-abordar-nuevos-proyectos-culturales\\\/#breadcrumb\"},\"inLanguage\":\"es\",\"potentialAction\":[{\"@type\":\"ReadAction\",\"target\":[\"https:\\\/\\\/www.caudete.org\\\/ayuntamiento\\\/reunion-con-la-acvc-para-abordar-nuevos-proyectos-culturales\\\/\"]}]},{\"@type\":\"ImageObject\",\"inLanguage\":\"es\",\"@id\":\"https:\\\/\\\/www.caudete.org\\\/ayuntamiento\\\/reunion-con-la-acvc-para-abordar-nuevos-proyectos-culturales\\\/#primaryimage\",\"url\":\"https:\\\/\\\/www.caudete.org\\\/ayuntamiento\\\/wp-content\\\/uploads\\\/2021\\\/03\\\/WhatsApp-Image-2021-03-22-at-08.56.02-1.jpeg\",\"contentUrl\":\"https:\\\/\\\/www.caudete.org\\\/ayuntamiento\\\/wp-content\\\/uploads\\\/2021\\\/03\\\/WhatsApp-Image-2021-03-22-at-08.56.02-1.jpeg\",\"width\":1285,\"height\":761},{\"@type\":\"BreadcrumbList\",\"@id\":\"https:\\\/\\\/www.caudete.org\\\/ayuntamiento\\\/reunion-con-la-acvc-para-abordar-nuevos-proyectos-culturales\\\/#breadcrumb\",\"itemListElement\":[{\"@type\":\"ListItem\",\"position\":1,\"name\":\"Inicio\",\"item\":\"https:\\\/\\\/www.caudete.org\\\/ayuntamiento\\\/\"},{\"@type\":\"ListItem\",\"position\":2,\"name\":\"Reuni\u00f3n con la ACVC para abordar nuevos proyectos culturales\"}]},{\"@type\":\"WebSite\",\"@id\":\"https:\\\/\\\/www.caudete.org\\\/ayuntamiento\\\/#website\",\"url\":\"https:\\\/\\\/www.caudete.org\\\/ayuntamiento\\\/\",\"name\":\"MI Ayuntamiento de Caudete\",\"description\":\"P\u00e1gina Oficial del MI Ayuntamiento de Caudete\",\"potentialAction\":[{\"@type\":\"SearchAction\",\"target\":{\"@type\":\"EntryPoint\",\"urlTemplate\":\"https:\\\/\\\/www.caudete.org\\\/ayuntamiento\\\/?s={search_term_string}\"},\"query-input\":{\"@type\":\"PropertyValueSpecification\",\"valueRequired\":true,\"valueName\":\"search_term_string\"}}],\"inLanguage\":\"es\"},{\"@type\":\"Person\",\"@id\":\"https:\\\/\\\/www.caudete.org\\\/ayuntamiento\\\/#\\\/schema\\\/person\\\/cc646da9133078ee4d8dd47457947253\",\"name\":\"alcalde\",\"image\":{\"@type\":\"ImageObject\",\"inLanguage\":\"es\",\"@id\":\"https:\\\/\\\/secure.gravatar.com\\\/avatar\\\/84a817ba065b29ff08d666b215a215f5c79186a645ccb25b14a663d48a130f77?s=96&d=mm&r=g\",\"url\":\"https:\\\/\\\/secure.gravatar.com\\\/avatar\\\/84a817ba065b29ff08d666b215a215f5c79186a645ccb25b14a663d48a130f77?s=96&d=mm&r=g\",\"contentUrl\":\"https:\\\/\\\/secure.gravatar.com\\\/avatar\\\/84a817ba065b29ff08d666b215a215f5c79186a645ccb25b14a663d48a130f77?s=96&d=mm&r=g\",\"caption\":\"alcalde\"},\"url\":\"https:\\\/\\\/www.caudete.org\\\/ayuntamiento\\\/author\\\/alcalde\\\/\"}]}<\/script>\n<!-- \/ Yoast SEO plugin. -->","yoast_head_json":{"title":"Reuni\u00f3n con la ACVC para abordar nuevos proyectos culturales - MI Ayuntamiento de Caudete","description":"P\u00e1gina Oficial del Ayuntamiento de Caudete (Albacete)","robots":{"index":"index","follow":"follow","max-snippet":"max-snippet:-1","max-image-preview":"max-image-preview:large","max-video-preview":"max-video-preview:-1"},"canonical":"https:\/\/www.caudete.org\/ayuntamiento\/reunion-con-la-acvc-para-abordar-nuevos-proyectos-culturales\/","og_locale":"es_ES","og_type":"article","og_title":"Reuni\u00f3n con la ACVC para abordar nuevos proyectos culturales - MI Ayuntamiento de Caudete","og_description":"P\u00e1gina Oficial del Ayuntamiento de Caudete (Albacete)","og_url":"https:\/\/www.caudete.org\/ayuntamiento\/reunion-con-la-acvc-para-abordar-nuevos-proyectos-culturales\/","og_site_name":"MI Ayuntamiento de Caudete","article_publisher":"https:\/\/www.facebook.com\/ayuntamientocaudete\/","article_published_time":"2021-03-22T08:23:42+00:00","og_image":[{"width":1285,"height":761,"url":"https:\/\/www.caudete.org\/ayuntamiento\/wp-content\/uploads\/2021\/03\/WhatsApp-Image-2021-03-22-at-08.56.02-1.jpeg","type":"image\/jpeg"}],"author":"alcalde","twitter_card":"summary_large_image","twitter_misc":{"Escrito por":"alcalde","Tiempo de lectura":"3 minutos"},"schema":{"@context":"https:\/\/schema.org","@graph":[{"@type":"Article","@id":"https:\/\/www.caudete.org\/ayuntamiento\/reunion-con-la-acvc-para-abordar-nuevos-proyectos-culturales\/#article","isPartOf":{"@id":"https:\/\/www.caudete.org\/ayuntamiento\/reunion-con-la-acvc-para-abordar-nuevos-proyectos-culturales\/"},"author":{"name":"alcalde","@id":"https:\/\/www.caudete.org\/ayuntamiento\/#\/schema\/person\/cc646da9133078ee4d8dd47457947253"},"headline":"Reuni\u00f3n con la ACVC para abordar nuevos proyectos culturales","datePublished":"2021-03-22T08:23:42+00:00","mainEntityOfPage":{"@id":"https:\/\/www.caudete.org\/ayuntamiento\/reunion-con-la-acvc-para-abordar-nuevos-proyectos-culturales\/"},"wordCount":532,"image":{"@id":"https:\/\/www.caudete.org\/ayuntamiento\/reunion-con-la-acvc-para-abordar-nuevos-proyectos-culturales\/#primaryimage"},"thumbnailUrl":"https:\/\/www.caudete.org\/ayuntamiento\/wp-content\/uploads\/2021\/03\/WhatsApp-Image-2021-03-22-at-08.56.02-1.jpeg","keywords":["acvc","reunion"],"articleSection":["Turismo"],"inLanguage":"es"},{"@type":"WebPage","@id":"https:\/\/www.caudete.org\/ayuntamiento\/reunion-con-la-acvc-para-abordar-nuevos-proyectos-culturales\/","url":"https:\/\/www.caudete.org\/ayuntamiento\/reunion-con-la-acvc-para-abordar-nuevos-proyectos-culturales\/","name":"Reuni\u00f3n con la ACVC para abordar nuevos proyectos culturales - MI Ayuntamiento de Caudete","isPartOf":{"@id":"https:\/\/www.caudete.org\/ayuntamiento\/#website"},"primaryImageOfPage":{"@id":"https:\/\/www.caudete.org\/ayuntamiento\/reunion-con-la-acvc-para-abordar-nuevos-proyectos-culturales\/#primaryimage"},"image":{"@id":"https:\/\/www.caudete.org\/ayuntamiento\/reunion-con-la-acvc-para-abordar-nuevos-proyectos-culturales\/#primaryimage"},"thumbnailUrl":"https:\/\/www.caudete.org\/ayuntamiento\/wp-content\/uploads\/2021\/03\/WhatsApp-Image-2021-03-22-at-08.56.02-1.jpeg","datePublished":"2021-03-22T08:23:42+00:00","author":{"@id":"https:\/\/www.caudete.org\/ayuntamiento\/#\/schema\/person\/cc646da9133078ee4d8dd47457947253"},"description":"P\u00e1gina Oficial del Ayuntamiento de Caudete (Albacete)","breadcrumb":{"@id":"https:\/\/www.caudete.org\/ayuntamiento\/reunion-con-la-acvc-para-abordar-nuevos-proyectos-culturales\/#breadcrumb"},"inLanguage":"es","potentialAction":[{"@type":"ReadAction","target":["https:\/\/www.caudete.org\/ayuntamiento\/reunion-con-la-acvc-para-abordar-nuevos-proyectos-culturales\/"]}]},{"@type":"ImageObject","inLanguage":"es","@id":"https:\/\/www.caudete.org\/ayuntamiento\/reunion-con-la-acvc-para-abordar-nuevos-proyectos-culturales\/#primaryimage","url":"https:\/\/www.caudete.org\/ayuntamiento\/wp-content\/uploads\/2021\/03\/WhatsApp-Image-2021-03-22-at-08.56.02-1.jpeg","contentUrl":"https:\/\/www.caudete.org\/ayuntamiento\/wp-content\/uploads\/2021\/03\/WhatsApp-Image-2021-03-22-at-08.56.02-1.jpeg","width":1285,"height":761},{"@type":"BreadcrumbList","@id":"https:\/\/www.caudete.org\/ayuntamiento\/reunion-con-la-acvc-para-abordar-nuevos-proyectos-culturales\/#breadcrumb","itemListElement":[{"@type":"ListItem","position":1,"name":"Inicio","item":"https:\/\/www.caudete.org\/ayuntamiento\/"},{"@type":"ListItem","position":2,"name":"Reuni\u00f3n con la ACVC para abordar nuevos proyectos culturales"}]},{"@type":"WebSite","@id":"https:\/\/www.caudete.org\/ayuntamiento\/#website","url":"https:\/\/www.caudete.org\/ayuntamiento\/","name":"MI Ayuntamiento de Caudete","description":"P\u00e1gina Oficial del MI Ayuntamiento de Caudete","potentialAction":[{"@type":"SearchAction","target":{"@type":"EntryPoint","urlTemplate":"https:\/\/www.caudete.org\/ayuntamiento\/?s={search_term_string}"},"query-input":{"@type":"PropertyValueSpecification","valueRequired":true,"valueName":"search_term_string"}}],"inLanguage":"es"},{"@type":"Person","@id":"https:\/\/www.caudete.org\/ayuntamiento\/#\/schema\/person\/cc646da9133078ee4d8dd47457947253","name":"alcalde","image":{"@type":"ImageObject","inLanguage":"es","@id":"https:\/\/secure.gravatar.com\/avatar\/84a817ba065b29ff08d666b215a215f5c79186a645ccb25b14a663d48a130f77?s=96&d=mm&r=g","url":"https:\/\/secure.gravatar.com\/avatar\/84a817ba065b29ff08d666b215a215f5c79186a645ccb25b14a663d48a130f77?s=96&d=mm&r=g","contentUrl":"https:\/\/secure.gravatar.com\/avatar\/84a817ba065b29ff08d666b215a215f5c79186a645ccb25b14a663d48a130f77?s=96&d=mm&r=g","caption":"alcalde"},"url":"https:\/\/www.caudete.org\/ayuntamiento\/author\/alcalde\/"}]}},"_links":{"self":[{"href":"https:\/\/www.caudete.org\/ayuntamiento\/wp-json\/wp\/v2\/posts\/13305","targetHints":{"allow":["GET"]}}],"collection":[{"href":"https:\/\/www.caudete.org\/ayuntamiento\/wp-json\/wp\/v2\/posts"}],"about":[{"href":"https:\/\/www.caudete.org\/ayuntamiento\/wp-json\/wp\/v2\/types\/post"}],"author":[{"embeddable":true,"href":"https:\/\/www.caudete.org\/ayuntamiento\/wp-json\/wp\/v2\/users\/3"}],"replies":[{"embeddable":true,"href":"https:\/\/www.caudete.org\/ayuntamiento\/wp-json\/wp\/v2\/comments?post=13305"}],"version-history":[{"count":1,"href":"https:\/\/www.caudete.org\/ayuntamiento\/wp-json\/wp\/v2\/posts\/13305\/revisions"}],"predecessor-version":[{"id":13307,"href":"https:\/\/www.caudete.org\/ayuntamiento\/wp-json\/wp\/v2\/posts\/13305\/revisions\/13307"}],"wp:featuredmedia":[{"embeddable":true,"href":"https:\/\/www.caudete.org\/ayuntamiento\/wp-json\/wp\/v2\/media\/13306"}],"wp:attachment":[{"href":"https:\/\/www.caudete.org\/ayuntamiento\/wp-json\/wp\/v2\/media?parent=13305"}],"wp:term":[{"taxonomy":"category","embeddable":true,"href":"https:\/\/www.caudete.org\/ayuntamiento\/wp-json\/wp\/v2\/categories?post=13305"},{"taxonomy":"post_tag","embeddable":true,"href":"https:\/\/www.caudete.org\/ayuntamiento\/wp-json\/wp\/v2\/tags?post=13305"}],"curies":[{"name":"wp","href":"https:\/\/api.w.org\/{rel}","templated":true}]}}