{"id":13324,"date":"2021-03-22T17:23:00","date_gmt":"2021-03-22T16:23:00","guid":{"rendered":"https:\/\/www.caudete.org\/ayuntamiento\/?p=13324"},"modified":"2021-03-22T17:25:17","modified_gmt":"2021-03-22T16:25:17","slug":"convocado-pleno-ordinario-para-el-proximo-jueves-a-las-20-00h","status":"publish","type":"post","link":"https:\/\/www.caudete.org\/ayuntamiento\/convocado-pleno-ordinario-para-el-proximo-jueves-a-las-20-00h\/","title":{"rendered":"Convocado Pleno Ordinario para el pr\u00f3ximo Jueves a las 20.00h"},"content":{"rendered":"<p style=\"text-align: justify;\"><span style=\"font-size: 8pt;\">(<em>Extracto de la Resoluci\u00f3n de Alcald\u00eda n\u00ba584 de 22\/03\/2021 &#8220;Convocatoria Pleno Ordinario 25\/03\/2021 a las 20.00h&#8221;<\/em>)<\/span><\/p>\n<p style=\"text-align: justify;\">D. MOIS\u00c9S L\u00d3PEZ MART\u00cdNEZ, Alcalde del M.I. Ayuntamiento de Caudete (provincia de Albacete).<\/p>\n<p style=\"text-align: justify;\">En virtud de lo dispuesto en los art\u00edculos 80 y siguientes del Reglamento de Organizaci\u00f3n, Funcionamiento y R\u00e9gimen Jur\u00eddico de las Entidades Locales, aprobado por Real Decreto 2568\/1986, de 28 de noviembre, y en el art\u00edculo 47.2 del Texto Refundido de las disposiciones legales vigentes en materia de r\u00e9gimen local aprobado por Real Decreto Legislativo 781\/1986, de 18 de abril, esta Alcald\u00eda,<\/p>\n<p style=\"text-align: center;\">HA RESUELTO<\/p>\n<p><strong>PRIMERO.<\/strong> Convocar al Pleno en Sesi\u00f3n ordinaria el jueves, 25 de marzo de 2021, a las 20:00 horas en el Sal\u00f3n de Sesiones sito en la Primera Planta del edificio de la Casa de la Cultura de Caudete, actuando como Secretaria, la Secretaria del Ayuntamiento con el siguiente<\/p>\n<p style=\"text-align: center;\"><strong><span style=\"text-decoration: underline;\">ORDEN DEL D\u00cdA<\/span><\/strong><\/p>\n<p style=\"text-align: justify;\"><strong>1\u00ba.- APROBACI\u00d3N ACTAS ANTERIORES.<\/strong><\/p>\n<p style=\"text-align: justify;\"><strong>2\u00ba.- DECRETOS Y RESOLUCIONES DE ALCALD\u00cdA Y CONCEJAL\u00cdAS DELEGADAS.<\/strong><\/p>\n<p style=\"text-align: justify;\"><strong>3\u00ba.- DACI\u00d3N DE CUENTA DE LAS SIGUIENTES SENTENCIAS:<\/strong><br \/>\n\u2022 Sentencia n.\u00ba 294\/2020, de 2-11-2020, del Juzgado de lo Social n.\u00ba 3 de Albacete (Procedimiento Ordinario 877\/2019).<br \/>\n\u2022 Sentencia n.\u00ba 21\/2021, de 27-01-2021, del Juzgado de lo Social n.\u00ba 1 de Albacete (Procedimiento Ordinario 874\/2019).<br \/>\n\u2022 Sentencia n.\u00ba 225, de 30-11-2020, del Juzgado Contencioso-Administrativo n.\u00ba 1 de Albacete (Procedimiento Ordinario 322\/2019).<br \/>\n\u2022 Sentencia n.\u00ba 38\/21, de 11-03-2021, del Juzgado 1\u00aa Instancia e Instrucci\u00f3n n.\u00ba 2 de Almansa (Juicio verbal 97\/2021, Procedimiento Monitorio 612\/2020).<\/p>\n<p style=\"text-align: justify;\"><strong>4\u00ba.- EXPEDIENTE ELECCI\u00d3N PARA EL CARGO DE JUEZ DE PAZ TITULAR.<\/strong><\/p>\n<p style=\"text-align: justify;\"><strong>5\u00ba.- APROBACI\u00d3N ACTUALIZACI\u00d3N INVENTARIO DE BIENES Y DERECHOS.<\/strong><\/p>\n<p style=\"text-align: justify;\"><strong>6\u00ba.- EXPEDIENTE DE CONCESI\u00d3N DE SUBVENCIONES A AUT\u00d3NOMOS Y MICROEMPRESAS, ESPECIALMENTE AFECTADOS POR SITUACI\u00d3N COVID-19 EN EL MUNICIPIO DE CAUDETE, POR EL PROCEDIMIENTO DE CONCESI\u00d3N DIRECTA: APROBACI\u00d3N DE SU CONVOCATORIA Y BASES REGULADORAS.<\/strong><\/p>\n<p style=\"text-align: justify;\"><strong>7\u00ba.- APROBACI\u00d3N INICIAL DE LAS BASES PARA LA ADJUDICACI\u00d3N DEL P.A.U. DE AGRUPACI\u00d3N DE PARCELAS LOCALIZADAS EN S.A.U. I-2 INDUSTRIAL EN LOS VILLARES DEL MUNICIPIO DE CAUDETE, A INICIATIVA DE CAUDETE PARKING, S.L.<\/strong><\/p>\n<p style=\"text-align: justify;\"><strong>8\u00ba.- CREACI\u00d3N COMISI\u00d3N ESPECIAL DE DESLINDE CAUDETE-VILLENA-YECLA.<\/strong><\/p>\n<p style=\"text-align: justify;\"><strong>9\u00ba.- ASUMIR LA DECLARACI\u00d3N APROBADA POR LA FEMP EN EL XII PLENO EN FAVOR DE LA AGENDA 2030 DE LOS OBJETIVOS DE DESARROLLO SOSTENIBLE, AS\u00cd COMO LA SUSTITUCI\u00d3N DEL T\u00c9CNICO DESIGNADO ANTE LA RED.<\/strong><\/p>\n<p style=\"text-align: justify;\"><strong>10\u00ba.- APROBACI\u00d3N INICIAL DEL REGLAMENTO DE LAS NORMAS DE FUNCIONAMIENTO DE LA BIBLIOTECA P\u00daBLICA MUNICIPAL DE CAUDETE \u201cANA MAR\u00cdA MATUTE\u201d.<\/strong><\/p>\n<p><strong>11\u00ba.- MOCIONES PRESENTADAS SOBRE TEMAS DE INTER\u00c9S MUNICIPAL<\/strong> (del art. 46.e) LRBRL, de control, no resolutivas:<br \/>\n\u2022 Otras que se presenten directamente en el Pleno (no de urgencia)<\/p>\n<p><strong>12\u00ba.- RUEGOS Y PREGUNTAS.<\/strong><\/p>\n<p style=\"text-align: justify;\"><strong>SEGUNDO.<\/strong> Notificar esta Resoluci\u00f3n a los miembros del Ayuntamiento Pleno, as\u00ed como publicarlo en el Tabl\u00f3n de Anuncios municipal.<\/p>\n<p style=\"text-align: justify;\">A tenor de lo dispuesto en el Art\u00edculo 90.2 del vigente Reglamento de Organizaci\u00f3n, Funcionamiento y R\u00e9gimen Jur\u00eddico de las Corporaciones Locales, en caso de inasistencia del n\u00famero suficiente de miembros para celebrar la presente sesi\u00f3n, la misma se entender\u00e1 autom\u00e1ticamente convocada para la misma hora dos d\u00edas despu\u00e9s.<\/p>\n","protected":false},"excerpt":{"rendered":"<p>(Extracto de la Resoluci\u00f3n de Alcald\u00eda n\u00ba584 de 22\/03\/2021 &#8220;Convocatoria Pleno Ordinario 25\/03\/2021 a las 20.00h&#8221;) D. MOIS\u00c9S L\u00d3PEZ MART\u00cdNEZ, Alcalde del M.I. Ayuntamiento de Caudete (provincia de Albacete). En virtud de lo dispuesto en los art\u00edculos 80 y siguientes del Reglamento de Organizaci\u00f3n, Funcionamiento y R\u00e9gimen Jur\u00eddico de las Entidades Locales, aprobado por Real &hellip;<\/p>\n","protected":false},"author":3,"featured_media":11742,"comment_status":"closed","ping_status":"open","sticky":false,"template":"","format":"standard","meta":{"ngg_post_thumbnail":0,"footnotes":""},"categories":[20],"tags":[287],"class_list":["post-13324","post","type-post","status-publish","format-standard","has-post-thumbnail","hentry","category-ayuntamiento","tag-pleno-ordinario"],"yoast_head":"<!-- This site is optimized with the Yoast SEO plugin v27.5 - https:\/\/yoast.com\/product\/yoast-seo-wordpress\/ -->\n<title>Convocado Pleno Ordinario para el pr\u00f3ximo Jueves a las 20.00h - MI Ayuntamiento de Caudete<\/title>\n<meta name=\"description\" content=\"P\u00e1gina Oficial del Ayuntamiento de Caudete (Albacete)\" \/>\n<meta name=\"robots\" content=\"index, follow, max-snippet:-1, max-image-preview:large, max-video-preview:-1\" \/>\n<link rel=\"canonical\" href=\"https:\/\/www.caudete.org\/ayuntamiento\/convocado-pleno-ordinario-para-el-proximo-jueves-a-las-20-00h\/\" \/>\n<meta property=\"og:locale\" content=\"es_ES\" \/>\n<meta property=\"og:type\" content=\"article\" \/>\n<meta property=\"og:title\" content=\"Convocado Pleno Ordinario para el pr\u00f3ximo Jueves a las 20.00h - MI Ayuntamiento de Caudete\" \/>\n<meta property=\"og:description\" content=\"P\u00e1gina Oficial del Ayuntamiento de Caudete (Albacete)\" \/>\n<meta property=\"og:url\" content=\"https:\/\/www.caudete.org\/ayuntamiento\/convocado-pleno-ordinario-para-el-proximo-jueves-a-las-20-00h\/\" \/>\n<meta property=\"og:site_name\" content=\"MI Ayuntamiento de Caudete\" \/>\n<meta property=\"article:publisher\" content=\"https:\/\/www.facebook.com\/ayuntamientocaudete\/\" \/>\n<meta property=\"article:published_time\" content=\"2021-03-22T16:23:00+00:00\" \/>\n<meta property=\"article:modified_time\" content=\"2021-03-22T16:25:17+00:00\" \/>\n<meta property=\"og:image\" content=\"https:\/\/www.caudete.org\/ayuntamiento\/wp-content\/uploads\/2021\/01\/567-original-fad8f00b2cd74d29683db76b4bd75190.jpg\" \/>\n\t<meta property=\"og:image:width\" content=\"1800\" \/>\n\t<meta property=\"og:image:height\" content=\"1011\" \/>\n\t<meta property=\"og:image:type\" content=\"image\/jpeg\" \/>\n<meta name=\"author\" content=\"alcalde\" \/>\n<meta name=\"twitter:card\" content=\"summary_large_image\" \/>\n<meta name=\"twitter:label1\" content=\"Escrito por\" \/>\n\t<meta name=\"twitter:data1\" content=\"alcalde\" \/>\n\t<meta name=\"twitter:label2\" content=\"Tiempo de lectura\" \/>\n\t<meta name=\"twitter:data2\" content=\"3 minutos\" \/>\n<script type=\"application\/ld+json\" class=\"yoast-schema-graph\">{\"@context\":\"https:\\\/\\\/schema.org\",\"@graph\":[{\"@type\":\"Article\",\"@id\":\"https:\\\/\\\/www.caudete.org\\\/ayuntamiento\\\/convocado-pleno-ordinario-para-el-proximo-jueves-a-las-20-00h\\\/#article\",\"isPartOf\":{\"@id\":\"https:\\\/\\\/www.caudete.org\\\/ayuntamiento\\\/convocado-pleno-ordinario-para-el-proximo-jueves-a-las-20-00h\\\/\"},\"author\":{\"name\":\"alcalde\",\"@id\":\"https:\\\/\\\/www.caudete.org\\\/ayuntamiento\\\/#\\\/schema\\\/person\\\/cc646da9133078ee4d8dd47457947253\"},\"headline\":\"Convocado Pleno Ordinario para el pr\u00f3ximo Jueves a las 20.00h\",\"datePublished\":\"2021-03-22T16:23:00+00:00\",\"dateModified\":\"2021-03-22T16:25:17+00:00\",\"mainEntityOfPage\":{\"@id\":\"https:\\\/\\\/www.caudete.org\\\/ayuntamiento\\\/convocado-pleno-ordinario-para-el-proximo-jueves-a-las-20-00h\\\/\"},\"wordCount\":525,\"image\":{\"@id\":\"https:\\\/\\\/www.caudete.org\\\/ayuntamiento\\\/convocado-pleno-ordinario-para-el-proximo-jueves-a-las-20-00h\\\/#primaryimage\"},\"thumbnailUrl\":\"https:\\\/\\\/www.caudete.org\\\/ayuntamiento\\\/wp-content\\\/uploads\\\/2021\\\/01\\\/567-original-fad8f00b2cd74d29683db76b4bd75190.jpg\",\"keywords\":[\"pleno ordinario\"],\"articleSection\":[\"Ayuntamiento\"],\"inLanguage\":\"es\"},{\"@type\":\"WebPage\",\"@id\":\"https:\\\/\\\/www.caudete.org\\\/ayuntamiento\\\/convocado-pleno-ordinario-para-el-proximo-jueves-a-las-20-00h\\\/\",\"url\":\"https:\\\/\\\/www.caudete.org\\\/ayuntamiento\\\/convocado-pleno-ordinario-para-el-proximo-jueves-a-las-20-00h\\\/\",\"name\":\"Convocado Pleno Ordinario para el pr\u00f3ximo Jueves a las 20.00h - MI Ayuntamiento de Caudete\",\"isPartOf\":{\"@id\":\"https:\\\/\\\/www.caudete.org\\\/ayuntamiento\\\/#website\"},\"primaryImageOfPage\":{\"@id\":\"https:\\\/\\\/www.caudete.org\\\/ayuntamiento\\\/convocado-pleno-ordinario-para-el-proximo-jueves-a-las-20-00h\\\/#primaryimage\"},\"image\":{\"@id\":\"https:\\\/\\\/www.caudete.org\\\/ayuntamiento\\\/convocado-pleno-ordinario-para-el-proximo-jueves-a-las-20-00h\\\/#primaryimage\"},\"thumbnailUrl\":\"https:\\\/\\\/www.caudete.org\\\/ayuntamiento\\\/wp-content\\\/uploads\\\/2021\\\/01\\\/567-original-fad8f00b2cd74d29683db76b4bd75190.jpg\",\"datePublished\":\"2021-03-22T16:23:00+00:00\",\"dateModified\":\"2021-03-22T16:25:17+00:00\",\"author\":{\"@id\":\"https:\\\/\\\/www.caudete.org\\\/ayuntamiento\\\/#\\\/schema\\\/person\\\/cc646da9133078ee4d8dd47457947253\"},\"description\":\"P\u00e1gina Oficial del Ayuntamiento de Caudete (Albacete)\",\"breadcrumb\":{\"@id\":\"https:\\\/\\\/www.caudete.org\\\/ayuntamiento\\\/convocado-pleno-ordinario-para-el-proximo-jueves-a-las-20-00h\\\/#breadcrumb\"},\"inLanguage\":\"es\",\"potentialAction\":[{\"@type\":\"ReadAction\",\"target\":[\"https:\\\/\\\/www.caudete.org\\\/ayuntamiento\\\/convocado-pleno-ordinario-para-el-proximo-jueves-a-las-20-00h\\\/\"]}]},{\"@type\":\"ImageObject\",\"inLanguage\":\"es\",\"@id\":\"https:\\\/\\\/www.caudete.org\\\/ayuntamiento\\\/convocado-pleno-ordinario-para-el-proximo-jueves-a-las-20-00h\\\/#primaryimage\",\"url\":\"https:\\\/\\\/www.caudete.org\\\/ayuntamiento\\\/wp-content\\\/uploads\\\/2021\\\/01\\\/567-original-fad8f00b2cd74d29683db76b4bd75190.jpg\",\"contentUrl\":\"https:\\\/\\\/www.caudete.org\\\/ayuntamiento\\\/wp-content\\\/uploads\\\/2021\\\/01\\\/567-original-fad8f00b2cd74d29683db76b4bd75190.jpg\",\"width\":1800,\"height\":1011},{\"@type\":\"BreadcrumbList\",\"@id\":\"https:\\\/\\\/www.caudete.org\\\/ayuntamiento\\\/convocado-pleno-ordinario-para-el-proximo-jueves-a-las-20-00h\\\/#breadcrumb\",\"itemListElement\":[{\"@type\":\"ListItem\",\"position\":1,\"name\":\"Inicio\",\"item\":\"https:\\\/\\\/www.caudete.org\\\/ayuntamiento\\\/\"},{\"@type\":\"ListItem\",\"position\":2,\"name\":\"Convocado Pleno Ordinario para el pr\u00f3ximo Jueves a las 20.00h\"}]},{\"@type\":\"WebSite\",\"@id\":\"https:\\\/\\\/www.caudete.org\\\/ayuntamiento\\\/#website\",\"url\":\"https:\\\/\\\/www.caudete.org\\\/ayuntamiento\\\/\",\"name\":\"MI Ayuntamiento de Caudete\",\"description\":\"P\u00e1gina Oficial del MI Ayuntamiento de Caudete\",\"potentialAction\":[{\"@type\":\"SearchAction\",\"target\":{\"@type\":\"EntryPoint\",\"urlTemplate\":\"https:\\\/\\\/www.caudete.org\\\/ayuntamiento\\\/?s={search_term_string}\"},\"query-input\":{\"@type\":\"PropertyValueSpecification\",\"valueRequired\":true,\"valueName\":\"search_term_string\"}}],\"inLanguage\":\"es\"},{\"@type\":\"Person\",\"@id\":\"https:\\\/\\\/www.caudete.org\\\/ayuntamiento\\\/#\\\/schema\\\/person\\\/cc646da9133078ee4d8dd47457947253\",\"name\":\"alcalde\",\"image\":{\"@type\":\"ImageObject\",\"inLanguage\":\"es\",\"@id\":\"https:\\\/\\\/secure.gravatar.com\\\/avatar\\\/84a817ba065b29ff08d666b215a215f5c79186a645ccb25b14a663d48a130f77?s=96&d=mm&r=g\",\"url\":\"https:\\\/\\\/secure.gravatar.com\\\/avatar\\\/84a817ba065b29ff08d666b215a215f5c79186a645ccb25b14a663d48a130f77?s=96&d=mm&r=g\",\"contentUrl\":\"https:\\\/\\\/secure.gravatar.com\\\/avatar\\\/84a817ba065b29ff08d666b215a215f5c79186a645ccb25b14a663d48a130f77?s=96&d=mm&r=g\",\"caption\":\"alcalde\"},\"url\":\"https:\\\/\\\/www.caudete.org\\\/ayuntamiento\\\/author\\\/alcalde\\\/\"}]}<\/script>\n<!-- \/ Yoast SEO plugin. -->","yoast_head_json":{"title":"Convocado Pleno Ordinario para el pr\u00f3ximo Jueves a las 20.00h - MI Ayuntamiento de Caudete","description":"P\u00e1gina Oficial del Ayuntamiento de Caudete (Albacete)","robots":{"index":"index","follow":"follow","max-snippet":"max-snippet:-1","max-image-preview":"max-image-preview:large","max-video-preview":"max-video-preview:-1"},"canonical":"https:\/\/www.caudete.org\/ayuntamiento\/convocado-pleno-ordinario-para-el-proximo-jueves-a-las-20-00h\/","og_locale":"es_ES","og_type":"article","og_title":"Convocado Pleno Ordinario para el pr\u00f3ximo Jueves a las 20.00h - MI Ayuntamiento de Caudete","og_description":"P\u00e1gina Oficial del Ayuntamiento de Caudete (Albacete)","og_url":"https:\/\/www.caudete.org\/ayuntamiento\/convocado-pleno-ordinario-para-el-proximo-jueves-a-las-20-00h\/","og_site_name":"MI Ayuntamiento de Caudete","article_publisher":"https:\/\/www.facebook.com\/ayuntamientocaudete\/","article_published_time":"2021-03-22T16:23:00+00:00","article_modified_time":"2021-03-22T16:25:17+00:00","og_image":[{"width":1800,"height":1011,"url":"https:\/\/www.caudete.org\/ayuntamiento\/wp-content\/uploads\/2021\/01\/567-original-fad8f00b2cd74d29683db76b4bd75190.jpg","type":"image\/jpeg"}],"author":"alcalde","twitter_card":"summary_large_image","twitter_misc":{"Escrito por":"alcalde","Tiempo de lectura":"3 minutos"},"schema":{"@context":"https:\/\/schema.org","@graph":[{"@type":"Article","@id":"https:\/\/www.caudete.org\/ayuntamiento\/convocado-pleno-ordinario-para-el-proximo-jueves-a-las-20-00h\/#article","isPartOf":{"@id":"https:\/\/www.caudete.org\/ayuntamiento\/convocado-pleno-ordinario-para-el-proximo-jueves-a-las-20-00h\/"},"author":{"name":"alcalde","@id":"https:\/\/www.caudete.org\/ayuntamiento\/#\/schema\/person\/cc646da9133078ee4d8dd47457947253"},"headline":"Convocado Pleno Ordinario para el pr\u00f3ximo Jueves a las 20.00h","datePublished":"2021-03-22T16:23:00+00:00","dateModified":"2021-03-22T16:25:17+00:00","mainEntityOfPage":{"@id":"https:\/\/www.caudete.org\/ayuntamiento\/convocado-pleno-ordinario-para-el-proximo-jueves-a-las-20-00h\/"},"wordCount":525,"image":{"@id":"https:\/\/www.caudete.org\/ayuntamiento\/convocado-pleno-ordinario-para-el-proximo-jueves-a-las-20-00h\/#primaryimage"},"thumbnailUrl":"https:\/\/www.caudete.org\/ayuntamiento\/wp-content\/uploads\/2021\/01\/567-original-fad8f00b2cd74d29683db76b4bd75190.jpg","keywords":["pleno ordinario"],"articleSection":["Ayuntamiento"],"inLanguage":"es"},{"@type":"WebPage","@id":"https:\/\/www.caudete.org\/ayuntamiento\/convocado-pleno-ordinario-para-el-proximo-jueves-a-las-20-00h\/","url":"https:\/\/www.caudete.org\/ayuntamiento\/convocado-pleno-ordinario-para-el-proximo-jueves-a-las-20-00h\/","name":"Convocado Pleno Ordinario para el pr\u00f3ximo Jueves a las 20.00h - MI Ayuntamiento de Caudete","isPartOf":{"@id":"https:\/\/www.caudete.org\/ayuntamiento\/#website"},"primaryImageOfPage":{"@id":"https:\/\/www.caudete.org\/ayuntamiento\/convocado-pleno-ordinario-para-el-proximo-jueves-a-las-20-00h\/#primaryimage"},"image":{"@id":"https:\/\/www.caudete.org\/ayuntamiento\/convocado-pleno-ordinario-para-el-proximo-jueves-a-las-20-00h\/#primaryimage"},"thumbnailUrl":"https:\/\/www.caudete.org\/ayuntamiento\/wp-content\/uploads\/2021\/01\/567-original-fad8f00b2cd74d29683db76b4bd75190.jpg","datePublished":"2021-03-22T16:23:00+00:00","dateModified":"2021-03-22T16:25:17+00:00","author":{"@id":"https:\/\/www.caudete.org\/ayuntamiento\/#\/schema\/person\/cc646da9133078ee4d8dd47457947253"},"description":"P\u00e1gina Oficial del Ayuntamiento de Caudete (Albacete)","breadcrumb":{"@id":"https:\/\/www.caudete.org\/ayuntamiento\/convocado-pleno-ordinario-para-el-proximo-jueves-a-las-20-00h\/#breadcrumb"},"inLanguage":"es","potentialAction":[{"@type":"ReadAction","target":["https:\/\/www.caudete.org\/ayuntamiento\/convocado-pleno-ordinario-para-el-proximo-jueves-a-las-20-00h\/"]}]},{"@type":"ImageObject","inLanguage":"es","@id":"https:\/\/www.caudete.org\/ayuntamiento\/convocado-pleno-ordinario-para-el-proximo-jueves-a-las-20-00h\/#primaryimage","url":"https:\/\/www.caudete.org\/ayuntamiento\/wp-content\/uploads\/2021\/01\/567-original-fad8f00b2cd74d29683db76b4bd75190.jpg","contentUrl":"https:\/\/www.caudete.org\/ayuntamiento\/wp-content\/uploads\/2021\/01\/567-original-fad8f00b2cd74d29683db76b4bd75190.jpg","width":1800,"height":1011},{"@type":"BreadcrumbList","@id":"https:\/\/www.caudete.org\/ayuntamiento\/convocado-pleno-ordinario-para-el-proximo-jueves-a-las-20-00h\/#breadcrumb","itemListElement":[{"@type":"ListItem","position":1,"name":"Inicio","item":"https:\/\/www.caudete.org\/ayuntamiento\/"},{"@type":"ListItem","position":2,"name":"Convocado Pleno Ordinario para el pr\u00f3ximo Jueves a las 20.00h"}]},{"@type":"WebSite","@id":"https:\/\/www.caudete.org\/ayuntamiento\/#website","url":"https:\/\/www.caudete.org\/ayuntamiento\/","name":"MI Ayuntamiento de Caudete","description":"P\u00e1gina Oficial del MI Ayuntamiento de Caudete","potentialAction":[{"@type":"SearchAction","target":{"@type":"EntryPoint","urlTemplate":"https:\/\/www.caudete.org\/ayuntamiento\/?s={search_term_string}"},"query-input":{"@type":"PropertyValueSpecification","valueRequired":true,"valueName":"search_term_string"}}],"inLanguage":"es"},{"@type":"Person","@id":"https:\/\/www.caudete.org\/ayuntamiento\/#\/schema\/person\/cc646da9133078ee4d8dd47457947253","name":"alcalde","image":{"@type":"ImageObject","inLanguage":"es","@id":"https:\/\/secure.gravatar.com\/avatar\/84a817ba065b29ff08d666b215a215f5c79186a645ccb25b14a663d48a130f77?s=96&d=mm&r=g","url":"https:\/\/secure.gravatar.com\/avatar\/84a817ba065b29ff08d666b215a215f5c79186a645ccb25b14a663d48a130f77?s=96&d=mm&r=g","contentUrl":"https:\/\/secure.gravatar.com\/avatar\/84a817ba065b29ff08d666b215a215f5c79186a645ccb25b14a663d48a130f77?s=96&d=mm&r=g","caption":"alcalde"},"url":"https:\/\/www.caudete.org\/ayuntamiento\/author\/alcalde\/"}]}},"_links":{"self":[{"href":"https:\/\/www.caudete.org\/ayuntamiento\/wp-json\/wp\/v2\/posts\/13324","targetHints":{"allow":["GET"]}}],"collection":[{"href":"https:\/\/www.caudete.org\/ayuntamiento\/wp-json\/wp\/v2\/posts"}],"about":[{"href":"https:\/\/www.caudete.org\/ayuntamiento\/wp-json\/wp\/v2\/types\/post"}],"author":[{"embeddable":true,"href":"https:\/\/www.caudete.org\/ayuntamiento\/wp-json\/wp\/v2\/users\/3"}],"replies":[{"embeddable":true,"href":"https:\/\/www.caudete.org\/ayuntamiento\/wp-json\/wp\/v2\/comments?post=13324"}],"version-history":[{"count":3,"href":"https:\/\/www.caudete.org\/ayuntamiento\/wp-json\/wp\/v2\/posts\/13324\/revisions"}],"predecessor-version":[{"id":13327,"href":"https:\/\/www.caudete.org\/ayuntamiento\/wp-json\/wp\/v2\/posts\/13324\/revisions\/13327"}],"wp:featuredmedia":[{"embeddable":true,"href":"https:\/\/www.caudete.org\/ayuntamiento\/wp-json\/wp\/v2\/media\/11742"}],"wp:attachment":[{"href":"https:\/\/www.caudete.org\/ayuntamiento\/wp-json\/wp\/v2\/media?parent=13324"}],"wp:term":[{"taxonomy":"category","embeddable":true,"href":"https:\/\/www.caudete.org\/ayuntamiento\/wp-json\/wp\/v2\/categories?post=13324"},{"taxonomy":"post_tag","embeddable":true,"href":"https:\/\/www.caudete.org\/ayuntamiento\/wp-json\/wp\/v2\/tags?post=13324"}],"curies":[{"name":"wp","href":"https:\/\/api.w.org\/{rel}","templated":true}]}}