{"id":13328,"date":"2021-03-22T17:41:36","date_gmt":"2021-03-22T16:41:36","guid":{"rendered":"https:\/\/www.caudete.org\/ayuntamiento\/?p=13328"},"modified":"2021-03-22T20:28:10","modified_gmt":"2021-03-22T19:28:10","slug":"nuevo-desvio-en-el-cruce-por-1-mes-de-duracion","status":"publish","type":"post","link":"https:\/\/www.caudete.org\/ayuntamiento\/nuevo-desvio-en-el-cruce-por-1-mes-de-duracion\/","title":{"rendered":"Nuevo desv\u00edo en EL CRUCE, por 1 mes de duraci\u00f3n"},"content":{"rendered":"<p style=\"text-align: justify;\">El Concejal de Movilidad, Joaqu\u00edn Pag\u00e1n, informa que la empresa adjudicataria de las Obras de la A-33 (Valencia-Murcia) del tramo Fuente La Higuera, encargada de acometer el nudo de comunicaciones terrestres de &#8220;El Cruce&#8221; ha comunicado al Ayuntamiento una serie de desv\u00edos temporales, por una duraci\u00f3n de aproximadamente 1 mes.<\/p>\n<p>\u00a0<a href=\"https:\/\/www.caudete.org\/ayuntamiento\/wp-content\/uploads\/2021\/03\/WhatsApp-Image-2021-03-22-at-12.13.26.jpeg\" rel='prettyPhoto'><img decoding=\"async\" class=\"aligncenter wp-image-13329 size-medium\" src=\"https:\/\/www.caudete.org\/ayuntamiento\/wp-content\/uploads\/2021\/03\/WhatsApp-Image-2021-03-22-at-12.13.26-300x158.jpeg\" alt=\"\" width=\"300\" height=\"158\" srcset=\"https:\/\/www.caudete.org\/ayuntamiento\/wp-content\/uploads\/2021\/03\/WhatsApp-Image-2021-03-22-at-12.13.26-300x158.jpeg 300w, https:\/\/www.caudete.org\/ayuntamiento\/wp-content\/uploads\/2021\/03\/WhatsApp-Image-2021-03-22-at-12.13.26-1024x540.jpeg 1024w, https:\/\/www.caudete.org\/ayuntamiento\/wp-content\/uploads\/2021\/03\/WhatsApp-Image-2021-03-22-at-12.13.26-768x405.jpeg 768w, https:\/\/www.caudete.org\/ayuntamiento\/wp-content\/uploads\/2021\/03\/WhatsApp-Image-2021-03-22-at-12.13.26-1536x809.jpeg 1536w, https:\/\/www.caudete.org\/ayuntamiento\/wp-content\/uploads\/2021\/03\/WhatsApp-Image-2021-03-22-at-12.13.26.jpeg 1600w\" sizes=\"(max-width: 300px) 100vw, 300px\" \/><\/a><\/p>\n<p><span style=\"text-decoration: underline;\"><strong>La salida CAUDETE-ALICANTE se ha habilitado como sigue:<\/strong><\/span><\/p>\n<ul>\n<li>El Cruce (N-344), con direcci\u00f3n Albacete (A-31).<\/li>\n<li>Salida 168 &#8220;Estaci\u00f3n La Encina&#8221;.<\/li>\n<li>Cambio de sentido, direcci\u00f3n Alicante (A-31).<\/li>\n<\/ul>\n<p><a href=\"https:\/\/www.caudete.org\/ayuntamiento\/wp-content\/uploads\/2021\/03\/WhatsApp-Image-2021-03-22-at-12.12.42.jpeg\" rel='prettyPhoto'><img decoding=\"async\" class=\"aligncenter wp-image-13330 size-medium\" src=\"https:\/\/www.caudete.org\/ayuntamiento\/wp-content\/uploads\/2021\/03\/WhatsApp-Image-2021-03-22-at-12.12.42-300x159.jpeg\" alt=\"\" width=\"300\" height=\"159\" srcset=\"https:\/\/www.caudete.org\/ayuntamiento\/wp-content\/uploads\/2021\/03\/WhatsApp-Image-2021-03-22-at-12.12.42-300x159.jpeg 300w, https:\/\/www.caudete.org\/ayuntamiento\/wp-content\/uploads\/2021\/03\/WhatsApp-Image-2021-03-22-at-12.12.42-1024x542.jpeg 1024w, https:\/\/www.caudete.org\/ayuntamiento\/wp-content\/uploads\/2021\/03\/WhatsApp-Image-2021-03-22-at-12.12.42-768x407.jpeg 768w, https:\/\/www.caudete.org\/ayuntamiento\/wp-content\/uploads\/2021\/03\/WhatsApp-Image-2021-03-22-at-12.12.42-1536x813.jpeg 1536w, https:\/\/www.caudete.org\/ayuntamiento\/wp-content\/uploads\/2021\/03\/WhatsApp-Image-2021-03-22-at-12.12.42.jpeg 1600w\" sizes=\"(max-width: 300px) 100vw, 300px\" \/><\/a><\/p>\n<p><span style=\"text-decoration: underline;\"><strong>La entrada a CAUDETE desde ALBACETE, queda como sigue:<\/strong><\/span><\/p>\n<ul>\n<li>A-31, direcci\u00f3n Alicante, dejando Caudete al margen derecho.<\/li>\n<li>Salida 178 &#8220;Centro Penitenciario\/Fontanars del Alforins&#8221;<\/li>\n<li>Cambio de sentido, direcci\u00f3n Albacete (A-31).<\/li>\n<li>Salida 171 &#8220;Caudete\/Yecla\/La Font de la Figuera&#8221; (nos conduce a El Cruce, N-344).<\/li>\n<\/ul>\n","protected":false},"excerpt":{"rendered":"<p>El Concejal de Movilidad, Joaqu\u00edn Pag\u00e1n, informa que la empresa adjudicataria de las Obras de la A-33 (Valencia-Murcia) del tramo Fuente La Higuera, encargada de acometer el nudo de comunicaciones terrestres de &#8220;El Cruce&#8221; ha comunicado al Ayuntamiento una serie de desv\u00edos temporales, por una duraci\u00f3n de aproximadamente 1 mes. \u00a0 La salida CAUDETE-ALICANTE se &hellip;<\/p>\n","protected":false},"author":3,"featured_media":13330,"comment_status":"closed","ping_status":"open","sticky":false,"template":"","format":"standard","meta":{"ngg_post_thumbnail":0,"footnotes":""},"categories":[46],"tags":[250,251,405,253],"class_list":["post-13328","post","type-post","status-publish","format-standard","has-post-thumbnail","hentry","category-movilidad-urbana","tag-a31","tag-a33","tag-autovia","tag-obras-autovia"],"yoast_head":"<!-- This site is optimized with the Yoast SEO plugin v27.5 - https:\/\/yoast.com\/product\/yoast-seo-wordpress\/ -->\n<title>Nuevo desv\u00edo en EL CRUCE, por 1 mes de duraci\u00f3n - MI Ayuntamiento de Caudete<\/title>\n<meta name=\"description\" content=\"P\u00e1gina Oficial del Ayuntamiento de Caudete (Albacete)\" \/>\n<meta name=\"robots\" content=\"index, follow, max-snippet:-1, max-image-preview:large, max-video-preview:-1\" \/>\n<link rel=\"canonical\" href=\"https:\/\/www.caudete.org\/ayuntamiento\/nuevo-desvio-en-el-cruce-por-1-mes-de-duracion\/\" \/>\n<meta property=\"og:locale\" content=\"es_ES\" \/>\n<meta property=\"og:type\" content=\"article\" \/>\n<meta property=\"og:title\" content=\"Nuevo desv\u00edo en EL CRUCE, por 1 mes de duraci\u00f3n - MI Ayuntamiento de Caudete\" \/>\n<meta property=\"og:description\" content=\"P\u00e1gina Oficial del Ayuntamiento de Caudete (Albacete)\" \/>\n<meta property=\"og:url\" content=\"https:\/\/www.caudete.org\/ayuntamiento\/nuevo-desvio-en-el-cruce-por-1-mes-de-duracion\/\" \/>\n<meta property=\"og:site_name\" content=\"MI Ayuntamiento de Caudete\" \/>\n<meta property=\"article:publisher\" content=\"https:\/\/www.facebook.com\/ayuntamientocaudete\/\" \/>\n<meta property=\"article:published_time\" content=\"2021-03-22T16:41:36+00:00\" \/>\n<meta property=\"article:modified_time\" content=\"2021-03-22T19:28:10+00:00\" \/>\n<meta property=\"og:image\" content=\"https:\/\/www.caudete.org\/ayuntamiento\/wp-content\/uploads\/2021\/03\/WhatsApp-Image-2021-03-22-at-12.12.42.jpeg\" \/>\n\t<meta property=\"og:image:width\" content=\"1600\" \/>\n\t<meta property=\"og:image:height\" content=\"847\" \/>\n\t<meta property=\"og:image:type\" content=\"image\/jpeg\" \/>\n<meta name=\"author\" content=\"alcalde\" \/>\n<meta name=\"twitter:card\" content=\"summary_large_image\" \/>\n<meta name=\"twitter:label1\" content=\"Escrito por\" \/>\n\t<meta name=\"twitter:data1\" content=\"alcalde\" \/>\n\t<meta name=\"twitter:label2\" content=\"Tiempo de lectura\" \/>\n\t<meta name=\"twitter:data2\" content=\"1 minuto\" \/>\n<script type=\"application\/ld+json\" class=\"yoast-schema-graph\">{\"@context\":\"https:\\\/\\\/schema.org\",\"@graph\":[{\"@type\":\"Article\",\"@id\":\"https:\\\/\\\/www.caudete.org\\\/ayuntamiento\\\/nuevo-desvio-en-el-cruce-por-1-mes-de-duracion\\\/#article\",\"isPartOf\":{\"@id\":\"https:\\\/\\\/www.caudete.org\\\/ayuntamiento\\\/nuevo-desvio-en-el-cruce-por-1-mes-de-duracion\\\/\"},\"author\":{\"name\":\"alcalde\",\"@id\":\"https:\\\/\\\/www.caudete.org\\\/ayuntamiento\\\/#\\\/schema\\\/person\\\/cc646da9133078ee4d8dd47457947253\"},\"headline\":\"Nuevo desv\u00edo en EL CRUCE, por 1 mes de duraci\u00f3n\",\"datePublished\":\"2021-03-22T16:41:36+00:00\",\"dateModified\":\"2021-03-22T19:28:10+00:00\",\"mainEntityOfPage\":{\"@id\":\"https:\\\/\\\/www.caudete.org\\\/ayuntamiento\\\/nuevo-desvio-en-el-cruce-por-1-mes-de-duracion\\\/\"},\"wordCount\":137,\"image\":{\"@id\":\"https:\\\/\\\/www.caudete.org\\\/ayuntamiento\\\/nuevo-desvio-en-el-cruce-por-1-mes-de-duracion\\\/#primaryimage\"},\"thumbnailUrl\":\"https:\\\/\\\/www.caudete.org\\\/ayuntamiento\\\/wp-content\\\/uploads\\\/2021\\\/03\\\/WhatsApp-Image-2021-03-22-at-12.12.42.jpeg\",\"keywords\":[\"a31\",\"a33\",\"autovia\",\"obras autovia\"],\"articleSection\":[\"Movilidad Urbana\"],\"inLanguage\":\"es\"},{\"@type\":\"WebPage\",\"@id\":\"https:\\\/\\\/www.caudete.org\\\/ayuntamiento\\\/nuevo-desvio-en-el-cruce-por-1-mes-de-duracion\\\/\",\"url\":\"https:\\\/\\\/www.caudete.org\\\/ayuntamiento\\\/nuevo-desvio-en-el-cruce-por-1-mes-de-duracion\\\/\",\"name\":\"Nuevo desv\u00edo en EL CRUCE, por 1 mes de duraci\u00f3n - MI Ayuntamiento de Caudete\",\"isPartOf\":{\"@id\":\"https:\\\/\\\/www.caudete.org\\\/ayuntamiento\\\/#website\"},\"primaryImageOfPage\":{\"@id\":\"https:\\\/\\\/www.caudete.org\\\/ayuntamiento\\\/nuevo-desvio-en-el-cruce-por-1-mes-de-duracion\\\/#primaryimage\"},\"image\":{\"@id\":\"https:\\\/\\\/www.caudete.org\\\/ayuntamiento\\\/nuevo-desvio-en-el-cruce-por-1-mes-de-duracion\\\/#primaryimage\"},\"thumbnailUrl\":\"https:\\\/\\\/www.caudete.org\\\/ayuntamiento\\\/wp-content\\\/uploads\\\/2021\\\/03\\\/WhatsApp-Image-2021-03-22-at-12.12.42.jpeg\",\"datePublished\":\"2021-03-22T16:41:36+00:00\",\"dateModified\":\"2021-03-22T19:28:10+00:00\",\"author\":{\"@id\":\"https:\\\/\\\/www.caudete.org\\\/ayuntamiento\\\/#\\\/schema\\\/person\\\/cc646da9133078ee4d8dd47457947253\"},\"description\":\"P\u00e1gina Oficial del Ayuntamiento de Caudete (Albacete)\",\"breadcrumb\":{\"@id\":\"https:\\\/\\\/www.caudete.org\\\/ayuntamiento\\\/nuevo-desvio-en-el-cruce-por-1-mes-de-duracion\\\/#breadcrumb\"},\"inLanguage\":\"es\",\"potentialAction\":[{\"@type\":\"ReadAction\",\"target\":[\"https:\\\/\\\/www.caudete.org\\\/ayuntamiento\\\/nuevo-desvio-en-el-cruce-por-1-mes-de-duracion\\\/\"]}]},{\"@type\":\"ImageObject\",\"inLanguage\":\"es\",\"@id\":\"https:\\\/\\\/www.caudete.org\\\/ayuntamiento\\\/nuevo-desvio-en-el-cruce-por-1-mes-de-duracion\\\/#primaryimage\",\"url\":\"https:\\\/\\\/www.caudete.org\\\/ayuntamiento\\\/wp-content\\\/uploads\\\/2021\\\/03\\\/WhatsApp-Image-2021-03-22-at-12.12.42.jpeg\",\"contentUrl\":\"https:\\\/\\\/www.caudete.org\\\/ayuntamiento\\\/wp-content\\\/uploads\\\/2021\\\/03\\\/WhatsApp-Image-2021-03-22-at-12.12.42.jpeg\",\"width\":1600,\"height\":847},{\"@type\":\"BreadcrumbList\",\"@id\":\"https:\\\/\\\/www.caudete.org\\\/ayuntamiento\\\/nuevo-desvio-en-el-cruce-por-1-mes-de-duracion\\\/#breadcrumb\",\"itemListElement\":[{\"@type\":\"ListItem\",\"position\":1,\"name\":\"Inicio\",\"item\":\"https:\\\/\\\/www.caudete.org\\\/ayuntamiento\\\/\"},{\"@type\":\"ListItem\",\"position\":2,\"name\":\"Nuevo desv\u00edo en EL CRUCE, por 1 mes de duraci\u00f3n\"}]},{\"@type\":\"WebSite\",\"@id\":\"https:\\\/\\\/www.caudete.org\\\/ayuntamiento\\\/#website\",\"url\":\"https:\\\/\\\/www.caudete.org\\\/ayuntamiento\\\/\",\"name\":\"MI Ayuntamiento de Caudete\",\"description\":\"P\u00e1gina Oficial del MI Ayuntamiento de Caudete\",\"potentialAction\":[{\"@type\":\"SearchAction\",\"target\":{\"@type\":\"EntryPoint\",\"urlTemplate\":\"https:\\\/\\\/www.caudete.org\\\/ayuntamiento\\\/?s={search_term_string}\"},\"query-input\":{\"@type\":\"PropertyValueSpecification\",\"valueRequired\":true,\"valueName\":\"search_term_string\"}}],\"inLanguage\":\"es\"},{\"@type\":\"Person\",\"@id\":\"https:\\\/\\\/www.caudete.org\\\/ayuntamiento\\\/#\\\/schema\\\/person\\\/cc646da9133078ee4d8dd47457947253\",\"name\":\"alcalde\",\"image\":{\"@type\":\"ImageObject\",\"inLanguage\":\"es\",\"@id\":\"https:\\\/\\\/secure.gravatar.com\\\/avatar\\\/84a817ba065b29ff08d666b215a215f5c79186a645ccb25b14a663d48a130f77?s=96&d=mm&r=g\",\"url\":\"https:\\\/\\\/secure.gravatar.com\\\/avatar\\\/84a817ba065b29ff08d666b215a215f5c79186a645ccb25b14a663d48a130f77?s=96&d=mm&r=g\",\"contentUrl\":\"https:\\\/\\\/secure.gravatar.com\\\/avatar\\\/84a817ba065b29ff08d666b215a215f5c79186a645ccb25b14a663d48a130f77?s=96&d=mm&r=g\",\"caption\":\"alcalde\"},\"url\":\"https:\\\/\\\/www.caudete.org\\\/ayuntamiento\\\/author\\\/alcalde\\\/\"}]}<\/script>\n<!-- \/ Yoast SEO plugin. -->","yoast_head_json":{"title":"Nuevo desv\u00edo en EL CRUCE, por 1 mes de duraci\u00f3n - MI Ayuntamiento de Caudete","description":"P\u00e1gina Oficial del Ayuntamiento de Caudete (Albacete)","robots":{"index":"index","follow":"follow","max-snippet":"max-snippet:-1","max-image-preview":"max-image-preview:large","max-video-preview":"max-video-preview:-1"},"canonical":"https:\/\/www.caudete.org\/ayuntamiento\/nuevo-desvio-en-el-cruce-por-1-mes-de-duracion\/","og_locale":"es_ES","og_type":"article","og_title":"Nuevo desv\u00edo en EL CRUCE, por 1 mes de duraci\u00f3n - MI Ayuntamiento de Caudete","og_description":"P\u00e1gina Oficial del Ayuntamiento de Caudete (Albacete)","og_url":"https:\/\/www.caudete.org\/ayuntamiento\/nuevo-desvio-en-el-cruce-por-1-mes-de-duracion\/","og_site_name":"MI Ayuntamiento de Caudete","article_publisher":"https:\/\/www.facebook.com\/ayuntamientocaudete\/","article_published_time":"2021-03-22T16:41:36+00:00","article_modified_time":"2021-03-22T19:28:10+00:00","og_image":[{"width":1600,"height":847,"url":"https:\/\/www.caudete.org\/ayuntamiento\/wp-content\/uploads\/2021\/03\/WhatsApp-Image-2021-03-22-at-12.12.42.jpeg","type":"image\/jpeg"}],"author":"alcalde","twitter_card":"summary_large_image","twitter_misc":{"Escrito por":"alcalde","Tiempo de lectura":"1 minuto"},"schema":{"@context":"https:\/\/schema.org","@graph":[{"@type":"Article","@id":"https:\/\/www.caudete.org\/ayuntamiento\/nuevo-desvio-en-el-cruce-por-1-mes-de-duracion\/#article","isPartOf":{"@id":"https:\/\/www.caudete.org\/ayuntamiento\/nuevo-desvio-en-el-cruce-por-1-mes-de-duracion\/"},"author":{"name":"alcalde","@id":"https:\/\/www.caudete.org\/ayuntamiento\/#\/schema\/person\/cc646da9133078ee4d8dd47457947253"},"headline":"Nuevo desv\u00edo en EL CRUCE, por 1 mes de duraci\u00f3n","datePublished":"2021-03-22T16:41:36+00:00","dateModified":"2021-03-22T19:28:10+00:00","mainEntityOfPage":{"@id":"https:\/\/www.caudete.org\/ayuntamiento\/nuevo-desvio-en-el-cruce-por-1-mes-de-duracion\/"},"wordCount":137,"image":{"@id":"https:\/\/www.caudete.org\/ayuntamiento\/nuevo-desvio-en-el-cruce-por-1-mes-de-duracion\/#primaryimage"},"thumbnailUrl":"https:\/\/www.caudete.org\/ayuntamiento\/wp-content\/uploads\/2021\/03\/WhatsApp-Image-2021-03-22-at-12.12.42.jpeg","keywords":["a31","a33","autovia","obras autovia"],"articleSection":["Movilidad Urbana"],"inLanguage":"es"},{"@type":"WebPage","@id":"https:\/\/www.caudete.org\/ayuntamiento\/nuevo-desvio-en-el-cruce-por-1-mes-de-duracion\/","url":"https:\/\/www.caudete.org\/ayuntamiento\/nuevo-desvio-en-el-cruce-por-1-mes-de-duracion\/","name":"Nuevo desv\u00edo en EL CRUCE, por 1 mes de duraci\u00f3n - MI Ayuntamiento de Caudete","isPartOf":{"@id":"https:\/\/www.caudete.org\/ayuntamiento\/#website"},"primaryImageOfPage":{"@id":"https:\/\/www.caudete.org\/ayuntamiento\/nuevo-desvio-en-el-cruce-por-1-mes-de-duracion\/#primaryimage"},"image":{"@id":"https:\/\/www.caudete.org\/ayuntamiento\/nuevo-desvio-en-el-cruce-por-1-mes-de-duracion\/#primaryimage"},"thumbnailUrl":"https:\/\/www.caudete.org\/ayuntamiento\/wp-content\/uploads\/2021\/03\/WhatsApp-Image-2021-03-22-at-12.12.42.jpeg","datePublished":"2021-03-22T16:41:36+00:00","dateModified":"2021-03-22T19:28:10+00:00","author":{"@id":"https:\/\/www.caudete.org\/ayuntamiento\/#\/schema\/person\/cc646da9133078ee4d8dd47457947253"},"description":"P\u00e1gina Oficial del Ayuntamiento de Caudete (Albacete)","breadcrumb":{"@id":"https:\/\/www.caudete.org\/ayuntamiento\/nuevo-desvio-en-el-cruce-por-1-mes-de-duracion\/#breadcrumb"},"inLanguage":"es","potentialAction":[{"@type":"ReadAction","target":["https:\/\/www.caudete.org\/ayuntamiento\/nuevo-desvio-en-el-cruce-por-1-mes-de-duracion\/"]}]},{"@type":"ImageObject","inLanguage":"es","@id":"https:\/\/www.caudete.org\/ayuntamiento\/nuevo-desvio-en-el-cruce-por-1-mes-de-duracion\/#primaryimage","url":"https:\/\/www.caudete.org\/ayuntamiento\/wp-content\/uploads\/2021\/03\/WhatsApp-Image-2021-03-22-at-12.12.42.jpeg","contentUrl":"https:\/\/www.caudete.org\/ayuntamiento\/wp-content\/uploads\/2021\/03\/WhatsApp-Image-2021-03-22-at-12.12.42.jpeg","width":1600,"height":847},{"@type":"BreadcrumbList","@id":"https:\/\/www.caudete.org\/ayuntamiento\/nuevo-desvio-en-el-cruce-por-1-mes-de-duracion\/#breadcrumb","itemListElement":[{"@type":"ListItem","position":1,"name":"Inicio","item":"https:\/\/www.caudete.org\/ayuntamiento\/"},{"@type":"ListItem","position":2,"name":"Nuevo desv\u00edo en EL CRUCE, por 1 mes de duraci\u00f3n"}]},{"@type":"WebSite","@id":"https:\/\/www.caudete.org\/ayuntamiento\/#website","url":"https:\/\/www.caudete.org\/ayuntamiento\/","name":"MI Ayuntamiento de Caudete","description":"P\u00e1gina Oficial del MI Ayuntamiento de Caudete","potentialAction":[{"@type":"SearchAction","target":{"@type":"EntryPoint","urlTemplate":"https:\/\/www.caudete.org\/ayuntamiento\/?s={search_term_string}"},"query-input":{"@type":"PropertyValueSpecification","valueRequired":true,"valueName":"search_term_string"}}],"inLanguage":"es"},{"@type":"Person","@id":"https:\/\/www.caudete.org\/ayuntamiento\/#\/schema\/person\/cc646da9133078ee4d8dd47457947253","name":"alcalde","image":{"@type":"ImageObject","inLanguage":"es","@id":"https:\/\/secure.gravatar.com\/avatar\/84a817ba065b29ff08d666b215a215f5c79186a645ccb25b14a663d48a130f77?s=96&d=mm&r=g","url":"https:\/\/secure.gravatar.com\/avatar\/84a817ba065b29ff08d666b215a215f5c79186a645ccb25b14a663d48a130f77?s=96&d=mm&r=g","contentUrl":"https:\/\/secure.gravatar.com\/avatar\/84a817ba065b29ff08d666b215a215f5c79186a645ccb25b14a663d48a130f77?s=96&d=mm&r=g","caption":"alcalde"},"url":"https:\/\/www.caudete.org\/ayuntamiento\/author\/alcalde\/"}]}},"_links":{"self":[{"href":"https:\/\/www.caudete.org\/ayuntamiento\/wp-json\/wp\/v2\/posts\/13328","targetHints":{"allow":["GET"]}}],"collection":[{"href":"https:\/\/www.caudete.org\/ayuntamiento\/wp-json\/wp\/v2\/posts"}],"about":[{"href":"https:\/\/www.caudete.org\/ayuntamiento\/wp-json\/wp\/v2\/types\/post"}],"author":[{"embeddable":true,"href":"https:\/\/www.caudete.org\/ayuntamiento\/wp-json\/wp\/v2\/users\/3"}],"replies":[{"embeddable":true,"href":"https:\/\/www.caudete.org\/ayuntamiento\/wp-json\/wp\/v2\/comments?post=13328"}],"version-history":[{"count":2,"href":"https:\/\/www.caudete.org\/ayuntamiento\/wp-json\/wp\/v2\/posts\/13328\/revisions"}],"predecessor-version":[{"id":13332,"href":"https:\/\/www.caudete.org\/ayuntamiento\/wp-json\/wp\/v2\/posts\/13328\/revisions\/13332"}],"wp:featuredmedia":[{"embeddable":true,"href":"https:\/\/www.caudete.org\/ayuntamiento\/wp-json\/wp\/v2\/media\/13330"}],"wp:attachment":[{"href":"https:\/\/www.caudete.org\/ayuntamiento\/wp-json\/wp\/v2\/media?parent=13328"}],"wp:term":[{"taxonomy":"category","embeddable":true,"href":"https:\/\/www.caudete.org\/ayuntamiento\/wp-json\/wp\/v2\/categories?post=13328"},{"taxonomy":"post_tag","embeddable":true,"href":"https:\/\/www.caudete.org\/ayuntamiento\/wp-json\/wp\/v2\/tags?post=13328"}],"curies":[{"name":"wp","href":"https:\/\/api.w.org\/{rel}","templated":true}]}}