{"id":13390,"date":"2021-03-24T16:47:10","date_gmt":"2021-03-24T15:47:10","guid":{"rendered":"https:\/\/www.caudete.org\/ayuntamiento\/?p=13390"},"modified":"2021-03-24T20:46:15","modified_gmt":"2021-03-24T19:46:15","slug":"el-ayuntamiento-de-caudete-ha-obtenido-la-acreditacion-erasmus-en-los-sectores-de-formacion-profesional-y-educacion-de-adultos","status":"publish","type":"post","link":"https:\/\/www.caudete.org\/ayuntamiento\/el-ayuntamiento-de-caudete-ha-obtenido-la-acreditacion-erasmus-en-los-sectores-de-formacion-profesional-y-educacion-de-adultos\/","title":{"rendered":"La Comisi\u00f3n Europea otorga a Caudete la ACREDITACI\u00d3N ERASMUS en FP y E. Adultos."},"content":{"rendered":"<p style=\"text-align: justify;\">M\u00aa del Mar Requena, Concejal de Empleo y Formaci\u00f3n, ha dado a conocer la acreditaci\u00f3n que el Ayuntamiento de Caudete ha obtenido para Erasmus en los sectores de Formaci\u00f3n Profesional y Educaci\u00f3n de Adultos. La solicitud obten\u00eda el visto bueno de la Junta de Gobierno Local hace unos meses, tras el trabajo llevado a cabo por el Departamento de Desarrollo Local del Consistorio.<\/p>\n<p style=\"text-align: justify;\">Mediante la \u00a0concesi\u00f3n \u00a0de \u00a0esta Acreditaci\u00f3n \u00a0Erasmus,\u00a0 la Comisi\u00f3n Europea confirma que el Ayuntamiento de Caudete ha establecido un \u201c<em>Plan Erasmus<\/em>\u201d para llevar a cabo actividades de movilidad de alta calidad en el marco de una iniciativa m\u00e1s amplia de desarrollo de su organizaci\u00f3n.<\/p>\n<p style=\"text-align: justify;\">La Edil mostraba &#8220;<em>la satisfacci\u00f3n del Equipo de Gobierno por el trabajo bien hecho desde el Departamento de Desarrollo Local, y por los frutos que est\u00e1 dando el impulso que este Gobierno Municipal est\u00e1 demostrando por el Erasmus y los beneficios que reporta a la sociedad<\/em>&#8220;, donde adem\u00e1s pone de manifiesto &#8220;<em>que Caudete es pionero en estas pol\u00edticas de movilidad Europeas, siendo el \u00fanico Ayuntamiento de la provincia en obtener esta alta calificaci\u00f3n de la Comisi\u00f3n Europea, se\u00f1a de calidad, seriedad y esfuerzo<\/em>&#8220;.<\/p>\n<p style=\"text-align: justify;\">En el sector de FP, la Acreditaci\u00f3n es en la modalidad de Consorcio, junto con<strong> IES Pintor Rafael Requena, Centro de Formaci\u00f3n Albertina y Meser Center Formaci\u00f3n.<\/strong><\/p>\n<p style=\"text-align: justify;\">En el sector de Educaci\u00f3n de Adultos, la Acreditaci\u00f3n es individual para los centros que imparten educaci\u00f3n no formal de adultos:<strong> Universidad Popular, Biblioteca Municipal y Escuela Municipal de M\u00fasica y Danza.<\/strong><\/p>\n<p style=\"text-align: justify;\">El \u00a0objetivo \u00a0principal \u00a0de \u00a0las\u00a0 Acreditaciones \u00a0Erasmus \u00a0es \u00a0reforzar \u00a0la \u00a0dimensi\u00f3n \u00a0europea \u00a0de \u00a0la ense\u00f1anza y el aprendizaje, mejorar la calidad de la ense\u00f1anza y el aprendizaje, fomentar los valores comunes europeos, promoviendo el conocimiento sobre el patrimonio europeo compartido y la riqueza de la diversidad, y contribuir a la creaci\u00f3n del Espacio Europeo de Educaci\u00f3n.<\/p>\n<p style=\"text-align: justify;\">En este contexto, uno de los principales beneficios para las organizaciones que hayan obtenido la Acreditaci\u00f3n Erasmus es que obtendr\u00e1n acceso simplificado a las oportunidades de financiaci\u00f3n de la Acci\u00f3n Clave 1 en su \u00e1mbito durante el per\u00edodo de validez de la acreditaci\u00f3n (2021-2027), lo que supone una mayor facilidad y agilidad en su tramitaci\u00f3n y resoluci\u00f3n.<\/p>\n<p style=\"text-align: justify;\"><strong>Enlace a nota de prensa de la Agencia Nacional Erasmus+ Espa\u00f1a Educaci\u00f3n Formaci\u00f3n <\/strong>(Servicio Espa\u00f1ol para la Internacionalizaci\u00f3n de la Educaci\u00f3n\/SEPIE)<\/p>\n<p style=\"text-align: justify;\"><a href=\"http:\/\/sepie.es\/doc\/comunicacion\/prensa\/2021\/NdP_KA120.pdf\" class=\"mtli_attachment mtli_pdf\" target=\"_blank\" rel=\"nofollow\">http:\/\/sepie.es\/doc\/comunicacion\/prensa\/2021\/NdP_KA120.pdf<\/a><\/p>\n<p style=\"text-align: justify;\"><a href=\"https:\/\/www.caudete.org\/ayuntamiento\/wp-content\/uploads\/2021\/03\/KA120_subvenciones_2020.pdf\" class=\"mtli_attachment mtli_pdf\">https:\/\/www.caudete.org\/ayuntamiento\/wp-content\/uploads\/2021\/03\/KA120_subvenciones_2020.pdf\u00a0<\/a><\/p>\n<p style=\"text-align: justify;\"><a href=\"https:\/\/www.caudete.org\/ayuntamiento\/wp-content\/uploads\/2021\/03\/KA120_subvenciones_2020_001-scaled.jpg\" rel='prettyPhoto'><img decoding=\"async\" class=\"aligncenter wp-image-13388 size-medium\" src=\"https:\/\/www.caudete.org\/ayuntamiento\/wp-content\/uploads\/2021\/03\/KA120_subvenciones_2020_001-68x300.jpg\" alt=\"\" width=\"68\" height=\"300\" srcset=\"https:\/\/www.caudete.org\/ayuntamiento\/wp-content\/uploads\/2021\/03\/KA120_subvenciones_2020_001-68x300.jpg 68w, https:\/\/www.caudete.org\/ayuntamiento\/wp-content\/uploads\/2021\/03\/KA120_subvenciones_2020_001-232x1024.jpg 232w, https:\/\/www.caudete.org\/ayuntamiento\/wp-content\/uploads\/2021\/03\/KA120_subvenciones_2020_001-768x3384.jpg 768w, https:\/\/www.caudete.org\/ayuntamiento\/wp-content\/uploads\/2021\/03\/KA120_subvenciones_2020_001-349x1536.jpg 349w, https:\/\/www.caudete.org\/ayuntamiento\/wp-content\/uploads\/2021\/03\/KA120_subvenciones_2020_001-465x2048.jpg 465w, https:\/\/www.caudete.org\/ayuntamiento\/wp-content\/uploads\/2021\/03\/KA120_subvenciones_2020_001-scaled.jpg 581w\" sizes=\"(max-width: 68px) 100vw, 68px\" \/><\/a><\/p>\n","protected":false},"excerpt":{"rendered":"<p>M\u00aa del Mar Requena, Concejal de Empleo y Formaci\u00f3n, ha dado a conocer la acreditaci\u00f3n que el Ayuntamiento de Caudete ha obtenido para Erasmus en los sectores de Formaci\u00f3n Profesional y Educaci\u00f3n de Adultos. La solicitud obten\u00eda el visto bueno de la Junta de Gobierno Local hace unos meses, tras el trabajo llevado a cabo &hellip;<\/p>\n","protected":false},"author":2,"featured_media":13392,"comment_status":"closed","ping_status":"open","sticky":false,"template":"","format":"standard","meta":{"ngg_post_thumbnail":0,"footnotes":""},"categories":[37],"tags":[561,559,560],"class_list":["post-13390","post","type-post","status-publish","format-standard","has-post-thumbnail","hentry","category-empleo-y-formacion","tag-educacion-adultos","tag-erasmus","tag-formacion-profesional"],"yoast_head":"<!-- This site is optimized with the Yoast SEO plugin v27.4 - https:\/\/yoast.com\/product\/yoast-seo-wordpress\/ -->\n<title>La Comisi\u00f3n Europea otorga a Caudete la ACREDITACI\u00d3N ERASMUS en FP y E. Adultos. - MI Ayuntamiento de Caudete<\/title>\n<meta name=\"description\" content=\"P\u00e1gina Oficial del Ayuntamiento de Caudete (Albacete)\" \/>\n<meta name=\"robots\" content=\"index, follow, max-snippet:-1, max-image-preview:large, max-video-preview:-1\" \/>\n<link rel=\"canonical\" href=\"https:\/\/www.caudete.org\/ayuntamiento\/el-ayuntamiento-de-caudete-ha-obtenido-la-acreditacion-erasmus-en-los-sectores-de-formacion-profesional-y-educacion-de-adultos\/\" \/>\n<meta property=\"og:locale\" content=\"es_ES\" \/>\n<meta property=\"og:type\" content=\"article\" \/>\n<meta property=\"og:title\" content=\"La Comisi\u00f3n Europea otorga a Caudete la ACREDITACI\u00d3N ERASMUS en FP y E. Adultos. - MI Ayuntamiento de Caudete\" \/>\n<meta property=\"og:description\" content=\"P\u00e1gina Oficial del Ayuntamiento de Caudete (Albacete)\" \/>\n<meta property=\"og:url\" content=\"https:\/\/www.caudete.org\/ayuntamiento\/el-ayuntamiento-de-caudete-ha-obtenido-la-acreditacion-erasmus-en-los-sectores-de-formacion-profesional-y-educacion-de-adultos\/\" \/>\n<meta property=\"og:site_name\" content=\"MI Ayuntamiento de Caudete\" \/>\n<meta property=\"article:publisher\" content=\"https:\/\/www.facebook.com\/ayuntamientocaudete\/\" \/>\n<meta property=\"article:published_time\" content=\"2021-03-24T15:47:10+00:00\" \/>\n<meta property=\"article:modified_time\" content=\"2021-03-24T19:46:15+00:00\" \/>\n<meta property=\"og:image\" content=\"https:\/\/www.caudete.org\/ayuntamiento\/wp-content\/uploads\/2021\/03\/ERASMUS-KA120-HORIZONTAL.jpg\" \/>\n\t<meta property=\"og:image:width\" content=\"1920\" \/>\n\t<meta property=\"og:image:height\" content=\"958\" \/>\n\t<meta property=\"og:image:type\" content=\"image\/jpeg\" \/>\n<meta name=\"author\" content=\"Juan\" \/>\n<meta name=\"twitter:card\" content=\"summary_large_image\" \/>\n<meta name=\"twitter:label1\" content=\"Escrito por\" \/>\n\t<meta name=\"twitter:data1\" content=\"Juan\" \/>\n\t<meta name=\"twitter:label2\" content=\"Tiempo de lectura\" \/>\n\t<meta name=\"twitter:data2\" content=\"2 minutos\" \/>\n<script type=\"application\/ld+json\" class=\"yoast-schema-graph\">{\"@context\":\"https:\\\/\\\/schema.org\",\"@graph\":[{\"@type\":\"Article\",\"@id\":\"https:\\\/\\\/www.caudete.org\\\/ayuntamiento\\\/el-ayuntamiento-de-caudete-ha-obtenido-la-acreditacion-erasmus-en-los-sectores-de-formacion-profesional-y-educacion-de-adultos\\\/#article\",\"isPartOf\":{\"@id\":\"https:\\\/\\\/www.caudete.org\\\/ayuntamiento\\\/el-ayuntamiento-de-caudete-ha-obtenido-la-acreditacion-erasmus-en-los-sectores-de-formacion-profesional-y-educacion-de-adultos\\\/\"},\"author\":{\"name\":\"Juan\",\"@id\":\"https:\\\/\\\/www.caudete.org\\\/ayuntamiento\\\/#\\\/schema\\\/person\\\/7656a5bb58fca95b9814e940de0fda63\"},\"headline\":\"La Comisi\u00f3n Europea otorga a Caudete la ACREDITACI\u00d3N ERASMUS en FP y E. Adultos.\",\"datePublished\":\"2021-03-24T15:47:10+00:00\",\"dateModified\":\"2021-03-24T19:46:15+00:00\",\"mainEntityOfPage\":{\"@id\":\"https:\\\/\\\/www.caudete.org\\\/ayuntamiento\\\/el-ayuntamiento-de-caudete-ha-obtenido-la-acreditacion-erasmus-en-los-sectores-de-formacion-profesional-y-educacion-de-adultos\\\/\"},\"wordCount\":460,\"publisher\":{\"@id\":\"https:\\\/\\\/www.caudete.org\\\/ayuntamiento\\\/#organization\"},\"image\":{\"@id\":\"https:\\\/\\\/www.caudete.org\\\/ayuntamiento\\\/el-ayuntamiento-de-caudete-ha-obtenido-la-acreditacion-erasmus-en-los-sectores-de-formacion-profesional-y-educacion-de-adultos\\\/#primaryimage\"},\"thumbnailUrl\":\"https:\\\/\\\/www.caudete.org\\\/ayuntamiento\\\/wp-content\\\/uploads\\\/2021\\\/03\\\/ERASMUS-KA120-HORIZONTAL.jpg\",\"keywords\":[\"Educaci\u00f3n adultos\",\"Erasmus\",\"Formacion Profesional\"],\"articleSection\":[\"Empleo y Formaci\u00f3n\"],\"inLanguage\":\"es\"},{\"@type\":\"WebPage\",\"@id\":\"https:\\\/\\\/www.caudete.org\\\/ayuntamiento\\\/el-ayuntamiento-de-caudete-ha-obtenido-la-acreditacion-erasmus-en-los-sectores-de-formacion-profesional-y-educacion-de-adultos\\\/\",\"url\":\"https:\\\/\\\/www.caudete.org\\\/ayuntamiento\\\/el-ayuntamiento-de-caudete-ha-obtenido-la-acreditacion-erasmus-en-los-sectores-de-formacion-profesional-y-educacion-de-adultos\\\/\",\"name\":\"La Comisi\u00f3n Europea otorga a Caudete la ACREDITACI\u00d3N ERASMUS en FP y E. Adultos. - MI Ayuntamiento de Caudete\",\"isPartOf\":{\"@id\":\"https:\\\/\\\/www.caudete.org\\\/ayuntamiento\\\/#website\"},\"primaryImageOfPage\":{\"@id\":\"https:\\\/\\\/www.caudete.org\\\/ayuntamiento\\\/el-ayuntamiento-de-caudete-ha-obtenido-la-acreditacion-erasmus-en-los-sectores-de-formacion-profesional-y-educacion-de-adultos\\\/#primaryimage\"},\"image\":{\"@id\":\"https:\\\/\\\/www.caudete.org\\\/ayuntamiento\\\/el-ayuntamiento-de-caudete-ha-obtenido-la-acreditacion-erasmus-en-los-sectores-de-formacion-profesional-y-educacion-de-adultos\\\/#primaryimage\"},\"thumbnailUrl\":\"https:\\\/\\\/www.caudete.org\\\/ayuntamiento\\\/wp-content\\\/uploads\\\/2021\\\/03\\\/ERASMUS-KA120-HORIZONTAL.jpg\",\"datePublished\":\"2021-03-24T15:47:10+00:00\",\"dateModified\":\"2021-03-24T19:46:15+00:00\",\"description\":\"P\u00e1gina Oficial del Ayuntamiento de Caudete (Albacete)\",\"breadcrumb\":{\"@id\":\"https:\\\/\\\/www.caudete.org\\\/ayuntamiento\\\/el-ayuntamiento-de-caudete-ha-obtenido-la-acreditacion-erasmus-en-los-sectores-de-formacion-profesional-y-educacion-de-adultos\\\/#breadcrumb\"},\"inLanguage\":\"es\",\"potentialAction\":[{\"@type\":\"ReadAction\",\"target\":[\"https:\\\/\\\/www.caudete.org\\\/ayuntamiento\\\/el-ayuntamiento-de-caudete-ha-obtenido-la-acreditacion-erasmus-en-los-sectores-de-formacion-profesional-y-educacion-de-adultos\\\/\"]}]},{\"@type\":\"ImageObject\",\"inLanguage\":\"es\",\"@id\":\"https:\\\/\\\/www.caudete.org\\\/ayuntamiento\\\/el-ayuntamiento-de-caudete-ha-obtenido-la-acreditacion-erasmus-en-los-sectores-de-formacion-profesional-y-educacion-de-adultos\\\/#primaryimage\",\"url\":\"https:\\\/\\\/www.caudete.org\\\/ayuntamiento\\\/wp-content\\\/uploads\\\/2021\\\/03\\\/ERASMUS-KA120-HORIZONTAL.jpg\",\"contentUrl\":\"https:\\\/\\\/www.caudete.org\\\/ayuntamiento\\\/wp-content\\\/uploads\\\/2021\\\/03\\\/ERASMUS-KA120-HORIZONTAL.jpg\",\"width\":1920,\"height\":958},{\"@type\":\"BreadcrumbList\",\"@id\":\"https:\\\/\\\/www.caudete.org\\\/ayuntamiento\\\/el-ayuntamiento-de-caudete-ha-obtenido-la-acreditacion-erasmus-en-los-sectores-de-formacion-profesional-y-educacion-de-adultos\\\/#breadcrumb\",\"itemListElement\":[{\"@type\":\"ListItem\",\"position\":1,\"name\":\"Inicio\",\"item\":\"https:\\\/\\\/www.caudete.org\\\/ayuntamiento\\\/\"},{\"@type\":\"ListItem\",\"position\":2,\"name\":\"La Comisi\u00f3n Europea otorga a Caudete la ACREDITACI\u00d3N ERASMUS en FP y E. Adultos.\"}]},{\"@type\":\"WebSite\",\"@id\":\"https:\\\/\\\/www.caudete.org\\\/ayuntamiento\\\/#website\",\"url\":\"https:\\\/\\\/www.caudete.org\\\/ayuntamiento\\\/\",\"name\":\"MI Ayuntamiento de Caudete\",\"description\":\"P\u00e1gina Oficial del MI Ayuntamiento de Caudete\",\"publisher\":{\"@id\":\"https:\\\/\\\/www.caudete.org\\\/ayuntamiento\\\/#organization\"},\"potentialAction\":[{\"@type\":\"SearchAction\",\"target\":{\"@type\":\"EntryPoint\",\"urlTemplate\":\"https:\\\/\\\/www.caudete.org\\\/ayuntamiento\\\/?s={search_term_string}\"},\"query-input\":{\"@type\":\"PropertyValueSpecification\",\"valueRequired\":true,\"valueName\":\"search_term_string\"}}],\"inLanguage\":\"es\"},{\"@type\":\"Organization\",\"@id\":\"https:\\\/\\\/www.caudete.org\\\/ayuntamiento\\\/#organization\",\"name\":\"Ayuntamiento de Caudete\",\"url\":\"https:\\\/\\\/www.caudete.org\\\/ayuntamiento\\\/\",\"logo\":{\"@type\":\"ImageObject\",\"inLanguage\":\"es\",\"@id\":\"https:\\\/\\\/www.caudete.org\\\/ayuntamiento\\\/#\\\/schema\\\/logo\\\/image\\\/\",\"url\":\"https:\\\/\\\/www.caudete.org\\\/ayuntamiento\\\/wp-content\\\/uploads\\\/2020\\\/11\\\/logo_ayuntamiento_caudete.jpg\",\"contentUrl\":\"https:\\\/\\\/www.caudete.org\\\/ayuntamiento\\\/wp-content\\\/uploads\\\/2020\\\/11\\\/logo_ayuntamiento_caudete.jpg\",\"width\":600,\"height\":150,\"caption\":\"Ayuntamiento de Caudete\"},\"image\":{\"@id\":\"https:\\\/\\\/www.caudete.org\\\/ayuntamiento\\\/#\\\/schema\\\/logo\\\/image\\\/\"},\"sameAs\":[\"https:\\\/\\\/www.facebook.com\\\/ayuntamientocaudete\\\/\",\"https:\\\/\\\/www.youtube.com\\\/channel\\\/UC6VztHaooNsGpw-tNoBEFnQ\"]},{\"@type\":\"Person\",\"@id\":\"https:\\\/\\\/www.caudete.org\\\/ayuntamiento\\\/#\\\/schema\\\/person\\\/7656a5bb58fca95b9814e940de0fda63\",\"name\":\"Juan\",\"image\":{\"@type\":\"ImageObject\",\"inLanguage\":\"es\",\"@id\":\"https:\\\/\\\/secure.gravatar.com\\\/avatar\\\/dd53e51c0cd6ab23f52d4f3e4f1c59730240727763de3dbbf26750b079a2c292?s=96&d=mm&r=g\",\"url\":\"https:\\\/\\\/secure.gravatar.com\\\/avatar\\\/dd53e51c0cd6ab23f52d4f3e4f1c59730240727763de3dbbf26750b079a2c292?s=96&d=mm&r=g\",\"contentUrl\":\"https:\\\/\\\/secure.gravatar.com\\\/avatar\\\/dd53e51c0cd6ab23f52d4f3e4f1c59730240727763de3dbbf26750b079a2c292?s=96&d=mm&r=g\",\"caption\":\"Juan\"},\"url\":\"https:\\\/\\\/www.caudete.org\\\/ayuntamiento\\\/author\\\/centrodeinternet\\\/\"}]}<\/script>\n<!-- \/ Yoast SEO plugin. -->","yoast_head_json":{"title":"La Comisi\u00f3n Europea otorga a Caudete la ACREDITACI\u00d3N ERASMUS en FP y E. Adultos. - MI Ayuntamiento de Caudete","description":"P\u00e1gina Oficial del Ayuntamiento de Caudete (Albacete)","robots":{"index":"index","follow":"follow","max-snippet":"max-snippet:-1","max-image-preview":"max-image-preview:large","max-video-preview":"max-video-preview:-1"},"canonical":"https:\/\/www.caudete.org\/ayuntamiento\/el-ayuntamiento-de-caudete-ha-obtenido-la-acreditacion-erasmus-en-los-sectores-de-formacion-profesional-y-educacion-de-adultos\/","og_locale":"es_ES","og_type":"article","og_title":"La Comisi\u00f3n Europea otorga a Caudete la ACREDITACI\u00d3N ERASMUS en FP y E. Adultos. - MI Ayuntamiento de Caudete","og_description":"P\u00e1gina Oficial del Ayuntamiento de Caudete (Albacete)","og_url":"https:\/\/www.caudete.org\/ayuntamiento\/el-ayuntamiento-de-caudete-ha-obtenido-la-acreditacion-erasmus-en-los-sectores-de-formacion-profesional-y-educacion-de-adultos\/","og_site_name":"MI Ayuntamiento de Caudete","article_publisher":"https:\/\/www.facebook.com\/ayuntamientocaudete\/","article_published_time":"2021-03-24T15:47:10+00:00","article_modified_time":"2021-03-24T19:46:15+00:00","og_image":[{"width":1920,"height":958,"url":"https:\/\/www.caudete.org\/ayuntamiento\/wp-content\/uploads\/2021\/03\/ERASMUS-KA120-HORIZONTAL.jpg","type":"image\/jpeg"}],"author":"Juan","twitter_card":"summary_large_image","twitter_misc":{"Escrito por":"Juan","Tiempo de lectura":"2 minutos"},"schema":{"@context":"https:\/\/schema.org","@graph":[{"@type":"Article","@id":"https:\/\/www.caudete.org\/ayuntamiento\/el-ayuntamiento-de-caudete-ha-obtenido-la-acreditacion-erasmus-en-los-sectores-de-formacion-profesional-y-educacion-de-adultos\/#article","isPartOf":{"@id":"https:\/\/www.caudete.org\/ayuntamiento\/el-ayuntamiento-de-caudete-ha-obtenido-la-acreditacion-erasmus-en-los-sectores-de-formacion-profesional-y-educacion-de-adultos\/"},"author":{"name":"Juan","@id":"https:\/\/www.caudete.org\/ayuntamiento\/#\/schema\/person\/7656a5bb58fca95b9814e940de0fda63"},"headline":"La Comisi\u00f3n Europea otorga a Caudete la ACREDITACI\u00d3N ERASMUS en FP y E. Adultos.","datePublished":"2021-03-24T15:47:10+00:00","dateModified":"2021-03-24T19:46:15+00:00","mainEntityOfPage":{"@id":"https:\/\/www.caudete.org\/ayuntamiento\/el-ayuntamiento-de-caudete-ha-obtenido-la-acreditacion-erasmus-en-los-sectores-de-formacion-profesional-y-educacion-de-adultos\/"},"wordCount":460,"publisher":{"@id":"https:\/\/www.caudete.org\/ayuntamiento\/#organization"},"image":{"@id":"https:\/\/www.caudete.org\/ayuntamiento\/el-ayuntamiento-de-caudete-ha-obtenido-la-acreditacion-erasmus-en-los-sectores-de-formacion-profesional-y-educacion-de-adultos\/#primaryimage"},"thumbnailUrl":"https:\/\/www.caudete.org\/ayuntamiento\/wp-content\/uploads\/2021\/03\/ERASMUS-KA120-HORIZONTAL.jpg","keywords":["Educaci\u00f3n adultos","Erasmus","Formacion Profesional"],"articleSection":["Empleo y Formaci\u00f3n"],"inLanguage":"es"},{"@type":"WebPage","@id":"https:\/\/www.caudete.org\/ayuntamiento\/el-ayuntamiento-de-caudete-ha-obtenido-la-acreditacion-erasmus-en-los-sectores-de-formacion-profesional-y-educacion-de-adultos\/","url":"https:\/\/www.caudete.org\/ayuntamiento\/el-ayuntamiento-de-caudete-ha-obtenido-la-acreditacion-erasmus-en-los-sectores-de-formacion-profesional-y-educacion-de-adultos\/","name":"La Comisi\u00f3n Europea otorga a Caudete la ACREDITACI\u00d3N ERASMUS en FP y E. Adultos. - MI Ayuntamiento de Caudete","isPartOf":{"@id":"https:\/\/www.caudete.org\/ayuntamiento\/#website"},"primaryImageOfPage":{"@id":"https:\/\/www.caudete.org\/ayuntamiento\/el-ayuntamiento-de-caudete-ha-obtenido-la-acreditacion-erasmus-en-los-sectores-de-formacion-profesional-y-educacion-de-adultos\/#primaryimage"},"image":{"@id":"https:\/\/www.caudete.org\/ayuntamiento\/el-ayuntamiento-de-caudete-ha-obtenido-la-acreditacion-erasmus-en-los-sectores-de-formacion-profesional-y-educacion-de-adultos\/#primaryimage"},"thumbnailUrl":"https:\/\/www.caudete.org\/ayuntamiento\/wp-content\/uploads\/2021\/03\/ERASMUS-KA120-HORIZONTAL.jpg","datePublished":"2021-03-24T15:47:10+00:00","dateModified":"2021-03-24T19:46:15+00:00","description":"P\u00e1gina Oficial del Ayuntamiento de Caudete (Albacete)","breadcrumb":{"@id":"https:\/\/www.caudete.org\/ayuntamiento\/el-ayuntamiento-de-caudete-ha-obtenido-la-acreditacion-erasmus-en-los-sectores-de-formacion-profesional-y-educacion-de-adultos\/#breadcrumb"},"inLanguage":"es","potentialAction":[{"@type":"ReadAction","target":["https:\/\/www.caudete.org\/ayuntamiento\/el-ayuntamiento-de-caudete-ha-obtenido-la-acreditacion-erasmus-en-los-sectores-de-formacion-profesional-y-educacion-de-adultos\/"]}]},{"@type":"ImageObject","inLanguage":"es","@id":"https:\/\/www.caudete.org\/ayuntamiento\/el-ayuntamiento-de-caudete-ha-obtenido-la-acreditacion-erasmus-en-los-sectores-de-formacion-profesional-y-educacion-de-adultos\/#primaryimage","url":"https:\/\/www.caudete.org\/ayuntamiento\/wp-content\/uploads\/2021\/03\/ERASMUS-KA120-HORIZONTAL.jpg","contentUrl":"https:\/\/www.caudete.org\/ayuntamiento\/wp-content\/uploads\/2021\/03\/ERASMUS-KA120-HORIZONTAL.jpg","width":1920,"height":958},{"@type":"BreadcrumbList","@id":"https:\/\/www.caudete.org\/ayuntamiento\/el-ayuntamiento-de-caudete-ha-obtenido-la-acreditacion-erasmus-en-los-sectores-de-formacion-profesional-y-educacion-de-adultos\/#breadcrumb","itemListElement":[{"@type":"ListItem","position":1,"name":"Inicio","item":"https:\/\/www.caudete.org\/ayuntamiento\/"},{"@type":"ListItem","position":2,"name":"La Comisi\u00f3n Europea otorga a Caudete la ACREDITACI\u00d3N ERASMUS en FP y E. Adultos."}]},{"@type":"WebSite","@id":"https:\/\/www.caudete.org\/ayuntamiento\/#website","url":"https:\/\/www.caudete.org\/ayuntamiento\/","name":"MI Ayuntamiento de Caudete","description":"P\u00e1gina Oficial del MI Ayuntamiento de Caudete","publisher":{"@id":"https:\/\/www.caudete.org\/ayuntamiento\/#organization"},"potentialAction":[{"@type":"SearchAction","target":{"@type":"EntryPoint","urlTemplate":"https:\/\/www.caudete.org\/ayuntamiento\/?s={search_term_string}"},"query-input":{"@type":"PropertyValueSpecification","valueRequired":true,"valueName":"search_term_string"}}],"inLanguage":"es"},{"@type":"Organization","@id":"https:\/\/www.caudete.org\/ayuntamiento\/#organization","name":"Ayuntamiento de Caudete","url":"https:\/\/www.caudete.org\/ayuntamiento\/","logo":{"@type":"ImageObject","inLanguage":"es","@id":"https:\/\/www.caudete.org\/ayuntamiento\/#\/schema\/logo\/image\/","url":"https:\/\/www.caudete.org\/ayuntamiento\/wp-content\/uploads\/2020\/11\/logo_ayuntamiento_caudete.jpg","contentUrl":"https:\/\/www.caudete.org\/ayuntamiento\/wp-content\/uploads\/2020\/11\/logo_ayuntamiento_caudete.jpg","width":600,"height":150,"caption":"Ayuntamiento de Caudete"},"image":{"@id":"https:\/\/www.caudete.org\/ayuntamiento\/#\/schema\/logo\/image\/"},"sameAs":["https:\/\/www.facebook.com\/ayuntamientocaudete\/","https:\/\/www.youtube.com\/channel\/UC6VztHaooNsGpw-tNoBEFnQ"]},{"@type":"Person","@id":"https:\/\/www.caudete.org\/ayuntamiento\/#\/schema\/person\/7656a5bb58fca95b9814e940de0fda63","name":"Juan","image":{"@type":"ImageObject","inLanguage":"es","@id":"https:\/\/secure.gravatar.com\/avatar\/dd53e51c0cd6ab23f52d4f3e4f1c59730240727763de3dbbf26750b079a2c292?s=96&d=mm&r=g","url":"https:\/\/secure.gravatar.com\/avatar\/dd53e51c0cd6ab23f52d4f3e4f1c59730240727763de3dbbf26750b079a2c292?s=96&d=mm&r=g","contentUrl":"https:\/\/secure.gravatar.com\/avatar\/dd53e51c0cd6ab23f52d4f3e4f1c59730240727763de3dbbf26750b079a2c292?s=96&d=mm&r=g","caption":"Juan"},"url":"https:\/\/www.caudete.org\/ayuntamiento\/author\/centrodeinternet\/"}]}},"_links":{"self":[{"href":"https:\/\/www.caudete.org\/ayuntamiento\/wp-json\/wp\/v2\/posts\/13390","targetHints":{"allow":["GET"]}}],"collection":[{"href":"https:\/\/www.caudete.org\/ayuntamiento\/wp-json\/wp\/v2\/posts"}],"about":[{"href":"https:\/\/www.caudete.org\/ayuntamiento\/wp-json\/wp\/v2\/types\/post"}],"author":[{"embeddable":true,"href":"https:\/\/www.caudete.org\/ayuntamiento\/wp-json\/wp\/v2\/users\/2"}],"replies":[{"embeddable":true,"href":"https:\/\/www.caudete.org\/ayuntamiento\/wp-json\/wp\/v2\/comments?post=13390"}],"version-history":[{"count":9,"href":"https:\/\/www.caudete.org\/ayuntamiento\/wp-json\/wp\/v2\/posts\/13390\/revisions"}],"predecessor-version":[{"id":13402,"href":"https:\/\/www.caudete.org\/ayuntamiento\/wp-json\/wp\/v2\/posts\/13390\/revisions\/13402"}],"wp:featuredmedia":[{"embeddable":true,"href":"https:\/\/www.caudete.org\/ayuntamiento\/wp-json\/wp\/v2\/media\/13392"}],"wp:attachment":[{"href":"https:\/\/www.caudete.org\/ayuntamiento\/wp-json\/wp\/v2\/media?parent=13390"}],"wp:term":[{"taxonomy":"category","embeddable":true,"href":"https:\/\/www.caudete.org\/ayuntamiento\/wp-json\/wp\/v2\/categories?post=13390"},{"taxonomy":"post_tag","embeddable":true,"href":"https:\/\/www.caudete.org\/ayuntamiento\/wp-json\/wp\/v2\/tags?post=13390"}],"curies":[{"name":"wp","href":"https:\/\/api.w.org\/{rel}","templated":true}]}}