{"id":13411,"date":"2021-03-25T11:55:33","date_gmt":"2021-03-25T10:55:33","guid":{"rendered":"https:\/\/www.caudete.org\/ayuntamiento\/?p=13411"},"modified":"2021-03-25T13:02:01","modified_gmt":"2021-03-25T12:02:01","slug":"visita-al-centro-excursionista-para-abordar-colaboracion-con-el-plan-turistico","status":"publish","type":"post","link":"https:\/\/www.caudete.org\/ayuntamiento\/visita-al-centro-excursionista-para-abordar-colaboracion-con-el-plan-turistico\/","title":{"rendered":"Visita al CENTRO EXCURSIONISTA para abordar colaboraci\u00f3n con el Plan Tur\u00edstico"},"content":{"rendered":"<p style=\"text-align: justify;\">Esta ma\u00f1ana, el Alcalde Mois\u00e9s L\u00f3pez y el Concejal de Turismo Diego Cuenca, visitaban las instalaciones del Centro Excursionista de Caudete, como respuesta a la invitaci\u00f3n de la Directiva, siendo recibidos por el Presidente y Vicepresidente, Sergio Medina y Vicente Penad\u00e9s, respectivamente.<\/p>\n<p><a href=\"https:\/\/www.caudete.org\/ayuntamiento\/wp-content\/uploads\/2021\/03\/WhatsApp-Image-2021-03-25-at-10.54.27-1.jpeg\" rel='prettyPhoto'><img fetchpriority=\"high\" decoding=\"async\" class=\"aligncenter wp-image-13412 size-medium\" src=\"https:\/\/www.caudete.org\/ayuntamiento\/wp-content\/uploads\/2021\/03\/WhatsApp-Image-2021-03-25-at-10.54.27-1-300x225.jpeg\" alt=\"\" width=\"300\" height=\"225\" srcset=\"https:\/\/www.caudete.org\/ayuntamiento\/wp-content\/uploads\/2021\/03\/WhatsApp-Image-2021-03-25-at-10.54.27-1-300x225.jpeg 300w, https:\/\/www.caudete.org\/ayuntamiento\/wp-content\/uploads\/2021\/03\/WhatsApp-Image-2021-03-25-at-10.54.27-1-1024x768.jpeg 1024w, https:\/\/www.caudete.org\/ayuntamiento\/wp-content\/uploads\/2021\/03\/WhatsApp-Image-2021-03-25-at-10.54.27-1-768x576.jpeg 768w, https:\/\/www.caudete.org\/ayuntamiento\/wp-content\/uploads\/2021\/03\/WhatsApp-Image-2021-03-25-at-10.54.27-1-1536x1152.jpeg 1536w, https:\/\/www.caudete.org\/ayuntamiento\/wp-content\/uploads\/2021\/03\/WhatsApp-Image-2021-03-25-at-10.54.27-1.jpeg 1600w\" sizes=\"(max-width: 300px) 100vw, 300px\" \/><\/a><\/p>\n<p style=\"text-align: justify;\">Mostradas las instalaciones de su sede, y haciendo un recorrido por los m\u00e1s de 40 a\u00f1os de vida de esta asociaci\u00f3n, han abordado de forma conjunta proyectos de futuro para potenciar la oferta tur\u00edstica y deportiva en el medio natural.<\/p>\n<p style=\"text-align: justify;\">De hecho, la reuni\u00f3n mantenida en el d\u00eda de hoy surge tras la Mesa Sectorial del Plan Tur\u00edstico en la que particip\u00f3 la asociaci\u00f3n, y de la que se obtuvieron propuestas de colaboraci\u00f3n de mutua, que sin duda supondr\u00e1n un beneficio para quienes practican deporte al aire libre, y en las cuales el Consistorio ya est\u00e1 trabajando.<\/p>\n<p style=\"text-align: justify;\">Cabe destacar el gran trabajo realizado por esta asociaci\u00f3n en la Sierra Santa B\u00e1rbara, donde con el transcurso de los a\u00f1os, m\u00e1s de 500 v\u00edas de escalada han abierto, y est\u00e1n siendo usadas por deportistas venidos de toda la geograf\u00eda peninsular; y el conocimiento amplio que poseen de dicho entorno, posicion\u00e1ndose como colectivo clave para el impulso de esta actividad.<\/p>\n","protected":false},"excerpt":{"rendered":"<p>Esta ma\u00f1ana, el Alcalde Mois\u00e9s L\u00f3pez y el Concejal de Turismo Diego Cuenca, visitaban las instalaciones del Centro Excursionista de Caudete, como respuesta a la invitaci\u00f3n de la Directiva, siendo recibidos por el Presidente y Vicepresidente, Sergio Medina y Vicente Penad\u00e9s, respectivamente. Mostradas las instalaciones de su sede, y haciendo un recorrido por los m\u00e1s &hellip;<\/p>\n","protected":false},"author":3,"featured_media":13413,"comment_status":"closed","ping_status":"open","sticky":false,"template":"","format":"standard","meta":{"ngg_post_thumbnail":0,"footnotes":""},"categories":[43],"tags":[],"class_list":["post-13411","post","type-post","status-publish","format-standard","has-post-thumbnail","hentry","category-turismo"],"yoast_head":"<!-- This site is optimized with the Yoast SEO plugin v27.5 - https:\/\/yoast.com\/product\/yoast-seo-wordpress\/ -->\n<title>Visita al CENTRO EXCURSIONISTA para abordar colaboraci\u00f3n con el Plan Tur\u00edstico - MI Ayuntamiento de Caudete<\/title>\n<meta name=\"description\" content=\"P\u00e1gina Oficial del Ayuntamiento de Caudete (Albacete)\" \/>\n<meta name=\"robots\" content=\"index, follow, max-snippet:-1, max-image-preview:large, max-video-preview:-1\" \/>\n<link rel=\"canonical\" href=\"https:\/\/www.caudete.org\/ayuntamiento\/visita-al-centro-excursionista-para-abordar-colaboracion-con-el-plan-turistico\/\" \/>\n<meta property=\"og:locale\" content=\"es_ES\" \/>\n<meta property=\"og:type\" content=\"article\" \/>\n<meta property=\"og:title\" content=\"Visita al CENTRO EXCURSIONISTA para abordar colaboraci\u00f3n con el Plan Tur\u00edstico - MI Ayuntamiento de Caudete\" \/>\n<meta property=\"og:description\" content=\"P\u00e1gina Oficial del Ayuntamiento de Caudete (Albacete)\" \/>\n<meta property=\"og:url\" content=\"https:\/\/www.caudete.org\/ayuntamiento\/visita-al-centro-excursionista-para-abordar-colaboracion-con-el-plan-turistico\/\" \/>\n<meta property=\"og:site_name\" content=\"MI Ayuntamiento de Caudete\" \/>\n<meta property=\"article:publisher\" content=\"https:\/\/www.facebook.com\/ayuntamientocaudete\/\" \/>\n<meta property=\"article:published_time\" content=\"2021-03-25T10:55:33+00:00\" \/>\n<meta property=\"article:modified_time\" content=\"2021-03-25T12:02:01+00:00\" \/>\n<meta property=\"og:image\" content=\"https:\/\/www.caudete.org\/ayuntamiento\/wp-content\/uploads\/2021\/03\/WhatsApp-Image-2021-03-25-at-10.54.27.jpeg\" \/>\n\t<meta property=\"og:image:width\" content=\"1356\" \/>\n\t<meta property=\"og:image:height\" content=\"972\" \/>\n\t<meta property=\"og:image:type\" content=\"image\/jpeg\" \/>\n<meta name=\"author\" content=\"alcalde\" \/>\n<meta name=\"twitter:card\" content=\"summary_large_image\" \/>\n<meta name=\"twitter:label1\" content=\"Escrito por\" \/>\n\t<meta name=\"twitter:data1\" content=\"alcalde\" \/>\n\t<meta name=\"twitter:label2\" content=\"Tiempo de lectura\" \/>\n\t<meta name=\"twitter:data2\" content=\"2 minutos\" \/>\n<script type=\"application\/ld+json\" class=\"yoast-schema-graph\">{\"@context\":\"https:\\\/\\\/schema.org\",\"@graph\":[{\"@type\":\"Article\",\"@id\":\"https:\\\/\\\/www.caudete.org\\\/ayuntamiento\\\/visita-al-centro-excursionista-para-abordar-colaboracion-con-el-plan-turistico\\\/#article\",\"isPartOf\":{\"@id\":\"https:\\\/\\\/www.caudete.org\\\/ayuntamiento\\\/visita-al-centro-excursionista-para-abordar-colaboracion-con-el-plan-turistico\\\/\"},\"author\":{\"name\":\"alcalde\",\"@id\":\"https:\\\/\\\/www.caudete.org\\\/ayuntamiento\\\/#\\\/schema\\\/person\\\/cc646da9133078ee4d8dd47457947253\"},\"headline\":\"Visita al CENTRO EXCURSIONISTA para abordar colaboraci\u00f3n con el Plan Tur\u00edstico\",\"datePublished\":\"2021-03-25T10:55:33+00:00\",\"dateModified\":\"2021-03-25T12:02:01+00:00\",\"mainEntityOfPage\":{\"@id\":\"https:\\\/\\\/www.caudete.org\\\/ayuntamiento\\\/visita-al-centro-excursionista-para-abordar-colaboracion-con-el-plan-turistico\\\/\"},\"wordCount\":233,\"image\":{\"@id\":\"https:\\\/\\\/www.caudete.org\\\/ayuntamiento\\\/visita-al-centro-excursionista-para-abordar-colaboracion-con-el-plan-turistico\\\/#primaryimage\"},\"thumbnailUrl\":\"https:\\\/\\\/www.caudete.org\\\/ayuntamiento\\\/wp-content\\\/uploads\\\/2021\\\/03\\\/WhatsApp-Image-2021-03-25-at-10.54.27.jpeg\",\"articleSection\":[\"Turismo\"],\"inLanguage\":\"es\"},{\"@type\":\"WebPage\",\"@id\":\"https:\\\/\\\/www.caudete.org\\\/ayuntamiento\\\/visita-al-centro-excursionista-para-abordar-colaboracion-con-el-plan-turistico\\\/\",\"url\":\"https:\\\/\\\/www.caudete.org\\\/ayuntamiento\\\/visita-al-centro-excursionista-para-abordar-colaboracion-con-el-plan-turistico\\\/\",\"name\":\"Visita al CENTRO EXCURSIONISTA para abordar colaboraci\u00f3n con el Plan Tur\u00edstico - MI Ayuntamiento de Caudete\",\"isPartOf\":{\"@id\":\"https:\\\/\\\/www.caudete.org\\\/ayuntamiento\\\/#website\"},\"primaryImageOfPage\":{\"@id\":\"https:\\\/\\\/www.caudete.org\\\/ayuntamiento\\\/visita-al-centro-excursionista-para-abordar-colaboracion-con-el-plan-turistico\\\/#primaryimage\"},\"image\":{\"@id\":\"https:\\\/\\\/www.caudete.org\\\/ayuntamiento\\\/visita-al-centro-excursionista-para-abordar-colaboracion-con-el-plan-turistico\\\/#primaryimage\"},\"thumbnailUrl\":\"https:\\\/\\\/www.caudete.org\\\/ayuntamiento\\\/wp-content\\\/uploads\\\/2021\\\/03\\\/WhatsApp-Image-2021-03-25-at-10.54.27.jpeg\",\"datePublished\":\"2021-03-25T10:55:33+00:00\",\"dateModified\":\"2021-03-25T12:02:01+00:00\",\"author\":{\"@id\":\"https:\\\/\\\/www.caudete.org\\\/ayuntamiento\\\/#\\\/schema\\\/person\\\/cc646da9133078ee4d8dd47457947253\"},\"description\":\"P\u00e1gina Oficial del Ayuntamiento de Caudete (Albacete)\",\"breadcrumb\":{\"@id\":\"https:\\\/\\\/www.caudete.org\\\/ayuntamiento\\\/visita-al-centro-excursionista-para-abordar-colaboracion-con-el-plan-turistico\\\/#breadcrumb\"},\"inLanguage\":\"es\",\"potentialAction\":[{\"@type\":\"ReadAction\",\"target\":[\"https:\\\/\\\/www.caudete.org\\\/ayuntamiento\\\/visita-al-centro-excursionista-para-abordar-colaboracion-con-el-plan-turistico\\\/\"]}]},{\"@type\":\"ImageObject\",\"inLanguage\":\"es\",\"@id\":\"https:\\\/\\\/www.caudete.org\\\/ayuntamiento\\\/visita-al-centro-excursionista-para-abordar-colaboracion-con-el-plan-turistico\\\/#primaryimage\",\"url\":\"https:\\\/\\\/www.caudete.org\\\/ayuntamiento\\\/wp-content\\\/uploads\\\/2021\\\/03\\\/WhatsApp-Image-2021-03-25-at-10.54.27.jpeg\",\"contentUrl\":\"https:\\\/\\\/www.caudete.org\\\/ayuntamiento\\\/wp-content\\\/uploads\\\/2021\\\/03\\\/WhatsApp-Image-2021-03-25-at-10.54.27.jpeg\",\"width\":1356,\"height\":972},{\"@type\":\"BreadcrumbList\",\"@id\":\"https:\\\/\\\/www.caudete.org\\\/ayuntamiento\\\/visita-al-centro-excursionista-para-abordar-colaboracion-con-el-plan-turistico\\\/#breadcrumb\",\"itemListElement\":[{\"@type\":\"ListItem\",\"position\":1,\"name\":\"Inicio\",\"item\":\"https:\\\/\\\/www.caudete.org\\\/ayuntamiento\\\/\"},{\"@type\":\"ListItem\",\"position\":2,\"name\":\"Visita al CENTRO EXCURSIONISTA para abordar colaboraci\u00f3n con el Plan Tur\u00edstico\"}]},{\"@type\":\"WebSite\",\"@id\":\"https:\\\/\\\/www.caudete.org\\\/ayuntamiento\\\/#website\",\"url\":\"https:\\\/\\\/www.caudete.org\\\/ayuntamiento\\\/\",\"name\":\"MI Ayuntamiento de Caudete\",\"description\":\"P\u00e1gina Oficial del MI Ayuntamiento de Caudete\",\"potentialAction\":[{\"@type\":\"SearchAction\",\"target\":{\"@type\":\"EntryPoint\",\"urlTemplate\":\"https:\\\/\\\/www.caudete.org\\\/ayuntamiento\\\/?s={search_term_string}\"},\"query-input\":{\"@type\":\"PropertyValueSpecification\",\"valueRequired\":true,\"valueName\":\"search_term_string\"}}],\"inLanguage\":\"es\"},{\"@type\":\"Person\",\"@id\":\"https:\\\/\\\/www.caudete.org\\\/ayuntamiento\\\/#\\\/schema\\\/person\\\/cc646da9133078ee4d8dd47457947253\",\"name\":\"alcalde\",\"image\":{\"@type\":\"ImageObject\",\"inLanguage\":\"es\",\"@id\":\"https:\\\/\\\/secure.gravatar.com\\\/avatar\\\/84a817ba065b29ff08d666b215a215f5c79186a645ccb25b14a663d48a130f77?s=96&d=mm&r=g\",\"url\":\"https:\\\/\\\/secure.gravatar.com\\\/avatar\\\/84a817ba065b29ff08d666b215a215f5c79186a645ccb25b14a663d48a130f77?s=96&d=mm&r=g\",\"contentUrl\":\"https:\\\/\\\/secure.gravatar.com\\\/avatar\\\/84a817ba065b29ff08d666b215a215f5c79186a645ccb25b14a663d48a130f77?s=96&d=mm&r=g\",\"caption\":\"alcalde\"},\"url\":\"https:\\\/\\\/www.caudete.org\\\/ayuntamiento\\\/author\\\/alcalde\\\/\"}]}<\/script>\n<!-- \/ Yoast SEO plugin. -->","yoast_head_json":{"title":"Visita al CENTRO EXCURSIONISTA para abordar colaboraci\u00f3n con el Plan Tur\u00edstico - MI Ayuntamiento de Caudete","description":"P\u00e1gina Oficial del Ayuntamiento de Caudete (Albacete)","robots":{"index":"index","follow":"follow","max-snippet":"max-snippet:-1","max-image-preview":"max-image-preview:large","max-video-preview":"max-video-preview:-1"},"canonical":"https:\/\/www.caudete.org\/ayuntamiento\/visita-al-centro-excursionista-para-abordar-colaboracion-con-el-plan-turistico\/","og_locale":"es_ES","og_type":"article","og_title":"Visita al CENTRO EXCURSIONISTA para abordar colaboraci\u00f3n con el Plan Tur\u00edstico - MI Ayuntamiento de Caudete","og_description":"P\u00e1gina Oficial del Ayuntamiento de Caudete (Albacete)","og_url":"https:\/\/www.caudete.org\/ayuntamiento\/visita-al-centro-excursionista-para-abordar-colaboracion-con-el-plan-turistico\/","og_site_name":"MI Ayuntamiento de Caudete","article_publisher":"https:\/\/www.facebook.com\/ayuntamientocaudete\/","article_published_time":"2021-03-25T10:55:33+00:00","article_modified_time":"2021-03-25T12:02:01+00:00","og_image":[{"width":1356,"height":972,"url":"https:\/\/www.caudete.org\/ayuntamiento\/wp-content\/uploads\/2021\/03\/WhatsApp-Image-2021-03-25-at-10.54.27.jpeg","type":"image\/jpeg"}],"author":"alcalde","twitter_card":"summary_large_image","twitter_misc":{"Escrito por":"alcalde","Tiempo de lectura":"2 minutos"},"schema":{"@context":"https:\/\/schema.org","@graph":[{"@type":"Article","@id":"https:\/\/www.caudete.org\/ayuntamiento\/visita-al-centro-excursionista-para-abordar-colaboracion-con-el-plan-turistico\/#article","isPartOf":{"@id":"https:\/\/www.caudete.org\/ayuntamiento\/visita-al-centro-excursionista-para-abordar-colaboracion-con-el-plan-turistico\/"},"author":{"name":"alcalde","@id":"https:\/\/www.caudete.org\/ayuntamiento\/#\/schema\/person\/cc646da9133078ee4d8dd47457947253"},"headline":"Visita al CENTRO EXCURSIONISTA para abordar colaboraci\u00f3n con el Plan Tur\u00edstico","datePublished":"2021-03-25T10:55:33+00:00","dateModified":"2021-03-25T12:02:01+00:00","mainEntityOfPage":{"@id":"https:\/\/www.caudete.org\/ayuntamiento\/visita-al-centro-excursionista-para-abordar-colaboracion-con-el-plan-turistico\/"},"wordCount":233,"image":{"@id":"https:\/\/www.caudete.org\/ayuntamiento\/visita-al-centro-excursionista-para-abordar-colaboracion-con-el-plan-turistico\/#primaryimage"},"thumbnailUrl":"https:\/\/www.caudete.org\/ayuntamiento\/wp-content\/uploads\/2021\/03\/WhatsApp-Image-2021-03-25-at-10.54.27.jpeg","articleSection":["Turismo"],"inLanguage":"es"},{"@type":"WebPage","@id":"https:\/\/www.caudete.org\/ayuntamiento\/visita-al-centro-excursionista-para-abordar-colaboracion-con-el-plan-turistico\/","url":"https:\/\/www.caudete.org\/ayuntamiento\/visita-al-centro-excursionista-para-abordar-colaboracion-con-el-plan-turistico\/","name":"Visita al CENTRO EXCURSIONISTA para abordar colaboraci\u00f3n con el Plan Tur\u00edstico - MI Ayuntamiento de Caudete","isPartOf":{"@id":"https:\/\/www.caudete.org\/ayuntamiento\/#website"},"primaryImageOfPage":{"@id":"https:\/\/www.caudete.org\/ayuntamiento\/visita-al-centro-excursionista-para-abordar-colaboracion-con-el-plan-turistico\/#primaryimage"},"image":{"@id":"https:\/\/www.caudete.org\/ayuntamiento\/visita-al-centro-excursionista-para-abordar-colaboracion-con-el-plan-turistico\/#primaryimage"},"thumbnailUrl":"https:\/\/www.caudete.org\/ayuntamiento\/wp-content\/uploads\/2021\/03\/WhatsApp-Image-2021-03-25-at-10.54.27.jpeg","datePublished":"2021-03-25T10:55:33+00:00","dateModified":"2021-03-25T12:02:01+00:00","author":{"@id":"https:\/\/www.caudete.org\/ayuntamiento\/#\/schema\/person\/cc646da9133078ee4d8dd47457947253"},"description":"P\u00e1gina Oficial del Ayuntamiento de Caudete (Albacete)","breadcrumb":{"@id":"https:\/\/www.caudete.org\/ayuntamiento\/visita-al-centro-excursionista-para-abordar-colaboracion-con-el-plan-turistico\/#breadcrumb"},"inLanguage":"es","potentialAction":[{"@type":"ReadAction","target":["https:\/\/www.caudete.org\/ayuntamiento\/visita-al-centro-excursionista-para-abordar-colaboracion-con-el-plan-turistico\/"]}]},{"@type":"ImageObject","inLanguage":"es","@id":"https:\/\/www.caudete.org\/ayuntamiento\/visita-al-centro-excursionista-para-abordar-colaboracion-con-el-plan-turistico\/#primaryimage","url":"https:\/\/www.caudete.org\/ayuntamiento\/wp-content\/uploads\/2021\/03\/WhatsApp-Image-2021-03-25-at-10.54.27.jpeg","contentUrl":"https:\/\/www.caudete.org\/ayuntamiento\/wp-content\/uploads\/2021\/03\/WhatsApp-Image-2021-03-25-at-10.54.27.jpeg","width":1356,"height":972},{"@type":"BreadcrumbList","@id":"https:\/\/www.caudete.org\/ayuntamiento\/visita-al-centro-excursionista-para-abordar-colaboracion-con-el-plan-turistico\/#breadcrumb","itemListElement":[{"@type":"ListItem","position":1,"name":"Inicio","item":"https:\/\/www.caudete.org\/ayuntamiento\/"},{"@type":"ListItem","position":2,"name":"Visita al CENTRO EXCURSIONISTA para abordar colaboraci\u00f3n con el Plan Tur\u00edstico"}]},{"@type":"WebSite","@id":"https:\/\/www.caudete.org\/ayuntamiento\/#website","url":"https:\/\/www.caudete.org\/ayuntamiento\/","name":"MI Ayuntamiento de Caudete","description":"P\u00e1gina Oficial del MI Ayuntamiento de Caudete","potentialAction":[{"@type":"SearchAction","target":{"@type":"EntryPoint","urlTemplate":"https:\/\/www.caudete.org\/ayuntamiento\/?s={search_term_string}"},"query-input":{"@type":"PropertyValueSpecification","valueRequired":true,"valueName":"search_term_string"}}],"inLanguage":"es"},{"@type":"Person","@id":"https:\/\/www.caudete.org\/ayuntamiento\/#\/schema\/person\/cc646da9133078ee4d8dd47457947253","name":"alcalde","image":{"@type":"ImageObject","inLanguage":"es","@id":"https:\/\/secure.gravatar.com\/avatar\/84a817ba065b29ff08d666b215a215f5c79186a645ccb25b14a663d48a130f77?s=96&d=mm&r=g","url":"https:\/\/secure.gravatar.com\/avatar\/84a817ba065b29ff08d666b215a215f5c79186a645ccb25b14a663d48a130f77?s=96&d=mm&r=g","contentUrl":"https:\/\/secure.gravatar.com\/avatar\/84a817ba065b29ff08d666b215a215f5c79186a645ccb25b14a663d48a130f77?s=96&d=mm&r=g","caption":"alcalde"},"url":"https:\/\/www.caudete.org\/ayuntamiento\/author\/alcalde\/"}]}},"_links":{"self":[{"href":"https:\/\/www.caudete.org\/ayuntamiento\/wp-json\/wp\/v2\/posts\/13411","targetHints":{"allow":["GET"]}}],"collection":[{"href":"https:\/\/www.caudete.org\/ayuntamiento\/wp-json\/wp\/v2\/posts"}],"about":[{"href":"https:\/\/www.caudete.org\/ayuntamiento\/wp-json\/wp\/v2\/types\/post"}],"author":[{"embeddable":true,"href":"https:\/\/www.caudete.org\/ayuntamiento\/wp-json\/wp\/v2\/users\/3"}],"replies":[{"embeddable":true,"href":"https:\/\/www.caudete.org\/ayuntamiento\/wp-json\/wp\/v2\/comments?post=13411"}],"version-history":[{"count":2,"href":"https:\/\/www.caudete.org\/ayuntamiento\/wp-json\/wp\/v2\/posts\/13411\/revisions"}],"predecessor-version":[{"id":13424,"href":"https:\/\/www.caudete.org\/ayuntamiento\/wp-json\/wp\/v2\/posts\/13411\/revisions\/13424"}],"wp:featuredmedia":[{"embeddable":true,"href":"https:\/\/www.caudete.org\/ayuntamiento\/wp-json\/wp\/v2\/media\/13413"}],"wp:attachment":[{"href":"https:\/\/www.caudete.org\/ayuntamiento\/wp-json\/wp\/v2\/media?parent=13411"}],"wp:term":[{"taxonomy":"category","embeddable":true,"href":"https:\/\/www.caudete.org\/ayuntamiento\/wp-json\/wp\/v2\/categories?post=13411"},{"taxonomy":"post_tag","embeddable":true,"href":"https:\/\/www.caudete.org\/ayuntamiento\/wp-json\/wp\/v2\/tags?post=13411"}],"curies":[{"name":"wp","href":"https:\/\/api.w.org\/{rel}","templated":true}]}}