{"id":13438,"date":"2021-03-26T09:50:24","date_gmt":"2021-03-26T08:50:24","guid":{"rendered":"https:\/\/www.caudete.org\/ayuntamiento\/?p=13438"},"modified":"2021-03-26T09:52:01","modified_gmt":"2021-03-26T08:52:01","slug":"asun-ferri-y-angela-tomas-elegidas-por-el-pleno-para-juez-de-paz-titular-y-suplente","status":"publish","type":"post","link":"https:\/\/www.caudete.org\/ayuntamiento\/asun-ferri-y-angela-tomas-elegidas-por-el-pleno-para-juez-de-paz-titular-y-suplente\/","title":{"rendered":"Asun Ferri y \u00c1ngela Tom\u00e1s, elegidas por el Pleno para JUEZ DE PAZ Titular y Suplente"},"content":{"rendered":"<p style=\"text-align: justify;\">El Pleno Municipal abordaba anoche la elecci\u00f3n de Juez de Paz en su punto 4\u00ba del Orden del D\u00eda, tras ser tratado y debatido por la Comisi\u00f3n Informativa de Asuntos Generales celebrada el pasado viernes 19 de Marzo.<\/p>\n<p style=\"text-align: justify;\">Asunci\u00f3n Ferri Franc\u00e9s, actual Juez de Paz Suplente, fue propuesta anoche por la Corporaci\u00f3n como Juez de Paz Titular, mientras que \u00c1ngela Tom\u00e1s Da Silva, lo fue para Juez de Paz Suplente.<\/p>\n<p style=\"text-align: justify;\">Este procedimiento se incoa en el mes de Enero tras recibir el Ayuntamiento la comunicaci\u00f3n del Tribunal Superior de Justicia (TSJ) de proceder a la elecci\u00f3n del cargo de Juez de Paz por parte del Ayuntamiento. Se produce tras finalizar el periodo por el cual quedaba nombrada la actual Juez de Paz (seg\u00fan Ley Org\u00e1nica del Poder Judicial), y que ostentaba D\u00f1a. Virtudes Flores Mil\u00e1n, quien fue ratificada en 2017 por el TSJ.<\/p>\n<p style=\"text-align: justify;\">Publicado en el Tabl\u00f3n de Anuncios, y en el Bolet\u00edn Oficial de la Provincia (BOP), un total de 16 personas han presentado solicitudes para el expediente de elecci\u00f3n, siendo admitidas a tr\u00e1mite la totalidad de instancias al cumplir con los requisitos exigidos por la legislaci\u00f3n vigente.<\/p>\n<p style=\"text-align: justify;\">\n","protected":false},"excerpt":{"rendered":"<p>El Pleno Municipal abordaba anoche la elecci\u00f3n de Juez de Paz en su punto 4\u00ba del Orden del D\u00eda, tras ser tratado y debatido por la Comisi\u00f3n Informativa de Asuntos Generales celebrada el pasado viernes 19 de Marzo. Asunci\u00f3n Ferri Franc\u00e9s, actual Juez de Paz Suplente, fue propuesta anoche por la Corporaci\u00f3n como Juez de &hellip;<\/p>\n","protected":false},"author":3,"featured_media":13439,"comment_status":"closed","ping_status":"open","sticky":false,"template":"","format":"standard","meta":{"ngg_post_thumbnail":0,"footnotes":""},"categories":[20],"tags":[],"class_list":["post-13438","post","type-post","status-publish","format-standard","has-post-thumbnail","hentry","category-ayuntamiento"],"yoast_head":"<!-- This site is optimized with the Yoast SEO plugin v27.5 - https:\/\/yoast.com\/product\/yoast-seo-wordpress\/ -->\n<title>Asun Ferri y \u00c1ngela Tom\u00e1s, elegidas por el Pleno para JUEZ DE PAZ Titular y Suplente - MI Ayuntamiento de Caudete<\/title>\n<meta name=\"description\" content=\"P\u00e1gina Oficial del Ayuntamiento de Caudete (Albacete)\" \/>\n<meta name=\"robots\" content=\"index, follow, max-snippet:-1, max-image-preview:large, max-video-preview:-1\" \/>\n<link rel=\"canonical\" href=\"https:\/\/www.caudete.org\/ayuntamiento\/asun-ferri-y-angela-tomas-elegidas-por-el-pleno-para-juez-de-paz-titular-y-suplente\/\" \/>\n<meta property=\"og:locale\" content=\"es_ES\" \/>\n<meta property=\"og:type\" content=\"article\" \/>\n<meta property=\"og:title\" content=\"Asun Ferri y \u00c1ngela Tom\u00e1s, elegidas por el Pleno para JUEZ DE PAZ Titular y Suplente - MI Ayuntamiento de Caudete\" \/>\n<meta property=\"og:description\" content=\"P\u00e1gina Oficial del Ayuntamiento de Caudete (Albacete)\" \/>\n<meta property=\"og:url\" content=\"https:\/\/www.caudete.org\/ayuntamiento\/asun-ferri-y-angela-tomas-elegidas-por-el-pleno-para-juez-de-paz-titular-y-suplente\/\" \/>\n<meta property=\"og:site_name\" content=\"MI Ayuntamiento de Caudete\" \/>\n<meta property=\"article:publisher\" content=\"https:\/\/www.facebook.com\/ayuntamientocaudete\/\" \/>\n<meta property=\"article:published_time\" content=\"2021-03-26T08:50:24+00:00\" \/>\n<meta property=\"article:modified_time\" content=\"2021-03-26T08:52:01+00:00\" \/>\n<meta property=\"og:image\" content=\"https:\/\/www.caudete.org\/ayuntamiento\/wp-content\/uploads\/2021\/03\/680x452_justicia.jpg\" \/>\n\t<meta property=\"og:image:width\" content=\"680\" \/>\n\t<meta property=\"og:image:height\" content=\"452\" \/>\n\t<meta property=\"og:image:type\" content=\"image\/jpeg\" \/>\n<meta name=\"author\" content=\"alcalde\" \/>\n<meta name=\"twitter:card\" content=\"summary_large_image\" \/>\n<meta name=\"twitter:label1\" content=\"Escrito por\" \/>\n\t<meta name=\"twitter:data1\" content=\"alcalde\" \/>\n\t<meta name=\"twitter:label2\" content=\"Tiempo de lectura\" \/>\n\t<meta name=\"twitter:data2\" content=\"1 minuto\" \/>\n<script type=\"application\/ld+json\" class=\"yoast-schema-graph\">{\"@context\":\"https:\\\/\\\/schema.org\",\"@graph\":[{\"@type\":\"Article\",\"@id\":\"https:\\\/\\\/www.caudete.org\\\/ayuntamiento\\\/asun-ferri-y-angela-tomas-elegidas-por-el-pleno-para-juez-de-paz-titular-y-suplente\\\/#article\",\"isPartOf\":{\"@id\":\"https:\\\/\\\/www.caudete.org\\\/ayuntamiento\\\/asun-ferri-y-angela-tomas-elegidas-por-el-pleno-para-juez-de-paz-titular-y-suplente\\\/\"},\"author\":{\"name\":\"alcalde\",\"@id\":\"https:\\\/\\\/www.caudete.org\\\/ayuntamiento\\\/#\\\/schema\\\/person\\\/cc646da9133078ee4d8dd47457947253\"},\"headline\":\"Asun Ferri y \u00c1ngela Tom\u00e1s, elegidas por el Pleno para JUEZ DE PAZ Titular y Suplente\",\"datePublished\":\"2021-03-26T08:50:24+00:00\",\"dateModified\":\"2021-03-26T08:52:01+00:00\",\"mainEntityOfPage\":{\"@id\":\"https:\\\/\\\/www.caudete.org\\\/ayuntamiento\\\/asun-ferri-y-angela-tomas-elegidas-por-el-pleno-para-juez-de-paz-titular-y-suplente\\\/\"},\"wordCount\":220,\"image\":{\"@id\":\"https:\\\/\\\/www.caudete.org\\\/ayuntamiento\\\/asun-ferri-y-angela-tomas-elegidas-por-el-pleno-para-juez-de-paz-titular-y-suplente\\\/#primaryimage\"},\"thumbnailUrl\":\"https:\\\/\\\/www.caudete.org\\\/ayuntamiento\\\/wp-content\\\/uploads\\\/2021\\\/03\\\/680x452_justicia.jpg\",\"articleSection\":[\"Ayuntamiento\"],\"inLanguage\":\"es\"},{\"@type\":\"WebPage\",\"@id\":\"https:\\\/\\\/www.caudete.org\\\/ayuntamiento\\\/asun-ferri-y-angela-tomas-elegidas-por-el-pleno-para-juez-de-paz-titular-y-suplente\\\/\",\"url\":\"https:\\\/\\\/www.caudete.org\\\/ayuntamiento\\\/asun-ferri-y-angela-tomas-elegidas-por-el-pleno-para-juez-de-paz-titular-y-suplente\\\/\",\"name\":\"Asun Ferri y \u00c1ngela Tom\u00e1s, elegidas por el Pleno para JUEZ DE PAZ Titular y Suplente - MI Ayuntamiento de Caudete\",\"isPartOf\":{\"@id\":\"https:\\\/\\\/www.caudete.org\\\/ayuntamiento\\\/#website\"},\"primaryImageOfPage\":{\"@id\":\"https:\\\/\\\/www.caudete.org\\\/ayuntamiento\\\/asun-ferri-y-angela-tomas-elegidas-por-el-pleno-para-juez-de-paz-titular-y-suplente\\\/#primaryimage\"},\"image\":{\"@id\":\"https:\\\/\\\/www.caudete.org\\\/ayuntamiento\\\/asun-ferri-y-angela-tomas-elegidas-por-el-pleno-para-juez-de-paz-titular-y-suplente\\\/#primaryimage\"},\"thumbnailUrl\":\"https:\\\/\\\/www.caudete.org\\\/ayuntamiento\\\/wp-content\\\/uploads\\\/2021\\\/03\\\/680x452_justicia.jpg\",\"datePublished\":\"2021-03-26T08:50:24+00:00\",\"dateModified\":\"2021-03-26T08:52:01+00:00\",\"author\":{\"@id\":\"https:\\\/\\\/www.caudete.org\\\/ayuntamiento\\\/#\\\/schema\\\/person\\\/cc646da9133078ee4d8dd47457947253\"},\"description\":\"P\u00e1gina Oficial del Ayuntamiento de Caudete (Albacete)\",\"breadcrumb\":{\"@id\":\"https:\\\/\\\/www.caudete.org\\\/ayuntamiento\\\/asun-ferri-y-angela-tomas-elegidas-por-el-pleno-para-juez-de-paz-titular-y-suplente\\\/#breadcrumb\"},\"inLanguage\":\"es\",\"potentialAction\":[{\"@type\":\"ReadAction\",\"target\":[\"https:\\\/\\\/www.caudete.org\\\/ayuntamiento\\\/asun-ferri-y-angela-tomas-elegidas-por-el-pleno-para-juez-de-paz-titular-y-suplente\\\/\"]}]},{\"@type\":\"ImageObject\",\"inLanguage\":\"es\",\"@id\":\"https:\\\/\\\/www.caudete.org\\\/ayuntamiento\\\/asun-ferri-y-angela-tomas-elegidas-por-el-pleno-para-juez-de-paz-titular-y-suplente\\\/#primaryimage\",\"url\":\"https:\\\/\\\/www.caudete.org\\\/ayuntamiento\\\/wp-content\\\/uploads\\\/2021\\\/03\\\/680x452_justicia.jpg\",\"contentUrl\":\"https:\\\/\\\/www.caudete.org\\\/ayuntamiento\\\/wp-content\\\/uploads\\\/2021\\\/03\\\/680x452_justicia.jpg\",\"width\":680,\"height\":452},{\"@type\":\"BreadcrumbList\",\"@id\":\"https:\\\/\\\/www.caudete.org\\\/ayuntamiento\\\/asun-ferri-y-angela-tomas-elegidas-por-el-pleno-para-juez-de-paz-titular-y-suplente\\\/#breadcrumb\",\"itemListElement\":[{\"@type\":\"ListItem\",\"position\":1,\"name\":\"Inicio\",\"item\":\"https:\\\/\\\/www.caudete.org\\\/ayuntamiento\\\/\"},{\"@type\":\"ListItem\",\"position\":2,\"name\":\"Asun Ferri y \u00c1ngela Tom\u00e1s, elegidas por el Pleno para JUEZ DE PAZ Titular y Suplente\"}]},{\"@type\":\"WebSite\",\"@id\":\"https:\\\/\\\/www.caudete.org\\\/ayuntamiento\\\/#website\",\"url\":\"https:\\\/\\\/www.caudete.org\\\/ayuntamiento\\\/\",\"name\":\"MI Ayuntamiento de Caudete\",\"description\":\"P\u00e1gina Oficial del MI Ayuntamiento de Caudete\",\"potentialAction\":[{\"@type\":\"SearchAction\",\"target\":{\"@type\":\"EntryPoint\",\"urlTemplate\":\"https:\\\/\\\/www.caudete.org\\\/ayuntamiento\\\/?s={search_term_string}\"},\"query-input\":{\"@type\":\"PropertyValueSpecification\",\"valueRequired\":true,\"valueName\":\"search_term_string\"}}],\"inLanguage\":\"es\"},{\"@type\":\"Person\",\"@id\":\"https:\\\/\\\/www.caudete.org\\\/ayuntamiento\\\/#\\\/schema\\\/person\\\/cc646da9133078ee4d8dd47457947253\",\"name\":\"alcalde\",\"image\":{\"@type\":\"ImageObject\",\"inLanguage\":\"es\",\"@id\":\"https:\\\/\\\/secure.gravatar.com\\\/avatar\\\/84a817ba065b29ff08d666b215a215f5c79186a645ccb25b14a663d48a130f77?s=96&d=mm&r=g\",\"url\":\"https:\\\/\\\/secure.gravatar.com\\\/avatar\\\/84a817ba065b29ff08d666b215a215f5c79186a645ccb25b14a663d48a130f77?s=96&d=mm&r=g\",\"contentUrl\":\"https:\\\/\\\/secure.gravatar.com\\\/avatar\\\/84a817ba065b29ff08d666b215a215f5c79186a645ccb25b14a663d48a130f77?s=96&d=mm&r=g\",\"caption\":\"alcalde\"},\"url\":\"https:\\\/\\\/www.caudete.org\\\/ayuntamiento\\\/author\\\/alcalde\\\/\"}]}<\/script>\n<!-- \/ Yoast SEO plugin. -->","yoast_head_json":{"title":"Asun Ferri y \u00c1ngela Tom\u00e1s, elegidas por el Pleno para JUEZ DE PAZ Titular y Suplente - MI Ayuntamiento de Caudete","description":"P\u00e1gina Oficial del Ayuntamiento de Caudete (Albacete)","robots":{"index":"index","follow":"follow","max-snippet":"max-snippet:-1","max-image-preview":"max-image-preview:large","max-video-preview":"max-video-preview:-1"},"canonical":"https:\/\/www.caudete.org\/ayuntamiento\/asun-ferri-y-angela-tomas-elegidas-por-el-pleno-para-juez-de-paz-titular-y-suplente\/","og_locale":"es_ES","og_type":"article","og_title":"Asun Ferri y \u00c1ngela Tom\u00e1s, elegidas por el Pleno para JUEZ DE PAZ Titular y Suplente - MI Ayuntamiento de Caudete","og_description":"P\u00e1gina Oficial del Ayuntamiento de Caudete (Albacete)","og_url":"https:\/\/www.caudete.org\/ayuntamiento\/asun-ferri-y-angela-tomas-elegidas-por-el-pleno-para-juez-de-paz-titular-y-suplente\/","og_site_name":"MI Ayuntamiento de Caudete","article_publisher":"https:\/\/www.facebook.com\/ayuntamientocaudete\/","article_published_time":"2021-03-26T08:50:24+00:00","article_modified_time":"2021-03-26T08:52:01+00:00","og_image":[{"width":680,"height":452,"url":"https:\/\/www.caudete.org\/ayuntamiento\/wp-content\/uploads\/2021\/03\/680x452_justicia.jpg","type":"image\/jpeg"}],"author":"alcalde","twitter_card":"summary_large_image","twitter_misc":{"Escrito por":"alcalde","Tiempo de lectura":"1 minuto"},"schema":{"@context":"https:\/\/schema.org","@graph":[{"@type":"Article","@id":"https:\/\/www.caudete.org\/ayuntamiento\/asun-ferri-y-angela-tomas-elegidas-por-el-pleno-para-juez-de-paz-titular-y-suplente\/#article","isPartOf":{"@id":"https:\/\/www.caudete.org\/ayuntamiento\/asun-ferri-y-angela-tomas-elegidas-por-el-pleno-para-juez-de-paz-titular-y-suplente\/"},"author":{"name":"alcalde","@id":"https:\/\/www.caudete.org\/ayuntamiento\/#\/schema\/person\/cc646da9133078ee4d8dd47457947253"},"headline":"Asun Ferri y \u00c1ngela Tom\u00e1s, elegidas por el Pleno para JUEZ DE PAZ Titular y Suplente","datePublished":"2021-03-26T08:50:24+00:00","dateModified":"2021-03-26T08:52:01+00:00","mainEntityOfPage":{"@id":"https:\/\/www.caudete.org\/ayuntamiento\/asun-ferri-y-angela-tomas-elegidas-por-el-pleno-para-juez-de-paz-titular-y-suplente\/"},"wordCount":220,"image":{"@id":"https:\/\/www.caudete.org\/ayuntamiento\/asun-ferri-y-angela-tomas-elegidas-por-el-pleno-para-juez-de-paz-titular-y-suplente\/#primaryimage"},"thumbnailUrl":"https:\/\/www.caudete.org\/ayuntamiento\/wp-content\/uploads\/2021\/03\/680x452_justicia.jpg","articleSection":["Ayuntamiento"],"inLanguage":"es"},{"@type":"WebPage","@id":"https:\/\/www.caudete.org\/ayuntamiento\/asun-ferri-y-angela-tomas-elegidas-por-el-pleno-para-juez-de-paz-titular-y-suplente\/","url":"https:\/\/www.caudete.org\/ayuntamiento\/asun-ferri-y-angela-tomas-elegidas-por-el-pleno-para-juez-de-paz-titular-y-suplente\/","name":"Asun Ferri y \u00c1ngela Tom\u00e1s, elegidas por el Pleno para JUEZ DE PAZ Titular y Suplente - MI Ayuntamiento de Caudete","isPartOf":{"@id":"https:\/\/www.caudete.org\/ayuntamiento\/#website"},"primaryImageOfPage":{"@id":"https:\/\/www.caudete.org\/ayuntamiento\/asun-ferri-y-angela-tomas-elegidas-por-el-pleno-para-juez-de-paz-titular-y-suplente\/#primaryimage"},"image":{"@id":"https:\/\/www.caudete.org\/ayuntamiento\/asun-ferri-y-angela-tomas-elegidas-por-el-pleno-para-juez-de-paz-titular-y-suplente\/#primaryimage"},"thumbnailUrl":"https:\/\/www.caudete.org\/ayuntamiento\/wp-content\/uploads\/2021\/03\/680x452_justicia.jpg","datePublished":"2021-03-26T08:50:24+00:00","dateModified":"2021-03-26T08:52:01+00:00","author":{"@id":"https:\/\/www.caudete.org\/ayuntamiento\/#\/schema\/person\/cc646da9133078ee4d8dd47457947253"},"description":"P\u00e1gina Oficial del Ayuntamiento de Caudete (Albacete)","breadcrumb":{"@id":"https:\/\/www.caudete.org\/ayuntamiento\/asun-ferri-y-angela-tomas-elegidas-por-el-pleno-para-juez-de-paz-titular-y-suplente\/#breadcrumb"},"inLanguage":"es","potentialAction":[{"@type":"ReadAction","target":["https:\/\/www.caudete.org\/ayuntamiento\/asun-ferri-y-angela-tomas-elegidas-por-el-pleno-para-juez-de-paz-titular-y-suplente\/"]}]},{"@type":"ImageObject","inLanguage":"es","@id":"https:\/\/www.caudete.org\/ayuntamiento\/asun-ferri-y-angela-tomas-elegidas-por-el-pleno-para-juez-de-paz-titular-y-suplente\/#primaryimage","url":"https:\/\/www.caudete.org\/ayuntamiento\/wp-content\/uploads\/2021\/03\/680x452_justicia.jpg","contentUrl":"https:\/\/www.caudete.org\/ayuntamiento\/wp-content\/uploads\/2021\/03\/680x452_justicia.jpg","width":680,"height":452},{"@type":"BreadcrumbList","@id":"https:\/\/www.caudete.org\/ayuntamiento\/asun-ferri-y-angela-tomas-elegidas-por-el-pleno-para-juez-de-paz-titular-y-suplente\/#breadcrumb","itemListElement":[{"@type":"ListItem","position":1,"name":"Inicio","item":"https:\/\/www.caudete.org\/ayuntamiento\/"},{"@type":"ListItem","position":2,"name":"Asun Ferri y \u00c1ngela Tom\u00e1s, elegidas por el Pleno para JUEZ DE PAZ Titular y Suplente"}]},{"@type":"WebSite","@id":"https:\/\/www.caudete.org\/ayuntamiento\/#website","url":"https:\/\/www.caudete.org\/ayuntamiento\/","name":"MI Ayuntamiento de Caudete","description":"P\u00e1gina Oficial del MI Ayuntamiento de Caudete","potentialAction":[{"@type":"SearchAction","target":{"@type":"EntryPoint","urlTemplate":"https:\/\/www.caudete.org\/ayuntamiento\/?s={search_term_string}"},"query-input":{"@type":"PropertyValueSpecification","valueRequired":true,"valueName":"search_term_string"}}],"inLanguage":"es"},{"@type":"Person","@id":"https:\/\/www.caudete.org\/ayuntamiento\/#\/schema\/person\/cc646da9133078ee4d8dd47457947253","name":"alcalde","image":{"@type":"ImageObject","inLanguage":"es","@id":"https:\/\/secure.gravatar.com\/avatar\/84a817ba065b29ff08d666b215a215f5c79186a645ccb25b14a663d48a130f77?s=96&d=mm&r=g","url":"https:\/\/secure.gravatar.com\/avatar\/84a817ba065b29ff08d666b215a215f5c79186a645ccb25b14a663d48a130f77?s=96&d=mm&r=g","contentUrl":"https:\/\/secure.gravatar.com\/avatar\/84a817ba065b29ff08d666b215a215f5c79186a645ccb25b14a663d48a130f77?s=96&d=mm&r=g","caption":"alcalde"},"url":"https:\/\/www.caudete.org\/ayuntamiento\/author\/alcalde\/"}]}},"_links":{"self":[{"href":"https:\/\/www.caudete.org\/ayuntamiento\/wp-json\/wp\/v2\/posts\/13438","targetHints":{"allow":["GET"]}}],"collection":[{"href":"https:\/\/www.caudete.org\/ayuntamiento\/wp-json\/wp\/v2\/posts"}],"about":[{"href":"https:\/\/www.caudete.org\/ayuntamiento\/wp-json\/wp\/v2\/types\/post"}],"author":[{"embeddable":true,"href":"https:\/\/www.caudete.org\/ayuntamiento\/wp-json\/wp\/v2\/users\/3"}],"replies":[{"embeddable":true,"href":"https:\/\/www.caudete.org\/ayuntamiento\/wp-json\/wp\/v2\/comments?post=13438"}],"version-history":[{"count":3,"href":"https:\/\/www.caudete.org\/ayuntamiento\/wp-json\/wp\/v2\/posts\/13438\/revisions"}],"predecessor-version":[{"id":13442,"href":"https:\/\/www.caudete.org\/ayuntamiento\/wp-json\/wp\/v2\/posts\/13438\/revisions\/13442"}],"wp:featuredmedia":[{"embeddable":true,"href":"https:\/\/www.caudete.org\/ayuntamiento\/wp-json\/wp\/v2\/media\/13439"}],"wp:attachment":[{"href":"https:\/\/www.caudete.org\/ayuntamiento\/wp-json\/wp\/v2\/media?parent=13438"}],"wp:term":[{"taxonomy":"category","embeddable":true,"href":"https:\/\/www.caudete.org\/ayuntamiento\/wp-json\/wp\/v2\/categories?post=13438"},{"taxonomy":"post_tag","embeddable":true,"href":"https:\/\/www.caudete.org\/ayuntamiento\/wp-json\/wp\/v2\/tags?post=13438"}],"curies":[{"name":"wp","href":"https:\/\/api.w.org\/{rel}","templated":true}]}}