{"id":13443,"date":"2021-03-26T10:15:39","date_gmt":"2021-03-26T09:15:39","guid":{"rendered":"https:\/\/www.caudete.org\/ayuntamiento\/?p=13443"},"modified":"2021-03-26T10:16:23","modified_gmt":"2021-03-26T09:16:23","slug":"el-pleno-aprueba-las-ayudas-a-autonomos-y-microempresas-por-nivel-iii-de-covid-19","status":"publish","type":"post","link":"https:\/\/www.caudete.org\/ayuntamiento\/el-pleno-aprueba-las-ayudas-a-autonomos-y-microempresas-por-nivel-iii-de-covid-19\/","title":{"rendered":"El Pleno aprueba las AYUDAS a Aut\u00f3nomos y Microempresas frente al COVID-19"},"content":{"rendered":"<p style=\"text-align: justify;\">El Pleno Municipal adoptaba anoche el Acuerdo de aprobaci\u00f3n del expediente Subvenciones a Aut\u00f3nomos y Microempresas, especialmente afectados por situaci\u00f3n Covid-19 en el municipio de Caudete, por el procedimiento de concesi\u00f3n directa: aprobaci\u00f3n de su convocatoria y bases reguladoras.<\/p>\n<p style=\"text-align: justify;\">Las mismas ser\u00e1n publicadas en el Bolet\u00edn Oficial de la Provincia (BOP), y tras ello los interesados tendr\u00e1n un plazo habilitado de 10 d\u00edas h\u00e1biles para presentar solicitud.<\/p>\n<p style=\"text-align: justify;\">Tal y como expres\u00f3 en el Pleno el Concejal Delegado de Econom\u00eda y Hacienda, Luis Felipe Ba\u00f1\u00f3n &#8220;estas ayudas, las primeras del a\u00f1o, salen con una tramitaci\u00f3n sencilla y unos requisitos m\u00ednimos, facilitando as\u00ed a los interesados el poder acogerse&#8221;. De esta forma, podr\u00e1n hacerlo:<\/p>\n<p style=\"text-align: justify;\">a\/ Aut\u00f3nomos sin asalariados con domicilio fiscal y ejercicio de actividad econ\u00f3mica en Caudete.<br \/>\nb\/ MICROEMPRESAS con centro de trabajo en Caudete.<\/p>\n<p style=\"text-align: justify;\">No obstante, los interesados han de estar de alta en el ejercicio de la actividad empresarial al menos desde 1 de junio de 2020, en alguno de los siguientes ep\u00edgrafes de actividad:.<\/p>\n<p style=\"text-align: justify;\">\u2022GRUPO 967. INSTALACIONES DEPORTIVAS Y ESCUELAS Y SERVICIOS DE PERFECCIONAMIENTO DEL DEPORTE.<\/p>\n<p style=\"text-align: justify;\">\u2022GRUPO 671. SERVICIOS EN RESTAURANTES.<\/p>\n<p style=\"text-align: justify;\">\u2022GRUPO 672. EN CAFETER\u00cdAS<\/p>\n<p style=\"text-align: justify;\">\u2022GRUPO 673. DE CAFES Y BARES, CON Y SIN COMIDA.<\/p>\n<p style=\"text-align: justify;\">\u2022GRUPO 674.5. SERVICIOS QUE SE PRESTEN EN SOCIEDADES, C\u00cdRCULOS, CASINOS, CLUBES Y ESTABLECIMIENTOS AN\u00c1LOGOS.<\/p>\n<p style=\"text-align: justify;\">\u2022GRUPO 676. SERVICIOS EN CHOCOLATER\u00cdAS, HELADER\u00cdAS Y HORCHATER\u00cdAS.<\/p>\n<p style=\"text-align: justify;\">\u2022GRUPO 677.9. OTROS SERVICIOS DE ALIMENTACI\u00d3N PROPIOS DE LA RESTAURACI\u00d3N.<\/p>\n<p style=\"text-align: justify;\">Las subvenciones otorgadas con arreglo a lo previsto en las presentes Bases ser\u00e1n compatibles con otras otorgadas para la misma finalidad por parte de otras Administraciones P\u00fablicas u otras entidades, p\u00fablicas o privadas, nacionales o extranjeros.<\/p>\n<p style=\"text-align: justify;\">El importe total a distribuir en concepto de subvenciones ser\u00e1 de 25.000,00\u20ac, con cargo a la aplicaci\u00f3n presupuestaria n\u00ba 1.231.48011 AYUDAS POR EMERGENCIA SOCIAL POR COVID, y el importe de la subvenci\u00f3n ser\u00e1:<\/p>\n<p style=\"text-align: justify;\">a) 300\u20ac para aut\u00f3nomos sin asalariados (Base 1.1.a))<br \/>\nb) 500\u20ac para microempresas (Base 1.1.b))<\/p>\n","protected":false},"excerpt":{"rendered":"<p>El Pleno Municipal adoptaba anoche el Acuerdo de aprobaci\u00f3n del expediente Subvenciones a Aut\u00f3nomos y Microempresas, especialmente afectados por situaci\u00f3n Covid-19 en el municipio de Caudete, por el procedimiento de concesi\u00f3n directa: aprobaci\u00f3n de su convocatoria y bases reguladoras. Las mismas ser\u00e1n publicadas en el Bolet\u00edn Oficial de la Provincia (BOP), y tras ello los &hellip;<\/p>\n","protected":false},"author":3,"featured_media":13444,"comment_status":"closed","ping_status":"open","sticky":false,"template":"","format":"standard","meta":{"ngg_post_thumbnail":0,"footnotes":""},"categories":[32],"tags":[],"class_list":["post-13443","post","type-post","status-publish","format-standard","has-post-thumbnail","hentry","category-industria-y-empresas"],"yoast_head":"<!-- This site is optimized with the Yoast SEO plugin v27.5 - https:\/\/yoast.com\/product\/yoast-seo-wordpress\/ -->\n<title>El Pleno aprueba las AYUDAS a Aut\u00f3nomos y Microempresas frente al COVID-19 - MI Ayuntamiento de Caudete<\/title>\n<meta name=\"description\" content=\"P\u00e1gina Oficial del Ayuntamiento de Caudete (Albacete)\" \/>\n<meta name=\"robots\" content=\"index, follow, max-snippet:-1, max-image-preview:large, max-video-preview:-1\" \/>\n<link rel=\"canonical\" href=\"https:\/\/www.caudete.org\/ayuntamiento\/el-pleno-aprueba-las-ayudas-a-autonomos-y-microempresas-por-nivel-iii-de-covid-19\/\" \/>\n<meta property=\"og:locale\" content=\"es_ES\" \/>\n<meta property=\"og:type\" content=\"article\" \/>\n<meta property=\"og:title\" content=\"El Pleno aprueba las AYUDAS a Aut\u00f3nomos y Microempresas frente al COVID-19 - MI Ayuntamiento de Caudete\" \/>\n<meta property=\"og:description\" content=\"P\u00e1gina Oficial del Ayuntamiento de Caudete (Albacete)\" \/>\n<meta property=\"og:url\" content=\"https:\/\/www.caudete.org\/ayuntamiento\/el-pleno-aprueba-las-ayudas-a-autonomos-y-microempresas-por-nivel-iii-de-covid-19\/\" \/>\n<meta property=\"og:site_name\" content=\"MI Ayuntamiento de Caudete\" \/>\n<meta property=\"article:publisher\" content=\"https:\/\/www.facebook.com\/ayuntamientocaudete\/\" \/>\n<meta property=\"article:published_time\" content=\"2021-03-26T09:15:39+00:00\" \/>\n<meta property=\"article:modified_time\" content=\"2021-03-26T09:16:23+00:00\" \/>\n<meta property=\"og:image\" content=\"https:\/\/www.caudete.org\/ayuntamiento\/wp-content\/uploads\/2021\/03\/hosteleria_2_caudete_digital-1.jpg\" \/>\n\t<meta property=\"og:image:width\" content=\"620\" \/>\n\t<meta property=\"og:image:height\" content=\"321\" \/>\n\t<meta property=\"og:image:type\" content=\"image\/jpeg\" \/>\n<meta name=\"author\" content=\"alcalde\" \/>\n<meta name=\"twitter:card\" content=\"summary_large_image\" \/>\n<meta name=\"twitter:label1\" content=\"Escrito por\" \/>\n\t<meta name=\"twitter:data1\" content=\"alcalde\" \/>\n\t<meta name=\"twitter:label2\" content=\"Tiempo de lectura\" \/>\n\t<meta name=\"twitter:data2\" content=\"2 minutos\" \/>\n<script type=\"application\/ld+json\" class=\"yoast-schema-graph\">{\"@context\":\"https:\\\/\\\/schema.org\",\"@graph\":[{\"@type\":\"Article\",\"@id\":\"https:\\\/\\\/www.caudete.org\\\/ayuntamiento\\\/el-pleno-aprueba-las-ayudas-a-autonomos-y-microempresas-por-nivel-iii-de-covid-19\\\/#article\",\"isPartOf\":{\"@id\":\"https:\\\/\\\/www.caudete.org\\\/ayuntamiento\\\/el-pleno-aprueba-las-ayudas-a-autonomos-y-microempresas-por-nivel-iii-de-covid-19\\\/\"},\"author\":{\"name\":\"alcalde\",\"@id\":\"https:\\\/\\\/www.caudete.org\\\/ayuntamiento\\\/#\\\/schema\\\/person\\\/cc646da9133078ee4d8dd47457947253\"},\"headline\":\"El Pleno aprueba las AYUDAS a Aut\u00f3nomos y Microempresas frente al COVID-19\",\"datePublished\":\"2021-03-26T09:15:39+00:00\",\"dateModified\":\"2021-03-26T09:16:23+00:00\",\"mainEntityOfPage\":{\"@id\":\"https:\\\/\\\/www.caudete.org\\\/ayuntamiento\\\/el-pleno-aprueba-las-ayudas-a-autonomos-y-microempresas-por-nivel-iii-de-covid-19\\\/\"},\"wordCount\":344,\"publisher\":{\"@id\":\"https:\\\/\\\/www.caudete.org\\\/ayuntamiento\\\/#organization\"},\"image\":{\"@id\":\"https:\\\/\\\/www.caudete.org\\\/ayuntamiento\\\/el-pleno-aprueba-las-ayudas-a-autonomos-y-microempresas-por-nivel-iii-de-covid-19\\\/#primaryimage\"},\"thumbnailUrl\":\"https:\\\/\\\/www.caudete.org\\\/ayuntamiento\\\/wp-content\\\/uploads\\\/2021\\\/03\\\/hosteleria_2_caudete_digital-1.jpg\",\"articleSection\":[\"Industria y Empresas\"],\"inLanguage\":\"es\"},{\"@type\":\"WebPage\",\"@id\":\"https:\\\/\\\/www.caudete.org\\\/ayuntamiento\\\/el-pleno-aprueba-las-ayudas-a-autonomos-y-microempresas-por-nivel-iii-de-covid-19\\\/\",\"url\":\"https:\\\/\\\/www.caudete.org\\\/ayuntamiento\\\/el-pleno-aprueba-las-ayudas-a-autonomos-y-microempresas-por-nivel-iii-de-covid-19\\\/\",\"name\":\"El Pleno aprueba las AYUDAS a Aut\u00f3nomos y Microempresas frente al COVID-19 - MI Ayuntamiento de Caudete\",\"isPartOf\":{\"@id\":\"https:\\\/\\\/www.caudete.org\\\/ayuntamiento\\\/#website\"},\"primaryImageOfPage\":{\"@id\":\"https:\\\/\\\/www.caudete.org\\\/ayuntamiento\\\/el-pleno-aprueba-las-ayudas-a-autonomos-y-microempresas-por-nivel-iii-de-covid-19\\\/#primaryimage\"},\"image\":{\"@id\":\"https:\\\/\\\/www.caudete.org\\\/ayuntamiento\\\/el-pleno-aprueba-las-ayudas-a-autonomos-y-microempresas-por-nivel-iii-de-covid-19\\\/#primaryimage\"},\"thumbnailUrl\":\"https:\\\/\\\/www.caudete.org\\\/ayuntamiento\\\/wp-content\\\/uploads\\\/2021\\\/03\\\/hosteleria_2_caudete_digital-1.jpg\",\"datePublished\":\"2021-03-26T09:15:39+00:00\",\"dateModified\":\"2021-03-26T09:16:23+00:00\",\"description\":\"P\u00e1gina Oficial del Ayuntamiento de Caudete (Albacete)\",\"breadcrumb\":{\"@id\":\"https:\\\/\\\/www.caudete.org\\\/ayuntamiento\\\/el-pleno-aprueba-las-ayudas-a-autonomos-y-microempresas-por-nivel-iii-de-covid-19\\\/#breadcrumb\"},\"inLanguage\":\"es\",\"potentialAction\":[{\"@type\":\"ReadAction\",\"target\":[\"https:\\\/\\\/www.caudete.org\\\/ayuntamiento\\\/el-pleno-aprueba-las-ayudas-a-autonomos-y-microempresas-por-nivel-iii-de-covid-19\\\/\"]}]},{\"@type\":\"ImageObject\",\"inLanguage\":\"es\",\"@id\":\"https:\\\/\\\/www.caudete.org\\\/ayuntamiento\\\/el-pleno-aprueba-las-ayudas-a-autonomos-y-microempresas-por-nivel-iii-de-covid-19\\\/#primaryimage\",\"url\":\"https:\\\/\\\/www.caudete.org\\\/ayuntamiento\\\/wp-content\\\/uploads\\\/2021\\\/03\\\/hosteleria_2_caudete_digital-1.jpg\",\"contentUrl\":\"https:\\\/\\\/www.caudete.org\\\/ayuntamiento\\\/wp-content\\\/uploads\\\/2021\\\/03\\\/hosteleria_2_caudete_digital-1.jpg\",\"width\":620,\"height\":321},{\"@type\":\"BreadcrumbList\",\"@id\":\"https:\\\/\\\/www.caudete.org\\\/ayuntamiento\\\/el-pleno-aprueba-las-ayudas-a-autonomos-y-microempresas-por-nivel-iii-de-covid-19\\\/#breadcrumb\",\"itemListElement\":[{\"@type\":\"ListItem\",\"position\":1,\"name\":\"Inicio\",\"item\":\"https:\\\/\\\/www.caudete.org\\\/ayuntamiento\\\/\"},{\"@type\":\"ListItem\",\"position\":2,\"name\":\"El Pleno aprueba las AYUDAS a Aut\u00f3nomos y Microempresas frente al COVID-19\"}]},{\"@type\":\"WebSite\",\"@id\":\"https:\\\/\\\/www.caudete.org\\\/ayuntamiento\\\/#website\",\"url\":\"https:\\\/\\\/www.caudete.org\\\/ayuntamiento\\\/\",\"name\":\"MI Ayuntamiento de Caudete\",\"description\":\"P\u00e1gina Oficial del MI Ayuntamiento de Caudete\",\"publisher\":{\"@id\":\"https:\\\/\\\/www.caudete.org\\\/ayuntamiento\\\/#organization\"},\"potentialAction\":[{\"@type\":\"SearchAction\",\"target\":{\"@type\":\"EntryPoint\",\"urlTemplate\":\"https:\\\/\\\/www.caudete.org\\\/ayuntamiento\\\/?s={search_term_string}\"},\"query-input\":{\"@type\":\"PropertyValueSpecification\",\"valueRequired\":true,\"valueName\":\"search_term_string\"}}],\"inLanguage\":\"es\"},{\"@type\":\"Organization\",\"@id\":\"https:\\\/\\\/www.caudete.org\\\/ayuntamiento\\\/#organization\",\"name\":\"Ayuntamiento de Caudete\",\"url\":\"https:\\\/\\\/www.caudete.org\\\/ayuntamiento\\\/\",\"logo\":{\"@type\":\"ImageObject\",\"inLanguage\":\"es\",\"@id\":\"https:\\\/\\\/www.caudete.org\\\/ayuntamiento\\\/#\\\/schema\\\/logo\\\/image\\\/\",\"url\":\"https:\\\/\\\/www.caudete.org\\\/ayuntamiento\\\/wp-content\\\/uploads\\\/2020\\\/11\\\/logo_ayuntamiento_caudete.jpg\",\"contentUrl\":\"https:\\\/\\\/www.caudete.org\\\/ayuntamiento\\\/wp-content\\\/uploads\\\/2020\\\/11\\\/logo_ayuntamiento_caudete.jpg\",\"width\":600,\"height\":150,\"caption\":\"Ayuntamiento de Caudete\"},\"image\":{\"@id\":\"https:\\\/\\\/www.caudete.org\\\/ayuntamiento\\\/#\\\/schema\\\/logo\\\/image\\\/\"},\"sameAs\":[\"https:\\\/\\\/www.facebook.com\\\/ayuntamientocaudete\\\/\",\"https:\\\/\\\/www.youtube.com\\\/channel\\\/UC6VztHaooNsGpw-tNoBEFnQ\"]},{\"@type\":\"Person\",\"@id\":\"https:\\\/\\\/www.caudete.org\\\/ayuntamiento\\\/#\\\/schema\\\/person\\\/cc646da9133078ee4d8dd47457947253\",\"name\":\"alcalde\",\"image\":{\"@type\":\"ImageObject\",\"inLanguage\":\"es\",\"@id\":\"https:\\\/\\\/secure.gravatar.com\\\/avatar\\\/84a817ba065b29ff08d666b215a215f5c79186a645ccb25b14a663d48a130f77?s=96&d=mm&r=g\",\"url\":\"https:\\\/\\\/secure.gravatar.com\\\/avatar\\\/84a817ba065b29ff08d666b215a215f5c79186a645ccb25b14a663d48a130f77?s=96&d=mm&r=g\",\"contentUrl\":\"https:\\\/\\\/secure.gravatar.com\\\/avatar\\\/84a817ba065b29ff08d666b215a215f5c79186a645ccb25b14a663d48a130f77?s=96&d=mm&r=g\",\"caption\":\"alcalde\"},\"url\":\"https:\\\/\\\/www.caudete.org\\\/ayuntamiento\\\/author\\\/alcalde\\\/\"}]}<\/script>\n<!-- \/ Yoast SEO plugin. -->","yoast_head_json":{"title":"El Pleno aprueba las AYUDAS a Aut\u00f3nomos y Microempresas frente al COVID-19 - MI Ayuntamiento de Caudete","description":"P\u00e1gina Oficial del Ayuntamiento de Caudete (Albacete)","robots":{"index":"index","follow":"follow","max-snippet":"max-snippet:-1","max-image-preview":"max-image-preview:large","max-video-preview":"max-video-preview:-1"},"canonical":"https:\/\/www.caudete.org\/ayuntamiento\/el-pleno-aprueba-las-ayudas-a-autonomos-y-microempresas-por-nivel-iii-de-covid-19\/","og_locale":"es_ES","og_type":"article","og_title":"El Pleno aprueba las AYUDAS a Aut\u00f3nomos y Microempresas frente al COVID-19 - MI Ayuntamiento de Caudete","og_description":"P\u00e1gina Oficial del Ayuntamiento de Caudete (Albacete)","og_url":"https:\/\/www.caudete.org\/ayuntamiento\/el-pleno-aprueba-las-ayudas-a-autonomos-y-microempresas-por-nivel-iii-de-covid-19\/","og_site_name":"MI Ayuntamiento de Caudete","article_publisher":"https:\/\/www.facebook.com\/ayuntamientocaudete\/","article_published_time":"2021-03-26T09:15:39+00:00","article_modified_time":"2021-03-26T09:16:23+00:00","og_image":[{"width":620,"height":321,"url":"https:\/\/www.caudete.org\/ayuntamiento\/wp-content\/uploads\/2021\/03\/hosteleria_2_caudete_digital-1.jpg","type":"image\/jpeg"}],"author":"alcalde","twitter_card":"summary_large_image","twitter_misc":{"Escrito por":"alcalde","Tiempo de lectura":"2 minutos"},"schema":{"@context":"https:\/\/schema.org","@graph":[{"@type":"Article","@id":"https:\/\/www.caudete.org\/ayuntamiento\/el-pleno-aprueba-las-ayudas-a-autonomos-y-microempresas-por-nivel-iii-de-covid-19\/#article","isPartOf":{"@id":"https:\/\/www.caudete.org\/ayuntamiento\/el-pleno-aprueba-las-ayudas-a-autonomos-y-microempresas-por-nivel-iii-de-covid-19\/"},"author":{"name":"alcalde","@id":"https:\/\/www.caudete.org\/ayuntamiento\/#\/schema\/person\/cc646da9133078ee4d8dd47457947253"},"headline":"El Pleno aprueba las AYUDAS a Aut\u00f3nomos y Microempresas frente al COVID-19","datePublished":"2021-03-26T09:15:39+00:00","dateModified":"2021-03-26T09:16:23+00:00","mainEntityOfPage":{"@id":"https:\/\/www.caudete.org\/ayuntamiento\/el-pleno-aprueba-las-ayudas-a-autonomos-y-microempresas-por-nivel-iii-de-covid-19\/"},"wordCount":344,"publisher":{"@id":"https:\/\/www.caudete.org\/ayuntamiento\/#organization"},"image":{"@id":"https:\/\/www.caudete.org\/ayuntamiento\/el-pleno-aprueba-las-ayudas-a-autonomos-y-microempresas-por-nivel-iii-de-covid-19\/#primaryimage"},"thumbnailUrl":"https:\/\/www.caudete.org\/ayuntamiento\/wp-content\/uploads\/2021\/03\/hosteleria_2_caudete_digital-1.jpg","articleSection":["Industria y Empresas"],"inLanguage":"es"},{"@type":"WebPage","@id":"https:\/\/www.caudete.org\/ayuntamiento\/el-pleno-aprueba-las-ayudas-a-autonomos-y-microempresas-por-nivel-iii-de-covid-19\/","url":"https:\/\/www.caudete.org\/ayuntamiento\/el-pleno-aprueba-las-ayudas-a-autonomos-y-microempresas-por-nivel-iii-de-covid-19\/","name":"El Pleno aprueba las AYUDAS a Aut\u00f3nomos y Microempresas frente al COVID-19 - MI Ayuntamiento de Caudete","isPartOf":{"@id":"https:\/\/www.caudete.org\/ayuntamiento\/#website"},"primaryImageOfPage":{"@id":"https:\/\/www.caudete.org\/ayuntamiento\/el-pleno-aprueba-las-ayudas-a-autonomos-y-microempresas-por-nivel-iii-de-covid-19\/#primaryimage"},"image":{"@id":"https:\/\/www.caudete.org\/ayuntamiento\/el-pleno-aprueba-las-ayudas-a-autonomos-y-microempresas-por-nivel-iii-de-covid-19\/#primaryimage"},"thumbnailUrl":"https:\/\/www.caudete.org\/ayuntamiento\/wp-content\/uploads\/2021\/03\/hosteleria_2_caudete_digital-1.jpg","datePublished":"2021-03-26T09:15:39+00:00","dateModified":"2021-03-26T09:16:23+00:00","description":"P\u00e1gina Oficial del Ayuntamiento de Caudete (Albacete)","breadcrumb":{"@id":"https:\/\/www.caudete.org\/ayuntamiento\/el-pleno-aprueba-las-ayudas-a-autonomos-y-microempresas-por-nivel-iii-de-covid-19\/#breadcrumb"},"inLanguage":"es","potentialAction":[{"@type":"ReadAction","target":["https:\/\/www.caudete.org\/ayuntamiento\/el-pleno-aprueba-las-ayudas-a-autonomos-y-microempresas-por-nivel-iii-de-covid-19\/"]}]},{"@type":"ImageObject","inLanguage":"es","@id":"https:\/\/www.caudete.org\/ayuntamiento\/el-pleno-aprueba-las-ayudas-a-autonomos-y-microempresas-por-nivel-iii-de-covid-19\/#primaryimage","url":"https:\/\/www.caudete.org\/ayuntamiento\/wp-content\/uploads\/2021\/03\/hosteleria_2_caudete_digital-1.jpg","contentUrl":"https:\/\/www.caudete.org\/ayuntamiento\/wp-content\/uploads\/2021\/03\/hosteleria_2_caudete_digital-1.jpg","width":620,"height":321},{"@type":"BreadcrumbList","@id":"https:\/\/www.caudete.org\/ayuntamiento\/el-pleno-aprueba-las-ayudas-a-autonomos-y-microempresas-por-nivel-iii-de-covid-19\/#breadcrumb","itemListElement":[{"@type":"ListItem","position":1,"name":"Inicio","item":"https:\/\/www.caudete.org\/ayuntamiento\/"},{"@type":"ListItem","position":2,"name":"El Pleno aprueba las AYUDAS a Aut\u00f3nomos y Microempresas frente al COVID-19"}]},{"@type":"WebSite","@id":"https:\/\/www.caudete.org\/ayuntamiento\/#website","url":"https:\/\/www.caudete.org\/ayuntamiento\/","name":"MI Ayuntamiento de Caudete","description":"P\u00e1gina Oficial del MI Ayuntamiento de Caudete","publisher":{"@id":"https:\/\/www.caudete.org\/ayuntamiento\/#organization"},"potentialAction":[{"@type":"SearchAction","target":{"@type":"EntryPoint","urlTemplate":"https:\/\/www.caudete.org\/ayuntamiento\/?s={search_term_string}"},"query-input":{"@type":"PropertyValueSpecification","valueRequired":true,"valueName":"search_term_string"}}],"inLanguage":"es"},{"@type":"Organization","@id":"https:\/\/www.caudete.org\/ayuntamiento\/#organization","name":"Ayuntamiento de Caudete","url":"https:\/\/www.caudete.org\/ayuntamiento\/","logo":{"@type":"ImageObject","inLanguage":"es","@id":"https:\/\/www.caudete.org\/ayuntamiento\/#\/schema\/logo\/image\/","url":"https:\/\/www.caudete.org\/ayuntamiento\/wp-content\/uploads\/2020\/11\/logo_ayuntamiento_caudete.jpg","contentUrl":"https:\/\/www.caudete.org\/ayuntamiento\/wp-content\/uploads\/2020\/11\/logo_ayuntamiento_caudete.jpg","width":600,"height":150,"caption":"Ayuntamiento de Caudete"},"image":{"@id":"https:\/\/www.caudete.org\/ayuntamiento\/#\/schema\/logo\/image\/"},"sameAs":["https:\/\/www.facebook.com\/ayuntamientocaudete\/","https:\/\/www.youtube.com\/channel\/UC6VztHaooNsGpw-tNoBEFnQ"]},{"@type":"Person","@id":"https:\/\/www.caudete.org\/ayuntamiento\/#\/schema\/person\/cc646da9133078ee4d8dd47457947253","name":"alcalde","image":{"@type":"ImageObject","inLanguage":"es","@id":"https:\/\/secure.gravatar.com\/avatar\/84a817ba065b29ff08d666b215a215f5c79186a645ccb25b14a663d48a130f77?s=96&d=mm&r=g","url":"https:\/\/secure.gravatar.com\/avatar\/84a817ba065b29ff08d666b215a215f5c79186a645ccb25b14a663d48a130f77?s=96&d=mm&r=g","contentUrl":"https:\/\/secure.gravatar.com\/avatar\/84a817ba065b29ff08d666b215a215f5c79186a645ccb25b14a663d48a130f77?s=96&d=mm&r=g","caption":"alcalde"},"url":"https:\/\/www.caudete.org\/ayuntamiento\/author\/alcalde\/"}]}},"_links":{"self":[{"href":"https:\/\/www.caudete.org\/ayuntamiento\/wp-json\/wp\/v2\/posts\/13443","targetHints":{"allow":["GET"]}}],"collection":[{"href":"https:\/\/www.caudete.org\/ayuntamiento\/wp-json\/wp\/v2\/posts"}],"about":[{"href":"https:\/\/www.caudete.org\/ayuntamiento\/wp-json\/wp\/v2\/types\/post"}],"author":[{"embeddable":true,"href":"https:\/\/www.caudete.org\/ayuntamiento\/wp-json\/wp\/v2\/users\/3"}],"replies":[{"embeddable":true,"href":"https:\/\/www.caudete.org\/ayuntamiento\/wp-json\/wp\/v2\/comments?post=13443"}],"version-history":[{"count":3,"href":"https:\/\/www.caudete.org\/ayuntamiento\/wp-json\/wp\/v2\/posts\/13443\/revisions"}],"predecessor-version":[{"id":13447,"href":"https:\/\/www.caudete.org\/ayuntamiento\/wp-json\/wp\/v2\/posts\/13443\/revisions\/13447"}],"wp:featuredmedia":[{"embeddable":true,"href":"https:\/\/www.caudete.org\/ayuntamiento\/wp-json\/wp\/v2\/media\/13444"}],"wp:attachment":[{"href":"https:\/\/www.caudete.org\/ayuntamiento\/wp-json\/wp\/v2\/media?parent=13443"}],"wp:term":[{"taxonomy":"category","embeddable":true,"href":"https:\/\/www.caudete.org\/ayuntamiento\/wp-json\/wp\/v2\/categories?post=13443"},{"taxonomy":"post_tag","embeddable":true,"href":"https:\/\/www.caudete.org\/ayuntamiento\/wp-json\/wp\/v2\/tags?post=13443"}],"curies":[{"name":"wp","href":"https:\/\/api.w.org\/{rel}","templated":true}]}}