{"id":13459,"date":"2021-03-26T13:11:43","date_gmt":"2021-03-26T12:11:43","guid":{"rendered":"https:\/\/www.caudete.org\/ayuntamiento\/?p=13459"},"modified":"2021-03-26T13:18:39","modified_gmt":"2021-03-26T12:18:39","slug":"becas-icex-de-internacionalizacion-2","status":"publish","type":"post","link":"https:\/\/www.caudete.org\/ayuntamiento\/becas-icex-de-internacionalizacion-2\/","title":{"rendered":"BECAS ICEX de Internacionalizaci\u00f3n"},"content":{"rendered":"<p><strong>Orienta tu carrera profesional al mundo de la internacionalizaci\u00f3n.<\/strong><\/p>\n<p>ICEX apuesta por el desarrollo de la cultura de la internacionalizaci\u00f3n y desde 1975 cuenta con el Programa de Becas de Internacionalizaci\u00f3n Empresarial, que convoca anualmente.<\/p>\n<p>A trav\u00e9s de este Programa se ofrece a titulados universitarios una s\u00f3lida formaci\u00f3n te\u00f3rica y una especializaci\u00f3n pr\u00e1ctica en internacionalizaci\u00f3n, con el objetivo de dotar de j\u00f3venes profesionales cualificados a empresas, entidades espa\u00f1olas y a organismos internacionales de los que Espa\u00f1a es miembro.<\/p>\n<p><strong>\u00bfTienes dudas sobre las Becas de Internacionalizaci\u00f3n ICEX?\u00a0 \u00a0\u00a1Contacta con nosotros!<\/strong><\/p>\n<p><strong>\u00a0<\/strong><a href=\"https:\/\/www.icex.es\/icex\/es\/navegacion-principal\/todos-nuestros-servicios\/formacion\/becas\/nuestras-becas\/becas-activas\/contacto\/index.html\" target=\"_blank\" rel=\"nofollow\"><strong>CONTACTA AQU\u00cd<\/strong><\/a><\/p>\n<p><strong>Nuestros encuentros\u00a0<em>online<\/em>\u00a0para presentar la 46\u00aa Promoci\u00f3n del Programa de Becas ICEX:<\/strong><\/p>\n<p><a href=\"https:\/\/www.icex-ceco.es\/gestion\/apps\/app_util\/solicitud.php?672836\" target=\"_blank\" rel=\"nofollow\">Jueves 8 de abril, 18:00h<\/a><\/p>\n<p><a href=\"https:\/\/www.icex-ceco.es\/gestion\/apps\/app_util\/solicitud.php?672836\" target=\"_blank\" rel=\"nofollow\">Jueves 8 de abril, 18:00h<\/a><\/p>\n<p><a href=\"https:\/\/www.icex-ceco.es\/gestion\/apps\/app_util\/solicitud.php?672948\" target=\"_blank\" rel=\"nofollow\">Martes 13 de abril, 10:00h<\/a><\/p>\n<p><strong><u>Fases de las BECAS ICEX de Internacionalizaci\u00f3n:<\/u><\/strong><\/p>\n<p><strong>FASE 0: M\u00e1ster en Gesti\u00f3n Internacional de la Empresa<\/strong><\/p>\n<ul>\n<li><strong>M\u00e1ster Universitario en Gesti\u00f3n Internacional de la Empresa (MBA in International Management).<\/strong><\/li>\n<li>T\u00edtulo oficial de 75 ECTS, impartido en Madrid por ICEX-CECO en alianza acad\u00e9mica con la Universidad Internacional Men\u00e9ndez Pelayo.<\/li>\n<li>M\u00e1s informaci\u00f3n:\u00a0<a href=\"https:\/\/www.icex-ceco.es\/curso\/mba-in-international-management-fase-0---becas-icex---46-promocion?utm_source=mediospropios&amp;utm_medium=icex&amp;utm_content=mas-info&amp;utm_campaign=becas-internacionalizacion-46\" target=\"_blank\" rel=\"nofollow\">M\u00e1ster universitario en Gesti\u00f3n internacional de la empresa<\/a><\/li>\n<li>Accede a la\u00a0<a href=\"https:\/\/www.icex.es\/icex\/es\/navegacion-principal\/todos-nuestros-servicios\/formacion\/becas\/nuestras-becas\/becas-activas\/becas-icex-46-promocion-bec2021872345.html\" target=\"_blank\" rel=\"nofollow\">p\u00e1gina de la \u00faltima Convocatoria<\/a>para conocer todas las condiciones.<\/li>\n<\/ul>\n<p><strong>FASE I: Pr\u00e1cticas en Oficinas Comerciales de Espa\u00f1a en el exterior<\/strong><\/p>\n<ul>\n<li>Pr\u00e1cticas en la Red de Oficinas de Oficinas Econ\u00f3micas y Comerciales de Espa\u00f1a en el Exterior, con una duraci\u00f3n de 12 meses.<\/li>\n<li>Dotaci\u00f3n econ\u00f3mica bruta anual* de entre 21.300\u20ac y 42.800\u20ac seg\u00fan destino.<\/li>\n<li>Plan de formaci\u00f3n continuo y tutorizado, as\u00ed como eventual apoyo a la formaci\u00f3n en idiomas.<\/li>\n<li>*\u00a0<em>Dotaci\u00f3n revisable anualmente, estas cifras corresponden a la 46\u00aa Promoci\u00f3n de las Becas ICEX.<\/em><\/li>\n<li>Accede a la\u00a0<a href=\"https:\/\/www.icex.es\/icex\/es\/navegacion-principal\/todos-nuestros-servicios\/formacion\/becas\/nuestras-becas\/becas-activas\/becas-icex-46-promocion-bec2021872345.html\" target=\"_blank\" rel=\"nofollow\">p\u00e1gina de la \u00faltima Convocatoria<\/a>para conocer todas las condiciones.<strong>\u00a0<\/strong><\/li>\n<\/ul>\n<p><strong>FASE II: Pr\u00e1cticas en empresas dentro y fuera de Espa\u00f1a<\/strong><\/p>\n<ul>\n<li>Pr\u00e1cticas, dentro y fuera de Espa\u00f1a, en empresas, entidades u organismos internacionales, con una duraci\u00f3n de 12 meses.<\/li>\n<li>Dotaci\u00f3n econ\u00f3mica bruta anual* de entre 21.300\u20ac y 42.800\u20ac seg\u00fan destino.<\/li>\n<li>Diferentes tipos de cofinanciaci\u00f3n por parte de ICEX en funci\u00f3n del destino de las pr\u00e1cticas: PYMES, grandes empresas, entidades u OOII.<\/li>\n<li>*\u00a0<em>Dotaci\u00f3n revisable anualmente, estas cifras corresponden a la 46\u00aa Promoci\u00f3n de las Becas ICEX.<\/em><\/li>\n<li>Accede a la<a href=\"https:\/\/www.icex.es\/icex\/es\/navegacion-principal\/todos-nuestros-servicios\/formacion\/becas\/nuestras-becas\/becas-activas\/practicas-empresas-entidades-2021-becas-icex-bec2020855129.html?utm_source=banner-interno&amp;utm_medium=icex-es&amp;utm_content=319-319&amp;utm_campaign=becas-empresas-2021\" target=\"_blank\" rel=\"nofollow\">p\u00e1gina de la \u00faltima Convocatoria<\/a>\u00a0para conocer todas las condiciones.<\/li>\n<\/ul>\n<p><strong>Los becarios ICEX finalizan el m\u00e1ster<\/strong><\/p>\n<p>A\u00f1o tras a\u00f1o las promociones de becarios son reclamadas por las empresas y organizaciones como recursos humanos de elevada cualificaci\u00f3n:\u00a0<strong>este es el mejor indicador del \u00e9xito del programa.<\/strong><\/p>\n<p><a href=\"https:\/\/www.caudete.org\/ayuntamiento\/wp-content\/uploads\/2021\/03\/ICEX-presentacion-becas.jpg\" rel='prettyPhoto'><img fetchpriority=\"high\" decoding=\"async\" class=\"aligncenter wp-image-13453 size-medium\" src=\"https:\/\/www.caudete.org\/ayuntamiento\/wp-content\/uploads\/2021\/03\/ICEX-presentacion-becas-300x169.jpg\" alt=\"\" width=\"300\" height=\"169\" srcset=\"https:\/\/www.caudete.org\/ayuntamiento\/wp-content\/uploads\/2021\/03\/ICEX-presentacion-becas-300x169.jpg 300w, https:\/\/www.caudete.org\/ayuntamiento\/wp-content\/uploads\/2021\/03\/ICEX-presentacion-becas-1024x576.jpg 1024w, https:\/\/www.caudete.org\/ayuntamiento\/wp-content\/uploads\/2021\/03\/ICEX-presentacion-becas-768x432.jpg 768w, https:\/\/www.caudete.org\/ayuntamiento\/wp-content\/uploads\/2021\/03\/ICEX-presentacion-becas-1536x864.jpg 1536w, https:\/\/www.caudete.org\/ayuntamiento\/wp-content\/uploads\/2021\/03\/ICEX-presentacion-becas.jpg 1920w\" sizes=\"(max-width: 300px) 100vw, 300px\" \/><\/a><\/p>\n","protected":false},"excerpt":{"rendered":"<p>Orienta tu carrera profesional al mundo de la internacionalizaci\u00f3n. ICEX apuesta por el desarrollo de la cultura de la internacionalizaci\u00f3n y desde 1975 cuenta con el Programa de Becas de Internacionalizaci\u00f3n Empresarial, que convoca anualmente. A trav\u00e9s de este Programa se ofrece a titulados universitarios una s\u00f3lida formaci\u00f3n te\u00f3rica y una especializaci\u00f3n pr\u00e1ctica en internacionalizaci\u00f3n, &hellip;<\/p>\n","protected":false},"author":2,"featured_media":13452,"comment_status":"closed","ping_status":"open","sticky":false,"template":"","format":"standard","meta":{"ngg_post_thumbnail":0,"footnotes":""},"categories":[90],"tags":[302,565],"class_list":["post-13459","post","type-post","status-publish","format-standard","has-post-thumbnail","hentry","category-tablon-informativo-desarrollo-local","tag-becas","tag-becas-icex"],"yoast_head":"<!-- This site is optimized with the Yoast SEO plugin v27.4 - https:\/\/yoast.com\/product\/yoast-seo-wordpress\/ -->\n<title>BECAS ICEX de Internacionalizaci\u00f3n - MI Ayuntamiento de Caudete<\/title>\n<meta name=\"description\" content=\"P\u00e1gina Oficial del Ayuntamiento de Caudete (Albacete)\" \/>\n<meta name=\"robots\" content=\"index, follow, max-snippet:-1, max-image-preview:large, max-video-preview:-1\" \/>\n<link rel=\"canonical\" href=\"https:\/\/www.caudete.org\/ayuntamiento\/becas-icex-de-internacionalizacion-2\/\" \/>\n<meta property=\"og:locale\" content=\"es_ES\" \/>\n<meta property=\"og:type\" content=\"article\" \/>\n<meta property=\"og:title\" content=\"BECAS ICEX de Internacionalizaci\u00f3n - MI Ayuntamiento de Caudete\" \/>\n<meta property=\"og:description\" content=\"P\u00e1gina Oficial del Ayuntamiento de Caudete (Albacete)\" \/>\n<meta property=\"og:url\" content=\"https:\/\/www.caudete.org\/ayuntamiento\/becas-icex-de-internacionalizacion-2\/\" \/>\n<meta property=\"og:site_name\" content=\"MI Ayuntamiento de Caudete\" \/>\n<meta property=\"article:publisher\" content=\"https:\/\/www.facebook.com\/ayuntamientocaudete\/\" \/>\n<meta property=\"article:published_time\" content=\"2021-03-26T12:11:43+00:00\" \/>\n<meta property=\"article:modified_time\" content=\"2021-03-26T12:18:39+00:00\" \/>\n<meta property=\"og:image\" content=\"https:\/\/www.caudete.org\/ayuntamiento\/wp-content\/uploads\/2021\/03\/becas-icex-internacionalizacion-empresarial.jpg\" \/>\n\t<meta property=\"og:image:width\" content=\"990\" \/>\n\t<meta property=\"og:image:height\" content=\"526\" \/>\n\t<meta property=\"og:image:type\" content=\"image\/jpeg\" \/>\n<meta name=\"author\" content=\"Juan\" \/>\n<meta name=\"twitter:card\" content=\"summary_large_image\" \/>\n<meta name=\"twitter:label1\" content=\"Escrito por\" \/>\n\t<meta name=\"twitter:data1\" content=\"Juan\" \/>\n\t<meta name=\"twitter:label2\" content=\"Tiempo de lectura\" \/>\n\t<meta name=\"twitter:data2\" content=\"2 minutos\" \/>\n<script type=\"application\/ld+json\" class=\"yoast-schema-graph\">{\"@context\":\"https:\\\/\\\/schema.org\",\"@graph\":[{\"@type\":\"Article\",\"@id\":\"https:\\\/\\\/www.caudete.org\\\/ayuntamiento\\\/becas-icex-de-internacionalizacion-2\\\/#article\",\"isPartOf\":{\"@id\":\"https:\\\/\\\/www.caudete.org\\\/ayuntamiento\\\/becas-icex-de-internacionalizacion-2\\\/\"},\"author\":{\"name\":\"Juan\",\"@id\":\"https:\\\/\\\/www.caudete.org\\\/ayuntamiento\\\/#\\\/schema\\\/person\\\/7656a5bb58fca95b9814e940de0fda63\"},\"headline\":\"BECAS ICEX de Internacionalizaci\u00f3n\",\"datePublished\":\"2021-03-26T12:11:43+00:00\",\"dateModified\":\"2021-03-26T12:18:39+00:00\",\"mainEntityOfPage\":{\"@id\":\"https:\\\/\\\/www.caudete.org\\\/ayuntamiento\\\/becas-icex-de-internacionalizacion-2\\\/\"},\"wordCount\":444,\"publisher\":{\"@id\":\"https:\\\/\\\/www.caudete.org\\\/ayuntamiento\\\/#organization\"},\"image\":{\"@id\":\"https:\\\/\\\/www.caudete.org\\\/ayuntamiento\\\/becas-icex-de-internacionalizacion-2\\\/#primaryimage\"},\"thumbnailUrl\":\"https:\\\/\\\/www.caudete.org\\\/ayuntamiento\\\/wp-content\\\/uploads\\\/2021\\\/03\\\/becas-icex-internacionalizacion-empresarial.jpg\",\"keywords\":[\"Becas\",\"Becas Icex\"],\"articleSection\":[\"Tabl\u00f3n informativo (Desarrollo local)\"],\"inLanguage\":\"es\"},{\"@type\":\"WebPage\",\"@id\":\"https:\\\/\\\/www.caudete.org\\\/ayuntamiento\\\/becas-icex-de-internacionalizacion-2\\\/\",\"url\":\"https:\\\/\\\/www.caudete.org\\\/ayuntamiento\\\/becas-icex-de-internacionalizacion-2\\\/\",\"name\":\"BECAS ICEX de Internacionalizaci\u00f3n - MI Ayuntamiento de Caudete\",\"isPartOf\":{\"@id\":\"https:\\\/\\\/www.caudete.org\\\/ayuntamiento\\\/#website\"},\"primaryImageOfPage\":{\"@id\":\"https:\\\/\\\/www.caudete.org\\\/ayuntamiento\\\/becas-icex-de-internacionalizacion-2\\\/#primaryimage\"},\"image\":{\"@id\":\"https:\\\/\\\/www.caudete.org\\\/ayuntamiento\\\/becas-icex-de-internacionalizacion-2\\\/#primaryimage\"},\"thumbnailUrl\":\"https:\\\/\\\/www.caudete.org\\\/ayuntamiento\\\/wp-content\\\/uploads\\\/2021\\\/03\\\/becas-icex-internacionalizacion-empresarial.jpg\",\"datePublished\":\"2021-03-26T12:11:43+00:00\",\"dateModified\":\"2021-03-26T12:18:39+00:00\",\"description\":\"P\u00e1gina Oficial del Ayuntamiento de Caudete (Albacete)\",\"breadcrumb\":{\"@id\":\"https:\\\/\\\/www.caudete.org\\\/ayuntamiento\\\/becas-icex-de-internacionalizacion-2\\\/#breadcrumb\"},\"inLanguage\":\"es\",\"potentialAction\":[{\"@type\":\"ReadAction\",\"target\":[\"https:\\\/\\\/www.caudete.org\\\/ayuntamiento\\\/becas-icex-de-internacionalizacion-2\\\/\"]}]},{\"@type\":\"ImageObject\",\"inLanguage\":\"es\",\"@id\":\"https:\\\/\\\/www.caudete.org\\\/ayuntamiento\\\/becas-icex-de-internacionalizacion-2\\\/#primaryimage\",\"url\":\"https:\\\/\\\/www.caudete.org\\\/ayuntamiento\\\/wp-content\\\/uploads\\\/2021\\\/03\\\/becas-icex-internacionalizacion-empresarial.jpg\",\"contentUrl\":\"https:\\\/\\\/www.caudete.org\\\/ayuntamiento\\\/wp-content\\\/uploads\\\/2021\\\/03\\\/becas-icex-internacionalizacion-empresarial.jpg\",\"width\":990,\"height\":526},{\"@type\":\"BreadcrumbList\",\"@id\":\"https:\\\/\\\/www.caudete.org\\\/ayuntamiento\\\/becas-icex-de-internacionalizacion-2\\\/#breadcrumb\",\"itemListElement\":[{\"@type\":\"ListItem\",\"position\":1,\"name\":\"Inicio\",\"item\":\"https:\\\/\\\/www.caudete.org\\\/ayuntamiento\\\/\"},{\"@type\":\"ListItem\",\"position\":2,\"name\":\"BECAS ICEX de Internacionalizaci\u00f3n\"}]},{\"@type\":\"WebSite\",\"@id\":\"https:\\\/\\\/www.caudete.org\\\/ayuntamiento\\\/#website\",\"url\":\"https:\\\/\\\/www.caudete.org\\\/ayuntamiento\\\/\",\"name\":\"MI Ayuntamiento de Caudete\",\"description\":\"P\u00e1gina Oficial del MI Ayuntamiento de Caudete\",\"publisher\":{\"@id\":\"https:\\\/\\\/www.caudete.org\\\/ayuntamiento\\\/#organization\"},\"potentialAction\":[{\"@type\":\"SearchAction\",\"target\":{\"@type\":\"EntryPoint\",\"urlTemplate\":\"https:\\\/\\\/www.caudete.org\\\/ayuntamiento\\\/?s={search_term_string}\"},\"query-input\":{\"@type\":\"PropertyValueSpecification\",\"valueRequired\":true,\"valueName\":\"search_term_string\"}}],\"inLanguage\":\"es\"},{\"@type\":\"Organization\",\"@id\":\"https:\\\/\\\/www.caudete.org\\\/ayuntamiento\\\/#organization\",\"name\":\"Ayuntamiento de Caudete\",\"url\":\"https:\\\/\\\/www.caudete.org\\\/ayuntamiento\\\/\",\"logo\":{\"@type\":\"ImageObject\",\"inLanguage\":\"es\",\"@id\":\"https:\\\/\\\/www.caudete.org\\\/ayuntamiento\\\/#\\\/schema\\\/logo\\\/image\\\/\",\"url\":\"https:\\\/\\\/www.caudete.org\\\/ayuntamiento\\\/wp-content\\\/uploads\\\/2020\\\/11\\\/logo_ayuntamiento_caudete.jpg\",\"contentUrl\":\"https:\\\/\\\/www.caudete.org\\\/ayuntamiento\\\/wp-content\\\/uploads\\\/2020\\\/11\\\/logo_ayuntamiento_caudete.jpg\",\"width\":600,\"height\":150,\"caption\":\"Ayuntamiento de Caudete\"},\"image\":{\"@id\":\"https:\\\/\\\/www.caudete.org\\\/ayuntamiento\\\/#\\\/schema\\\/logo\\\/image\\\/\"},\"sameAs\":[\"https:\\\/\\\/www.facebook.com\\\/ayuntamientocaudete\\\/\",\"https:\\\/\\\/www.youtube.com\\\/channel\\\/UC6VztHaooNsGpw-tNoBEFnQ\"]},{\"@type\":\"Person\",\"@id\":\"https:\\\/\\\/www.caudete.org\\\/ayuntamiento\\\/#\\\/schema\\\/person\\\/7656a5bb58fca95b9814e940de0fda63\",\"name\":\"Juan\",\"image\":{\"@type\":\"ImageObject\",\"inLanguage\":\"es\",\"@id\":\"https:\\\/\\\/secure.gravatar.com\\\/avatar\\\/dd53e51c0cd6ab23f52d4f3e4f1c59730240727763de3dbbf26750b079a2c292?s=96&d=mm&r=g\",\"url\":\"https:\\\/\\\/secure.gravatar.com\\\/avatar\\\/dd53e51c0cd6ab23f52d4f3e4f1c59730240727763de3dbbf26750b079a2c292?s=96&d=mm&r=g\",\"contentUrl\":\"https:\\\/\\\/secure.gravatar.com\\\/avatar\\\/dd53e51c0cd6ab23f52d4f3e4f1c59730240727763de3dbbf26750b079a2c292?s=96&d=mm&r=g\",\"caption\":\"Juan\"},\"url\":\"https:\\\/\\\/www.caudete.org\\\/ayuntamiento\\\/author\\\/centrodeinternet\\\/\"}]}<\/script>\n<!-- \/ Yoast SEO plugin. -->","yoast_head_json":{"title":"BECAS ICEX de Internacionalizaci\u00f3n - MI Ayuntamiento de Caudete","description":"P\u00e1gina Oficial del Ayuntamiento de Caudete (Albacete)","robots":{"index":"index","follow":"follow","max-snippet":"max-snippet:-1","max-image-preview":"max-image-preview:large","max-video-preview":"max-video-preview:-1"},"canonical":"https:\/\/www.caudete.org\/ayuntamiento\/becas-icex-de-internacionalizacion-2\/","og_locale":"es_ES","og_type":"article","og_title":"BECAS ICEX de Internacionalizaci\u00f3n - MI Ayuntamiento de Caudete","og_description":"P\u00e1gina Oficial del Ayuntamiento de Caudete (Albacete)","og_url":"https:\/\/www.caudete.org\/ayuntamiento\/becas-icex-de-internacionalizacion-2\/","og_site_name":"MI Ayuntamiento de Caudete","article_publisher":"https:\/\/www.facebook.com\/ayuntamientocaudete\/","article_published_time":"2021-03-26T12:11:43+00:00","article_modified_time":"2021-03-26T12:18:39+00:00","og_image":[{"width":990,"height":526,"url":"https:\/\/www.caudete.org\/ayuntamiento\/wp-content\/uploads\/2021\/03\/becas-icex-internacionalizacion-empresarial.jpg","type":"image\/jpeg"}],"author":"Juan","twitter_card":"summary_large_image","twitter_misc":{"Escrito por":"Juan","Tiempo de lectura":"2 minutos"},"schema":{"@context":"https:\/\/schema.org","@graph":[{"@type":"Article","@id":"https:\/\/www.caudete.org\/ayuntamiento\/becas-icex-de-internacionalizacion-2\/#article","isPartOf":{"@id":"https:\/\/www.caudete.org\/ayuntamiento\/becas-icex-de-internacionalizacion-2\/"},"author":{"name":"Juan","@id":"https:\/\/www.caudete.org\/ayuntamiento\/#\/schema\/person\/7656a5bb58fca95b9814e940de0fda63"},"headline":"BECAS ICEX de Internacionalizaci\u00f3n","datePublished":"2021-03-26T12:11:43+00:00","dateModified":"2021-03-26T12:18:39+00:00","mainEntityOfPage":{"@id":"https:\/\/www.caudete.org\/ayuntamiento\/becas-icex-de-internacionalizacion-2\/"},"wordCount":444,"publisher":{"@id":"https:\/\/www.caudete.org\/ayuntamiento\/#organization"},"image":{"@id":"https:\/\/www.caudete.org\/ayuntamiento\/becas-icex-de-internacionalizacion-2\/#primaryimage"},"thumbnailUrl":"https:\/\/www.caudete.org\/ayuntamiento\/wp-content\/uploads\/2021\/03\/becas-icex-internacionalizacion-empresarial.jpg","keywords":["Becas","Becas Icex"],"articleSection":["Tabl\u00f3n informativo (Desarrollo local)"],"inLanguage":"es"},{"@type":"WebPage","@id":"https:\/\/www.caudete.org\/ayuntamiento\/becas-icex-de-internacionalizacion-2\/","url":"https:\/\/www.caudete.org\/ayuntamiento\/becas-icex-de-internacionalizacion-2\/","name":"BECAS ICEX de Internacionalizaci\u00f3n - MI Ayuntamiento de Caudete","isPartOf":{"@id":"https:\/\/www.caudete.org\/ayuntamiento\/#website"},"primaryImageOfPage":{"@id":"https:\/\/www.caudete.org\/ayuntamiento\/becas-icex-de-internacionalizacion-2\/#primaryimage"},"image":{"@id":"https:\/\/www.caudete.org\/ayuntamiento\/becas-icex-de-internacionalizacion-2\/#primaryimage"},"thumbnailUrl":"https:\/\/www.caudete.org\/ayuntamiento\/wp-content\/uploads\/2021\/03\/becas-icex-internacionalizacion-empresarial.jpg","datePublished":"2021-03-26T12:11:43+00:00","dateModified":"2021-03-26T12:18:39+00:00","description":"P\u00e1gina Oficial del Ayuntamiento de Caudete (Albacete)","breadcrumb":{"@id":"https:\/\/www.caudete.org\/ayuntamiento\/becas-icex-de-internacionalizacion-2\/#breadcrumb"},"inLanguage":"es","potentialAction":[{"@type":"ReadAction","target":["https:\/\/www.caudete.org\/ayuntamiento\/becas-icex-de-internacionalizacion-2\/"]}]},{"@type":"ImageObject","inLanguage":"es","@id":"https:\/\/www.caudete.org\/ayuntamiento\/becas-icex-de-internacionalizacion-2\/#primaryimage","url":"https:\/\/www.caudete.org\/ayuntamiento\/wp-content\/uploads\/2021\/03\/becas-icex-internacionalizacion-empresarial.jpg","contentUrl":"https:\/\/www.caudete.org\/ayuntamiento\/wp-content\/uploads\/2021\/03\/becas-icex-internacionalizacion-empresarial.jpg","width":990,"height":526},{"@type":"BreadcrumbList","@id":"https:\/\/www.caudete.org\/ayuntamiento\/becas-icex-de-internacionalizacion-2\/#breadcrumb","itemListElement":[{"@type":"ListItem","position":1,"name":"Inicio","item":"https:\/\/www.caudete.org\/ayuntamiento\/"},{"@type":"ListItem","position":2,"name":"BECAS ICEX de Internacionalizaci\u00f3n"}]},{"@type":"WebSite","@id":"https:\/\/www.caudete.org\/ayuntamiento\/#website","url":"https:\/\/www.caudete.org\/ayuntamiento\/","name":"MI Ayuntamiento de Caudete","description":"P\u00e1gina Oficial del MI Ayuntamiento de Caudete","publisher":{"@id":"https:\/\/www.caudete.org\/ayuntamiento\/#organization"},"potentialAction":[{"@type":"SearchAction","target":{"@type":"EntryPoint","urlTemplate":"https:\/\/www.caudete.org\/ayuntamiento\/?s={search_term_string}"},"query-input":{"@type":"PropertyValueSpecification","valueRequired":true,"valueName":"search_term_string"}}],"inLanguage":"es"},{"@type":"Organization","@id":"https:\/\/www.caudete.org\/ayuntamiento\/#organization","name":"Ayuntamiento de Caudete","url":"https:\/\/www.caudete.org\/ayuntamiento\/","logo":{"@type":"ImageObject","inLanguage":"es","@id":"https:\/\/www.caudete.org\/ayuntamiento\/#\/schema\/logo\/image\/","url":"https:\/\/www.caudete.org\/ayuntamiento\/wp-content\/uploads\/2020\/11\/logo_ayuntamiento_caudete.jpg","contentUrl":"https:\/\/www.caudete.org\/ayuntamiento\/wp-content\/uploads\/2020\/11\/logo_ayuntamiento_caudete.jpg","width":600,"height":150,"caption":"Ayuntamiento de Caudete"},"image":{"@id":"https:\/\/www.caudete.org\/ayuntamiento\/#\/schema\/logo\/image\/"},"sameAs":["https:\/\/www.facebook.com\/ayuntamientocaudete\/","https:\/\/www.youtube.com\/channel\/UC6VztHaooNsGpw-tNoBEFnQ"]},{"@type":"Person","@id":"https:\/\/www.caudete.org\/ayuntamiento\/#\/schema\/person\/7656a5bb58fca95b9814e940de0fda63","name":"Juan","image":{"@type":"ImageObject","inLanguage":"es","@id":"https:\/\/secure.gravatar.com\/avatar\/dd53e51c0cd6ab23f52d4f3e4f1c59730240727763de3dbbf26750b079a2c292?s=96&d=mm&r=g","url":"https:\/\/secure.gravatar.com\/avatar\/dd53e51c0cd6ab23f52d4f3e4f1c59730240727763de3dbbf26750b079a2c292?s=96&d=mm&r=g","contentUrl":"https:\/\/secure.gravatar.com\/avatar\/dd53e51c0cd6ab23f52d4f3e4f1c59730240727763de3dbbf26750b079a2c292?s=96&d=mm&r=g","caption":"Juan"},"url":"https:\/\/www.caudete.org\/ayuntamiento\/author\/centrodeinternet\/"}]}},"_links":{"self":[{"href":"https:\/\/www.caudete.org\/ayuntamiento\/wp-json\/wp\/v2\/posts\/13459","targetHints":{"allow":["GET"]}}],"collection":[{"href":"https:\/\/www.caudete.org\/ayuntamiento\/wp-json\/wp\/v2\/posts"}],"about":[{"href":"https:\/\/www.caudete.org\/ayuntamiento\/wp-json\/wp\/v2\/types\/post"}],"author":[{"embeddable":true,"href":"https:\/\/www.caudete.org\/ayuntamiento\/wp-json\/wp\/v2\/users\/2"}],"replies":[{"embeddable":true,"href":"https:\/\/www.caudete.org\/ayuntamiento\/wp-json\/wp\/v2\/comments?post=13459"}],"version-history":[{"count":1,"href":"https:\/\/www.caudete.org\/ayuntamiento\/wp-json\/wp\/v2\/posts\/13459\/revisions"}],"predecessor-version":[{"id":13460,"href":"https:\/\/www.caudete.org\/ayuntamiento\/wp-json\/wp\/v2\/posts\/13459\/revisions\/13460"}],"wp:featuredmedia":[{"embeddable":true,"href":"https:\/\/www.caudete.org\/ayuntamiento\/wp-json\/wp\/v2\/media\/13452"}],"wp:attachment":[{"href":"https:\/\/www.caudete.org\/ayuntamiento\/wp-json\/wp\/v2\/media?parent=13459"}],"wp:term":[{"taxonomy":"category","embeddable":true,"href":"https:\/\/www.caudete.org\/ayuntamiento\/wp-json\/wp\/v2\/categories?post=13459"},{"taxonomy":"post_tag","embeddable":true,"href":"https:\/\/www.caudete.org\/ayuntamiento\/wp-json\/wp\/v2\/tags?post=13459"}],"curies":[{"name":"wp","href":"https:\/\/api.w.org\/{rel}","templated":true}]}}