{"id":13462,"date":"2021-03-26T13:19:42","date_gmt":"2021-03-26T12:19:42","guid":{"rendered":"https:\/\/www.caudete.org\/ayuntamiento\/?p=13462"},"modified":"2021-03-26T16:37:54","modified_gmt":"2021-03-26T15:37:54","slug":"practicas-en-el-comite-de-las-regiones-de-europa-2021","status":"publish","type":"post","link":"https:\/\/www.caudete.org\/ayuntamiento\/practicas-en-el-comite-de-las-regiones-de-europa-2021\/","title":{"rendered":"Pr\u00e1cticas en el Comit\u00e9 de las Regiones de Europa 2021"},"content":{"rendered":"<p>Cada a\u00f1o, el Comit\u00e9 de las Regiones (ECR) ofrece un n\u00famero limitado de pr\u00e1cticas para j\u00f3venes residentes en los Estados miembros de la Uni\u00f3n o candidatos oficiales a la adhesi\u00f3n, con el objetivo de que adquieran experiencia laboral en uno de los organismos europeos.<\/p>\n<p><strong>Instancias hasta 31 de marzo.<\/strong><\/p>\n<p><strong>Hay tres tipos de pr\u00e1cticas:<\/strong><\/p>\n<ul>\n<li>Pr\u00e1cticas est\u00e1ndar de cinco meses para graduados universitarios. Se desarrollan entre el 16 de febrero y el 15 de julio (primer periodo) y entre el 16 de julio y 15 de febrero (segundo periodo). Se ofrece a los candidatos seleccionados la posibilidad de conocer el funcionamiento del Comit\u00e9, trabajando en un entorno multicultural y multiling\u00fce. Los solicitantes deben ser graduados universitarios y tener un conocimiento profundo de una lengua oficial de la UE y un conocimiento satisfactorio de otra, que debe ser ingl\u00e9s o franc\u00e9s. Quienes resulten elegidos percibir\u00e1n una asignaci\u00f3n mensual variable.<\/li>\n<li>Visitas de estudio de corta duraci\u00f3n dirigidas a personas cuya actividad profesional, acad\u00e9mica o de investigaci\u00f3n se relacione directamente con la labor de alguna de las unidades del ECR. Est\u00e1n dirigidas a graduados universitarios residentes en alguno de los Estados miembros o candidatos oficiales a la adhesi\u00f3n. La duraci\u00f3n m\u00e1xima de la visita ser\u00e1 de 4 meses, prorrogable a 6 en funci\u00f3n de los recursos disponibles en el Comit\u00e9. Todos los gastos durante el per\u00edodo de estudios deben ser cubiertos por los beneficiarios.<\/li>\n<li>Pr\u00e1cticas para funcionarios gubernamentales y personal al servicio de las autoridades p\u00fablicas nacionales, regionales o locales de un Estado miembro o candidato oficial a la adhesi\u00f3n a la Uni\u00f3n. El programa incluye pr\u00e1cticas de 1 a 4 meses, prorrogables a 6, a tiempo completo y con fecha de inicio a acordar con la persona elegida. Tendr\u00e1n lugar en Bruselas y no ser\u00e1n remuneradas. No obstante, el Comit\u00e9 de las Regiones cubre el seguro de accidentes.<\/li>\n<\/ul>\n<p><em><strong>M\u00e1s informaci\u00f3n en:<\/strong>\u00a0<\/em><a href=\"https:\/\/cor.europa.eu\/en\/about\/Pages\/traineeships.aspx\" target=\"_blank\" rel=\"nofollow\"><em>https:\/\/cor.europa.eu\/en\/about\/Pages\/traineeships.aspx<\/em><\/a><\/p>\n<p><em>Fuente: Uni\u00f3n Europea.<\/em><\/p>\n<p>&nbsp;<\/p>\n","protected":false},"excerpt":{"rendered":"<p>Cada a\u00f1o, el Comit\u00e9 de las Regiones (ECR) ofrece un n\u00famero limitado de pr\u00e1cticas para j\u00f3venes residentes en los Estados miembros de la Uni\u00f3n o candidatos oficiales a la adhesi\u00f3n, con el objetivo de que adquieran experiencia laboral en uno de los organismos europeos. Instancias hasta 31 de marzo. Hay tres tipos de pr\u00e1cticas: Pr\u00e1cticas &hellip;<\/p>\n","protected":false},"author":2,"featured_media":13464,"comment_status":"closed","ping_status":"open","sticky":false,"template":"","format":"standard","meta":{"ngg_post_thumbnail":0,"footnotes":""},"categories":[90],"tags":[566,567],"class_list":["post-13462","post","type-post","status-publish","format-standard","has-post-thumbnail","hentry","category-tablon-informativo-desarrollo-local","tag-comite-de-las-regiones-de-europa","tag-practicas"],"yoast_head":"<!-- This site is optimized with the Yoast SEO plugin v27.4 - https:\/\/yoast.com\/product\/yoast-seo-wordpress\/ -->\n<title>Pr\u00e1cticas en el Comit\u00e9 de las Regiones de Europa 2021 - MI Ayuntamiento de Caudete<\/title>\n<meta name=\"description\" content=\"P\u00e1gina Oficial del Ayuntamiento de Caudete (Albacete)\" \/>\n<meta name=\"robots\" content=\"index, follow, max-snippet:-1, max-image-preview:large, max-video-preview:-1\" \/>\n<link rel=\"canonical\" href=\"https:\/\/www.caudete.org\/ayuntamiento\/practicas-en-el-comite-de-las-regiones-de-europa-2021\/\" \/>\n<meta property=\"og:locale\" content=\"es_ES\" \/>\n<meta property=\"og:type\" content=\"article\" \/>\n<meta property=\"og:title\" content=\"Pr\u00e1cticas en el Comit\u00e9 de las Regiones de Europa 2021 - MI Ayuntamiento de Caudete\" \/>\n<meta property=\"og:description\" content=\"P\u00e1gina Oficial del Ayuntamiento de Caudete (Albacete)\" \/>\n<meta property=\"og:url\" content=\"https:\/\/www.caudete.org\/ayuntamiento\/practicas-en-el-comite-de-las-regiones-de-europa-2021\/\" \/>\n<meta property=\"og:site_name\" content=\"MI Ayuntamiento de Caudete\" \/>\n<meta property=\"article:publisher\" content=\"https:\/\/www.facebook.com\/ayuntamientocaudete\/\" \/>\n<meta property=\"article:published_time\" content=\"2021-03-26T12:19:42+00:00\" \/>\n<meta property=\"article:modified_time\" content=\"2021-03-26T15:37:54+00:00\" \/>\n<meta property=\"og:image\" content=\"https:\/\/www.caudete.org\/ayuntamiento\/wp-content\/uploads\/2021\/03\/comite-regiones.jpg\" \/>\n\t<meta property=\"og:image:width\" content=\"2500\" \/>\n\t<meta property=\"og:image:height\" content=\"1666\" \/>\n\t<meta property=\"og:image:type\" content=\"image\/jpeg\" \/>\n<meta name=\"author\" content=\"Juan\" \/>\n<meta name=\"twitter:card\" content=\"summary_large_image\" \/>\n<meta name=\"twitter:label1\" content=\"Escrito por\" \/>\n\t<meta name=\"twitter:data1\" content=\"Juan\" \/>\n\t<meta name=\"twitter:label2\" content=\"Tiempo de lectura\" \/>\n\t<meta name=\"twitter:data2\" content=\"2 minutos\" \/>\n<script type=\"application\/ld+json\" class=\"yoast-schema-graph\">{\"@context\":\"https:\\\/\\\/schema.org\",\"@graph\":[{\"@type\":\"Article\",\"@id\":\"https:\\\/\\\/www.caudete.org\\\/ayuntamiento\\\/practicas-en-el-comite-de-las-regiones-de-europa-2021\\\/#article\",\"isPartOf\":{\"@id\":\"https:\\\/\\\/www.caudete.org\\\/ayuntamiento\\\/practicas-en-el-comite-de-las-regiones-de-europa-2021\\\/\"},\"author\":{\"name\":\"Juan\",\"@id\":\"https:\\\/\\\/www.caudete.org\\\/ayuntamiento\\\/#\\\/schema\\\/person\\\/7656a5bb58fca95b9814e940de0fda63\"},\"headline\":\"Pr\u00e1cticas en el Comit\u00e9 de las Regiones de Europa 2021\",\"datePublished\":\"2021-03-26T12:19:42+00:00\",\"dateModified\":\"2021-03-26T15:37:54+00:00\",\"mainEntityOfPage\":{\"@id\":\"https:\\\/\\\/www.caudete.org\\\/ayuntamiento\\\/practicas-en-el-comite-de-las-regiones-de-europa-2021\\\/\"},\"wordCount\":354,\"publisher\":{\"@id\":\"https:\\\/\\\/www.caudete.org\\\/ayuntamiento\\\/#organization\"},\"image\":{\"@id\":\"https:\\\/\\\/www.caudete.org\\\/ayuntamiento\\\/practicas-en-el-comite-de-las-regiones-de-europa-2021\\\/#primaryimage\"},\"thumbnailUrl\":\"https:\\\/\\\/www.caudete.org\\\/ayuntamiento\\\/wp-content\\\/uploads\\\/2021\\\/03\\\/comite-regiones.jpg\",\"keywords\":[\"Comit\u00e9 de las Regiones de Europa\",\"Pr\u00e1cticas\"],\"articleSection\":[\"Tabl\u00f3n informativo (Desarrollo local)\"],\"inLanguage\":\"es\"},{\"@type\":\"WebPage\",\"@id\":\"https:\\\/\\\/www.caudete.org\\\/ayuntamiento\\\/practicas-en-el-comite-de-las-regiones-de-europa-2021\\\/\",\"url\":\"https:\\\/\\\/www.caudete.org\\\/ayuntamiento\\\/practicas-en-el-comite-de-las-regiones-de-europa-2021\\\/\",\"name\":\"Pr\u00e1cticas en el Comit\u00e9 de las Regiones de Europa 2021 - MI Ayuntamiento de Caudete\",\"isPartOf\":{\"@id\":\"https:\\\/\\\/www.caudete.org\\\/ayuntamiento\\\/#website\"},\"primaryImageOfPage\":{\"@id\":\"https:\\\/\\\/www.caudete.org\\\/ayuntamiento\\\/practicas-en-el-comite-de-las-regiones-de-europa-2021\\\/#primaryimage\"},\"image\":{\"@id\":\"https:\\\/\\\/www.caudete.org\\\/ayuntamiento\\\/practicas-en-el-comite-de-las-regiones-de-europa-2021\\\/#primaryimage\"},\"thumbnailUrl\":\"https:\\\/\\\/www.caudete.org\\\/ayuntamiento\\\/wp-content\\\/uploads\\\/2021\\\/03\\\/comite-regiones.jpg\",\"datePublished\":\"2021-03-26T12:19:42+00:00\",\"dateModified\":\"2021-03-26T15:37:54+00:00\",\"description\":\"P\u00e1gina Oficial del Ayuntamiento de Caudete (Albacete)\",\"breadcrumb\":{\"@id\":\"https:\\\/\\\/www.caudete.org\\\/ayuntamiento\\\/practicas-en-el-comite-de-las-regiones-de-europa-2021\\\/#breadcrumb\"},\"inLanguage\":\"es\",\"potentialAction\":[{\"@type\":\"ReadAction\",\"target\":[\"https:\\\/\\\/www.caudete.org\\\/ayuntamiento\\\/practicas-en-el-comite-de-las-regiones-de-europa-2021\\\/\"]}]},{\"@type\":\"ImageObject\",\"inLanguage\":\"es\",\"@id\":\"https:\\\/\\\/www.caudete.org\\\/ayuntamiento\\\/practicas-en-el-comite-de-las-regiones-de-europa-2021\\\/#primaryimage\",\"url\":\"https:\\\/\\\/www.caudete.org\\\/ayuntamiento\\\/wp-content\\\/uploads\\\/2021\\\/03\\\/comite-regiones.jpg\",\"contentUrl\":\"https:\\\/\\\/www.caudete.org\\\/ayuntamiento\\\/wp-content\\\/uploads\\\/2021\\\/03\\\/comite-regiones.jpg\",\"width\":2500,\"height\":1666},{\"@type\":\"BreadcrumbList\",\"@id\":\"https:\\\/\\\/www.caudete.org\\\/ayuntamiento\\\/practicas-en-el-comite-de-las-regiones-de-europa-2021\\\/#breadcrumb\",\"itemListElement\":[{\"@type\":\"ListItem\",\"position\":1,\"name\":\"Inicio\",\"item\":\"https:\\\/\\\/www.caudete.org\\\/ayuntamiento\\\/\"},{\"@type\":\"ListItem\",\"position\":2,\"name\":\"Pr\u00e1cticas en el Comit\u00e9 de las Regiones de Europa 2021\"}]},{\"@type\":\"WebSite\",\"@id\":\"https:\\\/\\\/www.caudete.org\\\/ayuntamiento\\\/#website\",\"url\":\"https:\\\/\\\/www.caudete.org\\\/ayuntamiento\\\/\",\"name\":\"MI Ayuntamiento de Caudete\",\"description\":\"P\u00e1gina Oficial del MI Ayuntamiento de Caudete\",\"publisher\":{\"@id\":\"https:\\\/\\\/www.caudete.org\\\/ayuntamiento\\\/#organization\"},\"potentialAction\":[{\"@type\":\"SearchAction\",\"target\":{\"@type\":\"EntryPoint\",\"urlTemplate\":\"https:\\\/\\\/www.caudete.org\\\/ayuntamiento\\\/?s={search_term_string}\"},\"query-input\":{\"@type\":\"PropertyValueSpecification\",\"valueRequired\":true,\"valueName\":\"search_term_string\"}}],\"inLanguage\":\"es\"},{\"@type\":\"Organization\",\"@id\":\"https:\\\/\\\/www.caudete.org\\\/ayuntamiento\\\/#organization\",\"name\":\"Ayuntamiento de Caudete\",\"url\":\"https:\\\/\\\/www.caudete.org\\\/ayuntamiento\\\/\",\"logo\":{\"@type\":\"ImageObject\",\"inLanguage\":\"es\",\"@id\":\"https:\\\/\\\/www.caudete.org\\\/ayuntamiento\\\/#\\\/schema\\\/logo\\\/image\\\/\",\"url\":\"https:\\\/\\\/www.caudete.org\\\/ayuntamiento\\\/wp-content\\\/uploads\\\/2020\\\/11\\\/logo_ayuntamiento_caudete.jpg\",\"contentUrl\":\"https:\\\/\\\/www.caudete.org\\\/ayuntamiento\\\/wp-content\\\/uploads\\\/2020\\\/11\\\/logo_ayuntamiento_caudete.jpg\",\"width\":600,\"height\":150,\"caption\":\"Ayuntamiento de Caudete\"},\"image\":{\"@id\":\"https:\\\/\\\/www.caudete.org\\\/ayuntamiento\\\/#\\\/schema\\\/logo\\\/image\\\/\"},\"sameAs\":[\"https:\\\/\\\/www.facebook.com\\\/ayuntamientocaudete\\\/\",\"https:\\\/\\\/www.youtube.com\\\/channel\\\/UC6VztHaooNsGpw-tNoBEFnQ\"]},{\"@type\":\"Person\",\"@id\":\"https:\\\/\\\/www.caudete.org\\\/ayuntamiento\\\/#\\\/schema\\\/person\\\/7656a5bb58fca95b9814e940de0fda63\",\"name\":\"Juan\",\"image\":{\"@type\":\"ImageObject\",\"inLanguage\":\"es\",\"@id\":\"https:\\\/\\\/secure.gravatar.com\\\/avatar\\\/dd53e51c0cd6ab23f52d4f3e4f1c59730240727763de3dbbf26750b079a2c292?s=96&d=mm&r=g\",\"url\":\"https:\\\/\\\/secure.gravatar.com\\\/avatar\\\/dd53e51c0cd6ab23f52d4f3e4f1c59730240727763de3dbbf26750b079a2c292?s=96&d=mm&r=g\",\"contentUrl\":\"https:\\\/\\\/secure.gravatar.com\\\/avatar\\\/dd53e51c0cd6ab23f52d4f3e4f1c59730240727763de3dbbf26750b079a2c292?s=96&d=mm&r=g\",\"caption\":\"Juan\"},\"url\":\"https:\\\/\\\/www.caudete.org\\\/ayuntamiento\\\/author\\\/centrodeinternet\\\/\"}]}<\/script>\n<!-- \/ Yoast SEO plugin. -->","yoast_head_json":{"title":"Pr\u00e1cticas en el Comit\u00e9 de las Regiones de Europa 2021 - MI Ayuntamiento de Caudete","description":"P\u00e1gina Oficial del Ayuntamiento de Caudete (Albacete)","robots":{"index":"index","follow":"follow","max-snippet":"max-snippet:-1","max-image-preview":"max-image-preview:large","max-video-preview":"max-video-preview:-1"},"canonical":"https:\/\/www.caudete.org\/ayuntamiento\/practicas-en-el-comite-de-las-regiones-de-europa-2021\/","og_locale":"es_ES","og_type":"article","og_title":"Pr\u00e1cticas en el Comit\u00e9 de las Regiones de Europa 2021 - MI Ayuntamiento de Caudete","og_description":"P\u00e1gina Oficial del Ayuntamiento de Caudete (Albacete)","og_url":"https:\/\/www.caudete.org\/ayuntamiento\/practicas-en-el-comite-de-las-regiones-de-europa-2021\/","og_site_name":"MI Ayuntamiento de Caudete","article_publisher":"https:\/\/www.facebook.com\/ayuntamientocaudete\/","article_published_time":"2021-03-26T12:19:42+00:00","article_modified_time":"2021-03-26T15:37:54+00:00","og_image":[{"width":2500,"height":1666,"url":"https:\/\/www.caudete.org\/ayuntamiento\/wp-content\/uploads\/2021\/03\/comite-regiones.jpg","type":"image\/jpeg"}],"author":"Juan","twitter_card":"summary_large_image","twitter_misc":{"Escrito por":"Juan","Tiempo de lectura":"2 minutos"},"schema":{"@context":"https:\/\/schema.org","@graph":[{"@type":"Article","@id":"https:\/\/www.caudete.org\/ayuntamiento\/practicas-en-el-comite-de-las-regiones-de-europa-2021\/#article","isPartOf":{"@id":"https:\/\/www.caudete.org\/ayuntamiento\/practicas-en-el-comite-de-las-regiones-de-europa-2021\/"},"author":{"name":"Juan","@id":"https:\/\/www.caudete.org\/ayuntamiento\/#\/schema\/person\/7656a5bb58fca95b9814e940de0fda63"},"headline":"Pr\u00e1cticas en el Comit\u00e9 de las Regiones de Europa 2021","datePublished":"2021-03-26T12:19:42+00:00","dateModified":"2021-03-26T15:37:54+00:00","mainEntityOfPage":{"@id":"https:\/\/www.caudete.org\/ayuntamiento\/practicas-en-el-comite-de-las-regiones-de-europa-2021\/"},"wordCount":354,"publisher":{"@id":"https:\/\/www.caudete.org\/ayuntamiento\/#organization"},"image":{"@id":"https:\/\/www.caudete.org\/ayuntamiento\/practicas-en-el-comite-de-las-regiones-de-europa-2021\/#primaryimage"},"thumbnailUrl":"https:\/\/www.caudete.org\/ayuntamiento\/wp-content\/uploads\/2021\/03\/comite-regiones.jpg","keywords":["Comit\u00e9 de las Regiones de Europa","Pr\u00e1cticas"],"articleSection":["Tabl\u00f3n informativo (Desarrollo local)"],"inLanguage":"es"},{"@type":"WebPage","@id":"https:\/\/www.caudete.org\/ayuntamiento\/practicas-en-el-comite-de-las-regiones-de-europa-2021\/","url":"https:\/\/www.caudete.org\/ayuntamiento\/practicas-en-el-comite-de-las-regiones-de-europa-2021\/","name":"Pr\u00e1cticas en el Comit\u00e9 de las Regiones de Europa 2021 - MI Ayuntamiento de Caudete","isPartOf":{"@id":"https:\/\/www.caudete.org\/ayuntamiento\/#website"},"primaryImageOfPage":{"@id":"https:\/\/www.caudete.org\/ayuntamiento\/practicas-en-el-comite-de-las-regiones-de-europa-2021\/#primaryimage"},"image":{"@id":"https:\/\/www.caudete.org\/ayuntamiento\/practicas-en-el-comite-de-las-regiones-de-europa-2021\/#primaryimage"},"thumbnailUrl":"https:\/\/www.caudete.org\/ayuntamiento\/wp-content\/uploads\/2021\/03\/comite-regiones.jpg","datePublished":"2021-03-26T12:19:42+00:00","dateModified":"2021-03-26T15:37:54+00:00","description":"P\u00e1gina Oficial del Ayuntamiento de Caudete (Albacete)","breadcrumb":{"@id":"https:\/\/www.caudete.org\/ayuntamiento\/practicas-en-el-comite-de-las-regiones-de-europa-2021\/#breadcrumb"},"inLanguage":"es","potentialAction":[{"@type":"ReadAction","target":["https:\/\/www.caudete.org\/ayuntamiento\/practicas-en-el-comite-de-las-regiones-de-europa-2021\/"]}]},{"@type":"ImageObject","inLanguage":"es","@id":"https:\/\/www.caudete.org\/ayuntamiento\/practicas-en-el-comite-de-las-regiones-de-europa-2021\/#primaryimage","url":"https:\/\/www.caudete.org\/ayuntamiento\/wp-content\/uploads\/2021\/03\/comite-regiones.jpg","contentUrl":"https:\/\/www.caudete.org\/ayuntamiento\/wp-content\/uploads\/2021\/03\/comite-regiones.jpg","width":2500,"height":1666},{"@type":"BreadcrumbList","@id":"https:\/\/www.caudete.org\/ayuntamiento\/practicas-en-el-comite-de-las-regiones-de-europa-2021\/#breadcrumb","itemListElement":[{"@type":"ListItem","position":1,"name":"Inicio","item":"https:\/\/www.caudete.org\/ayuntamiento\/"},{"@type":"ListItem","position":2,"name":"Pr\u00e1cticas en el Comit\u00e9 de las Regiones de Europa 2021"}]},{"@type":"WebSite","@id":"https:\/\/www.caudete.org\/ayuntamiento\/#website","url":"https:\/\/www.caudete.org\/ayuntamiento\/","name":"MI Ayuntamiento de Caudete","description":"P\u00e1gina Oficial del MI Ayuntamiento de Caudete","publisher":{"@id":"https:\/\/www.caudete.org\/ayuntamiento\/#organization"},"potentialAction":[{"@type":"SearchAction","target":{"@type":"EntryPoint","urlTemplate":"https:\/\/www.caudete.org\/ayuntamiento\/?s={search_term_string}"},"query-input":{"@type":"PropertyValueSpecification","valueRequired":true,"valueName":"search_term_string"}}],"inLanguage":"es"},{"@type":"Organization","@id":"https:\/\/www.caudete.org\/ayuntamiento\/#organization","name":"Ayuntamiento de Caudete","url":"https:\/\/www.caudete.org\/ayuntamiento\/","logo":{"@type":"ImageObject","inLanguage":"es","@id":"https:\/\/www.caudete.org\/ayuntamiento\/#\/schema\/logo\/image\/","url":"https:\/\/www.caudete.org\/ayuntamiento\/wp-content\/uploads\/2020\/11\/logo_ayuntamiento_caudete.jpg","contentUrl":"https:\/\/www.caudete.org\/ayuntamiento\/wp-content\/uploads\/2020\/11\/logo_ayuntamiento_caudete.jpg","width":600,"height":150,"caption":"Ayuntamiento de Caudete"},"image":{"@id":"https:\/\/www.caudete.org\/ayuntamiento\/#\/schema\/logo\/image\/"},"sameAs":["https:\/\/www.facebook.com\/ayuntamientocaudete\/","https:\/\/www.youtube.com\/channel\/UC6VztHaooNsGpw-tNoBEFnQ"]},{"@type":"Person","@id":"https:\/\/www.caudete.org\/ayuntamiento\/#\/schema\/person\/7656a5bb58fca95b9814e940de0fda63","name":"Juan","image":{"@type":"ImageObject","inLanguage":"es","@id":"https:\/\/secure.gravatar.com\/avatar\/dd53e51c0cd6ab23f52d4f3e4f1c59730240727763de3dbbf26750b079a2c292?s=96&d=mm&r=g","url":"https:\/\/secure.gravatar.com\/avatar\/dd53e51c0cd6ab23f52d4f3e4f1c59730240727763de3dbbf26750b079a2c292?s=96&d=mm&r=g","contentUrl":"https:\/\/secure.gravatar.com\/avatar\/dd53e51c0cd6ab23f52d4f3e4f1c59730240727763de3dbbf26750b079a2c292?s=96&d=mm&r=g","caption":"Juan"},"url":"https:\/\/www.caudete.org\/ayuntamiento\/author\/centrodeinternet\/"}]}},"_links":{"self":[{"href":"https:\/\/www.caudete.org\/ayuntamiento\/wp-json\/wp\/v2\/posts\/13462","targetHints":{"allow":["GET"]}}],"collection":[{"href":"https:\/\/www.caudete.org\/ayuntamiento\/wp-json\/wp\/v2\/posts"}],"about":[{"href":"https:\/\/www.caudete.org\/ayuntamiento\/wp-json\/wp\/v2\/types\/post"}],"author":[{"embeddable":true,"href":"https:\/\/www.caudete.org\/ayuntamiento\/wp-json\/wp\/v2\/users\/2"}],"replies":[{"embeddable":true,"href":"https:\/\/www.caudete.org\/ayuntamiento\/wp-json\/wp\/v2\/comments?post=13462"}],"version-history":[{"count":1,"href":"https:\/\/www.caudete.org\/ayuntamiento\/wp-json\/wp\/v2\/posts\/13462\/revisions"}],"predecessor-version":[{"id":13463,"href":"https:\/\/www.caudete.org\/ayuntamiento\/wp-json\/wp\/v2\/posts\/13462\/revisions\/13463"}],"wp:featuredmedia":[{"embeddable":true,"href":"https:\/\/www.caudete.org\/ayuntamiento\/wp-json\/wp\/v2\/media\/13464"}],"wp:attachment":[{"href":"https:\/\/www.caudete.org\/ayuntamiento\/wp-json\/wp\/v2\/media?parent=13462"}],"wp:term":[{"taxonomy":"category","embeddable":true,"href":"https:\/\/www.caudete.org\/ayuntamiento\/wp-json\/wp\/v2\/categories?post=13462"},{"taxonomy":"post_tag","embeddable":true,"href":"https:\/\/www.caudete.org\/ayuntamiento\/wp-json\/wp\/v2\/tags?post=13462"}],"curies":[{"name":"wp","href":"https:\/\/api.w.org\/{rel}","templated":true}]}}