{"id":13468,"date":"2021-03-26T13:43:40","date_gmt":"2021-03-26T12:43:40","guid":{"rendered":"https:\/\/www.caudete.org\/ayuntamiento\/?p=13468"},"modified":"2021-03-26T13:50:28","modified_gmt":"2021-03-26T12:50:28","slug":"musical-familiar-el-flautista-de-hamelin","status":"publish","type":"post","link":"https:\/\/www.caudete.org\/ayuntamiento\/musical-familiar-el-flautista-de-hamelin\/","title":{"rendered":"Musical familiar. &#8220;EL FLAUTISTA DE HAMELIN&#8221;"},"content":{"rendered":"<p>&nbsp;<\/p>\n<p>Ma\u00f1ana s\u00e1bado 27 de marzo <strong>D\u00eda mundial del Teatro<\/strong> el Auditorio Municipal de Caudete conmemora esta fecha con la reapertura de sus puertas y de su programaci\u00f3n presencial. La Concejal\u00eda de Cultura del Ayuntamiento de Caudete en colaboraci\u00f3n con Cultural Albacete ha programado la representaci\u00f3n del espect\u00e1culo <strong>\u201cEl flautista de Hamel\u00edn\u201d de la compa\u00f1\u00eda Nacho Vilar Producciones.<\/strong><\/p>\n<p>El Flautista de Hamelin es un musical infantil para todos los p\u00fablicos y amantes del g\u00e9nero musical con una puesta en escena divertida y amena y galardonado como Mejor espect\u00e1culo musical infantil y familiar en los Premios Azahar y Premios Teatro Rojas.<\/p>\n<p><strong>La obra dar\u00e1 comienzo a las 18:30 horas y tiene una duraci\u00f3n de 60 minutos<\/strong>, media hora antes las puertas del auditorio estar\u00e1n abiertas para que la entrada sea de forma escalonada y con todas las medidas de seguridad e higiene establecidas por el protocolo COVID-19.<\/p>\n<p>#CasadeCulturaCaudete #CulturaSegura #caudete #CulturaCaudete<\/p>\n<p style=\"text-align: left;\"><strong>PROMO EL FLAUTISTA DE HAMELIN<\/strong><\/p>\n<p><iframe title=\"PROMO - El Flautista de Hamelin\" width=\"704\" height=\"396\" src=\"https:\/\/www.youtube.com\/embed\/6xivGc0gVr0?feature=oembed\" frameborder=\"0\" allow=\"accelerometer; autoplay; clipboard-write; encrypted-media; gyroscope; picture-in-picture\" allowfullscreen><\/iframe><\/p>\n<blockquote class=\"wp-embedded-content\" data-secret=\"oh92IpqQ8A\"><p><a href=\"http:\/\/galapagar.es\/evento\/el-flautista-de-hamelin-musical-familiar\/\" target=\"_blank\" rel=\"nofollow\">El Flautista de Hamelin. Musical Familiar<\/a><\/p><\/blockquote>\n<p><iframe class=\"wp-embedded-content\" sandbox=\"allow-scripts\" security=\"restricted\" style=\"position: absolute; clip: rect(1px, 1px, 1px, 1px);\" title=\"&#171;El Flautista de Hamelin. Musical Familiar&#187; &#8212; Sitio web Ayuntamiento de Galapagar\" src=\"http:\/\/galapagar.es\/evento\/el-flautista-de-hamelin-musical-familiar\/embed\/#?secret=oh92IpqQ8A\" data-secret=\"oh92IpqQ8A\" width=\"600\" height=\"338\" frameborder=\"0\" marginwidth=\"0\" marginheight=\"0\" scrolling=\"no\"><\/iframe><\/p>\n","protected":false},"excerpt":{"rendered":"<p>&nbsp; Ma\u00f1ana s\u00e1bado 27 de marzo D\u00eda mundial del Teatro el Auditorio Municipal de Caudete conmemora esta fecha con la reapertura de sus puertas y de su programaci\u00f3n presencial. La Concejal\u00eda de Cultura del Ayuntamiento de Caudete en colaboraci\u00f3n con Cultural Albacete ha programado la representaci\u00f3n del espect\u00e1culo \u201cEl flautista de Hamel\u00edn\u201d de la compa\u00f1\u00eda &hellip;<\/p>\n","protected":false},"author":2,"featured_media":13471,"comment_status":"closed","ping_status":"open","sticky":false,"template":"","format":"standard","meta":{"ngg_post_thumbnail":0,"footnotes":""},"categories":[14],"tags":[569,568],"class_list":["post-13468","post","type-post","status-publish","format-standard","has-post-thumbnail","hentry","category-cultura","tag-flautista-de-hamelin","tag-musical-familiar"],"yoast_head":"<!-- This site is optimized with the Yoast SEO plugin v27.5 - https:\/\/yoast.com\/product\/yoast-seo-wordpress\/ -->\n<title>Musical familiar. &quot;EL FLAUTISTA DE HAMELIN&quot; - MI Ayuntamiento de Caudete<\/title>\n<meta name=\"description\" content=\"P\u00e1gina Oficial del Ayuntamiento de Caudete (Albacete)\" \/>\n<meta name=\"robots\" content=\"index, follow, max-snippet:-1, max-image-preview:large, max-video-preview:-1\" \/>\n<link rel=\"canonical\" href=\"https:\/\/www.caudete.org\/ayuntamiento\/musical-familiar-el-flautista-de-hamelin\/\" \/>\n<meta property=\"og:locale\" content=\"es_ES\" \/>\n<meta property=\"og:type\" content=\"article\" \/>\n<meta property=\"og:title\" content=\"Musical familiar. &quot;EL FLAUTISTA DE HAMELIN&quot; - MI Ayuntamiento de Caudete\" \/>\n<meta property=\"og:description\" content=\"P\u00e1gina Oficial del Ayuntamiento de Caudete (Albacete)\" \/>\n<meta property=\"og:url\" content=\"https:\/\/www.caudete.org\/ayuntamiento\/musical-familiar-el-flautista-de-hamelin\/\" \/>\n<meta property=\"og:site_name\" content=\"MI Ayuntamiento de Caudete\" \/>\n<meta property=\"article:publisher\" content=\"https:\/\/www.facebook.com\/ayuntamientocaudete\/\" \/>\n<meta property=\"article:published_time\" content=\"2021-03-26T12:43:40+00:00\" \/>\n<meta property=\"article:modified_time\" content=\"2021-03-26T12:50:28+00:00\" \/>\n<meta property=\"og:image\" content=\"https:\/\/www.caudete.org\/ayuntamiento\/wp-content\/uploads\/2021\/03\/CARTEL-HAMELIN-HORIZONTAL.jpg\" \/>\n\t<meta property=\"og:image:width\" content=\"1920\" \/>\n\t<meta property=\"og:image:height\" content=\"958\" \/>\n\t<meta property=\"og:image:type\" content=\"image\/jpeg\" \/>\n<meta name=\"author\" content=\"Juan\" \/>\n<meta name=\"twitter:card\" content=\"summary_large_image\" \/>\n<meta name=\"twitter:label1\" content=\"Escrito por\" \/>\n\t<meta name=\"twitter:data1\" content=\"Juan\" \/>\n\t<meta name=\"twitter:label2\" content=\"Tiempo de lectura\" \/>\n\t<meta name=\"twitter:data2\" content=\"1 minuto\" \/>\n<script type=\"application\/ld+json\" class=\"yoast-schema-graph\">{\"@context\":\"https:\\\/\\\/schema.org\",\"@graph\":[{\"@type\":\"Article\",\"@id\":\"https:\\\/\\\/www.caudete.org\\\/ayuntamiento\\\/musical-familiar-el-flautista-de-hamelin\\\/#article\",\"isPartOf\":{\"@id\":\"https:\\\/\\\/www.caudete.org\\\/ayuntamiento\\\/musical-familiar-el-flautista-de-hamelin\\\/\"},\"author\":{\"name\":\"Juan\",\"@id\":\"https:\\\/\\\/www.caudete.org\\\/ayuntamiento\\\/#\\\/schema\\\/person\\\/7656a5bb58fca95b9814e940de0fda63\"},\"headline\":\"Musical familiar. &#8220;EL FLAUTISTA DE HAMELIN&#8221;\",\"datePublished\":\"2021-03-26T12:43:40+00:00\",\"dateModified\":\"2021-03-26T12:50:28+00:00\",\"mainEntityOfPage\":{\"@id\":\"https:\\\/\\\/www.caudete.org\\\/ayuntamiento\\\/musical-familiar-el-flautista-de-hamelin\\\/\"},\"wordCount\":186,\"image\":{\"@id\":\"https:\\\/\\\/www.caudete.org\\\/ayuntamiento\\\/musical-familiar-el-flautista-de-hamelin\\\/#primaryimage\"},\"thumbnailUrl\":\"https:\\\/\\\/www.caudete.org\\\/ayuntamiento\\\/wp-content\\\/uploads\\\/2021\\\/03\\\/CARTEL-HAMELIN-HORIZONTAL.jpg\",\"keywords\":[\"Flautista de Hamelin\",\"Musical familiar\"],\"articleSection\":[\"Cultura\"],\"inLanguage\":\"es\"},{\"@type\":\"WebPage\",\"@id\":\"https:\\\/\\\/www.caudete.org\\\/ayuntamiento\\\/musical-familiar-el-flautista-de-hamelin\\\/\",\"url\":\"https:\\\/\\\/www.caudete.org\\\/ayuntamiento\\\/musical-familiar-el-flautista-de-hamelin\\\/\",\"name\":\"Musical familiar. \\\"EL FLAUTISTA DE HAMELIN\\\" - MI Ayuntamiento de Caudete\",\"isPartOf\":{\"@id\":\"https:\\\/\\\/www.caudete.org\\\/ayuntamiento\\\/#website\"},\"primaryImageOfPage\":{\"@id\":\"https:\\\/\\\/www.caudete.org\\\/ayuntamiento\\\/musical-familiar-el-flautista-de-hamelin\\\/#primaryimage\"},\"image\":{\"@id\":\"https:\\\/\\\/www.caudete.org\\\/ayuntamiento\\\/musical-familiar-el-flautista-de-hamelin\\\/#primaryimage\"},\"thumbnailUrl\":\"https:\\\/\\\/www.caudete.org\\\/ayuntamiento\\\/wp-content\\\/uploads\\\/2021\\\/03\\\/CARTEL-HAMELIN-HORIZONTAL.jpg\",\"datePublished\":\"2021-03-26T12:43:40+00:00\",\"dateModified\":\"2021-03-26T12:50:28+00:00\",\"author\":{\"@id\":\"https:\\\/\\\/www.caudete.org\\\/ayuntamiento\\\/#\\\/schema\\\/person\\\/7656a5bb58fca95b9814e940de0fda63\"},\"description\":\"P\u00e1gina Oficial del Ayuntamiento de Caudete (Albacete)\",\"breadcrumb\":{\"@id\":\"https:\\\/\\\/www.caudete.org\\\/ayuntamiento\\\/musical-familiar-el-flautista-de-hamelin\\\/#breadcrumb\"},\"inLanguage\":\"es\",\"potentialAction\":[{\"@type\":\"ReadAction\",\"target\":[\"https:\\\/\\\/www.caudete.org\\\/ayuntamiento\\\/musical-familiar-el-flautista-de-hamelin\\\/\"]}]},{\"@type\":\"ImageObject\",\"inLanguage\":\"es\",\"@id\":\"https:\\\/\\\/www.caudete.org\\\/ayuntamiento\\\/musical-familiar-el-flautista-de-hamelin\\\/#primaryimage\",\"url\":\"https:\\\/\\\/www.caudete.org\\\/ayuntamiento\\\/wp-content\\\/uploads\\\/2021\\\/03\\\/CARTEL-HAMELIN-HORIZONTAL.jpg\",\"contentUrl\":\"https:\\\/\\\/www.caudete.org\\\/ayuntamiento\\\/wp-content\\\/uploads\\\/2021\\\/03\\\/CARTEL-HAMELIN-HORIZONTAL.jpg\",\"width\":1920,\"height\":958},{\"@type\":\"BreadcrumbList\",\"@id\":\"https:\\\/\\\/www.caudete.org\\\/ayuntamiento\\\/musical-familiar-el-flautista-de-hamelin\\\/#breadcrumb\",\"itemListElement\":[{\"@type\":\"ListItem\",\"position\":1,\"name\":\"Inicio\",\"item\":\"https:\\\/\\\/www.caudete.org\\\/ayuntamiento\\\/\"},{\"@type\":\"ListItem\",\"position\":2,\"name\":\"Musical familiar. &#8220;EL FLAUTISTA DE HAMELIN&#8221;\"}]},{\"@type\":\"WebSite\",\"@id\":\"https:\\\/\\\/www.caudete.org\\\/ayuntamiento\\\/#website\",\"url\":\"https:\\\/\\\/www.caudete.org\\\/ayuntamiento\\\/\",\"name\":\"MI Ayuntamiento de Caudete\",\"description\":\"P\u00e1gina Oficial del MI Ayuntamiento de Caudete\",\"potentialAction\":[{\"@type\":\"SearchAction\",\"target\":{\"@type\":\"EntryPoint\",\"urlTemplate\":\"https:\\\/\\\/www.caudete.org\\\/ayuntamiento\\\/?s={search_term_string}\"},\"query-input\":{\"@type\":\"PropertyValueSpecification\",\"valueRequired\":true,\"valueName\":\"search_term_string\"}}],\"inLanguage\":\"es\"},{\"@type\":\"Person\",\"@id\":\"https:\\\/\\\/www.caudete.org\\\/ayuntamiento\\\/#\\\/schema\\\/person\\\/7656a5bb58fca95b9814e940de0fda63\",\"name\":\"Juan\",\"image\":{\"@type\":\"ImageObject\",\"inLanguage\":\"es\",\"@id\":\"https:\\\/\\\/secure.gravatar.com\\\/avatar\\\/dd53e51c0cd6ab23f52d4f3e4f1c59730240727763de3dbbf26750b079a2c292?s=96&d=mm&r=g\",\"url\":\"https:\\\/\\\/secure.gravatar.com\\\/avatar\\\/dd53e51c0cd6ab23f52d4f3e4f1c59730240727763de3dbbf26750b079a2c292?s=96&d=mm&r=g\",\"contentUrl\":\"https:\\\/\\\/secure.gravatar.com\\\/avatar\\\/dd53e51c0cd6ab23f52d4f3e4f1c59730240727763de3dbbf26750b079a2c292?s=96&d=mm&r=g\",\"caption\":\"Juan\"},\"url\":\"https:\\\/\\\/www.caudete.org\\\/ayuntamiento\\\/author\\\/centrodeinternet\\\/\"}]}<\/script>\n<!-- \/ Yoast SEO plugin. -->","yoast_head_json":{"title":"Musical familiar. \"EL FLAUTISTA DE HAMELIN\" - MI Ayuntamiento de Caudete","description":"P\u00e1gina Oficial del Ayuntamiento de Caudete (Albacete)","robots":{"index":"index","follow":"follow","max-snippet":"max-snippet:-1","max-image-preview":"max-image-preview:large","max-video-preview":"max-video-preview:-1"},"canonical":"https:\/\/www.caudete.org\/ayuntamiento\/musical-familiar-el-flautista-de-hamelin\/","og_locale":"es_ES","og_type":"article","og_title":"Musical familiar. \"EL FLAUTISTA DE HAMELIN\" - MI Ayuntamiento de Caudete","og_description":"P\u00e1gina Oficial del Ayuntamiento de Caudete (Albacete)","og_url":"https:\/\/www.caudete.org\/ayuntamiento\/musical-familiar-el-flautista-de-hamelin\/","og_site_name":"MI Ayuntamiento de Caudete","article_publisher":"https:\/\/www.facebook.com\/ayuntamientocaudete\/","article_published_time":"2021-03-26T12:43:40+00:00","article_modified_time":"2021-03-26T12:50:28+00:00","og_image":[{"width":1920,"height":958,"url":"https:\/\/www.caudete.org\/ayuntamiento\/wp-content\/uploads\/2021\/03\/CARTEL-HAMELIN-HORIZONTAL.jpg","type":"image\/jpeg"}],"author":"Juan","twitter_card":"summary_large_image","twitter_misc":{"Escrito por":"Juan","Tiempo de lectura":"1 minuto"},"schema":{"@context":"https:\/\/schema.org","@graph":[{"@type":"Article","@id":"https:\/\/www.caudete.org\/ayuntamiento\/musical-familiar-el-flautista-de-hamelin\/#article","isPartOf":{"@id":"https:\/\/www.caudete.org\/ayuntamiento\/musical-familiar-el-flautista-de-hamelin\/"},"author":{"name":"Juan","@id":"https:\/\/www.caudete.org\/ayuntamiento\/#\/schema\/person\/7656a5bb58fca95b9814e940de0fda63"},"headline":"Musical familiar. &#8220;EL FLAUTISTA DE HAMELIN&#8221;","datePublished":"2021-03-26T12:43:40+00:00","dateModified":"2021-03-26T12:50:28+00:00","mainEntityOfPage":{"@id":"https:\/\/www.caudete.org\/ayuntamiento\/musical-familiar-el-flautista-de-hamelin\/"},"wordCount":186,"image":{"@id":"https:\/\/www.caudete.org\/ayuntamiento\/musical-familiar-el-flautista-de-hamelin\/#primaryimage"},"thumbnailUrl":"https:\/\/www.caudete.org\/ayuntamiento\/wp-content\/uploads\/2021\/03\/CARTEL-HAMELIN-HORIZONTAL.jpg","keywords":["Flautista de Hamelin","Musical familiar"],"articleSection":["Cultura"],"inLanguage":"es"},{"@type":"WebPage","@id":"https:\/\/www.caudete.org\/ayuntamiento\/musical-familiar-el-flautista-de-hamelin\/","url":"https:\/\/www.caudete.org\/ayuntamiento\/musical-familiar-el-flautista-de-hamelin\/","name":"Musical familiar. \"EL FLAUTISTA DE HAMELIN\" - MI Ayuntamiento de Caudete","isPartOf":{"@id":"https:\/\/www.caudete.org\/ayuntamiento\/#website"},"primaryImageOfPage":{"@id":"https:\/\/www.caudete.org\/ayuntamiento\/musical-familiar-el-flautista-de-hamelin\/#primaryimage"},"image":{"@id":"https:\/\/www.caudete.org\/ayuntamiento\/musical-familiar-el-flautista-de-hamelin\/#primaryimage"},"thumbnailUrl":"https:\/\/www.caudete.org\/ayuntamiento\/wp-content\/uploads\/2021\/03\/CARTEL-HAMELIN-HORIZONTAL.jpg","datePublished":"2021-03-26T12:43:40+00:00","dateModified":"2021-03-26T12:50:28+00:00","author":{"@id":"https:\/\/www.caudete.org\/ayuntamiento\/#\/schema\/person\/7656a5bb58fca95b9814e940de0fda63"},"description":"P\u00e1gina Oficial del Ayuntamiento de Caudete (Albacete)","breadcrumb":{"@id":"https:\/\/www.caudete.org\/ayuntamiento\/musical-familiar-el-flautista-de-hamelin\/#breadcrumb"},"inLanguage":"es","potentialAction":[{"@type":"ReadAction","target":["https:\/\/www.caudete.org\/ayuntamiento\/musical-familiar-el-flautista-de-hamelin\/"]}]},{"@type":"ImageObject","inLanguage":"es","@id":"https:\/\/www.caudete.org\/ayuntamiento\/musical-familiar-el-flautista-de-hamelin\/#primaryimage","url":"https:\/\/www.caudete.org\/ayuntamiento\/wp-content\/uploads\/2021\/03\/CARTEL-HAMELIN-HORIZONTAL.jpg","contentUrl":"https:\/\/www.caudete.org\/ayuntamiento\/wp-content\/uploads\/2021\/03\/CARTEL-HAMELIN-HORIZONTAL.jpg","width":1920,"height":958},{"@type":"BreadcrumbList","@id":"https:\/\/www.caudete.org\/ayuntamiento\/musical-familiar-el-flautista-de-hamelin\/#breadcrumb","itemListElement":[{"@type":"ListItem","position":1,"name":"Inicio","item":"https:\/\/www.caudete.org\/ayuntamiento\/"},{"@type":"ListItem","position":2,"name":"Musical familiar. &#8220;EL FLAUTISTA DE HAMELIN&#8221;"}]},{"@type":"WebSite","@id":"https:\/\/www.caudete.org\/ayuntamiento\/#website","url":"https:\/\/www.caudete.org\/ayuntamiento\/","name":"MI Ayuntamiento de Caudete","description":"P\u00e1gina Oficial del MI Ayuntamiento de Caudete","potentialAction":[{"@type":"SearchAction","target":{"@type":"EntryPoint","urlTemplate":"https:\/\/www.caudete.org\/ayuntamiento\/?s={search_term_string}"},"query-input":{"@type":"PropertyValueSpecification","valueRequired":true,"valueName":"search_term_string"}}],"inLanguage":"es"},{"@type":"Person","@id":"https:\/\/www.caudete.org\/ayuntamiento\/#\/schema\/person\/7656a5bb58fca95b9814e940de0fda63","name":"Juan","image":{"@type":"ImageObject","inLanguage":"es","@id":"https:\/\/secure.gravatar.com\/avatar\/dd53e51c0cd6ab23f52d4f3e4f1c59730240727763de3dbbf26750b079a2c292?s=96&d=mm&r=g","url":"https:\/\/secure.gravatar.com\/avatar\/dd53e51c0cd6ab23f52d4f3e4f1c59730240727763de3dbbf26750b079a2c292?s=96&d=mm&r=g","contentUrl":"https:\/\/secure.gravatar.com\/avatar\/dd53e51c0cd6ab23f52d4f3e4f1c59730240727763de3dbbf26750b079a2c292?s=96&d=mm&r=g","caption":"Juan"},"url":"https:\/\/www.caudete.org\/ayuntamiento\/author\/centrodeinternet\/"}]}},"_links":{"self":[{"href":"https:\/\/www.caudete.org\/ayuntamiento\/wp-json\/wp\/v2\/posts\/13468","targetHints":{"allow":["GET"]}}],"collection":[{"href":"https:\/\/www.caudete.org\/ayuntamiento\/wp-json\/wp\/v2\/posts"}],"about":[{"href":"https:\/\/www.caudete.org\/ayuntamiento\/wp-json\/wp\/v2\/types\/post"}],"author":[{"embeddable":true,"href":"https:\/\/www.caudete.org\/ayuntamiento\/wp-json\/wp\/v2\/users\/2"}],"replies":[{"embeddable":true,"href":"https:\/\/www.caudete.org\/ayuntamiento\/wp-json\/wp\/v2\/comments?post=13468"}],"version-history":[{"count":6,"href":"https:\/\/www.caudete.org\/ayuntamiento\/wp-json\/wp\/v2\/posts\/13468\/revisions"}],"predecessor-version":[{"id":13476,"href":"https:\/\/www.caudete.org\/ayuntamiento\/wp-json\/wp\/v2\/posts\/13468\/revisions\/13476"}],"wp:featuredmedia":[{"embeddable":true,"href":"https:\/\/www.caudete.org\/ayuntamiento\/wp-json\/wp\/v2\/media\/13471"}],"wp:attachment":[{"href":"https:\/\/www.caudete.org\/ayuntamiento\/wp-json\/wp\/v2\/media?parent=13468"}],"wp:term":[{"taxonomy":"category","embeddable":true,"href":"https:\/\/www.caudete.org\/ayuntamiento\/wp-json\/wp\/v2\/categories?post=13468"},{"taxonomy":"post_tag","embeddable":true,"href":"https:\/\/www.caudete.org\/ayuntamiento\/wp-json\/wp\/v2\/tags?post=13468"}],"curies":[{"name":"wp","href":"https:\/\/api.w.org\/{rel}","templated":true}]}}