{"id":13553,"date":"2021-03-29T16:44:14","date_gmt":"2021-03-29T14:44:14","guid":{"rendered":"https:\/\/www.caudete.org\/ayuntamiento\/?p=13553"},"modified":"2021-03-29T20:48:07","modified_gmt":"2021-03-29T18:48:07","slug":"cursos-gratuitos-de-auxiliares-en-viveros-jardines-y-fruticultura-2","status":"publish","type":"post","link":"https:\/\/www.caudete.org\/ayuntamiento\/cursos-gratuitos-de-auxiliares-en-viveros-jardines-y-fruticultura-2\/","title":{"rendered":"Cursos gratuitos para Auxiliares en viveros, jardines y Centros de Jardiner\u00eda"},"content":{"rendered":"<p>La Concejal de Empleo y Formaci\u00f3n, M\u00aa del Mar Requena, ha informado a trav\u00e9s del Departamento de Desarrollo Local de cursos gratuitos para Auxiliares en viveros, jardines y Centros de Jardiner\u00eda.<\/p>\n<p align=\"justify\"><span style=\"font-family: Arial Narrow, serif;\"><u><b>ACTIVIDADES AUXILIARES EN VIVEROS, JARDINES Y CENTROS DE JARDINER\u00cdA<\/b><\/u><\/span><\/p>\n<p align=\"justify\"><span style=\"font-family: Arial Narrow, serif;\"><strong>Duraci\u00f3n:<\/strong> 340 h.<\/span><\/p>\n<p align=\"justify\"><span style=\"font-family: Arial Narrow, serif;\"><strong>Inicio:<\/strong> 13\/04\/2021<\/span><\/p>\n<p align=\"justify\"><span style=\"font-family: Arial Narrow, serif;\"><strong>Fin:<\/strong> 28\/07\/2021<\/span><\/p>\n<p align=\"justify\"><span style=\"font-family: Arial Narrow, serif;\"><strong>Horario:<\/strong> 15:00 a 17:00 h <\/span><\/p>\n<p align=\"justify\"><strong><span style=\"font-family: Arial Narrow, serif;\">Dirigido a: Personas Desempleadas Inscritas en la Oficina de Empleo<\/span><\/strong><\/p>\n<p align=\"justify\"><span style=\"font-family: Arial Narrow, serif;\"><strong>L\u00edmite de edad<\/strong>: No<\/span><\/p>\n<p align=\"justify\"><span style=\"font-family: Arial Narrow, serif;\">Requisito acceso: Ninguno<\/span><\/p>\n<p align=\"justify\"><span style=\"font-family: Arial Narrow, serif;\">Datos del centro para m\u00e1s informaci\u00f3n y reservas de plaza:<\/span><\/p>\n<p align=\"justify\"><strong><span style=\"font-family: Arial Narrow, serif;\">Meser Center Formaci\u00f3n<\/span><\/strong><\/p>\n<p align=\"justify\"><span style=\"font-family: Arial Narrow, serif;\">C\/ Echegaray, 61 Bajo \u2013 Caudete<\/span><\/p>\n<p align=\"justify\"><span style=\"font-family: Arial Narrow, serif;\">Telf. 655928998<\/span><\/p>\n<p align=\"justify\"><span style=\"font-family: Arial Narrow, serif;\">Correo Electr\u00f3nico: <\/span><span style=\"color: #0000ff;\"><u><a href=\"mailto:info@mesercenter.com\" target=\"_blank\" rel=\"nofollow\"><span style=\"font-family: Arial Narrow, serif;\">info@mesercenter.com<\/span><\/a><\/u><\/span><\/p>\n<p align=\"justify\"><a href=\"https:\/\/www.caudete.org\/ayuntamiento\/wp-content\/uploads\/2021\/03\/Jardineria-Caudete-2021.jpg\" rel='prettyPhoto'><img fetchpriority=\"high\" decoding=\"async\" class=\"alignnone wp-image-13546 size-medium\" src=\"https:\/\/www.caudete.org\/ayuntamiento\/wp-content\/uploads\/2021\/03\/Jardineria-Caudete-2021-300x300.jpg\" alt=\"\" width=\"300\" height=\"300\" srcset=\"https:\/\/www.caudete.org\/ayuntamiento\/wp-content\/uploads\/2021\/03\/Jardineria-Caudete-2021-300x300.jpg 300w, https:\/\/www.caudete.org\/ayuntamiento\/wp-content\/uploads\/2021\/03\/Jardineria-Caudete-2021-1024x1024.jpg 1024w, https:\/\/www.caudete.org\/ayuntamiento\/wp-content\/uploads\/2021\/03\/Jardineria-Caudete-2021-150x150.jpg 150w, https:\/\/www.caudete.org\/ayuntamiento\/wp-content\/uploads\/2021\/03\/Jardineria-Caudete-2021-768x768.jpg 768w, https:\/\/www.caudete.org\/ayuntamiento\/wp-content\/uploads\/2021\/03\/Jardineria-Caudete-2021-60x60.jpg 60w, https:\/\/www.caudete.org\/ayuntamiento\/wp-content\/uploads\/2021\/03\/Jardineria-Caudete-2021.jpg 1080w\" sizes=\"(max-width: 300px) 100vw, 300px\" \/><\/a><\/p>\n<p align=\"justify\">\n","protected":false},"excerpt":{"rendered":"<p>La Concejal de Empleo y Formaci\u00f3n, M\u00aa del Mar Requena, ha informado a trav\u00e9s del Departamento de Desarrollo Local de cursos gratuitos para Auxiliares en viveros, jardines y Centros de Jardiner\u00eda. ACTIVIDADES AUXILIARES EN VIVEROS, JARDINES Y CENTROS DE JARDINER\u00cdA Duraci\u00f3n: 340 h. Inicio: 13\/04\/2021 Fin: 28\/07\/2021 Horario: 15:00 a 17:00 h Dirigido a: Personas &hellip;<\/p>\n","protected":false},"author":2,"featured_media":13588,"comment_status":"closed","ping_status":"open","sticky":false,"template":"","format":"standard","meta":{"ngg_post_thumbnail":0,"footnotes":""},"categories":[37],"tags":[578,573,558,282,577],"class_list":["post-13553","post","type-post","status-publish","format-standard","has-post-thumbnail","hentry","category-empleo-y-formacion","tag-auxiliares-en-viveros","tag-cursos-gratuitos","tag-fruticultura","tag-jardineria","tag-personas-desempleadas"],"yoast_head":"<!-- This site is optimized with the Yoast SEO plugin v27.4 - https:\/\/yoast.com\/product\/yoast-seo-wordpress\/ -->\n<title>Cursos gratuitos para Auxiliares en viveros, jardines y Centros de Jardiner\u00eda - MI Ayuntamiento de Caudete<\/title>\n<meta name=\"description\" content=\"P\u00e1gina Oficial del Ayuntamiento de Caudete (Albacete)\" \/>\n<meta name=\"robots\" content=\"index, follow, max-snippet:-1, max-image-preview:large, max-video-preview:-1\" \/>\n<link rel=\"canonical\" href=\"https:\/\/www.caudete.org\/ayuntamiento\/cursos-gratuitos-de-auxiliares-en-viveros-jardines-y-fruticultura-2\/\" \/>\n<meta property=\"og:locale\" content=\"es_ES\" \/>\n<meta property=\"og:type\" content=\"article\" \/>\n<meta property=\"og:title\" content=\"Cursos gratuitos para Auxiliares en viveros, jardines y Centros de Jardiner\u00eda - MI Ayuntamiento de Caudete\" \/>\n<meta property=\"og:description\" content=\"P\u00e1gina Oficial del Ayuntamiento de Caudete (Albacete)\" \/>\n<meta property=\"og:url\" content=\"https:\/\/www.caudete.org\/ayuntamiento\/cursos-gratuitos-de-auxiliares-en-viveros-jardines-y-fruticultura-2\/\" \/>\n<meta property=\"og:site_name\" content=\"MI Ayuntamiento de Caudete\" \/>\n<meta property=\"article:publisher\" content=\"https:\/\/www.facebook.com\/ayuntamientocaudete\/\" \/>\n<meta property=\"article:published_time\" content=\"2021-03-29T14:44:14+00:00\" \/>\n<meta property=\"article:modified_time\" content=\"2021-03-29T18:48:07+00:00\" \/>\n<meta property=\"og:image\" content=\"https:\/\/www.caudete.org\/ayuntamiento\/wp-content\/uploads\/2021\/03\/cartel-auxiliares-de-jardineria.jpg\" \/>\n\t<meta property=\"og:image:width\" content=\"1920\" \/>\n\t<meta property=\"og:image:height\" content=\"958\" \/>\n\t<meta property=\"og:image:type\" content=\"image\/jpeg\" \/>\n<meta name=\"author\" content=\"Juan\" \/>\n<meta name=\"twitter:card\" content=\"summary_large_image\" \/>\n<meta name=\"twitter:label1\" content=\"Escrito por\" \/>\n\t<meta name=\"twitter:data1\" content=\"Juan\" \/>\n\t<meta name=\"twitter:label2\" content=\"Tiempo de lectura\" \/>\n\t<meta name=\"twitter:data2\" content=\"1 minuto\" \/>\n<script type=\"application\/ld+json\" class=\"yoast-schema-graph\">{\"@context\":\"https:\\\/\\\/schema.org\",\"@graph\":[{\"@type\":\"Article\",\"@id\":\"https:\\\/\\\/www.caudete.org\\\/ayuntamiento\\\/cursos-gratuitos-de-auxiliares-en-viveros-jardines-y-fruticultura-2\\\/#article\",\"isPartOf\":{\"@id\":\"https:\\\/\\\/www.caudete.org\\\/ayuntamiento\\\/cursos-gratuitos-de-auxiliares-en-viveros-jardines-y-fruticultura-2\\\/\"},\"author\":{\"name\":\"Juan\",\"@id\":\"https:\\\/\\\/www.caudete.org\\\/ayuntamiento\\\/#\\\/schema\\\/person\\\/7656a5bb58fca95b9814e940de0fda63\"},\"headline\":\"Cursos gratuitos para Auxiliares en viveros, jardines y Centros de Jardiner\u00eda\",\"datePublished\":\"2021-03-29T14:44:14+00:00\",\"dateModified\":\"2021-03-29T18:48:07+00:00\",\"mainEntityOfPage\":{\"@id\":\"https:\\\/\\\/www.caudete.org\\\/ayuntamiento\\\/cursos-gratuitos-de-auxiliares-en-viveros-jardines-y-fruticultura-2\\\/\"},\"wordCount\":109,\"publisher\":{\"@id\":\"https:\\\/\\\/www.caudete.org\\\/ayuntamiento\\\/#organization\"},\"image\":{\"@id\":\"https:\\\/\\\/www.caudete.org\\\/ayuntamiento\\\/cursos-gratuitos-de-auxiliares-en-viveros-jardines-y-fruticultura-2\\\/#primaryimage\"},\"thumbnailUrl\":\"https:\\\/\\\/www.caudete.org\\\/ayuntamiento\\\/wp-content\\\/uploads\\\/2021\\\/03\\\/cartel-auxiliares-de-jardineria.jpg\",\"keywords\":[\"Auxiliares en viveros\",\"Cursos gratuitos\",\"Fruticultura\",\"Jardineria\",\"Personas desempleadas\"],\"articleSection\":[\"Empleo y Formaci\u00f3n\"],\"inLanguage\":\"es\"},{\"@type\":\"WebPage\",\"@id\":\"https:\\\/\\\/www.caudete.org\\\/ayuntamiento\\\/cursos-gratuitos-de-auxiliares-en-viveros-jardines-y-fruticultura-2\\\/\",\"url\":\"https:\\\/\\\/www.caudete.org\\\/ayuntamiento\\\/cursos-gratuitos-de-auxiliares-en-viveros-jardines-y-fruticultura-2\\\/\",\"name\":\"Cursos gratuitos para Auxiliares en viveros, jardines y Centros de Jardiner\u00eda - MI Ayuntamiento de Caudete\",\"isPartOf\":{\"@id\":\"https:\\\/\\\/www.caudete.org\\\/ayuntamiento\\\/#website\"},\"primaryImageOfPage\":{\"@id\":\"https:\\\/\\\/www.caudete.org\\\/ayuntamiento\\\/cursos-gratuitos-de-auxiliares-en-viveros-jardines-y-fruticultura-2\\\/#primaryimage\"},\"image\":{\"@id\":\"https:\\\/\\\/www.caudete.org\\\/ayuntamiento\\\/cursos-gratuitos-de-auxiliares-en-viveros-jardines-y-fruticultura-2\\\/#primaryimage\"},\"thumbnailUrl\":\"https:\\\/\\\/www.caudete.org\\\/ayuntamiento\\\/wp-content\\\/uploads\\\/2021\\\/03\\\/cartel-auxiliares-de-jardineria.jpg\",\"datePublished\":\"2021-03-29T14:44:14+00:00\",\"dateModified\":\"2021-03-29T18:48:07+00:00\",\"description\":\"P\u00e1gina Oficial del Ayuntamiento de Caudete (Albacete)\",\"breadcrumb\":{\"@id\":\"https:\\\/\\\/www.caudete.org\\\/ayuntamiento\\\/cursos-gratuitos-de-auxiliares-en-viveros-jardines-y-fruticultura-2\\\/#breadcrumb\"},\"inLanguage\":\"es\",\"potentialAction\":[{\"@type\":\"ReadAction\",\"target\":[\"https:\\\/\\\/www.caudete.org\\\/ayuntamiento\\\/cursos-gratuitos-de-auxiliares-en-viveros-jardines-y-fruticultura-2\\\/\"]}]},{\"@type\":\"ImageObject\",\"inLanguage\":\"es\",\"@id\":\"https:\\\/\\\/www.caudete.org\\\/ayuntamiento\\\/cursos-gratuitos-de-auxiliares-en-viveros-jardines-y-fruticultura-2\\\/#primaryimage\",\"url\":\"https:\\\/\\\/www.caudete.org\\\/ayuntamiento\\\/wp-content\\\/uploads\\\/2021\\\/03\\\/cartel-auxiliares-de-jardineria.jpg\",\"contentUrl\":\"https:\\\/\\\/www.caudete.org\\\/ayuntamiento\\\/wp-content\\\/uploads\\\/2021\\\/03\\\/cartel-auxiliares-de-jardineria.jpg\",\"width\":1920,\"height\":958},{\"@type\":\"BreadcrumbList\",\"@id\":\"https:\\\/\\\/www.caudete.org\\\/ayuntamiento\\\/cursos-gratuitos-de-auxiliares-en-viveros-jardines-y-fruticultura-2\\\/#breadcrumb\",\"itemListElement\":[{\"@type\":\"ListItem\",\"position\":1,\"name\":\"Inicio\",\"item\":\"https:\\\/\\\/www.caudete.org\\\/ayuntamiento\\\/\"},{\"@type\":\"ListItem\",\"position\":2,\"name\":\"Cursos gratuitos para Auxiliares en viveros, jardines y Centros de Jardiner\u00eda\"}]},{\"@type\":\"WebSite\",\"@id\":\"https:\\\/\\\/www.caudete.org\\\/ayuntamiento\\\/#website\",\"url\":\"https:\\\/\\\/www.caudete.org\\\/ayuntamiento\\\/\",\"name\":\"MI Ayuntamiento de Caudete\",\"description\":\"P\u00e1gina Oficial del MI Ayuntamiento de Caudete\",\"publisher\":{\"@id\":\"https:\\\/\\\/www.caudete.org\\\/ayuntamiento\\\/#organization\"},\"potentialAction\":[{\"@type\":\"SearchAction\",\"target\":{\"@type\":\"EntryPoint\",\"urlTemplate\":\"https:\\\/\\\/www.caudete.org\\\/ayuntamiento\\\/?s={search_term_string}\"},\"query-input\":{\"@type\":\"PropertyValueSpecification\",\"valueRequired\":true,\"valueName\":\"search_term_string\"}}],\"inLanguage\":\"es\"},{\"@type\":\"Organization\",\"@id\":\"https:\\\/\\\/www.caudete.org\\\/ayuntamiento\\\/#organization\",\"name\":\"Ayuntamiento de Caudete\",\"url\":\"https:\\\/\\\/www.caudete.org\\\/ayuntamiento\\\/\",\"logo\":{\"@type\":\"ImageObject\",\"inLanguage\":\"es\",\"@id\":\"https:\\\/\\\/www.caudete.org\\\/ayuntamiento\\\/#\\\/schema\\\/logo\\\/image\\\/\",\"url\":\"https:\\\/\\\/www.caudete.org\\\/ayuntamiento\\\/wp-content\\\/uploads\\\/2020\\\/11\\\/logo_ayuntamiento_caudete.jpg\",\"contentUrl\":\"https:\\\/\\\/www.caudete.org\\\/ayuntamiento\\\/wp-content\\\/uploads\\\/2020\\\/11\\\/logo_ayuntamiento_caudete.jpg\",\"width\":600,\"height\":150,\"caption\":\"Ayuntamiento de Caudete\"},\"image\":{\"@id\":\"https:\\\/\\\/www.caudete.org\\\/ayuntamiento\\\/#\\\/schema\\\/logo\\\/image\\\/\"},\"sameAs\":[\"https:\\\/\\\/www.facebook.com\\\/ayuntamientocaudete\\\/\",\"https:\\\/\\\/www.youtube.com\\\/channel\\\/UC6VztHaooNsGpw-tNoBEFnQ\"]},{\"@type\":\"Person\",\"@id\":\"https:\\\/\\\/www.caudete.org\\\/ayuntamiento\\\/#\\\/schema\\\/person\\\/7656a5bb58fca95b9814e940de0fda63\",\"name\":\"Juan\",\"image\":{\"@type\":\"ImageObject\",\"inLanguage\":\"es\",\"@id\":\"https:\\\/\\\/secure.gravatar.com\\\/avatar\\\/dd53e51c0cd6ab23f52d4f3e4f1c59730240727763de3dbbf26750b079a2c292?s=96&d=mm&r=g\",\"url\":\"https:\\\/\\\/secure.gravatar.com\\\/avatar\\\/dd53e51c0cd6ab23f52d4f3e4f1c59730240727763de3dbbf26750b079a2c292?s=96&d=mm&r=g\",\"contentUrl\":\"https:\\\/\\\/secure.gravatar.com\\\/avatar\\\/dd53e51c0cd6ab23f52d4f3e4f1c59730240727763de3dbbf26750b079a2c292?s=96&d=mm&r=g\",\"caption\":\"Juan\"},\"url\":\"https:\\\/\\\/www.caudete.org\\\/ayuntamiento\\\/author\\\/centrodeinternet\\\/\"}]}<\/script>\n<!-- \/ Yoast SEO plugin. -->","yoast_head_json":{"title":"Cursos gratuitos para Auxiliares en viveros, jardines y Centros de Jardiner\u00eda - MI Ayuntamiento de Caudete","description":"P\u00e1gina Oficial del Ayuntamiento de Caudete (Albacete)","robots":{"index":"index","follow":"follow","max-snippet":"max-snippet:-1","max-image-preview":"max-image-preview:large","max-video-preview":"max-video-preview:-1"},"canonical":"https:\/\/www.caudete.org\/ayuntamiento\/cursos-gratuitos-de-auxiliares-en-viveros-jardines-y-fruticultura-2\/","og_locale":"es_ES","og_type":"article","og_title":"Cursos gratuitos para Auxiliares en viveros, jardines y Centros de Jardiner\u00eda - MI Ayuntamiento de Caudete","og_description":"P\u00e1gina Oficial del Ayuntamiento de Caudete (Albacete)","og_url":"https:\/\/www.caudete.org\/ayuntamiento\/cursos-gratuitos-de-auxiliares-en-viveros-jardines-y-fruticultura-2\/","og_site_name":"MI Ayuntamiento de Caudete","article_publisher":"https:\/\/www.facebook.com\/ayuntamientocaudete\/","article_published_time":"2021-03-29T14:44:14+00:00","article_modified_time":"2021-03-29T18:48:07+00:00","og_image":[{"width":1920,"height":958,"url":"https:\/\/www.caudete.org\/ayuntamiento\/wp-content\/uploads\/2021\/03\/cartel-auxiliares-de-jardineria.jpg","type":"image\/jpeg"}],"author":"Juan","twitter_card":"summary_large_image","twitter_misc":{"Escrito por":"Juan","Tiempo de lectura":"1 minuto"},"schema":{"@context":"https:\/\/schema.org","@graph":[{"@type":"Article","@id":"https:\/\/www.caudete.org\/ayuntamiento\/cursos-gratuitos-de-auxiliares-en-viveros-jardines-y-fruticultura-2\/#article","isPartOf":{"@id":"https:\/\/www.caudete.org\/ayuntamiento\/cursos-gratuitos-de-auxiliares-en-viveros-jardines-y-fruticultura-2\/"},"author":{"name":"Juan","@id":"https:\/\/www.caudete.org\/ayuntamiento\/#\/schema\/person\/7656a5bb58fca95b9814e940de0fda63"},"headline":"Cursos gratuitos para Auxiliares en viveros, jardines y Centros de Jardiner\u00eda","datePublished":"2021-03-29T14:44:14+00:00","dateModified":"2021-03-29T18:48:07+00:00","mainEntityOfPage":{"@id":"https:\/\/www.caudete.org\/ayuntamiento\/cursos-gratuitos-de-auxiliares-en-viveros-jardines-y-fruticultura-2\/"},"wordCount":109,"publisher":{"@id":"https:\/\/www.caudete.org\/ayuntamiento\/#organization"},"image":{"@id":"https:\/\/www.caudete.org\/ayuntamiento\/cursos-gratuitos-de-auxiliares-en-viveros-jardines-y-fruticultura-2\/#primaryimage"},"thumbnailUrl":"https:\/\/www.caudete.org\/ayuntamiento\/wp-content\/uploads\/2021\/03\/cartel-auxiliares-de-jardineria.jpg","keywords":["Auxiliares en viveros","Cursos gratuitos","Fruticultura","Jardineria","Personas desempleadas"],"articleSection":["Empleo y Formaci\u00f3n"],"inLanguage":"es"},{"@type":"WebPage","@id":"https:\/\/www.caudete.org\/ayuntamiento\/cursos-gratuitos-de-auxiliares-en-viveros-jardines-y-fruticultura-2\/","url":"https:\/\/www.caudete.org\/ayuntamiento\/cursos-gratuitos-de-auxiliares-en-viveros-jardines-y-fruticultura-2\/","name":"Cursos gratuitos para Auxiliares en viveros, jardines y Centros de Jardiner\u00eda - MI Ayuntamiento de Caudete","isPartOf":{"@id":"https:\/\/www.caudete.org\/ayuntamiento\/#website"},"primaryImageOfPage":{"@id":"https:\/\/www.caudete.org\/ayuntamiento\/cursos-gratuitos-de-auxiliares-en-viveros-jardines-y-fruticultura-2\/#primaryimage"},"image":{"@id":"https:\/\/www.caudete.org\/ayuntamiento\/cursos-gratuitos-de-auxiliares-en-viveros-jardines-y-fruticultura-2\/#primaryimage"},"thumbnailUrl":"https:\/\/www.caudete.org\/ayuntamiento\/wp-content\/uploads\/2021\/03\/cartel-auxiliares-de-jardineria.jpg","datePublished":"2021-03-29T14:44:14+00:00","dateModified":"2021-03-29T18:48:07+00:00","description":"P\u00e1gina Oficial del Ayuntamiento de Caudete (Albacete)","breadcrumb":{"@id":"https:\/\/www.caudete.org\/ayuntamiento\/cursos-gratuitos-de-auxiliares-en-viveros-jardines-y-fruticultura-2\/#breadcrumb"},"inLanguage":"es","potentialAction":[{"@type":"ReadAction","target":["https:\/\/www.caudete.org\/ayuntamiento\/cursos-gratuitos-de-auxiliares-en-viveros-jardines-y-fruticultura-2\/"]}]},{"@type":"ImageObject","inLanguage":"es","@id":"https:\/\/www.caudete.org\/ayuntamiento\/cursos-gratuitos-de-auxiliares-en-viveros-jardines-y-fruticultura-2\/#primaryimage","url":"https:\/\/www.caudete.org\/ayuntamiento\/wp-content\/uploads\/2021\/03\/cartel-auxiliares-de-jardineria.jpg","contentUrl":"https:\/\/www.caudete.org\/ayuntamiento\/wp-content\/uploads\/2021\/03\/cartel-auxiliares-de-jardineria.jpg","width":1920,"height":958},{"@type":"BreadcrumbList","@id":"https:\/\/www.caudete.org\/ayuntamiento\/cursos-gratuitos-de-auxiliares-en-viveros-jardines-y-fruticultura-2\/#breadcrumb","itemListElement":[{"@type":"ListItem","position":1,"name":"Inicio","item":"https:\/\/www.caudete.org\/ayuntamiento\/"},{"@type":"ListItem","position":2,"name":"Cursos gratuitos para Auxiliares en viveros, jardines y Centros de Jardiner\u00eda"}]},{"@type":"WebSite","@id":"https:\/\/www.caudete.org\/ayuntamiento\/#website","url":"https:\/\/www.caudete.org\/ayuntamiento\/","name":"MI Ayuntamiento de Caudete","description":"P\u00e1gina Oficial del MI Ayuntamiento de Caudete","publisher":{"@id":"https:\/\/www.caudete.org\/ayuntamiento\/#organization"},"potentialAction":[{"@type":"SearchAction","target":{"@type":"EntryPoint","urlTemplate":"https:\/\/www.caudete.org\/ayuntamiento\/?s={search_term_string}"},"query-input":{"@type":"PropertyValueSpecification","valueRequired":true,"valueName":"search_term_string"}}],"inLanguage":"es"},{"@type":"Organization","@id":"https:\/\/www.caudete.org\/ayuntamiento\/#organization","name":"Ayuntamiento de Caudete","url":"https:\/\/www.caudete.org\/ayuntamiento\/","logo":{"@type":"ImageObject","inLanguage":"es","@id":"https:\/\/www.caudete.org\/ayuntamiento\/#\/schema\/logo\/image\/","url":"https:\/\/www.caudete.org\/ayuntamiento\/wp-content\/uploads\/2020\/11\/logo_ayuntamiento_caudete.jpg","contentUrl":"https:\/\/www.caudete.org\/ayuntamiento\/wp-content\/uploads\/2020\/11\/logo_ayuntamiento_caudete.jpg","width":600,"height":150,"caption":"Ayuntamiento de Caudete"},"image":{"@id":"https:\/\/www.caudete.org\/ayuntamiento\/#\/schema\/logo\/image\/"},"sameAs":["https:\/\/www.facebook.com\/ayuntamientocaudete\/","https:\/\/www.youtube.com\/channel\/UC6VztHaooNsGpw-tNoBEFnQ"]},{"@type":"Person","@id":"https:\/\/www.caudete.org\/ayuntamiento\/#\/schema\/person\/7656a5bb58fca95b9814e940de0fda63","name":"Juan","image":{"@type":"ImageObject","inLanguage":"es","@id":"https:\/\/secure.gravatar.com\/avatar\/dd53e51c0cd6ab23f52d4f3e4f1c59730240727763de3dbbf26750b079a2c292?s=96&d=mm&r=g","url":"https:\/\/secure.gravatar.com\/avatar\/dd53e51c0cd6ab23f52d4f3e4f1c59730240727763de3dbbf26750b079a2c292?s=96&d=mm&r=g","contentUrl":"https:\/\/secure.gravatar.com\/avatar\/dd53e51c0cd6ab23f52d4f3e4f1c59730240727763de3dbbf26750b079a2c292?s=96&d=mm&r=g","caption":"Juan"},"url":"https:\/\/www.caudete.org\/ayuntamiento\/author\/centrodeinternet\/"}]}},"_links":{"self":[{"href":"https:\/\/www.caudete.org\/ayuntamiento\/wp-json\/wp\/v2\/posts\/13553","targetHints":{"allow":["GET"]}}],"collection":[{"href":"https:\/\/www.caudete.org\/ayuntamiento\/wp-json\/wp\/v2\/posts"}],"about":[{"href":"https:\/\/www.caudete.org\/ayuntamiento\/wp-json\/wp\/v2\/types\/post"}],"author":[{"embeddable":true,"href":"https:\/\/www.caudete.org\/ayuntamiento\/wp-json\/wp\/v2\/users\/2"}],"replies":[{"embeddable":true,"href":"https:\/\/www.caudete.org\/ayuntamiento\/wp-json\/wp\/v2\/comments?post=13553"}],"version-history":[{"count":10,"href":"https:\/\/www.caudete.org\/ayuntamiento\/wp-json\/wp\/v2\/posts\/13553\/revisions"}],"predecessor-version":[{"id":13599,"href":"https:\/\/www.caudete.org\/ayuntamiento\/wp-json\/wp\/v2\/posts\/13553\/revisions\/13599"}],"wp:featuredmedia":[{"embeddable":true,"href":"https:\/\/www.caudete.org\/ayuntamiento\/wp-json\/wp\/v2\/media\/13588"}],"wp:attachment":[{"href":"https:\/\/www.caudete.org\/ayuntamiento\/wp-json\/wp\/v2\/media?parent=13553"}],"wp:term":[{"taxonomy":"category","embeddable":true,"href":"https:\/\/www.caudete.org\/ayuntamiento\/wp-json\/wp\/v2\/categories?post=13553"},{"taxonomy":"post_tag","embeddable":true,"href":"https:\/\/www.caudete.org\/ayuntamiento\/wp-json\/wp\/v2\/tags?post=13553"}],"curies":[{"name":"wp","href":"https:\/\/api.w.org\/{rel}","templated":true}]}}