{"id":13555,"date":"2021-03-29T18:19:33","date_gmt":"2021-03-29T16:19:33","guid":{"rendered":"https:\/\/www.caudete.org\/ayuntamiento\/?p=13555"},"modified":"2021-03-29T18:37:18","modified_gmt":"2021-03-29T16:37:18","slug":"el-ayuntamiento-colabora-con-la-formacion-de-los-jovenes","status":"publish","type":"post","link":"https:\/\/www.caudete.org\/ayuntamiento\/el-ayuntamiento-colabora-con-la-formacion-de-los-jovenes\/","title":{"rendered":"El Ayuntamiento colabora con la Formaci\u00f3n de los J\u00f3venes"},"content":{"rendered":"<p style=\"text-align: justify;\">El Concejal de Servicios, Joaqu\u00edn Pag\u00e1n, y la Edil de Formaci\u00f3n y Empleo, M\u00aa del Mar Requena, han visitado las labores que 13 j\u00f3venes de la localidad, est\u00e1n realizando en torno al curso <span style=\"font-weight: 400;\">&#8220;INSTALACI\u00d3N Y MANTENIMIENTO DE JARDINES Y ZONAS VERDES&#8221; que la empresa local<\/span><span style=\"font-weight: 400;\"><em> Meser-Center Formaci\u00f3n, S.L.U.<\/em>\u00a0 est\u00e1 impartiendo desde hace unas semanas.<\/span><\/p>\n<p style=\"text-align: justify;\"><span style=\"font-weight: 400;\">El Ayuntamiento ha establecido colaboraci\u00f3n con la empresa permitiendo realizar la parte pr\u00e1ctica del curso en zonas verdes del municipio, adem\u00e1s de aportar elementos de vegetaci\u00f3n y materiales diversos para poder llevarlo a cabo, siendo la zona elegida la Rambla donde se ubica el centenario <em>Molino de San Ant\u00f3n<\/em> y el <em>Paseo de Los Ni\u00f1os.<\/em><\/span><\/p>\n<p style=\"text-align: justify;\"><span style=\"font-weight: 400;\">En las primeras pr\u00e1cticas desarrolladas en la zona verde aleda\u00f1a al puente el Molino han realizado labores de limpieza y desbroce, as\u00ed como la retirada de piedras de superficie y limpieza en general de la zona; mientras que con el avance de las pr\u00e1cticas, se centrar\u00e1n en el propio Paseo con tareas de diferente \u00edndole.<\/span><\/p>\n<p style=\"text-align: justify;\"><span style=\"font-weight: 400;\">\u00a0De echo, el pasado viernes realizaron la plantaci\u00f3n de 3 moreras en el terrapl\u00e9n que da al Molino, junto a la acera exterior de la Rotonda, con su correspondiente instalaci\u00f3n de riego por goteo.<\/span><\/p>\n<p style=\"text-align: justify;\"><span style=\"font-weight: 400;\">El curso, que consta de 390 horas lectivas, cuenta con 80 horas de pr\u00e1cticas no laborales en empresas. Al t\u00e9rmino de la formaci\u00f3n adquieren la titulaci\u00f3n Certificado de Profesionalidad de Nivel 2.<\/span><\/p>\n<p style=\"text-align: justify;\"><span style=\"font-weight: 400;\">Con esta titulaci\u00f3n adquieren las siguientes competencias:<\/span><\/p>\n<ul>\n<li style=\"font-weight: 400; text-align: justify;\" aria-level=\"1\"><span style=\"font-weight: 400;\">Instalar jardines de interior, exterior y zonas verdes.<\/span><\/li>\n<li style=\"font-weight: 400; text-align: justify;\" aria-level=\"1\"><span style=\"font-weight: 400;\">Mantener y mejorar jardines.<\/span><\/li>\n<li style=\"font-weight: 400; text-align: justify;\" aria-level=\"1\"><span style=\"font-weight: 400;\">Controlar las plagas, enfermedades, malas hierbas y fisiopat\u00edas.<\/span><\/li>\n<li style=\"font-weight: 400; text-align: justify;\" aria-level=\"1\">Manejo de todo tipo de aperos y maquinaria.<\/li>\n<\/ul>\n<style type=\"text\/css\">\n#foogallery-gallery-13573.fg-justified .fg-item { margin-right: 2px; margin-bottom: 2px; }\n#foogallery-gallery-13573.fg-justified .fg-image { height: 200px; }<\/style>\n\t\t\t<div class=\"foogallery foogallery-container foogallery-justified foogallery-lightbox-none fg-justified fg-ready fg-light fg-shadow-outline fg-loading-default fg-loaded-fade-in fg-caption-always fg-hover-fade fg-hover-zoom2\" id=\"foogallery-gallery-13573\" data-foogallery=\"{&quot;item&quot;:{&quot;showCaptionTitle&quot;:true,&quot;showCaptionDescription&quot;:false},&quot;lazy&quot;:true,&quot;paging&quot;:{&quot;type&quot;:&quot;dots&quot;,&quot;size&quot;:20,&quot;position&quot;:&quot;bottom&quot;,&quot;scrollToTop&quot;:false,&quot;output&quot;:&quot;html&quot;,&quot;theme&quot;:&quot;fg-light&quot;},&quot;template&quot;:{&quot;rowHeight&quot;:200,&quot;maxRowHeight&quot;:300,&quot;margins&quot;:2,&quot;align&quot;:&quot;center&quot;,&quot;lastRow&quot;:&quot;smart&quot;}}\" style=\"--fg-title-line-clamp: 0; --fg-description-line-clamp: 0;\" >\n\t<div class=\"fg-item fg-type-image fg-idle\"><figure class=\"fg-item-inner\"><a href=\"https:\/\/www.caudete.org\/ayuntamiento\/wp-content\/uploads\/2021\/03\/WhatsApp-Image-2021-03-29-at-18.01.39.jpeg\" data-attachment-id=\"13558\" data-e-disable-page-transition=\"true\" data-type=\"image\" class=\"fg-thumb\"><span class=\"fg-image-wrap\"><img fetchpriority=\"high\" decoding=\"async\" height=\"300\" width=\"400\" class=\"skip-lazy fg-image\" data-src-fg=\"https:\/\/www.caudete.org\/ayuntamiento\/wp-content\/uploads\/cache\/2021\/03\/WhatsApp-Image-2021-03-29-at-18_01_39\/1044503396.jpeg\" src=\"data:image\/svg+xml,%3Csvg%20xmlns%3D%22http%3A%2F%2Fwww.w3.org%2F2000%2Fsvg%22%20width%3D%22400%22%20height%3D%22300%22%20viewBox%3D%220%200%20400%20300%22%3E%3C%2Fsvg%3E\" loading=\"eager\"><\/span><span class=\"fg-image-overlay\"><\/span><\/a><\/figure><div class=\"fg-loader\"><\/div><\/div><div class=\"fg-item fg-type-image fg-idle\"><figure class=\"fg-item-inner\"><a href=\"https:\/\/www.caudete.org\/ayuntamiento\/wp-content\/uploads\/2021\/03\/CAPTURA-5.jpg\" data-attachment-id=\"13561\" data-e-disable-page-transition=\"true\" data-type=\"image\" class=\"fg-thumb\"><span class=\"fg-image-wrap\"><img decoding=\"async\" height=\"300\" width=\"533\" class=\"skip-lazy fg-image\" data-src-fg=\"https:\/\/www.caudete.org\/ayuntamiento\/wp-content\/uploads\/cache\/2021\/03\/CAPTURA-5\/2752409157.jpg\" src=\"data:image\/svg+xml,%3Csvg%20xmlns%3D%22http%3A%2F%2Fwww.w3.org%2F2000%2Fsvg%22%20width%3D%22533%22%20height%3D%22300%22%20viewBox%3D%220%200%20533%20300%22%3E%3C%2Fsvg%3E\" loading=\"eager\"><\/span><span class=\"fg-image-overlay\"><\/span><\/a><\/figure><div class=\"fg-loader\"><\/div><\/div><div class=\"fg-item fg-type-image fg-idle\"><figure class=\"fg-item-inner\"><a href=\"https:\/\/www.caudete.org\/ayuntamiento\/wp-content\/uploads\/2021\/03\/WhatsApp-Image-2021-03-29-at-18.03.56.jpeg\" data-attachment-id=\"13566\" data-e-disable-page-transition=\"true\" data-type=\"image\" class=\"fg-thumb\"><span class=\"fg-image-wrap\"><img decoding=\"async\" height=\"300\" width=\"400\" class=\"skip-lazy fg-image\" data-src-fg=\"https:\/\/www.caudete.org\/ayuntamiento\/wp-content\/uploads\/cache\/2021\/03\/WhatsApp-Image-2021-03-29-at-18_03_56\/3104199054.jpeg\" src=\"data:image\/svg+xml,%3Csvg%20xmlns%3D%22http%3A%2F%2Fwww.w3.org%2F2000%2Fsvg%22%20width%3D%22400%22%20height%3D%22300%22%20viewBox%3D%220%200%20400%20300%22%3E%3C%2Fsvg%3E\" loading=\"eager\"><\/span><span class=\"fg-image-overlay\"><\/span><\/a><\/figure><div class=\"fg-loader\"><\/div><\/div><div class=\"fg-item fg-type-image fg-idle\"><figure class=\"fg-item-inner\"><a href=\"https:\/\/www.caudete.org\/ayuntamiento\/wp-content\/uploads\/2021\/03\/WhatsApp-Image-2021-03-29-at-18.04.31.jpeg\" data-attachment-id=\"13565\" data-e-disable-page-transition=\"true\" data-type=\"image\" class=\"fg-thumb\"><span class=\"fg-image-wrap\"><img decoding=\"async\" height=\"300\" width=\"400\" class=\"skip-lazy fg-image\" data-src-fg=\"https:\/\/www.caudete.org\/ayuntamiento\/wp-content\/uploads\/cache\/2021\/03\/WhatsApp-Image-2021-03-29-at-18_04_31\/3346172248.jpeg\" src=\"data:image\/svg+xml,%3Csvg%20xmlns%3D%22http%3A%2F%2Fwww.w3.org%2F2000%2Fsvg%22%20width%3D%22400%22%20height%3D%22300%22%20viewBox%3D%220%200%20400%20300%22%3E%3C%2Fsvg%3E\" loading=\"eager\"><\/span><span class=\"fg-image-overlay\"><\/span><\/a><\/figure><div class=\"fg-loader\"><\/div><\/div><div class=\"fg-item fg-type-image fg-idle\"><figure class=\"fg-item-inner\"><a href=\"https:\/\/www.caudete.org\/ayuntamiento\/wp-content\/uploads\/2021\/03\/WhatsApp-Image-2021-03-29-at-18.05.23.jpeg\" data-attachment-id=\"13564\" data-e-disable-page-transition=\"true\" data-type=\"image\" class=\"fg-thumb\"><span class=\"fg-image-wrap\"><img decoding=\"async\" height=\"300\" width=\"400\" class=\"skip-lazy fg-image\" data-src-fg=\"https:\/\/www.caudete.org\/ayuntamiento\/wp-content\/uploads\/cache\/2021\/03\/WhatsApp-Image-2021-03-29-at-18_05_23\/172122365.jpeg\" src=\"data:image\/svg+xml,%3Csvg%20xmlns%3D%22http%3A%2F%2Fwww.w3.org%2F2000%2Fsvg%22%20width%3D%22400%22%20height%3D%22300%22%20viewBox%3D%220%200%20400%20300%22%3E%3C%2Fsvg%3E\" loading=\"eager\"><\/span><span class=\"fg-image-overlay\"><\/span><\/a><\/figure><div class=\"fg-loader\"><\/div><\/div><div class=\"fg-item fg-type-image fg-idle\"><figure class=\"fg-item-inner\"><a href=\"https:\/\/www.caudete.org\/ayuntamiento\/wp-content\/uploads\/2021\/03\/WhatsApp-Image-2021-03-29-at-18.05.23-1.jpeg\" data-attachment-id=\"13563\" data-e-disable-page-transition=\"true\" data-type=\"image\" class=\"fg-thumb\"><span class=\"fg-image-wrap\"><img decoding=\"async\" height=\"300\" width=\"400\" class=\"skip-lazy fg-image\" data-src-fg=\"https:\/\/www.caudete.org\/ayuntamiento\/wp-content\/uploads\/cache\/2021\/03\/WhatsApp-Image-2021-03-29-at-18_05_23-1\/845534411.jpeg\" src=\"data:image\/svg+xml,%3Csvg%20xmlns%3D%22http%3A%2F%2Fwww.w3.org%2F2000%2Fsvg%22%20width%3D%22400%22%20height%3D%22300%22%20viewBox%3D%220%200%20400%20300%22%3E%3C%2Fsvg%3E\" loading=\"eager\"><\/span><span class=\"fg-image-overlay\"><\/span><\/a><\/figure><div class=\"fg-loader\"><\/div><\/div><div class=\"fg-item fg-type-image fg-idle\"><figure class=\"fg-item-inner\"><a href=\"https:\/\/www.caudete.org\/ayuntamiento\/wp-content\/uploads\/2021\/03\/CAPTURA-7.jpg\" data-attachment-id=\"13560\" data-e-disable-page-transition=\"true\" data-type=\"image\" class=\"fg-thumb\"><span class=\"fg-image-wrap\"><img decoding=\"async\" height=\"300\" width=\"533\" class=\"skip-lazy fg-image\" data-src-fg=\"https:\/\/www.caudete.org\/ayuntamiento\/wp-content\/uploads\/cache\/2021\/03\/CAPTURA-7\/224639855.jpg\" src=\"data:image\/svg+xml,%3Csvg%20xmlns%3D%22http%3A%2F%2Fwww.w3.org%2F2000%2Fsvg%22%20width%3D%22533%22%20height%3D%22300%22%20viewBox%3D%220%200%20533%20300%22%3E%3C%2Fsvg%3E\" loading=\"eager\"><\/span><span class=\"fg-image-overlay\"><\/span><\/a><\/figure><div class=\"fg-loader\"><\/div><\/div><div class=\"fg-item fg-type-image fg-idle\"><figure class=\"fg-item-inner\"><a href=\"https:\/\/www.caudete.org\/ayuntamiento\/wp-content\/uploads\/2021\/03\/CAPTURA-8.jpg\" data-attachment-id=\"13559\" data-e-disable-page-transition=\"true\" data-type=\"image\" class=\"fg-thumb\"><span class=\"fg-image-wrap\"><img decoding=\"async\" height=\"300\" width=\"533\" class=\"skip-lazy fg-image\" data-src-fg=\"https:\/\/www.caudete.org\/ayuntamiento\/wp-content\/uploads\/cache\/2021\/03\/CAPTURA-8\/3453314022.jpg\" src=\"data:image\/svg+xml,%3Csvg%20xmlns%3D%22http%3A%2F%2Fwww.w3.org%2F2000%2Fsvg%22%20width%3D%22533%22%20height%3D%22300%22%20viewBox%3D%220%200%20533%20300%22%3E%3C%2Fsvg%3E\" loading=\"eager\"><\/span><span class=\"fg-image-overlay\"><\/span><\/a><\/figure><div class=\"fg-loader\"><\/div><\/div><div class=\"fg-item fg-type-image fg-idle\"><figure class=\"fg-item-inner\"><a href=\"https:\/\/www.caudete.org\/ayuntamiento\/wp-content\/uploads\/2021\/03\/WhatsApp-Image-2021-03-29-at-18.02.33.jpeg\" data-attachment-id=\"13557\" data-e-disable-page-transition=\"true\" data-type=\"image\" class=\"fg-thumb\"><span class=\"fg-image-wrap\"><img decoding=\"async\" height=\"300\" width=\"400\" class=\"skip-lazy fg-image\" data-src-fg=\"https:\/\/www.caudete.org\/ayuntamiento\/wp-content\/uploads\/cache\/2021\/03\/WhatsApp-Image-2021-03-29-at-18_02_33\/3932101312.jpeg\" src=\"data:image\/svg+xml,%3Csvg%20xmlns%3D%22http%3A%2F%2Fwww.w3.org%2F2000%2Fsvg%22%20width%3D%22400%22%20height%3D%22300%22%20viewBox%3D%220%200%20400%20300%22%3E%3C%2Fsvg%3E\" loading=\"eager\"><\/span><span class=\"fg-image-overlay\"><\/span><\/a><\/figure><div class=\"fg-loader\"><\/div><\/div><div class=\"fg-item fg-type-image fg-idle\"><figure class=\"fg-item-inner\"><a href=\"https:\/\/www.caudete.org\/ayuntamiento\/wp-content\/uploads\/2021\/03\/WhatsApp-Image-2021-03-29-at-18.03.10.jpeg\" data-attachment-id=\"13556\" data-e-disable-page-transition=\"true\" data-type=\"image\" class=\"fg-thumb\"><span class=\"fg-image-wrap\"><img decoding=\"async\" height=\"300\" width=\"400\" class=\"skip-lazy fg-image\" data-src-fg=\"https:\/\/www.caudete.org\/ayuntamiento\/wp-content\/uploads\/cache\/2021\/03\/WhatsApp-Image-2021-03-29-at-18_03_10\/3676527653.jpeg\" src=\"data:image\/svg+xml,%3Csvg%20xmlns%3D%22http%3A%2F%2Fwww.w3.org%2F2000%2Fsvg%22%20width%3D%22400%22%20height%3D%22300%22%20viewBox%3D%220%200%20400%20300%22%3E%3C%2Fsvg%3E\" loading=\"eager\"><\/span><span class=\"fg-image-overlay\"><\/span><\/a><\/figure><div class=\"fg-loader\"><\/div><\/div><\/div>\n\n","protected":false},"excerpt":{"rendered":"<p>El Concejal de Servicios, Joaqu\u00edn Pag\u00e1n, y la Edil de Formaci\u00f3n y Empleo, M\u00aa del Mar Requena, han visitado las labores que 13 j\u00f3venes de la localidad, est\u00e1n realizando en torno al curso &#8220;INSTALACI\u00d3N Y MANTENIMIENTO DE JARDINES Y ZONAS VERDES&#8221; que la empresa local Meser-Center Formaci\u00f3n, S.L.U.\u00a0 est\u00e1 impartiendo desde hace unas semanas. El &hellip;<\/p>\n","protected":false},"author":3,"featured_media":13558,"comment_status":"closed","ping_status":"open","sticky":false,"template":"","format":"standard","meta":{"ngg_post_thumbnail":0,"footnotes":""},"categories":[37],"tags":[],"class_list":["post-13555","post","type-post","status-publish","format-standard","has-post-thumbnail","hentry","category-empleo-y-formacion"],"yoast_head":"<!-- This site is optimized with the Yoast SEO plugin v27.4 - https:\/\/yoast.com\/product\/yoast-seo-wordpress\/ -->\n<title>El Ayuntamiento colabora con la Formaci\u00f3n de los J\u00f3venes - MI Ayuntamiento de Caudete<\/title>\n<meta name=\"description\" content=\"P\u00e1gina Oficial del Ayuntamiento de Caudete (Albacete)\" \/>\n<meta name=\"robots\" content=\"index, follow, max-snippet:-1, max-image-preview:large, max-video-preview:-1\" \/>\n<link rel=\"canonical\" href=\"https:\/\/www.caudete.org\/ayuntamiento\/el-ayuntamiento-colabora-con-la-formacion-de-los-jovenes\/\" \/>\n<meta property=\"og:locale\" content=\"es_ES\" \/>\n<meta property=\"og:type\" content=\"article\" \/>\n<meta property=\"og:title\" content=\"El Ayuntamiento colabora con la Formaci\u00f3n de los J\u00f3venes - MI Ayuntamiento de Caudete\" \/>\n<meta property=\"og:description\" content=\"P\u00e1gina Oficial del Ayuntamiento de Caudete (Albacete)\" \/>\n<meta property=\"og:url\" content=\"https:\/\/www.caudete.org\/ayuntamiento\/el-ayuntamiento-colabora-con-la-formacion-de-los-jovenes\/\" \/>\n<meta property=\"og:site_name\" content=\"MI Ayuntamiento de Caudete\" \/>\n<meta property=\"article:publisher\" content=\"https:\/\/www.facebook.com\/ayuntamientocaudete\/\" \/>\n<meta property=\"article:published_time\" content=\"2021-03-29T16:19:33+00:00\" \/>\n<meta property=\"article:modified_time\" content=\"2021-03-29T16:37:18+00:00\" \/>\n<meta property=\"og:image\" content=\"https:\/\/www.caudete.org\/ayuntamiento\/wp-content\/uploads\/2021\/03\/WhatsApp-Image-2021-03-29-at-18.01.39.jpeg\" \/>\n\t<meta property=\"og:image:width\" content=\"1600\" \/>\n\t<meta property=\"og:image:height\" content=\"1200\" \/>\n\t<meta property=\"og:image:type\" content=\"image\/jpeg\" \/>\n<meta name=\"author\" content=\"alcalde\" \/>\n<meta name=\"twitter:card\" content=\"summary_large_image\" \/>\n<meta name=\"twitter:label1\" content=\"Escrito por\" \/>\n\t<meta name=\"twitter:data1\" content=\"alcalde\" \/>\n\t<meta name=\"twitter:label2\" content=\"Tiempo de lectura\" \/>\n\t<meta name=\"twitter:data2\" content=\"2 minutos\" \/>\n<script type=\"application\/ld+json\" class=\"yoast-schema-graph\">{\"@context\":\"https:\\\/\\\/schema.org\",\"@graph\":[{\"@type\":\"Article\",\"@id\":\"https:\\\/\\\/www.caudete.org\\\/ayuntamiento\\\/el-ayuntamiento-colabora-con-la-formacion-de-los-jovenes\\\/#article\",\"isPartOf\":{\"@id\":\"https:\\\/\\\/www.caudete.org\\\/ayuntamiento\\\/el-ayuntamiento-colabora-con-la-formacion-de-los-jovenes\\\/\"},\"author\":{\"name\":\"alcalde\",\"@id\":\"https:\\\/\\\/www.caudete.org\\\/ayuntamiento\\\/#\\\/schema\\\/person\\\/cc646da9133078ee4d8dd47457947253\"},\"headline\":\"El Ayuntamiento colabora con la Formaci\u00f3n de los J\u00f3venes\",\"datePublished\":\"2021-03-29T16:19:33+00:00\",\"dateModified\":\"2021-03-29T16:37:18+00:00\",\"mainEntityOfPage\":{\"@id\":\"https:\\\/\\\/www.caudete.org\\\/ayuntamiento\\\/el-ayuntamiento-colabora-con-la-formacion-de-los-jovenes\\\/\"},\"wordCount\":301,\"publisher\":{\"@id\":\"https:\\\/\\\/www.caudete.org\\\/ayuntamiento\\\/#organization\"},\"image\":{\"@id\":\"https:\\\/\\\/www.caudete.org\\\/ayuntamiento\\\/el-ayuntamiento-colabora-con-la-formacion-de-los-jovenes\\\/#primaryimage\"},\"thumbnailUrl\":\"https:\\\/\\\/www.caudete.org\\\/ayuntamiento\\\/wp-content\\\/uploads\\\/2021\\\/03\\\/WhatsApp-Image-2021-03-29-at-18.01.39.jpeg\",\"articleSection\":[\"Empleo y Formaci\u00f3n\"],\"inLanguage\":\"es\"},{\"@type\":\"WebPage\",\"@id\":\"https:\\\/\\\/www.caudete.org\\\/ayuntamiento\\\/el-ayuntamiento-colabora-con-la-formacion-de-los-jovenes\\\/\",\"url\":\"https:\\\/\\\/www.caudete.org\\\/ayuntamiento\\\/el-ayuntamiento-colabora-con-la-formacion-de-los-jovenes\\\/\",\"name\":\"El Ayuntamiento colabora con la Formaci\u00f3n de los J\u00f3venes - MI Ayuntamiento de Caudete\",\"isPartOf\":{\"@id\":\"https:\\\/\\\/www.caudete.org\\\/ayuntamiento\\\/#website\"},\"primaryImageOfPage\":{\"@id\":\"https:\\\/\\\/www.caudete.org\\\/ayuntamiento\\\/el-ayuntamiento-colabora-con-la-formacion-de-los-jovenes\\\/#primaryimage\"},\"image\":{\"@id\":\"https:\\\/\\\/www.caudete.org\\\/ayuntamiento\\\/el-ayuntamiento-colabora-con-la-formacion-de-los-jovenes\\\/#primaryimage\"},\"thumbnailUrl\":\"https:\\\/\\\/www.caudete.org\\\/ayuntamiento\\\/wp-content\\\/uploads\\\/2021\\\/03\\\/WhatsApp-Image-2021-03-29-at-18.01.39.jpeg\",\"datePublished\":\"2021-03-29T16:19:33+00:00\",\"dateModified\":\"2021-03-29T16:37:18+00:00\",\"description\":\"P\u00e1gina Oficial del Ayuntamiento de Caudete (Albacete)\",\"breadcrumb\":{\"@id\":\"https:\\\/\\\/www.caudete.org\\\/ayuntamiento\\\/el-ayuntamiento-colabora-con-la-formacion-de-los-jovenes\\\/#breadcrumb\"},\"inLanguage\":\"es\",\"potentialAction\":[{\"@type\":\"ReadAction\",\"target\":[\"https:\\\/\\\/www.caudete.org\\\/ayuntamiento\\\/el-ayuntamiento-colabora-con-la-formacion-de-los-jovenes\\\/\"]}]},{\"@type\":\"ImageObject\",\"inLanguage\":\"es\",\"@id\":\"https:\\\/\\\/www.caudete.org\\\/ayuntamiento\\\/el-ayuntamiento-colabora-con-la-formacion-de-los-jovenes\\\/#primaryimage\",\"url\":\"https:\\\/\\\/www.caudete.org\\\/ayuntamiento\\\/wp-content\\\/uploads\\\/2021\\\/03\\\/WhatsApp-Image-2021-03-29-at-18.01.39.jpeg\",\"contentUrl\":\"https:\\\/\\\/www.caudete.org\\\/ayuntamiento\\\/wp-content\\\/uploads\\\/2021\\\/03\\\/WhatsApp-Image-2021-03-29-at-18.01.39.jpeg\",\"width\":1600,\"height\":1200},{\"@type\":\"BreadcrumbList\",\"@id\":\"https:\\\/\\\/www.caudete.org\\\/ayuntamiento\\\/el-ayuntamiento-colabora-con-la-formacion-de-los-jovenes\\\/#breadcrumb\",\"itemListElement\":[{\"@type\":\"ListItem\",\"position\":1,\"name\":\"Inicio\",\"item\":\"https:\\\/\\\/www.caudete.org\\\/ayuntamiento\\\/\"},{\"@type\":\"ListItem\",\"position\":2,\"name\":\"El Ayuntamiento colabora con la Formaci\u00f3n de los J\u00f3venes\"}]},{\"@type\":\"WebSite\",\"@id\":\"https:\\\/\\\/www.caudete.org\\\/ayuntamiento\\\/#website\",\"url\":\"https:\\\/\\\/www.caudete.org\\\/ayuntamiento\\\/\",\"name\":\"MI Ayuntamiento de Caudete\",\"description\":\"P\u00e1gina Oficial del MI Ayuntamiento de Caudete\",\"publisher\":{\"@id\":\"https:\\\/\\\/www.caudete.org\\\/ayuntamiento\\\/#organization\"},\"potentialAction\":[{\"@type\":\"SearchAction\",\"target\":{\"@type\":\"EntryPoint\",\"urlTemplate\":\"https:\\\/\\\/www.caudete.org\\\/ayuntamiento\\\/?s={search_term_string}\"},\"query-input\":{\"@type\":\"PropertyValueSpecification\",\"valueRequired\":true,\"valueName\":\"search_term_string\"}}],\"inLanguage\":\"es\"},{\"@type\":\"Organization\",\"@id\":\"https:\\\/\\\/www.caudete.org\\\/ayuntamiento\\\/#organization\",\"name\":\"Ayuntamiento de Caudete\",\"url\":\"https:\\\/\\\/www.caudete.org\\\/ayuntamiento\\\/\",\"logo\":{\"@type\":\"ImageObject\",\"inLanguage\":\"es\",\"@id\":\"https:\\\/\\\/www.caudete.org\\\/ayuntamiento\\\/#\\\/schema\\\/logo\\\/image\\\/\",\"url\":\"https:\\\/\\\/www.caudete.org\\\/ayuntamiento\\\/wp-content\\\/uploads\\\/2020\\\/11\\\/logo_ayuntamiento_caudete.jpg\",\"contentUrl\":\"https:\\\/\\\/www.caudete.org\\\/ayuntamiento\\\/wp-content\\\/uploads\\\/2020\\\/11\\\/logo_ayuntamiento_caudete.jpg\",\"width\":600,\"height\":150,\"caption\":\"Ayuntamiento de Caudete\"},\"image\":{\"@id\":\"https:\\\/\\\/www.caudete.org\\\/ayuntamiento\\\/#\\\/schema\\\/logo\\\/image\\\/\"},\"sameAs\":[\"https:\\\/\\\/www.facebook.com\\\/ayuntamientocaudete\\\/\",\"https:\\\/\\\/www.youtube.com\\\/channel\\\/UC6VztHaooNsGpw-tNoBEFnQ\"]},{\"@type\":\"Person\",\"@id\":\"https:\\\/\\\/www.caudete.org\\\/ayuntamiento\\\/#\\\/schema\\\/person\\\/cc646da9133078ee4d8dd47457947253\",\"name\":\"alcalde\",\"image\":{\"@type\":\"ImageObject\",\"inLanguage\":\"es\",\"@id\":\"https:\\\/\\\/secure.gravatar.com\\\/avatar\\\/84a817ba065b29ff08d666b215a215f5c79186a645ccb25b14a663d48a130f77?s=96&d=mm&r=g\",\"url\":\"https:\\\/\\\/secure.gravatar.com\\\/avatar\\\/84a817ba065b29ff08d666b215a215f5c79186a645ccb25b14a663d48a130f77?s=96&d=mm&r=g\",\"contentUrl\":\"https:\\\/\\\/secure.gravatar.com\\\/avatar\\\/84a817ba065b29ff08d666b215a215f5c79186a645ccb25b14a663d48a130f77?s=96&d=mm&r=g\",\"caption\":\"alcalde\"},\"url\":\"https:\\\/\\\/www.caudete.org\\\/ayuntamiento\\\/author\\\/alcalde\\\/\"}]}<\/script>\n<!-- \/ Yoast SEO plugin. -->","yoast_head_json":{"title":"El Ayuntamiento colabora con la Formaci\u00f3n de los J\u00f3venes - MI Ayuntamiento de Caudete","description":"P\u00e1gina Oficial del Ayuntamiento de Caudete (Albacete)","robots":{"index":"index","follow":"follow","max-snippet":"max-snippet:-1","max-image-preview":"max-image-preview:large","max-video-preview":"max-video-preview:-1"},"canonical":"https:\/\/www.caudete.org\/ayuntamiento\/el-ayuntamiento-colabora-con-la-formacion-de-los-jovenes\/","og_locale":"es_ES","og_type":"article","og_title":"El Ayuntamiento colabora con la Formaci\u00f3n de los J\u00f3venes - MI Ayuntamiento de Caudete","og_description":"P\u00e1gina Oficial del Ayuntamiento de Caudete (Albacete)","og_url":"https:\/\/www.caudete.org\/ayuntamiento\/el-ayuntamiento-colabora-con-la-formacion-de-los-jovenes\/","og_site_name":"MI Ayuntamiento de Caudete","article_publisher":"https:\/\/www.facebook.com\/ayuntamientocaudete\/","article_published_time":"2021-03-29T16:19:33+00:00","article_modified_time":"2021-03-29T16:37:18+00:00","og_image":[{"width":1600,"height":1200,"url":"https:\/\/www.caudete.org\/ayuntamiento\/wp-content\/uploads\/2021\/03\/WhatsApp-Image-2021-03-29-at-18.01.39.jpeg","type":"image\/jpeg"}],"author":"alcalde","twitter_card":"summary_large_image","twitter_misc":{"Escrito por":"alcalde","Tiempo de lectura":"2 minutos"},"schema":{"@context":"https:\/\/schema.org","@graph":[{"@type":"Article","@id":"https:\/\/www.caudete.org\/ayuntamiento\/el-ayuntamiento-colabora-con-la-formacion-de-los-jovenes\/#article","isPartOf":{"@id":"https:\/\/www.caudete.org\/ayuntamiento\/el-ayuntamiento-colabora-con-la-formacion-de-los-jovenes\/"},"author":{"name":"alcalde","@id":"https:\/\/www.caudete.org\/ayuntamiento\/#\/schema\/person\/cc646da9133078ee4d8dd47457947253"},"headline":"El Ayuntamiento colabora con la Formaci\u00f3n de los J\u00f3venes","datePublished":"2021-03-29T16:19:33+00:00","dateModified":"2021-03-29T16:37:18+00:00","mainEntityOfPage":{"@id":"https:\/\/www.caudete.org\/ayuntamiento\/el-ayuntamiento-colabora-con-la-formacion-de-los-jovenes\/"},"wordCount":301,"publisher":{"@id":"https:\/\/www.caudete.org\/ayuntamiento\/#organization"},"image":{"@id":"https:\/\/www.caudete.org\/ayuntamiento\/el-ayuntamiento-colabora-con-la-formacion-de-los-jovenes\/#primaryimage"},"thumbnailUrl":"https:\/\/www.caudete.org\/ayuntamiento\/wp-content\/uploads\/2021\/03\/WhatsApp-Image-2021-03-29-at-18.01.39.jpeg","articleSection":["Empleo y Formaci\u00f3n"],"inLanguage":"es"},{"@type":"WebPage","@id":"https:\/\/www.caudete.org\/ayuntamiento\/el-ayuntamiento-colabora-con-la-formacion-de-los-jovenes\/","url":"https:\/\/www.caudete.org\/ayuntamiento\/el-ayuntamiento-colabora-con-la-formacion-de-los-jovenes\/","name":"El Ayuntamiento colabora con la Formaci\u00f3n de los J\u00f3venes - MI Ayuntamiento de Caudete","isPartOf":{"@id":"https:\/\/www.caudete.org\/ayuntamiento\/#website"},"primaryImageOfPage":{"@id":"https:\/\/www.caudete.org\/ayuntamiento\/el-ayuntamiento-colabora-con-la-formacion-de-los-jovenes\/#primaryimage"},"image":{"@id":"https:\/\/www.caudete.org\/ayuntamiento\/el-ayuntamiento-colabora-con-la-formacion-de-los-jovenes\/#primaryimage"},"thumbnailUrl":"https:\/\/www.caudete.org\/ayuntamiento\/wp-content\/uploads\/2021\/03\/WhatsApp-Image-2021-03-29-at-18.01.39.jpeg","datePublished":"2021-03-29T16:19:33+00:00","dateModified":"2021-03-29T16:37:18+00:00","description":"P\u00e1gina Oficial del Ayuntamiento de Caudete (Albacete)","breadcrumb":{"@id":"https:\/\/www.caudete.org\/ayuntamiento\/el-ayuntamiento-colabora-con-la-formacion-de-los-jovenes\/#breadcrumb"},"inLanguage":"es","potentialAction":[{"@type":"ReadAction","target":["https:\/\/www.caudete.org\/ayuntamiento\/el-ayuntamiento-colabora-con-la-formacion-de-los-jovenes\/"]}]},{"@type":"ImageObject","inLanguage":"es","@id":"https:\/\/www.caudete.org\/ayuntamiento\/el-ayuntamiento-colabora-con-la-formacion-de-los-jovenes\/#primaryimage","url":"https:\/\/www.caudete.org\/ayuntamiento\/wp-content\/uploads\/2021\/03\/WhatsApp-Image-2021-03-29-at-18.01.39.jpeg","contentUrl":"https:\/\/www.caudete.org\/ayuntamiento\/wp-content\/uploads\/2021\/03\/WhatsApp-Image-2021-03-29-at-18.01.39.jpeg","width":1600,"height":1200},{"@type":"BreadcrumbList","@id":"https:\/\/www.caudete.org\/ayuntamiento\/el-ayuntamiento-colabora-con-la-formacion-de-los-jovenes\/#breadcrumb","itemListElement":[{"@type":"ListItem","position":1,"name":"Inicio","item":"https:\/\/www.caudete.org\/ayuntamiento\/"},{"@type":"ListItem","position":2,"name":"El Ayuntamiento colabora con la Formaci\u00f3n de los J\u00f3venes"}]},{"@type":"WebSite","@id":"https:\/\/www.caudete.org\/ayuntamiento\/#website","url":"https:\/\/www.caudete.org\/ayuntamiento\/","name":"MI Ayuntamiento de Caudete","description":"P\u00e1gina Oficial del MI Ayuntamiento de Caudete","publisher":{"@id":"https:\/\/www.caudete.org\/ayuntamiento\/#organization"},"potentialAction":[{"@type":"SearchAction","target":{"@type":"EntryPoint","urlTemplate":"https:\/\/www.caudete.org\/ayuntamiento\/?s={search_term_string}"},"query-input":{"@type":"PropertyValueSpecification","valueRequired":true,"valueName":"search_term_string"}}],"inLanguage":"es"},{"@type":"Organization","@id":"https:\/\/www.caudete.org\/ayuntamiento\/#organization","name":"Ayuntamiento de Caudete","url":"https:\/\/www.caudete.org\/ayuntamiento\/","logo":{"@type":"ImageObject","inLanguage":"es","@id":"https:\/\/www.caudete.org\/ayuntamiento\/#\/schema\/logo\/image\/","url":"https:\/\/www.caudete.org\/ayuntamiento\/wp-content\/uploads\/2020\/11\/logo_ayuntamiento_caudete.jpg","contentUrl":"https:\/\/www.caudete.org\/ayuntamiento\/wp-content\/uploads\/2020\/11\/logo_ayuntamiento_caudete.jpg","width":600,"height":150,"caption":"Ayuntamiento de Caudete"},"image":{"@id":"https:\/\/www.caudete.org\/ayuntamiento\/#\/schema\/logo\/image\/"},"sameAs":["https:\/\/www.facebook.com\/ayuntamientocaudete\/","https:\/\/www.youtube.com\/channel\/UC6VztHaooNsGpw-tNoBEFnQ"]},{"@type":"Person","@id":"https:\/\/www.caudete.org\/ayuntamiento\/#\/schema\/person\/cc646da9133078ee4d8dd47457947253","name":"alcalde","image":{"@type":"ImageObject","inLanguage":"es","@id":"https:\/\/secure.gravatar.com\/avatar\/84a817ba065b29ff08d666b215a215f5c79186a645ccb25b14a663d48a130f77?s=96&d=mm&r=g","url":"https:\/\/secure.gravatar.com\/avatar\/84a817ba065b29ff08d666b215a215f5c79186a645ccb25b14a663d48a130f77?s=96&d=mm&r=g","contentUrl":"https:\/\/secure.gravatar.com\/avatar\/84a817ba065b29ff08d666b215a215f5c79186a645ccb25b14a663d48a130f77?s=96&d=mm&r=g","caption":"alcalde"},"url":"https:\/\/www.caudete.org\/ayuntamiento\/author\/alcalde\/"}]}},"_links":{"self":[{"href":"https:\/\/www.caudete.org\/ayuntamiento\/wp-json\/wp\/v2\/posts\/13555","targetHints":{"allow":["GET"]}}],"collection":[{"href":"https:\/\/www.caudete.org\/ayuntamiento\/wp-json\/wp\/v2\/posts"}],"about":[{"href":"https:\/\/www.caudete.org\/ayuntamiento\/wp-json\/wp\/v2\/types\/post"}],"author":[{"embeddable":true,"href":"https:\/\/www.caudete.org\/ayuntamiento\/wp-json\/wp\/v2\/users\/3"}],"replies":[{"embeddable":true,"href":"https:\/\/www.caudete.org\/ayuntamiento\/wp-json\/wp\/v2\/comments?post=13555"}],"version-history":[{"count":4,"href":"https:\/\/www.caudete.org\/ayuntamiento\/wp-json\/wp\/v2\/posts\/13555\/revisions"}],"predecessor-version":[{"id":13576,"href":"https:\/\/www.caudete.org\/ayuntamiento\/wp-json\/wp\/v2\/posts\/13555\/revisions\/13576"}],"wp:featuredmedia":[{"embeddable":true,"href":"https:\/\/www.caudete.org\/ayuntamiento\/wp-json\/wp\/v2\/media\/13558"}],"wp:attachment":[{"href":"https:\/\/www.caudete.org\/ayuntamiento\/wp-json\/wp\/v2\/media?parent=13555"}],"wp:term":[{"taxonomy":"category","embeddable":true,"href":"https:\/\/www.caudete.org\/ayuntamiento\/wp-json\/wp\/v2\/categories?post=13555"},{"taxonomy":"post_tag","embeddable":true,"href":"https:\/\/www.caudete.org\/ayuntamiento\/wp-json\/wp\/v2\/tags?post=13555"}],"curies":[{"name":"wp","href":"https:\/\/api.w.org\/{rel}","templated":true}]}}