{"id":13568,"date":"2021-03-29T19:09:53","date_gmt":"2021-03-29T17:09:53","guid":{"rendered":"https:\/\/www.caudete.org\/ayuntamiento\/?p=13568"},"modified":"2021-03-29T19:24:30","modified_gmt":"2021-03-29T17:24:30","slug":"avanzan-las-obras-de-la-parte-inferior-del-mercado","status":"publish","type":"post","link":"https:\/\/www.caudete.org\/ayuntamiento\/avanzan-las-obras-de-la-parte-inferior-del-mercado\/","title":{"rendered":"Avanzan las obras de la parte inferior del Mercado de Abastos"},"content":{"rendered":"<p style=\"text-align: justify;\">Diego Cuenca, Concejal de Comercio, ha explicado el motivo de las obras que se est\u00e1n acometiendo en la zona inferior del Mercado de Abastos, por la Brigada de Obras que gestiona la Concejal Marian Ballester.<\/p>\n<p style=\"text-align: justify;\">Ante las obras programadas en la Cubierta del edificio, se hace imprescindible por cuestiones de seguridad proceder a paralizar de forma temporal la actividad que en su interior se desarrolla, momento que se aprovechar\u00e1 para acometer, tras la finalizaci\u00f3n de las obras descritas, las necesarias en el interior del edificio que permitan su rehabilitaci\u00f3n y revitalizaci\u00f3n.<\/p>\n<p style=\"text-align: justify;\">De esta forma, las Carnicer\u00edas y Pescader\u00eda que sirven productos a sus clientes, lo seguir\u00e1n haciendo en el Mercado de Abastos, pero en la parte inferior del mismo, y de forma temporal.<\/p>\n<p style=\"text-align: justify;\">As\u00ed pues, desde hace unas semanas se est\u00e1n llevando a cabo obras de reforma tanto en el interior de dicho espacio como en el acceso exterior al mismo, para adecuarlos a la actividad de venta c\u00e1rnica y de pescado, y para hacer accesible la entrada a los clientes.<\/p>\n<p style=\"text-align: justify;\">Trabajos de alba\u00f1iler\u00eda centran el grueso de la reforma, que ha tratado de eliminar particiones antiguas generando espacio di\u00e1fano, adem\u00e1s de proceder a la instalaci\u00f3n de un nuevo acabado en paredes y suelo, tras una reforma de la instalaci\u00f3n de luz, agua y ACS por los Electricistas y Fontaneros Municipales. Todo ello se completa con acciones encaminadas a resolver el acceso desde Avda. Virgen de Gracia, haci\u00e9ndolo accesible, c\u00f3modo y seguro.<\/p>\n<p style=\"text-align: justify;\">De todo el proceso, explicaba el Edil, se ha ido informando a los comerciantes afectados, para que sean conocedores de primera mano del avance del proyecto y las acciones paralelas que hay que ir poniendo en marcha, donde \u00e9sta es una de las principales y primeras para poder desarrollarlas en el conjunto del antiguo edificio de 1.888<\/p>\n<p><a href=\"https:\/\/www.caudete.org\/ayuntamiento\/wp-content\/uploads\/2021\/03\/CAPTURA-3.jpg\" rel='prettyPhoto'><img fetchpriority=\"high\" decoding=\"async\" class=\"alignnone wp-image-13570 size-medium\" src=\"https:\/\/www.caudete.org\/ayuntamiento\/wp-content\/uploads\/2021\/03\/CAPTURA-3-300x169.jpg\" alt=\"\" width=\"300\" height=\"169\" srcset=\"https:\/\/www.caudete.org\/ayuntamiento\/wp-content\/uploads\/2021\/03\/CAPTURA-3-300x169.jpg 300w, https:\/\/www.caudete.org\/ayuntamiento\/wp-content\/uploads\/2021\/03\/CAPTURA-3-1024x576.jpg 1024w, https:\/\/www.caudete.org\/ayuntamiento\/wp-content\/uploads\/2021\/03\/CAPTURA-3-768x432.jpg 768w, https:\/\/www.caudete.org\/ayuntamiento\/wp-content\/uploads\/2021\/03\/CAPTURA-3-1536x864.jpg 1536w, https:\/\/www.caudete.org\/ayuntamiento\/wp-content\/uploads\/2021\/03\/CAPTURA-3.jpg 1920w\" sizes=\"(max-width: 300px) 100vw, 300px\" \/>\u00a0\u00a0<\/a> <a href=\"https:\/\/www.caudete.org\/ayuntamiento\/wp-content\/uploads\/2021\/03\/CAPTURA-2.jpg\" rel='prettyPhoto'><img decoding=\"async\" class=\"alignnone wp-image-13571 size-medium\" src=\"https:\/\/www.caudete.org\/ayuntamiento\/wp-content\/uploads\/2021\/03\/CAPTURA-2-300x169.jpg\" alt=\"\" width=\"300\" height=\"169\" srcset=\"https:\/\/www.caudete.org\/ayuntamiento\/wp-content\/uploads\/2021\/03\/CAPTURA-2-300x169.jpg 300w, https:\/\/www.caudete.org\/ayuntamiento\/wp-content\/uploads\/2021\/03\/CAPTURA-2-1024x576.jpg 1024w, https:\/\/www.caudete.org\/ayuntamiento\/wp-content\/uploads\/2021\/03\/CAPTURA-2-768x432.jpg 768w, https:\/\/www.caudete.org\/ayuntamiento\/wp-content\/uploads\/2021\/03\/CAPTURA-2-1536x864.jpg 1536w, https:\/\/www.caudete.org\/ayuntamiento\/wp-content\/uploads\/2021\/03\/CAPTURA-2.jpg 1920w\" sizes=\"(max-width: 300px) 100vw, 300px\" \/>\u00a0\u00a0<\/a> <a href=\"https:\/\/www.caudete.org\/ayuntamiento\/wp-content\/uploads\/2021\/03\/CAPTURA-1.jpg\" rel='prettyPhoto'><img decoding=\"async\" class=\"alignnone wp-image-13572 size-medium\" src=\"https:\/\/www.caudete.org\/ayuntamiento\/wp-content\/uploads\/2021\/03\/CAPTURA-1-300x169.jpg\" alt=\"\" width=\"300\" height=\"169\" srcset=\"https:\/\/www.caudete.org\/ayuntamiento\/wp-content\/uploads\/2021\/03\/CAPTURA-1-300x169.jpg 300w, https:\/\/www.caudete.org\/ayuntamiento\/wp-content\/uploads\/2021\/03\/CAPTURA-1-1024x576.jpg 1024w, https:\/\/www.caudete.org\/ayuntamiento\/wp-content\/uploads\/2021\/03\/CAPTURA-1-768x432.jpg 768w, https:\/\/www.caudete.org\/ayuntamiento\/wp-content\/uploads\/2021\/03\/CAPTURA-1-1536x864.jpg 1536w, https:\/\/www.caudete.org\/ayuntamiento\/wp-content\/uploads\/2021\/03\/CAPTURA-1.jpg 1920w\" sizes=\"(max-width: 300px) 100vw, 300px\" \/><\/a><\/p>\n","protected":false},"excerpt":{"rendered":"<p>Diego Cuenca, Concejal de Comercio, ha explicado el motivo de las obras que se est\u00e1n acometiendo en la zona inferior del Mercado de Abastos, por la Brigada de Obras que gestiona la Concejal Marian Ballester. Ante las obras programadas en la Cubierta del edificio, se hace imprescindible por cuestiones de seguridad proceder a paralizar de &hellip;<\/p>\n","protected":false},"author":3,"featured_media":13569,"comment_status":"closed","ping_status":"open","sticky":false,"template":"","format":"standard","meta":{"ngg_post_thumbnail":0,"footnotes":""},"categories":[42],"tags":[],"class_list":["post-13568","post","type-post","status-publish","format-standard","has-post-thumbnail","hentry","category-comercio"],"yoast_head":"<!-- This site is optimized with the Yoast SEO plugin v27.5 - https:\/\/yoast.com\/product\/yoast-seo-wordpress\/ -->\n<title>Avanzan las obras de la parte inferior del Mercado de Abastos - MI Ayuntamiento de Caudete<\/title>\n<meta name=\"description\" content=\"P\u00e1gina Oficial del Ayuntamiento de Caudete (Albacete)\" \/>\n<meta name=\"robots\" content=\"index, follow, max-snippet:-1, max-image-preview:large, max-video-preview:-1\" \/>\n<link rel=\"canonical\" href=\"https:\/\/www.caudete.org\/ayuntamiento\/avanzan-las-obras-de-la-parte-inferior-del-mercado\/\" \/>\n<meta property=\"og:locale\" content=\"es_ES\" \/>\n<meta property=\"og:type\" content=\"article\" \/>\n<meta property=\"og:title\" content=\"Avanzan las obras de la parte inferior del Mercado de Abastos - MI Ayuntamiento de Caudete\" \/>\n<meta property=\"og:description\" content=\"P\u00e1gina Oficial del Ayuntamiento de Caudete (Albacete)\" \/>\n<meta property=\"og:url\" content=\"https:\/\/www.caudete.org\/ayuntamiento\/avanzan-las-obras-de-la-parte-inferior-del-mercado\/\" \/>\n<meta property=\"og:site_name\" content=\"MI Ayuntamiento de Caudete\" \/>\n<meta property=\"article:publisher\" content=\"https:\/\/www.facebook.com\/ayuntamientocaudete\/\" \/>\n<meta property=\"article:published_time\" content=\"2021-03-29T17:09:53+00:00\" \/>\n<meta property=\"article:modified_time\" content=\"2021-03-29T17:24:30+00:00\" \/>\n<meta property=\"og:image\" content=\"https:\/\/www.caudete.org\/ayuntamiento\/wp-content\/uploads\/2021\/03\/CAPTURA-4.jpg\" \/>\n\t<meta property=\"og:image:width\" content=\"1920\" \/>\n\t<meta property=\"og:image:height\" content=\"1080\" \/>\n\t<meta property=\"og:image:type\" content=\"image\/jpeg\" \/>\n<meta name=\"author\" content=\"alcalde\" \/>\n<meta name=\"twitter:card\" content=\"summary_large_image\" \/>\n<meta name=\"twitter:label1\" content=\"Escrito por\" \/>\n\t<meta name=\"twitter:data1\" content=\"alcalde\" \/>\n\t<meta name=\"twitter:label2\" content=\"Tiempo de lectura\" \/>\n\t<meta name=\"twitter:data2\" content=\"2 minutos\" \/>\n<script type=\"application\/ld+json\" class=\"yoast-schema-graph\">{\"@context\":\"https:\\\/\\\/schema.org\",\"@graph\":[{\"@type\":\"Article\",\"@id\":\"https:\\\/\\\/www.caudete.org\\\/ayuntamiento\\\/avanzan-las-obras-de-la-parte-inferior-del-mercado\\\/#article\",\"isPartOf\":{\"@id\":\"https:\\\/\\\/www.caudete.org\\\/ayuntamiento\\\/avanzan-las-obras-de-la-parte-inferior-del-mercado\\\/\"},\"author\":{\"name\":\"alcalde\",\"@id\":\"https:\\\/\\\/www.caudete.org\\\/ayuntamiento\\\/#\\\/schema\\\/person\\\/cc646da9133078ee4d8dd47457947253\"},\"headline\":\"Avanzan las obras de la parte inferior del Mercado de Abastos\",\"datePublished\":\"2021-03-29T17:09:53+00:00\",\"dateModified\":\"2021-03-29T17:24:30+00:00\",\"mainEntityOfPage\":{\"@id\":\"https:\\\/\\\/www.caudete.org\\\/ayuntamiento\\\/avanzan-las-obras-de-la-parte-inferior-del-mercado\\\/\"},\"wordCount\":326,\"image\":{\"@id\":\"https:\\\/\\\/www.caudete.org\\\/ayuntamiento\\\/avanzan-las-obras-de-la-parte-inferior-del-mercado\\\/#primaryimage\"},\"thumbnailUrl\":\"https:\\\/\\\/www.caudete.org\\\/ayuntamiento\\\/wp-content\\\/uploads\\\/2021\\\/03\\\/CAPTURA-4.jpg\",\"articleSection\":[\"Comercio\"],\"inLanguage\":\"es\"},{\"@type\":\"WebPage\",\"@id\":\"https:\\\/\\\/www.caudete.org\\\/ayuntamiento\\\/avanzan-las-obras-de-la-parte-inferior-del-mercado\\\/\",\"url\":\"https:\\\/\\\/www.caudete.org\\\/ayuntamiento\\\/avanzan-las-obras-de-la-parte-inferior-del-mercado\\\/\",\"name\":\"Avanzan las obras de la parte inferior del Mercado de Abastos - MI Ayuntamiento de Caudete\",\"isPartOf\":{\"@id\":\"https:\\\/\\\/www.caudete.org\\\/ayuntamiento\\\/#website\"},\"primaryImageOfPage\":{\"@id\":\"https:\\\/\\\/www.caudete.org\\\/ayuntamiento\\\/avanzan-las-obras-de-la-parte-inferior-del-mercado\\\/#primaryimage\"},\"image\":{\"@id\":\"https:\\\/\\\/www.caudete.org\\\/ayuntamiento\\\/avanzan-las-obras-de-la-parte-inferior-del-mercado\\\/#primaryimage\"},\"thumbnailUrl\":\"https:\\\/\\\/www.caudete.org\\\/ayuntamiento\\\/wp-content\\\/uploads\\\/2021\\\/03\\\/CAPTURA-4.jpg\",\"datePublished\":\"2021-03-29T17:09:53+00:00\",\"dateModified\":\"2021-03-29T17:24:30+00:00\",\"author\":{\"@id\":\"https:\\\/\\\/www.caudete.org\\\/ayuntamiento\\\/#\\\/schema\\\/person\\\/cc646da9133078ee4d8dd47457947253\"},\"description\":\"P\u00e1gina Oficial del Ayuntamiento de Caudete (Albacete)\",\"breadcrumb\":{\"@id\":\"https:\\\/\\\/www.caudete.org\\\/ayuntamiento\\\/avanzan-las-obras-de-la-parte-inferior-del-mercado\\\/#breadcrumb\"},\"inLanguage\":\"es\",\"potentialAction\":[{\"@type\":\"ReadAction\",\"target\":[\"https:\\\/\\\/www.caudete.org\\\/ayuntamiento\\\/avanzan-las-obras-de-la-parte-inferior-del-mercado\\\/\"]}]},{\"@type\":\"ImageObject\",\"inLanguage\":\"es\",\"@id\":\"https:\\\/\\\/www.caudete.org\\\/ayuntamiento\\\/avanzan-las-obras-de-la-parte-inferior-del-mercado\\\/#primaryimage\",\"url\":\"https:\\\/\\\/www.caudete.org\\\/ayuntamiento\\\/wp-content\\\/uploads\\\/2021\\\/03\\\/CAPTURA-4.jpg\",\"contentUrl\":\"https:\\\/\\\/www.caudete.org\\\/ayuntamiento\\\/wp-content\\\/uploads\\\/2021\\\/03\\\/CAPTURA-4.jpg\",\"width\":1920,\"height\":1080},{\"@type\":\"BreadcrumbList\",\"@id\":\"https:\\\/\\\/www.caudete.org\\\/ayuntamiento\\\/avanzan-las-obras-de-la-parte-inferior-del-mercado\\\/#breadcrumb\",\"itemListElement\":[{\"@type\":\"ListItem\",\"position\":1,\"name\":\"Inicio\",\"item\":\"https:\\\/\\\/www.caudete.org\\\/ayuntamiento\\\/\"},{\"@type\":\"ListItem\",\"position\":2,\"name\":\"Avanzan las obras de la parte inferior del Mercado de Abastos\"}]},{\"@type\":\"WebSite\",\"@id\":\"https:\\\/\\\/www.caudete.org\\\/ayuntamiento\\\/#website\",\"url\":\"https:\\\/\\\/www.caudete.org\\\/ayuntamiento\\\/\",\"name\":\"MI Ayuntamiento de Caudete\",\"description\":\"P\u00e1gina Oficial del MI Ayuntamiento de Caudete\",\"potentialAction\":[{\"@type\":\"SearchAction\",\"target\":{\"@type\":\"EntryPoint\",\"urlTemplate\":\"https:\\\/\\\/www.caudete.org\\\/ayuntamiento\\\/?s={search_term_string}\"},\"query-input\":{\"@type\":\"PropertyValueSpecification\",\"valueRequired\":true,\"valueName\":\"search_term_string\"}}],\"inLanguage\":\"es\"},{\"@type\":\"Person\",\"@id\":\"https:\\\/\\\/www.caudete.org\\\/ayuntamiento\\\/#\\\/schema\\\/person\\\/cc646da9133078ee4d8dd47457947253\",\"name\":\"alcalde\",\"image\":{\"@type\":\"ImageObject\",\"inLanguage\":\"es\",\"@id\":\"https:\\\/\\\/secure.gravatar.com\\\/avatar\\\/84a817ba065b29ff08d666b215a215f5c79186a645ccb25b14a663d48a130f77?s=96&d=mm&r=g\",\"url\":\"https:\\\/\\\/secure.gravatar.com\\\/avatar\\\/84a817ba065b29ff08d666b215a215f5c79186a645ccb25b14a663d48a130f77?s=96&d=mm&r=g\",\"contentUrl\":\"https:\\\/\\\/secure.gravatar.com\\\/avatar\\\/84a817ba065b29ff08d666b215a215f5c79186a645ccb25b14a663d48a130f77?s=96&d=mm&r=g\",\"caption\":\"alcalde\"},\"url\":\"https:\\\/\\\/www.caudete.org\\\/ayuntamiento\\\/author\\\/alcalde\\\/\"}]}<\/script>\n<!-- \/ Yoast SEO plugin. -->","yoast_head_json":{"title":"Avanzan las obras de la parte inferior del Mercado de Abastos - MI Ayuntamiento de Caudete","description":"P\u00e1gina Oficial del Ayuntamiento de Caudete (Albacete)","robots":{"index":"index","follow":"follow","max-snippet":"max-snippet:-1","max-image-preview":"max-image-preview:large","max-video-preview":"max-video-preview:-1"},"canonical":"https:\/\/www.caudete.org\/ayuntamiento\/avanzan-las-obras-de-la-parte-inferior-del-mercado\/","og_locale":"es_ES","og_type":"article","og_title":"Avanzan las obras de la parte inferior del Mercado de Abastos - MI Ayuntamiento de Caudete","og_description":"P\u00e1gina Oficial del Ayuntamiento de Caudete (Albacete)","og_url":"https:\/\/www.caudete.org\/ayuntamiento\/avanzan-las-obras-de-la-parte-inferior-del-mercado\/","og_site_name":"MI Ayuntamiento de Caudete","article_publisher":"https:\/\/www.facebook.com\/ayuntamientocaudete\/","article_published_time":"2021-03-29T17:09:53+00:00","article_modified_time":"2021-03-29T17:24:30+00:00","og_image":[{"width":1920,"height":1080,"url":"https:\/\/www.caudete.org\/ayuntamiento\/wp-content\/uploads\/2021\/03\/CAPTURA-4.jpg","type":"image\/jpeg"}],"author":"alcalde","twitter_card":"summary_large_image","twitter_misc":{"Escrito por":"alcalde","Tiempo de lectura":"2 minutos"},"schema":{"@context":"https:\/\/schema.org","@graph":[{"@type":"Article","@id":"https:\/\/www.caudete.org\/ayuntamiento\/avanzan-las-obras-de-la-parte-inferior-del-mercado\/#article","isPartOf":{"@id":"https:\/\/www.caudete.org\/ayuntamiento\/avanzan-las-obras-de-la-parte-inferior-del-mercado\/"},"author":{"name":"alcalde","@id":"https:\/\/www.caudete.org\/ayuntamiento\/#\/schema\/person\/cc646da9133078ee4d8dd47457947253"},"headline":"Avanzan las obras de la parte inferior del Mercado de Abastos","datePublished":"2021-03-29T17:09:53+00:00","dateModified":"2021-03-29T17:24:30+00:00","mainEntityOfPage":{"@id":"https:\/\/www.caudete.org\/ayuntamiento\/avanzan-las-obras-de-la-parte-inferior-del-mercado\/"},"wordCount":326,"image":{"@id":"https:\/\/www.caudete.org\/ayuntamiento\/avanzan-las-obras-de-la-parte-inferior-del-mercado\/#primaryimage"},"thumbnailUrl":"https:\/\/www.caudete.org\/ayuntamiento\/wp-content\/uploads\/2021\/03\/CAPTURA-4.jpg","articleSection":["Comercio"],"inLanguage":"es"},{"@type":"WebPage","@id":"https:\/\/www.caudete.org\/ayuntamiento\/avanzan-las-obras-de-la-parte-inferior-del-mercado\/","url":"https:\/\/www.caudete.org\/ayuntamiento\/avanzan-las-obras-de-la-parte-inferior-del-mercado\/","name":"Avanzan las obras de la parte inferior del Mercado de Abastos - MI Ayuntamiento de Caudete","isPartOf":{"@id":"https:\/\/www.caudete.org\/ayuntamiento\/#website"},"primaryImageOfPage":{"@id":"https:\/\/www.caudete.org\/ayuntamiento\/avanzan-las-obras-de-la-parte-inferior-del-mercado\/#primaryimage"},"image":{"@id":"https:\/\/www.caudete.org\/ayuntamiento\/avanzan-las-obras-de-la-parte-inferior-del-mercado\/#primaryimage"},"thumbnailUrl":"https:\/\/www.caudete.org\/ayuntamiento\/wp-content\/uploads\/2021\/03\/CAPTURA-4.jpg","datePublished":"2021-03-29T17:09:53+00:00","dateModified":"2021-03-29T17:24:30+00:00","author":{"@id":"https:\/\/www.caudete.org\/ayuntamiento\/#\/schema\/person\/cc646da9133078ee4d8dd47457947253"},"description":"P\u00e1gina Oficial del Ayuntamiento de Caudete (Albacete)","breadcrumb":{"@id":"https:\/\/www.caudete.org\/ayuntamiento\/avanzan-las-obras-de-la-parte-inferior-del-mercado\/#breadcrumb"},"inLanguage":"es","potentialAction":[{"@type":"ReadAction","target":["https:\/\/www.caudete.org\/ayuntamiento\/avanzan-las-obras-de-la-parte-inferior-del-mercado\/"]}]},{"@type":"ImageObject","inLanguage":"es","@id":"https:\/\/www.caudete.org\/ayuntamiento\/avanzan-las-obras-de-la-parte-inferior-del-mercado\/#primaryimage","url":"https:\/\/www.caudete.org\/ayuntamiento\/wp-content\/uploads\/2021\/03\/CAPTURA-4.jpg","contentUrl":"https:\/\/www.caudete.org\/ayuntamiento\/wp-content\/uploads\/2021\/03\/CAPTURA-4.jpg","width":1920,"height":1080},{"@type":"BreadcrumbList","@id":"https:\/\/www.caudete.org\/ayuntamiento\/avanzan-las-obras-de-la-parte-inferior-del-mercado\/#breadcrumb","itemListElement":[{"@type":"ListItem","position":1,"name":"Inicio","item":"https:\/\/www.caudete.org\/ayuntamiento\/"},{"@type":"ListItem","position":2,"name":"Avanzan las obras de la parte inferior del Mercado de Abastos"}]},{"@type":"WebSite","@id":"https:\/\/www.caudete.org\/ayuntamiento\/#website","url":"https:\/\/www.caudete.org\/ayuntamiento\/","name":"MI Ayuntamiento de Caudete","description":"P\u00e1gina Oficial del MI Ayuntamiento de Caudete","potentialAction":[{"@type":"SearchAction","target":{"@type":"EntryPoint","urlTemplate":"https:\/\/www.caudete.org\/ayuntamiento\/?s={search_term_string}"},"query-input":{"@type":"PropertyValueSpecification","valueRequired":true,"valueName":"search_term_string"}}],"inLanguage":"es"},{"@type":"Person","@id":"https:\/\/www.caudete.org\/ayuntamiento\/#\/schema\/person\/cc646da9133078ee4d8dd47457947253","name":"alcalde","image":{"@type":"ImageObject","inLanguage":"es","@id":"https:\/\/secure.gravatar.com\/avatar\/84a817ba065b29ff08d666b215a215f5c79186a645ccb25b14a663d48a130f77?s=96&d=mm&r=g","url":"https:\/\/secure.gravatar.com\/avatar\/84a817ba065b29ff08d666b215a215f5c79186a645ccb25b14a663d48a130f77?s=96&d=mm&r=g","contentUrl":"https:\/\/secure.gravatar.com\/avatar\/84a817ba065b29ff08d666b215a215f5c79186a645ccb25b14a663d48a130f77?s=96&d=mm&r=g","caption":"alcalde"},"url":"https:\/\/www.caudete.org\/ayuntamiento\/author\/alcalde\/"}]}},"_links":{"self":[{"href":"https:\/\/www.caudete.org\/ayuntamiento\/wp-json\/wp\/v2\/posts\/13568","targetHints":{"allow":["GET"]}}],"collection":[{"href":"https:\/\/www.caudete.org\/ayuntamiento\/wp-json\/wp\/v2\/posts"}],"about":[{"href":"https:\/\/www.caudete.org\/ayuntamiento\/wp-json\/wp\/v2\/types\/post"}],"author":[{"embeddable":true,"href":"https:\/\/www.caudete.org\/ayuntamiento\/wp-json\/wp\/v2\/users\/3"}],"replies":[{"embeddable":true,"href":"https:\/\/www.caudete.org\/ayuntamiento\/wp-json\/wp\/v2\/comments?post=13568"}],"version-history":[{"count":6,"href":"https:\/\/www.caudete.org\/ayuntamiento\/wp-json\/wp\/v2\/posts\/13568\/revisions"}],"predecessor-version":[{"id":13598,"href":"https:\/\/www.caudete.org\/ayuntamiento\/wp-json\/wp\/v2\/posts\/13568\/revisions\/13598"}],"wp:featuredmedia":[{"embeddable":true,"href":"https:\/\/www.caudete.org\/ayuntamiento\/wp-json\/wp\/v2\/media\/13569"}],"wp:attachment":[{"href":"https:\/\/www.caudete.org\/ayuntamiento\/wp-json\/wp\/v2\/media?parent=13568"}],"wp:term":[{"taxonomy":"category","embeddable":true,"href":"https:\/\/www.caudete.org\/ayuntamiento\/wp-json\/wp\/v2\/categories?post=13568"},{"taxonomy":"post_tag","embeddable":true,"href":"https:\/\/www.caudete.org\/ayuntamiento\/wp-json\/wp\/v2\/tags?post=13568"}],"curies":[{"name":"wp","href":"https:\/\/api.w.org\/{rel}","templated":true}]}}