{"id":13623,"date":"2021-03-30T16:16:00","date_gmt":"2021-03-30T14:16:00","guid":{"rendered":"https:\/\/www.caudete.org\/ayuntamiento\/?p=13623"},"modified":"2021-03-30T17:06:41","modified_gmt":"2021-03-30T15:06:41","slug":"convocatoria-de-actividades-para-nuestros-mayores-a-traves-de-la-red-de-internet","status":"publish","type":"post","link":"https:\/\/www.caudete.org\/ayuntamiento\/convocatoria-de-actividades-para-nuestros-mayores-a-traves-de-la-red-de-internet\/","title":{"rendered":"Convocatoria de actividades para nuestros mayores a trav\u00e9s de internet"},"content":{"rendered":"<p>Pilar Egea, edil responsable de la Concejal\u00eda de Mayores, informa del <strong>Programa de Alfabetizaci\u00f3n Digital\u00a0 &#8220;Los mayores forman la RED CLM 2021\u201d, <\/strong>ofertado por la Consejer\u00eda de Bienestar Social y en colaboraci\u00f3n con la <strong>Asociaci\u00f3n Inciso-Integraci\u00f3n.<\/strong><\/p>\n<p>Este programa de alfabetizaci\u00f3n digital tiene como objetivo formar a las personas mayores <strong>usuarias de los Centros de D\u00eda de Personas Mayores y Asociaciones de Mayores<\/strong> de nuestra regi\u00f3n, prestando especial atenci\u00f3n al medio rural, as\u00ed como a las entidades de \u00e1mbito local que carezcan de medios para implantar proyectos de alfabetizaci\u00f3n digital.<\/p>\n<p>Debido a la situaci\u00f3n actual de pandemia por la Covid19, hemos adaptado nuestro Programa con <strong>una nueva metodolog\u00eda formativa<\/strong> que permitir\u00e1 seguir cumpliendo los objetivos marcados.<\/p>\n<p>Esta metodolog\u00eda, eminentemente on-line, la llevaremos a cabo con las siguientes herramientas:<\/p>\n<p><strong>1.-\u00a0 ACCIONES WEBINAR<\/strong> (talleres pr\u00e1cticos online y offline) dirigidos a personas mayores de Castilla La Mancha preferentemente usuarios\/as de Centros de Mayores, Asociaciones de Mayores y\/o entidades representativas del colectivo.<\/p>\n<p>Las tem\u00e1ticas, entre otras, ser\u00e1n<strong>:<\/strong><\/p>\n<p><strong>NOVEDAD 2021<\/strong><\/p>\n<ul>\n<li>Saca partido a WhatsApp<\/li>\n<li>Administra, almacena y descarga archivos en tu ordenador o m\u00f3vil<\/li>\n<li>Entretenimiento online (tv a la carta, radio podcast, Netflix)<\/li>\n<li>H\u00e1bitos y alimentaci\u00f3n para un envejecimiento saludable<\/li>\n<li>Terapia corporal: ejercita cuerpo y mente<\/li>\n<li>Red Social favorita: Facebook<\/li>\n<li>YouTube<\/li>\n<\/ul>\n<p><strong>Otras tem\u00e1ticas ser\u00e1n:<\/strong><\/p>\n<ul>\n<li>C\u00f3mo hacer videollamadas; por WhatsApp, Skype, zoom, Meet, etc.\u2026<\/li>\n<li>Consejos para navegar de forma segura<\/li>\n<li>Aprende a sacar el m\u00e1ximo partido a tu m\u00f3vil<\/li>\n<li>Juegos para mi m\u00f3vil. Estimulando mi cerebro (estimulaci\u00f3n cognitiva)<\/li>\n<li>Google, como buscar informaci\u00f3n, tr\u00e1mites con la administraci\u00f3n, banca online.<\/li>\n<li>Apps gratuitas m\u00e1s interesantes y \u00fatiles para tenerlas en tu m\u00f3vil.<\/li>\n<\/ul>\n<p><strong>2.-\u00a0 VIDEOS AULA CIBERMAYORES<\/strong><strong>: <\/strong>consistir\u00e1 en la elaboraci\u00f3n de \u201cp\u00edldoras formativas\u201d con videotutoriales, adaptadas a las personas mayores y que complementar\u00e1n y apoyar\u00e1n las acciones de webinar.<\/p>\n<p><strong>3.- FORMACION ELEARNING<\/strong>: ser\u00e1n acciones formativas que se desarrollan en la plataforma e-learning de Inciso Integraci\u00f3n y apoyado por tutores-docentes.<\/p>\n<ul>\n<li><strong>Iniciaci\u00f3n Competencias Digitales B\u00e1sicas (40H)<\/strong><\/li>\n<li><strong>Word (60H)<\/strong><\/li>\n<li><strong>Excel (50H)<\/strong><\/li>\n<li><strong>Uso de aplicaciones m\u00f3viles (35H)<\/strong><\/li>\n<\/ul>\n<p><strong>Esta metodolog\u00eda es \u201cresponsive\u201d<\/strong>. Este t\u00e9rmino hace referencia al dise\u00f1o web multidispositivo. (Ordenador sobremesa, port\u00e1tiles, iPads, tablets Androide o Smartphone<\/p>\n<p>Para poder acceder a este programa se deber\u00e1 acceder a la siguiente p\u00e1gina y realizar la <strong>inscripci\u00f3n online<\/strong>:<\/p>\n<p><a href=\"http:\/\/www.mayoresdecastillalamancha.es\/\" target=\"_blank\" rel=\"nofollow\">www.mayoresdecastillalamancha.es<\/a><\/p>\n<p><strong>Los requisitos son<\/strong>: disponer de ordenador de sobremesa, port\u00e1tiles, iPad, tablets Android o Smartphone con conexi\u00f3n a internet.<\/p>\n<p><a href=\"https:\/\/www.caudete.org\/ayuntamiento\/wp-content\/uploads\/2021\/03\/Carteleria-1o-progr-Los-mayores-forman-la-Red-2021-1-1.pdf\" class=\"mtli_attachment mtli_pdf\"><strong>CLIC AQU\u00cd PARA VER EL PROGRAMA DE ACTIVIDADES<\/strong><\/a><\/p>\n<p>&nbsp;<\/p>\n<p>&nbsp;<\/p>\n","protected":false},"excerpt":{"rendered":"<p>Pilar Egea, edil responsable de la Concejal\u00eda de Mayores, informa del Programa de Alfabetizaci\u00f3n Digital\u00a0 &#8220;Los mayores forman la RED CLM 2021\u201d, ofertado por la Consejer\u00eda de Bienestar Social y en colaboraci\u00f3n con la Asociaci\u00f3n Inciso-Integraci\u00f3n. Este programa de alfabetizaci\u00f3n digital tiene como objetivo formar a las personas mayores usuarias de los Centros de D\u00eda &hellip;<\/p>\n","protected":false},"author":2,"featured_media":13640,"comment_status":"closed","ping_status":"open","sticky":false,"template":"","format":"standard","meta":{"ngg_post_thumbnail":0,"footnotes":""},"categories":[39],"tags":[579,79,580],"class_list":["post-13623","post","type-post","status-publish","format-standard","has-post-thumbnail","hentry","category-mayores","tag-alfabetizacion-digital","tag-covid-19","tag-mayores-en-la-red"],"yoast_head":"<!-- This site is optimized with the Yoast SEO plugin v27.5 - https:\/\/yoast.com\/product\/yoast-seo-wordpress\/ -->\n<title>Convocatoria de actividades para nuestros mayores a trav\u00e9s de internet - MI Ayuntamiento de Caudete<\/title>\n<meta name=\"description\" content=\"P\u00e1gina Oficial del Ayuntamiento de Caudete (Albacete)\" \/>\n<meta name=\"robots\" content=\"index, follow, max-snippet:-1, max-image-preview:large, max-video-preview:-1\" \/>\n<link rel=\"canonical\" href=\"https:\/\/www.caudete.org\/ayuntamiento\/convocatoria-de-actividades-para-nuestros-mayores-a-traves-de-la-red-de-internet\/\" \/>\n<meta property=\"og:locale\" content=\"es_ES\" \/>\n<meta property=\"og:type\" content=\"article\" \/>\n<meta property=\"og:title\" content=\"Convocatoria de actividades para nuestros mayores a trav\u00e9s de internet - MI Ayuntamiento de Caudete\" \/>\n<meta property=\"og:description\" content=\"P\u00e1gina Oficial del Ayuntamiento de Caudete (Albacete)\" \/>\n<meta property=\"og:url\" content=\"https:\/\/www.caudete.org\/ayuntamiento\/convocatoria-de-actividades-para-nuestros-mayores-a-traves-de-la-red-de-internet\/\" \/>\n<meta property=\"og:site_name\" content=\"MI Ayuntamiento de Caudete\" \/>\n<meta property=\"article:publisher\" content=\"https:\/\/www.facebook.com\/ayuntamientocaudete\/\" \/>\n<meta property=\"article:published_time\" content=\"2021-03-30T14:16:00+00:00\" \/>\n<meta property=\"article:modified_time\" content=\"2021-03-30T15:06:41+00:00\" \/>\n<meta property=\"og:image\" content=\"https:\/\/www.caudete.org\/ayuntamiento\/wp-content\/uploads\/2021\/03\/CARTEL-ENVEJECIMINETO-ACTIVO-HORIZONTAL1.jpg\" \/>\n\t<meta property=\"og:image:width\" content=\"1920\" \/>\n\t<meta property=\"og:image:height\" content=\"958\" \/>\n\t<meta property=\"og:image:type\" content=\"image\/jpeg\" \/>\n<meta name=\"author\" content=\"Juan\" \/>\n<meta name=\"twitter:card\" content=\"summary_large_image\" \/>\n<meta name=\"twitter:label1\" content=\"Escrito por\" \/>\n\t<meta name=\"twitter:data1\" content=\"Juan\" \/>\n\t<meta name=\"twitter:label2\" content=\"Tiempo de lectura\" \/>\n\t<meta name=\"twitter:data2\" content=\"2 minutos\" \/>\n<script type=\"application\/ld+json\" class=\"yoast-schema-graph\">{\"@context\":\"https:\\\/\\\/schema.org\",\"@graph\":[{\"@type\":\"Article\",\"@id\":\"https:\\\/\\\/www.caudete.org\\\/ayuntamiento\\\/convocatoria-de-actividades-para-nuestros-mayores-a-traves-de-la-red-de-internet\\\/#article\",\"isPartOf\":{\"@id\":\"https:\\\/\\\/www.caudete.org\\\/ayuntamiento\\\/convocatoria-de-actividades-para-nuestros-mayores-a-traves-de-la-red-de-internet\\\/\"},\"author\":{\"name\":\"Juan\",\"@id\":\"https:\\\/\\\/www.caudete.org\\\/ayuntamiento\\\/#\\\/schema\\\/person\\\/7656a5bb58fca95b9814e940de0fda63\"},\"headline\":\"Convocatoria de actividades para nuestros mayores a trav\u00e9s de internet\",\"datePublished\":\"2021-03-30T14:16:00+00:00\",\"dateModified\":\"2021-03-30T15:06:41+00:00\",\"mainEntityOfPage\":{\"@id\":\"https:\\\/\\\/www.caudete.org\\\/ayuntamiento\\\/convocatoria-de-actividades-para-nuestros-mayores-a-traves-de-la-red-de-internet\\\/\"},\"wordCount\":452,\"publisher\":{\"@id\":\"https:\\\/\\\/www.caudete.org\\\/ayuntamiento\\\/#organization\"},\"image\":{\"@id\":\"https:\\\/\\\/www.caudete.org\\\/ayuntamiento\\\/convocatoria-de-actividades-para-nuestros-mayores-a-traves-de-la-red-de-internet\\\/#primaryimage\"},\"thumbnailUrl\":\"https:\\\/\\\/www.caudete.org\\\/ayuntamiento\\\/wp-content\\\/uploads\\\/2021\\\/03\\\/CARTEL-ENVEJECIMINETO-ACTIVO-HORIZONTAL1.jpg\",\"keywords\":[\"Alfabetizaci\u00f3n digital\",\"covid-19\",\"Mayores en la Red\"],\"articleSection\":[\"Mayores\"],\"inLanguage\":\"es\"},{\"@type\":\"WebPage\",\"@id\":\"https:\\\/\\\/www.caudete.org\\\/ayuntamiento\\\/convocatoria-de-actividades-para-nuestros-mayores-a-traves-de-la-red-de-internet\\\/\",\"url\":\"https:\\\/\\\/www.caudete.org\\\/ayuntamiento\\\/convocatoria-de-actividades-para-nuestros-mayores-a-traves-de-la-red-de-internet\\\/\",\"name\":\"Convocatoria de actividades para nuestros mayores a trav\u00e9s de internet - MI Ayuntamiento de Caudete\",\"isPartOf\":{\"@id\":\"https:\\\/\\\/www.caudete.org\\\/ayuntamiento\\\/#website\"},\"primaryImageOfPage\":{\"@id\":\"https:\\\/\\\/www.caudete.org\\\/ayuntamiento\\\/convocatoria-de-actividades-para-nuestros-mayores-a-traves-de-la-red-de-internet\\\/#primaryimage\"},\"image\":{\"@id\":\"https:\\\/\\\/www.caudete.org\\\/ayuntamiento\\\/convocatoria-de-actividades-para-nuestros-mayores-a-traves-de-la-red-de-internet\\\/#primaryimage\"},\"thumbnailUrl\":\"https:\\\/\\\/www.caudete.org\\\/ayuntamiento\\\/wp-content\\\/uploads\\\/2021\\\/03\\\/CARTEL-ENVEJECIMINETO-ACTIVO-HORIZONTAL1.jpg\",\"datePublished\":\"2021-03-30T14:16:00+00:00\",\"dateModified\":\"2021-03-30T15:06:41+00:00\",\"description\":\"P\u00e1gina Oficial del Ayuntamiento de Caudete (Albacete)\",\"breadcrumb\":{\"@id\":\"https:\\\/\\\/www.caudete.org\\\/ayuntamiento\\\/convocatoria-de-actividades-para-nuestros-mayores-a-traves-de-la-red-de-internet\\\/#breadcrumb\"},\"inLanguage\":\"es\",\"potentialAction\":[{\"@type\":\"ReadAction\",\"target\":[\"https:\\\/\\\/www.caudete.org\\\/ayuntamiento\\\/convocatoria-de-actividades-para-nuestros-mayores-a-traves-de-la-red-de-internet\\\/\"]}]},{\"@type\":\"ImageObject\",\"inLanguage\":\"es\",\"@id\":\"https:\\\/\\\/www.caudete.org\\\/ayuntamiento\\\/convocatoria-de-actividades-para-nuestros-mayores-a-traves-de-la-red-de-internet\\\/#primaryimage\",\"url\":\"https:\\\/\\\/www.caudete.org\\\/ayuntamiento\\\/wp-content\\\/uploads\\\/2021\\\/03\\\/CARTEL-ENVEJECIMINETO-ACTIVO-HORIZONTAL1.jpg\",\"contentUrl\":\"https:\\\/\\\/www.caudete.org\\\/ayuntamiento\\\/wp-content\\\/uploads\\\/2021\\\/03\\\/CARTEL-ENVEJECIMINETO-ACTIVO-HORIZONTAL1.jpg\",\"width\":1920,\"height\":958},{\"@type\":\"BreadcrumbList\",\"@id\":\"https:\\\/\\\/www.caudete.org\\\/ayuntamiento\\\/convocatoria-de-actividades-para-nuestros-mayores-a-traves-de-la-red-de-internet\\\/#breadcrumb\",\"itemListElement\":[{\"@type\":\"ListItem\",\"position\":1,\"name\":\"Inicio\",\"item\":\"https:\\\/\\\/www.caudete.org\\\/ayuntamiento\\\/\"},{\"@type\":\"ListItem\",\"position\":2,\"name\":\"Convocatoria de actividades para nuestros mayores a trav\u00e9s de internet\"}]},{\"@type\":\"WebSite\",\"@id\":\"https:\\\/\\\/www.caudete.org\\\/ayuntamiento\\\/#website\",\"url\":\"https:\\\/\\\/www.caudete.org\\\/ayuntamiento\\\/\",\"name\":\"MI Ayuntamiento de Caudete\",\"description\":\"P\u00e1gina Oficial del MI Ayuntamiento de Caudete\",\"publisher\":{\"@id\":\"https:\\\/\\\/www.caudete.org\\\/ayuntamiento\\\/#organization\"},\"potentialAction\":[{\"@type\":\"SearchAction\",\"target\":{\"@type\":\"EntryPoint\",\"urlTemplate\":\"https:\\\/\\\/www.caudete.org\\\/ayuntamiento\\\/?s={search_term_string}\"},\"query-input\":{\"@type\":\"PropertyValueSpecification\",\"valueRequired\":true,\"valueName\":\"search_term_string\"}}],\"inLanguage\":\"es\"},{\"@type\":\"Organization\",\"@id\":\"https:\\\/\\\/www.caudete.org\\\/ayuntamiento\\\/#organization\",\"name\":\"Ayuntamiento de Caudete\",\"url\":\"https:\\\/\\\/www.caudete.org\\\/ayuntamiento\\\/\",\"logo\":{\"@type\":\"ImageObject\",\"inLanguage\":\"es\",\"@id\":\"https:\\\/\\\/www.caudete.org\\\/ayuntamiento\\\/#\\\/schema\\\/logo\\\/image\\\/\",\"url\":\"https:\\\/\\\/www.caudete.org\\\/ayuntamiento\\\/wp-content\\\/uploads\\\/2020\\\/11\\\/logo_ayuntamiento_caudete.jpg\",\"contentUrl\":\"https:\\\/\\\/www.caudete.org\\\/ayuntamiento\\\/wp-content\\\/uploads\\\/2020\\\/11\\\/logo_ayuntamiento_caudete.jpg\",\"width\":600,\"height\":150,\"caption\":\"Ayuntamiento de Caudete\"},\"image\":{\"@id\":\"https:\\\/\\\/www.caudete.org\\\/ayuntamiento\\\/#\\\/schema\\\/logo\\\/image\\\/\"},\"sameAs\":[\"https:\\\/\\\/www.facebook.com\\\/ayuntamientocaudete\\\/\",\"https:\\\/\\\/www.youtube.com\\\/channel\\\/UC6VztHaooNsGpw-tNoBEFnQ\"]},{\"@type\":\"Person\",\"@id\":\"https:\\\/\\\/www.caudete.org\\\/ayuntamiento\\\/#\\\/schema\\\/person\\\/7656a5bb58fca95b9814e940de0fda63\",\"name\":\"Juan\",\"image\":{\"@type\":\"ImageObject\",\"inLanguage\":\"es\",\"@id\":\"https:\\\/\\\/secure.gravatar.com\\\/avatar\\\/dd53e51c0cd6ab23f52d4f3e4f1c59730240727763de3dbbf26750b079a2c292?s=96&d=mm&r=g\",\"url\":\"https:\\\/\\\/secure.gravatar.com\\\/avatar\\\/dd53e51c0cd6ab23f52d4f3e4f1c59730240727763de3dbbf26750b079a2c292?s=96&d=mm&r=g\",\"contentUrl\":\"https:\\\/\\\/secure.gravatar.com\\\/avatar\\\/dd53e51c0cd6ab23f52d4f3e4f1c59730240727763de3dbbf26750b079a2c292?s=96&d=mm&r=g\",\"caption\":\"Juan\"},\"url\":\"https:\\\/\\\/www.caudete.org\\\/ayuntamiento\\\/author\\\/centrodeinternet\\\/\"}]}<\/script>\n<!-- \/ Yoast SEO plugin. -->","yoast_head_json":{"title":"Convocatoria de actividades para nuestros mayores a trav\u00e9s de internet - MI Ayuntamiento de Caudete","description":"P\u00e1gina Oficial del Ayuntamiento de Caudete (Albacete)","robots":{"index":"index","follow":"follow","max-snippet":"max-snippet:-1","max-image-preview":"max-image-preview:large","max-video-preview":"max-video-preview:-1"},"canonical":"https:\/\/www.caudete.org\/ayuntamiento\/convocatoria-de-actividades-para-nuestros-mayores-a-traves-de-la-red-de-internet\/","og_locale":"es_ES","og_type":"article","og_title":"Convocatoria de actividades para nuestros mayores a trav\u00e9s de internet - MI Ayuntamiento de Caudete","og_description":"P\u00e1gina Oficial del Ayuntamiento de Caudete (Albacete)","og_url":"https:\/\/www.caudete.org\/ayuntamiento\/convocatoria-de-actividades-para-nuestros-mayores-a-traves-de-la-red-de-internet\/","og_site_name":"MI Ayuntamiento de Caudete","article_publisher":"https:\/\/www.facebook.com\/ayuntamientocaudete\/","article_published_time":"2021-03-30T14:16:00+00:00","article_modified_time":"2021-03-30T15:06:41+00:00","og_image":[{"width":1920,"height":958,"url":"https:\/\/www.caudete.org\/ayuntamiento\/wp-content\/uploads\/2021\/03\/CARTEL-ENVEJECIMINETO-ACTIVO-HORIZONTAL1.jpg","type":"image\/jpeg"}],"author":"Juan","twitter_card":"summary_large_image","twitter_misc":{"Escrito por":"Juan","Tiempo de lectura":"2 minutos"},"schema":{"@context":"https:\/\/schema.org","@graph":[{"@type":"Article","@id":"https:\/\/www.caudete.org\/ayuntamiento\/convocatoria-de-actividades-para-nuestros-mayores-a-traves-de-la-red-de-internet\/#article","isPartOf":{"@id":"https:\/\/www.caudete.org\/ayuntamiento\/convocatoria-de-actividades-para-nuestros-mayores-a-traves-de-la-red-de-internet\/"},"author":{"name":"Juan","@id":"https:\/\/www.caudete.org\/ayuntamiento\/#\/schema\/person\/7656a5bb58fca95b9814e940de0fda63"},"headline":"Convocatoria de actividades para nuestros mayores a trav\u00e9s de internet","datePublished":"2021-03-30T14:16:00+00:00","dateModified":"2021-03-30T15:06:41+00:00","mainEntityOfPage":{"@id":"https:\/\/www.caudete.org\/ayuntamiento\/convocatoria-de-actividades-para-nuestros-mayores-a-traves-de-la-red-de-internet\/"},"wordCount":452,"publisher":{"@id":"https:\/\/www.caudete.org\/ayuntamiento\/#organization"},"image":{"@id":"https:\/\/www.caudete.org\/ayuntamiento\/convocatoria-de-actividades-para-nuestros-mayores-a-traves-de-la-red-de-internet\/#primaryimage"},"thumbnailUrl":"https:\/\/www.caudete.org\/ayuntamiento\/wp-content\/uploads\/2021\/03\/CARTEL-ENVEJECIMINETO-ACTIVO-HORIZONTAL1.jpg","keywords":["Alfabetizaci\u00f3n digital","covid-19","Mayores en la Red"],"articleSection":["Mayores"],"inLanguage":"es"},{"@type":"WebPage","@id":"https:\/\/www.caudete.org\/ayuntamiento\/convocatoria-de-actividades-para-nuestros-mayores-a-traves-de-la-red-de-internet\/","url":"https:\/\/www.caudete.org\/ayuntamiento\/convocatoria-de-actividades-para-nuestros-mayores-a-traves-de-la-red-de-internet\/","name":"Convocatoria de actividades para nuestros mayores a trav\u00e9s de internet - MI Ayuntamiento de Caudete","isPartOf":{"@id":"https:\/\/www.caudete.org\/ayuntamiento\/#website"},"primaryImageOfPage":{"@id":"https:\/\/www.caudete.org\/ayuntamiento\/convocatoria-de-actividades-para-nuestros-mayores-a-traves-de-la-red-de-internet\/#primaryimage"},"image":{"@id":"https:\/\/www.caudete.org\/ayuntamiento\/convocatoria-de-actividades-para-nuestros-mayores-a-traves-de-la-red-de-internet\/#primaryimage"},"thumbnailUrl":"https:\/\/www.caudete.org\/ayuntamiento\/wp-content\/uploads\/2021\/03\/CARTEL-ENVEJECIMINETO-ACTIVO-HORIZONTAL1.jpg","datePublished":"2021-03-30T14:16:00+00:00","dateModified":"2021-03-30T15:06:41+00:00","description":"P\u00e1gina Oficial del Ayuntamiento de Caudete (Albacete)","breadcrumb":{"@id":"https:\/\/www.caudete.org\/ayuntamiento\/convocatoria-de-actividades-para-nuestros-mayores-a-traves-de-la-red-de-internet\/#breadcrumb"},"inLanguage":"es","potentialAction":[{"@type":"ReadAction","target":["https:\/\/www.caudete.org\/ayuntamiento\/convocatoria-de-actividades-para-nuestros-mayores-a-traves-de-la-red-de-internet\/"]}]},{"@type":"ImageObject","inLanguage":"es","@id":"https:\/\/www.caudete.org\/ayuntamiento\/convocatoria-de-actividades-para-nuestros-mayores-a-traves-de-la-red-de-internet\/#primaryimage","url":"https:\/\/www.caudete.org\/ayuntamiento\/wp-content\/uploads\/2021\/03\/CARTEL-ENVEJECIMINETO-ACTIVO-HORIZONTAL1.jpg","contentUrl":"https:\/\/www.caudete.org\/ayuntamiento\/wp-content\/uploads\/2021\/03\/CARTEL-ENVEJECIMINETO-ACTIVO-HORIZONTAL1.jpg","width":1920,"height":958},{"@type":"BreadcrumbList","@id":"https:\/\/www.caudete.org\/ayuntamiento\/convocatoria-de-actividades-para-nuestros-mayores-a-traves-de-la-red-de-internet\/#breadcrumb","itemListElement":[{"@type":"ListItem","position":1,"name":"Inicio","item":"https:\/\/www.caudete.org\/ayuntamiento\/"},{"@type":"ListItem","position":2,"name":"Convocatoria de actividades para nuestros mayores a trav\u00e9s de internet"}]},{"@type":"WebSite","@id":"https:\/\/www.caudete.org\/ayuntamiento\/#website","url":"https:\/\/www.caudete.org\/ayuntamiento\/","name":"MI Ayuntamiento de Caudete","description":"P\u00e1gina Oficial del MI Ayuntamiento de Caudete","publisher":{"@id":"https:\/\/www.caudete.org\/ayuntamiento\/#organization"},"potentialAction":[{"@type":"SearchAction","target":{"@type":"EntryPoint","urlTemplate":"https:\/\/www.caudete.org\/ayuntamiento\/?s={search_term_string}"},"query-input":{"@type":"PropertyValueSpecification","valueRequired":true,"valueName":"search_term_string"}}],"inLanguage":"es"},{"@type":"Organization","@id":"https:\/\/www.caudete.org\/ayuntamiento\/#organization","name":"Ayuntamiento de Caudete","url":"https:\/\/www.caudete.org\/ayuntamiento\/","logo":{"@type":"ImageObject","inLanguage":"es","@id":"https:\/\/www.caudete.org\/ayuntamiento\/#\/schema\/logo\/image\/","url":"https:\/\/www.caudete.org\/ayuntamiento\/wp-content\/uploads\/2020\/11\/logo_ayuntamiento_caudete.jpg","contentUrl":"https:\/\/www.caudete.org\/ayuntamiento\/wp-content\/uploads\/2020\/11\/logo_ayuntamiento_caudete.jpg","width":600,"height":150,"caption":"Ayuntamiento de Caudete"},"image":{"@id":"https:\/\/www.caudete.org\/ayuntamiento\/#\/schema\/logo\/image\/"},"sameAs":["https:\/\/www.facebook.com\/ayuntamientocaudete\/","https:\/\/www.youtube.com\/channel\/UC6VztHaooNsGpw-tNoBEFnQ"]},{"@type":"Person","@id":"https:\/\/www.caudete.org\/ayuntamiento\/#\/schema\/person\/7656a5bb58fca95b9814e940de0fda63","name":"Juan","image":{"@type":"ImageObject","inLanguage":"es","@id":"https:\/\/secure.gravatar.com\/avatar\/dd53e51c0cd6ab23f52d4f3e4f1c59730240727763de3dbbf26750b079a2c292?s=96&d=mm&r=g","url":"https:\/\/secure.gravatar.com\/avatar\/dd53e51c0cd6ab23f52d4f3e4f1c59730240727763de3dbbf26750b079a2c292?s=96&d=mm&r=g","contentUrl":"https:\/\/secure.gravatar.com\/avatar\/dd53e51c0cd6ab23f52d4f3e4f1c59730240727763de3dbbf26750b079a2c292?s=96&d=mm&r=g","caption":"Juan"},"url":"https:\/\/www.caudete.org\/ayuntamiento\/author\/centrodeinternet\/"}]}},"_links":{"self":[{"href":"https:\/\/www.caudete.org\/ayuntamiento\/wp-json\/wp\/v2\/posts\/13623","targetHints":{"allow":["GET"]}}],"collection":[{"href":"https:\/\/www.caudete.org\/ayuntamiento\/wp-json\/wp\/v2\/posts"}],"about":[{"href":"https:\/\/www.caudete.org\/ayuntamiento\/wp-json\/wp\/v2\/types\/post"}],"author":[{"embeddable":true,"href":"https:\/\/www.caudete.org\/ayuntamiento\/wp-json\/wp\/v2\/users\/2"}],"replies":[{"embeddable":true,"href":"https:\/\/www.caudete.org\/ayuntamiento\/wp-json\/wp\/v2\/comments?post=13623"}],"version-history":[{"count":13,"href":"https:\/\/www.caudete.org\/ayuntamiento\/wp-json\/wp\/v2\/posts\/13623\/revisions"}],"predecessor-version":[{"id":13642,"href":"https:\/\/www.caudete.org\/ayuntamiento\/wp-json\/wp\/v2\/posts\/13623\/revisions\/13642"}],"wp:featuredmedia":[{"embeddable":true,"href":"https:\/\/www.caudete.org\/ayuntamiento\/wp-json\/wp\/v2\/media\/13640"}],"wp:attachment":[{"href":"https:\/\/www.caudete.org\/ayuntamiento\/wp-json\/wp\/v2\/media?parent=13623"}],"wp:term":[{"taxonomy":"category","embeddable":true,"href":"https:\/\/www.caudete.org\/ayuntamiento\/wp-json\/wp\/v2\/categories?post=13623"},{"taxonomy":"post_tag","embeddable":true,"href":"https:\/\/www.caudete.org\/ayuntamiento\/wp-json\/wp\/v2\/tags?post=13623"}],"curies":[{"name":"wp","href":"https:\/\/api.w.org\/{rel}","templated":true}]}}