{"id":13701,"date":"2021-04-03T09:00:49","date_gmt":"2021-04-03T07:00:49","guid":{"rendered":"https:\/\/www.caudete.org\/ayuntamiento\/?p=13701"},"modified":"2021-04-05T13:14:18","modified_gmt":"2021-04-05T11:14:18","slug":"actuaciones-de-mejora-en-el-edificio-de-e-infantil-del-alcazar-y-serrano","status":"publish","type":"post","link":"https:\/\/www.caudete.org\/ayuntamiento\/actuaciones-de-mejora-en-el-edificio-de-e-infantil-del-alcazar-y-serrano\/","title":{"rendered":"Actuaciones de mejora en el edificio de E.Infantil del &#8220;ALCAZAR Y SERRANO&#8221;"},"content":{"rendered":"<p style=\"text-align: justify;\">Aprovechando los d\u00edas no lectivos de la Semana Santa, las Concejal\u00edas de Educaci\u00f3n y Obras que gestionan el Alcalde Mois\u00e9s L\u00f3pez y la Edil Marian Ballester, respectivamente, han llevado a cabo actuaciones de mejora en el Edificio de Infantil del Colegio &#8220;Alc\u00e1zar y Serrano&#8221;.<\/p>\n<p style=\"text-align: justify;\">En el interior del edificio se ha renovado la pavimentaci\u00f3n de lin\u00f3leo en la zona llamada de &#8220;asamblea&#8221; en 2 de las aulas, tras comprobar el estado de todas ellas hace unas semanas en la \u00faltima visita girada al Centro.<\/p>\n<p style=\"text-align: justify;\">Las actuaciones del exterior se han centrado en la zona de juegos infantiles, donde se ubican los toboganes, colocando una planchas de goma para amortiguar las ca\u00eddas al final de los mismos, as\u00ed como el rellenado con nuevo material en el arenero, en una zona muy usada por los alumnos en sus ratos de recreo.<\/p>\n<p style=\"text-align: justify;\">En el acceso a uno de los edificios, se ha ejecutado una peque\u00f1a acera de hormig\u00f3n que a su vez sirve para reducir la elevada altura existente hasta el momento entre el suelo del patio y el primer escal\u00f3n de las mismas, acceso que era dificultoso y peligroso para los ni\u00f1os.<\/p>\n<p style=\"text-align: justify;\">Con ello, se da respuesta a las demandas realizadas por los docentes y padres de alumnos, que con el fin de mejorar las instalaciones y la estancia de los alumnos en el Centro, el Ayuntamiento acomete. De hecho, desde las Concejal\u00edas de Educaci\u00f3n y de Obras adelantan que quedan algunas actuaciones pendientes de realizar, donde las m\u00e1s urgentes se ejecutar\u00e1n antes de finalizar el curso escolar, y el resto, a la finalizaci\u00f3n del mismo.<\/p>\n<p style=\"text-align: justify;\">Estas intervenciones, se suman a las ya ejecutadas en dicho Centro, como el pintado completo del Gimnasio en colores claros, el cambio de todas las luminarias a LED, la realizaci\u00f3n de la salida de emergencia, nueva solera de hormig\u00f3n en el patio, eliminaci\u00f3n de problemas de ra\u00edces por arbolado de grandes dimensiones, nueva plantaci\u00f3n de zonas verdes y arbolado, pintado de la valla, sustituci\u00f3n del acerado de C\/P\u00e9rez Gald\u00f3s con un ensanchamiento de la misma y protecci\u00f3n con bolardos, etc; o la dotaci\u00f3n de los medidores de CO2 como contribuci\u00f3n a las medidas sanitarias del Covid-19.<\/p>\n<p><a href=\"https:\/\/www.caudete.org\/ayuntamiento\/wp-content\/uploads\/2021\/04\/WhatsApp-Image-2021-03-31-at-14.52.37.jpeg\" rel='prettyPhoto'><img fetchpriority=\"high\" decoding=\"async\" class=\"alignnone wp-image-13708 size-medium\" src=\"https:\/\/www.caudete.org\/ayuntamiento\/wp-content\/uploads\/2021\/04\/WhatsApp-Image-2021-03-31-at-14.52.37-300x199.jpeg\" alt=\"\" width=\"300\" height=\"199\" srcset=\"https:\/\/www.caudete.org\/ayuntamiento\/wp-content\/uploads\/2021\/04\/WhatsApp-Image-2021-03-31-at-14.52.37-300x199.jpeg 300w, https:\/\/www.caudete.org\/ayuntamiento\/wp-content\/uploads\/2021\/04\/WhatsApp-Image-2021-03-31-at-14.52.37-1024x678.jpeg 1024w, https:\/\/www.caudete.org\/ayuntamiento\/wp-content\/uploads\/2021\/04\/WhatsApp-Image-2021-03-31-at-14.52.37-768x509.jpeg 768w, https:\/\/www.caudete.org\/ayuntamiento\/wp-content\/uploads\/2021\/04\/WhatsApp-Image-2021-03-31-at-14.52.37-1536x1018.jpeg 1536w, https:\/\/www.caudete.org\/ayuntamiento\/wp-content\/uploads\/2021\/04\/WhatsApp-Image-2021-03-31-at-14.52.37.jpeg 2030w\" sizes=\"(max-width: 300px) 100vw, 300px\" \/><\/a> <a href=\"https:\/\/www.caudete.org\/ayuntamiento\/wp-content\/uploads\/2021\/04\/WhatsApp-Image-2021-03-31-at-14.52.37-1.jpeg\" rel='prettyPhoto'><img decoding=\"async\" class=\"alignnone wp-image-13707 size-medium\" src=\"https:\/\/www.caudete.org\/ayuntamiento\/wp-content\/uploads\/2021\/04\/WhatsApp-Image-2021-03-31-at-14.52.37-1-300x199.jpeg\" alt=\"\" width=\"300\" height=\"199\" srcset=\"https:\/\/www.caudete.org\/ayuntamiento\/wp-content\/uploads\/2021\/04\/WhatsApp-Image-2021-03-31-at-14.52.37-1-300x199.jpeg 300w, https:\/\/www.caudete.org\/ayuntamiento\/wp-content\/uploads\/2021\/04\/WhatsApp-Image-2021-03-31-at-14.52.37-1-1024x678.jpeg 1024w, https:\/\/www.caudete.org\/ayuntamiento\/wp-content\/uploads\/2021\/04\/WhatsApp-Image-2021-03-31-at-14.52.37-1-768x508.jpeg 768w, https:\/\/www.caudete.org\/ayuntamiento\/wp-content\/uploads\/2021\/04\/WhatsApp-Image-2021-03-31-at-14.52.37-1-1536x1017.jpeg 1536w, https:\/\/www.caudete.org\/ayuntamiento\/wp-content\/uploads\/2021\/04\/WhatsApp-Image-2021-03-31-at-14.52.37-1.jpeg 2027w\" sizes=\"(max-width: 300px) 100vw, 300px\" \/><\/a> <a href=\"https:\/\/www.caudete.org\/ayuntamiento\/wp-content\/uploads\/2021\/04\/WhatsApp-Image-2021-03-31-at-14.52.38.jpeg\" rel='prettyPhoto'><img decoding=\"async\" class=\"alignnone wp-image-13706 size-medium\" src=\"https:\/\/www.caudete.org\/ayuntamiento\/wp-content\/uploads\/2021\/04\/WhatsApp-Image-2021-03-31-at-14.52.38-215x300.jpeg\" alt=\"\" width=\"215\" height=\"300\" srcset=\"https:\/\/www.caudete.org\/ayuntamiento\/wp-content\/uploads\/2021\/04\/WhatsApp-Image-2021-03-31-at-14.52.38-215x300.jpeg 215w, https:\/\/www.caudete.org\/ayuntamiento\/wp-content\/uploads\/2021\/04\/WhatsApp-Image-2021-03-31-at-14.52.38-735x1024.jpeg 735w, https:\/\/www.caudete.org\/ayuntamiento\/wp-content\/uploads\/2021\/04\/WhatsApp-Image-2021-03-31-at-14.52.38-768x1070.jpeg 768w, https:\/\/www.caudete.org\/ayuntamiento\/wp-content\/uploads\/2021\/04\/WhatsApp-Image-2021-03-31-at-14.52.38-1102x1536.jpeg 1102w, https:\/\/www.caudete.org\/ayuntamiento\/wp-content\/uploads\/2021\/04\/WhatsApp-Image-2021-03-31-at-14.52.38.jpeg 1299w\" sizes=\"(max-width: 215px) 100vw, 215px\" \/><\/a> <a href=\"https:\/\/www.caudete.org\/ayuntamiento\/wp-content\/uploads\/2021\/04\/WhatsApp-Image-2021-03-31-at-14.52.39.jpeg\" rel='prettyPhoto'><img loading=\"lazy\" decoding=\"async\" class=\"alignnone wp-image-13705 size-medium\" src=\"https:\/\/www.caudete.org\/ayuntamiento\/wp-content\/uploads\/2021\/04\/WhatsApp-Image-2021-03-31-at-14.52.39-300x210.jpeg\" alt=\"\" width=\"300\" height=\"210\" srcset=\"https:\/\/www.caudete.org\/ayuntamiento\/wp-content\/uploads\/2021\/04\/WhatsApp-Image-2021-03-31-at-14.52.39-300x210.jpeg 300w, https:\/\/www.caudete.org\/ayuntamiento\/wp-content\/uploads\/2021\/04\/WhatsApp-Image-2021-03-31-at-14.52.39-1024x718.jpeg 1024w, https:\/\/www.caudete.org\/ayuntamiento\/wp-content\/uploads\/2021\/04\/WhatsApp-Image-2021-03-31-at-14.52.39-768x539.jpeg 768w, https:\/\/www.caudete.org\/ayuntamiento\/wp-content\/uploads\/2021\/04\/WhatsApp-Image-2021-03-31-at-14.52.39.jpeg 1525w\" sizes=\"(max-width: 300px) 100vw, 300px\" \/><\/a> <a href=\"https:\/\/www.caudete.org\/ayuntamiento\/wp-content\/uploads\/2021\/04\/WhatsApp-Image-2021-03-31-at-14.52.39-1.jpeg\" rel='prettyPhoto'><img loading=\"lazy\" decoding=\"async\" class=\"alignnone wp-image-13704 size-medium\" src=\"https:\/\/www.caudete.org\/ayuntamiento\/wp-content\/uploads\/2021\/04\/WhatsApp-Image-2021-03-31-at-14.52.39-1-226x300.jpeg\" alt=\"\" width=\"226\" height=\"300\" srcset=\"https:\/\/www.caudete.org\/ayuntamiento\/wp-content\/uploads\/2021\/04\/WhatsApp-Image-2021-03-31-at-14.52.39-1-226x300.jpeg 226w, https:\/\/www.caudete.org\/ayuntamiento\/wp-content\/uploads\/2021\/04\/WhatsApp-Image-2021-03-31-at-14.52.39-1-773x1024.jpeg 773w, https:\/\/www.caudete.org\/ayuntamiento\/wp-content\/uploads\/2021\/04\/WhatsApp-Image-2021-03-31-at-14.52.39-1-768x1018.jpeg 768w, https:\/\/www.caudete.org\/ayuntamiento\/wp-content\/uploads\/2021\/04\/WhatsApp-Image-2021-03-31-at-14.52.39-1-1159x1536.jpeg 1159w, https:\/\/www.caudete.org\/ayuntamiento\/wp-content\/uploads\/2021\/04\/WhatsApp-Image-2021-03-31-at-14.52.39-1.jpeg 1382w\" sizes=\"(max-width: 226px) 100vw, 226px\" \/><\/a><\/p>\n","protected":false},"excerpt":{"rendered":"<p>Aprovechando los d\u00edas no lectivos de la Semana Santa, las Concejal\u00edas de Educaci\u00f3n y Obras que gestionan el Alcalde Mois\u00e9s L\u00f3pez y la Edil Marian Ballester, respectivamente, han llevado a cabo actuaciones de mejora en el Edificio de Infantil del Colegio &#8220;Alc\u00e1zar y Serrano&#8221;. En el interior del edificio se ha renovado la pavimentaci\u00f3n de &hellip;<\/p>\n","protected":false},"author":3,"featured_media":13730,"comment_status":"closed","ping_status":"open","sticky":false,"template":"","format":"standard","meta":{"ngg_post_thumbnail":0,"footnotes":""},"categories":[25],"tags":[160,585,481],"class_list":["post-13701","post","type-post","status-publish","format-standard","has-post-thumbnail","hentry","category-educacion","tag-alcazar-y-serrano","tag-infantil","tag-mejoras"],"yoast_head":"<!-- This site is optimized with the Yoast SEO plugin v27.4 - https:\/\/yoast.com\/product\/yoast-seo-wordpress\/ -->\n<title>Actuaciones de mejora en el edificio de E.Infantil del &quot;ALCAZAR Y SERRANO&quot; - MI Ayuntamiento de Caudete<\/title>\n<meta name=\"description\" content=\"P\u00e1gina Oficial del Ayuntamiento de Caudete (Albacete)\" \/>\n<meta name=\"robots\" content=\"index, follow, max-snippet:-1, max-image-preview:large, max-video-preview:-1\" \/>\n<link rel=\"canonical\" href=\"https:\/\/www.caudete.org\/ayuntamiento\/actuaciones-de-mejora-en-el-edificio-de-e-infantil-del-alcazar-y-serrano\/\" \/>\n<meta property=\"og:locale\" content=\"es_ES\" \/>\n<meta property=\"og:type\" content=\"article\" \/>\n<meta property=\"og:title\" content=\"Actuaciones de mejora en el edificio de E.Infantil del &quot;ALCAZAR Y SERRANO&quot; - MI Ayuntamiento de Caudete\" \/>\n<meta property=\"og:description\" content=\"P\u00e1gina Oficial del Ayuntamiento de Caudete (Albacete)\" \/>\n<meta property=\"og:url\" content=\"https:\/\/www.caudete.org\/ayuntamiento\/actuaciones-de-mejora-en-el-edificio-de-e-infantil-del-alcazar-y-serrano\/\" \/>\n<meta property=\"og:site_name\" content=\"MI Ayuntamiento de Caudete\" \/>\n<meta property=\"article:publisher\" content=\"https:\/\/www.facebook.com\/ayuntamientocaudete\/\" \/>\n<meta property=\"article:published_time\" content=\"2021-04-03T07:00:49+00:00\" \/>\n<meta property=\"article:modified_time\" content=\"2021-04-05T11:14:18+00:00\" \/>\n<meta property=\"og:image\" content=\"https:\/\/www.caudete.org\/ayuntamiento\/wp-content\/uploads\/2021\/04\/Foto-mejoras-educacion-infantil-horizontal-1-1.jpg\" \/>\n\t<meta property=\"og:image:width\" content=\"864\" \/>\n\t<meta property=\"og:image:height\" content=\"380\" \/>\n\t<meta property=\"og:image:type\" content=\"image\/jpeg\" \/>\n<meta name=\"author\" content=\"alcalde\" \/>\n<meta name=\"twitter:card\" content=\"summary_large_image\" \/>\n<meta name=\"twitter:label1\" content=\"Escrito por\" \/>\n\t<meta name=\"twitter:data1\" content=\"alcalde\" \/>\n\t<meta name=\"twitter:label2\" content=\"Tiempo de lectura\" \/>\n\t<meta name=\"twitter:data2\" content=\"3 minutos\" \/>\n<script type=\"application\/ld+json\" class=\"yoast-schema-graph\">{\"@context\":\"https:\\\/\\\/schema.org\",\"@graph\":[{\"@type\":\"Article\",\"@id\":\"https:\\\/\\\/www.caudete.org\\\/ayuntamiento\\\/actuaciones-de-mejora-en-el-edificio-de-e-infantil-del-alcazar-y-serrano\\\/#article\",\"isPartOf\":{\"@id\":\"https:\\\/\\\/www.caudete.org\\\/ayuntamiento\\\/actuaciones-de-mejora-en-el-edificio-de-e-infantil-del-alcazar-y-serrano\\\/\"},\"author\":{\"name\":\"alcalde\",\"@id\":\"https:\\\/\\\/www.caudete.org\\\/ayuntamiento\\\/#\\\/schema\\\/person\\\/cc646da9133078ee4d8dd47457947253\"},\"headline\":\"Actuaciones de mejora en el edificio de E.Infantil del &#8220;ALCAZAR Y SERRANO&#8221;\",\"datePublished\":\"2021-04-03T07:00:49+00:00\",\"dateModified\":\"2021-04-05T11:14:18+00:00\",\"mainEntityOfPage\":{\"@id\":\"https:\\\/\\\/www.caudete.org\\\/ayuntamiento\\\/actuaciones-de-mejora-en-el-edificio-de-e-infantil-del-alcazar-y-serrano\\\/\"},\"wordCount\":402,\"publisher\":{\"@id\":\"https:\\\/\\\/www.caudete.org\\\/ayuntamiento\\\/#organization\"},\"image\":{\"@id\":\"https:\\\/\\\/www.caudete.org\\\/ayuntamiento\\\/actuaciones-de-mejora-en-el-edificio-de-e-infantil-del-alcazar-y-serrano\\\/#primaryimage\"},\"thumbnailUrl\":\"https:\\\/\\\/www.caudete.org\\\/ayuntamiento\\\/wp-content\\\/uploads\\\/2021\\\/04\\\/Foto-mejoras-educacion-infantil-horizontal-1-1.jpg\",\"keywords\":[\"Alc\u00e1zar y Serrano\",\"infantil\",\"mejoras\"],\"articleSection\":[\"Educaci\u00f3n\"],\"inLanguage\":\"es\"},{\"@type\":\"WebPage\",\"@id\":\"https:\\\/\\\/www.caudete.org\\\/ayuntamiento\\\/actuaciones-de-mejora-en-el-edificio-de-e-infantil-del-alcazar-y-serrano\\\/\",\"url\":\"https:\\\/\\\/www.caudete.org\\\/ayuntamiento\\\/actuaciones-de-mejora-en-el-edificio-de-e-infantil-del-alcazar-y-serrano\\\/\",\"name\":\"Actuaciones de mejora en el edificio de E.Infantil del \\\"ALCAZAR Y SERRANO\\\" - MI Ayuntamiento de Caudete\",\"isPartOf\":{\"@id\":\"https:\\\/\\\/www.caudete.org\\\/ayuntamiento\\\/#website\"},\"primaryImageOfPage\":{\"@id\":\"https:\\\/\\\/www.caudete.org\\\/ayuntamiento\\\/actuaciones-de-mejora-en-el-edificio-de-e-infantil-del-alcazar-y-serrano\\\/#primaryimage\"},\"image\":{\"@id\":\"https:\\\/\\\/www.caudete.org\\\/ayuntamiento\\\/actuaciones-de-mejora-en-el-edificio-de-e-infantil-del-alcazar-y-serrano\\\/#primaryimage\"},\"thumbnailUrl\":\"https:\\\/\\\/www.caudete.org\\\/ayuntamiento\\\/wp-content\\\/uploads\\\/2021\\\/04\\\/Foto-mejoras-educacion-infantil-horizontal-1-1.jpg\",\"datePublished\":\"2021-04-03T07:00:49+00:00\",\"dateModified\":\"2021-04-05T11:14:18+00:00\",\"description\":\"P\u00e1gina Oficial del Ayuntamiento de Caudete (Albacete)\",\"breadcrumb\":{\"@id\":\"https:\\\/\\\/www.caudete.org\\\/ayuntamiento\\\/actuaciones-de-mejora-en-el-edificio-de-e-infantil-del-alcazar-y-serrano\\\/#breadcrumb\"},\"inLanguage\":\"es\",\"potentialAction\":[{\"@type\":\"ReadAction\",\"target\":[\"https:\\\/\\\/www.caudete.org\\\/ayuntamiento\\\/actuaciones-de-mejora-en-el-edificio-de-e-infantil-del-alcazar-y-serrano\\\/\"]}]},{\"@type\":\"ImageObject\",\"inLanguage\":\"es\",\"@id\":\"https:\\\/\\\/www.caudete.org\\\/ayuntamiento\\\/actuaciones-de-mejora-en-el-edificio-de-e-infantil-del-alcazar-y-serrano\\\/#primaryimage\",\"url\":\"https:\\\/\\\/www.caudete.org\\\/ayuntamiento\\\/wp-content\\\/uploads\\\/2021\\\/04\\\/Foto-mejoras-educacion-infantil-horizontal-1-1.jpg\",\"contentUrl\":\"https:\\\/\\\/www.caudete.org\\\/ayuntamiento\\\/wp-content\\\/uploads\\\/2021\\\/04\\\/Foto-mejoras-educacion-infantil-horizontal-1-1.jpg\",\"width\":864,\"height\":380},{\"@type\":\"BreadcrumbList\",\"@id\":\"https:\\\/\\\/www.caudete.org\\\/ayuntamiento\\\/actuaciones-de-mejora-en-el-edificio-de-e-infantil-del-alcazar-y-serrano\\\/#breadcrumb\",\"itemListElement\":[{\"@type\":\"ListItem\",\"position\":1,\"name\":\"Inicio\",\"item\":\"https:\\\/\\\/www.caudete.org\\\/ayuntamiento\\\/\"},{\"@type\":\"ListItem\",\"position\":2,\"name\":\"Actuaciones de mejora en el edificio de E.Infantil del &#8220;ALCAZAR Y SERRANO&#8221;\"}]},{\"@type\":\"WebSite\",\"@id\":\"https:\\\/\\\/www.caudete.org\\\/ayuntamiento\\\/#website\",\"url\":\"https:\\\/\\\/www.caudete.org\\\/ayuntamiento\\\/\",\"name\":\"MI Ayuntamiento de Caudete\",\"description\":\"P\u00e1gina Oficial del MI Ayuntamiento de Caudete\",\"publisher\":{\"@id\":\"https:\\\/\\\/www.caudete.org\\\/ayuntamiento\\\/#organization\"},\"potentialAction\":[{\"@type\":\"SearchAction\",\"target\":{\"@type\":\"EntryPoint\",\"urlTemplate\":\"https:\\\/\\\/www.caudete.org\\\/ayuntamiento\\\/?s={search_term_string}\"},\"query-input\":{\"@type\":\"PropertyValueSpecification\",\"valueRequired\":true,\"valueName\":\"search_term_string\"}}],\"inLanguage\":\"es\"},{\"@type\":\"Organization\",\"@id\":\"https:\\\/\\\/www.caudete.org\\\/ayuntamiento\\\/#organization\",\"name\":\"Ayuntamiento de Caudete\",\"url\":\"https:\\\/\\\/www.caudete.org\\\/ayuntamiento\\\/\",\"logo\":{\"@type\":\"ImageObject\",\"inLanguage\":\"es\",\"@id\":\"https:\\\/\\\/www.caudete.org\\\/ayuntamiento\\\/#\\\/schema\\\/logo\\\/image\\\/\",\"url\":\"https:\\\/\\\/www.caudete.org\\\/ayuntamiento\\\/wp-content\\\/uploads\\\/2020\\\/11\\\/logo_ayuntamiento_caudete.jpg\",\"contentUrl\":\"https:\\\/\\\/www.caudete.org\\\/ayuntamiento\\\/wp-content\\\/uploads\\\/2020\\\/11\\\/logo_ayuntamiento_caudete.jpg\",\"width\":600,\"height\":150,\"caption\":\"Ayuntamiento de Caudete\"},\"image\":{\"@id\":\"https:\\\/\\\/www.caudete.org\\\/ayuntamiento\\\/#\\\/schema\\\/logo\\\/image\\\/\"},\"sameAs\":[\"https:\\\/\\\/www.facebook.com\\\/ayuntamientocaudete\\\/\",\"https:\\\/\\\/www.youtube.com\\\/channel\\\/UC6VztHaooNsGpw-tNoBEFnQ\"]},{\"@type\":\"Person\",\"@id\":\"https:\\\/\\\/www.caudete.org\\\/ayuntamiento\\\/#\\\/schema\\\/person\\\/cc646da9133078ee4d8dd47457947253\",\"name\":\"alcalde\",\"image\":{\"@type\":\"ImageObject\",\"inLanguage\":\"es\",\"@id\":\"https:\\\/\\\/secure.gravatar.com\\\/avatar\\\/84a817ba065b29ff08d666b215a215f5c79186a645ccb25b14a663d48a130f77?s=96&d=mm&r=g\",\"url\":\"https:\\\/\\\/secure.gravatar.com\\\/avatar\\\/84a817ba065b29ff08d666b215a215f5c79186a645ccb25b14a663d48a130f77?s=96&d=mm&r=g\",\"contentUrl\":\"https:\\\/\\\/secure.gravatar.com\\\/avatar\\\/84a817ba065b29ff08d666b215a215f5c79186a645ccb25b14a663d48a130f77?s=96&d=mm&r=g\",\"caption\":\"alcalde\"},\"url\":\"https:\\\/\\\/www.caudete.org\\\/ayuntamiento\\\/author\\\/alcalde\\\/\"}]}<\/script>\n<!-- \/ Yoast SEO plugin. -->","yoast_head_json":{"title":"Actuaciones de mejora en el edificio de E.Infantil del \"ALCAZAR Y SERRANO\" - MI Ayuntamiento de Caudete","description":"P\u00e1gina Oficial del Ayuntamiento de Caudete (Albacete)","robots":{"index":"index","follow":"follow","max-snippet":"max-snippet:-1","max-image-preview":"max-image-preview:large","max-video-preview":"max-video-preview:-1"},"canonical":"https:\/\/www.caudete.org\/ayuntamiento\/actuaciones-de-mejora-en-el-edificio-de-e-infantil-del-alcazar-y-serrano\/","og_locale":"es_ES","og_type":"article","og_title":"Actuaciones de mejora en el edificio de E.Infantil del \"ALCAZAR Y SERRANO\" - MI Ayuntamiento de Caudete","og_description":"P\u00e1gina Oficial del Ayuntamiento de Caudete (Albacete)","og_url":"https:\/\/www.caudete.org\/ayuntamiento\/actuaciones-de-mejora-en-el-edificio-de-e-infantil-del-alcazar-y-serrano\/","og_site_name":"MI Ayuntamiento de Caudete","article_publisher":"https:\/\/www.facebook.com\/ayuntamientocaudete\/","article_published_time":"2021-04-03T07:00:49+00:00","article_modified_time":"2021-04-05T11:14:18+00:00","og_image":[{"width":864,"height":380,"url":"https:\/\/www.caudete.org\/ayuntamiento\/wp-content\/uploads\/2021\/04\/Foto-mejoras-educacion-infantil-horizontal-1-1.jpg","type":"image\/jpeg"}],"author":"alcalde","twitter_card":"summary_large_image","twitter_misc":{"Escrito por":"alcalde","Tiempo de lectura":"3 minutos"},"schema":{"@context":"https:\/\/schema.org","@graph":[{"@type":"Article","@id":"https:\/\/www.caudete.org\/ayuntamiento\/actuaciones-de-mejora-en-el-edificio-de-e-infantil-del-alcazar-y-serrano\/#article","isPartOf":{"@id":"https:\/\/www.caudete.org\/ayuntamiento\/actuaciones-de-mejora-en-el-edificio-de-e-infantil-del-alcazar-y-serrano\/"},"author":{"name":"alcalde","@id":"https:\/\/www.caudete.org\/ayuntamiento\/#\/schema\/person\/cc646da9133078ee4d8dd47457947253"},"headline":"Actuaciones de mejora en el edificio de E.Infantil del &#8220;ALCAZAR Y SERRANO&#8221;","datePublished":"2021-04-03T07:00:49+00:00","dateModified":"2021-04-05T11:14:18+00:00","mainEntityOfPage":{"@id":"https:\/\/www.caudete.org\/ayuntamiento\/actuaciones-de-mejora-en-el-edificio-de-e-infantil-del-alcazar-y-serrano\/"},"wordCount":402,"publisher":{"@id":"https:\/\/www.caudete.org\/ayuntamiento\/#organization"},"image":{"@id":"https:\/\/www.caudete.org\/ayuntamiento\/actuaciones-de-mejora-en-el-edificio-de-e-infantil-del-alcazar-y-serrano\/#primaryimage"},"thumbnailUrl":"https:\/\/www.caudete.org\/ayuntamiento\/wp-content\/uploads\/2021\/04\/Foto-mejoras-educacion-infantil-horizontal-1-1.jpg","keywords":["Alc\u00e1zar y Serrano","infantil","mejoras"],"articleSection":["Educaci\u00f3n"],"inLanguage":"es"},{"@type":"WebPage","@id":"https:\/\/www.caudete.org\/ayuntamiento\/actuaciones-de-mejora-en-el-edificio-de-e-infantil-del-alcazar-y-serrano\/","url":"https:\/\/www.caudete.org\/ayuntamiento\/actuaciones-de-mejora-en-el-edificio-de-e-infantil-del-alcazar-y-serrano\/","name":"Actuaciones de mejora en el edificio de E.Infantil del \"ALCAZAR Y SERRANO\" - MI Ayuntamiento de Caudete","isPartOf":{"@id":"https:\/\/www.caudete.org\/ayuntamiento\/#website"},"primaryImageOfPage":{"@id":"https:\/\/www.caudete.org\/ayuntamiento\/actuaciones-de-mejora-en-el-edificio-de-e-infantil-del-alcazar-y-serrano\/#primaryimage"},"image":{"@id":"https:\/\/www.caudete.org\/ayuntamiento\/actuaciones-de-mejora-en-el-edificio-de-e-infantil-del-alcazar-y-serrano\/#primaryimage"},"thumbnailUrl":"https:\/\/www.caudete.org\/ayuntamiento\/wp-content\/uploads\/2021\/04\/Foto-mejoras-educacion-infantil-horizontal-1-1.jpg","datePublished":"2021-04-03T07:00:49+00:00","dateModified":"2021-04-05T11:14:18+00:00","description":"P\u00e1gina Oficial del Ayuntamiento de Caudete (Albacete)","breadcrumb":{"@id":"https:\/\/www.caudete.org\/ayuntamiento\/actuaciones-de-mejora-en-el-edificio-de-e-infantil-del-alcazar-y-serrano\/#breadcrumb"},"inLanguage":"es","potentialAction":[{"@type":"ReadAction","target":["https:\/\/www.caudete.org\/ayuntamiento\/actuaciones-de-mejora-en-el-edificio-de-e-infantil-del-alcazar-y-serrano\/"]}]},{"@type":"ImageObject","inLanguage":"es","@id":"https:\/\/www.caudete.org\/ayuntamiento\/actuaciones-de-mejora-en-el-edificio-de-e-infantil-del-alcazar-y-serrano\/#primaryimage","url":"https:\/\/www.caudete.org\/ayuntamiento\/wp-content\/uploads\/2021\/04\/Foto-mejoras-educacion-infantil-horizontal-1-1.jpg","contentUrl":"https:\/\/www.caudete.org\/ayuntamiento\/wp-content\/uploads\/2021\/04\/Foto-mejoras-educacion-infantil-horizontal-1-1.jpg","width":864,"height":380},{"@type":"BreadcrumbList","@id":"https:\/\/www.caudete.org\/ayuntamiento\/actuaciones-de-mejora-en-el-edificio-de-e-infantil-del-alcazar-y-serrano\/#breadcrumb","itemListElement":[{"@type":"ListItem","position":1,"name":"Inicio","item":"https:\/\/www.caudete.org\/ayuntamiento\/"},{"@type":"ListItem","position":2,"name":"Actuaciones de mejora en el edificio de E.Infantil del &#8220;ALCAZAR Y SERRANO&#8221;"}]},{"@type":"WebSite","@id":"https:\/\/www.caudete.org\/ayuntamiento\/#website","url":"https:\/\/www.caudete.org\/ayuntamiento\/","name":"MI Ayuntamiento de Caudete","description":"P\u00e1gina Oficial del MI Ayuntamiento de Caudete","publisher":{"@id":"https:\/\/www.caudete.org\/ayuntamiento\/#organization"},"potentialAction":[{"@type":"SearchAction","target":{"@type":"EntryPoint","urlTemplate":"https:\/\/www.caudete.org\/ayuntamiento\/?s={search_term_string}"},"query-input":{"@type":"PropertyValueSpecification","valueRequired":true,"valueName":"search_term_string"}}],"inLanguage":"es"},{"@type":"Organization","@id":"https:\/\/www.caudete.org\/ayuntamiento\/#organization","name":"Ayuntamiento de Caudete","url":"https:\/\/www.caudete.org\/ayuntamiento\/","logo":{"@type":"ImageObject","inLanguage":"es","@id":"https:\/\/www.caudete.org\/ayuntamiento\/#\/schema\/logo\/image\/","url":"https:\/\/www.caudete.org\/ayuntamiento\/wp-content\/uploads\/2020\/11\/logo_ayuntamiento_caudete.jpg","contentUrl":"https:\/\/www.caudete.org\/ayuntamiento\/wp-content\/uploads\/2020\/11\/logo_ayuntamiento_caudete.jpg","width":600,"height":150,"caption":"Ayuntamiento de Caudete"},"image":{"@id":"https:\/\/www.caudete.org\/ayuntamiento\/#\/schema\/logo\/image\/"},"sameAs":["https:\/\/www.facebook.com\/ayuntamientocaudete\/","https:\/\/www.youtube.com\/channel\/UC6VztHaooNsGpw-tNoBEFnQ"]},{"@type":"Person","@id":"https:\/\/www.caudete.org\/ayuntamiento\/#\/schema\/person\/cc646da9133078ee4d8dd47457947253","name":"alcalde","image":{"@type":"ImageObject","inLanguage":"es","@id":"https:\/\/secure.gravatar.com\/avatar\/84a817ba065b29ff08d666b215a215f5c79186a645ccb25b14a663d48a130f77?s=96&d=mm&r=g","url":"https:\/\/secure.gravatar.com\/avatar\/84a817ba065b29ff08d666b215a215f5c79186a645ccb25b14a663d48a130f77?s=96&d=mm&r=g","contentUrl":"https:\/\/secure.gravatar.com\/avatar\/84a817ba065b29ff08d666b215a215f5c79186a645ccb25b14a663d48a130f77?s=96&d=mm&r=g","caption":"alcalde"},"url":"https:\/\/www.caudete.org\/ayuntamiento\/author\/alcalde\/"}]}},"_links":{"self":[{"href":"https:\/\/www.caudete.org\/ayuntamiento\/wp-json\/wp\/v2\/posts\/13701","targetHints":{"allow":["GET"]}}],"collection":[{"href":"https:\/\/www.caudete.org\/ayuntamiento\/wp-json\/wp\/v2\/posts"}],"about":[{"href":"https:\/\/www.caudete.org\/ayuntamiento\/wp-json\/wp\/v2\/types\/post"}],"author":[{"embeddable":true,"href":"https:\/\/www.caudete.org\/ayuntamiento\/wp-json\/wp\/v2\/users\/3"}],"replies":[{"embeddable":true,"href":"https:\/\/www.caudete.org\/ayuntamiento\/wp-json\/wp\/v2\/comments?post=13701"}],"version-history":[{"count":4,"href":"https:\/\/www.caudete.org\/ayuntamiento\/wp-json\/wp\/v2\/posts\/13701\/revisions"}],"predecessor-version":[{"id":13727,"href":"https:\/\/www.caudete.org\/ayuntamiento\/wp-json\/wp\/v2\/posts\/13701\/revisions\/13727"}],"wp:featuredmedia":[{"embeddable":true,"href":"https:\/\/www.caudete.org\/ayuntamiento\/wp-json\/wp\/v2\/media\/13730"}],"wp:attachment":[{"href":"https:\/\/www.caudete.org\/ayuntamiento\/wp-json\/wp\/v2\/media?parent=13701"}],"wp:term":[{"taxonomy":"category","embeddable":true,"href":"https:\/\/www.caudete.org\/ayuntamiento\/wp-json\/wp\/v2\/categories?post=13701"},{"taxonomy":"post_tag","embeddable":true,"href":"https:\/\/www.caudete.org\/ayuntamiento\/wp-json\/wp\/v2\/tags?post=13701"}],"curies":[{"name":"wp","href":"https:\/\/api.w.org\/{rel}","templated":true}]}}