{"id":13740,"date":"2021-04-06T13:28:32","date_gmt":"2021-04-06T11:28:32","guid":{"rendered":"https:\/\/www.caudete.org\/ayuntamiento\/?p=13740"},"modified":"2021-04-08T09:02:51","modified_gmt":"2021-04-08T07:02:51","slug":"el-alcalde-interpone-contra-la-jccm-recurso-contencioso-administrativo-por-autorizar-una-cantera-en-la-sierra-del-cuchillo","status":"publish","type":"post","link":"https:\/\/www.caudete.org\/ayuntamiento\/el-alcalde-interpone-contra-la-jccm-recurso-contencioso-administrativo-por-autorizar-una-cantera-en-la-sierra-del-cuchillo\/","title":{"rendered":"El Alcalde interpone contra la JCCM Recurso Contencioso-Administrativo por autorizar una CANTERA en la SIERRA DEL CUCHILLO"},"content":{"rendered":"<p style=\"text-align: justify;\">Esta misma ma\u00f1ana comunicaba el Alcalde, Mois\u00e9s L\u00f3pez de la interposici\u00f3n de Recurso Contencioso-Administrativo hacia la JCCM en defensa de la Sierra del Cuchillo, efectuada en los d\u00edas previos a la Semana Santa, ante la amenaza de la apertura de una nueva Cantera de roca ornamental (m\u00e1rmol).<\/p>\n<p style=\"text-align: justify;\">Este recurso supone la materializaci\u00f3n del ya anunciado en Febrero por el Equipo de Gobierno del Ayuntamiento de Caudete, tras recibirse en el Registro General del Consistorio la resoluci\u00f3n judicial que rechazaba las alegaciones presentadas por el Ayuntamiento caudetano respecto al Permiso de Investigaci\u00f3n a <em>Canteras Tanit Tres, S.L<\/em>. otorgado por la JCCM.<\/p>\n<p style=\"text-align: justify;\">Esta acci\u00f3n legal, supone la defensa de los intereses de todos los ciudadanos frente a la explotaci\u00f3n y destrucci\u00f3n de un gran elemento, como lo es la Sierra del Cuchillo, ante los intereses de una empresa (Tanit Tres, S.L.) con el benepl\u00e1cito de la JCCM.<\/p>\n<p style=\"text-align: justify;\">De esta forma, la \u00fanica puerta abierta que daba la Resoluci\u00f3n de fecha 02\/02\/2020 de la Consejer\u00eda de Desarrollo Sostenible, era el presentado Recurso Contencioso-Administrativo, al que &#8220;<em>se estudia desde el Gobierno Municipal acometer acciones paralelas, para recabar el apoyo de la ciudadan\u00eda, o la v\u00eda pol\u00edtica y diplom\u00e1tica con los diferentes Grupos Municipales y autoridades regionales competentes&#8221;.<\/em><\/p>\n<p style=\"text-align: justify;\">Lamenta una vez m\u00e1s el Alcalde que tras varios a\u00f1os de disputa \u201ce<em>l Gobierno de Castilla La Mancha haya dado la espalda a Caudete en un asunto medioambiental, y que se haya&nbsp; deso\u00eddo la voz y el sentir de los caudetanos<\/em>\u201c, por lo que volv\u00eda a exigir a las autoridades regionales \u201c<em>el mismo respeto hacia Caudete que los caudetanos tienen por la administraci\u00f3n manchega&#8221; <\/em>a\u00f1adiendo que<em> &#8220;conf\u00eda en la Justicia&#8221; <\/em>expresando que <em>&#8220;con sentido com\u00fan y mirando por los pueblos y su voluntad, no estar\u00edamos ahora judicializando una cuesti\u00f3n que podr\u00edan haber frenado en varias ocasiones&#8221;&nbsp;<\/em><\/p>\n<p style=\"text-align: justify;\">De hecho, remarca el primer Edil el<em> &#8220;enorme atentado que la JCCM va permitir en Caudete autorizando una actuaci\u00f3n que bajo la denominaci\u00f3n permiso de investigaci\u00f3n pretenden mitigar la realidad, que es explotar una Sierra catalogada BIC en 2018&#8221;, <\/em>la cual se otorg\u00f3 con categor\u00eda de Sitio Hist\u00f3rico, en donde se recogen infinidad de valores que lo avalan, como el natural, medioambiental, paisaj\u00edstico, identitario, geol\u00f3gico, arqueol\u00f3gico, paleontol\u00f3gico, etnogr\u00e1fica, hist\u00f3rico e industrial.<\/p>\n<p style=\"text-align: justify;\">Enfatizaba el Alcalde que &#8220;<em>Caudete posee en ella la Microreserva Los Arenales<\/em>&#8221; calificada por la JCCM en 2004 H\u00e1bitat de Protecci\u00f3n Especial en Castilla-La Mancha, &#8220;<em>cuyo entorno sufrir\u00eda da\u00f1os irreversibles si la Justicia no frena este desprop\u00f3sito<\/em>&#8221; haciendo incapi\u00e9 en &#8220;<em>la contradicci\u00f3n de acciones protectoras por parte de la JCCM, lo que supone un total sinsentido, insensibilidad y desconocimiento absoluto del territorio de la Regi\u00f3n<\/em>&#8220;.<\/p>\n<p style=\"text-align: justify;\">Adem\u00e1s, recordaba que el Permiso de Investigaci\u00f3n solicitado por la mercantil Tanit Tres &#8220;<em>es incompatible urban\u00edsticamente con las Normas Subsidiarias en vigor del Ayuntamiento de Caudete, por lo que no tiene sentido que permitan la explotaci\u00f3n de la Cantera, a sabiendas, de su ilegalidad, con los da\u00f1os irreversibles que supondr\u00eda para el entorno<\/em>&#8220;<\/p>\n<p style=\"text-align: justify;\">Es importante rese\u00f1ar que inicialmente la Direcci\u00f3n Provincial de la Consejer\u00eda de Econom\u00eda, Empresas y Empleo en Albacete deneg\u00f3 el permiso. Sin embargo, tras el recurso presentado por la empresa <em>Tanit Tres<\/em>, en 2019 dictamin\u00f3 que \u201c<em>procede declarar la necesidad de ocupaci\u00f3n de los terrenos en cuesti\u00f3n, por considerarlos estrictamente indispensables para poder llevar a cabo los trabajos del Permiso de Investigaci\u00f3n<\/em>\u201d, lo que supon\u00eda que la empresa pod\u00eda realizar la citada investigaci\u00f3n.<\/p>\n<p style=\"text-align: justify;\">Tras ello, el Ayuntamiento interpuso Recurso de Alzada, que ahora ha sido rechazado, y que supon\u00eda la revisi\u00f3n del expediente por la Direcci\u00f3n Provincial, ante el que \u00fanicamente cab\u00eda la interposici\u00f3n del Recurso Contencioso-Administrativo, opci\u00f3n materializada por el Alcalde en representaci\u00f3n del Ayuntamiento de Caudete.<\/p>\n","protected":false},"excerpt":{"rendered":"<p>Esta misma ma\u00f1ana comunicaba el Alcalde, Mois\u00e9s L\u00f3pez de la interposici\u00f3n de Recurso Contencioso-Administrativo hacia la JCCM en defensa de la Sierra del Cuchillo, efectuada en los d\u00edas previos a la Semana Santa, ante la amenaza de la apertura de una nueva Cantera de roca ornamental (m\u00e1rmol). Este recurso supone la materializaci\u00f3n del ya anunciado &hellip;<\/p>\n","protected":false},"author":3,"featured_media":13741,"comment_status":"closed","ping_status":"open","sticky":false,"template":"","format":"standard","meta":{"ngg_post_thumbnail":0,"footnotes":""},"categories":[29],"tags":[],"class_list":["post-13740","post","type-post","status-publish","format-standard","has-post-thumbnail","hentry","category-medio-ambiente"],"yoast_head":"<!-- This site is optimized with the Yoast SEO plugin v27.5 - https:\/\/yoast.com\/product\/yoast-seo-wordpress\/ -->\n<title>El Alcalde interpone contra la JCCM Recurso Contencioso-Administrativo por autorizar una CANTERA en la SIERRA DEL CUCHILLO - MI Ayuntamiento de Caudete<\/title>\n<meta name=\"description\" content=\"P\u00e1gina Oficial del Ayuntamiento de Caudete (Albacete)\" \/>\n<meta name=\"robots\" content=\"index, follow, max-snippet:-1, max-image-preview:large, max-video-preview:-1\" \/>\n<link rel=\"canonical\" href=\"https:\/\/www.caudete.org\/ayuntamiento\/el-alcalde-interpone-contra-la-jccm-recurso-contencioso-administrativo-por-autorizar-una-cantera-en-la-sierra-del-cuchillo\/\" \/>\n<meta property=\"og:locale\" content=\"es_ES\" \/>\n<meta property=\"og:type\" content=\"article\" \/>\n<meta property=\"og:title\" content=\"El Alcalde interpone contra la JCCM Recurso Contencioso-Administrativo por autorizar una CANTERA en la SIERRA DEL CUCHILLO - MI Ayuntamiento de Caudete\" \/>\n<meta property=\"og:description\" content=\"P\u00e1gina Oficial del Ayuntamiento de Caudete (Albacete)\" \/>\n<meta property=\"og:url\" content=\"https:\/\/www.caudete.org\/ayuntamiento\/el-alcalde-interpone-contra-la-jccm-recurso-contencioso-administrativo-por-autorizar-una-cantera-en-la-sierra-del-cuchillo\/\" \/>\n<meta property=\"og:site_name\" content=\"MI Ayuntamiento de Caudete\" \/>\n<meta property=\"article:publisher\" content=\"https:\/\/www.facebook.com\/ayuntamientocaudete\/\" \/>\n<meta property=\"article:published_time\" content=\"2021-04-06T11:28:32+00:00\" \/>\n<meta property=\"article:modified_time\" content=\"2021-04-08T07:02:51+00:00\" \/>\n<meta property=\"og:image\" content=\"https:\/\/www.caudete.org\/ayuntamiento\/wp-content\/uploads\/2021\/04\/SierraDelCuchillo.jpeg\" \/>\n\t<meta property=\"og:image:width\" content=\"1233\" \/>\n\t<meta property=\"og:image:height\" content=\"584\" \/>\n\t<meta property=\"og:image:type\" content=\"image\/jpeg\" \/>\n<meta name=\"author\" content=\"alcalde\" \/>\n<meta name=\"twitter:card\" content=\"summary_large_image\" \/>\n<meta name=\"twitter:label1\" content=\"Escrito por\" \/>\n\t<meta name=\"twitter:data1\" content=\"alcalde\" \/>\n\t<meta name=\"twitter:label2\" content=\"Tiempo de lectura\" \/>\n\t<meta name=\"twitter:data2\" content=\"3 minutos\" \/>\n<script type=\"application\/ld+json\" class=\"yoast-schema-graph\">{\"@context\":\"https:\\\/\\\/schema.org\",\"@graph\":[{\"@type\":\"Article\",\"@id\":\"https:\\\/\\\/www.caudete.org\\\/ayuntamiento\\\/el-alcalde-interpone-contra-la-jccm-recurso-contencioso-administrativo-por-autorizar-una-cantera-en-la-sierra-del-cuchillo\\\/#article\",\"isPartOf\":{\"@id\":\"https:\\\/\\\/www.caudete.org\\\/ayuntamiento\\\/el-alcalde-interpone-contra-la-jccm-recurso-contencioso-administrativo-por-autorizar-una-cantera-en-la-sierra-del-cuchillo\\\/\"},\"author\":{\"name\":\"alcalde\",\"@id\":\"https:\\\/\\\/www.caudete.org\\\/ayuntamiento\\\/#\\\/schema\\\/person\\\/cc646da9133078ee4d8dd47457947253\"},\"headline\":\"El Alcalde interpone contra la JCCM Recurso Contencioso-Administrativo por autorizar una CANTERA en la SIERRA DEL CUCHILLO\",\"datePublished\":\"2021-04-06T11:28:32+00:00\",\"dateModified\":\"2021-04-08T07:02:51+00:00\",\"mainEntityOfPage\":{\"@id\":\"https:\\\/\\\/www.caudete.org\\\/ayuntamiento\\\/el-alcalde-interpone-contra-la-jccm-recurso-contencioso-administrativo-por-autorizar-una-cantera-en-la-sierra-del-cuchillo\\\/\"},\"wordCount\":694,\"publisher\":{\"@id\":\"https:\\\/\\\/www.caudete.org\\\/ayuntamiento\\\/#organization\"},\"image\":{\"@id\":\"https:\\\/\\\/www.caudete.org\\\/ayuntamiento\\\/el-alcalde-interpone-contra-la-jccm-recurso-contencioso-administrativo-por-autorizar-una-cantera-en-la-sierra-del-cuchillo\\\/#primaryimage\"},\"thumbnailUrl\":\"https:\\\/\\\/www.caudete.org\\\/ayuntamiento\\\/wp-content\\\/uploads\\\/2021\\\/04\\\/SierraDelCuchillo.jpeg\",\"articleSection\":[\"Medio Ambiente\"],\"inLanguage\":\"es\"},{\"@type\":\"WebPage\",\"@id\":\"https:\\\/\\\/www.caudete.org\\\/ayuntamiento\\\/el-alcalde-interpone-contra-la-jccm-recurso-contencioso-administrativo-por-autorizar-una-cantera-en-la-sierra-del-cuchillo\\\/\",\"url\":\"https:\\\/\\\/www.caudete.org\\\/ayuntamiento\\\/el-alcalde-interpone-contra-la-jccm-recurso-contencioso-administrativo-por-autorizar-una-cantera-en-la-sierra-del-cuchillo\\\/\",\"name\":\"El Alcalde interpone contra la JCCM Recurso Contencioso-Administrativo por autorizar una CANTERA en la SIERRA DEL CUCHILLO - MI Ayuntamiento de Caudete\",\"isPartOf\":{\"@id\":\"https:\\\/\\\/www.caudete.org\\\/ayuntamiento\\\/#website\"},\"primaryImageOfPage\":{\"@id\":\"https:\\\/\\\/www.caudete.org\\\/ayuntamiento\\\/el-alcalde-interpone-contra-la-jccm-recurso-contencioso-administrativo-por-autorizar-una-cantera-en-la-sierra-del-cuchillo\\\/#primaryimage\"},\"image\":{\"@id\":\"https:\\\/\\\/www.caudete.org\\\/ayuntamiento\\\/el-alcalde-interpone-contra-la-jccm-recurso-contencioso-administrativo-por-autorizar-una-cantera-en-la-sierra-del-cuchillo\\\/#primaryimage\"},\"thumbnailUrl\":\"https:\\\/\\\/www.caudete.org\\\/ayuntamiento\\\/wp-content\\\/uploads\\\/2021\\\/04\\\/SierraDelCuchillo.jpeg\",\"datePublished\":\"2021-04-06T11:28:32+00:00\",\"dateModified\":\"2021-04-08T07:02:51+00:00\",\"description\":\"P\u00e1gina Oficial del Ayuntamiento de Caudete (Albacete)\",\"breadcrumb\":{\"@id\":\"https:\\\/\\\/www.caudete.org\\\/ayuntamiento\\\/el-alcalde-interpone-contra-la-jccm-recurso-contencioso-administrativo-por-autorizar-una-cantera-en-la-sierra-del-cuchillo\\\/#breadcrumb\"},\"inLanguage\":\"es\",\"potentialAction\":[{\"@type\":\"ReadAction\",\"target\":[\"https:\\\/\\\/www.caudete.org\\\/ayuntamiento\\\/el-alcalde-interpone-contra-la-jccm-recurso-contencioso-administrativo-por-autorizar-una-cantera-en-la-sierra-del-cuchillo\\\/\"]}]},{\"@type\":\"ImageObject\",\"inLanguage\":\"es\",\"@id\":\"https:\\\/\\\/www.caudete.org\\\/ayuntamiento\\\/el-alcalde-interpone-contra-la-jccm-recurso-contencioso-administrativo-por-autorizar-una-cantera-en-la-sierra-del-cuchillo\\\/#primaryimage\",\"url\":\"https:\\\/\\\/www.caudete.org\\\/ayuntamiento\\\/wp-content\\\/uploads\\\/2021\\\/04\\\/SierraDelCuchillo.jpeg\",\"contentUrl\":\"https:\\\/\\\/www.caudete.org\\\/ayuntamiento\\\/wp-content\\\/uploads\\\/2021\\\/04\\\/SierraDelCuchillo.jpeg\",\"width\":1233,\"height\":584},{\"@type\":\"BreadcrumbList\",\"@id\":\"https:\\\/\\\/www.caudete.org\\\/ayuntamiento\\\/el-alcalde-interpone-contra-la-jccm-recurso-contencioso-administrativo-por-autorizar-una-cantera-en-la-sierra-del-cuchillo\\\/#breadcrumb\",\"itemListElement\":[{\"@type\":\"ListItem\",\"position\":1,\"name\":\"Inicio\",\"item\":\"https:\\\/\\\/www.caudete.org\\\/ayuntamiento\\\/\"},{\"@type\":\"ListItem\",\"position\":2,\"name\":\"El Alcalde interpone contra la JCCM Recurso Contencioso-Administrativo por autorizar una CANTERA en la SIERRA DEL CUCHILLO\"}]},{\"@type\":\"WebSite\",\"@id\":\"https:\\\/\\\/www.caudete.org\\\/ayuntamiento\\\/#website\",\"url\":\"https:\\\/\\\/www.caudete.org\\\/ayuntamiento\\\/\",\"name\":\"MI Ayuntamiento de Caudete\",\"description\":\"P\u00e1gina Oficial del MI Ayuntamiento de Caudete\",\"publisher\":{\"@id\":\"https:\\\/\\\/www.caudete.org\\\/ayuntamiento\\\/#organization\"},\"potentialAction\":[{\"@type\":\"SearchAction\",\"target\":{\"@type\":\"EntryPoint\",\"urlTemplate\":\"https:\\\/\\\/www.caudete.org\\\/ayuntamiento\\\/?s={search_term_string}\"},\"query-input\":{\"@type\":\"PropertyValueSpecification\",\"valueRequired\":true,\"valueName\":\"search_term_string\"}}],\"inLanguage\":\"es\"},{\"@type\":\"Organization\",\"@id\":\"https:\\\/\\\/www.caudete.org\\\/ayuntamiento\\\/#organization\",\"name\":\"Ayuntamiento de Caudete\",\"url\":\"https:\\\/\\\/www.caudete.org\\\/ayuntamiento\\\/\",\"logo\":{\"@type\":\"ImageObject\",\"inLanguage\":\"es\",\"@id\":\"https:\\\/\\\/www.caudete.org\\\/ayuntamiento\\\/#\\\/schema\\\/logo\\\/image\\\/\",\"url\":\"https:\\\/\\\/www.caudete.org\\\/ayuntamiento\\\/wp-content\\\/uploads\\\/2020\\\/11\\\/logo_ayuntamiento_caudete.jpg\",\"contentUrl\":\"https:\\\/\\\/www.caudete.org\\\/ayuntamiento\\\/wp-content\\\/uploads\\\/2020\\\/11\\\/logo_ayuntamiento_caudete.jpg\",\"width\":600,\"height\":150,\"caption\":\"Ayuntamiento de Caudete\"},\"image\":{\"@id\":\"https:\\\/\\\/www.caudete.org\\\/ayuntamiento\\\/#\\\/schema\\\/logo\\\/image\\\/\"},\"sameAs\":[\"https:\\\/\\\/www.facebook.com\\\/ayuntamientocaudete\\\/\",\"https:\\\/\\\/www.youtube.com\\\/channel\\\/UC6VztHaooNsGpw-tNoBEFnQ\"]},{\"@type\":\"Person\",\"@id\":\"https:\\\/\\\/www.caudete.org\\\/ayuntamiento\\\/#\\\/schema\\\/person\\\/cc646da9133078ee4d8dd47457947253\",\"name\":\"alcalde\",\"image\":{\"@type\":\"ImageObject\",\"inLanguage\":\"es\",\"@id\":\"https:\\\/\\\/secure.gravatar.com\\\/avatar\\\/84a817ba065b29ff08d666b215a215f5c79186a645ccb25b14a663d48a130f77?s=96&d=mm&r=g\",\"url\":\"https:\\\/\\\/secure.gravatar.com\\\/avatar\\\/84a817ba065b29ff08d666b215a215f5c79186a645ccb25b14a663d48a130f77?s=96&d=mm&r=g\",\"contentUrl\":\"https:\\\/\\\/secure.gravatar.com\\\/avatar\\\/84a817ba065b29ff08d666b215a215f5c79186a645ccb25b14a663d48a130f77?s=96&d=mm&r=g\",\"caption\":\"alcalde\"},\"url\":\"https:\\\/\\\/www.caudete.org\\\/ayuntamiento\\\/author\\\/alcalde\\\/\"}]}<\/script>\n<!-- \/ Yoast SEO plugin. -->","yoast_head_json":{"title":"El Alcalde interpone contra la JCCM Recurso Contencioso-Administrativo por autorizar una CANTERA en la SIERRA DEL CUCHILLO - MI Ayuntamiento de Caudete","description":"P\u00e1gina Oficial del Ayuntamiento de Caudete (Albacete)","robots":{"index":"index","follow":"follow","max-snippet":"max-snippet:-1","max-image-preview":"max-image-preview:large","max-video-preview":"max-video-preview:-1"},"canonical":"https:\/\/www.caudete.org\/ayuntamiento\/el-alcalde-interpone-contra-la-jccm-recurso-contencioso-administrativo-por-autorizar-una-cantera-en-la-sierra-del-cuchillo\/","og_locale":"es_ES","og_type":"article","og_title":"El Alcalde interpone contra la JCCM Recurso Contencioso-Administrativo por autorizar una CANTERA en la SIERRA DEL CUCHILLO - MI Ayuntamiento de Caudete","og_description":"P\u00e1gina Oficial del Ayuntamiento de Caudete (Albacete)","og_url":"https:\/\/www.caudete.org\/ayuntamiento\/el-alcalde-interpone-contra-la-jccm-recurso-contencioso-administrativo-por-autorizar-una-cantera-en-la-sierra-del-cuchillo\/","og_site_name":"MI Ayuntamiento de Caudete","article_publisher":"https:\/\/www.facebook.com\/ayuntamientocaudete\/","article_published_time":"2021-04-06T11:28:32+00:00","article_modified_time":"2021-04-08T07:02:51+00:00","og_image":[{"width":1233,"height":584,"url":"https:\/\/www.caudete.org\/ayuntamiento\/wp-content\/uploads\/2021\/04\/SierraDelCuchillo.jpeg","type":"image\/jpeg"}],"author":"alcalde","twitter_card":"summary_large_image","twitter_misc":{"Escrito por":"alcalde","Tiempo de lectura":"3 minutos"},"schema":{"@context":"https:\/\/schema.org","@graph":[{"@type":"Article","@id":"https:\/\/www.caudete.org\/ayuntamiento\/el-alcalde-interpone-contra-la-jccm-recurso-contencioso-administrativo-por-autorizar-una-cantera-en-la-sierra-del-cuchillo\/#article","isPartOf":{"@id":"https:\/\/www.caudete.org\/ayuntamiento\/el-alcalde-interpone-contra-la-jccm-recurso-contencioso-administrativo-por-autorizar-una-cantera-en-la-sierra-del-cuchillo\/"},"author":{"name":"alcalde","@id":"https:\/\/www.caudete.org\/ayuntamiento\/#\/schema\/person\/cc646da9133078ee4d8dd47457947253"},"headline":"El Alcalde interpone contra la JCCM Recurso Contencioso-Administrativo por autorizar una CANTERA en la SIERRA DEL CUCHILLO","datePublished":"2021-04-06T11:28:32+00:00","dateModified":"2021-04-08T07:02:51+00:00","mainEntityOfPage":{"@id":"https:\/\/www.caudete.org\/ayuntamiento\/el-alcalde-interpone-contra-la-jccm-recurso-contencioso-administrativo-por-autorizar-una-cantera-en-la-sierra-del-cuchillo\/"},"wordCount":694,"publisher":{"@id":"https:\/\/www.caudete.org\/ayuntamiento\/#organization"},"image":{"@id":"https:\/\/www.caudete.org\/ayuntamiento\/el-alcalde-interpone-contra-la-jccm-recurso-contencioso-administrativo-por-autorizar-una-cantera-en-la-sierra-del-cuchillo\/#primaryimage"},"thumbnailUrl":"https:\/\/www.caudete.org\/ayuntamiento\/wp-content\/uploads\/2021\/04\/SierraDelCuchillo.jpeg","articleSection":["Medio Ambiente"],"inLanguage":"es"},{"@type":"WebPage","@id":"https:\/\/www.caudete.org\/ayuntamiento\/el-alcalde-interpone-contra-la-jccm-recurso-contencioso-administrativo-por-autorizar-una-cantera-en-la-sierra-del-cuchillo\/","url":"https:\/\/www.caudete.org\/ayuntamiento\/el-alcalde-interpone-contra-la-jccm-recurso-contencioso-administrativo-por-autorizar-una-cantera-en-la-sierra-del-cuchillo\/","name":"El Alcalde interpone contra la JCCM Recurso Contencioso-Administrativo por autorizar una CANTERA en la SIERRA DEL CUCHILLO - MI Ayuntamiento de Caudete","isPartOf":{"@id":"https:\/\/www.caudete.org\/ayuntamiento\/#website"},"primaryImageOfPage":{"@id":"https:\/\/www.caudete.org\/ayuntamiento\/el-alcalde-interpone-contra-la-jccm-recurso-contencioso-administrativo-por-autorizar-una-cantera-en-la-sierra-del-cuchillo\/#primaryimage"},"image":{"@id":"https:\/\/www.caudete.org\/ayuntamiento\/el-alcalde-interpone-contra-la-jccm-recurso-contencioso-administrativo-por-autorizar-una-cantera-en-la-sierra-del-cuchillo\/#primaryimage"},"thumbnailUrl":"https:\/\/www.caudete.org\/ayuntamiento\/wp-content\/uploads\/2021\/04\/SierraDelCuchillo.jpeg","datePublished":"2021-04-06T11:28:32+00:00","dateModified":"2021-04-08T07:02:51+00:00","description":"P\u00e1gina Oficial del Ayuntamiento de Caudete (Albacete)","breadcrumb":{"@id":"https:\/\/www.caudete.org\/ayuntamiento\/el-alcalde-interpone-contra-la-jccm-recurso-contencioso-administrativo-por-autorizar-una-cantera-en-la-sierra-del-cuchillo\/#breadcrumb"},"inLanguage":"es","potentialAction":[{"@type":"ReadAction","target":["https:\/\/www.caudete.org\/ayuntamiento\/el-alcalde-interpone-contra-la-jccm-recurso-contencioso-administrativo-por-autorizar-una-cantera-en-la-sierra-del-cuchillo\/"]}]},{"@type":"ImageObject","inLanguage":"es","@id":"https:\/\/www.caudete.org\/ayuntamiento\/el-alcalde-interpone-contra-la-jccm-recurso-contencioso-administrativo-por-autorizar-una-cantera-en-la-sierra-del-cuchillo\/#primaryimage","url":"https:\/\/www.caudete.org\/ayuntamiento\/wp-content\/uploads\/2021\/04\/SierraDelCuchillo.jpeg","contentUrl":"https:\/\/www.caudete.org\/ayuntamiento\/wp-content\/uploads\/2021\/04\/SierraDelCuchillo.jpeg","width":1233,"height":584},{"@type":"BreadcrumbList","@id":"https:\/\/www.caudete.org\/ayuntamiento\/el-alcalde-interpone-contra-la-jccm-recurso-contencioso-administrativo-por-autorizar-una-cantera-en-la-sierra-del-cuchillo\/#breadcrumb","itemListElement":[{"@type":"ListItem","position":1,"name":"Inicio","item":"https:\/\/www.caudete.org\/ayuntamiento\/"},{"@type":"ListItem","position":2,"name":"El Alcalde interpone contra la JCCM Recurso Contencioso-Administrativo por autorizar una CANTERA en la SIERRA DEL CUCHILLO"}]},{"@type":"WebSite","@id":"https:\/\/www.caudete.org\/ayuntamiento\/#website","url":"https:\/\/www.caudete.org\/ayuntamiento\/","name":"MI Ayuntamiento de Caudete","description":"P\u00e1gina Oficial del MI Ayuntamiento de Caudete","publisher":{"@id":"https:\/\/www.caudete.org\/ayuntamiento\/#organization"},"potentialAction":[{"@type":"SearchAction","target":{"@type":"EntryPoint","urlTemplate":"https:\/\/www.caudete.org\/ayuntamiento\/?s={search_term_string}"},"query-input":{"@type":"PropertyValueSpecification","valueRequired":true,"valueName":"search_term_string"}}],"inLanguage":"es"},{"@type":"Organization","@id":"https:\/\/www.caudete.org\/ayuntamiento\/#organization","name":"Ayuntamiento de Caudete","url":"https:\/\/www.caudete.org\/ayuntamiento\/","logo":{"@type":"ImageObject","inLanguage":"es","@id":"https:\/\/www.caudete.org\/ayuntamiento\/#\/schema\/logo\/image\/","url":"https:\/\/www.caudete.org\/ayuntamiento\/wp-content\/uploads\/2020\/11\/logo_ayuntamiento_caudete.jpg","contentUrl":"https:\/\/www.caudete.org\/ayuntamiento\/wp-content\/uploads\/2020\/11\/logo_ayuntamiento_caudete.jpg","width":600,"height":150,"caption":"Ayuntamiento de Caudete"},"image":{"@id":"https:\/\/www.caudete.org\/ayuntamiento\/#\/schema\/logo\/image\/"},"sameAs":["https:\/\/www.facebook.com\/ayuntamientocaudete\/","https:\/\/www.youtube.com\/channel\/UC6VztHaooNsGpw-tNoBEFnQ"]},{"@type":"Person","@id":"https:\/\/www.caudete.org\/ayuntamiento\/#\/schema\/person\/cc646da9133078ee4d8dd47457947253","name":"alcalde","image":{"@type":"ImageObject","inLanguage":"es","@id":"https:\/\/secure.gravatar.com\/avatar\/84a817ba065b29ff08d666b215a215f5c79186a645ccb25b14a663d48a130f77?s=96&d=mm&r=g","url":"https:\/\/secure.gravatar.com\/avatar\/84a817ba065b29ff08d666b215a215f5c79186a645ccb25b14a663d48a130f77?s=96&d=mm&r=g","contentUrl":"https:\/\/secure.gravatar.com\/avatar\/84a817ba065b29ff08d666b215a215f5c79186a645ccb25b14a663d48a130f77?s=96&d=mm&r=g","caption":"alcalde"},"url":"https:\/\/www.caudete.org\/ayuntamiento\/author\/alcalde\/"}]}},"_links":{"self":[{"href":"https:\/\/www.caudete.org\/ayuntamiento\/wp-json\/wp\/v2\/posts\/13740","targetHints":{"allow":["GET"]}}],"collection":[{"href":"https:\/\/www.caudete.org\/ayuntamiento\/wp-json\/wp\/v2\/posts"}],"about":[{"href":"https:\/\/www.caudete.org\/ayuntamiento\/wp-json\/wp\/v2\/types\/post"}],"author":[{"embeddable":true,"href":"https:\/\/www.caudete.org\/ayuntamiento\/wp-json\/wp\/v2\/users\/3"}],"replies":[{"embeddable":true,"href":"https:\/\/www.caudete.org\/ayuntamiento\/wp-json\/wp\/v2\/comments?post=13740"}],"version-history":[{"count":2,"href":"https:\/\/www.caudete.org\/ayuntamiento\/wp-json\/wp\/v2\/posts\/13740\/revisions"}],"predecessor-version":[{"id":13784,"href":"https:\/\/www.caudete.org\/ayuntamiento\/wp-json\/wp\/v2\/posts\/13740\/revisions\/13784"}],"wp:featuredmedia":[{"embeddable":true,"href":"https:\/\/www.caudete.org\/ayuntamiento\/wp-json\/wp\/v2\/media\/13741"}],"wp:attachment":[{"href":"https:\/\/www.caudete.org\/ayuntamiento\/wp-json\/wp\/v2\/media?parent=13740"}],"wp:term":[{"taxonomy":"category","embeddable":true,"href":"https:\/\/www.caudete.org\/ayuntamiento\/wp-json\/wp\/v2\/categories?post=13740"},{"taxonomy":"post_tag","embeddable":true,"href":"https:\/\/www.caudete.org\/ayuntamiento\/wp-json\/wp\/v2\/tags?post=13740"}],"curies":[{"name":"wp","href":"https:\/\/api.w.org\/{rel}","templated":true}]}}