{"id":13743,"date":"2021-04-07T07:03:59","date_gmt":"2021-04-07T05:03:59","guid":{"rendered":"https:\/\/www.caudete.org\/ayuntamiento\/?p=13743"},"modified":"2021-04-07T07:05:14","modified_gmt":"2021-04-07T05:05:14","slug":"ofertados-2-empleos-para-52anos-con-destino-al-patrimonio-historico-artistico","status":"publish","type":"post","link":"https:\/\/www.caudete.org\/ayuntamiento\/ofertados-2-empleos-para-52anos-con-destino-al-patrimonio-historico-artistico\/","title":{"rendered":"Ofertados 2 empleos para +52a\u00f1os con destino al Patrimonio Hist\u00f3rico-Art\u00edstico"},"content":{"rendered":"<p style=\"text-align: justify;\">La Concejal de Empleo y Formaci\u00f3n, M\u00aa del Mar Requena ha informado esta ma\u00f1ana de la aprobaci\u00f3n de las Bases del Proyecto +52 a\u00f1os que ir\u00e1 destinado al Patrimonio Hist\u00f3rico-Art\u00edstico de la localidad.<\/p>\n<p style=\"text-align: justify;\">La Oficina de Empleo de Caudete es la encargada de remitir los perfiles al Consistorio, formando este \u00faltimo un Tribunal Calificador para seleccionar a los aspirantes, en funci\u00f3n de la baremaci\u00f3n siguiente:<\/p>\n<p style=\"text-align: justify;\">1. Con car\u00e1cter abosluto se dar\u00e1 prioridad a las mujeres victimas de violencia de g\u00e9nero. (requisito marcado por la JCCM)<\/p>\n<p style=\"text-align: justify;\">2. Se priorizar\u00e1 a las personas con Discapacidad reconocida de un m\u00ednimo de 33%, (requisito marcado por la JCCM) con 1 punto.<\/p>\n<p style=\"text-align: justify;\">3. Se tendr\u00e1 en cuenta la mayor adecuaci\u00f3n al puesto seg\u00fan CV recibido de la Oficina de Empleo, seg\u00fan lo siguiente:<br \/>\na) Titulaci\u00f3n ESO o equivalente (graduado escolar es equivalente a efectos laborales):1 punto<br \/>\nb) Experiencia en trabajos de alba\u00f1iler\u00eda, reparaci\u00f3n:<br \/>\n&#8211; 1 punto = hasta 2 a\u00f1os de experiencia<br \/>\n&#8211; 2 puntos = de 2 a 5 a\u00f1os de experiencia<br \/>\n&#8211; 3 puntos = m\u00e1s de 5 a\u00f1os de experiencia<br \/>\nLa experiencia laboral se acreditar\u00e1 a trav\u00e9s de Informe de Vida Laboral acompa\u00f1ado de contratos, n\u00f3minas o certificados de empresa. En todo caso, no se computar\u00e1 la experiencia si no queda debidamente acreditada la relaci\u00f3n con el perfil demandado.<br \/>\nc) Tarjeta Profesional de la Construcci\u00f3n: 2 puntos<\/p>\n<p style=\"text-align: justify;\">4. En caso de empate, se priorizar\u00e1 al candidato de mayor edad.<\/p>\n<p style=\"text-align: justify;\">Fue en la \u00faltima Junta de Gobierno Local celebrada justo antes de las vacaciones de Semana Santa cuando se daba el visto bueno a las bases que permitir\u00e1 seleccionar a 2 caudetanos mayores de 52 a\u00f1os, para que durante 6 meses trabajen en tareas de apoyo a actividades de Puesta en Valor y de Difusi\u00f3n del Patrimonio Hist\u00f3rico-Art\u00edstico.<\/p>\n<p style=\"text-align: justify;\">El enfoque de este proyecto, que se da por vez primera en nuestro municipio remarcaba la Edil &#8220;<em>supone una apuesta fuerte y decidida por nuestro Patrimonio, un recurso en mayor parte desconocido y poco valorado por los ciudadanos pero muy rico en cantidad, que requiere de todos los esfuerzos posibles de parte de la administraci\u00f3n<\/em>&#8220;. De esa forma, a\u00f1ad\u00eda que &#8220;<em>desde el Ayuntamiento, hemos demostrado querer trabajar por ello, proyectarlo, protegerlo, difundirlo y dar oportunidades con ello a los ciudadanos<\/em>&#8221; como lo es este Plan de Empleo, que viene a sumar recursos para las Concejal\u00edas de Patrimonio Hist\u00f3rico y Turismo que gestiona Diego Cuenca.<\/p>\n<p style=\"text-align: justify;\">Durante el transcurso del Proyecto, las acciones se materializar\u00e1n en diferentes zonas de la localidad (intervenciones arqueol\u00f3gicas, de consolidaci\u00f3n, rehabilitaci\u00f3n, etc) redundando los resultados en el beneficio de los ciudadanos.<\/p>\n<p style=\"text-align: justify;\">M\u00aa del Mar Requena adelantaba que en el Equipo de Gobierno &#8220;<em>auguramos una buena puesta en servicio y resultados \u00f3ptimos de un proyecto que a nivel local arranca como Piloto<\/em>&#8221; ya que la intenci\u00f3n del Gobierno Municipal es &#8220;<em>dotar de recursos humanos a las \u00e1reas de Patrimonio Hist\u00f3rico y Turismo seg\u00fan necesidades de su cronograma<\/em>&#8221; por lo que &#8220;<em>la valoraci\u00f3n final de este proyecto ser\u00e1 importante<\/em>&#8220;.<\/p>\n","protected":false},"excerpt":{"rendered":"<p>La Concejal de Empleo y Formaci\u00f3n, M\u00aa del Mar Requena ha informado esta ma\u00f1ana de la aprobaci\u00f3n de las Bases del Proyecto +52 a\u00f1os que ir\u00e1 destinado al Patrimonio Hist\u00f3rico-Art\u00edstico de la localidad. La Oficina de Empleo de Caudete es la encargada de remitir los perfiles al Consistorio, formando este \u00faltimo un Tribunal Calificador para &hellip;<\/p>\n","protected":false},"author":3,"featured_media":13744,"comment_status":"closed","ping_status":"open","sticky":false,"template":"","format":"standard","meta":{"ngg_post_thumbnail":0,"footnotes":""},"categories":[37],"tags":[],"class_list":["post-13743","post","type-post","status-publish","format-standard","has-post-thumbnail","hentry","category-empleo-y-formacion"],"yoast_head":"<!-- This site is optimized with the Yoast SEO plugin v27.4 - https:\/\/yoast.com\/product\/yoast-seo-wordpress\/ -->\n<title>Ofertados 2 empleos para +52a\u00f1os con destino al Patrimonio Hist\u00f3rico-Art\u00edstico - MI Ayuntamiento de Caudete<\/title>\n<meta name=\"description\" content=\"P\u00e1gina Oficial del Ayuntamiento de Caudete (Albacete)\" \/>\n<meta name=\"robots\" content=\"index, follow, max-snippet:-1, max-image-preview:large, max-video-preview:-1\" \/>\n<link rel=\"canonical\" href=\"https:\/\/www.caudete.org\/ayuntamiento\/ofertados-2-empleos-para-52anos-con-destino-al-patrimonio-historico-artistico\/\" \/>\n<meta property=\"og:locale\" content=\"es_ES\" \/>\n<meta property=\"og:type\" content=\"article\" \/>\n<meta property=\"og:title\" content=\"Ofertados 2 empleos para +52a\u00f1os con destino al Patrimonio Hist\u00f3rico-Art\u00edstico - MI Ayuntamiento de Caudete\" \/>\n<meta property=\"og:description\" content=\"P\u00e1gina Oficial del Ayuntamiento de Caudete (Albacete)\" \/>\n<meta property=\"og:url\" content=\"https:\/\/www.caudete.org\/ayuntamiento\/ofertados-2-empleos-para-52anos-con-destino-al-patrimonio-historico-artistico\/\" \/>\n<meta property=\"og:site_name\" content=\"MI Ayuntamiento de Caudete\" \/>\n<meta property=\"article:publisher\" content=\"https:\/\/www.facebook.com\/ayuntamientocaudete\/\" \/>\n<meta property=\"article:published_time\" content=\"2021-04-07T05:03:59+00:00\" \/>\n<meta property=\"article:modified_time\" content=\"2021-04-07T05:05:14+00:00\" \/>\n<meta property=\"og:image\" content=\"https:\/\/www.caudete.org\/ayuntamiento\/wp-content\/uploads\/2021\/04\/WhatsApp-Image-2021-04-07-at-06.34.27.jpeg\" \/>\n\t<meta property=\"og:image:width\" content=\"949\" \/>\n\t<meta property=\"og:image:height\" content=\"541\" \/>\n\t<meta property=\"og:image:type\" content=\"image\/jpeg\" \/>\n<meta name=\"author\" content=\"alcalde\" \/>\n<meta name=\"twitter:card\" content=\"summary_large_image\" \/>\n<meta name=\"twitter:label1\" content=\"Escrito por\" \/>\n\t<meta name=\"twitter:data1\" content=\"alcalde\" \/>\n\t<meta name=\"twitter:label2\" content=\"Tiempo de lectura\" \/>\n\t<meta name=\"twitter:data2\" content=\"3 minutos\" \/>\n<script type=\"application\/ld+json\" class=\"yoast-schema-graph\">{\"@context\":\"https:\\\/\\\/schema.org\",\"@graph\":[{\"@type\":\"Article\",\"@id\":\"https:\\\/\\\/www.caudete.org\\\/ayuntamiento\\\/ofertados-2-empleos-para-52anos-con-destino-al-patrimonio-historico-artistico\\\/#article\",\"isPartOf\":{\"@id\":\"https:\\\/\\\/www.caudete.org\\\/ayuntamiento\\\/ofertados-2-empleos-para-52anos-con-destino-al-patrimonio-historico-artistico\\\/\"},\"author\":{\"name\":\"alcalde\",\"@id\":\"https:\\\/\\\/www.caudete.org\\\/ayuntamiento\\\/#\\\/schema\\\/person\\\/cc646da9133078ee4d8dd47457947253\"},\"headline\":\"Ofertados 2 empleos para +52a\u00f1os con destino al Patrimonio Hist\u00f3rico-Art\u00edstico\",\"datePublished\":\"2021-04-07T05:03:59+00:00\",\"dateModified\":\"2021-04-07T05:05:14+00:00\",\"mainEntityOfPage\":{\"@id\":\"https:\\\/\\\/www.caudete.org\\\/ayuntamiento\\\/ofertados-2-empleos-para-52anos-con-destino-al-patrimonio-historico-artistico\\\/\"},\"wordCount\":530,\"publisher\":{\"@id\":\"https:\\\/\\\/www.caudete.org\\\/ayuntamiento\\\/#organization\"},\"image\":{\"@id\":\"https:\\\/\\\/www.caudete.org\\\/ayuntamiento\\\/ofertados-2-empleos-para-52anos-con-destino-al-patrimonio-historico-artistico\\\/#primaryimage\"},\"thumbnailUrl\":\"https:\\\/\\\/www.caudete.org\\\/ayuntamiento\\\/wp-content\\\/uploads\\\/2021\\\/04\\\/WhatsApp-Image-2021-04-07-at-06.34.27.jpeg\",\"articleSection\":[\"Empleo y Formaci\u00f3n\"],\"inLanguage\":\"es\"},{\"@type\":\"WebPage\",\"@id\":\"https:\\\/\\\/www.caudete.org\\\/ayuntamiento\\\/ofertados-2-empleos-para-52anos-con-destino-al-patrimonio-historico-artistico\\\/\",\"url\":\"https:\\\/\\\/www.caudete.org\\\/ayuntamiento\\\/ofertados-2-empleos-para-52anos-con-destino-al-patrimonio-historico-artistico\\\/\",\"name\":\"Ofertados 2 empleos para +52a\u00f1os con destino al Patrimonio Hist\u00f3rico-Art\u00edstico - MI Ayuntamiento de Caudete\",\"isPartOf\":{\"@id\":\"https:\\\/\\\/www.caudete.org\\\/ayuntamiento\\\/#website\"},\"primaryImageOfPage\":{\"@id\":\"https:\\\/\\\/www.caudete.org\\\/ayuntamiento\\\/ofertados-2-empleos-para-52anos-con-destino-al-patrimonio-historico-artistico\\\/#primaryimage\"},\"image\":{\"@id\":\"https:\\\/\\\/www.caudete.org\\\/ayuntamiento\\\/ofertados-2-empleos-para-52anos-con-destino-al-patrimonio-historico-artistico\\\/#primaryimage\"},\"thumbnailUrl\":\"https:\\\/\\\/www.caudete.org\\\/ayuntamiento\\\/wp-content\\\/uploads\\\/2021\\\/04\\\/WhatsApp-Image-2021-04-07-at-06.34.27.jpeg\",\"datePublished\":\"2021-04-07T05:03:59+00:00\",\"dateModified\":\"2021-04-07T05:05:14+00:00\",\"description\":\"P\u00e1gina Oficial del Ayuntamiento de Caudete (Albacete)\",\"breadcrumb\":{\"@id\":\"https:\\\/\\\/www.caudete.org\\\/ayuntamiento\\\/ofertados-2-empleos-para-52anos-con-destino-al-patrimonio-historico-artistico\\\/#breadcrumb\"},\"inLanguage\":\"es\",\"potentialAction\":[{\"@type\":\"ReadAction\",\"target\":[\"https:\\\/\\\/www.caudete.org\\\/ayuntamiento\\\/ofertados-2-empleos-para-52anos-con-destino-al-patrimonio-historico-artistico\\\/\"]}]},{\"@type\":\"ImageObject\",\"inLanguage\":\"es\",\"@id\":\"https:\\\/\\\/www.caudete.org\\\/ayuntamiento\\\/ofertados-2-empleos-para-52anos-con-destino-al-patrimonio-historico-artistico\\\/#primaryimage\",\"url\":\"https:\\\/\\\/www.caudete.org\\\/ayuntamiento\\\/wp-content\\\/uploads\\\/2021\\\/04\\\/WhatsApp-Image-2021-04-07-at-06.34.27.jpeg\",\"contentUrl\":\"https:\\\/\\\/www.caudete.org\\\/ayuntamiento\\\/wp-content\\\/uploads\\\/2021\\\/04\\\/WhatsApp-Image-2021-04-07-at-06.34.27.jpeg\",\"width\":949,\"height\":541},{\"@type\":\"BreadcrumbList\",\"@id\":\"https:\\\/\\\/www.caudete.org\\\/ayuntamiento\\\/ofertados-2-empleos-para-52anos-con-destino-al-patrimonio-historico-artistico\\\/#breadcrumb\",\"itemListElement\":[{\"@type\":\"ListItem\",\"position\":1,\"name\":\"Inicio\",\"item\":\"https:\\\/\\\/www.caudete.org\\\/ayuntamiento\\\/\"},{\"@type\":\"ListItem\",\"position\":2,\"name\":\"Ofertados 2 empleos para +52a\u00f1os con destino al Patrimonio Hist\u00f3rico-Art\u00edstico\"}]},{\"@type\":\"WebSite\",\"@id\":\"https:\\\/\\\/www.caudete.org\\\/ayuntamiento\\\/#website\",\"url\":\"https:\\\/\\\/www.caudete.org\\\/ayuntamiento\\\/\",\"name\":\"MI Ayuntamiento de Caudete\",\"description\":\"P\u00e1gina Oficial del MI Ayuntamiento de Caudete\",\"publisher\":{\"@id\":\"https:\\\/\\\/www.caudete.org\\\/ayuntamiento\\\/#organization\"},\"potentialAction\":[{\"@type\":\"SearchAction\",\"target\":{\"@type\":\"EntryPoint\",\"urlTemplate\":\"https:\\\/\\\/www.caudete.org\\\/ayuntamiento\\\/?s={search_term_string}\"},\"query-input\":{\"@type\":\"PropertyValueSpecification\",\"valueRequired\":true,\"valueName\":\"search_term_string\"}}],\"inLanguage\":\"es\"},{\"@type\":\"Organization\",\"@id\":\"https:\\\/\\\/www.caudete.org\\\/ayuntamiento\\\/#organization\",\"name\":\"Ayuntamiento de Caudete\",\"url\":\"https:\\\/\\\/www.caudete.org\\\/ayuntamiento\\\/\",\"logo\":{\"@type\":\"ImageObject\",\"inLanguage\":\"es\",\"@id\":\"https:\\\/\\\/www.caudete.org\\\/ayuntamiento\\\/#\\\/schema\\\/logo\\\/image\\\/\",\"url\":\"https:\\\/\\\/www.caudete.org\\\/ayuntamiento\\\/wp-content\\\/uploads\\\/2020\\\/11\\\/logo_ayuntamiento_caudete.jpg\",\"contentUrl\":\"https:\\\/\\\/www.caudete.org\\\/ayuntamiento\\\/wp-content\\\/uploads\\\/2020\\\/11\\\/logo_ayuntamiento_caudete.jpg\",\"width\":600,\"height\":150,\"caption\":\"Ayuntamiento de Caudete\"},\"image\":{\"@id\":\"https:\\\/\\\/www.caudete.org\\\/ayuntamiento\\\/#\\\/schema\\\/logo\\\/image\\\/\"},\"sameAs\":[\"https:\\\/\\\/www.facebook.com\\\/ayuntamientocaudete\\\/\",\"https:\\\/\\\/www.youtube.com\\\/channel\\\/UC6VztHaooNsGpw-tNoBEFnQ\"]},{\"@type\":\"Person\",\"@id\":\"https:\\\/\\\/www.caudete.org\\\/ayuntamiento\\\/#\\\/schema\\\/person\\\/cc646da9133078ee4d8dd47457947253\",\"name\":\"alcalde\",\"image\":{\"@type\":\"ImageObject\",\"inLanguage\":\"es\",\"@id\":\"https:\\\/\\\/secure.gravatar.com\\\/avatar\\\/84a817ba065b29ff08d666b215a215f5c79186a645ccb25b14a663d48a130f77?s=96&d=mm&r=g\",\"url\":\"https:\\\/\\\/secure.gravatar.com\\\/avatar\\\/84a817ba065b29ff08d666b215a215f5c79186a645ccb25b14a663d48a130f77?s=96&d=mm&r=g\",\"contentUrl\":\"https:\\\/\\\/secure.gravatar.com\\\/avatar\\\/84a817ba065b29ff08d666b215a215f5c79186a645ccb25b14a663d48a130f77?s=96&d=mm&r=g\",\"caption\":\"alcalde\"},\"url\":\"https:\\\/\\\/www.caudete.org\\\/ayuntamiento\\\/author\\\/alcalde\\\/\"}]}<\/script>\n<!-- \/ Yoast SEO plugin. -->","yoast_head_json":{"title":"Ofertados 2 empleos para +52a\u00f1os con destino al Patrimonio Hist\u00f3rico-Art\u00edstico - MI Ayuntamiento de Caudete","description":"P\u00e1gina Oficial del Ayuntamiento de Caudete (Albacete)","robots":{"index":"index","follow":"follow","max-snippet":"max-snippet:-1","max-image-preview":"max-image-preview:large","max-video-preview":"max-video-preview:-1"},"canonical":"https:\/\/www.caudete.org\/ayuntamiento\/ofertados-2-empleos-para-52anos-con-destino-al-patrimonio-historico-artistico\/","og_locale":"es_ES","og_type":"article","og_title":"Ofertados 2 empleos para +52a\u00f1os con destino al Patrimonio Hist\u00f3rico-Art\u00edstico - MI Ayuntamiento de Caudete","og_description":"P\u00e1gina Oficial del Ayuntamiento de Caudete (Albacete)","og_url":"https:\/\/www.caudete.org\/ayuntamiento\/ofertados-2-empleos-para-52anos-con-destino-al-patrimonio-historico-artistico\/","og_site_name":"MI Ayuntamiento de Caudete","article_publisher":"https:\/\/www.facebook.com\/ayuntamientocaudete\/","article_published_time":"2021-04-07T05:03:59+00:00","article_modified_time":"2021-04-07T05:05:14+00:00","og_image":[{"width":949,"height":541,"url":"https:\/\/www.caudete.org\/ayuntamiento\/wp-content\/uploads\/2021\/04\/WhatsApp-Image-2021-04-07-at-06.34.27.jpeg","type":"image\/jpeg"}],"author":"alcalde","twitter_card":"summary_large_image","twitter_misc":{"Escrito por":"alcalde","Tiempo de lectura":"3 minutos"},"schema":{"@context":"https:\/\/schema.org","@graph":[{"@type":"Article","@id":"https:\/\/www.caudete.org\/ayuntamiento\/ofertados-2-empleos-para-52anos-con-destino-al-patrimonio-historico-artistico\/#article","isPartOf":{"@id":"https:\/\/www.caudete.org\/ayuntamiento\/ofertados-2-empleos-para-52anos-con-destino-al-patrimonio-historico-artistico\/"},"author":{"name":"alcalde","@id":"https:\/\/www.caudete.org\/ayuntamiento\/#\/schema\/person\/cc646da9133078ee4d8dd47457947253"},"headline":"Ofertados 2 empleos para +52a\u00f1os con destino al Patrimonio Hist\u00f3rico-Art\u00edstico","datePublished":"2021-04-07T05:03:59+00:00","dateModified":"2021-04-07T05:05:14+00:00","mainEntityOfPage":{"@id":"https:\/\/www.caudete.org\/ayuntamiento\/ofertados-2-empleos-para-52anos-con-destino-al-patrimonio-historico-artistico\/"},"wordCount":530,"publisher":{"@id":"https:\/\/www.caudete.org\/ayuntamiento\/#organization"},"image":{"@id":"https:\/\/www.caudete.org\/ayuntamiento\/ofertados-2-empleos-para-52anos-con-destino-al-patrimonio-historico-artistico\/#primaryimage"},"thumbnailUrl":"https:\/\/www.caudete.org\/ayuntamiento\/wp-content\/uploads\/2021\/04\/WhatsApp-Image-2021-04-07-at-06.34.27.jpeg","articleSection":["Empleo y Formaci\u00f3n"],"inLanguage":"es"},{"@type":"WebPage","@id":"https:\/\/www.caudete.org\/ayuntamiento\/ofertados-2-empleos-para-52anos-con-destino-al-patrimonio-historico-artistico\/","url":"https:\/\/www.caudete.org\/ayuntamiento\/ofertados-2-empleos-para-52anos-con-destino-al-patrimonio-historico-artistico\/","name":"Ofertados 2 empleos para +52a\u00f1os con destino al Patrimonio Hist\u00f3rico-Art\u00edstico - MI Ayuntamiento de Caudete","isPartOf":{"@id":"https:\/\/www.caudete.org\/ayuntamiento\/#website"},"primaryImageOfPage":{"@id":"https:\/\/www.caudete.org\/ayuntamiento\/ofertados-2-empleos-para-52anos-con-destino-al-patrimonio-historico-artistico\/#primaryimage"},"image":{"@id":"https:\/\/www.caudete.org\/ayuntamiento\/ofertados-2-empleos-para-52anos-con-destino-al-patrimonio-historico-artistico\/#primaryimage"},"thumbnailUrl":"https:\/\/www.caudete.org\/ayuntamiento\/wp-content\/uploads\/2021\/04\/WhatsApp-Image-2021-04-07-at-06.34.27.jpeg","datePublished":"2021-04-07T05:03:59+00:00","dateModified":"2021-04-07T05:05:14+00:00","description":"P\u00e1gina Oficial del Ayuntamiento de Caudete (Albacete)","breadcrumb":{"@id":"https:\/\/www.caudete.org\/ayuntamiento\/ofertados-2-empleos-para-52anos-con-destino-al-patrimonio-historico-artistico\/#breadcrumb"},"inLanguage":"es","potentialAction":[{"@type":"ReadAction","target":["https:\/\/www.caudete.org\/ayuntamiento\/ofertados-2-empleos-para-52anos-con-destino-al-patrimonio-historico-artistico\/"]}]},{"@type":"ImageObject","inLanguage":"es","@id":"https:\/\/www.caudete.org\/ayuntamiento\/ofertados-2-empleos-para-52anos-con-destino-al-patrimonio-historico-artistico\/#primaryimage","url":"https:\/\/www.caudete.org\/ayuntamiento\/wp-content\/uploads\/2021\/04\/WhatsApp-Image-2021-04-07-at-06.34.27.jpeg","contentUrl":"https:\/\/www.caudete.org\/ayuntamiento\/wp-content\/uploads\/2021\/04\/WhatsApp-Image-2021-04-07-at-06.34.27.jpeg","width":949,"height":541},{"@type":"BreadcrumbList","@id":"https:\/\/www.caudete.org\/ayuntamiento\/ofertados-2-empleos-para-52anos-con-destino-al-patrimonio-historico-artistico\/#breadcrumb","itemListElement":[{"@type":"ListItem","position":1,"name":"Inicio","item":"https:\/\/www.caudete.org\/ayuntamiento\/"},{"@type":"ListItem","position":2,"name":"Ofertados 2 empleos para +52a\u00f1os con destino al Patrimonio Hist\u00f3rico-Art\u00edstico"}]},{"@type":"WebSite","@id":"https:\/\/www.caudete.org\/ayuntamiento\/#website","url":"https:\/\/www.caudete.org\/ayuntamiento\/","name":"MI Ayuntamiento de Caudete","description":"P\u00e1gina Oficial del MI Ayuntamiento de Caudete","publisher":{"@id":"https:\/\/www.caudete.org\/ayuntamiento\/#organization"},"potentialAction":[{"@type":"SearchAction","target":{"@type":"EntryPoint","urlTemplate":"https:\/\/www.caudete.org\/ayuntamiento\/?s={search_term_string}"},"query-input":{"@type":"PropertyValueSpecification","valueRequired":true,"valueName":"search_term_string"}}],"inLanguage":"es"},{"@type":"Organization","@id":"https:\/\/www.caudete.org\/ayuntamiento\/#organization","name":"Ayuntamiento de Caudete","url":"https:\/\/www.caudete.org\/ayuntamiento\/","logo":{"@type":"ImageObject","inLanguage":"es","@id":"https:\/\/www.caudete.org\/ayuntamiento\/#\/schema\/logo\/image\/","url":"https:\/\/www.caudete.org\/ayuntamiento\/wp-content\/uploads\/2020\/11\/logo_ayuntamiento_caudete.jpg","contentUrl":"https:\/\/www.caudete.org\/ayuntamiento\/wp-content\/uploads\/2020\/11\/logo_ayuntamiento_caudete.jpg","width":600,"height":150,"caption":"Ayuntamiento de Caudete"},"image":{"@id":"https:\/\/www.caudete.org\/ayuntamiento\/#\/schema\/logo\/image\/"},"sameAs":["https:\/\/www.facebook.com\/ayuntamientocaudete\/","https:\/\/www.youtube.com\/channel\/UC6VztHaooNsGpw-tNoBEFnQ"]},{"@type":"Person","@id":"https:\/\/www.caudete.org\/ayuntamiento\/#\/schema\/person\/cc646da9133078ee4d8dd47457947253","name":"alcalde","image":{"@type":"ImageObject","inLanguage":"es","@id":"https:\/\/secure.gravatar.com\/avatar\/84a817ba065b29ff08d666b215a215f5c79186a645ccb25b14a663d48a130f77?s=96&d=mm&r=g","url":"https:\/\/secure.gravatar.com\/avatar\/84a817ba065b29ff08d666b215a215f5c79186a645ccb25b14a663d48a130f77?s=96&d=mm&r=g","contentUrl":"https:\/\/secure.gravatar.com\/avatar\/84a817ba065b29ff08d666b215a215f5c79186a645ccb25b14a663d48a130f77?s=96&d=mm&r=g","caption":"alcalde"},"url":"https:\/\/www.caudete.org\/ayuntamiento\/author\/alcalde\/"}]}},"_links":{"self":[{"href":"https:\/\/www.caudete.org\/ayuntamiento\/wp-json\/wp\/v2\/posts\/13743","targetHints":{"allow":["GET"]}}],"collection":[{"href":"https:\/\/www.caudete.org\/ayuntamiento\/wp-json\/wp\/v2\/posts"}],"about":[{"href":"https:\/\/www.caudete.org\/ayuntamiento\/wp-json\/wp\/v2\/types\/post"}],"author":[{"embeddable":true,"href":"https:\/\/www.caudete.org\/ayuntamiento\/wp-json\/wp\/v2\/users\/3"}],"replies":[{"embeddable":true,"href":"https:\/\/www.caudete.org\/ayuntamiento\/wp-json\/wp\/v2\/comments?post=13743"}],"version-history":[{"count":2,"href":"https:\/\/www.caudete.org\/ayuntamiento\/wp-json\/wp\/v2\/posts\/13743\/revisions"}],"predecessor-version":[{"id":13746,"href":"https:\/\/www.caudete.org\/ayuntamiento\/wp-json\/wp\/v2\/posts\/13743\/revisions\/13746"}],"wp:featuredmedia":[{"embeddable":true,"href":"https:\/\/www.caudete.org\/ayuntamiento\/wp-json\/wp\/v2\/media\/13744"}],"wp:attachment":[{"href":"https:\/\/www.caudete.org\/ayuntamiento\/wp-json\/wp\/v2\/media?parent=13743"}],"wp:term":[{"taxonomy":"category","embeddable":true,"href":"https:\/\/www.caudete.org\/ayuntamiento\/wp-json\/wp\/v2\/categories?post=13743"},{"taxonomy":"post_tag","embeddable":true,"href":"https:\/\/www.caudete.org\/ayuntamiento\/wp-json\/wp\/v2\/tags?post=13743"}],"curies":[{"name":"wp","href":"https:\/\/api.w.org\/{rel}","templated":true}]}}