{"id":13747,"date":"2021-04-07T07:45:21","date_gmt":"2021-04-07T05:45:21","guid":{"rendered":"https:\/\/www.caudete.org\/ayuntamiento\/?p=13747"},"modified":"2021-04-07T07:46:28","modified_gmt":"2021-04-07T05:46:28","slug":"aprobada-la-oferta-de-empleo-publico-2020","status":"publish","type":"post","link":"https:\/\/www.caudete.org\/ayuntamiento\/aprobada-la-oferta-de-empleo-publico-2020\/","title":{"rendered":"Aprobada la Oferta de Empleo P\u00fablico 2020"},"content":{"rendered":"<p style=\"text-align: justify;\">M\u00aa del Mar Requena, Concejal de Recursos Humanos del Ayuntamiento de Caudete, ha dado a conocer esta ma\u00f1ana la reci\u00e9n aprobada Oferta de Empleo P\u00fablico 2020 en la sesi\u00f3n de Junta de Gobierno del pasado 25 de Marzo, a falta de que sea publicada en el Bolet\u00edn Oficial en los pr\u00f3ximos d\u00edas.<\/p>\n<p style=\"text-align: justify;\">Finalizado el expediente, y con todos los informes favorables, la propuesta de Alcald\u00eda de 18 de Diciembre 2020 fue sometida a estudio en la Mesa de Negociaci\u00f3n de los empleados p\u00fablicos de este Ayuntamiento el 11 de Febrero. En la misma, tras revisar la OEP-2019 y matizar necesidades para la OEP-2021, se procedi\u00f3 al respaldo un\u00e1nime de la OEP-2020 para la aprobaci\u00f3n de la misma, &#8220;<em>una cuesti\u00f3n a destacar, que evidencia un di\u00e1logo y trabajo fluido en una misma direcci\u00f3n, en esta materia, entre empleados y Gobierno Municipal<\/em>&#8221; expon\u00eda M\u00aa del Mar Requena.<\/p>\n<p style=\"text-align: justify;\">La ejecuci\u00f3n de la misma se establece por la TREBEP en un m\u00e1ximo de 3 a\u00f1os, &#8220;<em>siendo la intenci\u00f3n del Gobierno Municipal hacer en el presente 2021 una convocatoria lo m\u00e1s completa posible de las plazas establecidas en la OEP de 2019 (que no fueron sacadas o quedaron vacantes) y la presente de 2020<\/em>&#8221; remarcaba la Edil Requena.<\/p>\n<p>&nbsp;<\/p>\n<p><span style=\"text-decoration: underline;\"><strong>Funcionarios de Carrera:<\/strong><\/span><\/p>\n<table style=\"border-collapse: collapse; width: 82.6667%; height: 72px;\">\n<tbody>\n<tr style=\"height: 24px;\">\n<td style=\"width: 10.303%; height: 24px;\"><strong>GRUPO <\/strong><\/td>\n<td style=\"width: 12.1212%; height: 24px;\"><strong>SUBGRUPO <\/strong><\/td>\n<td style=\"width: 17.1065%; height: 24px;\"><strong>N.\u00ba VACANTES<\/strong><\/td>\n<td style=\"width: 19.1359%; height: 24px;\"><strong>DENOMINACI\u00d3N <\/strong><\/td>\n<td style=\"width: 24.4802%; height: 24px;\"><strong>SISTEMA DE ACCESO<\/strong><\/td>\n<\/tr>\n<tr style=\"height: 24px;\">\n<td style=\"width: 10.303%; height: 24px; text-align: center;\">A<\/td>\n<td style=\"width: 12.1212%; height: 24px; text-align: center;\">A1<\/td>\n<td style=\"width: 17.1065%; height: 24px; text-align: center;\">1<\/td>\n<td style=\"width: 19.1359%; height: 24px; text-align: center;\">Arquitecto<\/td>\n<td style=\"width: 24.4802%; height: 24px; text-align: center;\">Concurso-Oposici\u00f3n Libre<\/td>\n<\/tr>\n<tr style=\"height: 24px;\">\n<td style=\"width: 10.303%; height: 24px; text-align: center;\">C<\/td>\n<td style=\"width: 12.1212%; height: 24px; text-align: center;\">C1<\/td>\n<td style=\"width: 17.1065%; height: 24px; text-align: center;\">1<\/td>\n<td style=\"width: 19.1359%; height: 24px; text-align: center;\">Administrativo<\/td>\n<td style=\"width: 24.4802%; height: 24px; text-align: center;\">Promoci\u00f3n interna<\/td>\n<\/tr>\n<\/tbody>\n<\/table>\n<p>&nbsp;<\/p>\n<p><strong><span style=\"text-decoration: underline;\">Personal laboral Fijo:<\/span><\/strong><\/p>\n<table style=\"border-collapse: collapse; width: 82.6667%; height: 72px;\">\n<tbody>\n<tr style=\"height: 24px;\">\n<td style=\"width: 10.303%; height: 24px;\"><strong>GRUPO <\/strong><\/td>\n<td style=\"width: 12.1212%; height: 24px;\"><strong>SUBGRUPO <\/strong><\/td>\n<td style=\"width: 17.1065%; height: 24px;\"><strong>N.\u00ba VACANTES<\/strong><\/td>\n<td style=\"width: 19.1359%; height: 24px;\"><strong>DENOMINACI\u00d3N <\/strong><\/td>\n<td style=\"width: 24.4802%; height: 24px;\"><strong>SISTEMA DE ACCESO<\/strong><\/td>\n<\/tr>\n<tr style=\"height: 24px;\">\n<td style=\"width: 10.303%; height: 24px; text-align: center;\">C<\/td>\n<td style=\"width: 12.1212%; height: 24px; text-align: center;\">C2<\/td>\n<td style=\"width: 17.1065%; height: 24px; text-align: center;\">1<\/td>\n<td style=\"width: 19.1359%; height: 24px; text-align: center;\">Obras<\/td>\n<td style=\"width: 24.4802%; height: 24px; text-align: center;\">Libre<\/td>\n<\/tr>\n<tr style=\"height: 24px;\">\n<td style=\"width: 10.303%; height: 24px; text-align: center;\">C<\/td>\n<td style=\"width: 12.1212%; height: 24px; text-align: center;\">C1<\/td>\n<td style=\"width: 17.1065%; height: 24px; text-align: center;\">1<\/td>\n<td style=\"width: 19.1359%; height: 24px; text-align: center;\">Inform\u00e1tica<\/td>\n<td style=\"width: 24.4802%; height: 24px; text-align: center;\">Libre<\/td>\n<\/tr>\n<\/tbody>\n<\/table>\n","protected":false},"excerpt":{"rendered":"<p>M\u00aa del Mar Requena, Concejal de Recursos Humanos del Ayuntamiento de Caudete, ha dado a conocer esta ma\u00f1ana la reci\u00e9n aprobada Oferta de Empleo P\u00fablico 2020 en la sesi\u00f3n de Junta de Gobierno del pasado 25 de Marzo, a falta de que sea publicada en el Bolet\u00edn Oficial en los pr\u00f3ximos d\u00edas. Finalizado el expediente, &hellip;<\/p>\n","protected":false},"author":3,"featured_media":13748,"comment_status":"closed","ping_status":"open","sticky":false,"template":"","format":"standard","meta":{"ngg_post_thumbnail":0,"footnotes":""},"categories":[33],"tags":[],"class_list":["post-13747","post","type-post","status-publish","format-standard","has-post-thumbnail","hentry","category-recursos-humanos"],"yoast_head":"<!-- This site is optimized with the Yoast SEO plugin v27.5 - https:\/\/yoast.com\/product\/yoast-seo-wordpress\/ -->\n<title>Aprobada la Oferta de Empleo P\u00fablico 2020 - MI Ayuntamiento de Caudete<\/title>\n<meta name=\"description\" content=\"P\u00e1gina Oficial del Ayuntamiento de Caudete (Albacete)\" \/>\n<meta name=\"robots\" content=\"index, follow, max-snippet:-1, max-image-preview:large, max-video-preview:-1\" \/>\n<link rel=\"canonical\" href=\"https:\/\/www.caudete.org\/ayuntamiento\/aprobada-la-oferta-de-empleo-publico-2020\/\" \/>\n<meta property=\"og:locale\" content=\"es_ES\" \/>\n<meta property=\"og:type\" content=\"article\" \/>\n<meta property=\"og:title\" content=\"Aprobada la Oferta de Empleo P\u00fablico 2020 - MI Ayuntamiento de Caudete\" \/>\n<meta property=\"og:description\" content=\"P\u00e1gina Oficial del Ayuntamiento de Caudete (Albacete)\" \/>\n<meta property=\"og:url\" content=\"https:\/\/www.caudete.org\/ayuntamiento\/aprobada-la-oferta-de-empleo-publico-2020\/\" \/>\n<meta property=\"og:site_name\" content=\"MI Ayuntamiento de Caudete\" \/>\n<meta property=\"article:publisher\" content=\"https:\/\/www.facebook.com\/ayuntamientocaudete\/\" \/>\n<meta property=\"article:published_time\" content=\"2021-04-07T05:45:21+00:00\" \/>\n<meta property=\"article:modified_time\" content=\"2021-04-07T05:46:28+00:00\" \/>\n<meta property=\"og:image\" content=\"https:\/\/www.caudete.org\/ayuntamiento\/wp-content\/uploads\/2021\/04\/WhatsApp-Image-2021-04-07-at-07.22.33.jpeg\" \/>\n\t<meta property=\"og:image:width\" content=\"1257\" \/>\n\t<meta property=\"og:image:height\" content=\"584\" \/>\n\t<meta property=\"og:image:type\" content=\"image\/jpeg\" \/>\n<meta name=\"author\" content=\"alcalde\" \/>\n<meta name=\"twitter:card\" content=\"summary_large_image\" \/>\n<meta name=\"twitter:label1\" content=\"Escrito por\" \/>\n\t<meta name=\"twitter:data1\" content=\"alcalde\" \/>\n\t<meta name=\"twitter:label2\" content=\"Tiempo de lectura\" \/>\n\t<meta name=\"twitter:data2\" content=\"2 minutos\" \/>\n<script type=\"application\/ld+json\" class=\"yoast-schema-graph\">{\"@context\":\"https:\\\/\\\/schema.org\",\"@graph\":[{\"@type\":\"Article\",\"@id\":\"https:\\\/\\\/www.caudete.org\\\/ayuntamiento\\\/aprobada-la-oferta-de-empleo-publico-2020\\\/#article\",\"isPartOf\":{\"@id\":\"https:\\\/\\\/www.caudete.org\\\/ayuntamiento\\\/aprobada-la-oferta-de-empleo-publico-2020\\\/\"},\"author\":{\"name\":\"alcalde\",\"@id\":\"https:\\\/\\\/www.caudete.org\\\/ayuntamiento\\\/#\\\/schema\\\/person\\\/cc646da9133078ee4d8dd47457947253\"},\"headline\":\"Aprobada la Oferta de Empleo P\u00fablico 2020\",\"datePublished\":\"2021-04-07T05:45:21+00:00\",\"dateModified\":\"2021-04-07T05:46:28+00:00\",\"mainEntityOfPage\":{\"@id\":\"https:\\\/\\\/www.caudete.org\\\/ayuntamiento\\\/aprobada-la-oferta-de-empleo-publico-2020\\\/\"},\"wordCount\":269,\"image\":{\"@id\":\"https:\\\/\\\/www.caudete.org\\\/ayuntamiento\\\/aprobada-la-oferta-de-empleo-publico-2020\\\/#primaryimage\"},\"thumbnailUrl\":\"https:\\\/\\\/www.caudete.org\\\/ayuntamiento\\\/wp-content\\\/uploads\\\/2021\\\/04\\\/WhatsApp-Image-2021-04-07-at-07.22.33.jpeg\",\"articleSection\":[\"Recursos Humanos\"],\"inLanguage\":\"es\"},{\"@type\":\"WebPage\",\"@id\":\"https:\\\/\\\/www.caudete.org\\\/ayuntamiento\\\/aprobada-la-oferta-de-empleo-publico-2020\\\/\",\"url\":\"https:\\\/\\\/www.caudete.org\\\/ayuntamiento\\\/aprobada-la-oferta-de-empleo-publico-2020\\\/\",\"name\":\"Aprobada la Oferta de Empleo P\u00fablico 2020 - MI Ayuntamiento de Caudete\",\"isPartOf\":{\"@id\":\"https:\\\/\\\/www.caudete.org\\\/ayuntamiento\\\/#website\"},\"primaryImageOfPage\":{\"@id\":\"https:\\\/\\\/www.caudete.org\\\/ayuntamiento\\\/aprobada-la-oferta-de-empleo-publico-2020\\\/#primaryimage\"},\"image\":{\"@id\":\"https:\\\/\\\/www.caudete.org\\\/ayuntamiento\\\/aprobada-la-oferta-de-empleo-publico-2020\\\/#primaryimage\"},\"thumbnailUrl\":\"https:\\\/\\\/www.caudete.org\\\/ayuntamiento\\\/wp-content\\\/uploads\\\/2021\\\/04\\\/WhatsApp-Image-2021-04-07-at-07.22.33.jpeg\",\"datePublished\":\"2021-04-07T05:45:21+00:00\",\"dateModified\":\"2021-04-07T05:46:28+00:00\",\"author\":{\"@id\":\"https:\\\/\\\/www.caudete.org\\\/ayuntamiento\\\/#\\\/schema\\\/person\\\/cc646da9133078ee4d8dd47457947253\"},\"description\":\"P\u00e1gina Oficial del Ayuntamiento de Caudete (Albacete)\",\"breadcrumb\":{\"@id\":\"https:\\\/\\\/www.caudete.org\\\/ayuntamiento\\\/aprobada-la-oferta-de-empleo-publico-2020\\\/#breadcrumb\"},\"inLanguage\":\"es\",\"potentialAction\":[{\"@type\":\"ReadAction\",\"target\":[\"https:\\\/\\\/www.caudete.org\\\/ayuntamiento\\\/aprobada-la-oferta-de-empleo-publico-2020\\\/\"]}]},{\"@type\":\"ImageObject\",\"inLanguage\":\"es\",\"@id\":\"https:\\\/\\\/www.caudete.org\\\/ayuntamiento\\\/aprobada-la-oferta-de-empleo-publico-2020\\\/#primaryimage\",\"url\":\"https:\\\/\\\/www.caudete.org\\\/ayuntamiento\\\/wp-content\\\/uploads\\\/2021\\\/04\\\/WhatsApp-Image-2021-04-07-at-07.22.33.jpeg\",\"contentUrl\":\"https:\\\/\\\/www.caudete.org\\\/ayuntamiento\\\/wp-content\\\/uploads\\\/2021\\\/04\\\/WhatsApp-Image-2021-04-07-at-07.22.33.jpeg\",\"width\":1257,\"height\":584},{\"@type\":\"BreadcrumbList\",\"@id\":\"https:\\\/\\\/www.caudete.org\\\/ayuntamiento\\\/aprobada-la-oferta-de-empleo-publico-2020\\\/#breadcrumb\",\"itemListElement\":[{\"@type\":\"ListItem\",\"position\":1,\"name\":\"Inicio\",\"item\":\"https:\\\/\\\/www.caudete.org\\\/ayuntamiento\\\/\"},{\"@type\":\"ListItem\",\"position\":2,\"name\":\"Aprobada la Oferta de Empleo P\u00fablico 2020\"}]},{\"@type\":\"WebSite\",\"@id\":\"https:\\\/\\\/www.caudete.org\\\/ayuntamiento\\\/#website\",\"url\":\"https:\\\/\\\/www.caudete.org\\\/ayuntamiento\\\/\",\"name\":\"MI Ayuntamiento de Caudete\",\"description\":\"P\u00e1gina Oficial del MI Ayuntamiento de Caudete\",\"potentialAction\":[{\"@type\":\"SearchAction\",\"target\":{\"@type\":\"EntryPoint\",\"urlTemplate\":\"https:\\\/\\\/www.caudete.org\\\/ayuntamiento\\\/?s={search_term_string}\"},\"query-input\":{\"@type\":\"PropertyValueSpecification\",\"valueRequired\":true,\"valueName\":\"search_term_string\"}}],\"inLanguage\":\"es\"},{\"@type\":\"Person\",\"@id\":\"https:\\\/\\\/www.caudete.org\\\/ayuntamiento\\\/#\\\/schema\\\/person\\\/cc646da9133078ee4d8dd47457947253\",\"name\":\"alcalde\",\"image\":{\"@type\":\"ImageObject\",\"inLanguage\":\"es\",\"@id\":\"https:\\\/\\\/secure.gravatar.com\\\/avatar\\\/84a817ba065b29ff08d666b215a215f5c79186a645ccb25b14a663d48a130f77?s=96&d=mm&r=g\",\"url\":\"https:\\\/\\\/secure.gravatar.com\\\/avatar\\\/84a817ba065b29ff08d666b215a215f5c79186a645ccb25b14a663d48a130f77?s=96&d=mm&r=g\",\"contentUrl\":\"https:\\\/\\\/secure.gravatar.com\\\/avatar\\\/84a817ba065b29ff08d666b215a215f5c79186a645ccb25b14a663d48a130f77?s=96&d=mm&r=g\",\"caption\":\"alcalde\"},\"url\":\"https:\\\/\\\/www.caudete.org\\\/ayuntamiento\\\/author\\\/alcalde\\\/\"}]}<\/script>\n<!-- \/ Yoast SEO plugin. -->","yoast_head_json":{"title":"Aprobada la Oferta de Empleo P\u00fablico 2020 - MI Ayuntamiento de Caudete","description":"P\u00e1gina Oficial del Ayuntamiento de Caudete (Albacete)","robots":{"index":"index","follow":"follow","max-snippet":"max-snippet:-1","max-image-preview":"max-image-preview:large","max-video-preview":"max-video-preview:-1"},"canonical":"https:\/\/www.caudete.org\/ayuntamiento\/aprobada-la-oferta-de-empleo-publico-2020\/","og_locale":"es_ES","og_type":"article","og_title":"Aprobada la Oferta de Empleo P\u00fablico 2020 - MI Ayuntamiento de Caudete","og_description":"P\u00e1gina Oficial del Ayuntamiento de Caudete (Albacete)","og_url":"https:\/\/www.caudete.org\/ayuntamiento\/aprobada-la-oferta-de-empleo-publico-2020\/","og_site_name":"MI Ayuntamiento de Caudete","article_publisher":"https:\/\/www.facebook.com\/ayuntamientocaudete\/","article_published_time":"2021-04-07T05:45:21+00:00","article_modified_time":"2021-04-07T05:46:28+00:00","og_image":[{"width":1257,"height":584,"url":"https:\/\/www.caudete.org\/ayuntamiento\/wp-content\/uploads\/2021\/04\/WhatsApp-Image-2021-04-07-at-07.22.33.jpeg","type":"image\/jpeg"}],"author":"alcalde","twitter_card":"summary_large_image","twitter_misc":{"Escrito por":"alcalde","Tiempo de lectura":"2 minutos"},"schema":{"@context":"https:\/\/schema.org","@graph":[{"@type":"Article","@id":"https:\/\/www.caudete.org\/ayuntamiento\/aprobada-la-oferta-de-empleo-publico-2020\/#article","isPartOf":{"@id":"https:\/\/www.caudete.org\/ayuntamiento\/aprobada-la-oferta-de-empleo-publico-2020\/"},"author":{"name":"alcalde","@id":"https:\/\/www.caudete.org\/ayuntamiento\/#\/schema\/person\/cc646da9133078ee4d8dd47457947253"},"headline":"Aprobada la Oferta de Empleo P\u00fablico 2020","datePublished":"2021-04-07T05:45:21+00:00","dateModified":"2021-04-07T05:46:28+00:00","mainEntityOfPage":{"@id":"https:\/\/www.caudete.org\/ayuntamiento\/aprobada-la-oferta-de-empleo-publico-2020\/"},"wordCount":269,"image":{"@id":"https:\/\/www.caudete.org\/ayuntamiento\/aprobada-la-oferta-de-empleo-publico-2020\/#primaryimage"},"thumbnailUrl":"https:\/\/www.caudete.org\/ayuntamiento\/wp-content\/uploads\/2021\/04\/WhatsApp-Image-2021-04-07-at-07.22.33.jpeg","articleSection":["Recursos Humanos"],"inLanguage":"es"},{"@type":"WebPage","@id":"https:\/\/www.caudete.org\/ayuntamiento\/aprobada-la-oferta-de-empleo-publico-2020\/","url":"https:\/\/www.caudete.org\/ayuntamiento\/aprobada-la-oferta-de-empleo-publico-2020\/","name":"Aprobada la Oferta de Empleo P\u00fablico 2020 - MI Ayuntamiento de Caudete","isPartOf":{"@id":"https:\/\/www.caudete.org\/ayuntamiento\/#website"},"primaryImageOfPage":{"@id":"https:\/\/www.caudete.org\/ayuntamiento\/aprobada-la-oferta-de-empleo-publico-2020\/#primaryimage"},"image":{"@id":"https:\/\/www.caudete.org\/ayuntamiento\/aprobada-la-oferta-de-empleo-publico-2020\/#primaryimage"},"thumbnailUrl":"https:\/\/www.caudete.org\/ayuntamiento\/wp-content\/uploads\/2021\/04\/WhatsApp-Image-2021-04-07-at-07.22.33.jpeg","datePublished":"2021-04-07T05:45:21+00:00","dateModified":"2021-04-07T05:46:28+00:00","author":{"@id":"https:\/\/www.caudete.org\/ayuntamiento\/#\/schema\/person\/cc646da9133078ee4d8dd47457947253"},"description":"P\u00e1gina Oficial del Ayuntamiento de Caudete (Albacete)","breadcrumb":{"@id":"https:\/\/www.caudete.org\/ayuntamiento\/aprobada-la-oferta-de-empleo-publico-2020\/#breadcrumb"},"inLanguage":"es","potentialAction":[{"@type":"ReadAction","target":["https:\/\/www.caudete.org\/ayuntamiento\/aprobada-la-oferta-de-empleo-publico-2020\/"]}]},{"@type":"ImageObject","inLanguage":"es","@id":"https:\/\/www.caudete.org\/ayuntamiento\/aprobada-la-oferta-de-empleo-publico-2020\/#primaryimage","url":"https:\/\/www.caudete.org\/ayuntamiento\/wp-content\/uploads\/2021\/04\/WhatsApp-Image-2021-04-07-at-07.22.33.jpeg","contentUrl":"https:\/\/www.caudete.org\/ayuntamiento\/wp-content\/uploads\/2021\/04\/WhatsApp-Image-2021-04-07-at-07.22.33.jpeg","width":1257,"height":584},{"@type":"BreadcrumbList","@id":"https:\/\/www.caudete.org\/ayuntamiento\/aprobada-la-oferta-de-empleo-publico-2020\/#breadcrumb","itemListElement":[{"@type":"ListItem","position":1,"name":"Inicio","item":"https:\/\/www.caudete.org\/ayuntamiento\/"},{"@type":"ListItem","position":2,"name":"Aprobada la Oferta de Empleo P\u00fablico 2020"}]},{"@type":"WebSite","@id":"https:\/\/www.caudete.org\/ayuntamiento\/#website","url":"https:\/\/www.caudete.org\/ayuntamiento\/","name":"MI Ayuntamiento de Caudete","description":"P\u00e1gina Oficial del MI Ayuntamiento de Caudete","potentialAction":[{"@type":"SearchAction","target":{"@type":"EntryPoint","urlTemplate":"https:\/\/www.caudete.org\/ayuntamiento\/?s={search_term_string}"},"query-input":{"@type":"PropertyValueSpecification","valueRequired":true,"valueName":"search_term_string"}}],"inLanguage":"es"},{"@type":"Person","@id":"https:\/\/www.caudete.org\/ayuntamiento\/#\/schema\/person\/cc646da9133078ee4d8dd47457947253","name":"alcalde","image":{"@type":"ImageObject","inLanguage":"es","@id":"https:\/\/secure.gravatar.com\/avatar\/84a817ba065b29ff08d666b215a215f5c79186a645ccb25b14a663d48a130f77?s=96&d=mm&r=g","url":"https:\/\/secure.gravatar.com\/avatar\/84a817ba065b29ff08d666b215a215f5c79186a645ccb25b14a663d48a130f77?s=96&d=mm&r=g","contentUrl":"https:\/\/secure.gravatar.com\/avatar\/84a817ba065b29ff08d666b215a215f5c79186a645ccb25b14a663d48a130f77?s=96&d=mm&r=g","caption":"alcalde"},"url":"https:\/\/www.caudete.org\/ayuntamiento\/author\/alcalde\/"}]}},"_links":{"self":[{"href":"https:\/\/www.caudete.org\/ayuntamiento\/wp-json\/wp\/v2\/posts\/13747","targetHints":{"allow":["GET"]}}],"collection":[{"href":"https:\/\/www.caudete.org\/ayuntamiento\/wp-json\/wp\/v2\/posts"}],"about":[{"href":"https:\/\/www.caudete.org\/ayuntamiento\/wp-json\/wp\/v2\/types\/post"}],"author":[{"embeddable":true,"href":"https:\/\/www.caudete.org\/ayuntamiento\/wp-json\/wp\/v2\/users\/3"}],"replies":[{"embeddable":true,"href":"https:\/\/www.caudete.org\/ayuntamiento\/wp-json\/wp\/v2\/comments?post=13747"}],"version-history":[{"count":2,"href":"https:\/\/www.caudete.org\/ayuntamiento\/wp-json\/wp\/v2\/posts\/13747\/revisions"}],"predecessor-version":[{"id":13750,"href":"https:\/\/www.caudete.org\/ayuntamiento\/wp-json\/wp\/v2\/posts\/13747\/revisions\/13750"}],"wp:featuredmedia":[{"embeddable":true,"href":"https:\/\/www.caudete.org\/ayuntamiento\/wp-json\/wp\/v2\/media\/13748"}],"wp:attachment":[{"href":"https:\/\/www.caudete.org\/ayuntamiento\/wp-json\/wp\/v2\/media?parent=13747"}],"wp:term":[{"taxonomy":"category","embeddable":true,"href":"https:\/\/www.caudete.org\/ayuntamiento\/wp-json\/wp\/v2\/categories?post=13747"},{"taxonomy":"post_tag","embeddable":true,"href":"https:\/\/www.caudete.org\/ayuntamiento\/wp-json\/wp\/v2\/tags?post=13747"}],"curies":[{"name":"wp","href":"https:\/\/api.w.org\/{rel}","templated":true}]}}