{"id":13756,"date":"2021-04-07T12:27:38","date_gmt":"2021-04-07T10:27:38","guid":{"rendered":"https:\/\/www.caudete.org\/ayuntamiento\/?p=13756"},"modified":"2021-04-07T12:33:27","modified_gmt":"2021-04-07T10:33:27","slug":"curso-sobre-gestion-administrativa-y-financiera-del-comercio-internacional-2","status":"publish","type":"post","link":"https:\/\/www.caudete.org\/ayuntamiento\/curso-sobre-gestion-administrativa-y-financiera-del-comercio-internacional-2\/","title":{"rendered":"Curso sobre GESTI\u00d3N ADMINISTRATIVA Y FINANCIERA DEL COMERCIO INTERNACIONAL"},"content":{"rendered":"<p>La Concejal de Empleo y Formaci\u00f3n, M\u00aa del Mar Requena ha informado hoy de un curso sobre GESTI\u00d3N ADMINISTRATIVA Y FINANCIERA DEL COMERCIO INTERNACIONAL ofertado por Feda.<\/p>\n<p>Con este Certificado de Profesionalidad aprender\u00e1s a realizar la gesti\u00f3n administrativa y financiera, as\u00ed como la de los medios de cobro y pago en las operaciones de comercio internacional, de acuerdo con objetivos y procedimientos establecidos.<\/p>\n<p><span style=\"text-decoration: underline;\"><strong>Informaci\u00f3n adicional<\/strong><\/span><\/p>\n<p><strong>Localidad de impartici\u00f3n:<\/strong> Albacete<br \/>\n<strong>Modalidad:<\/strong> Formaci\u00f3n presencial<br \/>\n<strong>Duraci\u00f3n \/ horas:<\/strong> 630<br \/>\n<strong>Fecha de inicio:<\/strong> Lunes, 12 Abril 2021<br \/>\n<strong>Lugar:<\/strong> C\/ de los Empresarios, 6 &#8211; 02005 Albacete<\/p>\n<p><strong>INSCRIBIRSE EN EL CURSO<\/strong><br \/>\n<a href=\"https:\/\/www.feda.es\/datos-de-acceso?return=aW5kZXgucGhwP29wdGlvbj1jb21fZmVkYWluc2NyaXBjaW9u\" target=\"_blank\" rel=\"nofollow\">https:\/\/www.feda.es\/datos-de-acceso?return=aW5kZXgucGhwP29wdGlvbj1jb21fZmVkYWluc2NyaXBjaW9u<\/a><\/p>\n<p><strong>TODA LA INFORMACION<\/strong><br \/>\n<a href=\"https:\/\/www.feda.es\/formacion-para-el-empleo\/item\/11155?utm_source=BenchmarkEmail&amp;utm_campaign=CP_Gesti%c3%b3n_Administrativa_del_Comercio_Internacional_(interesados_%c3%a1rea_internacional)&amp;utm_medium=email\" target=\"_blank\" rel=\"nofollow\">https:\/\/www.feda.es\/formacion-para-el-empleo\/item\/11155?utm_source=BenchmarkEmail&amp;utm_campaign=CP_Gesti%c3%b3n_Administrativa_del_Comercio_Internacional_(interesados_%c3%a1rea_internacional)&amp;utm_medium=email<\/a><\/p>\n<p><strong>FICHA COMERCIO INTERNACIONAL<\/strong><\/p>\n<p><a href=\"https:\/\/www.caudete.org\/ayuntamiento\/wp-content\/uploads\/2021\/04\/FICHA-COMERCIO-INTERNACIONAL-.pdf\" class=\"mtli_attachment mtli_pdf\">https:\/\/www.caudete.org\/ayuntamiento\/wp-content\/uploads\/2021\/04\/FICHA-COMERCIO-INTERNACIONAL-.pdf<\/a><\/p>\n","protected":false},"excerpt":{"rendered":"<p>La Concejal de Empleo y Formaci\u00f3n, M\u00aa del Mar Requena ha informado hoy de un curso sobre GESTI\u00d3N ADMINISTRATIVA Y FINANCIERA DEL COMERCIO INTERNACIONAL ofertado por Feda. Con este Certificado de Profesionalidad aprender\u00e1s a realizar la gesti\u00f3n administrativa y financiera, as\u00ed como la de los medios de cobro y pago en las operaciones de comercio &hellip;<\/p>\n","protected":false},"author":2,"featured_media":13754,"comment_status":"closed","ping_status":"open","sticky":false,"template":"","format":"standard","meta":{"ngg_post_thumbnail":0,"footnotes":""},"categories":[90],"tags":[590,589],"class_list":["post-13756","post","type-post","status-publish","format-standard","has-post-thumbnail","hentry","category-tablon-informativo-desarrollo-local","tag-curso-comercio-intenacional","tag-feda"],"yoast_head":"<!-- This site is optimized with the Yoast SEO plugin v27.4 - https:\/\/yoast.com\/product\/yoast-seo-wordpress\/ -->\n<title>Curso sobre GESTI\u00d3N ADMINISTRATIVA Y FINANCIERA DEL COMERCIO INTERNACIONAL - MI Ayuntamiento de Caudete<\/title>\n<meta name=\"description\" content=\"P\u00e1gina Oficial del Ayuntamiento de Caudete (Albacete)\" \/>\n<meta name=\"robots\" content=\"index, follow, max-snippet:-1, max-image-preview:large, max-video-preview:-1\" \/>\n<link rel=\"canonical\" href=\"https:\/\/www.caudete.org\/ayuntamiento\/curso-sobre-gestion-administrativa-y-financiera-del-comercio-internacional-2\/\" \/>\n<meta property=\"og:locale\" content=\"es_ES\" \/>\n<meta property=\"og:type\" content=\"article\" \/>\n<meta property=\"og:title\" content=\"Curso sobre GESTI\u00d3N ADMINISTRATIVA Y FINANCIERA DEL COMERCIO INTERNACIONAL - MI Ayuntamiento de Caudete\" \/>\n<meta property=\"og:description\" content=\"P\u00e1gina Oficial del Ayuntamiento de Caudete (Albacete)\" \/>\n<meta property=\"og:url\" content=\"https:\/\/www.caudete.org\/ayuntamiento\/curso-sobre-gestion-administrativa-y-financiera-del-comercio-internacional-2\/\" \/>\n<meta property=\"og:site_name\" content=\"MI Ayuntamiento de Caudete\" \/>\n<meta property=\"article:publisher\" content=\"https:\/\/www.facebook.com\/ayuntamientocaudete\/\" \/>\n<meta property=\"article:published_time\" content=\"2021-04-07T10:27:38+00:00\" \/>\n<meta property=\"article:modified_time\" content=\"2021-04-07T10:33:27+00:00\" \/>\n<meta property=\"og:image\" content=\"https:\/\/www.caudete.org\/ayuntamiento\/wp-content\/uploads\/2021\/04\/CARTEL-feda.jpg\" \/>\n\t<meta property=\"og:image:width\" content=\"864\" \/>\n\t<meta property=\"og:image:height\" content=\"380\" \/>\n\t<meta property=\"og:image:type\" content=\"image\/jpeg\" \/>\n<meta name=\"author\" content=\"Juan\" \/>\n<meta name=\"twitter:card\" content=\"summary_large_image\" \/>\n<meta name=\"twitter:label1\" content=\"Escrito por\" \/>\n\t<meta name=\"twitter:data1\" content=\"Juan\" \/>\n\t<meta name=\"twitter:label2\" content=\"Tiempo de lectura\" \/>\n\t<meta name=\"twitter:data2\" content=\"1 minuto\" \/>\n<script type=\"application\/ld+json\" class=\"yoast-schema-graph\">{\"@context\":\"https:\\\/\\\/schema.org\",\"@graph\":[{\"@type\":\"Article\",\"@id\":\"https:\\\/\\\/www.caudete.org\\\/ayuntamiento\\\/curso-sobre-gestion-administrativa-y-financiera-del-comercio-internacional-2\\\/#article\",\"isPartOf\":{\"@id\":\"https:\\\/\\\/www.caudete.org\\\/ayuntamiento\\\/curso-sobre-gestion-administrativa-y-financiera-del-comercio-internacional-2\\\/\"},\"author\":{\"name\":\"Juan\",\"@id\":\"https:\\\/\\\/www.caudete.org\\\/ayuntamiento\\\/#\\\/schema\\\/person\\\/7656a5bb58fca95b9814e940de0fda63\"},\"headline\":\"Curso sobre GESTI\u00d3N ADMINISTRATIVA Y FINANCIERA DEL COMERCIO INTERNACIONAL\",\"datePublished\":\"2021-04-07T10:27:38+00:00\",\"dateModified\":\"2021-04-07T10:33:27+00:00\",\"mainEntityOfPage\":{\"@id\":\"https:\\\/\\\/www.caudete.org\\\/ayuntamiento\\\/curso-sobre-gestion-administrativa-y-financiera-del-comercio-internacional-2\\\/\"},\"wordCount\":166,\"publisher\":{\"@id\":\"https:\\\/\\\/www.caudete.org\\\/ayuntamiento\\\/#organization\"},\"image\":{\"@id\":\"https:\\\/\\\/www.caudete.org\\\/ayuntamiento\\\/curso-sobre-gestion-administrativa-y-financiera-del-comercio-internacional-2\\\/#primaryimage\"},\"thumbnailUrl\":\"https:\\\/\\\/www.caudete.org\\\/ayuntamiento\\\/wp-content\\\/uploads\\\/2021\\\/04\\\/CARTEL-feda.jpg\",\"keywords\":[\"Curso Comercio Intenacional\",\"Feda\"],\"articleSection\":[\"Tabl\u00f3n informativo (Desarrollo local)\"],\"inLanguage\":\"es\"},{\"@type\":\"WebPage\",\"@id\":\"https:\\\/\\\/www.caudete.org\\\/ayuntamiento\\\/curso-sobre-gestion-administrativa-y-financiera-del-comercio-internacional-2\\\/\",\"url\":\"https:\\\/\\\/www.caudete.org\\\/ayuntamiento\\\/curso-sobre-gestion-administrativa-y-financiera-del-comercio-internacional-2\\\/\",\"name\":\"Curso sobre GESTI\u00d3N ADMINISTRATIVA Y FINANCIERA DEL COMERCIO INTERNACIONAL - MI Ayuntamiento de Caudete\",\"isPartOf\":{\"@id\":\"https:\\\/\\\/www.caudete.org\\\/ayuntamiento\\\/#website\"},\"primaryImageOfPage\":{\"@id\":\"https:\\\/\\\/www.caudete.org\\\/ayuntamiento\\\/curso-sobre-gestion-administrativa-y-financiera-del-comercio-internacional-2\\\/#primaryimage\"},\"image\":{\"@id\":\"https:\\\/\\\/www.caudete.org\\\/ayuntamiento\\\/curso-sobre-gestion-administrativa-y-financiera-del-comercio-internacional-2\\\/#primaryimage\"},\"thumbnailUrl\":\"https:\\\/\\\/www.caudete.org\\\/ayuntamiento\\\/wp-content\\\/uploads\\\/2021\\\/04\\\/CARTEL-feda.jpg\",\"datePublished\":\"2021-04-07T10:27:38+00:00\",\"dateModified\":\"2021-04-07T10:33:27+00:00\",\"description\":\"P\u00e1gina Oficial del Ayuntamiento de Caudete (Albacete)\",\"breadcrumb\":{\"@id\":\"https:\\\/\\\/www.caudete.org\\\/ayuntamiento\\\/curso-sobre-gestion-administrativa-y-financiera-del-comercio-internacional-2\\\/#breadcrumb\"},\"inLanguage\":\"es\",\"potentialAction\":[{\"@type\":\"ReadAction\",\"target\":[\"https:\\\/\\\/www.caudete.org\\\/ayuntamiento\\\/curso-sobre-gestion-administrativa-y-financiera-del-comercio-internacional-2\\\/\"]}]},{\"@type\":\"ImageObject\",\"inLanguage\":\"es\",\"@id\":\"https:\\\/\\\/www.caudete.org\\\/ayuntamiento\\\/curso-sobre-gestion-administrativa-y-financiera-del-comercio-internacional-2\\\/#primaryimage\",\"url\":\"https:\\\/\\\/www.caudete.org\\\/ayuntamiento\\\/wp-content\\\/uploads\\\/2021\\\/04\\\/CARTEL-feda.jpg\",\"contentUrl\":\"https:\\\/\\\/www.caudete.org\\\/ayuntamiento\\\/wp-content\\\/uploads\\\/2021\\\/04\\\/CARTEL-feda.jpg\",\"width\":864,\"height\":380},{\"@type\":\"BreadcrumbList\",\"@id\":\"https:\\\/\\\/www.caudete.org\\\/ayuntamiento\\\/curso-sobre-gestion-administrativa-y-financiera-del-comercio-internacional-2\\\/#breadcrumb\",\"itemListElement\":[{\"@type\":\"ListItem\",\"position\":1,\"name\":\"Inicio\",\"item\":\"https:\\\/\\\/www.caudete.org\\\/ayuntamiento\\\/\"},{\"@type\":\"ListItem\",\"position\":2,\"name\":\"Curso sobre GESTI\u00d3N ADMINISTRATIVA Y FINANCIERA DEL COMERCIO INTERNACIONAL\"}]},{\"@type\":\"WebSite\",\"@id\":\"https:\\\/\\\/www.caudete.org\\\/ayuntamiento\\\/#website\",\"url\":\"https:\\\/\\\/www.caudete.org\\\/ayuntamiento\\\/\",\"name\":\"MI Ayuntamiento de Caudete\",\"description\":\"P\u00e1gina Oficial del MI Ayuntamiento de Caudete\",\"publisher\":{\"@id\":\"https:\\\/\\\/www.caudete.org\\\/ayuntamiento\\\/#organization\"},\"potentialAction\":[{\"@type\":\"SearchAction\",\"target\":{\"@type\":\"EntryPoint\",\"urlTemplate\":\"https:\\\/\\\/www.caudete.org\\\/ayuntamiento\\\/?s={search_term_string}\"},\"query-input\":{\"@type\":\"PropertyValueSpecification\",\"valueRequired\":true,\"valueName\":\"search_term_string\"}}],\"inLanguage\":\"es\"},{\"@type\":\"Organization\",\"@id\":\"https:\\\/\\\/www.caudete.org\\\/ayuntamiento\\\/#organization\",\"name\":\"Ayuntamiento de Caudete\",\"url\":\"https:\\\/\\\/www.caudete.org\\\/ayuntamiento\\\/\",\"logo\":{\"@type\":\"ImageObject\",\"inLanguage\":\"es\",\"@id\":\"https:\\\/\\\/www.caudete.org\\\/ayuntamiento\\\/#\\\/schema\\\/logo\\\/image\\\/\",\"url\":\"https:\\\/\\\/www.caudete.org\\\/ayuntamiento\\\/wp-content\\\/uploads\\\/2020\\\/11\\\/logo_ayuntamiento_caudete.jpg\",\"contentUrl\":\"https:\\\/\\\/www.caudete.org\\\/ayuntamiento\\\/wp-content\\\/uploads\\\/2020\\\/11\\\/logo_ayuntamiento_caudete.jpg\",\"width\":600,\"height\":150,\"caption\":\"Ayuntamiento de Caudete\"},\"image\":{\"@id\":\"https:\\\/\\\/www.caudete.org\\\/ayuntamiento\\\/#\\\/schema\\\/logo\\\/image\\\/\"},\"sameAs\":[\"https:\\\/\\\/www.facebook.com\\\/ayuntamientocaudete\\\/\",\"https:\\\/\\\/www.youtube.com\\\/channel\\\/UC6VztHaooNsGpw-tNoBEFnQ\"]},{\"@type\":\"Person\",\"@id\":\"https:\\\/\\\/www.caudete.org\\\/ayuntamiento\\\/#\\\/schema\\\/person\\\/7656a5bb58fca95b9814e940de0fda63\",\"name\":\"Juan\",\"image\":{\"@type\":\"ImageObject\",\"inLanguage\":\"es\",\"@id\":\"https:\\\/\\\/secure.gravatar.com\\\/avatar\\\/dd53e51c0cd6ab23f52d4f3e4f1c59730240727763de3dbbf26750b079a2c292?s=96&d=mm&r=g\",\"url\":\"https:\\\/\\\/secure.gravatar.com\\\/avatar\\\/dd53e51c0cd6ab23f52d4f3e4f1c59730240727763de3dbbf26750b079a2c292?s=96&d=mm&r=g\",\"contentUrl\":\"https:\\\/\\\/secure.gravatar.com\\\/avatar\\\/dd53e51c0cd6ab23f52d4f3e4f1c59730240727763de3dbbf26750b079a2c292?s=96&d=mm&r=g\",\"caption\":\"Juan\"},\"url\":\"https:\\\/\\\/www.caudete.org\\\/ayuntamiento\\\/author\\\/centrodeinternet\\\/\"}]}<\/script>\n<!-- \/ Yoast SEO plugin. -->","yoast_head_json":{"title":"Curso sobre GESTI\u00d3N ADMINISTRATIVA Y FINANCIERA DEL COMERCIO INTERNACIONAL - MI Ayuntamiento de Caudete","description":"P\u00e1gina Oficial del Ayuntamiento de Caudete (Albacete)","robots":{"index":"index","follow":"follow","max-snippet":"max-snippet:-1","max-image-preview":"max-image-preview:large","max-video-preview":"max-video-preview:-1"},"canonical":"https:\/\/www.caudete.org\/ayuntamiento\/curso-sobre-gestion-administrativa-y-financiera-del-comercio-internacional-2\/","og_locale":"es_ES","og_type":"article","og_title":"Curso sobre GESTI\u00d3N ADMINISTRATIVA Y FINANCIERA DEL COMERCIO INTERNACIONAL - MI Ayuntamiento de Caudete","og_description":"P\u00e1gina Oficial del Ayuntamiento de Caudete (Albacete)","og_url":"https:\/\/www.caudete.org\/ayuntamiento\/curso-sobre-gestion-administrativa-y-financiera-del-comercio-internacional-2\/","og_site_name":"MI Ayuntamiento de Caudete","article_publisher":"https:\/\/www.facebook.com\/ayuntamientocaudete\/","article_published_time":"2021-04-07T10:27:38+00:00","article_modified_time":"2021-04-07T10:33:27+00:00","og_image":[{"width":864,"height":380,"url":"https:\/\/www.caudete.org\/ayuntamiento\/wp-content\/uploads\/2021\/04\/CARTEL-feda.jpg","type":"image\/jpeg"}],"author":"Juan","twitter_card":"summary_large_image","twitter_misc":{"Escrito por":"Juan","Tiempo de lectura":"1 minuto"},"schema":{"@context":"https:\/\/schema.org","@graph":[{"@type":"Article","@id":"https:\/\/www.caudete.org\/ayuntamiento\/curso-sobre-gestion-administrativa-y-financiera-del-comercio-internacional-2\/#article","isPartOf":{"@id":"https:\/\/www.caudete.org\/ayuntamiento\/curso-sobre-gestion-administrativa-y-financiera-del-comercio-internacional-2\/"},"author":{"name":"Juan","@id":"https:\/\/www.caudete.org\/ayuntamiento\/#\/schema\/person\/7656a5bb58fca95b9814e940de0fda63"},"headline":"Curso sobre GESTI\u00d3N ADMINISTRATIVA Y FINANCIERA DEL COMERCIO INTERNACIONAL","datePublished":"2021-04-07T10:27:38+00:00","dateModified":"2021-04-07T10:33:27+00:00","mainEntityOfPage":{"@id":"https:\/\/www.caudete.org\/ayuntamiento\/curso-sobre-gestion-administrativa-y-financiera-del-comercio-internacional-2\/"},"wordCount":166,"publisher":{"@id":"https:\/\/www.caudete.org\/ayuntamiento\/#organization"},"image":{"@id":"https:\/\/www.caudete.org\/ayuntamiento\/curso-sobre-gestion-administrativa-y-financiera-del-comercio-internacional-2\/#primaryimage"},"thumbnailUrl":"https:\/\/www.caudete.org\/ayuntamiento\/wp-content\/uploads\/2021\/04\/CARTEL-feda.jpg","keywords":["Curso Comercio Intenacional","Feda"],"articleSection":["Tabl\u00f3n informativo (Desarrollo local)"],"inLanguage":"es"},{"@type":"WebPage","@id":"https:\/\/www.caudete.org\/ayuntamiento\/curso-sobre-gestion-administrativa-y-financiera-del-comercio-internacional-2\/","url":"https:\/\/www.caudete.org\/ayuntamiento\/curso-sobre-gestion-administrativa-y-financiera-del-comercio-internacional-2\/","name":"Curso sobre GESTI\u00d3N ADMINISTRATIVA Y FINANCIERA DEL COMERCIO INTERNACIONAL - MI Ayuntamiento de Caudete","isPartOf":{"@id":"https:\/\/www.caudete.org\/ayuntamiento\/#website"},"primaryImageOfPage":{"@id":"https:\/\/www.caudete.org\/ayuntamiento\/curso-sobre-gestion-administrativa-y-financiera-del-comercio-internacional-2\/#primaryimage"},"image":{"@id":"https:\/\/www.caudete.org\/ayuntamiento\/curso-sobre-gestion-administrativa-y-financiera-del-comercio-internacional-2\/#primaryimage"},"thumbnailUrl":"https:\/\/www.caudete.org\/ayuntamiento\/wp-content\/uploads\/2021\/04\/CARTEL-feda.jpg","datePublished":"2021-04-07T10:27:38+00:00","dateModified":"2021-04-07T10:33:27+00:00","description":"P\u00e1gina Oficial del Ayuntamiento de Caudete (Albacete)","breadcrumb":{"@id":"https:\/\/www.caudete.org\/ayuntamiento\/curso-sobre-gestion-administrativa-y-financiera-del-comercio-internacional-2\/#breadcrumb"},"inLanguage":"es","potentialAction":[{"@type":"ReadAction","target":["https:\/\/www.caudete.org\/ayuntamiento\/curso-sobre-gestion-administrativa-y-financiera-del-comercio-internacional-2\/"]}]},{"@type":"ImageObject","inLanguage":"es","@id":"https:\/\/www.caudete.org\/ayuntamiento\/curso-sobre-gestion-administrativa-y-financiera-del-comercio-internacional-2\/#primaryimage","url":"https:\/\/www.caudete.org\/ayuntamiento\/wp-content\/uploads\/2021\/04\/CARTEL-feda.jpg","contentUrl":"https:\/\/www.caudete.org\/ayuntamiento\/wp-content\/uploads\/2021\/04\/CARTEL-feda.jpg","width":864,"height":380},{"@type":"BreadcrumbList","@id":"https:\/\/www.caudete.org\/ayuntamiento\/curso-sobre-gestion-administrativa-y-financiera-del-comercio-internacional-2\/#breadcrumb","itemListElement":[{"@type":"ListItem","position":1,"name":"Inicio","item":"https:\/\/www.caudete.org\/ayuntamiento\/"},{"@type":"ListItem","position":2,"name":"Curso sobre GESTI\u00d3N ADMINISTRATIVA Y FINANCIERA DEL COMERCIO INTERNACIONAL"}]},{"@type":"WebSite","@id":"https:\/\/www.caudete.org\/ayuntamiento\/#website","url":"https:\/\/www.caudete.org\/ayuntamiento\/","name":"MI Ayuntamiento de Caudete","description":"P\u00e1gina Oficial del MI Ayuntamiento de Caudete","publisher":{"@id":"https:\/\/www.caudete.org\/ayuntamiento\/#organization"},"potentialAction":[{"@type":"SearchAction","target":{"@type":"EntryPoint","urlTemplate":"https:\/\/www.caudete.org\/ayuntamiento\/?s={search_term_string}"},"query-input":{"@type":"PropertyValueSpecification","valueRequired":true,"valueName":"search_term_string"}}],"inLanguage":"es"},{"@type":"Organization","@id":"https:\/\/www.caudete.org\/ayuntamiento\/#organization","name":"Ayuntamiento de Caudete","url":"https:\/\/www.caudete.org\/ayuntamiento\/","logo":{"@type":"ImageObject","inLanguage":"es","@id":"https:\/\/www.caudete.org\/ayuntamiento\/#\/schema\/logo\/image\/","url":"https:\/\/www.caudete.org\/ayuntamiento\/wp-content\/uploads\/2020\/11\/logo_ayuntamiento_caudete.jpg","contentUrl":"https:\/\/www.caudete.org\/ayuntamiento\/wp-content\/uploads\/2020\/11\/logo_ayuntamiento_caudete.jpg","width":600,"height":150,"caption":"Ayuntamiento de Caudete"},"image":{"@id":"https:\/\/www.caudete.org\/ayuntamiento\/#\/schema\/logo\/image\/"},"sameAs":["https:\/\/www.facebook.com\/ayuntamientocaudete\/","https:\/\/www.youtube.com\/channel\/UC6VztHaooNsGpw-tNoBEFnQ"]},{"@type":"Person","@id":"https:\/\/www.caudete.org\/ayuntamiento\/#\/schema\/person\/7656a5bb58fca95b9814e940de0fda63","name":"Juan","image":{"@type":"ImageObject","inLanguage":"es","@id":"https:\/\/secure.gravatar.com\/avatar\/dd53e51c0cd6ab23f52d4f3e4f1c59730240727763de3dbbf26750b079a2c292?s=96&d=mm&r=g","url":"https:\/\/secure.gravatar.com\/avatar\/dd53e51c0cd6ab23f52d4f3e4f1c59730240727763de3dbbf26750b079a2c292?s=96&d=mm&r=g","contentUrl":"https:\/\/secure.gravatar.com\/avatar\/dd53e51c0cd6ab23f52d4f3e4f1c59730240727763de3dbbf26750b079a2c292?s=96&d=mm&r=g","caption":"Juan"},"url":"https:\/\/www.caudete.org\/ayuntamiento\/author\/centrodeinternet\/"}]}},"_links":{"self":[{"href":"https:\/\/www.caudete.org\/ayuntamiento\/wp-json\/wp\/v2\/posts\/13756","targetHints":{"allow":["GET"]}}],"collection":[{"href":"https:\/\/www.caudete.org\/ayuntamiento\/wp-json\/wp\/v2\/posts"}],"about":[{"href":"https:\/\/www.caudete.org\/ayuntamiento\/wp-json\/wp\/v2\/types\/post"}],"author":[{"embeddable":true,"href":"https:\/\/www.caudete.org\/ayuntamiento\/wp-json\/wp\/v2\/users\/2"}],"replies":[{"embeddable":true,"href":"https:\/\/www.caudete.org\/ayuntamiento\/wp-json\/wp\/v2\/comments?post=13756"}],"version-history":[{"count":3,"href":"https:\/\/www.caudete.org\/ayuntamiento\/wp-json\/wp\/v2\/posts\/13756\/revisions"}],"predecessor-version":[{"id":13763,"href":"https:\/\/www.caudete.org\/ayuntamiento\/wp-json\/wp\/v2\/posts\/13756\/revisions\/13763"}],"wp:featuredmedia":[{"embeddable":true,"href":"https:\/\/www.caudete.org\/ayuntamiento\/wp-json\/wp\/v2\/media\/13754"}],"wp:attachment":[{"href":"https:\/\/www.caudete.org\/ayuntamiento\/wp-json\/wp\/v2\/media?parent=13756"}],"wp:term":[{"taxonomy":"category","embeddable":true,"href":"https:\/\/www.caudete.org\/ayuntamiento\/wp-json\/wp\/v2\/categories?post=13756"},{"taxonomy":"post_tag","embeddable":true,"href":"https:\/\/www.caudete.org\/ayuntamiento\/wp-json\/wp\/v2\/tags?post=13756"}],"curies":[{"name":"wp","href":"https:\/\/api.w.org\/{rel}","templated":true}]}}