{"id":13800,"date":"2021-04-09T18:37:23","date_gmt":"2021-04-09T16:37:23","guid":{"rendered":"https:\/\/www.caudete.org\/ayuntamiento\/?p=13800"},"modified":"2021-04-09T19:00:56","modified_gmt":"2021-04-09T17:00:56","slug":"la-antigua-sala-de-la-asociacion-de-comparsas-acogera-el-nuevo-centro-joven","status":"publish","type":"post","link":"https:\/\/www.caudete.org\/ayuntamiento\/la-antigua-sala-de-la-asociacion-de-comparsas-acogera-el-nuevo-centro-joven\/","title":{"rendered":"La antigua Sala de la Asociaci\u00f3n de Comparsas acoger\u00e1 el nuevo CENTRO JOVEN"},"content":{"rendered":"<p><a href=\"https:\/\/www.caudete.org\/ayuntamiento\/wp-content\/uploads\/2021\/04\/asociacion2.jpg\" rel='prettyPhoto'><img fetchpriority=\"high\" decoding=\"async\" class=\"aligncenter wp-image-13827 size-medium\" src=\"https:\/\/www.caudete.org\/ayuntamiento\/wp-content\/uploads\/2021\/04\/asociacion2-300x200.jpg\" alt=\"\" width=\"300\" height=\"200\" srcset=\"https:\/\/www.caudete.org\/ayuntamiento\/wp-content\/uploads\/2021\/04\/asociacion2-300x200.jpg 300w, https:\/\/www.caudete.org\/ayuntamiento\/wp-content\/uploads\/2021\/04\/asociacion2-1024x683.jpg 1024w, https:\/\/www.caudete.org\/ayuntamiento\/wp-content\/uploads\/2021\/04\/asociacion2-768x512.jpg 768w, https:\/\/www.caudete.org\/ayuntamiento\/wp-content\/uploads\/2021\/04\/asociacion2.jpg 1200w\" sizes=\"(max-width: 300px) 100vw, 300px\" \/><\/a><\/p>\n<p style=\"text-align: justify;\">Esta ma\u00f1ana anunciaba el Equipo de Gobierno el proyecto de <strong>recuperaci\u00f3n de la antigua Sala de la Asociaci\u00f3n de Comparsas<\/strong>, como espacio multifuncional,<strong> donde el Centro Joven ser\u00e1 protagonista<\/strong>, traslad\u00e1ndose all\u00ed sus instalaciones, las cuales ver\u00e1n mejorar la oferta y las infraestructuras que ofrecer a los j\u00f3venes.<\/p>\n<p style=\"text-align: justify;\">Supone por tanto empezar a materializar un proyecto muy demandado entre la poblaci\u00f3n, con el que el Equipo de Gobierno se comprometi\u00f3 a realizar en la presente legislatura, y donde llevan trabajando desde el inicio de la misma.<\/p>\n<p style=\"text-align: justify;\">La Sala de Prensa del Ayuntamiento de Caudete ha acogido la presentaci\u00f3n oficial a los medios, expuestas por el Alcalde, y responsable actual del \u00e1rea de Juventud, Mois\u00e9s L\u00f3pez,\u00a0 la Concejal responsable del Departamento de Desarrollo Local, Mar\u00eda del Mar Requena, y las responsables de ambos departamentos, Mercedes Puche y Elia Lac\u00e1rcel, respectivamente.<\/p>\n<p style=\"text-align: justify;\">Este proyecto va a permitir recuperar el uso y la actividad de un edificio que ha supuesto un hito en la historia reciente de la localidad, puesto que hasta su cierre hace algo m\u00e1s de una d\u00e9cada, sirvi\u00f3 para acoger celebraciones de todo tipo, tanto culturales, festivas, ocio y de celebraciones. Para ello, el Ayuntamiento ha establecido un acuerdo con su propietario, la Fundaci\u00f3n Ben\u00e9fica Mart\u00ednez-Teresa y Ruiz, mediante un arrendamiento que posibilitar\u00e1 el uso por parte de los caudetanos.<\/p>\n<p style=\"text-align: justify;\">El proyecto, se dividir\u00e1 en dos fases de actuaci\u00f3n, siendo la primera para iniciarse en 2021, y centrada en acoger al Centro Joven, Oficina de Informaci\u00f3n Juvenil, y la Oficina de Desarrollo Local. La ubicaci\u00f3n de ello, se localiza en la zona que ocupaba anteriormente el Bar, Restaurante, Cocina, Patio y parte de la Sala anexa a todos estos, con un proyecto valorado en 100.000\u20ac<\/p>\n<p style=\"text-align: justify;\">Para esta primera actuaci\u00f3n, el Consistorio caudetano se acog\u00eda esta semana la Convocatoria de Subvenciones del Programa LEADER 2014-2020 que gestiona el Grupo de Acci\u00f3n Local de la Mancomunidad Monteib\u00e9rico-Corredor de Almansa\u00a0 (organismo al que pertenece nuestro Ayuntamiento), donde se podr\u00eda conseguir hasta un 90% de financiaci\u00f3n, siendo el resto asumida por las arcas municipales.<\/p>\n<p style=\"text-align: justify;\">La segunda fase, se prev\u00e9 para el a\u00f1o 2022, y comprender\u00e1 el resto del inmueble, donde se localiza el espacio multifuncional de La Sala, junto a su escenario, y acoger\u00eda espacio para desarrollar en ella actividades de ocio y culturales, principalmente enfocadas a la juventud.<\/p>\n<p style=\"text-align: justify;\">El proyecto, para su segunda fase, pretende el Equipo de Gobierno abrirlo a la participaci\u00f3n ciudadana en su fase de ideas para as\u00ed dise\u00f1ar y poner a disposici\u00f3n un espacio que sea del gusto de los caudetanos, donde j\u00f3venes y mayores, padres y madres, y ciudadanos en general colaboren en un proyecto que sea dise\u00f1ado por y para los caudetanos.<\/p>\n<p style=\"text-align: justify;\">El proyecto, responde a un concepto europe\u00edsta denominado &#8220;Terceros Lugares&#8221; muy desarrollado y puesto en pr\u00e1ctica en pa\u00edses como Francia y Alemania, donde las administraciones nacionales apoyan y sufragan este tipo de acciones que pretende recuperar espacios p\u00fablicos para su uso en la convivencia social, el aprendizaje, la cultura, la participaci\u00f3n ciudadana, etc.<\/p>\n","protected":false},"excerpt":{"rendered":"<p>Esta ma\u00f1ana anunciaba el Equipo de Gobierno el proyecto de recuperaci\u00f3n de la antigua Sala de la Asociaci\u00f3n de Comparsas, como espacio multifuncional, donde el Centro Joven ser\u00e1 protagonista, traslad\u00e1ndose all\u00ed sus instalaciones, las cuales ver\u00e1n mejorar la oferta y las infraestructuras que ofrecer a los j\u00f3venes. Supone por tanto empezar a materializar un proyecto &hellip;<\/p>\n","protected":false},"author":3,"featured_media":13826,"comment_status":"closed","ping_status":"open","sticky":false,"template":"","format":"standard","meta":{"ngg_post_thumbnail":0,"footnotes":""},"categories":[121],"tags":[],"class_list":["post-13800","post","type-post","status-publish","format-standard","has-post-thumbnail","hentry","category-juventud-2"],"yoast_head":"<!-- This site is optimized with the Yoast SEO plugin v27.5 - https:\/\/yoast.com\/product\/yoast-seo-wordpress\/ -->\n<title>La antigua Sala de la Asociaci\u00f3n de Comparsas acoger\u00e1 el nuevo CENTRO JOVEN - MI Ayuntamiento de Caudete<\/title>\n<meta name=\"description\" content=\"P\u00e1gina Oficial del Ayuntamiento de Caudete (Albacete)\" \/>\n<meta name=\"robots\" content=\"index, follow, max-snippet:-1, max-image-preview:large, max-video-preview:-1\" \/>\n<link rel=\"canonical\" href=\"https:\/\/www.caudete.org\/ayuntamiento\/la-antigua-sala-de-la-asociacion-de-comparsas-acogera-el-nuevo-centro-joven\/\" \/>\n<meta property=\"og:locale\" content=\"es_ES\" \/>\n<meta property=\"og:type\" content=\"article\" \/>\n<meta property=\"og:title\" content=\"La antigua Sala de la Asociaci\u00f3n de Comparsas acoger\u00e1 el nuevo CENTRO JOVEN - MI Ayuntamiento de Caudete\" \/>\n<meta property=\"og:description\" content=\"P\u00e1gina Oficial del Ayuntamiento de Caudete (Albacete)\" \/>\n<meta property=\"og:url\" content=\"https:\/\/www.caudete.org\/ayuntamiento\/la-antigua-sala-de-la-asociacion-de-comparsas-acogera-el-nuevo-centro-joven\/\" \/>\n<meta property=\"og:site_name\" content=\"MI Ayuntamiento de Caudete\" \/>\n<meta property=\"article:publisher\" content=\"https:\/\/www.facebook.com\/ayuntamientocaudete\/\" \/>\n<meta property=\"article:published_time\" content=\"2021-04-09T16:37:23+00:00\" \/>\n<meta property=\"article:modified_time\" content=\"2021-04-09T17:00:56+00:00\" \/>\n<meta property=\"og:image\" content=\"https:\/\/www.caudete.org\/ayuntamiento\/wp-content\/uploads\/2021\/04\/sala_2_caudete_digital.jpg\" \/>\n\t<meta property=\"og:image:width\" content=\"720\" \/>\n\t<meta property=\"og:image:height\" content=\"399\" \/>\n\t<meta property=\"og:image:type\" content=\"image\/jpeg\" \/>\n<meta name=\"author\" content=\"alcalde\" \/>\n<meta name=\"twitter:card\" content=\"summary_large_image\" \/>\n<meta name=\"twitter:label1\" content=\"Escrito por\" \/>\n\t<meta name=\"twitter:data1\" content=\"alcalde\" \/>\n\t<meta name=\"twitter:label2\" content=\"Tiempo de lectura\" \/>\n\t<meta name=\"twitter:data2\" content=\"3 minutos\" \/>\n<script type=\"application\/ld+json\" class=\"yoast-schema-graph\">{\"@context\":\"https:\\\/\\\/schema.org\",\"@graph\":[{\"@type\":\"Article\",\"@id\":\"https:\\\/\\\/www.caudete.org\\\/ayuntamiento\\\/la-antigua-sala-de-la-asociacion-de-comparsas-acogera-el-nuevo-centro-joven\\\/#article\",\"isPartOf\":{\"@id\":\"https:\\\/\\\/www.caudete.org\\\/ayuntamiento\\\/la-antigua-sala-de-la-asociacion-de-comparsas-acogera-el-nuevo-centro-joven\\\/\"},\"author\":{\"name\":\"alcalde\",\"@id\":\"https:\\\/\\\/www.caudete.org\\\/ayuntamiento\\\/#\\\/schema\\\/person\\\/cc646da9133078ee4d8dd47457947253\"},\"headline\":\"La antigua Sala de la Asociaci\u00f3n de Comparsas acoger\u00e1 el nuevo CENTRO JOVEN\",\"datePublished\":\"2021-04-09T16:37:23+00:00\",\"dateModified\":\"2021-04-09T17:00:56+00:00\",\"mainEntityOfPage\":{\"@id\":\"https:\\\/\\\/www.caudete.org\\\/ayuntamiento\\\/la-antigua-sala-de-la-asociacion-de-comparsas-acogera-el-nuevo-centro-joven\\\/\"},\"wordCount\":544,\"publisher\":{\"@id\":\"https:\\\/\\\/www.caudete.org\\\/ayuntamiento\\\/#organization\"},\"image\":{\"@id\":\"https:\\\/\\\/www.caudete.org\\\/ayuntamiento\\\/la-antigua-sala-de-la-asociacion-de-comparsas-acogera-el-nuevo-centro-joven\\\/#primaryimage\"},\"thumbnailUrl\":\"https:\\\/\\\/www.caudete.org\\\/ayuntamiento\\\/wp-content\\\/uploads\\\/2021\\\/04\\\/sala_2_caudete_digital.jpg\",\"articleSection\":[\"Juventud\"],\"inLanguage\":\"es\"},{\"@type\":\"WebPage\",\"@id\":\"https:\\\/\\\/www.caudete.org\\\/ayuntamiento\\\/la-antigua-sala-de-la-asociacion-de-comparsas-acogera-el-nuevo-centro-joven\\\/\",\"url\":\"https:\\\/\\\/www.caudete.org\\\/ayuntamiento\\\/la-antigua-sala-de-la-asociacion-de-comparsas-acogera-el-nuevo-centro-joven\\\/\",\"name\":\"La antigua Sala de la Asociaci\u00f3n de Comparsas acoger\u00e1 el nuevo CENTRO JOVEN - MI Ayuntamiento de Caudete\",\"isPartOf\":{\"@id\":\"https:\\\/\\\/www.caudete.org\\\/ayuntamiento\\\/#website\"},\"primaryImageOfPage\":{\"@id\":\"https:\\\/\\\/www.caudete.org\\\/ayuntamiento\\\/la-antigua-sala-de-la-asociacion-de-comparsas-acogera-el-nuevo-centro-joven\\\/#primaryimage\"},\"image\":{\"@id\":\"https:\\\/\\\/www.caudete.org\\\/ayuntamiento\\\/la-antigua-sala-de-la-asociacion-de-comparsas-acogera-el-nuevo-centro-joven\\\/#primaryimage\"},\"thumbnailUrl\":\"https:\\\/\\\/www.caudete.org\\\/ayuntamiento\\\/wp-content\\\/uploads\\\/2021\\\/04\\\/sala_2_caudete_digital.jpg\",\"datePublished\":\"2021-04-09T16:37:23+00:00\",\"dateModified\":\"2021-04-09T17:00:56+00:00\",\"description\":\"P\u00e1gina Oficial del Ayuntamiento de Caudete (Albacete)\",\"breadcrumb\":{\"@id\":\"https:\\\/\\\/www.caudete.org\\\/ayuntamiento\\\/la-antigua-sala-de-la-asociacion-de-comparsas-acogera-el-nuevo-centro-joven\\\/#breadcrumb\"},\"inLanguage\":\"es\",\"potentialAction\":[{\"@type\":\"ReadAction\",\"target\":[\"https:\\\/\\\/www.caudete.org\\\/ayuntamiento\\\/la-antigua-sala-de-la-asociacion-de-comparsas-acogera-el-nuevo-centro-joven\\\/\"]}]},{\"@type\":\"ImageObject\",\"inLanguage\":\"es\",\"@id\":\"https:\\\/\\\/www.caudete.org\\\/ayuntamiento\\\/la-antigua-sala-de-la-asociacion-de-comparsas-acogera-el-nuevo-centro-joven\\\/#primaryimage\",\"url\":\"https:\\\/\\\/www.caudete.org\\\/ayuntamiento\\\/wp-content\\\/uploads\\\/2021\\\/04\\\/sala_2_caudete_digital.jpg\",\"contentUrl\":\"https:\\\/\\\/www.caudete.org\\\/ayuntamiento\\\/wp-content\\\/uploads\\\/2021\\\/04\\\/sala_2_caudete_digital.jpg\",\"width\":720,\"height\":399},{\"@type\":\"BreadcrumbList\",\"@id\":\"https:\\\/\\\/www.caudete.org\\\/ayuntamiento\\\/la-antigua-sala-de-la-asociacion-de-comparsas-acogera-el-nuevo-centro-joven\\\/#breadcrumb\",\"itemListElement\":[{\"@type\":\"ListItem\",\"position\":1,\"name\":\"Inicio\",\"item\":\"https:\\\/\\\/www.caudete.org\\\/ayuntamiento\\\/\"},{\"@type\":\"ListItem\",\"position\":2,\"name\":\"La antigua Sala de la Asociaci\u00f3n de Comparsas acoger\u00e1 el nuevo CENTRO JOVEN\"}]},{\"@type\":\"WebSite\",\"@id\":\"https:\\\/\\\/www.caudete.org\\\/ayuntamiento\\\/#website\",\"url\":\"https:\\\/\\\/www.caudete.org\\\/ayuntamiento\\\/\",\"name\":\"MI Ayuntamiento de Caudete\",\"description\":\"P\u00e1gina Oficial del MI Ayuntamiento de Caudete\",\"publisher\":{\"@id\":\"https:\\\/\\\/www.caudete.org\\\/ayuntamiento\\\/#organization\"},\"potentialAction\":[{\"@type\":\"SearchAction\",\"target\":{\"@type\":\"EntryPoint\",\"urlTemplate\":\"https:\\\/\\\/www.caudete.org\\\/ayuntamiento\\\/?s={search_term_string}\"},\"query-input\":{\"@type\":\"PropertyValueSpecification\",\"valueRequired\":true,\"valueName\":\"search_term_string\"}}],\"inLanguage\":\"es\"},{\"@type\":\"Organization\",\"@id\":\"https:\\\/\\\/www.caudete.org\\\/ayuntamiento\\\/#organization\",\"name\":\"Ayuntamiento de Caudete\",\"url\":\"https:\\\/\\\/www.caudete.org\\\/ayuntamiento\\\/\",\"logo\":{\"@type\":\"ImageObject\",\"inLanguage\":\"es\",\"@id\":\"https:\\\/\\\/www.caudete.org\\\/ayuntamiento\\\/#\\\/schema\\\/logo\\\/image\\\/\",\"url\":\"https:\\\/\\\/www.caudete.org\\\/ayuntamiento\\\/wp-content\\\/uploads\\\/2020\\\/11\\\/logo_ayuntamiento_caudete.jpg\",\"contentUrl\":\"https:\\\/\\\/www.caudete.org\\\/ayuntamiento\\\/wp-content\\\/uploads\\\/2020\\\/11\\\/logo_ayuntamiento_caudete.jpg\",\"width\":600,\"height\":150,\"caption\":\"Ayuntamiento de Caudete\"},\"image\":{\"@id\":\"https:\\\/\\\/www.caudete.org\\\/ayuntamiento\\\/#\\\/schema\\\/logo\\\/image\\\/\"},\"sameAs\":[\"https:\\\/\\\/www.facebook.com\\\/ayuntamientocaudete\\\/\",\"https:\\\/\\\/www.youtube.com\\\/channel\\\/UC6VztHaooNsGpw-tNoBEFnQ\"]},{\"@type\":\"Person\",\"@id\":\"https:\\\/\\\/www.caudete.org\\\/ayuntamiento\\\/#\\\/schema\\\/person\\\/cc646da9133078ee4d8dd47457947253\",\"name\":\"alcalde\",\"image\":{\"@type\":\"ImageObject\",\"inLanguage\":\"es\",\"@id\":\"https:\\\/\\\/secure.gravatar.com\\\/avatar\\\/84a817ba065b29ff08d666b215a215f5c79186a645ccb25b14a663d48a130f77?s=96&d=mm&r=g\",\"url\":\"https:\\\/\\\/secure.gravatar.com\\\/avatar\\\/84a817ba065b29ff08d666b215a215f5c79186a645ccb25b14a663d48a130f77?s=96&d=mm&r=g\",\"contentUrl\":\"https:\\\/\\\/secure.gravatar.com\\\/avatar\\\/84a817ba065b29ff08d666b215a215f5c79186a645ccb25b14a663d48a130f77?s=96&d=mm&r=g\",\"caption\":\"alcalde\"},\"url\":\"https:\\\/\\\/www.caudete.org\\\/ayuntamiento\\\/author\\\/alcalde\\\/\"}]}<\/script>\n<!-- \/ Yoast SEO plugin. -->","yoast_head_json":{"title":"La antigua Sala de la Asociaci\u00f3n de Comparsas acoger\u00e1 el nuevo CENTRO JOVEN - MI Ayuntamiento de Caudete","description":"P\u00e1gina Oficial del Ayuntamiento de Caudete (Albacete)","robots":{"index":"index","follow":"follow","max-snippet":"max-snippet:-1","max-image-preview":"max-image-preview:large","max-video-preview":"max-video-preview:-1"},"canonical":"https:\/\/www.caudete.org\/ayuntamiento\/la-antigua-sala-de-la-asociacion-de-comparsas-acogera-el-nuevo-centro-joven\/","og_locale":"es_ES","og_type":"article","og_title":"La antigua Sala de la Asociaci\u00f3n de Comparsas acoger\u00e1 el nuevo CENTRO JOVEN - MI Ayuntamiento de Caudete","og_description":"P\u00e1gina Oficial del Ayuntamiento de Caudete (Albacete)","og_url":"https:\/\/www.caudete.org\/ayuntamiento\/la-antigua-sala-de-la-asociacion-de-comparsas-acogera-el-nuevo-centro-joven\/","og_site_name":"MI Ayuntamiento de Caudete","article_publisher":"https:\/\/www.facebook.com\/ayuntamientocaudete\/","article_published_time":"2021-04-09T16:37:23+00:00","article_modified_time":"2021-04-09T17:00:56+00:00","og_image":[{"width":720,"height":399,"url":"https:\/\/www.caudete.org\/ayuntamiento\/wp-content\/uploads\/2021\/04\/sala_2_caudete_digital.jpg","type":"image\/jpeg"}],"author":"alcalde","twitter_card":"summary_large_image","twitter_misc":{"Escrito por":"alcalde","Tiempo de lectura":"3 minutos"},"schema":{"@context":"https:\/\/schema.org","@graph":[{"@type":"Article","@id":"https:\/\/www.caudete.org\/ayuntamiento\/la-antigua-sala-de-la-asociacion-de-comparsas-acogera-el-nuevo-centro-joven\/#article","isPartOf":{"@id":"https:\/\/www.caudete.org\/ayuntamiento\/la-antigua-sala-de-la-asociacion-de-comparsas-acogera-el-nuevo-centro-joven\/"},"author":{"name":"alcalde","@id":"https:\/\/www.caudete.org\/ayuntamiento\/#\/schema\/person\/cc646da9133078ee4d8dd47457947253"},"headline":"La antigua Sala de la Asociaci\u00f3n de Comparsas acoger\u00e1 el nuevo CENTRO JOVEN","datePublished":"2021-04-09T16:37:23+00:00","dateModified":"2021-04-09T17:00:56+00:00","mainEntityOfPage":{"@id":"https:\/\/www.caudete.org\/ayuntamiento\/la-antigua-sala-de-la-asociacion-de-comparsas-acogera-el-nuevo-centro-joven\/"},"wordCount":544,"publisher":{"@id":"https:\/\/www.caudete.org\/ayuntamiento\/#organization"},"image":{"@id":"https:\/\/www.caudete.org\/ayuntamiento\/la-antigua-sala-de-la-asociacion-de-comparsas-acogera-el-nuevo-centro-joven\/#primaryimage"},"thumbnailUrl":"https:\/\/www.caudete.org\/ayuntamiento\/wp-content\/uploads\/2021\/04\/sala_2_caudete_digital.jpg","articleSection":["Juventud"],"inLanguage":"es"},{"@type":"WebPage","@id":"https:\/\/www.caudete.org\/ayuntamiento\/la-antigua-sala-de-la-asociacion-de-comparsas-acogera-el-nuevo-centro-joven\/","url":"https:\/\/www.caudete.org\/ayuntamiento\/la-antigua-sala-de-la-asociacion-de-comparsas-acogera-el-nuevo-centro-joven\/","name":"La antigua Sala de la Asociaci\u00f3n de Comparsas acoger\u00e1 el nuevo CENTRO JOVEN - MI Ayuntamiento de Caudete","isPartOf":{"@id":"https:\/\/www.caudete.org\/ayuntamiento\/#website"},"primaryImageOfPage":{"@id":"https:\/\/www.caudete.org\/ayuntamiento\/la-antigua-sala-de-la-asociacion-de-comparsas-acogera-el-nuevo-centro-joven\/#primaryimage"},"image":{"@id":"https:\/\/www.caudete.org\/ayuntamiento\/la-antigua-sala-de-la-asociacion-de-comparsas-acogera-el-nuevo-centro-joven\/#primaryimage"},"thumbnailUrl":"https:\/\/www.caudete.org\/ayuntamiento\/wp-content\/uploads\/2021\/04\/sala_2_caudete_digital.jpg","datePublished":"2021-04-09T16:37:23+00:00","dateModified":"2021-04-09T17:00:56+00:00","description":"P\u00e1gina Oficial del Ayuntamiento de Caudete (Albacete)","breadcrumb":{"@id":"https:\/\/www.caudete.org\/ayuntamiento\/la-antigua-sala-de-la-asociacion-de-comparsas-acogera-el-nuevo-centro-joven\/#breadcrumb"},"inLanguage":"es","potentialAction":[{"@type":"ReadAction","target":["https:\/\/www.caudete.org\/ayuntamiento\/la-antigua-sala-de-la-asociacion-de-comparsas-acogera-el-nuevo-centro-joven\/"]}]},{"@type":"ImageObject","inLanguage":"es","@id":"https:\/\/www.caudete.org\/ayuntamiento\/la-antigua-sala-de-la-asociacion-de-comparsas-acogera-el-nuevo-centro-joven\/#primaryimage","url":"https:\/\/www.caudete.org\/ayuntamiento\/wp-content\/uploads\/2021\/04\/sala_2_caudete_digital.jpg","contentUrl":"https:\/\/www.caudete.org\/ayuntamiento\/wp-content\/uploads\/2021\/04\/sala_2_caudete_digital.jpg","width":720,"height":399},{"@type":"BreadcrumbList","@id":"https:\/\/www.caudete.org\/ayuntamiento\/la-antigua-sala-de-la-asociacion-de-comparsas-acogera-el-nuevo-centro-joven\/#breadcrumb","itemListElement":[{"@type":"ListItem","position":1,"name":"Inicio","item":"https:\/\/www.caudete.org\/ayuntamiento\/"},{"@type":"ListItem","position":2,"name":"La antigua Sala de la Asociaci\u00f3n de Comparsas acoger\u00e1 el nuevo CENTRO JOVEN"}]},{"@type":"WebSite","@id":"https:\/\/www.caudete.org\/ayuntamiento\/#website","url":"https:\/\/www.caudete.org\/ayuntamiento\/","name":"MI Ayuntamiento de Caudete","description":"P\u00e1gina Oficial del MI Ayuntamiento de Caudete","publisher":{"@id":"https:\/\/www.caudete.org\/ayuntamiento\/#organization"},"potentialAction":[{"@type":"SearchAction","target":{"@type":"EntryPoint","urlTemplate":"https:\/\/www.caudete.org\/ayuntamiento\/?s={search_term_string}"},"query-input":{"@type":"PropertyValueSpecification","valueRequired":true,"valueName":"search_term_string"}}],"inLanguage":"es"},{"@type":"Organization","@id":"https:\/\/www.caudete.org\/ayuntamiento\/#organization","name":"Ayuntamiento de Caudete","url":"https:\/\/www.caudete.org\/ayuntamiento\/","logo":{"@type":"ImageObject","inLanguage":"es","@id":"https:\/\/www.caudete.org\/ayuntamiento\/#\/schema\/logo\/image\/","url":"https:\/\/www.caudete.org\/ayuntamiento\/wp-content\/uploads\/2020\/11\/logo_ayuntamiento_caudete.jpg","contentUrl":"https:\/\/www.caudete.org\/ayuntamiento\/wp-content\/uploads\/2020\/11\/logo_ayuntamiento_caudete.jpg","width":600,"height":150,"caption":"Ayuntamiento de Caudete"},"image":{"@id":"https:\/\/www.caudete.org\/ayuntamiento\/#\/schema\/logo\/image\/"},"sameAs":["https:\/\/www.facebook.com\/ayuntamientocaudete\/","https:\/\/www.youtube.com\/channel\/UC6VztHaooNsGpw-tNoBEFnQ"]},{"@type":"Person","@id":"https:\/\/www.caudete.org\/ayuntamiento\/#\/schema\/person\/cc646da9133078ee4d8dd47457947253","name":"alcalde","image":{"@type":"ImageObject","inLanguage":"es","@id":"https:\/\/secure.gravatar.com\/avatar\/84a817ba065b29ff08d666b215a215f5c79186a645ccb25b14a663d48a130f77?s=96&d=mm&r=g","url":"https:\/\/secure.gravatar.com\/avatar\/84a817ba065b29ff08d666b215a215f5c79186a645ccb25b14a663d48a130f77?s=96&d=mm&r=g","contentUrl":"https:\/\/secure.gravatar.com\/avatar\/84a817ba065b29ff08d666b215a215f5c79186a645ccb25b14a663d48a130f77?s=96&d=mm&r=g","caption":"alcalde"},"url":"https:\/\/www.caudete.org\/ayuntamiento\/author\/alcalde\/"}]}},"_links":{"self":[{"href":"https:\/\/www.caudete.org\/ayuntamiento\/wp-json\/wp\/v2\/posts\/13800","targetHints":{"allow":["GET"]}}],"collection":[{"href":"https:\/\/www.caudete.org\/ayuntamiento\/wp-json\/wp\/v2\/posts"}],"about":[{"href":"https:\/\/www.caudete.org\/ayuntamiento\/wp-json\/wp\/v2\/types\/post"}],"author":[{"embeddable":true,"href":"https:\/\/www.caudete.org\/ayuntamiento\/wp-json\/wp\/v2\/users\/3"}],"replies":[{"embeddable":true,"href":"https:\/\/www.caudete.org\/ayuntamiento\/wp-json\/wp\/v2\/comments?post=13800"}],"version-history":[{"count":2,"href":"https:\/\/www.caudete.org\/ayuntamiento\/wp-json\/wp\/v2\/posts\/13800\/revisions"}],"predecessor-version":[{"id":13834,"href":"https:\/\/www.caudete.org\/ayuntamiento\/wp-json\/wp\/v2\/posts\/13800\/revisions\/13834"}],"wp:featuredmedia":[{"embeddable":true,"href":"https:\/\/www.caudete.org\/ayuntamiento\/wp-json\/wp\/v2\/media\/13826"}],"wp:attachment":[{"href":"https:\/\/www.caudete.org\/ayuntamiento\/wp-json\/wp\/v2\/media?parent=13800"}],"wp:term":[{"taxonomy":"category","embeddable":true,"href":"https:\/\/www.caudete.org\/ayuntamiento\/wp-json\/wp\/v2\/categories?post=13800"},{"taxonomy":"post_tag","embeddable":true,"href":"https:\/\/www.caudete.org\/ayuntamiento\/wp-json\/wp\/v2\/tags?post=13800"}],"curies":[{"name":"wp","href":"https:\/\/api.w.org\/{rel}","templated":true}]}}