{"id":13843,"date":"2021-04-13T20:25:07","date_gmt":"2021-04-13T18:25:07","guid":{"rendered":"https:\/\/www.caudete.org\/ayuntamiento\/?p=13843"},"modified":"2021-04-13T20:25:07","modified_gmt":"2021-04-13T18:25:07","slug":"finalizado-el-mural-del-lavadero-de-san-anton","status":"publish","type":"post","link":"https:\/\/www.caudete.org\/ayuntamiento\/finalizado-el-mural-del-lavadero-de-san-anton\/","title":{"rendered":"Finalizado el mural del Lavadero de San Ant\u00f3n"},"content":{"rendered":"<p style=\"text-align: justify;\">Diego Cuenca,Concejal de Patrimonio Hist\u00f3rico y Turismo ha presentado el <strong>mural realizado en el Lavadero de San &#8220;Ant\u00f3n&#8221;<\/strong> por el\u00a0 artista mexicano Yoshimar Tello,\u00a0 <strong>dentro del proyecto\u00a0 denominado &#8220;Manos de Tierra&#8221;<\/strong>, del Grupo de Acci\u00f3n Local &#8220;Monte Ib\u00e9rico-Corredor de Almansa&#8221;, junto a m\u00e1s de una docena de murales repartidos por otros tantos municipios.<\/p>\n<p style=\"text-align: justify;\">El proyecto tiene como objetivo la <strong>creaci\u00f3n de un recurso tur\u00edstico-art\u00edstico donde plasmar con tierras de la localidad una estampa de la historia del pasado<\/strong>. Financiado \u00edntegramente por Fondos Europeos del programa Leader de la convocatoria 2014-2020, el mural no ha supuesto gasto alguno para el Ayuntamiento, siendo \u00e9ste quien ha tenido capacidad para elegir el lugar donde realizar el mural y la fotograf\u00eda o imagen a plasmar en el mismo.<\/p>\n<p style=\"text-align: justify;\">El nombre del proyecto (Manos de Tierra) se debe a la materia prima con que se realiza el mismo: <strong>tierras propias de cada localidad<\/strong>. En este caso las tierras con las que ha realizado la obra, han sido <strong>recogidas por el propio Yosimar en el Paraje de &#8220;La Toconera&#8221;<\/strong>, algo que la hace todav\u00eda m\u00e1s especial y propio del lugar.<\/p>\n<p style=\"text-align: justify;\">As\u00ed pues, dentro de los objetivos marcados por la Concejal\u00eda de Patrimonio para la presente legislatura, figuraba el recuperar y poner en valor el Lavadero que hace dos d\u00e9cadas fue rescatado del olvido, algo que est\u00e1 a punto de cumplirse.<\/p>\n<p style=\"text-align: justify;\">Con la realizaci\u00f3n del mural, que recrea una estampa original de esta cotidiana actividad, se consigue establecer una lectura visual de cu\u00e1l era el uso y el funcionamiento de un Lavadero, un espacio que no solo forma parte de nuestra historia, sino que en su d\u00eda supon\u00eda un lugar social, un espacio de encuentro.<\/p>\n<p style=\"text-align: justify;\">Actualmente, se est\u00e1 realizando una instalaci\u00f3n interior de iluminaci\u00f3n y de bombeo de agua, as\u00ed como un retoque de pintura y cerrajer\u00eda que permitir\u00e1 tener este recurso en funcionamiento a modo ornamental, puesto en valor, y marcado como un recurso tur\u00edstico y patrimonial m\u00e1s de nuestro pueblo, y en especial de los Barrios de &#8220;San Ant\u00f3n&#8221; y de &#8220;San Francisco&#8221;. Su apertura para el disfrute de los ciudadanos ser\u00e1 anunciado en breve, una vez hayan finalizado el resto de trabajos que en estos momentos est\u00e1n en ejecuci\u00f3n.<\/p>\n<p>&nbsp;<\/p>\n<p style=\"text-align: center;\"><span style=\"text-decoration: underline;\"><strong>YOSHIMAR TELLO, artista.<\/strong><\/span><\/p>\n<p style=\"text-align: center;\">FORMACI\u00d3N ACAD\u00c9MICA<\/p>\n<p style=\"text-align: justify;\">2011-2016.-<strong>Licenciatura en Artes Visuales para la Expresi\u00f3n Pl\u00e1stica.<\/strong> Centro Universitario de Arte, Arquitectura y Dise\u00f1o de la Universidad de Guadalajara. Guadalajara, M\u00e9xico<\/p>\n<p style=\"text-align: justify;\">2014-2015.-<strong>Beca de Convenio Bilateral en la Facultad de Bellas Artes de Pontevedra.<\/strong> Universidad de Vigo. Pontevedra, Espa\u00f1a<\/p>\n<p style=\"text-align: justify;\">2011.-<strong>Diplomado en Producci\u00f3n Musical.<\/strong> Uxmalase Advanced Entertainment. Guadalajara, M\u00e9xico<\/p>\n<p style=\"text-align: justify;\">2010.-<strong>Diplomado en Cine.<\/strong> Departamento de Imagen y Sonido de la Universidad de Guadalajara. Guadalajara, M\u00e9xico<\/p>\n<p style=\"text-align: center;\">PREMIOS Y MENCIONES<\/p>\n<p style=\"text-align: justify;\"><span style=\"text-decoration: underline;\"><strong>\u00a02019<\/strong><\/span><\/p>\n<ul style=\"text-align: justify;\">\n<li>Premio a la Mejor Instalaci\u00f3n, III Certamen Des-Adarve de Arte Ef\u00edmero de Tudela. Tudela, Espa\u00f1a<\/li>\n<li>Premio a Proyecto Expositivo Propuestas 2019, Concejal\u00eda de Juventud del Ayuntamiento de Alicante. Centro 14. Alicante, Espa\u00f1a<\/li>\n<li>Premio a Proyecto II Bienal de Arte Urbano en Espacios Rurales URRA. Tudelilla, Espa\u00f1a<\/li>\n<\/ul>\n<p style=\"text-align: justify;\"><strong><span style=\"text-decoration: underline;\">2018<\/span><\/strong><\/p>\n<ul style=\"text-align: justify;\">\n<li>Menci\u00f3n Honor\u00edfica a la T\u00e9cnica m\u00e1s Original, XI Certamen Nacional de Pintura Miradas \u2013 Fundaci\u00f3n Jorge Ali\u00f3. Sala de Exposiciones de la Lonja del Pescado. Alicante, Espa\u00f1a<\/li>\n<\/ul>\n<p style=\"text-align: justify;\"><span style=\"text-decoration: underline;\"><strong>2017<\/strong><\/span><\/p>\n<ul style=\"text-align: justify;\">\n<li>I Premio Certamen de Artes Pl\u00e1sticas Fernando Z\u00f3bel, categor\u00eda B. Centro Cultural Aguirre. Cuenca, Espa\u00f1a<\/li>\n<\/ul>\n<p style=\"text-align: justify;\"><span style=\"text-decoration: underline;\"><strong>2016<\/strong><\/span><\/p>\n<ul style=\"text-align: justify;\">\n<li>Premio Estatal de Videoarte Nicol\u00e1s Echevarr\u00eda, Festival cultural Amado Nervo. Centro de Arte Contempor\u00e1neo Emilia Ortiz. Tepic, M\u00e9xico<\/li>\n<li>Caja Negra, selecci\u00f3n de propuesta de sitio espec\u00edfico. Sala Humberto Ortiz, Laboratorio de Arte Jorge Mart\u00ednez. Guadalajara, M\u00e9xico<\/li>\n<\/ul>\n<p style=\"text-align: justify;\"><span style=\"text-decoration: underline;\"><strong>2015<\/strong><\/span><\/p>\n<ul style=\"text-align: justify;\">\n<li>Selecci\u00f3n de propuesta expositiva Arte Contempor\u00e1neo, ART CALL M\u00e9xico<\/li>\n<li>Fifties Art Gallery. Distrito Federal, M\u00e9xico Premio Estatal de Escultura Adolfo Riestra, Festival Cultural Amado Nervo. Centro de Arte Contempor\u00e1neo Emilia Ortiz. Tepic, M\u00e9xico<\/li>\n<li>Premio de Arte Emergente a Propuestas Expositivas. Fundaci\u00f3n Casa Pintada &#8211; Museo Crist\u00f3bal Gabarr\u00f3n. Mula, Espa\u00f1a<\/li>\n<\/ul>\n<p style=\"text-align: justify;\"><span style=\"text-decoration: underline;\"><strong>\u00a02014<\/strong><\/span><\/p>\n<ul style=\"text-align: justify;\">\n<li>Premio Estatal de Grabado y Estampa Santiago Rosas, Festival Cultural Amado Nervo. Centro de Arte Contempor\u00e1neo Emilia Ortiz. Tepic, M\u00e9xico<\/li>\n<li>Premio de adquisici\u00f3n Asador Azor\u00edn, IX Certamen Internacional de Minicuadros Luz Mart\u00ednez. San Vicente del Raspeig, Espa\u00f1a<\/li>\n<\/ul>\n<p style=\"text-align: justify;\">\n<p style=\"text-align: justify;\"><strong>Pod\u00e9is seguir toda su obra en su instagram:\u00a0 https:\/\/www.instagram.com\/yoshimar_art\/<\/strong><\/p>\n","protected":false},"excerpt":{"rendered":"<p>Diego Cuenca,Concejal de Patrimonio Hist\u00f3rico y Turismo ha presentado el mural realizado en el Lavadero de San &#8220;Ant\u00f3n&#8221; por el\u00a0 artista mexicano Yoshimar Tello,\u00a0 dentro del proyecto\u00a0 denominado &#8220;Manos de Tierra&#8221;, del Grupo de Acci\u00f3n Local &#8220;Monte Ib\u00e9rico-Corredor de Almansa&#8221;, junto a m\u00e1s de una docena de murales repartidos por otros tantos municipios. El proyecto &hellip;<\/p>\n","protected":false},"author":3,"featured_media":13844,"comment_status":"closed","ping_status":"open","sticky":false,"template":"","format":"standard","meta":{"ngg_post_thumbnail":0,"footnotes":""},"categories":[45],"tags":[],"class_list":["post-13843","post","type-post","status-publish","format-standard","has-post-thumbnail","hentry","category-patrimonio"],"yoast_head":"<!-- This site is optimized with the Yoast SEO plugin v27.5 - https:\/\/yoast.com\/product\/yoast-seo-wordpress\/ -->\n<title>Finalizado el mural del Lavadero de San Ant\u00f3n - MI Ayuntamiento de Caudete<\/title>\n<meta name=\"description\" content=\"P\u00e1gina Oficial del Ayuntamiento de Caudete (Albacete)\" \/>\n<meta name=\"robots\" content=\"index, follow, max-snippet:-1, max-image-preview:large, max-video-preview:-1\" \/>\n<link rel=\"canonical\" href=\"https:\/\/www.caudete.org\/ayuntamiento\/finalizado-el-mural-del-lavadero-de-san-anton\/\" \/>\n<meta property=\"og:locale\" content=\"es_ES\" \/>\n<meta property=\"og:type\" content=\"article\" \/>\n<meta property=\"og:title\" content=\"Finalizado el mural del Lavadero de San Ant\u00f3n - MI Ayuntamiento de Caudete\" \/>\n<meta property=\"og:description\" content=\"P\u00e1gina Oficial del Ayuntamiento de Caudete (Albacete)\" \/>\n<meta property=\"og:url\" content=\"https:\/\/www.caudete.org\/ayuntamiento\/finalizado-el-mural-del-lavadero-de-san-anton\/\" \/>\n<meta property=\"og:site_name\" content=\"MI Ayuntamiento de Caudete\" \/>\n<meta property=\"article:publisher\" content=\"https:\/\/www.facebook.com\/ayuntamientocaudete\/\" \/>\n<meta property=\"article:published_time\" content=\"2021-04-13T18:25:07+00:00\" \/>\n<meta property=\"og:image\" content=\"https:\/\/www.caudete.org\/ayuntamiento\/wp-content\/uploads\/2021\/04\/WhatsApp-Image-2021-04-13-at-13.55.07.jpeg\" \/>\n\t<meta property=\"og:image:width\" content=\"1600\" \/>\n\t<meta property=\"og:image:height\" content=\"1200\" \/>\n\t<meta property=\"og:image:type\" content=\"image\/jpeg\" \/>\n<meta name=\"author\" content=\"alcalde\" \/>\n<meta name=\"twitter:card\" content=\"summary_large_image\" \/>\n<meta name=\"twitter:label1\" content=\"Escrito por\" \/>\n\t<meta name=\"twitter:data1\" content=\"alcalde\" \/>\n\t<meta name=\"twitter:label2\" content=\"Tiempo de lectura\" \/>\n\t<meta name=\"twitter:data2\" content=\"3 minutos\" \/>\n<script type=\"application\/ld+json\" class=\"yoast-schema-graph\">{\"@context\":\"https:\\\/\\\/schema.org\",\"@graph\":[{\"@type\":\"Article\",\"@id\":\"https:\\\/\\\/www.caudete.org\\\/ayuntamiento\\\/finalizado-el-mural-del-lavadero-de-san-anton\\\/#article\",\"isPartOf\":{\"@id\":\"https:\\\/\\\/www.caudete.org\\\/ayuntamiento\\\/finalizado-el-mural-del-lavadero-de-san-anton\\\/\"},\"author\":{\"name\":\"alcalde\",\"@id\":\"https:\\\/\\\/www.caudete.org\\\/ayuntamiento\\\/#\\\/schema\\\/person\\\/cc646da9133078ee4d8dd47457947253\"},\"headline\":\"Finalizado el mural del Lavadero de San Ant\u00f3n\",\"datePublished\":\"2021-04-13T18:25:07+00:00\",\"mainEntityOfPage\":{\"@id\":\"https:\\\/\\\/www.caudete.org\\\/ayuntamiento\\\/finalizado-el-mural-del-lavadero-de-san-anton\\\/\"},\"wordCount\":746,\"image\":{\"@id\":\"https:\\\/\\\/www.caudete.org\\\/ayuntamiento\\\/finalizado-el-mural-del-lavadero-de-san-anton\\\/#primaryimage\"},\"thumbnailUrl\":\"https:\\\/\\\/www.caudete.org\\\/ayuntamiento\\\/wp-content\\\/uploads\\\/2021\\\/04\\\/WhatsApp-Image-2021-04-13-at-13.55.07.jpeg\",\"articleSection\":[\"Patrimonio\"],\"inLanguage\":\"es\"},{\"@type\":\"WebPage\",\"@id\":\"https:\\\/\\\/www.caudete.org\\\/ayuntamiento\\\/finalizado-el-mural-del-lavadero-de-san-anton\\\/\",\"url\":\"https:\\\/\\\/www.caudete.org\\\/ayuntamiento\\\/finalizado-el-mural-del-lavadero-de-san-anton\\\/\",\"name\":\"Finalizado el mural del Lavadero de San Ant\u00f3n - MI Ayuntamiento de Caudete\",\"isPartOf\":{\"@id\":\"https:\\\/\\\/www.caudete.org\\\/ayuntamiento\\\/#website\"},\"primaryImageOfPage\":{\"@id\":\"https:\\\/\\\/www.caudete.org\\\/ayuntamiento\\\/finalizado-el-mural-del-lavadero-de-san-anton\\\/#primaryimage\"},\"image\":{\"@id\":\"https:\\\/\\\/www.caudete.org\\\/ayuntamiento\\\/finalizado-el-mural-del-lavadero-de-san-anton\\\/#primaryimage\"},\"thumbnailUrl\":\"https:\\\/\\\/www.caudete.org\\\/ayuntamiento\\\/wp-content\\\/uploads\\\/2021\\\/04\\\/WhatsApp-Image-2021-04-13-at-13.55.07.jpeg\",\"datePublished\":\"2021-04-13T18:25:07+00:00\",\"author\":{\"@id\":\"https:\\\/\\\/www.caudete.org\\\/ayuntamiento\\\/#\\\/schema\\\/person\\\/cc646da9133078ee4d8dd47457947253\"},\"description\":\"P\u00e1gina Oficial del Ayuntamiento de Caudete (Albacete)\",\"breadcrumb\":{\"@id\":\"https:\\\/\\\/www.caudete.org\\\/ayuntamiento\\\/finalizado-el-mural-del-lavadero-de-san-anton\\\/#breadcrumb\"},\"inLanguage\":\"es\",\"potentialAction\":[{\"@type\":\"ReadAction\",\"target\":[\"https:\\\/\\\/www.caudete.org\\\/ayuntamiento\\\/finalizado-el-mural-del-lavadero-de-san-anton\\\/\"]}]},{\"@type\":\"ImageObject\",\"inLanguage\":\"es\",\"@id\":\"https:\\\/\\\/www.caudete.org\\\/ayuntamiento\\\/finalizado-el-mural-del-lavadero-de-san-anton\\\/#primaryimage\",\"url\":\"https:\\\/\\\/www.caudete.org\\\/ayuntamiento\\\/wp-content\\\/uploads\\\/2021\\\/04\\\/WhatsApp-Image-2021-04-13-at-13.55.07.jpeg\",\"contentUrl\":\"https:\\\/\\\/www.caudete.org\\\/ayuntamiento\\\/wp-content\\\/uploads\\\/2021\\\/04\\\/WhatsApp-Image-2021-04-13-at-13.55.07.jpeg\",\"width\":1600,\"height\":1200},{\"@type\":\"BreadcrumbList\",\"@id\":\"https:\\\/\\\/www.caudete.org\\\/ayuntamiento\\\/finalizado-el-mural-del-lavadero-de-san-anton\\\/#breadcrumb\",\"itemListElement\":[{\"@type\":\"ListItem\",\"position\":1,\"name\":\"Inicio\",\"item\":\"https:\\\/\\\/www.caudete.org\\\/ayuntamiento\\\/\"},{\"@type\":\"ListItem\",\"position\":2,\"name\":\"Finalizado el mural del Lavadero de San Ant\u00f3n\"}]},{\"@type\":\"WebSite\",\"@id\":\"https:\\\/\\\/www.caudete.org\\\/ayuntamiento\\\/#website\",\"url\":\"https:\\\/\\\/www.caudete.org\\\/ayuntamiento\\\/\",\"name\":\"MI Ayuntamiento de Caudete\",\"description\":\"P\u00e1gina Oficial del MI Ayuntamiento de Caudete\",\"potentialAction\":[{\"@type\":\"SearchAction\",\"target\":{\"@type\":\"EntryPoint\",\"urlTemplate\":\"https:\\\/\\\/www.caudete.org\\\/ayuntamiento\\\/?s={search_term_string}\"},\"query-input\":{\"@type\":\"PropertyValueSpecification\",\"valueRequired\":true,\"valueName\":\"search_term_string\"}}],\"inLanguage\":\"es\"},{\"@type\":\"Person\",\"@id\":\"https:\\\/\\\/www.caudete.org\\\/ayuntamiento\\\/#\\\/schema\\\/person\\\/cc646da9133078ee4d8dd47457947253\",\"name\":\"alcalde\",\"image\":{\"@type\":\"ImageObject\",\"inLanguage\":\"es\",\"@id\":\"https:\\\/\\\/secure.gravatar.com\\\/avatar\\\/84a817ba065b29ff08d666b215a215f5c79186a645ccb25b14a663d48a130f77?s=96&d=mm&r=g\",\"url\":\"https:\\\/\\\/secure.gravatar.com\\\/avatar\\\/84a817ba065b29ff08d666b215a215f5c79186a645ccb25b14a663d48a130f77?s=96&d=mm&r=g\",\"contentUrl\":\"https:\\\/\\\/secure.gravatar.com\\\/avatar\\\/84a817ba065b29ff08d666b215a215f5c79186a645ccb25b14a663d48a130f77?s=96&d=mm&r=g\",\"caption\":\"alcalde\"},\"url\":\"https:\\\/\\\/www.caudete.org\\\/ayuntamiento\\\/author\\\/alcalde\\\/\"}]}<\/script>\n<!-- \/ Yoast SEO plugin. -->","yoast_head_json":{"title":"Finalizado el mural del Lavadero de San Ant\u00f3n - MI Ayuntamiento de Caudete","description":"P\u00e1gina Oficial del Ayuntamiento de Caudete (Albacete)","robots":{"index":"index","follow":"follow","max-snippet":"max-snippet:-1","max-image-preview":"max-image-preview:large","max-video-preview":"max-video-preview:-1"},"canonical":"https:\/\/www.caudete.org\/ayuntamiento\/finalizado-el-mural-del-lavadero-de-san-anton\/","og_locale":"es_ES","og_type":"article","og_title":"Finalizado el mural del Lavadero de San Ant\u00f3n - MI Ayuntamiento de Caudete","og_description":"P\u00e1gina Oficial del Ayuntamiento de Caudete (Albacete)","og_url":"https:\/\/www.caudete.org\/ayuntamiento\/finalizado-el-mural-del-lavadero-de-san-anton\/","og_site_name":"MI Ayuntamiento de Caudete","article_publisher":"https:\/\/www.facebook.com\/ayuntamientocaudete\/","article_published_time":"2021-04-13T18:25:07+00:00","og_image":[{"width":1600,"height":1200,"url":"https:\/\/www.caudete.org\/ayuntamiento\/wp-content\/uploads\/2021\/04\/WhatsApp-Image-2021-04-13-at-13.55.07.jpeg","type":"image\/jpeg"}],"author":"alcalde","twitter_card":"summary_large_image","twitter_misc":{"Escrito por":"alcalde","Tiempo de lectura":"3 minutos"},"schema":{"@context":"https:\/\/schema.org","@graph":[{"@type":"Article","@id":"https:\/\/www.caudete.org\/ayuntamiento\/finalizado-el-mural-del-lavadero-de-san-anton\/#article","isPartOf":{"@id":"https:\/\/www.caudete.org\/ayuntamiento\/finalizado-el-mural-del-lavadero-de-san-anton\/"},"author":{"name":"alcalde","@id":"https:\/\/www.caudete.org\/ayuntamiento\/#\/schema\/person\/cc646da9133078ee4d8dd47457947253"},"headline":"Finalizado el mural del Lavadero de San Ant\u00f3n","datePublished":"2021-04-13T18:25:07+00:00","mainEntityOfPage":{"@id":"https:\/\/www.caudete.org\/ayuntamiento\/finalizado-el-mural-del-lavadero-de-san-anton\/"},"wordCount":746,"image":{"@id":"https:\/\/www.caudete.org\/ayuntamiento\/finalizado-el-mural-del-lavadero-de-san-anton\/#primaryimage"},"thumbnailUrl":"https:\/\/www.caudete.org\/ayuntamiento\/wp-content\/uploads\/2021\/04\/WhatsApp-Image-2021-04-13-at-13.55.07.jpeg","articleSection":["Patrimonio"],"inLanguage":"es"},{"@type":"WebPage","@id":"https:\/\/www.caudete.org\/ayuntamiento\/finalizado-el-mural-del-lavadero-de-san-anton\/","url":"https:\/\/www.caudete.org\/ayuntamiento\/finalizado-el-mural-del-lavadero-de-san-anton\/","name":"Finalizado el mural del Lavadero de San Ant\u00f3n - MI Ayuntamiento de Caudete","isPartOf":{"@id":"https:\/\/www.caudete.org\/ayuntamiento\/#website"},"primaryImageOfPage":{"@id":"https:\/\/www.caudete.org\/ayuntamiento\/finalizado-el-mural-del-lavadero-de-san-anton\/#primaryimage"},"image":{"@id":"https:\/\/www.caudete.org\/ayuntamiento\/finalizado-el-mural-del-lavadero-de-san-anton\/#primaryimage"},"thumbnailUrl":"https:\/\/www.caudete.org\/ayuntamiento\/wp-content\/uploads\/2021\/04\/WhatsApp-Image-2021-04-13-at-13.55.07.jpeg","datePublished":"2021-04-13T18:25:07+00:00","author":{"@id":"https:\/\/www.caudete.org\/ayuntamiento\/#\/schema\/person\/cc646da9133078ee4d8dd47457947253"},"description":"P\u00e1gina Oficial del Ayuntamiento de Caudete (Albacete)","breadcrumb":{"@id":"https:\/\/www.caudete.org\/ayuntamiento\/finalizado-el-mural-del-lavadero-de-san-anton\/#breadcrumb"},"inLanguage":"es","potentialAction":[{"@type":"ReadAction","target":["https:\/\/www.caudete.org\/ayuntamiento\/finalizado-el-mural-del-lavadero-de-san-anton\/"]}]},{"@type":"ImageObject","inLanguage":"es","@id":"https:\/\/www.caudete.org\/ayuntamiento\/finalizado-el-mural-del-lavadero-de-san-anton\/#primaryimage","url":"https:\/\/www.caudete.org\/ayuntamiento\/wp-content\/uploads\/2021\/04\/WhatsApp-Image-2021-04-13-at-13.55.07.jpeg","contentUrl":"https:\/\/www.caudete.org\/ayuntamiento\/wp-content\/uploads\/2021\/04\/WhatsApp-Image-2021-04-13-at-13.55.07.jpeg","width":1600,"height":1200},{"@type":"BreadcrumbList","@id":"https:\/\/www.caudete.org\/ayuntamiento\/finalizado-el-mural-del-lavadero-de-san-anton\/#breadcrumb","itemListElement":[{"@type":"ListItem","position":1,"name":"Inicio","item":"https:\/\/www.caudete.org\/ayuntamiento\/"},{"@type":"ListItem","position":2,"name":"Finalizado el mural del Lavadero de San Ant\u00f3n"}]},{"@type":"WebSite","@id":"https:\/\/www.caudete.org\/ayuntamiento\/#website","url":"https:\/\/www.caudete.org\/ayuntamiento\/","name":"MI Ayuntamiento de Caudete","description":"P\u00e1gina Oficial del MI Ayuntamiento de Caudete","potentialAction":[{"@type":"SearchAction","target":{"@type":"EntryPoint","urlTemplate":"https:\/\/www.caudete.org\/ayuntamiento\/?s={search_term_string}"},"query-input":{"@type":"PropertyValueSpecification","valueRequired":true,"valueName":"search_term_string"}}],"inLanguage":"es"},{"@type":"Person","@id":"https:\/\/www.caudete.org\/ayuntamiento\/#\/schema\/person\/cc646da9133078ee4d8dd47457947253","name":"alcalde","image":{"@type":"ImageObject","inLanguage":"es","@id":"https:\/\/secure.gravatar.com\/avatar\/84a817ba065b29ff08d666b215a215f5c79186a645ccb25b14a663d48a130f77?s=96&d=mm&r=g","url":"https:\/\/secure.gravatar.com\/avatar\/84a817ba065b29ff08d666b215a215f5c79186a645ccb25b14a663d48a130f77?s=96&d=mm&r=g","contentUrl":"https:\/\/secure.gravatar.com\/avatar\/84a817ba065b29ff08d666b215a215f5c79186a645ccb25b14a663d48a130f77?s=96&d=mm&r=g","caption":"alcalde"},"url":"https:\/\/www.caudete.org\/ayuntamiento\/author\/alcalde\/"}]}},"_links":{"self":[{"href":"https:\/\/www.caudete.org\/ayuntamiento\/wp-json\/wp\/v2\/posts\/13843","targetHints":{"allow":["GET"]}}],"collection":[{"href":"https:\/\/www.caudete.org\/ayuntamiento\/wp-json\/wp\/v2\/posts"}],"about":[{"href":"https:\/\/www.caudete.org\/ayuntamiento\/wp-json\/wp\/v2\/types\/post"}],"author":[{"embeddable":true,"href":"https:\/\/www.caudete.org\/ayuntamiento\/wp-json\/wp\/v2\/users\/3"}],"replies":[{"embeddable":true,"href":"https:\/\/www.caudete.org\/ayuntamiento\/wp-json\/wp\/v2\/comments?post=13843"}],"version-history":[{"count":1,"href":"https:\/\/www.caudete.org\/ayuntamiento\/wp-json\/wp\/v2\/posts\/13843\/revisions"}],"predecessor-version":[{"id":13845,"href":"https:\/\/www.caudete.org\/ayuntamiento\/wp-json\/wp\/v2\/posts\/13843\/revisions\/13845"}],"wp:featuredmedia":[{"embeddable":true,"href":"https:\/\/www.caudete.org\/ayuntamiento\/wp-json\/wp\/v2\/media\/13844"}],"wp:attachment":[{"href":"https:\/\/www.caudete.org\/ayuntamiento\/wp-json\/wp\/v2\/media?parent=13843"}],"wp:term":[{"taxonomy":"category","embeddable":true,"href":"https:\/\/www.caudete.org\/ayuntamiento\/wp-json\/wp\/v2\/categories?post=13843"},{"taxonomy":"post_tag","embeddable":true,"href":"https:\/\/www.caudete.org\/ayuntamiento\/wp-json\/wp\/v2\/tags?post=13843"}],"curies":[{"name":"wp","href":"https:\/\/api.w.org\/{rel}","templated":true}]}}