{"id":13863,"date":"2021-04-23T10:30:23","date_gmt":"2021-04-23T08:30:23","guid":{"rendered":"https:\/\/www.caudete.org\/ayuntamiento\/?p=13863"},"modified":"2021-04-23T10:29:16","modified_gmt":"2021-04-23T08:29:16","slug":"visita-a-tecnifoam-tras-el-incremento-de-plantilla","status":"publish","type":"post","link":"https:\/\/www.caudete.org\/ayuntamiento\/visita-a-tecnifoam-tras-el-incremento-de-plantilla\/","title":{"rendered":"Visita a TECNIFOAM tras el incremento de plantilla e inversi\u00f3n realizada"},"content":{"rendered":"<p style=\"text-align: justify;\">La pasada semana, el Alcalde Mois\u00e9s L\u00f3pez, y el Concejal de Industria y Empresas Luis Felipe Ba\u00f1\u00f3n, giraban visita a las instalaciones de TECNIFOAM, S.L. tras el incremento de plantilla e inversiones que la mercantil ha realizado en nuestra localidad en el \u00faltimo a\u00f1o.<\/p>\n<div>\n<p style=\"text-align: justify;\">Tecnifoam bajo su marca UNICHEM y situada\u00a0 en Caudete ( Albacete ) fabrica compuesto compacto de Elastomero, inicia su andadura hace m\u00e1s de 35 a\u00f1os en este sector y es en\u00a0 los\u00a0 \u00faltimos a\u00f1os cuando se convierte en el principal productor de EVA\u00a0 RETICULADO\u00a0 en\u00a0 Espa\u00f1a dirigido a varios\u00a0 sectores, principalmente suelas de Eva para\u00a0 Calzado deportivo y de moda, sin olvidar sectores en continuo crecimiento como Ortopedia, materiales de Pesca, cascos, ruedas,\u00a0 etc. Distribuye sus productos\u00a0 a lo largo y ancho de los\u00a0 5 continentes, desde Rusia\u00a0 hasta M\u00e9xico.<\/p>\n<p style=\"text-align: justify;\">Desde su creaci\u00f3n, Tecnifoam\u00a0 no ha dejado de invertir\u00a0 en I+D+I,\u00a0 pero\u00a0 es en los \u00faltimos a\u00f1os cuando\u00a0 se decide asignar considerables recursos financieros y humanos\u00a0 en la investigaci\u00f3n y modernizaci\u00f3n del proceso de fabricaci\u00f3n as\u00ed\u00a0 como la implantaci\u00f3n de maquinaria moderna y\u00a0 equipos de \u00faltima generaci\u00f3n en\u00a0 nuestro laboratorio lo que\u00a0 nos ha permitido\u00a0 ser un referente\u00a0 dentro del sector.<\/p>\n<p style=\"text-align: justify;\">El compromiso con el\u00a0 medio ambiente nos ha llevado a desarrollar\u00a0 una nueva l\u00ednea de productos\u00a0\u00a0 EVA\u00a0 sostenibles y\u00a0 ecol\u00f3gicos,\u00a0 siendo reconocidos\u00a0 por\u00a0 importantes\u00a0 firmas de primera l\u00ednea\u00a0 a\u00a0 nivel internacional.<\/p>\n<p style=\"text-align: justify;\">Es a\u00a0 mitad\u00a0 del a\u00f1o 2019 cuando los creadores\u00a0 de\u00a0 TECNIFOAM\u00a0 y estando pr\u00f3xima\u00a0 su Jubilaci\u00f3n \u00a0Vicente Ant\u00f3n\u00a0 y\u00a0 Silvano\u00a0 Martinelli,\u00a0 deciden\u00a0\u00a0 vender\u00a0 Tecnifoam a\u00a0 una empresa que ya\u00a0 anteriormente manten\u00edan unos\u00a0 v\u00ednculos\u00a0 a nivel comercial y\u00a0 personal,\u00a0 asegur\u00e1ndose que en manos de esta empresa\u00a0 denominada QUINORGAN\u00a0 referente\u00a0 a\u00a0 nivel\u00a0 mundial\u00a0 en el\u00a0 sector del\u00a0 calzado\u00a0 desde hace\u00a0 75\u00a0 a\u00f1os, se\u00a0 aseguraban\u00a0 la continuidad y\u00a0 el\u00a0 constante\u00a0 desarrollo de\u00a0 Tecnifoam.<\/p>\n<p style=\"text-align: justify;\">Con la\u00a0 entrada \u00a0del\u00a0 grupo\u00a0 QUINORGAN, liderada\u00a0 por\u00a0 su\u00a0 ceo\u00a0 LUIS\u00a0 JOV\u00c9\u00a0 PONS\u00a0 hace\u00a0 2\u00a0 a\u00f1os, no\u00a0 solo se ha asegurado la\u00a0 continuidad\u00a0 de la empresa si no que\u00a0 se\u00a0 ha apostado por el\u00a0 crecimiento de la\u00a0 misma mediante la\u00a0 inversi\u00f3n\u00a0 de m\u00e1s de 1.5 millones de Euros\u00a0 en moderna maquinaria, equipos\u00a0 de\u00a0 laboratorio de \u00faltima\u00a0 generaci\u00f3n y\u00a0 en\u00a0 la contrataci\u00f3n\u00a0 de\u00a0 personal cualificado para\u00a0 sacar\u00a0 adelante\u00a0 un\u00a0 proyecto\u00a0 ambicioso para\u00a0 llevar\u00a0 los\u00a0 productos\u00a0 de\u00a0 TECNIFOAM-UNICHEM y\u00a0 su ciudad CAUDETE\u00a0 a\u00a0 lo largo y\u00a0 ancho\u00a0\u00a0 de toda\u00a0 la\u00a0 geograf\u00eda\u00a0 internacional.<\/p>\n<\/div>\n","protected":false},"excerpt":{"rendered":"<p>La pasada semana, el Alcalde Mois\u00e9s L\u00f3pez, y el Concejal de Industria y Empresas Luis Felipe Ba\u00f1\u00f3n, giraban visita a las instalaciones de TECNIFOAM, S.L. tras el incremento de plantilla e inversiones que la mercantil ha realizado en nuestra localidad en el \u00faltimo a\u00f1o. Tecnifoam bajo su marca UNICHEM y situada\u00a0 en Caudete ( Albacete &hellip;<\/p>\n","protected":false},"author":3,"featured_media":13933,"comment_status":"closed","ping_status":"open","sticky":false,"template":"","format":"standard","meta":{"ngg_post_thumbnail":0,"footnotes":""},"categories":[32],"tags":[],"class_list":["post-13863","post","type-post","status-publish","format-standard","has-post-thumbnail","hentry","category-industria-y-empresas"],"yoast_head":"<!-- This site is optimized with the Yoast SEO plugin v27.5 - https:\/\/yoast.com\/product\/yoast-seo-wordpress\/ -->\n<title>Visita a TECNIFOAM tras el incremento de plantilla e inversi\u00f3n realizada - MI Ayuntamiento de Caudete<\/title>\n<meta name=\"description\" content=\"P\u00e1gina Oficial del Ayuntamiento de Caudete (Albacete)\" \/>\n<meta name=\"robots\" content=\"index, follow, max-snippet:-1, max-image-preview:large, max-video-preview:-1\" \/>\n<link rel=\"canonical\" href=\"https:\/\/www.caudete.org\/ayuntamiento\/visita-a-tecnifoam-tras-el-incremento-de-plantilla\/\" \/>\n<meta property=\"og:locale\" content=\"es_ES\" \/>\n<meta property=\"og:type\" content=\"article\" \/>\n<meta property=\"og:title\" content=\"Visita a TECNIFOAM tras el incremento de plantilla e inversi\u00f3n realizada - MI Ayuntamiento de Caudete\" \/>\n<meta property=\"og:description\" content=\"P\u00e1gina Oficial del Ayuntamiento de Caudete (Albacete)\" \/>\n<meta property=\"og:url\" content=\"https:\/\/www.caudete.org\/ayuntamiento\/visita-a-tecnifoam-tras-el-incremento-de-plantilla\/\" \/>\n<meta property=\"og:site_name\" content=\"MI Ayuntamiento de Caudete\" \/>\n<meta property=\"article:publisher\" content=\"https:\/\/www.facebook.com\/ayuntamientocaudete\/\" \/>\n<meta property=\"article:published_time\" content=\"2021-04-23T08:30:23+00:00\" \/>\n<meta property=\"og:image\" content=\"https:\/\/www.caudete.org\/ayuntamiento\/wp-content\/uploads\/2021\/04\/Tecnifoam-Web.jpg\" \/>\n\t<meta property=\"og:image:width\" content=\"864\" \/>\n\t<meta property=\"og:image:height\" content=\"380\" \/>\n\t<meta property=\"og:image:type\" content=\"image\/jpeg\" \/>\n<meta name=\"author\" content=\"alcalde\" \/>\n<meta name=\"twitter:card\" content=\"summary_large_image\" \/>\n<meta name=\"twitter:label1\" content=\"Escrito por\" \/>\n\t<meta name=\"twitter:data1\" content=\"alcalde\" \/>\n\t<meta name=\"twitter:label2\" content=\"Tiempo de lectura\" \/>\n\t<meta name=\"twitter:data2\" content=\"2 minutos\" \/>\n<script type=\"application\/ld+json\" class=\"yoast-schema-graph\">{\"@context\":\"https:\\\/\\\/schema.org\",\"@graph\":[{\"@type\":\"Article\",\"@id\":\"https:\\\/\\\/www.caudete.org\\\/ayuntamiento\\\/visita-a-tecnifoam-tras-el-incremento-de-plantilla\\\/#article\",\"isPartOf\":{\"@id\":\"https:\\\/\\\/www.caudete.org\\\/ayuntamiento\\\/visita-a-tecnifoam-tras-el-incremento-de-plantilla\\\/\"},\"author\":{\"name\":\"alcalde\",\"@id\":\"https:\\\/\\\/www.caudete.org\\\/ayuntamiento\\\/#\\\/schema\\\/person\\\/cc646da9133078ee4d8dd47457947253\"},\"headline\":\"Visita a TECNIFOAM tras el incremento de plantilla e inversi\u00f3n realizada\",\"datePublished\":\"2021-04-23T08:30:23+00:00\",\"mainEntityOfPage\":{\"@id\":\"https:\\\/\\\/www.caudete.org\\\/ayuntamiento\\\/visita-a-tecnifoam-tras-el-incremento-de-plantilla\\\/\"},\"wordCount\":426,\"publisher\":{\"@id\":\"https:\\\/\\\/www.caudete.org\\\/ayuntamiento\\\/#organization\"},\"image\":{\"@id\":\"https:\\\/\\\/www.caudete.org\\\/ayuntamiento\\\/visita-a-tecnifoam-tras-el-incremento-de-plantilla\\\/#primaryimage\"},\"thumbnailUrl\":\"https:\\\/\\\/www.caudete.org\\\/ayuntamiento\\\/wp-content\\\/uploads\\\/2021\\\/04\\\/Tecnifoam-Web.jpg\",\"articleSection\":[\"Industria y Empresas\"],\"inLanguage\":\"es\"},{\"@type\":\"WebPage\",\"@id\":\"https:\\\/\\\/www.caudete.org\\\/ayuntamiento\\\/visita-a-tecnifoam-tras-el-incremento-de-plantilla\\\/\",\"url\":\"https:\\\/\\\/www.caudete.org\\\/ayuntamiento\\\/visita-a-tecnifoam-tras-el-incremento-de-plantilla\\\/\",\"name\":\"Visita a TECNIFOAM tras el incremento de plantilla e inversi\u00f3n realizada - MI Ayuntamiento de Caudete\",\"isPartOf\":{\"@id\":\"https:\\\/\\\/www.caudete.org\\\/ayuntamiento\\\/#website\"},\"primaryImageOfPage\":{\"@id\":\"https:\\\/\\\/www.caudete.org\\\/ayuntamiento\\\/visita-a-tecnifoam-tras-el-incremento-de-plantilla\\\/#primaryimage\"},\"image\":{\"@id\":\"https:\\\/\\\/www.caudete.org\\\/ayuntamiento\\\/visita-a-tecnifoam-tras-el-incremento-de-plantilla\\\/#primaryimage\"},\"thumbnailUrl\":\"https:\\\/\\\/www.caudete.org\\\/ayuntamiento\\\/wp-content\\\/uploads\\\/2021\\\/04\\\/Tecnifoam-Web.jpg\",\"datePublished\":\"2021-04-23T08:30:23+00:00\",\"description\":\"P\u00e1gina Oficial del Ayuntamiento de Caudete (Albacete)\",\"breadcrumb\":{\"@id\":\"https:\\\/\\\/www.caudete.org\\\/ayuntamiento\\\/visita-a-tecnifoam-tras-el-incremento-de-plantilla\\\/#breadcrumb\"},\"inLanguage\":\"es\",\"potentialAction\":[{\"@type\":\"ReadAction\",\"target\":[\"https:\\\/\\\/www.caudete.org\\\/ayuntamiento\\\/visita-a-tecnifoam-tras-el-incremento-de-plantilla\\\/\"]}]},{\"@type\":\"ImageObject\",\"inLanguage\":\"es\",\"@id\":\"https:\\\/\\\/www.caudete.org\\\/ayuntamiento\\\/visita-a-tecnifoam-tras-el-incremento-de-plantilla\\\/#primaryimage\",\"url\":\"https:\\\/\\\/www.caudete.org\\\/ayuntamiento\\\/wp-content\\\/uploads\\\/2021\\\/04\\\/Tecnifoam-Web.jpg\",\"contentUrl\":\"https:\\\/\\\/www.caudete.org\\\/ayuntamiento\\\/wp-content\\\/uploads\\\/2021\\\/04\\\/Tecnifoam-Web.jpg\",\"width\":864,\"height\":380},{\"@type\":\"BreadcrumbList\",\"@id\":\"https:\\\/\\\/www.caudete.org\\\/ayuntamiento\\\/visita-a-tecnifoam-tras-el-incremento-de-plantilla\\\/#breadcrumb\",\"itemListElement\":[{\"@type\":\"ListItem\",\"position\":1,\"name\":\"Inicio\",\"item\":\"https:\\\/\\\/www.caudete.org\\\/ayuntamiento\\\/\"},{\"@type\":\"ListItem\",\"position\":2,\"name\":\"Visita a TECNIFOAM tras el incremento de plantilla e inversi\u00f3n realizada\"}]},{\"@type\":\"WebSite\",\"@id\":\"https:\\\/\\\/www.caudete.org\\\/ayuntamiento\\\/#website\",\"url\":\"https:\\\/\\\/www.caudete.org\\\/ayuntamiento\\\/\",\"name\":\"MI Ayuntamiento de Caudete\",\"description\":\"P\u00e1gina Oficial del MI Ayuntamiento de Caudete\",\"publisher\":{\"@id\":\"https:\\\/\\\/www.caudete.org\\\/ayuntamiento\\\/#organization\"},\"potentialAction\":[{\"@type\":\"SearchAction\",\"target\":{\"@type\":\"EntryPoint\",\"urlTemplate\":\"https:\\\/\\\/www.caudete.org\\\/ayuntamiento\\\/?s={search_term_string}\"},\"query-input\":{\"@type\":\"PropertyValueSpecification\",\"valueRequired\":true,\"valueName\":\"search_term_string\"}}],\"inLanguage\":\"es\"},{\"@type\":\"Organization\",\"@id\":\"https:\\\/\\\/www.caudete.org\\\/ayuntamiento\\\/#organization\",\"name\":\"Ayuntamiento de Caudete\",\"url\":\"https:\\\/\\\/www.caudete.org\\\/ayuntamiento\\\/\",\"logo\":{\"@type\":\"ImageObject\",\"inLanguage\":\"es\",\"@id\":\"https:\\\/\\\/www.caudete.org\\\/ayuntamiento\\\/#\\\/schema\\\/logo\\\/image\\\/\",\"url\":\"https:\\\/\\\/www.caudete.org\\\/ayuntamiento\\\/wp-content\\\/uploads\\\/2020\\\/11\\\/logo_ayuntamiento_caudete.jpg\",\"contentUrl\":\"https:\\\/\\\/www.caudete.org\\\/ayuntamiento\\\/wp-content\\\/uploads\\\/2020\\\/11\\\/logo_ayuntamiento_caudete.jpg\",\"width\":600,\"height\":150,\"caption\":\"Ayuntamiento de Caudete\"},\"image\":{\"@id\":\"https:\\\/\\\/www.caudete.org\\\/ayuntamiento\\\/#\\\/schema\\\/logo\\\/image\\\/\"},\"sameAs\":[\"https:\\\/\\\/www.facebook.com\\\/ayuntamientocaudete\\\/\",\"https:\\\/\\\/www.youtube.com\\\/channel\\\/UC6VztHaooNsGpw-tNoBEFnQ\"]},{\"@type\":\"Person\",\"@id\":\"https:\\\/\\\/www.caudete.org\\\/ayuntamiento\\\/#\\\/schema\\\/person\\\/cc646da9133078ee4d8dd47457947253\",\"name\":\"alcalde\",\"image\":{\"@type\":\"ImageObject\",\"inLanguage\":\"es\",\"@id\":\"https:\\\/\\\/secure.gravatar.com\\\/avatar\\\/84a817ba065b29ff08d666b215a215f5c79186a645ccb25b14a663d48a130f77?s=96&d=mm&r=g\",\"url\":\"https:\\\/\\\/secure.gravatar.com\\\/avatar\\\/84a817ba065b29ff08d666b215a215f5c79186a645ccb25b14a663d48a130f77?s=96&d=mm&r=g\",\"contentUrl\":\"https:\\\/\\\/secure.gravatar.com\\\/avatar\\\/84a817ba065b29ff08d666b215a215f5c79186a645ccb25b14a663d48a130f77?s=96&d=mm&r=g\",\"caption\":\"alcalde\"},\"url\":\"https:\\\/\\\/www.caudete.org\\\/ayuntamiento\\\/author\\\/alcalde\\\/\"}]}<\/script>\n<!-- \/ Yoast SEO plugin. -->","yoast_head_json":{"title":"Visita a TECNIFOAM tras el incremento de plantilla e inversi\u00f3n realizada - MI Ayuntamiento de Caudete","description":"P\u00e1gina Oficial del Ayuntamiento de Caudete (Albacete)","robots":{"index":"index","follow":"follow","max-snippet":"max-snippet:-1","max-image-preview":"max-image-preview:large","max-video-preview":"max-video-preview:-1"},"canonical":"https:\/\/www.caudete.org\/ayuntamiento\/visita-a-tecnifoam-tras-el-incremento-de-plantilla\/","og_locale":"es_ES","og_type":"article","og_title":"Visita a TECNIFOAM tras el incremento de plantilla e inversi\u00f3n realizada - MI Ayuntamiento de Caudete","og_description":"P\u00e1gina Oficial del Ayuntamiento de Caudete (Albacete)","og_url":"https:\/\/www.caudete.org\/ayuntamiento\/visita-a-tecnifoam-tras-el-incremento-de-plantilla\/","og_site_name":"MI Ayuntamiento de Caudete","article_publisher":"https:\/\/www.facebook.com\/ayuntamientocaudete\/","article_published_time":"2021-04-23T08:30:23+00:00","og_image":[{"width":864,"height":380,"url":"https:\/\/www.caudete.org\/ayuntamiento\/wp-content\/uploads\/2021\/04\/Tecnifoam-Web.jpg","type":"image\/jpeg"}],"author":"alcalde","twitter_card":"summary_large_image","twitter_misc":{"Escrito por":"alcalde","Tiempo de lectura":"2 minutos"},"schema":{"@context":"https:\/\/schema.org","@graph":[{"@type":"Article","@id":"https:\/\/www.caudete.org\/ayuntamiento\/visita-a-tecnifoam-tras-el-incremento-de-plantilla\/#article","isPartOf":{"@id":"https:\/\/www.caudete.org\/ayuntamiento\/visita-a-tecnifoam-tras-el-incremento-de-plantilla\/"},"author":{"name":"alcalde","@id":"https:\/\/www.caudete.org\/ayuntamiento\/#\/schema\/person\/cc646da9133078ee4d8dd47457947253"},"headline":"Visita a TECNIFOAM tras el incremento de plantilla e inversi\u00f3n realizada","datePublished":"2021-04-23T08:30:23+00:00","mainEntityOfPage":{"@id":"https:\/\/www.caudete.org\/ayuntamiento\/visita-a-tecnifoam-tras-el-incremento-de-plantilla\/"},"wordCount":426,"publisher":{"@id":"https:\/\/www.caudete.org\/ayuntamiento\/#organization"},"image":{"@id":"https:\/\/www.caudete.org\/ayuntamiento\/visita-a-tecnifoam-tras-el-incremento-de-plantilla\/#primaryimage"},"thumbnailUrl":"https:\/\/www.caudete.org\/ayuntamiento\/wp-content\/uploads\/2021\/04\/Tecnifoam-Web.jpg","articleSection":["Industria y Empresas"],"inLanguage":"es"},{"@type":"WebPage","@id":"https:\/\/www.caudete.org\/ayuntamiento\/visita-a-tecnifoam-tras-el-incremento-de-plantilla\/","url":"https:\/\/www.caudete.org\/ayuntamiento\/visita-a-tecnifoam-tras-el-incremento-de-plantilla\/","name":"Visita a TECNIFOAM tras el incremento de plantilla e inversi\u00f3n realizada - MI Ayuntamiento de Caudete","isPartOf":{"@id":"https:\/\/www.caudete.org\/ayuntamiento\/#website"},"primaryImageOfPage":{"@id":"https:\/\/www.caudete.org\/ayuntamiento\/visita-a-tecnifoam-tras-el-incremento-de-plantilla\/#primaryimage"},"image":{"@id":"https:\/\/www.caudete.org\/ayuntamiento\/visita-a-tecnifoam-tras-el-incremento-de-plantilla\/#primaryimage"},"thumbnailUrl":"https:\/\/www.caudete.org\/ayuntamiento\/wp-content\/uploads\/2021\/04\/Tecnifoam-Web.jpg","datePublished":"2021-04-23T08:30:23+00:00","description":"P\u00e1gina Oficial del Ayuntamiento de Caudete (Albacete)","breadcrumb":{"@id":"https:\/\/www.caudete.org\/ayuntamiento\/visita-a-tecnifoam-tras-el-incremento-de-plantilla\/#breadcrumb"},"inLanguage":"es","potentialAction":[{"@type":"ReadAction","target":["https:\/\/www.caudete.org\/ayuntamiento\/visita-a-tecnifoam-tras-el-incremento-de-plantilla\/"]}]},{"@type":"ImageObject","inLanguage":"es","@id":"https:\/\/www.caudete.org\/ayuntamiento\/visita-a-tecnifoam-tras-el-incremento-de-plantilla\/#primaryimage","url":"https:\/\/www.caudete.org\/ayuntamiento\/wp-content\/uploads\/2021\/04\/Tecnifoam-Web.jpg","contentUrl":"https:\/\/www.caudete.org\/ayuntamiento\/wp-content\/uploads\/2021\/04\/Tecnifoam-Web.jpg","width":864,"height":380},{"@type":"BreadcrumbList","@id":"https:\/\/www.caudete.org\/ayuntamiento\/visita-a-tecnifoam-tras-el-incremento-de-plantilla\/#breadcrumb","itemListElement":[{"@type":"ListItem","position":1,"name":"Inicio","item":"https:\/\/www.caudete.org\/ayuntamiento\/"},{"@type":"ListItem","position":2,"name":"Visita a TECNIFOAM tras el incremento de plantilla e inversi\u00f3n realizada"}]},{"@type":"WebSite","@id":"https:\/\/www.caudete.org\/ayuntamiento\/#website","url":"https:\/\/www.caudete.org\/ayuntamiento\/","name":"MI Ayuntamiento de Caudete","description":"P\u00e1gina Oficial del MI Ayuntamiento de Caudete","publisher":{"@id":"https:\/\/www.caudete.org\/ayuntamiento\/#organization"},"potentialAction":[{"@type":"SearchAction","target":{"@type":"EntryPoint","urlTemplate":"https:\/\/www.caudete.org\/ayuntamiento\/?s={search_term_string}"},"query-input":{"@type":"PropertyValueSpecification","valueRequired":true,"valueName":"search_term_string"}}],"inLanguage":"es"},{"@type":"Organization","@id":"https:\/\/www.caudete.org\/ayuntamiento\/#organization","name":"Ayuntamiento de Caudete","url":"https:\/\/www.caudete.org\/ayuntamiento\/","logo":{"@type":"ImageObject","inLanguage":"es","@id":"https:\/\/www.caudete.org\/ayuntamiento\/#\/schema\/logo\/image\/","url":"https:\/\/www.caudete.org\/ayuntamiento\/wp-content\/uploads\/2020\/11\/logo_ayuntamiento_caudete.jpg","contentUrl":"https:\/\/www.caudete.org\/ayuntamiento\/wp-content\/uploads\/2020\/11\/logo_ayuntamiento_caudete.jpg","width":600,"height":150,"caption":"Ayuntamiento de Caudete"},"image":{"@id":"https:\/\/www.caudete.org\/ayuntamiento\/#\/schema\/logo\/image\/"},"sameAs":["https:\/\/www.facebook.com\/ayuntamientocaudete\/","https:\/\/www.youtube.com\/channel\/UC6VztHaooNsGpw-tNoBEFnQ"]},{"@type":"Person","@id":"https:\/\/www.caudete.org\/ayuntamiento\/#\/schema\/person\/cc646da9133078ee4d8dd47457947253","name":"alcalde","image":{"@type":"ImageObject","inLanguage":"es","@id":"https:\/\/secure.gravatar.com\/avatar\/84a817ba065b29ff08d666b215a215f5c79186a645ccb25b14a663d48a130f77?s=96&d=mm&r=g","url":"https:\/\/secure.gravatar.com\/avatar\/84a817ba065b29ff08d666b215a215f5c79186a645ccb25b14a663d48a130f77?s=96&d=mm&r=g","contentUrl":"https:\/\/secure.gravatar.com\/avatar\/84a817ba065b29ff08d666b215a215f5c79186a645ccb25b14a663d48a130f77?s=96&d=mm&r=g","caption":"alcalde"},"url":"https:\/\/www.caudete.org\/ayuntamiento\/author\/alcalde\/"}]}},"_links":{"self":[{"href":"https:\/\/www.caudete.org\/ayuntamiento\/wp-json\/wp\/v2\/posts\/13863","targetHints":{"allow":["GET"]}}],"collection":[{"href":"https:\/\/www.caudete.org\/ayuntamiento\/wp-json\/wp\/v2\/posts"}],"about":[{"href":"https:\/\/www.caudete.org\/ayuntamiento\/wp-json\/wp\/v2\/types\/post"}],"author":[{"embeddable":true,"href":"https:\/\/www.caudete.org\/ayuntamiento\/wp-json\/wp\/v2\/users\/3"}],"replies":[{"embeddable":true,"href":"https:\/\/www.caudete.org\/ayuntamiento\/wp-json\/wp\/v2\/comments?post=13863"}],"version-history":[{"count":2,"href":"https:\/\/www.caudete.org\/ayuntamiento\/wp-json\/wp\/v2\/posts\/13863\/revisions"}],"predecessor-version":[{"id":14008,"href":"https:\/\/www.caudete.org\/ayuntamiento\/wp-json\/wp\/v2\/posts\/13863\/revisions\/14008"}],"wp:featuredmedia":[{"embeddable":true,"href":"https:\/\/www.caudete.org\/ayuntamiento\/wp-json\/wp\/v2\/media\/13933"}],"wp:attachment":[{"href":"https:\/\/www.caudete.org\/ayuntamiento\/wp-json\/wp\/v2\/media?parent=13863"}],"wp:term":[{"taxonomy":"category","embeddable":true,"href":"https:\/\/www.caudete.org\/ayuntamiento\/wp-json\/wp\/v2\/categories?post=13863"},{"taxonomy":"post_tag","embeddable":true,"href":"https:\/\/www.caudete.org\/ayuntamiento\/wp-json\/wp\/v2\/tags?post=13863"}],"curies":[{"name":"wp","href":"https:\/\/api.w.org\/{rel}","templated":true}]}}