{"id":13867,"date":"2021-04-14T20:29:46","date_gmt":"2021-04-14T18:29:46","guid":{"rendered":"https:\/\/www.caudete.org\/ayuntamiento\/?p=13867"},"modified":"2021-04-14T20:30:46","modified_gmt":"2021-04-14T18:30:46","slug":"campana-de-reciclaje-en-los-colegios-la-vida-de-las-cosas","status":"publish","type":"post","link":"https:\/\/www.caudete.org\/ayuntamiento\/campana-de-reciclaje-en-los-colegios-la-vida-de-las-cosas\/","title":{"rendered":"LA VIDA DE LAS COSAS. Campa\u00f1a municipal de reciclaje en los Colegios"},"content":{"rendered":"<p><img fetchpriority=\"high\" decoding=\"async\" class=\"alignnone size-medium wp-image-13869 aligncenter\" src=\"https:\/\/www.caudete.org\/ayuntamiento\/wp-content\/uploads\/2021\/04\/WhatsApp-Image-2021-04-14-at-16.59.22-300x169.jpeg\" alt=\"\" width=\"300\" height=\"169\" srcset=\"https:\/\/www.caudete.org\/ayuntamiento\/wp-content\/uploads\/2021\/04\/WhatsApp-Image-2021-04-14-at-16.59.22-300x169.jpeg 300w, https:\/\/www.caudete.org\/ayuntamiento\/wp-content\/uploads\/2021\/04\/WhatsApp-Image-2021-04-14-at-16.59.22.jpeg 683w\" sizes=\"(max-width: 300px) 100vw, 300px\" \/><\/p>\n<p style=\"text-align: justify;\"><span style=\"font-weight: 400;\">La Concejal\u00eda de Servicios, en colaboraci\u00f3n con la de Educaci\u00f3n ha iniciado\u00a0 una campa\u00f1a en los diferentes Colegios de la localidad enfocadas a la sensibilizaci\u00f3n y concienciaci\u00f3n sobre el reciclado de las diversas fracciones de residuos: envases, papel, vidrio, materia org\u00e1nica y resto. <\/span><\/p>\n<p style=\"text-align: justify;\"><span style=\"font-weight: 400;\">A tal fin, 2 educadores ambientales de la empresa FOBESA van a realizar durante la presente semana 5 sesiones informativas a los alumnos de 1\u00ba o 2\u00ba de primaria. Esta iniciativa viene a reforzar la importancia del reciclaje mediante un m\u00e9todo participativo y muy din\u00e1mico que permitir\u00e1 a los j\u00f3venes aprender sobre los residuos de una forma divertida e intuitiva.<\/span><\/p>\n<p style=\"text-align: justify;\"><span style=\"font-weight: 400;\">Con estas sesiones conseguimos dar difusi\u00f3n y ense\u00f1ar sobre el uso de la reciente implantaci\u00f3n de recogida de <em>biorresiduos<\/em>, el famoso &#8220;contenedor marr\u00f3n&#8221; desplegado en nuestras calles y que tan buenos resultados est\u00e1 ofreciendo.<\/span><\/p>\n<p style=\"text-align: justify;\"><span style=\"font-weight: 400;\">La campa\u00f1a ha sido llamada &#8220;La vida de las cosas&#8221; dise\u00f1ada como charlas interactivas denominadas &#8220;reciclases&#8221; que cuenta con diferentes materiales de apoyo y v\u00eddeos:\u00a0 30 tablets, comics, fichas de manualidades, etc. <\/span><\/p>\n<p style=\"text-align: justify;\"><span style=\"font-weight: 400;\">En el d\u00eda de hoy el Alcalde y el Concejal de Servicios se han desplazado hasta la primera de las sesiones para comprobar el desarrollo de las mismas, y la acogida por parte de alumnos y profesores.\u00a0 <\/span><\/p>\n<p style=\"text-align: justify;\"><span style=\"font-weight: 400;\">El Colegio\u00a0 &#8220;El Paseo&#8221; y el &#8220;Amor de Dios&#8221; han sido quienes han iniciado la campa\u00f1a, siendo el turno de ma\u00f1ana para el Colegio &#8220;Alc\u00e1zar y Serrano&#8221;, con dos sesiones (una por cada l\u00ednea), y por \u00faltimo el d\u00eda 16 la charla ser\u00e1 en el &#8220;Gloria Fuertes&#8221;.<\/span><\/p>\n<p style=\"text-align: justify;\"><span style=\"font-weight: 400;\">El Concejal remarcaba que &#8220;<em>creemos en la importancia de orientar a los ni\u00f1os desde muy temprana edad hacia las pr\u00e1cticas ecosostenibles, que los ayuden a convertirse en ciudadanos concienciados y sensibilizados con la necesidad de separar los residuos y depositarlos correctamente en sus respectivos contenedores, ya que en un futuro, ser\u00e1n ellos los principales responsables de la salud de nuestro planeta<\/em>&#8220;.<\/span><\/p>\n<p>&nbsp;<\/p>\n<p><span style=\"font-weight: 400;\">Enlace:<\/span><a href=\"http:\/\/lavidadelascosas.com\/\" target=\"_blank\" rel=\"nofollow\"> <span style=\"font-weight: 400;\">Home &#8211; La vida de las cosas<\/span><\/a><\/p>\n","protected":false},"excerpt":{"rendered":"<p>La Concejal\u00eda de Servicios, en colaboraci\u00f3n con la de Educaci\u00f3n ha iniciado\u00a0 una campa\u00f1a en los diferentes Colegios de la localidad enfocadas a la sensibilizaci\u00f3n y concienciaci\u00f3n sobre el reciclado de las diversas fracciones de residuos: envases, papel, vidrio, materia org\u00e1nica y resto. A tal fin, 2 educadores ambientales de la empresa FOBESA van a &hellip;<\/p>\n","protected":false},"author":3,"featured_media":13868,"comment_status":"closed","ping_status":"open","sticky":false,"template":"","format":"standard","meta":{"ngg_post_thumbnail":0,"footnotes":""},"categories":[270],"tags":[],"class_list":["post-13867","post","type-post","status-publish","format-standard","has-post-thumbnail","hentry","category-servicios"],"yoast_head":"<!-- This site is optimized with the Yoast SEO plugin v27.5 - https:\/\/yoast.com\/product\/yoast-seo-wordpress\/ -->\n<title>LA VIDA DE LAS COSAS. Campa\u00f1a municipal de reciclaje en los Colegios - MI Ayuntamiento de Caudete<\/title>\n<meta name=\"description\" content=\"P\u00e1gina Oficial del Ayuntamiento de Caudete (Albacete)\" \/>\n<meta name=\"robots\" content=\"index, follow, max-snippet:-1, max-image-preview:large, max-video-preview:-1\" \/>\n<link rel=\"canonical\" href=\"https:\/\/www.caudete.org\/ayuntamiento\/campana-de-reciclaje-en-los-colegios-la-vida-de-las-cosas\/\" \/>\n<meta property=\"og:locale\" content=\"es_ES\" \/>\n<meta property=\"og:type\" content=\"article\" \/>\n<meta property=\"og:title\" content=\"LA VIDA DE LAS COSAS. Campa\u00f1a municipal de reciclaje en los Colegios - MI Ayuntamiento de Caudete\" \/>\n<meta property=\"og:description\" content=\"P\u00e1gina Oficial del Ayuntamiento de Caudete (Albacete)\" \/>\n<meta property=\"og:url\" content=\"https:\/\/www.caudete.org\/ayuntamiento\/campana-de-reciclaje-en-los-colegios-la-vida-de-las-cosas\/\" \/>\n<meta property=\"og:site_name\" content=\"MI Ayuntamiento de Caudete\" \/>\n<meta property=\"article:publisher\" content=\"https:\/\/www.facebook.com\/ayuntamientocaudete\/\" \/>\n<meta property=\"article:published_time\" content=\"2021-04-14T18:29:46+00:00\" \/>\n<meta property=\"article:modified_time\" content=\"2021-04-14T18:30:46+00:00\" \/>\n<meta property=\"og:image\" content=\"https:\/\/www.caudete.org\/ayuntamiento\/wp-content\/uploads\/2021\/04\/WhatsApp-Image-2021-04-14-at-15.31.41.jpeg\" \/>\n\t<meta property=\"og:image:width\" content=\"2048\" \/>\n\t<meta property=\"og:image:height\" content=\"1536\" \/>\n\t<meta property=\"og:image:type\" content=\"image\/jpeg\" \/>\n<meta name=\"author\" content=\"alcalde\" \/>\n<meta name=\"twitter:card\" content=\"summary_large_image\" \/>\n<meta name=\"twitter:label1\" content=\"Escrito por\" \/>\n\t<meta name=\"twitter:data1\" content=\"alcalde\" \/>\n\t<meta name=\"twitter:label2\" content=\"Tiempo de lectura\" \/>\n\t<meta name=\"twitter:data2\" content=\"2 minutos\" \/>\n<script type=\"application\/ld+json\" class=\"yoast-schema-graph\">{\"@context\":\"https:\\\/\\\/schema.org\",\"@graph\":[{\"@type\":\"Article\",\"@id\":\"https:\\\/\\\/www.caudete.org\\\/ayuntamiento\\\/campana-de-reciclaje-en-los-colegios-la-vida-de-las-cosas\\\/#article\",\"isPartOf\":{\"@id\":\"https:\\\/\\\/www.caudete.org\\\/ayuntamiento\\\/campana-de-reciclaje-en-los-colegios-la-vida-de-las-cosas\\\/\"},\"author\":{\"name\":\"alcalde\",\"@id\":\"https:\\\/\\\/www.caudete.org\\\/ayuntamiento\\\/#\\\/schema\\\/person\\\/cc646da9133078ee4d8dd47457947253\"},\"headline\":\"LA VIDA DE LAS COSAS. Campa\u00f1a municipal de reciclaje en los Colegios\",\"datePublished\":\"2021-04-14T18:29:46+00:00\",\"dateModified\":\"2021-04-14T18:30:46+00:00\",\"mainEntityOfPage\":{\"@id\":\"https:\\\/\\\/www.caudete.org\\\/ayuntamiento\\\/campana-de-reciclaje-en-los-colegios-la-vida-de-las-cosas\\\/\"},\"wordCount\":356,\"publisher\":{\"@id\":\"https:\\\/\\\/www.caudete.org\\\/ayuntamiento\\\/#organization\"},\"image\":{\"@id\":\"https:\\\/\\\/www.caudete.org\\\/ayuntamiento\\\/campana-de-reciclaje-en-los-colegios-la-vida-de-las-cosas\\\/#primaryimage\"},\"thumbnailUrl\":\"https:\\\/\\\/www.caudete.org\\\/ayuntamiento\\\/wp-content\\\/uploads\\\/2021\\\/04\\\/WhatsApp-Image-2021-04-14-at-15.31.41.jpeg\",\"articleSection\":[\"Servicios\"],\"inLanguage\":\"es\"},{\"@type\":\"WebPage\",\"@id\":\"https:\\\/\\\/www.caudete.org\\\/ayuntamiento\\\/campana-de-reciclaje-en-los-colegios-la-vida-de-las-cosas\\\/\",\"url\":\"https:\\\/\\\/www.caudete.org\\\/ayuntamiento\\\/campana-de-reciclaje-en-los-colegios-la-vida-de-las-cosas\\\/\",\"name\":\"LA VIDA DE LAS COSAS. Campa\u00f1a municipal de reciclaje en los Colegios - MI Ayuntamiento de Caudete\",\"isPartOf\":{\"@id\":\"https:\\\/\\\/www.caudete.org\\\/ayuntamiento\\\/#website\"},\"primaryImageOfPage\":{\"@id\":\"https:\\\/\\\/www.caudete.org\\\/ayuntamiento\\\/campana-de-reciclaje-en-los-colegios-la-vida-de-las-cosas\\\/#primaryimage\"},\"image\":{\"@id\":\"https:\\\/\\\/www.caudete.org\\\/ayuntamiento\\\/campana-de-reciclaje-en-los-colegios-la-vida-de-las-cosas\\\/#primaryimage\"},\"thumbnailUrl\":\"https:\\\/\\\/www.caudete.org\\\/ayuntamiento\\\/wp-content\\\/uploads\\\/2021\\\/04\\\/WhatsApp-Image-2021-04-14-at-15.31.41.jpeg\",\"datePublished\":\"2021-04-14T18:29:46+00:00\",\"dateModified\":\"2021-04-14T18:30:46+00:00\",\"description\":\"P\u00e1gina Oficial del Ayuntamiento de Caudete (Albacete)\",\"breadcrumb\":{\"@id\":\"https:\\\/\\\/www.caudete.org\\\/ayuntamiento\\\/campana-de-reciclaje-en-los-colegios-la-vida-de-las-cosas\\\/#breadcrumb\"},\"inLanguage\":\"es\",\"potentialAction\":[{\"@type\":\"ReadAction\",\"target\":[\"https:\\\/\\\/www.caudete.org\\\/ayuntamiento\\\/campana-de-reciclaje-en-los-colegios-la-vida-de-las-cosas\\\/\"]}]},{\"@type\":\"ImageObject\",\"inLanguage\":\"es\",\"@id\":\"https:\\\/\\\/www.caudete.org\\\/ayuntamiento\\\/campana-de-reciclaje-en-los-colegios-la-vida-de-las-cosas\\\/#primaryimage\",\"url\":\"https:\\\/\\\/www.caudete.org\\\/ayuntamiento\\\/wp-content\\\/uploads\\\/2021\\\/04\\\/WhatsApp-Image-2021-04-14-at-15.31.41.jpeg\",\"contentUrl\":\"https:\\\/\\\/www.caudete.org\\\/ayuntamiento\\\/wp-content\\\/uploads\\\/2021\\\/04\\\/WhatsApp-Image-2021-04-14-at-15.31.41.jpeg\",\"width\":2048,\"height\":1536},{\"@type\":\"BreadcrumbList\",\"@id\":\"https:\\\/\\\/www.caudete.org\\\/ayuntamiento\\\/campana-de-reciclaje-en-los-colegios-la-vida-de-las-cosas\\\/#breadcrumb\",\"itemListElement\":[{\"@type\":\"ListItem\",\"position\":1,\"name\":\"Inicio\",\"item\":\"https:\\\/\\\/www.caudete.org\\\/ayuntamiento\\\/\"},{\"@type\":\"ListItem\",\"position\":2,\"name\":\"LA VIDA DE LAS COSAS. Campa\u00f1a municipal de reciclaje en los Colegios\"}]},{\"@type\":\"WebSite\",\"@id\":\"https:\\\/\\\/www.caudete.org\\\/ayuntamiento\\\/#website\",\"url\":\"https:\\\/\\\/www.caudete.org\\\/ayuntamiento\\\/\",\"name\":\"MI Ayuntamiento de Caudete\",\"description\":\"P\u00e1gina Oficial del MI Ayuntamiento de Caudete\",\"publisher\":{\"@id\":\"https:\\\/\\\/www.caudete.org\\\/ayuntamiento\\\/#organization\"},\"potentialAction\":[{\"@type\":\"SearchAction\",\"target\":{\"@type\":\"EntryPoint\",\"urlTemplate\":\"https:\\\/\\\/www.caudete.org\\\/ayuntamiento\\\/?s={search_term_string}\"},\"query-input\":{\"@type\":\"PropertyValueSpecification\",\"valueRequired\":true,\"valueName\":\"search_term_string\"}}],\"inLanguage\":\"es\"},{\"@type\":\"Organization\",\"@id\":\"https:\\\/\\\/www.caudete.org\\\/ayuntamiento\\\/#organization\",\"name\":\"Ayuntamiento de Caudete\",\"url\":\"https:\\\/\\\/www.caudete.org\\\/ayuntamiento\\\/\",\"logo\":{\"@type\":\"ImageObject\",\"inLanguage\":\"es\",\"@id\":\"https:\\\/\\\/www.caudete.org\\\/ayuntamiento\\\/#\\\/schema\\\/logo\\\/image\\\/\",\"url\":\"https:\\\/\\\/www.caudete.org\\\/ayuntamiento\\\/wp-content\\\/uploads\\\/2020\\\/11\\\/logo_ayuntamiento_caudete.jpg\",\"contentUrl\":\"https:\\\/\\\/www.caudete.org\\\/ayuntamiento\\\/wp-content\\\/uploads\\\/2020\\\/11\\\/logo_ayuntamiento_caudete.jpg\",\"width\":600,\"height\":150,\"caption\":\"Ayuntamiento de Caudete\"},\"image\":{\"@id\":\"https:\\\/\\\/www.caudete.org\\\/ayuntamiento\\\/#\\\/schema\\\/logo\\\/image\\\/\"},\"sameAs\":[\"https:\\\/\\\/www.facebook.com\\\/ayuntamientocaudete\\\/\",\"https:\\\/\\\/www.youtube.com\\\/channel\\\/UC6VztHaooNsGpw-tNoBEFnQ\"]},{\"@type\":\"Person\",\"@id\":\"https:\\\/\\\/www.caudete.org\\\/ayuntamiento\\\/#\\\/schema\\\/person\\\/cc646da9133078ee4d8dd47457947253\",\"name\":\"alcalde\",\"image\":{\"@type\":\"ImageObject\",\"inLanguage\":\"es\",\"@id\":\"https:\\\/\\\/secure.gravatar.com\\\/avatar\\\/84a817ba065b29ff08d666b215a215f5c79186a645ccb25b14a663d48a130f77?s=96&d=mm&r=g\",\"url\":\"https:\\\/\\\/secure.gravatar.com\\\/avatar\\\/84a817ba065b29ff08d666b215a215f5c79186a645ccb25b14a663d48a130f77?s=96&d=mm&r=g\",\"contentUrl\":\"https:\\\/\\\/secure.gravatar.com\\\/avatar\\\/84a817ba065b29ff08d666b215a215f5c79186a645ccb25b14a663d48a130f77?s=96&d=mm&r=g\",\"caption\":\"alcalde\"},\"url\":\"https:\\\/\\\/www.caudete.org\\\/ayuntamiento\\\/author\\\/alcalde\\\/\"}]}<\/script>\n<!-- \/ Yoast SEO plugin. -->","yoast_head_json":{"title":"LA VIDA DE LAS COSAS. Campa\u00f1a municipal de reciclaje en los Colegios - MI Ayuntamiento de Caudete","description":"P\u00e1gina Oficial del Ayuntamiento de Caudete (Albacete)","robots":{"index":"index","follow":"follow","max-snippet":"max-snippet:-1","max-image-preview":"max-image-preview:large","max-video-preview":"max-video-preview:-1"},"canonical":"https:\/\/www.caudete.org\/ayuntamiento\/campana-de-reciclaje-en-los-colegios-la-vida-de-las-cosas\/","og_locale":"es_ES","og_type":"article","og_title":"LA VIDA DE LAS COSAS. Campa\u00f1a municipal de reciclaje en los Colegios - MI Ayuntamiento de Caudete","og_description":"P\u00e1gina Oficial del Ayuntamiento de Caudete (Albacete)","og_url":"https:\/\/www.caudete.org\/ayuntamiento\/campana-de-reciclaje-en-los-colegios-la-vida-de-las-cosas\/","og_site_name":"MI Ayuntamiento de Caudete","article_publisher":"https:\/\/www.facebook.com\/ayuntamientocaudete\/","article_published_time":"2021-04-14T18:29:46+00:00","article_modified_time":"2021-04-14T18:30:46+00:00","og_image":[{"width":2048,"height":1536,"url":"https:\/\/www.caudete.org\/ayuntamiento\/wp-content\/uploads\/2021\/04\/WhatsApp-Image-2021-04-14-at-15.31.41.jpeg","type":"image\/jpeg"}],"author":"alcalde","twitter_card":"summary_large_image","twitter_misc":{"Escrito por":"alcalde","Tiempo de lectura":"2 minutos"},"schema":{"@context":"https:\/\/schema.org","@graph":[{"@type":"Article","@id":"https:\/\/www.caudete.org\/ayuntamiento\/campana-de-reciclaje-en-los-colegios-la-vida-de-las-cosas\/#article","isPartOf":{"@id":"https:\/\/www.caudete.org\/ayuntamiento\/campana-de-reciclaje-en-los-colegios-la-vida-de-las-cosas\/"},"author":{"name":"alcalde","@id":"https:\/\/www.caudete.org\/ayuntamiento\/#\/schema\/person\/cc646da9133078ee4d8dd47457947253"},"headline":"LA VIDA DE LAS COSAS. Campa\u00f1a municipal de reciclaje en los Colegios","datePublished":"2021-04-14T18:29:46+00:00","dateModified":"2021-04-14T18:30:46+00:00","mainEntityOfPage":{"@id":"https:\/\/www.caudete.org\/ayuntamiento\/campana-de-reciclaje-en-los-colegios-la-vida-de-las-cosas\/"},"wordCount":356,"publisher":{"@id":"https:\/\/www.caudete.org\/ayuntamiento\/#organization"},"image":{"@id":"https:\/\/www.caudete.org\/ayuntamiento\/campana-de-reciclaje-en-los-colegios-la-vida-de-las-cosas\/#primaryimage"},"thumbnailUrl":"https:\/\/www.caudete.org\/ayuntamiento\/wp-content\/uploads\/2021\/04\/WhatsApp-Image-2021-04-14-at-15.31.41.jpeg","articleSection":["Servicios"],"inLanguage":"es"},{"@type":"WebPage","@id":"https:\/\/www.caudete.org\/ayuntamiento\/campana-de-reciclaje-en-los-colegios-la-vida-de-las-cosas\/","url":"https:\/\/www.caudete.org\/ayuntamiento\/campana-de-reciclaje-en-los-colegios-la-vida-de-las-cosas\/","name":"LA VIDA DE LAS COSAS. Campa\u00f1a municipal de reciclaje en los Colegios - MI Ayuntamiento de Caudete","isPartOf":{"@id":"https:\/\/www.caudete.org\/ayuntamiento\/#website"},"primaryImageOfPage":{"@id":"https:\/\/www.caudete.org\/ayuntamiento\/campana-de-reciclaje-en-los-colegios-la-vida-de-las-cosas\/#primaryimage"},"image":{"@id":"https:\/\/www.caudete.org\/ayuntamiento\/campana-de-reciclaje-en-los-colegios-la-vida-de-las-cosas\/#primaryimage"},"thumbnailUrl":"https:\/\/www.caudete.org\/ayuntamiento\/wp-content\/uploads\/2021\/04\/WhatsApp-Image-2021-04-14-at-15.31.41.jpeg","datePublished":"2021-04-14T18:29:46+00:00","dateModified":"2021-04-14T18:30:46+00:00","description":"P\u00e1gina Oficial del Ayuntamiento de Caudete (Albacete)","breadcrumb":{"@id":"https:\/\/www.caudete.org\/ayuntamiento\/campana-de-reciclaje-en-los-colegios-la-vida-de-las-cosas\/#breadcrumb"},"inLanguage":"es","potentialAction":[{"@type":"ReadAction","target":["https:\/\/www.caudete.org\/ayuntamiento\/campana-de-reciclaje-en-los-colegios-la-vida-de-las-cosas\/"]}]},{"@type":"ImageObject","inLanguage":"es","@id":"https:\/\/www.caudete.org\/ayuntamiento\/campana-de-reciclaje-en-los-colegios-la-vida-de-las-cosas\/#primaryimage","url":"https:\/\/www.caudete.org\/ayuntamiento\/wp-content\/uploads\/2021\/04\/WhatsApp-Image-2021-04-14-at-15.31.41.jpeg","contentUrl":"https:\/\/www.caudete.org\/ayuntamiento\/wp-content\/uploads\/2021\/04\/WhatsApp-Image-2021-04-14-at-15.31.41.jpeg","width":2048,"height":1536},{"@type":"BreadcrumbList","@id":"https:\/\/www.caudete.org\/ayuntamiento\/campana-de-reciclaje-en-los-colegios-la-vida-de-las-cosas\/#breadcrumb","itemListElement":[{"@type":"ListItem","position":1,"name":"Inicio","item":"https:\/\/www.caudete.org\/ayuntamiento\/"},{"@type":"ListItem","position":2,"name":"LA VIDA DE LAS COSAS. Campa\u00f1a municipal de reciclaje en los Colegios"}]},{"@type":"WebSite","@id":"https:\/\/www.caudete.org\/ayuntamiento\/#website","url":"https:\/\/www.caudete.org\/ayuntamiento\/","name":"MI Ayuntamiento de Caudete","description":"P\u00e1gina Oficial del MI Ayuntamiento de Caudete","publisher":{"@id":"https:\/\/www.caudete.org\/ayuntamiento\/#organization"},"potentialAction":[{"@type":"SearchAction","target":{"@type":"EntryPoint","urlTemplate":"https:\/\/www.caudete.org\/ayuntamiento\/?s={search_term_string}"},"query-input":{"@type":"PropertyValueSpecification","valueRequired":true,"valueName":"search_term_string"}}],"inLanguage":"es"},{"@type":"Organization","@id":"https:\/\/www.caudete.org\/ayuntamiento\/#organization","name":"Ayuntamiento de Caudete","url":"https:\/\/www.caudete.org\/ayuntamiento\/","logo":{"@type":"ImageObject","inLanguage":"es","@id":"https:\/\/www.caudete.org\/ayuntamiento\/#\/schema\/logo\/image\/","url":"https:\/\/www.caudete.org\/ayuntamiento\/wp-content\/uploads\/2020\/11\/logo_ayuntamiento_caudete.jpg","contentUrl":"https:\/\/www.caudete.org\/ayuntamiento\/wp-content\/uploads\/2020\/11\/logo_ayuntamiento_caudete.jpg","width":600,"height":150,"caption":"Ayuntamiento de Caudete"},"image":{"@id":"https:\/\/www.caudete.org\/ayuntamiento\/#\/schema\/logo\/image\/"},"sameAs":["https:\/\/www.facebook.com\/ayuntamientocaudete\/","https:\/\/www.youtube.com\/channel\/UC6VztHaooNsGpw-tNoBEFnQ"]},{"@type":"Person","@id":"https:\/\/www.caudete.org\/ayuntamiento\/#\/schema\/person\/cc646da9133078ee4d8dd47457947253","name":"alcalde","image":{"@type":"ImageObject","inLanguage":"es","@id":"https:\/\/secure.gravatar.com\/avatar\/84a817ba065b29ff08d666b215a215f5c79186a645ccb25b14a663d48a130f77?s=96&d=mm&r=g","url":"https:\/\/secure.gravatar.com\/avatar\/84a817ba065b29ff08d666b215a215f5c79186a645ccb25b14a663d48a130f77?s=96&d=mm&r=g","contentUrl":"https:\/\/secure.gravatar.com\/avatar\/84a817ba065b29ff08d666b215a215f5c79186a645ccb25b14a663d48a130f77?s=96&d=mm&r=g","caption":"alcalde"},"url":"https:\/\/www.caudete.org\/ayuntamiento\/author\/alcalde\/"}]}},"_links":{"self":[{"href":"https:\/\/www.caudete.org\/ayuntamiento\/wp-json\/wp\/v2\/posts\/13867","targetHints":{"allow":["GET"]}}],"collection":[{"href":"https:\/\/www.caudete.org\/ayuntamiento\/wp-json\/wp\/v2\/posts"}],"about":[{"href":"https:\/\/www.caudete.org\/ayuntamiento\/wp-json\/wp\/v2\/types\/post"}],"author":[{"embeddable":true,"href":"https:\/\/www.caudete.org\/ayuntamiento\/wp-json\/wp\/v2\/users\/3"}],"replies":[{"embeddable":true,"href":"https:\/\/www.caudete.org\/ayuntamiento\/wp-json\/wp\/v2\/comments?post=13867"}],"version-history":[{"count":3,"href":"https:\/\/www.caudete.org\/ayuntamiento\/wp-json\/wp\/v2\/posts\/13867\/revisions"}],"predecessor-version":[{"id":13872,"href":"https:\/\/www.caudete.org\/ayuntamiento\/wp-json\/wp\/v2\/posts\/13867\/revisions\/13872"}],"wp:featuredmedia":[{"embeddable":true,"href":"https:\/\/www.caudete.org\/ayuntamiento\/wp-json\/wp\/v2\/media\/13868"}],"wp:attachment":[{"href":"https:\/\/www.caudete.org\/ayuntamiento\/wp-json\/wp\/v2\/media?parent=13867"}],"wp:term":[{"taxonomy":"category","embeddable":true,"href":"https:\/\/www.caudete.org\/ayuntamiento\/wp-json\/wp\/v2\/categories?post=13867"},{"taxonomy":"post_tag","embeddable":true,"href":"https:\/\/www.caudete.org\/ayuntamiento\/wp-json\/wp\/v2\/tags?post=13867"}],"curies":[{"name":"wp","href":"https:\/\/api.w.org\/{rel}","templated":true}]}}