{"id":13873,"date":"2021-04-15T13:27:40","date_gmt":"2021-04-15T11:27:40","guid":{"rendered":"https:\/\/www.caudete.org\/ayuntamiento\/?p=13873"},"modified":"2021-04-15T13:48:13","modified_gmt":"2021-04-15T11:48:13","slug":"presentada-en-la-biblioteca-publica-la-iniciativa-estanteria-con-corazon","status":"publish","type":"post","link":"https:\/\/www.caudete.org\/ayuntamiento\/presentada-en-la-biblioteca-publica-la-iniciativa-estanteria-con-corazon\/","title":{"rendered":"Presentada en la Biblioteca P\u00fablica la iniciativa \u201cESTANTER\u00cdA CON CORAZ\u00d3N\u201d"},"content":{"rendered":"<p>Desde la Concejal\u00eda de Cultura del M. I. Ayuntamiento de Caudete, a trav\u00e9s de la Biblioteca P\u00fablica Municipal Ana Mar\u00eda Matute,\u00a0\u00a0 se ha presentado por parte de Felipe Ba\u00f1\u00f3n, Concejal de Cultura y Maribel Hern\u00e1ndez, portavoz de ASPRONA PLENA INCLUSI\u00d3N de Caudete<strong>, <\/strong>\u00a0la iniciativa\u00a0 llamada <strong>\u201cEstanter\u00eda con coraz\u00f3n\u201d. <\/strong><\/p>\n<p>La Biblioteca de Caudete participa en el proyecto Erasmus + \u201cCROSS\u201d (<a href=\"https:\/\/www.iserlohn.de\/kultur\/volkshochschule\/projekte\/projekt-cross\" target=\"_blank\" rel=\"nofollow\">https:\/\/www.iserlohn.de\/kultur\/volkshochschule\/projekte\/projekt-cross<\/a>), gracias al cual la responsable de la Biblioteca, ha conocido dos bibliotecas p\u00fablicas europeas, la Biblioteca Stadb\u00fccherei de Iserlhon, en Alemania y la Biblioteca Mestna Knjiznica de Kranj, en Eslovenia, durante el a\u00f1o 2019. Una de las\u00a0 buenas pr\u00e1cticas observadas en estas dos bibliotecas, fue la actividad de una estanter\u00eda solidaria.<\/p>\n<p>Para este a\u00f1o y dentro de las actividades para el D\u00eda del Libro, presentamos este proyecto <strong>\u201cEstanter\u00eda con coraz\u00f3n\u201d, <\/strong>con el que por un peque\u00f1o donativo, los usuarios podr\u00e1n llevarse a casa un libro descartado por nuestra biblioteca. La recaudaci\u00f3n, en este primer a\u00f1o,\u00a0 ser\u00e1 para<strong> ASPRONA PLENA INCLUSI\u00d3N de Caudete. Los libros est\u00e1n situados en una estanter\u00eda se\u00f1alizada en la entrada de la biblioteca.<\/strong><\/p>\n<p>La idea es que este proyecto se prolongue a lo largo de varios a\u00f1os, y que cada a\u00f1o, el destinatario del dinero recaudado sea una asociaci\u00f3n\u00a0 sociosanitaria local diferente.<\/p>\n<p><a href=\"https:\/\/www.caudete.org\/ayuntamiento\/wp-content\/uploads\/2021\/04\/fotonotaprensa-scaled.jpg\" rel='prettyPhoto'><img fetchpriority=\"high\" decoding=\"async\" class=\"aligncenter wp-image-13877 size-medium\" src=\"https:\/\/www.caudete.org\/ayuntamiento\/wp-content\/uploads\/2021\/04\/fotonotaprensa-225x300.jpg\" alt=\"\" width=\"225\" height=\"300\" srcset=\"https:\/\/www.caudete.org\/ayuntamiento\/wp-content\/uploads\/2021\/04\/fotonotaprensa-225x300.jpg 225w, https:\/\/www.caudete.org\/ayuntamiento\/wp-content\/uploads\/2021\/04\/fotonotaprensa-768x1024.jpg 768w, https:\/\/www.caudete.org\/ayuntamiento\/wp-content\/uploads\/2021\/04\/fotonotaprensa-1152x1536.jpg 1152w, https:\/\/www.caudete.org\/ayuntamiento\/wp-content\/uploads\/2021\/04\/fotonotaprensa-1536x2048.jpg 1536w, https:\/\/www.caudete.org\/ayuntamiento\/wp-content\/uploads\/2021\/04\/fotonotaprensa-scaled.jpg 1920w\" sizes=\"(max-width: 225px) 100vw, 225px\" \/><\/a><\/p>\n<p><a href=\"https:\/\/www.caudete.org\/ayuntamiento\/wp-content\/uploads\/2021\/04\/ESTANTERIA-CON-CORAZON.jpg\" rel='prettyPhoto'><img decoding=\"async\" class=\"aligncenter wp-image-13876 size-medium\" src=\"https:\/\/www.caudete.org\/ayuntamiento\/wp-content\/uploads\/2021\/04\/ESTANTERIA-CON-CORAZON-212x300.jpg\" alt=\"\" width=\"212\" height=\"300\" srcset=\"https:\/\/www.caudete.org\/ayuntamiento\/wp-content\/uploads\/2021\/04\/ESTANTERIA-CON-CORAZON-212x300.jpg 212w, https:\/\/www.caudete.org\/ayuntamiento\/wp-content\/uploads\/2021\/04\/ESTANTERIA-CON-CORAZON-724x1024.jpg 724w, https:\/\/www.caudete.org\/ayuntamiento\/wp-content\/uploads\/2021\/04\/ESTANTERIA-CON-CORAZON-768x1086.jpg 768w, https:\/\/www.caudete.org\/ayuntamiento\/wp-content\/uploads\/2021\/04\/ESTANTERIA-CON-CORAZON-1086x1536.jpg 1086w, https:\/\/www.caudete.org\/ayuntamiento\/wp-content\/uploads\/2021\/04\/ESTANTERIA-CON-CORAZON-1448x2048.jpg 1448w, https:\/\/www.caudete.org\/ayuntamiento\/wp-content\/uploads\/2021\/04\/ESTANTERIA-CON-CORAZON.jpg 1587w\" sizes=\"(max-width: 212px) 100vw, 212px\" \/><\/a><\/p>\n","protected":false},"excerpt":{"rendered":"<p>Desde la Concejal\u00eda de Cultura del M. I. Ayuntamiento de Caudete, a trav\u00e9s de la Biblioteca P\u00fablica Municipal Ana Mar\u00eda Matute,\u00a0\u00a0 se ha presentado por parte de Felipe Ba\u00f1\u00f3n, Concejal de Cultura y Maribel Hern\u00e1ndez, portavoz de ASPRONA PLENA INCLUSI\u00d3N de Caudete, \u00a0la iniciativa\u00a0 llamada \u201cEstanter\u00eda con coraz\u00f3n\u201d. La Biblioteca de Caudete participa en el &hellip;<\/p>\n","protected":false},"author":2,"featured_media":13875,"comment_status":"closed","ping_status":"open","sticky":false,"template":"","format":"standard","meta":{"ngg_post_thumbnail":0,"footnotes":""},"categories":[14],"tags":[600,602,601],"class_list":["post-13873","post","type-post","status-publish","format-standard","has-post-thumbnail","hentry","category-cultura","tag-asprona-plena-inclusion","tag-biblioteca-publica-caudete","tag-estanteria-con-corazon"],"yoast_head":"<!-- This site is optimized with the Yoast SEO plugin v27.5 - https:\/\/yoast.com\/product\/yoast-seo-wordpress\/ -->\n<title>Presentada en la Biblioteca P\u00fablica la iniciativa \u201cESTANTER\u00cdA CON CORAZ\u00d3N\u201d - MI Ayuntamiento de Caudete<\/title>\n<meta name=\"description\" content=\"P\u00e1gina Oficial del Ayuntamiento de Caudete (Albacete)\" \/>\n<meta name=\"robots\" content=\"index, follow, max-snippet:-1, max-image-preview:large, max-video-preview:-1\" \/>\n<link rel=\"canonical\" href=\"https:\/\/www.caudete.org\/ayuntamiento\/presentada-en-la-biblioteca-publica-la-iniciativa-estanteria-con-corazon\/\" \/>\n<meta property=\"og:locale\" content=\"es_ES\" \/>\n<meta property=\"og:type\" content=\"article\" \/>\n<meta property=\"og:title\" content=\"Presentada en la Biblioteca P\u00fablica la iniciativa \u201cESTANTER\u00cdA CON CORAZ\u00d3N\u201d - MI Ayuntamiento de Caudete\" \/>\n<meta property=\"og:description\" content=\"P\u00e1gina Oficial del Ayuntamiento de Caudete (Albacete)\" \/>\n<meta property=\"og:url\" content=\"https:\/\/www.caudete.org\/ayuntamiento\/presentada-en-la-biblioteca-publica-la-iniciativa-estanteria-con-corazon\/\" \/>\n<meta property=\"og:site_name\" content=\"MI Ayuntamiento de Caudete\" \/>\n<meta property=\"article:publisher\" content=\"https:\/\/www.facebook.com\/ayuntamientocaudete\/\" \/>\n<meta property=\"article:published_time\" content=\"2021-04-15T11:27:40+00:00\" \/>\n<meta property=\"article:modified_time\" content=\"2021-04-15T11:48:13+00:00\" \/>\n<meta property=\"og:image\" content=\"https:\/\/www.caudete.org\/ayuntamiento\/wp-content\/uploads\/2021\/04\/CARTEL-WEB-ESTANTERIA-CON-CORAZON.jpg\" \/>\n\t<meta property=\"og:image:width\" content=\"864\" \/>\n\t<meta property=\"og:image:height\" content=\"380\" \/>\n\t<meta property=\"og:image:type\" content=\"image\/jpeg\" \/>\n<meta name=\"author\" content=\"Juan\" \/>\n<meta name=\"twitter:card\" content=\"summary_large_image\" \/>\n<meta name=\"twitter:label1\" content=\"Escrito por\" \/>\n\t<meta name=\"twitter:data1\" content=\"Juan\" \/>\n\t<meta name=\"twitter:label2\" content=\"Tiempo de lectura\" \/>\n\t<meta name=\"twitter:data2\" content=\"2 minutos\" \/>\n<script type=\"application\/ld+json\" class=\"yoast-schema-graph\">{\"@context\":\"https:\\\/\\\/schema.org\",\"@graph\":[{\"@type\":\"Article\",\"@id\":\"https:\\\/\\\/www.caudete.org\\\/ayuntamiento\\\/presentada-en-la-biblioteca-publica-la-iniciativa-estanteria-con-corazon\\\/#article\",\"isPartOf\":{\"@id\":\"https:\\\/\\\/www.caudete.org\\\/ayuntamiento\\\/presentada-en-la-biblioteca-publica-la-iniciativa-estanteria-con-corazon\\\/\"},\"author\":{\"name\":\"Juan\",\"@id\":\"https:\\\/\\\/www.caudete.org\\\/ayuntamiento\\\/#\\\/schema\\\/person\\\/7656a5bb58fca95b9814e940de0fda63\"},\"headline\":\"Presentada en la Biblioteca P\u00fablica la iniciativa \u201cESTANTER\u00cdA CON CORAZ\u00d3N\u201d\",\"datePublished\":\"2021-04-15T11:27:40+00:00\",\"dateModified\":\"2021-04-15T11:48:13+00:00\",\"mainEntityOfPage\":{\"@id\":\"https:\\\/\\\/www.caudete.org\\\/ayuntamiento\\\/presentada-en-la-biblioteca-publica-la-iniciativa-estanteria-con-corazon\\\/\"},\"wordCount\":252,\"image\":{\"@id\":\"https:\\\/\\\/www.caudete.org\\\/ayuntamiento\\\/presentada-en-la-biblioteca-publica-la-iniciativa-estanteria-con-corazon\\\/#primaryimage\"},\"thumbnailUrl\":\"https:\\\/\\\/www.caudete.org\\\/ayuntamiento\\\/wp-content\\\/uploads\\\/2021\\\/04\\\/CARTEL-WEB-ESTANTERIA-CON-CORAZON.jpg\",\"keywords\":[\"Asprona Plena Inclusion\",\"Biblioteca P\u00fablica Caudete\",\"Estanter\u00eda con coraz\u00f3n\"],\"articleSection\":[\"Cultura\"],\"inLanguage\":\"es\"},{\"@type\":\"WebPage\",\"@id\":\"https:\\\/\\\/www.caudete.org\\\/ayuntamiento\\\/presentada-en-la-biblioteca-publica-la-iniciativa-estanteria-con-corazon\\\/\",\"url\":\"https:\\\/\\\/www.caudete.org\\\/ayuntamiento\\\/presentada-en-la-biblioteca-publica-la-iniciativa-estanteria-con-corazon\\\/\",\"name\":\"Presentada en la Biblioteca P\u00fablica la iniciativa \u201cESTANTER\u00cdA CON CORAZ\u00d3N\u201d - MI Ayuntamiento de Caudete\",\"isPartOf\":{\"@id\":\"https:\\\/\\\/www.caudete.org\\\/ayuntamiento\\\/#website\"},\"primaryImageOfPage\":{\"@id\":\"https:\\\/\\\/www.caudete.org\\\/ayuntamiento\\\/presentada-en-la-biblioteca-publica-la-iniciativa-estanteria-con-corazon\\\/#primaryimage\"},\"image\":{\"@id\":\"https:\\\/\\\/www.caudete.org\\\/ayuntamiento\\\/presentada-en-la-biblioteca-publica-la-iniciativa-estanteria-con-corazon\\\/#primaryimage\"},\"thumbnailUrl\":\"https:\\\/\\\/www.caudete.org\\\/ayuntamiento\\\/wp-content\\\/uploads\\\/2021\\\/04\\\/CARTEL-WEB-ESTANTERIA-CON-CORAZON.jpg\",\"datePublished\":\"2021-04-15T11:27:40+00:00\",\"dateModified\":\"2021-04-15T11:48:13+00:00\",\"author\":{\"@id\":\"https:\\\/\\\/www.caudete.org\\\/ayuntamiento\\\/#\\\/schema\\\/person\\\/7656a5bb58fca95b9814e940de0fda63\"},\"description\":\"P\u00e1gina Oficial del Ayuntamiento de Caudete (Albacete)\",\"breadcrumb\":{\"@id\":\"https:\\\/\\\/www.caudete.org\\\/ayuntamiento\\\/presentada-en-la-biblioteca-publica-la-iniciativa-estanteria-con-corazon\\\/#breadcrumb\"},\"inLanguage\":\"es\",\"potentialAction\":[{\"@type\":\"ReadAction\",\"target\":[\"https:\\\/\\\/www.caudete.org\\\/ayuntamiento\\\/presentada-en-la-biblioteca-publica-la-iniciativa-estanteria-con-corazon\\\/\"]}]},{\"@type\":\"ImageObject\",\"inLanguage\":\"es\",\"@id\":\"https:\\\/\\\/www.caudete.org\\\/ayuntamiento\\\/presentada-en-la-biblioteca-publica-la-iniciativa-estanteria-con-corazon\\\/#primaryimage\",\"url\":\"https:\\\/\\\/www.caudete.org\\\/ayuntamiento\\\/wp-content\\\/uploads\\\/2021\\\/04\\\/CARTEL-WEB-ESTANTERIA-CON-CORAZON.jpg\",\"contentUrl\":\"https:\\\/\\\/www.caudete.org\\\/ayuntamiento\\\/wp-content\\\/uploads\\\/2021\\\/04\\\/CARTEL-WEB-ESTANTERIA-CON-CORAZON.jpg\",\"width\":864,\"height\":380},{\"@type\":\"BreadcrumbList\",\"@id\":\"https:\\\/\\\/www.caudete.org\\\/ayuntamiento\\\/presentada-en-la-biblioteca-publica-la-iniciativa-estanteria-con-corazon\\\/#breadcrumb\",\"itemListElement\":[{\"@type\":\"ListItem\",\"position\":1,\"name\":\"Inicio\",\"item\":\"https:\\\/\\\/www.caudete.org\\\/ayuntamiento\\\/\"},{\"@type\":\"ListItem\",\"position\":2,\"name\":\"Presentada en la Biblioteca P\u00fablica la iniciativa \u201cESTANTER\u00cdA CON CORAZ\u00d3N\u201d\"}]},{\"@type\":\"WebSite\",\"@id\":\"https:\\\/\\\/www.caudete.org\\\/ayuntamiento\\\/#website\",\"url\":\"https:\\\/\\\/www.caudete.org\\\/ayuntamiento\\\/\",\"name\":\"MI Ayuntamiento de Caudete\",\"description\":\"P\u00e1gina Oficial del MI Ayuntamiento de Caudete\",\"potentialAction\":[{\"@type\":\"SearchAction\",\"target\":{\"@type\":\"EntryPoint\",\"urlTemplate\":\"https:\\\/\\\/www.caudete.org\\\/ayuntamiento\\\/?s={search_term_string}\"},\"query-input\":{\"@type\":\"PropertyValueSpecification\",\"valueRequired\":true,\"valueName\":\"search_term_string\"}}],\"inLanguage\":\"es\"},{\"@type\":\"Person\",\"@id\":\"https:\\\/\\\/www.caudete.org\\\/ayuntamiento\\\/#\\\/schema\\\/person\\\/7656a5bb58fca95b9814e940de0fda63\",\"name\":\"Juan\",\"image\":{\"@type\":\"ImageObject\",\"inLanguage\":\"es\",\"@id\":\"https:\\\/\\\/secure.gravatar.com\\\/avatar\\\/dd53e51c0cd6ab23f52d4f3e4f1c59730240727763de3dbbf26750b079a2c292?s=96&d=mm&r=g\",\"url\":\"https:\\\/\\\/secure.gravatar.com\\\/avatar\\\/dd53e51c0cd6ab23f52d4f3e4f1c59730240727763de3dbbf26750b079a2c292?s=96&d=mm&r=g\",\"contentUrl\":\"https:\\\/\\\/secure.gravatar.com\\\/avatar\\\/dd53e51c0cd6ab23f52d4f3e4f1c59730240727763de3dbbf26750b079a2c292?s=96&d=mm&r=g\",\"caption\":\"Juan\"},\"url\":\"https:\\\/\\\/www.caudete.org\\\/ayuntamiento\\\/author\\\/centrodeinternet\\\/\"}]}<\/script>\n<!-- \/ Yoast SEO plugin. -->","yoast_head_json":{"title":"Presentada en la Biblioteca P\u00fablica la iniciativa \u201cESTANTER\u00cdA CON CORAZ\u00d3N\u201d - MI Ayuntamiento de Caudete","description":"P\u00e1gina Oficial del Ayuntamiento de Caudete (Albacete)","robots":{"index":"index","follow":"follow","max-snippet":"max-snippet:-1","max-image-preview":"max-image-preview:large","max-video-preview":"max-video-preview:-1"},"canonical":"https:\/\/www.caudete.org\/ayuntamiento\/presentada-en-la-biblioteca-publica-la-iniciativa-estanteria-con-corazon\/","og_locale":"es_ES","og_type":"article","og_title":"Presentada en la Biblioteca P\u00fablica la iniciativa \u201cESTANTER\u00cdA CON CORAZ\u00d3N\u201d - MI Ayuntamiento de Caudete","og_description":"P\u00e1gina Oficial del Ayuntamiento de Caudete (Albacete)","og_url":"https:\/\/www.caudete.org\/ayuntamiento\/presentada-en-la-biblioteca-publica-la-iniciativa-estanteria-con-corazon\/","og_site_name":"MI Ayuntamiento de Caudete","article_publisher":"https:\/\/www.facebook.com\/ayuntamientocaudete\/","article_published_time":"2021-04-15T11:27:40+00:00","article_modified_time":"2021-04-15T11:48:13+00:00","og_image":[{"width":864,"height":380,"url":"https:\/\/www.caudete.org\/ayuntamiento\/wp-content\/uploads\/2021\/04\/CARTEL-WEB-ESTANTERIA-CON-CORAZON.jpg","type":"image\/jpeg"}],"author":"Juan","twitter_card":"summary_large_image","twitter_misc":{"Escrito por":"Juan","Tiempo de lectura":"2 minutos"},"schema":{"@context":"https:\/\/schema.org","@graph":[{"@type":"Article","@id":"https:\/\/www.caudete.org\/ayuntamiento\/presentada-en-la-biblioteca-publica-la-iniciativa-estanteria-con-corazon\/#article","isPartOf":{"@id":"https:\/\/www.caudete.org\/ayuntamiento\/presentada-en-la-biblioteca-publica-la-iniciativa-estanteria-con-corazon\/"},"author":{"name":"Juan","@id":"https:\/\/www.caudete.org\/ayuntamiento\/#\/schema\/person\/7656a5bb58fca95b9814e940de0fda63"},"headline":"Presentada en la Biblioteca P\u00fablica la iniciativa \u201cESTANTER\u00cdA CON CORAZ\u00d3N\u201d","datePublished":"2021-04-15T11:27:40+00:00","dateModified":"2021-04-15T11:48:13+00:00","mainEntityOfPage":{"@id":"https:\/\/www.caudete.org\/ayuntamiento\/presentada-en-la-biblioteca-publica-la-iniciativa-estanteria-con-corazon\/"},"wordCount":252,"image":{"@id":"https:\/\/www.caudete.org\/ayuntamiento\/presentada-en-la-biblioteca-publica-la-iniciativa-estanteria-con-corazon\/#primaryimage"},"thumbnailUrl":"https:\/\/www.caudete.org\/ayuntamiento\/wp-content\/uploads\/2021\/04\/CARTEL-WEB-ESTANTERIA-CON-CORAZON.jpg","keywords":["Asprona Plena Inclusion","Biblioteca P\u00fablica Caudete","Estanter\u00eda con coraz\u00f3n"],"articleSection":["Cultura"],"inLanguage":"es"},{"@type":"WebPage","@id":"https:\/\/www.caudete.org\/ayuntamiento\/presentada-en-la-biblioteca-publica-la-iniciativa-estanteria-con-corazon\/","url":"https:\/\/www.caudete.org\/ayuntamiento\/presentada-en-la-biblioteca-publica-la-iniciativa-estanteria-con-corazon\/","name":"Presentada en la Biblioteca P\u00fablica la iniciativa \u201cESTANTER\u00cdA CON CORAZ\u00d3N\u201d - MI Ayuntamiento de Caudete","isPartOf":{"@id":"https:\/\/www.caudete.org\/ayuntamiento\/#website"},"primaryImageOfPage":{"@id":"https:\/\/www.caudete.org\/ayuntamiento\/presentada-en-la-biblioteca-publica-la-iniciativa-estanteria-con-corazon\/#primaryimage"},"image":{"@id":"https:\/\/www.caudete.org\/ayuntamiento\/presentada-en-la-biblioteca-publica-la-iniciativa-estanteria-con-corazon\/#primaryimage"},"thumbnailUrl":"https:\/\/www.caudete.org\/ayuntamiento\/wp-content\/uploads\/2021\/04\/CARTEL-WEB-ESTANTERIA-CON-CORAZON.jpg","datePublished":"2021-04-15T11:27:40+00:00","dateModified":"2021-04-15T11:48:13+00:00","author":{"@id":"https:\/\/www.caudete.org\/ayuntamiento\/#\/schema\/person\/7656a5bb58fca95b9814e940de0fda63"},"description":"P\u00e1gina Oficial del Ayuntamiento de Caudete (Albacete)","breadcrumb":{"@id":"https:\/\/www.caudete.org\/ayuntamiento\/presentada-en-la-biblioteca-publica-la-iniciativa-estanteria-con-corazon\/#breadcrumb"},"inLanguage":"es","potentialAction":[{"@type":"ReadAction","target":["https:\/\/www.caudete.org\/ayuntamiento\/presentada-en-la-biblioteca-publica-la-iniciativa-estanteria-con-corazon\/"]}]},{"@type":"ImageObject","inLanguage":"es","@id":"https:\/\/www.caudete.org\/ayuntamiento\/presentada-en-la-biblioteca-publica-la-iniciativa-estanteria-con-corazon\/#primaryimage","url":"https:\/\/www.caudete.org\/ayuntamiento\/wp-content\/uploads\/2021\/04\/CARTEL-WEB-ESTANTERIA-CON-CORAZON.jpg","contentUrl":"https:\/\/www.caudete.org\/ayuntamiento\/wp-content\/uploads\/2021\/04\/CARTEL-WEB-ESTANTERIA-CON-CORAZON.jpg","width":864,"height":380},{"@type":"BreadcrumbList","@id":"https:\/\/www.caudete.org\/ayuntamiento\/presentada-en-la-biblioteca-publica-la-iniciativa-estanteria-con-corazon\/#breadcrumb","itemListElement":[{"@type":"ListItem","position":1,"name":"Inicio","item":"https:\/\/www.caudete.org\/ayuntamiento\/"},{"@type":"ListItem","position":2,"name":"Presentada en la Biblioteca P\u00fablica la iniciativa \u201cESTANTER\u00cdA CON CORAZ\u00d3N\u201d"}]},{"@type":"WebSite","@id":"https:\/\/www.caudete.org\/ayuntamiento\/#website","url":"https:\/\/www.caudete.org\/ayuntamiento\/","name":"MI Ayuntamiento de Caudete","description":"P\u00e1gina Oficial del MI Ayuntamiento de Caudete","potentialAction":[{"@type":"SearchAction","target":{"@type":"EntryPoint","urlTemplate":"https:\/\/www.caudete.org\/ayuntamiento\/?s={search_term_string}"},"query-input":{"@type":"PropertyValueSpecification","valueRequired":true,"valueName":"search_term_string"}}],"inLanguage":"es"},{"@type":"Person","@id":"https:\/\/www.caudete.org\/ayuntamiento\/#\/schema\/person\/7656a5bb58fca95b9814e940de0fda63","name":"Juan","image":{"@type":"ImageObject","inLanguage":"es","@id":"https:\/\/secure.gravatar.com\/avatar\/dd53e51c0cd6ab23f52d4f3e4f1c59730240727763de3dbbf26750b079a2c292?s=96&d=mm&r=g","url":"https:\/\/secure.gravatar.com\/avatar\/dd53e51c0cd6ab23f52d4f3e4f1c59730240727763de3dbbf26750b079a2c292?s=96&d=mm&r=g","contentUrl":"https:\/\/secure.gravatar.com\/avatar\/dd53e51c0cd6ab23f52d4f3e4f1c59730240727763de3dbbf26750b079a2c292?s=96&d=mm&r=g","caption":"Juan"},"url":"https:\/\/www.caudete.org\/ayuntamiento\/author\/centrodeinternet\/"}]}},"_links":{"self":[{"href":"https:\/\/www.caudete.org\/ayuntamiento\/wp-json\/wp\/v2\/posts\/13873","targetHints":{"allow":["GET"]}}],"collection":[{"href":"https:\/\/www.caudete.org\/ayuntamiento\/wp-json\/wp\/v2\/posts"}],"about":[{"href":"https:\/\/www.caudete.org\/ayuntamiento\/wp-json\/wp\/v2\/types\/post"}],"author":[{"embeddable":true,"href":"https:\/\/www.caudete.org\/ayuntamiento\/wp-json\/wp\/v2\/users\/2"}],"replies":[{"embeddable":true,"href":"https:\/\/www.caudete.org\/ayuntamiento\/wp-json\/wp\/v2\/comments?post=13873"}],"version-history":[{"count":5,"href":"https:\/\/www.caudete.org\/ayuntamiento\/wp-json\/wp\/v2\/posts\/13873\/revisions"}],"predecessor-version":[{"id":13895,"href":"https:\/\/www.caudete.org\/ayuntamiento\/wp-json\/wp\/v2\/posts\/13873\/revisions\/13895"}],"wp:featuredmedia":[{"embeddable":true,"href":"https:\/\/www.caudete.org\/ayuntamiento\/wp-json\/wp\/v2\/media\/13875"}],"wp:attachment":[{"href":"https:\/\/www.caudete.org\/ayuntamiento\/wp-json\/wp\/v2\/media?parent=13873"}],"wp:term":[{"taxonomy":"category","embeddable":true,"href":"https:\/\/www.caudete.org\/ayuntamiento\/wp-json\/wp\/v2\/categories?post=13873"},{"taxonomy":"post_tag","embeddable":true,"href":"https:\/\/www.caudete.org\/ayuntamiento\/wp-json\/wp\/v2\/tags?post=13873"}],"curies":[{"name":"wp","href":"https:\/\/api.w.org\/{rel}","templated":true}]}}