{"id":13884,"date":"2021-04-15T13:38:53","date_gmt":"2021-04-15T11:38:53","guid":{"rendered":"https:\/\/www.caudete.org\/ayuntamiento\/?p=13884"},"modified":"2021-04-15T15:06:47","modified_gmt":"2021-04-15T13:06:47","slug":"celebramos-el-dia-del-libro-con-una-variada-programacion-de-actividades","status":"publish","type":"post","link":"https:\/\/www.caudete.org\/ayuntamiento\/celebramos-el-dia-del-libro-con-una-variada-programacion-de-actividades\/","title":{"rendered":"Celebramos EL D\u00cdA DEL LIBRO con una variada programaci\u00f3n de actividades"},"content":{"rendered":"<p>Desde la Concejal\u00eda de Cultura del M. I Ayuntamiento de Caudete, a trav\u00e9s de la Biblioteca P\u00fablica Municipal Ana Mar\u00eda Matute, celebramos el D\u00eda del Libro del a\u00f1o 2021, con una programaci\u00f3n adaptada a la situaci\u00f3n\u00a0 actual, debido a la Covid-19.<\/p>\n<p>Comenzaremos las actividades con la presentaci\u00f3n del proyecto <strong>Estanter\u00eda con coraz\u00f3n, <\/strong>con el que por un peque\u00f1o donativo, los usuarios podr\u00e1n llevarse a casa un libro descartado por nuestra biblioteca. La recaudaci\u00f3n, en este primer a\u00f1o,\u00a0 ser\u00e1 para<strong> ASPRONA PLENA INCLUSI\u00d3N de Caudete.<\/strong><\/p>\n<p>Contaremos con varios <strong>Encuentros virtuales dentro del proyecto LECTIBE<\/strong>, del que somos socios, y en el que participa el Colegio Amor de Dios, con el club de lectura Lectibe de 3\u00ba de la E.S.O. Ser\u00e1n encuentros\u00a0 con la escritora<strong> Mar\u00eda Mart\u00ednez, con Juan Arcones,\u00a0 tambi\u00e9n escritor y con Aldo M\u00e9ndez, narrador oral.<\/strong><\/p>\n<p>Realizaremos un <strong>Marat\u00f3n Virtual del Lazarillo de Tormes,<\/strong> con la colaboraci\u00f3n de escolares de infantil, primaria, secundaria, miembros de\u00a0 clubes de lectura\u00a0 y adultos. Se realizar\u00e1 un video\u00a0 que se emitir\u00e1 por nuestras redes sociales y Caudete Televisi\u00f3n.<\/p>\n<p>Disfrutaremos\u00a0 con\u00a0 la entrega de premios de la XXIV <strong>edici\u00f3n del Certamen Literario Evaristo Ba\u00f1\u00f3n<\/strong>\u00a0 el s\u00e1bado 24\u00a0 de abril a las 18:30 horas, en el Auditorio Municipal,<strong> con\u00a0 un\u00a0 <\/strong><strong>Cuentacuentos familiar a cargo de Paula Carbonell<\/strong><strong>.<\/strong><\/p>\n<p>Contaremos con una sesi\u00f3n\u00a0 virtual de <strong>La Hora del cuento desde casa<\/strong>, el jueves 29 de abril a las 19:30, con la colaboraci\u00f3n de las <strong>cuenteras del club de lectura Olvidado Rey Gud\u00fa de la Biblioteca.<\/strong><\/p>\n<p>Y para mayo, gracias al programa de animaci\u00f3n a la lectura de la Diputaci\u00f3n de Albacete,\u00a0 tendremos varios <strong>Encuentros virtuales con&#8230; las escritoras Raquel D\u00edaz Reguera y Ana Campoy<\/strong>, concertados con los centros educativos. Y cerraremos el mes con un <strong>Encuentro virtual con&#8230; Care Santos,<\/strong> reconocida escritora\u00a0 que charlar\u00e1,\u00a0 v\u00eda online,\u00a0 con nuestros clubes de lectura de adultos.<\/p>\n<p>Todas \u00e9stas, tanto las actividades online, como las presenciales, est\u00e1n supeditadas a situaci\u00f3n sanitaria del COVID-19<\/p>\n<p>Desde la Biblioteca se ha editado un folleto que contiene nuestra programaci\u00f3n, y que este a\u00f1o cuenta con\u00a0 un emotivo\u00a0 <strong>Manifiesto del D\u00eda del Libro escrito por Jes\u00fas Carrasco\u00a0 y un cartel realizado por el ilustrador Juan Carlos Paz (Bakea)<\/strong>. Se puede consultar la programaci\u00f3n y seguir los diferentes eventos\u00a0 por nuestros canales de informaci\u00f3n como la web municipal y diferentes redes sociales como <strong>Facebook, Twitter, Instagram, Youtube y Tik Tok, buscando la cuenta de @Caudetebiblio.<\/strong><\/p>\n<p style=\"text-align: center;\"><strong>FOLLETO SEMANA DEL LIBRO Clic aqu\u00ed<\/strong><\/p>\n<p style=\"text-align: center;\"><a href=\"https:\/\/www.caudete.org\/ayuntamiento\/wp-content\/uploads\/2021\/04\/Folleto-Semana-del-Libro-2021.pdf\" class=\"mtli_attachment mtli_pdf\">https:\/\/www.caudete.org\/ayuntamiento\/wp-content\/uploads\/2021\/04\/Folleto-Semana-del-Libro-2021.pdf<\/a><\/p>\n<p>&nbsp;<\/p>\n<p><a href=\"https:\/\/www.caudete.org\/ayuntamiento\/wp-content\/uploads\/2021\/04\/1-1.jpg\" rel='prettyPhoto'><img fetchpriority=\"high\" decoding=\"async\" class=\"aligncenter wp-image-13889 size-medium\" src=\"https:\/\/www.caudete.org\/ayuntamiento\/wp-content\/uploads\/2021\/04\/1-1-212x300.jpg\" alt=\"\" width=\"212\" height=\"300\" srcset=\"https:\/\/www.caudete.org\/ayuntamiento\/wp-content\/uploads\/2021\/04\/1-1-212x300.jpg 212w, https:\/\/www.caudete.org\/ayuntamiento\/wp-content\/uploads\/2021\/04\/1-1-724x1024.jpg 724w, https:\/\/www.caudete.org\/ayuntamiento\/wp-content\/uploads\/2021\/04\/1-1-768x1086.jpg 768w, https:\/\/www.caudete.org\/ayuntamiento\/wp-content\/uploads\/2021\/04\/1-1-1086x1536.jpg 1086w, https:\/\/www.caudete.org\/ayuntamiento\/wp-content\/uploads\/2021\/04\/1-1.jpg 1414w\" sizes=\"(max-width: 212px) 100vw, 212px\" \/><\/a>\u00a0 \u00a0 <a href=\"https:\/\/www.caudete.org\/ayuntamiento\/wp-content\/uploads\/2021\/04\/6.jpg\" rel='prettyPhoto'><img decoding=\"async\" class=\"aligncenter wp-image-13890 size-medium\" src=\"https:\/\/www.caudete.org\/ayuntamiento\/wp-content\/uploads\/2021\/04\/6-212x300.jpg\" alt=\"\" width=\"212\" height=\"300\" srcset=\"https:\/\/www.caudete.org\/ayuntamiento\/wp-content\/uploads\/2021\/04\/6-212x300.jpg 212w, https:\/\/www.caudete.org\/ayuntamiento\/wp-content\/uploads\/2021\/04\/6-724x1024.jpg 724w, https:\/\/www.caudete.org\/ayuntamiento\/wp-content\/uploads\/2021\/04\/6-768x1086.jpg 768w, https:\/\/www.caudete.org\/ayuntamiento\/wp-content\/uploads\/2021\/04\/6-1086x1536.jpg 1086w, https:\/\/www.caudete.org\/ayuntamiento\/wp-content\/uploads\/2021\/04\/6.jpg 1414w\" sizes=\"(max-width: 212px) 100vw, 212px\" \/><\/a><\/p>\n<p><a href=\"https:\/\/www.caudete.org\/ayuntamiento\/wp-content\/uploads\/2021\/04\/1-1.jpg\" rel='prettyPhoto'>\u00a0<\/a><\/p>\n<p>&nbsp;<\/p>\n<p>&nbsp;<\/p>\n<p>&nbsp;<\/p>\n","protected":false},"excerpt":{"rendered":"<p>Desde la Concejal\u00eda de Cultura del M. I Ayuntamiento de Caudete, a trav\u00e9s de la Biblioteca P\u00fablica Municipal Ana Mar\u00eda Matute, celebramos el D\u00eda del Libro del a\u00f1o 2021, con una programaci\u00f3n adaptada a la situaci\u00f3n\u00a0 actual, debido a la Covid-19. Comenzaremos las actividades con la presentaci\u00f3n del proyecto Estanter\u00eda con coraz\u00f3n, con el que &hellip;<\/p>\n","protected":false},"author":2,"featured_media":13879,"comment_status":"closed","ping_status":"open","sticky":false,"template":"","format":"standard","meta":{"ngg_post_thumbnail":0,"footnotes":""},"categories":[14],"tags":[604,603],"class_list":["post-13884","post","type-post","status-publish","format-standard","has-post-thumbnail","hentry","category-cultura","tag-biblioteca-publica-ana-maria-matute","tag-dia-del-libro"],"yoast_head":"<!-- This site is optimized with the Yoast SEO plugin v27.5 - https:\/\/yoast.com\/product\/yoast-seo-wordpress\/ -->\n<title>Celebramos EL D\u00cdA DEL LIBRO con una variada programaci\u00f3n de actividades - MI Ayuntamiento de Caudete<\/title>\n<meta name=\"description\" content=\"P\u00e1gina Oficial del Ayuntamiento de Caudete (Albacete)\" \/>\n<meta name=\"robots\" content=\"index, follow, max-snippet:-1, max-image-preview:large, max-video-preview:-1\" \/>\n<link rel=\"canonical\" href=\"https:\/\/www.caudete.org\/ayuntamiento\/celebramos-el-dia-del-libro-con-una-variada-programacion-de-actividades\/\" \/>\n<meta property=\"og:locale\" content=\"es_ES\" \/>\n<meta property=\"og:type\" content=\"article\" \/>\n<meta property=\"og:title\" content=\"Celebramos EL D\u00cdA DEL LIBRO con una variada programaci\u00f3n de actividades - MI Ayuntamiento de Caudete\" \/>\n<meta property=\"og:description\" content=\"P\u00e1gina Oficial del Ayuntamiento de Caudete (Albacete)\" \/>\n<meta property=\"og:url\" content=\"https:\/\/www.caudete.org\/ayuntamiento\/celebramos-el-dia-del-libro-con-una-variada-programacion-de-actividades\/\" \/>\n<meta property=\"og:site_name\" content=\"MI Ayuntamiento de Caudete\" \/>\n<meta property=\"article:publisher\" content=\"https:\/\/www.facebook.com\/ayuntamientocaudete\/\" \/>\n<meta property=\"article:published_time\" content=\"2021-04-15T11:38:53+00:00\" \/>\n<meta property=\"article:modified_time\" content=\"2021-04-15T13:06:47+00:00\" \/>\n<meta property=\"og:image\" content=\"https:\/\/www.caudete.org\/ayuntamiento\/wp-content\/uploads\/2021\/04\/CARTEL-SEMANA-DEL-LIBRO-WEB.jpg\" \/>\n\t<meta property=\"og:image:width\" content=\"864\" \/>\n\t<meta property=\"og:image:height\" content=\"380\" \/>\n\t<meta property=\"og:image:type\" content=\"image\/jpeg\" \/>\n<meta name=\"author\" content=\"Juan\" \/>\n<meta name=\"twitter:card\" content=\"summary_large_image\" \/>\n<meta name=\"twitter:label1\" content=\"Escrito por\" \/>\n\t<meta name=\"twitter:data1\" content=\"Juan\" \/>\n\t<meta name=\"twitter:label2\" content=\"Tiempo de lectura\" \/>\n\t<meta name=\"twitter:data2\" content=\"3 minutos\" \/>\n<script type=\"application\/ld+json\" class=\"yoast-schema-graph\">{\"@context\":\"https:\\\/\\\/schema.org\",\"@graph\":[{\"@type\":\"Article\",\"@id\":\"https:\\\/\\\/www.caudete.org\\\/ayuntamiento\\\/celebramos-el-dia-del-libro-con-una-variada-programacion-de-actividades\\\/#article\",\"isPartOf\":{\"@id\":\"https:\\\/\\\/www.caudete.org\\\/ayuntamiento\\\/celebramos-el-dia-del-libro-con-una-variada-programacion-de-actividades\\\/\"},\"author\":{\"name\":\"Juan\",\"@id\":\"https:\\\/\\\/www.caudete.org\\\/ayuntamiento\\\/#\\\/schema\\\/person\\\/7656a5bb58fca95b9814e940de0fda63\"},\"headline\":\"Celebramos EL D\u00cdA DEL LIBRO con una variada programaci\u00f3n de actividades\",\"datePublished\":\"2021-04-15T11:38:53+00:00\",\"dateModified\":\"2021-04-15T13:06:47+00:00\",\"mainEntityOfPage\":{\"@id\":\"https:\\\/\\\/www.caudete.org\\\/ayuntamiento\\\/celebramos-el-dia-del-libro-con-una-variada-programacion-de-actividades\\\/\"},\"wordCount\":466,\"publisher\":{\"@id\":\"https:\\\/\\\/www.caudete.org\\\/ayuntamiento\\\/#organization\"},\"image\":{\"@id\":\"https:\\\/\\\/www.caudete.org\\\/ayuntamiento\\\/celebramos-el-dia-del-libro-con-una-variada-programacion-de-actividades\\\/#primaryimage\"},\"thumbnailUrl\":\"https:\\\/\\\/www.caudete.org\\\/ayuntamiento\\\/wp-content\\\/uploads\\\/2021\\\/04\\\/CARTEL-SEMANA-DEL-LIBRO-WEB.jpg\",\"keywords\":[\"Biblioteca P\u00fablica Ana Mar\u00eda Matute\",\"D\u00eda del libro\"],\"articleSection\":[\"Cultura\"],\"inLanguage\":\"es\"},{\"@type\":\"WebPage\",\"@id\":\"https:\\\/\\\/www.caudete.org\\\/ayuntamiento\\\/celebramos-el-dia-del-libro-con-una-variada-programacion-de-actividades\\\/\",\"url\":\"https:\\\/\\\/www.caudete.org\\\/ayuntamiento\\\/celebramos-el-dia-del-libro-con-una-variada-programacion-de-actividades\\\/\",\"name\":\"Celebramos EL D\u00cdA DEL LIBRO con una variada programaci\u00f3n de actividades - MI Ayuntamiento de Caudete\",\"isPartOf\":{\"@id\":\"https:\\\/\\\/www.caudete.org\\\/ayuntamiento\\\/#website\"},\"primaryImageOfPage\":{\"@id\":\"https:\\\/\\\/www.caudete.org\\\/ayuntamiento\\\/celebramos-el-dia-del-libro-con-una-variada-programacion-de-actividades\\\/#primaryimage\"},\"image\":{\"@id\":\"https:\\\/\\\/www.caudete.org\\\/ayuntamiento\\\/celebramos-el-dia-del-libro-con-una-variada-programacion-de-actividades\\\/#primaryimage\"},\"thumbnailUrl\":\"https:\\\/\\\/www.caudete.org\\\/ayuntamiento\\\/wp-content\\\/uploads\\\/2021\\\/04\\\/CARTEL-SEMANA-DEL-LIBRO-WEB.jpg\",\"datePublished\":\"2021-04-15T11:38:53+00:00\",\"dateModified\":\"2021-04-15T13:06:47+00:00\",\"description\":\"P\u00e1gina Oficial del Ayuntamiento de Caudete (Albacete)\",\"breadcrumb\":{\"@id\":\"https:\\\/\\\/www.caudete.org\\\/ayuntamiento\\\/celebramos-el-dia-del-libro-con-una-variada-programacion-de-actividades\\\/#breadcrumb\"},\"inLanguage\":\"es\",\"potentialAction\":[{\"@type\":\"ReadAction\",\"target\":[\"https:\\\/\\\/www.caudete.org\\\/ayuntamiento\\\/celebramos-el-dia-del-libro-con-una-variada-programacion-de-actividades\\\/\"]}]},{\"@type\":\"ImageObject\",\"inLanguage\":\"es\",\"@id\":\"https:\\\/\\\/www.caudete.org\\\/ayuntamiento\\\/celebramos-el-dia-del-libro-con-una-variada-programacion-de-actividades\\\/#primaryimage\",\"url\":\"https:\\\/\\\/www.caudete.org\\\/ayuntamiento\\\/wp-content\\\/uploads\\\/2021\\\/04\\\/CARTEL-SEMANA-DEL-LIBRO-WEB.jpg\",\"contentUrl\":\"https:\\\/\\\/www.caudete.org\\\/ayuntamiento\\\/wp-content\\\/uploads\\\/2021\\\/04\\\/CARTEL-SEMANA-DEL-LIBRO-WEB.jpg\",\"width\":864,\"height\":380},{\"@type\":\"BreadcrumbList\",\"@id\":\"https:\\\/\\\/www.caudete.org\\\/ayuntamiento\\\/celebramos-el-dia-del-libro-con-una-variada-programacion-de-actividades\\\/#breadcrumb\",\"itemListElement\":[{\"@type\":\"ListItem\",\"position\":1,\"name\":\"Inicio\",\"item\":\"https:\\\/\\\/www.caudete.org\\\/ayuntamiento\\\/\"},{\"@type\":\"ListItem\",\"position\":2,\"name\":\"Celebramos EL D\u00cdA DEL LIBRO con una variada programaci\u00f3n de actividades\"}]},{\"@type\":\"WebSite\",\"@id\":\"https:\\\/\\\/www.caudete.org\\\/ayuntamiento\\\/#website\",\"url\":\"https:\\\/\\\/www.caudete.org\\\/ayuntamiento\\\/\",\"name\":\"MI Ayuntamiento de Caudete\",\"description\":\"P\u00e1gina Oficial del MI Ayuntamiento de Caudete\",\"publisher\":{\"@id\":\"https:\\\/\\\/www.caudete.org\\\/ayuntamiento\\\/#organization\"},\"potentialAction\":[{\"@type\":\"SearchAction\",\"target\":{\"@type\":\"EntryPoint\",\"urlTemplate\":\"https:\\\/\\\/www.caudete.org\\\/ayuntamiento\\\/?s={search_term_string}\"},\"query-input\":{\"@type\":\"PropertyValueSpecification\",\"valueRequired\":true,\"valueName\":\"search_term_string\"}}],\"inLanguage\":\"es\"},{\"@type\":\"Organization\",\"@id\":\"https:\\\/\\\/www.caudete.org\\\/ayuntamiento\\\/#organization\",\"name\":\"Ayuntamiento de Caudete\",\"url\":\"https:\\\/\\\/www.caudete.org\\\/ayuntamiento\\\/\",\"logo\":{\"@type\":\"ImageObject\",\"inLanguage\":\"es\",\"@id\":\"https:\\\/\\\/www.caudete.org\\\/ayuntamiento\\\/#\\\/schema\\\/logo\\\/image\\\/\",\"url\":\"https:\\\/\\\/www.caudete.org\\\/ayuntamiento\\\/wp-content\\\/uploads\\\/2020\\\/11\\\/logo_ayuntamiento_caudete.jpg\",\"contentUrl\":\"https:\\\/\\\/www.caudete.org\\\/ayuntamiento\\\/wp-content\\\/uploads\\\/2020\\\/11\\\/logo_ayuntamiento_caudete.jpg\",\"width\":600,\"height\":150,\"caption\":\"Ayuntamiento de Caudete\"},\"image\":{\"@id\":\"https:\\\/\\\/www.caudete.org\\\/ayuntamiento\\\/#\\\/schema\\\/logo\\\/image\\\/\"},\"sameAs\":[\"https:\\\/\\\/www.facebook.com\\\/ayuntamientocaudete\\\/\",\"https:\\\/\\\/www.youtube.com\\\/channel\\\/UC6VztHaooNsGpw-tNoBEFnQ\"]},{\"@type\":\"Person\",\"@id\":\"https:\\\/\\\/www.caudete.org\\\/ayuntamiento\\\/#\\\/schema\\\/person\\\/7656a5bb58fca95b9814e940de0fda63\",\"name\":\"Juan\",\"image\":{\"@type\":\"ImageObject\",\"inLanguage\":\"es\",\"@id\":\"https:\\\/\\\/secure.gravatar.com\\\/avatar\\\/dd53e51c0cd6ab23f52d4f3e4f1c59730240727763de3dbbf26750b079a2c292?s=96&d=mm&r=g\",\"url\":\"https:\\\/\\\/secure.gravatar.com\\\/avatar\\\/dd53e51c0cd6ab23f52d4f3e4f1c59730240727763de3dbbf26750b079a2c292?s=96&d=mm&r=g\",\"contentUrl\":\"https:\\\/\\\/secure.gravatar.com\\\/avatar\\\/dd53e51c0cd6ab23f52d4f3e4f1c59730240727763de3dbbf26750b079a2c292?s=96&d=mm&r=g\",\"caption\":\"Juan\"},\"url\":\"https:\\\/\\\/www.caudete.org\\\/ayuntamiento\\\/author\\\/centrodeinternet\\\/\"}]}<\/script>\n<!-- \/ Yoast SEO plugin. -->","yoast_head_json":{"title":"Celebramos EL D\u00cdA DEL LIBRO con una variada programaci\u00f3n de actividades - MI Ayuntamiento de Caudete","description":"P\u00e1gina Oficial del Ayuntamiento de Caudete (Albacete)","robots":{"index":"index","follow":"follow","max-snippet":"max-snippet:-1","max-image-preview":"max-image-preview:large","max-video-preview":"max-video-preview:-1"},"canonical":"https:\/\/www.caudete.org\/ayuntamiento\/celebramos-el-dia-del-libro-con-una-variada-programacion-de-actividades\/","og_locale":"es_ES","og_type":"article","og_title":"Celebramos EL D\u00cdA DEL LIBRO con una variada programaci\u00f3n de actividades - MI Ayuntamiento de Caudete","og_description":"P\u00e1gina Oficial del Ayuntamiento de Caudete (Albacete)","og_url":"https:\/\/www.caudete.org\/ayuntamiento\/celebramos-el-dia-del-libro-con-una-variada-programacion-de-actividades\/","og_site_name":"MI Ayuntamiento de Caudete","article_publisher":"https:\/\/www.facebook.com\/ayuntamientocaudete\/","article_published_time":"2021-04-15T11:38:53+00:00","article_modified_time":"2021-04-15T13:06:47+00:00","og_image":[{"width":864,"height":380,"url":"https:\/\/www.caudete.org\/ayuntamiento\/wp-content\/uploads\/2021\/04\/CARTEL-SEMANA-DEL-LIBRO-WEB.jpg","type":"image\/jpeg"}],"author":"Juan","twitter_card":"summary_large_image","twitter_misc":{"Escrito por":"Juan","Tiempo de lectura":"3 minutos"},"schema":{"@context":"https:\/\/schema.org","@graph":[{"@type":"Article","@id":"https:\/\/www.caudete.org\/ayuntamiento\/celebramos-el-dia-del-libro-con-una-variada-programacion-de-actividades\/#article","isPartOf":{"@id":"https:\/\/www.caudete.org\/ayuntamiento\/celebramos-el-dia-del-libro-con-una-variada-programacion-de-actividades\/"},"author":{"name":"Juan","@id":"https:\/\/www.caudete.org\/ayuntamiento\/#\/schema\/person\/7656a5bb58fca95b9814e940de0fda63"},"headline":"Celebramos EL D\u00cdA DEL LIBRO con una variada programaci\u00f3n de actividades","datePublished":"2021-04-15T11:38:53+00:00","dateModified":"2021-04-15T13:06:47+00:00","mainEntityOfPage":{"@id":"https:\/\/www.caudete.org\/ayuntamiento\/celebramos-el-dia-del-libro-con-una-variada-programacion-de-actividades\/"},"wordCount":466,"publisher":{"@id":"https:\/\/www.caudete.org\/ayuntamiento\/#organization"},"image":{"@id":"https:\/\/www.caudete.org\/ayuntamiento\/celebramos-el-dia-del-libro-con-una-variada-programacion-de-actividades\/#primaryimage"},"thumbnailUrl":"https:\/\/www.caudete.org\/ayuntamiento\/wp-content\/uploads\/2021\/04\/CARTEL-SEMANA-DEL-LIBRO-WEB.jpg","keywords":["Biblioteca P\u00fablica Ana Mar\u00eda Matute","D\u00eda del libro"],"articleSection":["Cultura"],"inLanguage":"es"},{"@type":"WebPage","@id":"https:\/\/www.caudete.org\/ayuntamiento\/celebramos-el-dia-del-libro-con-una-variada-programacion-de-actividades\/","url":"https:\/\/www.caudete.org\/ayuntamiento\/celebramos-el-dia-del-libro-con-una-variada-programacion-de-actividades\/","name":"Celebramos EL D\u00cdA DEL LIBRO con una variada programaci\u00f3n de actividades - MI Ayuntamiento de Caudete","isPartOf":{"@id":"https:\/\/www.caudete.org\/ayuntamiento\/#website"},"primaryImageOfPage":{"@id":"https:\/\/www.caudete.org\/ayuntamiento\/celebramos-el-dia-del-libro-con-una-variada-programacion-de-actividades\/#primaryimage"},"image":{"@id":"https:\/\/www.caudete.org\/ayuntamiento\/celebramos-el-dia-del-libro-con-una-variada-programacion-de-actividades\/#primaryimage"},"thumbnailUrl":"https:\/\/www.caudete.org\/ayuntamiento\/wp-content\/uploads\/2021\/04\/CARTEL-SEMANA-DEL-LIBRO-WEB.jpg","datePublished":"2021-04-15T11:38:53+00:00","dateModified":"2021-04-15T13:06:47+00:00","description":"P\u00e1gina Oficial del Ayuntamiento de Caudete (Albacete)","breadcrumb":{"@id":"https:\/\/www.caudete.org\/ayuntamiento\/celebramos-el-dia-del-libro-con-una-variada-programacion-de-actividades\/#breadcrumb"},"inLanguage":"es","potentialAction":[{"@type":"ReadAction","target":["https:\/\/www.caudete.org\/ayuntamiento\/celebramos-el-dia-del-libro-con-una-variada-programacion-de-actividades\/"]}]},{"@type":"ImageObject","inLanguage":"es","@id":"https:\/\/www.caudete.org\/ayuntamiento\/celebramos-el-dia-del-libro-con-una-variada-programacion-de-actividades\/#primaryimage","url":"https:\/\/www.caudete.org\/ayuntamiento\/wp-content\/uploads\/2021\/04\/CARTEL-SEMANA-DEL-LIBRO-WEB.jpg","contentUrl":"https:\/\/www.caudete.org\/ayuntamiento\/wp-content\/uploads\/2021\/04\/CARTEL-SEMANA-DEL-LIBRO-WEB.jpg","width":864,"height":380},{"@type":"BreadcrumbList","@id":"https:\/\/www.caudete.org\/ayuntamiento\/celebramos-el-dia-del-libro-con-una-variada-programacion-de-actividades\/#breadcrumb","itemListElement":[{"@type":"ListItem","position":1,"name":"Inicio","item":"https:\/\/www.caudete.org\/ayuntamiento\/"},{"@type":"ListItem","position":2,"name":"Celebramos EL D\u00cdA DEL LIBRO con una variada programaci\u00f3n de actividades"}]},{"@type":"WebSite","@id":"https:\/\/www.caudete.org\/ayuntamiento\/#website","url":"https:\/\/www.caudete.org\/ayuntamiento\/","name":"MI Ayuntamiento de Caudete","description":"P\u00e1gina Oficial del MI Ayuntamiento de Caudete","publisher":{"@id":"https:\/\/www.caudete.org\/ayuntamiento\/#organization"},"potentialAction":[{"@type":"SearchAction","target":{"@type":"EntryPoint","urlTemplate":"https:\/\/www.caudete.org\/ayuntamiento\/?s={search_term_string}"},"query-input":{"@type":"PropertyValueSpecification","valueRequired":true,"valueName":"search_term_string"}}],"inLanguage":"es"},{"@type":"Organization","@id":"https:\/\/www.caudete.org\/ayuntamiento\/#organization","name":"Ayuntamiento de Caudete","url":"https:\/\/www.caudete.org\/ayuntamiento\/","logo":{"@type":"ImageObject","inLanguage":"es","@id":"https:\/\/www.caudete.org\/ayuntamiento\/#\/schema\/logo\/image\/","url":"https:\/\/www.caudete.org\/ayuntamiento\/wp-content\/uploads\/2020\/11\/logo_ayuntamiento_caudete.jpg","contentUrl":"https:\/\/www.caudete.org\/ayuntamiento\/wp-content\/uploads\/2020\/11\/logo_ayuntamiento_caudete.jpg","width":600,"height":150,"caption":"Ayuntamiento de Caudete"},"image":{"@id":"https:\/\/www.caudete.org\/ayuntamiento\/#\/schema\/logo\/image\/"},"sameAs":["https:\/\/www.facebook.com\/ayuntamientocaudete\/","https:\/\/www.youtube.com\/channel\/UC6VztHaooNsGpw-tNoBEFnQ"]},{"@type":"Person","@id":"https:\/\/www.caudete.org\/ayuntamiento\/#\/schema\/person\/7656a5bb58fca95b9814e940de0fda63","name":"Juan","image":{"@type":"ImageObject","inLanguage":"es","@id":"https:\/\/secure.gravatar.com\/avatar\/dd53e51c0cd6ab23f52d4f3e4f1c59730240727763de3dbbf26750b079a2c292?s=96&d=mm&r=g","url":"https:\/\/secure.gravatar.com\/avatar\/dd53e51c0cd6ab23f52d4f3e4f1c59730240727763de3dbbf26750b079a2c292?s=96&d=mm&r=g","contentUrl":"https:\/\/secure.gravatar.com\/avatar\/dd53e51c0cd6ab23f52d4f3e4f1c59730240727763de3dbbf26750b079a2c292?s=96&d=mm&r=g","caption":"Juan"},"url":"https:\/\/www.caudete.org\/ayuntamiento\/author\/centrodeinternet\/"}]}},"_links":{"self":[{"href":"https:\/\/www.caudete.org\/ayuntamiento\/wp-json\/wp\/v2\/posts\/13884","targetHints":{"allow":["GET"]}}],"collection":[{"href":"https:\/\/www.caudete.org\/ayuntamiento\/wp-json\/wp\/v2\/posts"}],"about":[{"href":"https:\/\/www.caudete.org\/ayuntamiento\/wp-json\/wp\/v2\/types\/post"}],"author":[{"embeddable":true,"href":"https:\/\/www.caudete.org\/ayuntamiento\/wp-json\/wp\/v2\/users\/2"}],"replies":[{"embeddable":true,"href":"https:\/\/www.caudete.org\/ayuntamiento\/wp-json\/wp\/v2\/comments?post=13884"}],"version-history":[{"count":9,"href":"https:\/\/www.caudete.org\/ayuntamiento\/wp-json\/wp\/v2\/posts\/13884\/revisions"}],"predecessor-version":[{"id":13900,"href":"https:\/\/www.caudete.org\/ayuntamiento\/wp-json\/wp\/v2\/posts\/13884\/revisions\/13900"}],"wp:featuredmedia":[{"embeddable":true,"href":"https:\/\/www.caudete.org\/ayuntamiento\/wp-json\/wp\/v2\/media\/13879"}],"wp:attachment":[{"href":"https:\/\/www.caudete.org\/ayuntamiento\/wp-json\/wp\/v2\/media?parent=13884"}],"wp:term":[{"taxonomy":"category","embeddable":true,"href":"https:\/\/www.caudete.org\/ayuntamiento\/wp-json\/wp\/v2\/categories?post=13884"},{"taxonomy":"post_tag","embeddable":true,"href":"https:\/\/www.caudete.org\/ayuntamiento\/wp-json\/wp\/v2\/tags?post=13884"}],"curies":[{"name":"wp","href":"https:\/\/api.w.org\/{rel}","templated":true}]}}